{"id":204969,"date":"2014-05-25T10:33:26","date_gmt":"2014-05-25T07:33:26","guid":{"rendered":"https:\/\/analyse.optim.biz\/?p=204969"},"modified":"2014-05-25T10:33:26","modified_gmt":"2014-05-25T07:33:26","slug":"foto-elena-basescu-la-vot-cu-sofia-anais","status":"publish","type":"post","link":"https:\/\/analyse.optim.biz\/?p=204969","title":{"rendered":"FOTO. Elena B\u0103sescu, la vot cu Sofia Anais"},"content":{"rendered":"<div class=\"entry data-app-meta data-app-meta-article\" data-embed-base-url-canonical=\"https:\/\/www.digi24.ro\/embed\/stiri\/actualitate\/politica\/foto-elena-basescu-la-vot-cu-sofia-anais-247425\">\n<p data-index=\"1\">\u00a0<img decoding=\"async\" src=\"https:\/\/analyse.optim.biz\/wp-content\/uploads\/2024\/09\/mwy3oguyzwy4nja5yjyyota3mdq2zgjmmtjknjk3oa-thumb_.jpg\" data-skip-htmlfix=\"1\" title=\"mwy3oguyzwy4nja5yjyyota3mdq2zgjmmtjknjk3oa-thumb_\"><\/p>\n<p data-index=\"2\">\u201e<span>Am fost de diminea\u0163\u0103 \u015fi am votat pentru viitorul copilului meu, pentru toate lucrurile \u00een care cred: o \u0163ar\u0103 cu o Justi\u0163ie independent\u0103, cu un stat de drept func\u0163ional, cu oportunit\u0103\u0163i \u015fi \u015fanse pentru to\u0163i rom\u00e2nii \u015fi ideea general\u0103 de mai bine pentru noi to\u0163i, locuri de munc\u0103 pentru tineri\u201d, a scris Elena B\u0103sescu, pe pagina de Facebook.\u00a0<\/span><\/p>\n<p data-index=\"3\"><img decoding=\"async\" src=\"https:\/\/analyse.optim.biz\/wp-content\/uploads\/2024\/09\/yty5ntk0nthjmjq0ymnly2q0ntnlywqwowq4ndk1za-thumb_.jpg\" data-skip-htmlfix=\"1\" title=\"yty5ntk0nthjmjq0ymnly2q0ntnlywqwowq4ndk1za-thumb_\"><\/p>\n<p data-index=\"4\"><img decoding=\"async\" src=\"https:\/\/analyse.optim.biz\/wp-content\/uploads\/2024\/09\/ytnlmmu2ntc4zwm4ngy1ntu5mwy1mgy1y2jhymfmnw-thumb_.jpg\" data-skip-htmlfix=\"1\" title=\"ytnlmmu2ntc4zwm4ngy1ntu5mwy1mgy1y2jhymfmnw-thumb_\"><\/p>\n<\/div>\n<p> Source URL: https:\/\/www.digi24.ro\/stiri\/actualitate\/politica\/foto-elena-basescu-la-vot-cu-sofia-anais-247425<\/p>\n","protected":false},"excerpt":{"rendered":"<p>\u00a0 \u201eAm fost de diminea\u0163\u0103 \u015fi am votat pentru viitorul copilului meu, pentru toate lucrurile \u00een care cred: o \u0163ar\u0103 cu o Justi\u0163ie independent\u0103, cu un stat de drept func\u0163ional, cu oportunit\u0103\u0163i \u015fi \u015fanse pentru to\u0163i rom\u00e2nii \u015fi ideea general\u0103 de mai bine pentru noi to\u0163i, locuri de munc\u0103 pentru tineri\u201d, a scris Elena B\u0103sescu, [&hellip;]<\/p>\n","protected":false},"author":1,"featured_media":204970,"comment_status":"open","ping_status":"","sticky":false,"template":"","format":"standard","meta":{"footnotes":""},"categories":[2],"tags":[11],"class_list":["post-204969","post","type-post","status-publish","format-standard","has-post-thumbnail","hentry","category-politics","tag-digi24"],"_links":{"self":[{"href":"https:\/\/analyse.optim.biz\/index.php?rest_route=\/wp\/v2\/posts\/204969","targetHints":{"allow":["GET"]}}],"collection":[{"href":"https:\/\/analyse.optim.biz\/index.php?rest_route=\/wp\/v2\/posts"}],"about":[{"href":"https:\/\/analyse.optim.biz\/index.php?rest_route=\/wp\/v2\/types\/post"}],"author":[{"embeddable":true,"href":"https:\/\/analyse.optim.biz\/index.php?rest_route=\/wp\/v2\/users\/1"}],"replies":[{"embeddable":true,"href":"https:\/\/analyse.optim.biz\/index.php?rest_route=%2Fwp%2Fv2%2Fcomments&post=204969"}],"version-history":[{"count":0,"href":"https:\/\/analyse.optim.biz\/index.php?rest_route=\/wp\/v2\/posts\/204969\/revisions"}],"wp:featuredmedia":[{"embeddable":true,"href":"https:\/\/analyse.optim.biz\/index.php?rest_route=\/wp\/v2\/media\/204970"}],"wp:attachment":[{"href":"https:\/\/analyse.optim.biz\/index.php?rest_route=%2Fwp%2Fv2%2Fmedia&parent=204969"}],"wp:term":[{"taxonomy":"category","embeddable":true,"href":"https:\/\/analyse.optim.biz\/index.php?rest_route=%2Fwp%2Fv2%2Fcategories&post=204969"},{"taxonomy":"post_tag","embeddable":true,"href":"https:\/\/analyse.optim.biz\/index.php?rest_route=%2Fwp%2Fv2%2Ftags&post=204969"}],"curies":[{"name":"wp","href":"https:\/\/api.w.org\/{rel}","templated":true}]}}