{"id":204963,"date":"2014-05-25T11:56:29","date_gmt":"2014-05-25T08:56:29","guid":{"rendered":"https:\/\/analyse.optim.biz\/?p=204963"},"modified":"2014-05-25T11:56:29","modified_gmt":"2014-05-25T08:56:29","slug":"politia-dambovita-sesizata-cu-privire-la-autocolante-cu-mesaje-denigratoare-la-adresa-psd","status":"publish","type":"post","link":"https:\/\/analyse.optim.biz\/?p=204963","title":{"rendered":"Poli\u0163ia D\u00e2mbovi\u0163a, sesizat\u0103 cu privire la autocolante cu mesaje denigratoare la adresa PSD"},"content":{"rendered":"<div class=\"entry data-app-meta data-app-meta-article\" data-embed-base-url-canonical=\"https:\/\/www.digi24.ro\/embed\/stiri\/actualitate\/politica\/politia-dambovita-sesizata-cu-privire-la-autocolante-cu-mesaje-denigratoare-la-adresa-psd-247447\">\n<p data-index=\"1\">\u00a0<img decoding=\"async\" src=\"https:\/\/analyse.optim.biz\/wp-content\/uploads\/2024\/09\/c2g9owq2owrkyzi4njnhy2q4nznmowm0owyznmewmtlmztc-thumb_.jpg\" data-skip-htmlfix=\"1\" title=\"c2g9owq2owrkyzi4njnhy2q4nznmowm0owyznmewmtlmztc-thumb_\"><\/p>\n<p data-index=\"2\">Pre\u015fedintele PSD D\u00e2mbovi\u0163a, Adrian \u0162u\u0163uianu, a anun\u0163at, duminic\u0103, \u00eentr-o conferin\u0163\u0103 de pres\u0103, c\u0103 organiza\u0163ia pe care o conduce a formulat pl\u00e2ngere penal\u0103 c\u0103tre Poli\u0163ia Jude\u0163ean\u0103 D\u00e2mbovi\u0163a, precum \u015fi pl\u00e2ngere c\u0103tre Biroul Electoral Jude\u0163ean dup\u0103 ce \u00een cursul nop\u0163ii de s\u00e2mb\u0103t\u0103 spre duminic\u0103 mai ma\u015fini au fost vandalizate \u00een mai multe localit\u0103\u0163i, pe acestea fiind lipite autocolante greu de dezlipit, care con\u0163in mesaje denigratoare la adresa lui Victor Ponta \u015fi a PSD. <\/p>\n<p data-index=\"3\">\u201e<span>Informa\u0163iile \u015fi datele din acest moment ofer\u0103 certitudinea c\u0103 \u00een spatele acestor ac\u0163iuni reprobabile se afl\u0103 Partidul Na\u0163ional Liberal D\u00e2mbovi\u0163a \u015fi pre\u015fedintele Mihail Volintiru. Astfel, \u00een ora\u015ful G\u0103e\u015fti au fost identificate patru persoane cunoscute drept membri ai Partidului Na\u0163ional Liberal, iar la R\u0103cari au fost identificate dou\u0103 persoane care au declarat, la momentul prinderii \u00een flagrant, c\u0103 au fost trimise de Mihail Volintiru s\u0103 lipeasc\u0103 aceste autocolante\u201d, se arat\u0103 \u00eentr-un comunicat de pres\u0103.<\/span><\/p>\n<p data-index=\"4\">Poli\u0163ia D\u00e2mbovi\u0163a a confirmat c\u0103 au fost primite sesiz\u0103ri privind incidente de campanie electoral\u0103 \u015fi c\u0103 au \u00eenceput cercet\u0103rile \u00een urma pl\u00e2ngerilor primite, reprezentan\u0163ii institu\u0163iei nepreciz\u00e2nd despre ce sesiz\u0103ri este vorba.<\/p>\n<p data-index=\"5\">Biroul Electoral Jude\u0163ean D\u00e2mbovi\u0163a a anun\u0163at c\u0103 a transmis c\u0103tre Inspectoratul de Poli\u0163ie Jude\u0163ean D\u00e2mbovi\u0163a sesizarea PSD privind lipirea de autocolante cu mesaje denigratoare, solu\u0163ionarea acesteia nefiind de competen\u0163a Biroului Electoral.<\/p>\n<\/div>\n<p> Source URL: https:\/\/www.digi24.ro\/stiri\/actualitate\/politica\/politia-dambovita-sesizata-cu-privire-la-autocolante-cu-mesaje-denigratoare-la-adresa-psd-247447<\/p>\n","protected":false},"excerpt":{"rendered":"<p>\u00a0 Pre\u015fedintele PSD D\u00e2mbovi\u0163a, Adrian \u0162u\u0163uianu, a anun\u0163at, duminic\u0103, \u00eentr-o conferin\u0163\u0103 de pres\u0103, c\u0103 organiza\u0163ia pe care o conduce a formulat pl\u00e2ngere penal\u0103 c\u0103tre Poli\u0163ia Jude\u0163ean\u0103 D\u00e2mbovi\u0163a, precum \u015fi pl\u00e2ngere c\u0103tre Biroul Electoral Jude\u0163ean dup\u0103 ce \u00een cursul nop\u0163ii de s\u00e2mb\u0103t\u0103 spre duminic\u0103 mai ma\u015fini au fost vandalizate \u00een mai multe localit\u0103\u0163i, pe acestea fiind [&hellip;]<\/p>\n","protected":false},"author":1,"featured_media":204964,"comment_status":"open","ping_status":"","sticky":false,"template":"","format":"standard","meta":{"footnotes":""},"categories":[2],"tags":[11],"class_list":["post-204963","post","type-post","status-publish","format-standard","has-post-thumbnail","hentry","category-politics","tag-digi24"],"_links":{"self":[{"href":"https:\/\/analyse.optim.biz\/index.php?rest_route=\/wp\/v2\/posts\/204963","targetHints":{"allow":["GET"]}}],"collection":[{"href":"https:\/\/analyse.optim.biz\/index.php?rest_route=\/wp\/v2\/posts"}],"about":[{"href":"https:\/\/analyse.optim.biz\/index.php?rest_route=\/wp\/v2\/types\/post"}],"author":[{"embeddable":true,"href":"https:\/\/analyse.optim.biz\/index.php?rest_route=\/wp\/v2\/users\/1"}],"replies":[{"embeddable":true,"href":"https:\/\/analyse.optim.biz\/index.php?rest_route=%2Fwp%2Fv2%2Fcomments&post=204963"}],"version-history":[{"count":0,"href":"https:\/\/analyse.optim.biz\/index.php?rest_route=\/wp\/v2\/posts\/204963\/revisions"}],"wp:featuredmedia":[{"embeddable":true,"href":"https:\/\/analyse.optim.biz\/index.php?rest_route=\/wp\/v2\/media\/204964"}],"wp:attachment":[{"href":"https:\/\/analyse.optim.biz\/index.php?rest_route=%2Fwp%2Fv2%2Fmedia&parent=204963"}],"wp:term":[{"taxonomy":"category","embeddable":true,"href":"https:\/\/analyse.optim.biz\/index.php?rest_route=%2Fwp%2Fv2%2Fcategories&post=204963"},{"taxonomy":"post_tag","embeddable":true,"href":"https:\/\/analyse.optim.biz\/index.php?rest_route=%2Fwp%2Fv2%2Ftags&post=204963"}],"curies":[{"name":"wp","href":"https:\/\/api.w.org\/{rel}","templated":true}]}}