{"id":2049467,"date":"2026-07-18T00:00:00","date_gmt":"2026-07-17T21:00:00","guid":{"rendered":"https:\/\/analyse.optim.biz\/?p=2049467"},"modified":"2026-07-18T00:00:00","modified_gmt":"2026-07-17T21:00:00","slug":"huit-ans-dattente-pour-un-coup-de-coeur-le-porsche-cayman-design-edition-1-votre-porsche-votre-histoire","status":"publish","type":"post","link":"https:\/\/analyse.optim.biz\/?p=2049467","title":{"rendered":"Huit ans d\u2019attente pour un coup de c\u0153ur, le Porsche Cayman Design Edition 1\u00a0: Votre Porsche, votre histoire"},"content":{"rendered":"<div id=\"brxe-lipmib\" class=\"brxe-post-content\">\n<p><strong>Ing\u00e9nieur en g\u00e9nie industriel originaire du Cotentin, L\u00e9o a\u00a0mis huit ans \u00e0\u00a0concr\u00e9tiser son r\u00eave avant de craquer, presque par hasard, pour un Cayman 987 Porsche Design Edition 1. Une affaire de patience, de passion et de Porsche, voici son histoire. <\/strong><\/p>\n<h2>Une passion n\u00e9e devant les 24 Heures du Mans<\/h2>\n<p>Les 24 Heures du Mans sont toujours la source de bon nombre d\u2019anecdotes et il arrive qu\u2019elles permettent aussi la naissance de la passion Porsche. C\u2019est justement le cas de L\u00e9o, un jeune passionn\u00e9 de 24 ans, tomb\u00e9 amoureux de la marque allemande devant sa t\u00e9l\u00e9\u00a0: \u00ab\u00a0<em>C\u2019est en regardant cette course mythique que je me suis vraiment int\u00e9ress\u00e9 \u00e0\u00a0la marque. L\u2019esprit de comp\u00e9tition, le fait que Porsche soit le constructeur le plus titr\u00e9, \u00e7a a\u00a0aussi \u00e9norm\u00e9ment jou\u00e9\u2026<\/em> \u00bb.\u00a0 Plus largement, ce qui s\u00e9duit particuli\u00e8rement L\u00e9o, c\u2019est la simplicit\u00e9 et la rigueur de l\u2019habitacle des 911, dont un mod\u00e8le en particulier\u00a0: \u00ab\u00a0<em>Le fait d\u2019avoir une fonction, un bouton, c\u2019est tr\u00e8s allemand. Quand on voit la console de la 991, on a\u00a0vraiment ce c\u00f4t\u00e9 o\u00f9 on appuie sur un bouton et une fonction se d\u00e9clenche directement. C\u2019est tr\u00e8s carr\u00e9, tr\u00e8s germanique, c\u2019est vraiment \u00e7a qui m\u2019a attir\u00e9<\/em>\u00a0\u00bb, pr\u00e9cise-t-il.<\/p>\n<p><img loading=\"lazy\" decoding=\"async\" class=\"alignnone wp-image-63342\" src=\"https:\/\/www.flat6mag.com\/wp-content\/uploads\/2026\/07\/img_4113-copie-300x234.jpg\" alt=\"Cayman 987 S PDE\" width=\"932\" height=\"727\"><\/p>\n<h2>Un coup de c\u0153ur pour un Porsche Cayman en s\u00e9rie limit\u00e9e<\/h2>\n<p>Si son c\u0153ur penche d\u2019abord vers la 911, c\u2019est finalement vers un autre mod\u00e8le que L\u00e9o se tourne, le Cayman 987. La forme de la voiture et l\u2019\u00e9quilibre procur\u00e9 par le moteur central finissent par le convaincre\u00a0: \u00ab\u00a0<em>J\u2019aimais bien la forme, surtout les ailes arri\u00e8re, on retrouve cet aspect grenouille. Et puis, c\u2019est pareil pour le moteur central, la voiture est super bien \u00e9quilibr\u00e9e\u00a0!\u00a0<\/em>\u00bb<\/p>\n<p>Entre temps, les ann\u00e9es d\u00e9filent et L\u00e9o consulte les sites de petites annonces sans vraiment se lancer. C\u2019est finalement en novembre 2024 qu\u2019une offre change la donne, un <a href=\"https:\/\/www.flat6mag.com\/actualite\/quel-cayman-pour-quel-prix-en-2026\/\">Cayman 987<\/a> et sa d\u00e9clinaison Porsche Design Edition 1\u00a0: \u00ab\u00a0<em>\u00c7a a\u00a0\u00e9t\u00e9 le gros coup de c\u0153ur directement, parce qu\u2019il avait plein d\u2019options, qui, sur le mod\u00e8le, \u00e9taient de s\u00e9rie. J\u2019ai en plus les trois bandes qui traversent toute la voiture dans la longueur. Et franchement, c\u2019est trop cool<\/em>\u00a0\u00bb, explique-t-il enjou\u00e9, avant de souligner la sobri\u00e9t\u00e9 de la teinte choisie par Porsche pour cette s\u00e9rie limit\u00e9e\u00a0: \u00ab\u00a0<em>La couleur est quand m\u00eame assez sobre, donc c\u2019est passe-partout pour un mod\u00e8le qui est relativement voyant.<\/em> \u00bb<\/p>\n<p><img loading=\"lazy\" decoding=\"async\" class=\"alignnone wp-image-63343\" src=\"https:\/\/www.flat6mag.com\/wp-content\/uploads\/2026\/07\/cayman-987-s-pde-300x206.jpg\" alt=\"cayman 987 s pde\" width=\"999\" height=\"686\"><\/p>\n<h2>Une premi\u00e8re prise en main m\u00e9morable<\/h2>\n<p>Le moment de r\u00e9cup\u00e9rer sa voiture est toujours un moment particulier dans la vie d\u2019un porschiste et L\u00e9o n\u2019y fait exception. Le premier contact avec son Cayman 987 S\u00a0se fait pr\u00e8s de la fronti\u00e8re allemande, bien loin de son Cotentin natal\u00a0: \u00ab\u00a0<em>Je me souviens que c\u2019\u00e9tait la premi\u00e8re fois que je montais dans une voiture aussi basse et aussi large. Quand tu rentres dedans, tu te dis que c\u2019est une vraie voiture de sport, et tu sens qu\u2019elle a\u00a0\u00e9t\u00e9 con\u00e7ue pour \u00e7a. Ce n\u2019est pas la m\u00eame chose qu\u2019une Clio\u00a0! <\/em>\u00bb, raconte L\u00e9o avec ironie.<br \/>\nL\u2019apr\u00e8s-midi est consacr\u00e9 \u00e0\u00a0un premier tour sur l\u2019autoroute allemande, le jeune propri\u00e9taire y\u00a0d\u00e9couvre alors les sensations \u00e0\u00a0haute vitesse\u00a0: \u00ab<em>\u00a0\u00c0\u00a0un moment, j\u2019ai fait une petite pointe \u00e0\u00a0un peu plus de 250, c\u2019\u00e9tait vraiment g\u00e9nial, en plus avec le mode Sport, on la sens vraiment tr\u00e8s stable. J\u2019\u00e9tais vraiment impressionn\u00e9 par la robustesse et la stabilit\u00e9. C\u2019est litt\u00e9ralement comme un TGV sur des rails. <\/em>\u00bb<br \/>\nPlus largement, et lorsqu\u2019il se balade sur les petites routes de sa r\u00e9gion, L\u00e9o appr\u00e9cie tout particuli\u00e8rement le son et le plaisir que lui procure son Cayman 987 S\u00a0: \u00ab\u00a0<em>C\u2019est vraiment ce que je pr\u00e9f\u00e8re le plus dans la voiture, le son de l\u2019\u00e9chappement sport. Il y\u00a0a un syst\u00e8me de clapet, tu l\u2019ouvres et il lib\u00e8re tout le son du moteur. C\u2019est la porte ouverte au bonheur\u00a0!<\/em>\u00a0\u00bb<\/p>\n<p>Lorsque nous lui demandons quelle est la qualit\u00e9 principale de son Cayman, il r\u00e9pond sans h\u00e9siter\u00a0:\u00a0\u00ab\u00a0La stabilit\u00e9 du ch\u00e2ssis\u00a0! Il permet vraiment de passer les virages sereinement et de se dire que la voiture a\u00a0du grip. Elle est vraiment saine de conception, notamment avec le moteur en position centrale. C\u2019est une voiture vraiment bien \u00e9quilibr\u00e9e.\u00a0\u00bb<\/p>\n<p><img loading=\"lazy\" decoding=\"async\" class=\"alignnone wp-image-63345\" src=\"https:\/\/www.flat6mag.com\/wp-content\/uploads\/2026\/07\/porsche-cayman-987-300x243.jpg\" alt=\"porsche cayman 987\" width=\"993\" height=\"804\"><\/p>\n<h2>Une communaut\u00e9 avant tout<\/h2>\n<p>Pr\u00e8s de deux ans apr\u00e8s cet achat, le Normand dresse le bilan de sa vie avec sa premi\u00e8re Porsche, entre rencontres, <em>Cars &amp;\u00a0Coffee<\/em>, et \u00e9changes avec d\u2019autres passionn\u00e9s, la voiture l\u2019a finalement v\u00e9ritablement int\u00e9gr\u00e9 dans une communaut\u00e9\u00a0: \u00ab\u00a0<em>Porsche, c\u2019est vraiment une famille. Et ce n\u2019est pas qu\u2019une impression, car \u00e7a me permet de rencontrer des passionn\u00e9s, d\u2019\u00e9changer avec eux et de d\u00e9couvrir d\u2019autres histoires\u00a0!<\/em>\u00a0\u00bb<\/p>\n<p>Pour illustrer ces moments de partage, L\u00e9o tient \u00e0\u00a0nous faire part d\u2019une anecdote r\u00e9cente lors du Porsche Casting de Deauville\u00a0:\u00a0\u00ab\u00a0<em>Nous avions fait la parade lors de la derni\u00e8re \u00e9dition avec des amis. Ce que j\u2019ai particuli\u00e8rement appr\u00e9ci\u00e9, c\u2019\u00e9tait de pouvoir emmener les emmener et m\u00eame s\u2019ils ne sont pas forc\u00e9ment passionn\u00e9s de Porsche nous avons vraiment partag\u00e9s \u00e7a ensemble\u00a0!<\/em>\u00a0\u00bb, il ajoute\u00a0:\u00a0\u00ab\u00a0<em>On va \u00e0\u00a0un rassemblement de Porsche en Porsche et \u00e7a aussi, c\u2019est chouette\u00a0!\u00a0<\/em>\u00bb<\/p>\n<p><img decoding=\"async\" loading=\"lazy\" class=\"alignnone wp-image-63344 \" src=\"https:\/\/www.flat6mag.com\/wp-content\/uploads\/2026\/07\/cayman-987-s-pde-1-scaled-e1784308411578-300x228.jpg\" alt=\"cayman 987 s pde 1\" width=\"959\" height=\"729\"><\/p>\n<h2>Le Cayman aujourd\u2019hui et peut-\u00eatre une 911 demain\u00a0?<\/h2>\n<p>Si pour l\u2019heure, L\u00e9o est combl\u00e9 par l\u2019efficacit\u00e9 de son <a href=\"https:\/\/www.flat6mag.com\/actualite\/porsche-cayman-s-987-une-passion-partagee-votre-porsche-votre-histoire\/\">Cayman 987<\/a>, une 911 reste toujours dans un coin de sa t\u00eate\u00a0:\u00a0\u00ab\u00a0J\u2019aime beaucoup la 997, car son habitacle est similaire \u00e0\u00a0celui du Cayman\u00a0\u00bb. Bien que la 997 fasse s\u00fbrement l\u2019objet de son prochain achat, son r\u00eave ultime serait d\u2019un jour, avoir une 991 phase 2\u00a0GT3\u00a0!<\/p>\n<p>Au quotidien, le Cayman reste avant tout une voiture de plaisir, r\u00e9serv\u00e9e aux week-ends, aux \u00e9v\u00e9nements et surtout aux petites routes du Cotentin qu\u2019il appr\u00e9cie tant. C\u00f4t\u00e9 fiabilit\u00e9 et \u00e0\u00a0force d\u2019entretien r\u00e9gulier, L\u00e9o n\u2019a connu aucune mauvaise surprise depuis son achat.<\/p>\n<p>L\u00e9o conclut finalement\u00a0:\u00a0\u00ab\u00a0Il faut croire en ses r\u00eaves. Ils peuvent parfois prendre du temps \u00e0\u00a0se mettre en place, mais quand on fait les choses petit \u00e0\u00a0petit, \u00e7a marche\u00a0!\u00a0\u00bb<\/p>\n<p>Je remercie grandement L\u00e9o pour son histoire. Rendez-vous prochainement pour un nouvel \u00e9pisode de \u201c<a href=\"https:\/\/www.flat6mag.com\/act\/do\/tag\/votre-porsche-votre-histoire\/\">Votre\u00a0<\/a><a href=\"https:\/\/www.flat6mag.com\/act\/do\/tag\/votre-porsche-votre-histoire\/\">Porsche<\/a><a href=\"https:\/\/www.flat6mag.com\/act\/do\/tag\/votre-porsche-votre-histoire\/\">,<\/a><a href=\"https:\/\/www.flat6mag.com\/act\/do\/tag\/votre-porsche-votre-histoire\/\">\u00a0votre histoire<\/a>\u201d avec un nouveau propri\u00e9taire et une nouvelle Porsche. N\u2019h\u00e9sitez pas \u00e0\u00a0nous partager votre histoire par mail via cette adresse\u00a0:\u00a0<a href=\"mailto:mteff@flat6editions.fr\">mteff@flat6editions.fr<\/a>.<\/p>\n<div align=\"center\"><button style=\"background-color: transparent;border: 3px solid #000;border-radius: 0.6em;color: #000;cursor: pointer;align-self: center;line-height: 1;margin: 20px;padding: 1.2em 2.8em;text-decoration: none;text-align: center;font-weight: bold\"><a href=\"https:\/\/www.flat6mag.com\/pages\/abonnements.html\">Soyez les premiers \u00e0 tout savoir sur la Porsche et abonnez-vous \u00e0 Flat 6 Magazine\u00a0!<\/a><\/button><\/div>\n<div align=\"center\">Cr\u00e9dit Photo\u00a0: DR<\/div>\n<\/div>\n","protected":false},"excerpt":{"rendered":"<p>Ing\u00e9nieur en g\u00e9nie industriel originaire du Cotentin, L\u00e9o a\u00a0mis huit ans \u00e0\u00a0concr\u00e9tiser son r\u00eave avant de craquer, presque par hasard, pour un Cayman 987 Porsche Design Edition 1. Une affaire de patience, de passion et de Porsche, voici son histoire. Une passion n\u00e9e devant les 24 Heures du Mans Les 24 Heures du Mans sont [&hellip;]<\/p>\n","protected":false},"author":1,"featured_media":0,"comment_status":"open","ping_status":"","sticky":false,"template":"","format":"standard","meta":{"footnotes":""},"categories":[1],"tags":[226,273],"class_list":["post-2049467","post","type-post","status-publish","format-standard","hentry","category-uncategorized","tag-crawlmanager","tag-flat6mag-com"],"_links":{"self":[{"href":"https:\/\/analyse.optim.biz\/index.php?rest_route=\/wp\/v2\/posts\/2049467","targetHints":{"allow":["GET"]}}],"collection":[{"href":"https:\/\/analyse.optim.biz\/index.php?rest_route=\/wp\/v2\/posts"}],"about":[{"href":"https:\/\/analyse.optim.biz\/index.php?rest_route=\/wp\/v2\/types\/post"}],"author":[{"embeddable":true,"href":"https:\/\/analyse.optim.biz\/index.php?rest_route=\/wp\/v2\/users\/1"}],"replies":[{"embeddable":true,"href":"https:\/\/analyse.optim.biz\/index.php?rest_route=%2Fwp%2Fv2%2Fcomments&post=2049467"}],"version-history":[{"count":0,"href":"https:\/\/analyse.optim.biz\/index.php?rest_route=\/wp\/v2\/posts\/2049467\/revisions"}],"wp:attachment":[{"href":"https:\/\/analyse.optim.biz\/index.php?rest_route=%2Fwp%2Fv2%2Fmedia&parent=2049467"}],"wp:term":[{"taxonomy":"category","embeddable":true,"href":"https:\/\/analyse.optim.biz\/index.php?rest_route=%2Fwp%2Fv2%2Fcategories&post=2049467"},{"taxonomy":"post_tag","embeddable":true,"href":"https:\/\/analyse.optim.biz\/index.php?rest_route=%2Fwp%2Fv2%2Ftags&post=2049467"}],"curies":[{"name":"wp","href":"https:\/\/api.w.org\/{rel}","templated":true}]}}