{"id":2049198,"date":"2026-07-17T20:12:50","date_gmt":"2026-07-17T17:12:50","guid":{"rendered":"https:\/\/analyse.optim.biz\/?p=2049198"},"modified":"2026-07-17T20:12:50","modified_gmt":"2026-07-17T17:12:50","slug":"calendarul-zilei-18-iulie-88-de-ani-de-la-moartea-reginei-maria-singura-femeie-onorata-pe-ultimul-drum-de-armata-romana","status":"publish","type":"post","link":"https:\/\/analyse.optim.biz\/?p=2049198","title":{"rendered":"Calendarul zilei 18 iulie: 88 de ani de la moartea Reginei Maria, singura femeie onorat\u0103 pe ultimul drum de Armata Rom\u00e2n\u0103"},"content":{"rendered":"<p>[analyse_image type=&#8221;featured&#8221; src=&#8221;https:\/\/r3media.ro\/wp-content\/uploads\/2020\/10\/29-octombrie-regina-maria.jpghttps:\/\/r3media.ro\/wp-content\/uploads\/2020\/10\/29-octombrie-regina-maria.jpg&#8221;]<\/p>\n<article id=\"template-id-109\" class=\"post-109 tdb_templates type-tdb_templates status-publish post\">\n<div id=\"tdi_2\" class=\"tdc-zone\">\n<div class=\"tdc_zone tdi_3  wpb_row td-pb-row\">\n<div id=\"tdi_4\" class=\"tdc-row\">\n<div class=\"vc_row tdi_5  wpb_row td-pb-row\">\n<div class=\"vc_column tdi_7  wpb_column vc_column_container tdc-column td-pb-span8\">\n<div class=\"wpb_wrapper\">\n<div class=\"td_block_wrap tdb_breadcrumbs tdi_8 td-pb-border-top td_block_template_1 tdb-breadcrumbs \" data-td-block-uid=\"tdi_8\">\n<div class=\"tdb-block-inner td-fix-index\"><span><a title=\"Vede\u021bi toate articolele \u00een PRIM PLAN\" class=\"tdb-entry-crumb\" href=\"https:\/\/r3media.ro\/category\/stiri-prim-plan\/\">PRIM PLAN<\/a><\/span><span class=\"tdb-bred-no-url-last\">Calendarul zilei 18 iulie: 88 de ani de la moartea Reginei Maria,&#8230;<\/span><\/div>\n<\/div>\n<div class=\"td_block_wrap tdb_single_categories tdi_9 td-pb-border-top td_block_template_1 \" data-td-block-uid=\"tdi_9\">\n<div class=\"tdb-category td-fix-index\"><a class=\"tdb-entry-category\" href=\"https:\/\/r3media.ro\/category\/stiri-prim-plan\/\">PRIM PLAN<\/a><a class=\"tdb-entry-category\" href=\"https:\/\/r3media.ro\/category\/stiri\/\">\u0218TIRI<\/a><a class=\"tdb-entry-category\" href=\"https:\/\/r3media.ro\/category\/video-news\/\">VIDEO<\/a><\/div>\n<\/div>\n<div class=\"td_block_wrap tdb_title tdi_10 tdb-single-title td-pb-border-top td_block_template_1\" data-td-block-uid=\"tdi_10\">\n<div class=\"tdb-block-inner td-fix-index\">\n<h1 class=\"tdb-title-text\">Calendarul zilei 18 iulie: 88 de ani de la moartea Reginei Maria, singura femeie onorat\u0103 pe ultimul drum de Armata Rom\u00e2n\u0103<\/h1>\n<\/div>\n<\/div>\n<div class=\"vc_row_inner tdi_12  vc_row vc_inner wpb_row td-pb-row\">\n<div class=\"vc_column_inner tdi_14  wpb_column vc_column_container tdc-inner-column td-pb-span12\">\n<div class=\"vc_column-inner\">\n<div class=\"wpb_wrapper\">\n<div class=\"td_block_wrap tdb_single_author tdi_15 td-pb-border-top td_block_template_1 tdb-post-meta\" data-td-block-uid=\"tdi_15\">\n<div class=\"tdb-block-inner td-fix-index\">\n<div class=\"tdb-author-name-wrap\"><a class=\"tdb-author-name\" href=\"https:\/\/r3media.ro\/author\/radu_ursan\/\">Radu Ursan<\/a><\/div>\n<\/div>\n<\/div>\n<div class=\"td_block_wrap tdb_single_date tdi_16 td-pb-border-top td_block_template_1 tdb-post-meta\" data-td-block-uid=\"tdi_16\">\n<div class=\"tdb-block-inner td-fix-index\"><time class=\"entry-date updated td-module-date\" datetime=\"2026-07-17T23:12:50+03:00\">17\/07\/2026<\/time><\/div>\n<\/div>\n<\/div>\n<\/div>\n<\/div>\n<\/div>\n<div class=\"td_block_wrap tdb_single_content tdi_18 td-pb-border-top td_block_template_1 td-post-content tagdiv-type\" data-td-block-uid=\"tdi_18\">\n<div class=\"tdb-block-inner td-fix-index\">\n<p><strong>Regina s-a n\u0103scut Marie Alexandra Victoria la Eastwell Park \u00een Marea Britanie pe 29 octombrie 1875, fiind fiica principelui Alfred al Marii Britanii, principe de Saxa-Cobur-Gotha \u0219i duce de Edinburg, \u0219i a ducesei Maria Alexandrovna a Rusiei. De asemenea, era nepoata Reginei Victoria a Marii Britanii.<\/strong><\/p>\n<p>Regina Maria s-a logodit la 16 ani cu prin\u021bul Ferdinand de Hohenzollern, mo\u0219tenitor al tronului Rom\u00e2niei, iar c\u0103s\u0103toria a avut loc la 29 decembrie 1892.<\/p>\n<p>De-a lungul vie\u021bii a urm\u0103rit mereu interesele na\u021bionale ale Rom\u00e2niei, opun\u00e2ndu-se intr\u0103rii Rom\u00e2niei \u00een Primul R\u0103zboi Mondial al\u0103turi de Puterile Centrale \u0219i a sus\u021binut alian\u021ba cu Antanta.<em>\u00a0<\/em><\/p>\n<p>Pe timpul primei conflagra\u021bii mondiale \u0219i-a \u00eenso\u021bit so\u021bul \u00een refugiul din Moldova, activ\u00e2nd ca sor\u0103 \u00een spitalele militare, ceea ce a f\u0103cut ca \u00een popor s\u0103 fie denumit\u0103 \u201eRegina Mam\u0103\u201d.<\/p>\n<figure id=\"attachment_4890\" aria-describedby=\"caption-attachment-4890\" class=\"wp-caption aligncenter\"><figcaption id=\"caption-attachment-4890\" class=\"wp-caption-text\">Sursa foto: Historice.ro<\/figcaption><\/figure>\n<p>Dup\u0103 \u00eencoronarea ca Regin\u0103 a Rom\u00e2niei Mari, Maria a participat la o campaniei diplomatic\u0103 pentru recunoa\u0219terea interna\u021bional\u0103 a statului rom\u00e2n \u00eentregit. Regina Maria a fost repede adoptat\u0103 de Armata Rom\u00e2n\u0103, mai ales dup\u0103 ce a fost numit\u0103 comandant( proprietar ) al Regimentului de Cavalerie 4 Ro\u0219iori.<\/p>\n<p>Leg\u0103tura dintre o\u0219tire \u0219i Regin\u0103 s-a sus\u021binut pe faptele suveranei pe c\u00e2mpul de lupt\u0103. Aceasta nu s-a sfiit s\u0103 lucreze \u00een serviciul sanitar, a \u00eengrijit bolnavii din lag\u0103rele de holer\u0103 sau s\u0103 \u00eengrijeasc\u0103 bolnavii de tifos din Moldova.<\/p>\n<p>F\u0103r\u0103 s\u0103-i pese de riscuri, ea st\u0103tea la c\u0103p\u0103t\u00e2iul solda\u021bilor tineri care mureau de holer\u0103, v\u0103rs\u00e2nd lacrimi pentru fiecare din ei, \u021bin\u00e2ndu-l de m\u00e2na ore \u00eentregi pe t\u00e2n\u0103rul muribund, spun\u00e2ndu-i cu toata sinceritatea c\u0103 ea \u00eei \u00eenlocuia mama, \u0219i apoi, c\u00e2nd vedea c\u0103 i se apropie sf\u00e2rsitul, lu\u00e2ndu-l \u00een bra\u021be \u0219i sprijinindu-i capul pe um\u0103rul ei p\u00e2n\u0103 c\u00e2nd \u00eesi dadea sufletul, scria Arthur Gold Lee.<\/p>\n<p>\u00cen 1917, Regina a dus sacrificiul \u00eenc\u0103 \u0219i mai departe. Suverana Rom\u00e2niei s-a \u00eencadrat, purt\u00e2nd uniforma de ofi\u021ber, \u00een sectorul de front de la Cire\u0219oaia, \u00een fa\u021ba cotei 443, pe linia \u00eent\u00e2i, la 200 de metri de inamic.<\/p>\n<p>Constantin Argetoianu, unul din politicienii vremii, scria \u00een memoriile sale (Pentru cei de m\u00e2ine: Amintiri din vremea celor de ieri) :<\/p>\n<p>\u201eOric\u00e2te gre\u0219eli va fi comis regina Maria, \u00eenainte \u0219i dup\u0103 r\u0103zboi, r\u0103zboiul r\u0103m\u00e2ne pagina ei, pagin\u0103 cu care se poate f\u0103li, pagin\u0103 care se va a\u0219eza \u00een istorie la loc de cinste. O g\u0103sim \u00een tran\u0219ee printre combatan\u021bi \u00een r\u00e2ndurile \u00eenaintate, o g\u0103sim \u00een spitale \u0219i \u00een toate posturile sanitare printre r\u0103ni\u021bi \u0219i bolnavi. O g\u0103sim de fa\u021b\u0103 la toate adun\u0103rile care \u00eencercau s\u0103 fac\u0103 pu\u021bin bine. Nu a cunoscut frica de gloan\u021be \u0219i de bombe, cum nu a cunoscut teama \u0219i sc\u00e2rba de molim\u0103 sau ner\u0103bdarea fa\u021b\u0103 de eforturile a\u0219a de des inutile, provocate de dorin\u021ba ei de mai bine. Regina Maria \u0219i-a \u00eendeplinit datoria pe toate fronturile activit\u0103\u021bilor sale, dar mai presus de toate pe acela al \u00eencuraj\u0103rii \u0219i ridic\u0103rii moralului acelora care o \u00eenconjurau \u0219i care au trebuit s\u0103 decid\u0103, \u00een cele mai tragice momente, soarta \u021b\u0103rii \u0219i a poporului s\u0103u. Se poate afirma c\u0103, \u00een r\u0103stimpul pribegiei noastre \u00een Moldova, regina Maria a \u00eentrupat aspira\u021biile cele mai \u00eenalte ale con\u0219tiin\u021bei rom\u00e2ne\u0219ti\u201d.<\/p>\n<p>At\u00e2t de mult \u0219i-a iubit poporul adoptiv, \u00eenc\u00e2t Maria a trecut, \u00een 1926, de Bunavestire, la ortodoxie. \u00centr-o ceremonie desf\u0103\u0219urat\u0103 la Palatul Regal, ea fost primit\u0103 \u00een s\u00e2nul Bisericii Ortodoxe Rom\u00e2ne de c\u0103tre Patriarhul Miron Cristea.<\/p>\n<p>S-a stins la 18 iulie 1938. Pe ultimul drum, Armata Rom\u00e2n\u0103 i-a oferit un salut unic, nerepetat vreodat\u0103 \u00een fa\u021ba unui alt om: a fost salutat\u0103 cu baionetele \u00eenfipte \u00een p\u0103m\u00e2nt \u0219i patul armei \u00een sus.<\/p>\n<p>A cerut prin testament ca trupul s\u0103-i fie \u00eenhumat \u00een biserica episcopal\u0103 de la Curtea de Arge\u0219, iar inima s\u0103 fie p\u0103strat\u0103 \u00eentr-o racl\u0103 la capela Stella Maris a re\u0219edin\u021bei din Balcic. Dup\u0103 cedarea Cadrilaterului \u00een 1940, inima reginei a fost mutat\u0103 la Bran.<\/p>\n<p>Iat\u0103 ce scria Regina Maria \u00een \u201eRegina unei \u021b\u0103ri mici, G\u00e2nduri despre \u021aara mea\u201d (Editura Predania, 2019):<\/p>\n<p>\u201eRegina unei \u021b\u0103ri mici!<br \/>\nAceia care sunt deprin\u0219i a vedea c\u00e2rmuitori ai unor \u021b\u0103ri mai mari \u00een\u021beleg prea pu\u021bin ce \u00eenseamn\u0103 aceasta.<br \/>\n\u00censeamn\u0103 munc\u0103 \u0219i griji \u0219i n\u0103dejde, \u0219i mult\u0103 trud\u0103 pentru slab\u0103 isprav\u0103. Dar larg e c\u00e2mpul, \u0219i, dac\u0103 inima are voie bun\u0103, mare e opera. C\u00e2nd eram t\u00e2n\u0103r\u0103, g\u00e2ndeam c\u0103 totul e munc\u0103, munc\u0103 piepti\u0219 \u00een sus; dar anii care trecur\u0103 au adus alt\u0103 cuno\u0219tin\u021b\u0103, o cuno\u0219tin\u021b\u0103 binecuv\u00e2ntat\u0103, \u0219i acuma \u0219tiu. \u021aara aceasta e mic\u0103, e nou\u0103, dar e o \u021bar\u0103 care mi-e drag\u0103. \u00cemi trebuie ca \u0219i altora s\u0103 le fie drag\u0103; de aceea asculta\u021bi c\u00e2teva cuvinte despre d\u00e2nsa. \u00ceng\u0103dui\u021bi-m\u0103 s\u0103 zugr\u0103vesc c\u00e2teva icoane, s\u0103 fac c\u00e2teva schi\u021be a\u0219a cum le-am v\u0103zut cu ochii \u00eent\u00e2i, apoi cu inima\u201d.<\/p>\n\n\n<div class=\"crp_related     crp-masonry\">\n<h2>\u00ceN CONTEXT<\/h2>\n<ul>\n<li><a href=\"https:\/\/r3media.ro\/calendarul-zilei-25-septembrie-nasterea-mariei-tanase-probabil-cea-mai-mare-voce-a-muzicii-romanesti\/\" class=\"crp_link post-54931\"><span class=\"crp_title\">Calendarul zilei 25 septembrie: 112 ani de la na\u0219terea Mariei T\u0103nase, probabil cea mai mare\u2026<\/span><\/a><\/li>\n<li><a href=\"https:\/\/r3media.ro\/calendarul-zilei-25-iulie-81-de-la-finalizarea-campaniei-militare-de-eliberare-a-basarabiei-si-a-nordului-bucovinei-de-sub-ocupatie-sovietica\/\" class=\"crp_link post-51149\"><span class=\"crp_title\">Calendarul zilei 25 iulie: 84 de la finalizarea campaniei militare de eliberare a Basarabiei\u2026<\/span><\/a><\/li>\n<li><a href=\"https:\/\/r3media.ro\/calendarul-zilei-4-august-1919-cucerirea-budapestei-de-catre-armata-romana\/\" class=\"crp_link post-25422\"><span class=\"crp_title\">Calendarul zilei: 4 august 1919, cucerirea Budapestei de c\u0103tre Armata Rom\u00e2n\u0103<\/span><\/a><\/li>\n<li><a href=\"https:\/\/r3media.ro\/8-septembrie-nasterea-maicii-domnului-sau-sfanta-maria-mica\/\" class=\"crp_link post-803\"><span class=\"crp_title\">Calendarul zilei 8 septembrie: Na\u0219terea Maicii Domnului sau Sf\u00e2nta Maria Mic\u0103<\/span><\/a><\/li>\n<li><a href=\"https:\/\/r3media.ro\/calendarul-zilei-22-iulie-sfanta-mironosita-si-intocmai-cu-apostolii-maria-magdalena-si-sfantul-preot-marturisitor-ilie-lacatusu\/\" class=\"crp_link post-111886\"><span class=\"crp_title\">Calendarul zilei 22 iulie: Sf\u00e2nta Mironosi\u021b\u0103 \u0219i \u00centocmai cu Apostolii Maria Magdalena \u0219i\u2026<\/span><\/a><\/li>\n<li><a href=\"https:\/\/r3media.ro\/calendarul-zilei-4-aprilie-1944-cea-mai-neagra-zi-a-capitalei-2942-de-bucuresteni-ucisi-de-bombardamentele-americane-aviatorii-care-au-adus-moartea-au-monumente-romanii\/\" class=\"crp_link post-17571\"><span class=\"crp_title\">Calendarul zilei | 4 aprilie 1944, cea mai neagr\u0103 zi a Capitalei: 2942 de bucure\u0219teni uci\u0219i\u2026<\/span><\/a><\/li>\n<li><a href=\"https:\/\/r3media.ro\/calendarul-zilei-7-ianuarie-sfantul-ioan-botezatorul-craciunul-pe-calendarul-vechi\/\" class=\"crp_link post-10400\"><span class=\"crp_title\">Calendarul zilei 7 ianuarie: Sf\u00e2ntul Ioan Botez\u0103torul. Cr\u0103ciunul pe calendarul vechi<\/span><\/a><\/li>\n<li><a href=\"https:\/\/r3media.ro\/calendarul-zilei-3-aprilie-ziua-jandarmeriei-romane\/\" class=\"crp_link post-41983\"><span class=\"crp_title\">Calendarul zilei 3 aprilie: Ziua Jandarmeriei Rom\u00e2ne<\/span><\/a><\/li>\n<\/ul>\n<\/div>\n<\/div>\n<\/div>\n<div class=\"td_block_wrap tdb_single_tags tdi_19 td-pb-border-top td_block_template_1\" data-td-block-uid=\"tdi_19\">\n<div class=\"tdb-block-inner td-fix-index\">\n<ul class=\"tdb-tags\">\n<li><span>SUBIECTE FIERBIN\u021aI<\/span><\/li>\n<li><a href=\"https:\/\/r3media.ro\/tag\/armata-romana\/\">armata romana<\/a><\/li>\n<li><a href=\"https:\/\/r3media.ro\/tag\/calendarul-zilei\/\">calendarul zilei<\/a><\/li>\n<li><a href=\"https:\/\/r3media.ro\/tag\/calendarul-zilei-18-iulie\/\">calendarul zilei 18 iulie<\/a><\/li>\n<li><a href=\"https:\/\/r3media.ro\/tag\/istoria-romaniei\/\">istoria romaniei<\/a><\/li>\n<li><a href=\"https:\/\/r3media.ro\/tag\/ministerul-apararii-nationale-mapn\/\">ministerul apararii nationale (mapn)<\/a><\/li>\n<li><a href=\"https:\/\/r3media.ro\/tag\/regele-ferdinand\/\">regele ferdinand<\/a><\/li>\n<li><a href=\"https:\/\/r3media.ro\/tag\/regina-maria\/\">regina maria<\/a><\/li>\n<\/ul>\n<\/div>\n<\/div>\n<div class=\"td_block_wrap td_block_9 tdi_20 td_with_ajax_pagination td-pb-border-top td_block_template_1 td-column-2 td_block_padding td_block_bot_line\" data-td-block-uid=\"tdi_20\">\n<div class=\"td-block-title-wrap\">\n<h4 class=\"block-title td-block-title\"><span class=\"td-pulldown-size\">CITE\u0218TE MAI MULT<\/span><\/h4>\n<\/div>\n<div id=\"tdi_20\" class=\"td_block_inner\">\n<div class=\"td-block-row\">\n<div class=\"td-block-span6\">\n<div class=\"td_module_8 td_module_wrap\">\n<div class=\"item-details\">\n<h3 class=\"entry-title td-module-title\"><a href=\"https:\/\/r3media.ro\/prof-ioan-aurel-pop-ong-antisemitism-xenofobie\/\" rel=\"bookmark\" title=\"Prof. Ioan-Aurel Pop: Anumite ONG-uri vor s\u0103 \u00eent\u0103reasc\u0103 antisemitismul \u0219i xenofobia, pentru c\u0103 ele s-au \u00eenfiin\u021bat ca s\u0103 combat\u0103 asemenea lucruri\">Prof. Ioan-Aurel Pop: Anumite ONG-uri vor s\u0103 \u00eent\u0103reasc\u0103 antisemitismul \u0219i xenofobia, pentru c\u0103 ele&#8230;<\/a><\/h3>\n<div class=\"td-module-meta-info\"><a href=\"https:\/\/r3media.ro\/category\/stiri-prim-plan\/\" class=\"td-post-category\">PRIM PLAN<\/a><span class=\"td-post-author-name\"><a href=\"https:\/\/r3media.ro\/author\/radu_ursan\/\">Radu Ursan<\/a><span>&#8211;<\/span><\/span><span class=\"td-post-date\"><time class=\"entry-date updated td-module-date\" datetime=\"2026-07-16T15:28:25+03:00\">16\/07\/2026<\/time><\/span><\/div>\n<\/div>\n<\/div>\n<\/div>\n<div class=\"td-block-span6\">\n<div class=\"td_module_8 td_module_wrap\">\n<div class=\"item-details\">\n<h3 class=\"entry-title td-module-title\"><a href=\"https:\/\/r3media.ro\/criza-apei-grecia-sapte-insule-stare-de-urgenta-localnici-recolte\/\" rel=\"bookmark\" title=\"Criza apei pe \u0219apte insule din Grecia: A fost emis\u0103 stare de urgen\u021b\u0103. Localnicii nu mai au cu ce s\u0103-\u0219i ude recoltele\">Criza apei pe \u0219apte insule din Grecia: A fost emis\u0103 stare de urgen\u021b\u0103. Localnicii&#8230;<\/a><\/h3>\n<div class=\"td-module-meta-info\"><a href=\"https:\/\/r3media.ro\/category\/featured\/\" class=\"td-post-category\">FEATURED<\/a><span class=\"td-post-author-name\"><a href=\"https:\/\/r3media.ro\/author\/oana\/\">Oana Ivan<\/a><span>&#8211;<\/span><\/span><span class=\"td-post-date\"><time class=\"entry-date updated td-module-date\" datetime=\"2026-07-16T17:55:42+03:00\">16\/07\/2026<\/time><\/span><\/div>\n<\/div>\n<\/div>\n<\/div>\n<\/div>\n<div class=\"td-block-row\">\n<div class=\"td-block-span6\">\n<div class=\"td_module_8 td_module_wrap\">\n<div class=\"item-details\">\n<h3 class=\"entry-title td-module-title\"><a href=\"https:\/\/r3media.ro\/revolte-violente-franta-eliminare-cupa-mondiala-spania-video\/\" rel=\"bookmark\" title=\"VIDEO | Revolte violente \u00een Fran\u021ba dup\u0103 eliminarea de la Cupa Mondial\u0103\">VIDEO | Revolte violente \u00een Fran\u021ba dup\u0103 eliminarea de la Cupa Mondial\u0103<\/a><\/h3>\n<div class=\"td-module-meta-info\"><a href=\"https:\/\/r3media.ro\/category\/actualitate\/\" class=\"td-post-category\">ACTUALITATE<\/a><span class=\"td-post-author-name\"><a href=\"https:\/\/r3media.ro\/author\/oana\/\">Oana Ivan<\/a><span>&#8211;<\/span><\/span><span class=\"td-post-date\"><time class=\"entry-date updated td-module-date\" datetime=\"2026-07-15T15:35:05+03:00\">15\/07\/2026<\/time><\/span><\/div>\n<\/div>\n<\/div>\n<\/div>\n<div class=\"td-block-span6\">\n<div class=\"td_module_8 td_module_wrap\">\n<div class=\"item-details\">\n<h3 class=\"entry-title td-module-title\"><a href=\"https:\/\/r3media.ro\/deznationala-frantei-a-invins-franta\/\" rel=\"bookmark\" title=\"Dezna\u021bionala Fran\u021bei a \u00eenvins Fran\u021ba \u00a0\u00a0\">Dezna\u021bionala Fran\u021bei a \u00eenvins Fran\u021ba \u00a0\u00a0<\/a><\/h3>\n<div class=\"td-module-meta-info\"><a href=\"https:\/\/r3media.ro\/category\/sport\/cupa-mondiala-2026\/\" class=\"td-post-category\">CUPA MONDIALA 2026 AMERICA<\/a><span class=\"td-post-author-name\"><a href=\"https:\/\/r3media.ro\/author\/tru\/\">TRU (Traian Ungureanu)<\/a><span>&#8211;<\/span><\/span><span class=\"td-post-date\"><time class=\"entry-date updated td-module-date\" datetime=\"2026-07-15T20:57:25+03:00\">15\/07\/2026<\/time><\/span><\/div>\n<\/div>\n<\/div>\n<\/div>\n<\/div>\n<div class=\"td-block-row\">\n<div class=\"td-block-span6\">\n<div class=\"td_module_8 td_module_wrap\">\n<div class=\"item-details\">\n<h3 class=\"entry-title td-module-title\"><a href=\"https:\/\/r3media.ro\/cine-este-cu-adevarat-francez\/\" rel=\"bookmark\" title=\"Cine este cu adev\u0103rat francez?\">Cine este cu adev\u0103rat francez?<\/a><\/h3>\n<div class=\"td-module-meta-info\"><a href=\"https:\/\/r3media.ro\/category\/actualitate\/\" class=\"td-post-category\">ACTUALITATE<\/a><span class=\"td-post-author-name\"><a href=\"https:\/\/r3media.ro\/author\/gabipopa\/\">Gabriel Popa<\/a><span>&#8211;<\/span><\/span><span class=\"td-post-date\"><time class=\"entry-date updated td-module-date\" datetime=\"2026-07-15T09:52:34+03:00\">15\/07\/2026<\/time><\/span><\/div>\n<\/div>\n<\/div>\n<\/div>\n<div class=\"td-block-span6\">\n<div class=\"td_module_8 td_module_wrap\">\n<div class=\"item-details\">\n<h3 class=\"entry-title td-module-title\"><a href=\"https:\/\/r3media.ro\/ioan-aurel-pop-lege-vexler-razboi-istoria\/\" rel=\"bookmark\" title=\"Ioan-Aurel Pop critic\u0103 legea Vexler \u00eentr-un articol de neratat: Nu putem s\u0103 ducem un r\u0103zboi cu istoria\">Ioan-Aurel Pop critic\u0103 legea Vexler \u00eentr-un articol de neratat: Nu putem s\u0103 ducem un&#8230;<\/a><\/h3>\n<div class=\"td-module-meta-info\"><a href=\"https:\/\/r3media.ro\/category\/actualitate\/\" class=\"td-post-category\">ACTUALITATE<\/a><span class=\"td-post-author-name\"><a href=\"https:\/\/r3media.ro\/author\/radu_ursan\/\">Radu Ursan<\/a><span>&#8211;<\/span><\/span><span class=\"td-post-date\"><time class=\"entry-date updated td-module-date\" datetime=\"2026-07-12T21:42:54+03:00\">12\/07\/2026<\/time><\/span><\/div>\n<\/div>\n<\/div>\n<\/div>\n<\/div>\n<div class=\"td-block-row\">\n<div class=\"td-block-span6\">\n<div class=\"td_module_8 td_module_wrap\">\n<div class=\"item-details\">\n<h3 class=\"entry-title td-module-title\"><a href=\"https:\/\/r3media.ro\/scandalul-rachetelor-patriot-zguduie-polonia-varsovia-declasifica-tot-ajutorul-militar-acordat-ucrainei\/\" rel=\"bookmark\" title=\"Scandalul rachetelor Patriot zguduie Polonia: Var\u0219ovia declasific\u0103 tot ajutorul militar acordat Ucrainei\">Scandalul rachetelor Patriot zguduie Polonia: Var\u0219ovia declasific\u0103 tot ajutorul militar acordat Ucrainei<\/a><\/h3>\n<div class=\"td-module-meta-info\"><a href=\"https:\/\/r3media.ro\/category\/stiri\/\" class=\"td-post-category\">\u0218TIRI<\/a><span class=\"td-post-author-name\"><a href=\"https:\/\/r3media.ro\/author\/radu_ursan\/\">Radu Ursan<\/a><span>&#8211;<\/span><\/span><span class=\"td-post-date\"><time class=\"entry-date updated td-module-date\" datetime=\"2026-07-12T20:43:04+03:00\">12\/07\/2026<\/time><\/span><\/div>\n<\/div>\n<\/div>\n<\/div>\n<div class=\"td-block-span6\">\n<div class=\"td_module_8 td_module_wrap\">\n<div class=\"item-details\">\n<h3 class=\"entry-title td-module-title\"><a href=\"https:\/\/r3media.ro\/ce-ne-facem-cu-atatia-prosti\/\" rel=\"bookmark\" title=\"Ce ne facem cu at\u00e2\u021bia pro\u0219ti?\">Ce ne facem cu at\u00e2\u021bia pro\u0219ti?<\/a><\/h3>\n<div class=\"td-module-meta-info\"><a href=\"https:\/\/r3media.ro\/category\/opinii\/\" class=\"td-post-category\">OPINII<\/a><span class=\"td-post-author-name\"><a href=\"https:\/\/r3media.ro\/author\/alexandru_racu\/\">Alexandru Racu<\/a><span>&#8211;<\/span><\/span><span class=\"td-post-date\"><time class=\"entry-date updated td-module-date\" datetime=\"2026-07-12T14:11:45+03:00\">12\/07\/2026<\/time><\/span><\/div>\n<\/div>\n<\/div>\n<\/div>\n<\/div>\n<div class=\"td-block-row\">\n<div class=\"td-block-span6\">\n<div class=\"td_module_8 td_module_wrap\">\n<div class=\"item-details\">\n<h3 class=\"entry-title td-module-title\"><a href=\"https:\/\/r3media.ro\/guvernul-sanchez-demoleaza-monumentul-de-la-majadahonda-ion-mota-vasile-marin-lupta-rzaboiul-civil-spaniol-comunisti\/\" rel=\"bookmark\" title=\"Guvernul Sanchez demoleaz\u0103 Monumentul de la Majadahonda, dedicat lui Ion Mo\u021ba \u0219i Vasile Marin, rom\u00e2nii care au luptat \u00eempotriva comuni\u0219tilor \u00een R\u0103zboiul Civil Spaniol\">Guvernul Sanchez demoleaz\u0103 Monumentul de la Majadahonda, dedicat lui Ion Mo\u021ba \u0219i Vasile Marin,&#8230;<\/a><\/h3>\n<div class=\"td-module-meta-info\"><a href=\"https:\/\/r3media.ro\/category\/actualitate\/\" class=\"td-post-category\">ACTUALITATE<\/a><span class=\"td-post-author-name\"><a href=\"https:\/\/r3media.ro\/author\/oana\/\">Oana Ivan<\/a><span>&#8211;<\/span><\/span><span class=\"td-post-date\"><time class=\"entry-date updated td-module-date\" datetime=\"2026-07-12T01:11:49+03:00\">12\/07\/2026<\/time><\/span><\/div>\n<\/div>\n<\/div>\n<\/div>\n<div class=\"td-block-span6\">\n<div class=\"td_module_8 td_module_wrap\">\n<div class=\"item-details\">\n<h3 class=\"entry-title td-module-title\"><a href=\"https:\/\/r3media.ro\/sofer-surpriza-neplacuta-benzinarie-austria-oprit-apa-portbagaj\/\" rel=\"bookmark\" title=\"Un \u0219ofer a avut parte de o surpriz\u0103 nepl\u0103cut\u0103 la benzin\u0103rie dup\u0103 ce a oprit un minut \u0219i 28 de secunde pentru a scoate o sticl\u0103 de ap\u0103 din portbagaj\">Un \u0219ofer a avut parte de o surpriz\u0103 nepl\u0103cut\u0103 la benzin\u0103rie dup\u0103 ce a&#8230;<\/a><\/h3>\n<div class=\"td-module-meta-info\"><a href=\"https:\/\/r3media.ro\/category\/actualitate\/\" class=\"td-post-category\">ACTUALITATE<\/a><span class=\"td-post-author-name\"><a href=\"https:\/\/r3media.ro\/author\/oana\/\">Oana Ivan<\/a><span>&#8211;<\/span><\/span><span class=\"td-post-date\"><time class=\"entry-date updated td-module-date\" datetime=\"2026-07-11T13:00:01+03:00\">11\/07\/2026<\/time><\/span><\/div>\n<\/div>\n<\/div>\n<\/div>\n<\/div>\n<div class=\"td-block-row\">\n<div class=\"td-block-span6\">\n<div class=\"td_module_8 td_module_wrap\">\n<div class=\"item-details\">\n<h3 class=\"entry-title td-module-title\"><a href=\"https:\/\/r3media.ro\/o-femeie-mentalitate-femei-moderne-printese-disney\/\" rel=\"bookmark\" title=\"VIDEO | O femeie critic\u0103 mentalitatea femeii moderne care distruge rela\u021bia cu b\u0103rbatul s\u0103u: Suntem crescute \u00een ideea de prin\u021bese, dar nu suntem la Disney\">VIDEO | O femeie critic\u0103 mentalitatea femeii moderne care distruge rela\u021bia cu b\u0103rbatul s\u0103u:&#8230;<\/a><\/h3>\n<div class=\"td-module-meta-info\"><a href=\"https:\/\/r3media.ro\/category\/actualitate\/\" class=\"td-post-category\">ACTUALITATE<\/a><span class=\"td-post-author-name\"><a href=\"https:\/\/r3media.ro\/author\/teodor_stan\/\">Teodor Stan<\/a><span>&#8211;<\/span><\/span><span class=\"td-post-date\"><time class=\"entry-date updated td-module-date\" datetime=\"2026-07-10T12:47:58+03:00\">10\/07\/2026<\/time><\/span><\/div>\n<\/div>\n<\/div>\n<\/div>\n<div class=\"td-block-span6\">\n<div class=\"td_module_8 td_module_wrap\">\n<div class=\"item-details\">\n<h3 class=\"entry-title td-module-title\"><a href=\"https:\/\/r3media.ro\/cutremur-5-5-grade-scara-richter-resimtit-cehia-slovacia\/\" rel=\"bookmark\" title=\"Cutremur de 5.5 grade pe scara Richter. S-a resim\u021bit \u00een Cehia \u0219i Slovacia\">Cutremur de 5.5 grade pe scara Richter. S-a resim\u021bit \u00een Cehia \u0219i Slovacia<\/a><\/h3>\n<div class=\"td-module-meta-info\"><a href=\"https:\/\/r3media.ro\/category\/actualitate\/\" class=\"td-post-category\">ACTUALITATE<\/a><span class=\"td-post-author-name\"><a href=\"https:\/\/r3media.ro\/author\/oana\/\">Oana Ivan<\/a><span>&#8211;<\/span><\/span><span class=\"td-post-date\"><time class=\"entry-date updated td-module-date\" datetime=\"2026-07-09T20:48:24+03:00\">09\/07\/2026<\/time><\/span><\/div>\n<\/div>\n<\/div>\n<\/div>\n<\/div>\n<\/div>\n<div class=\"td-load-more-wrap td-load-more-infinite-wrap\" id=\"infinite-lm-tdi_20\"><a href=\"https:\/\/r3media.ro\/18-iulie-moartea-reginei-maria\/\" class=\"td_ajax_load_more td_ajax_load_more_js\" aria-label=\"\u00cenc\u0103rca\u021bi mai multe\" id=\"next-page-tdi_20\" data-td_block_id=\"tdi_20\">\u00cenc\u0103rca\u021bi mai multe<\/a><\/div>\n<\/div>\n<div class=\"td_block_wrap tdb_single_comments tdi_21 tdb-comm-layout2 td-pb-border-top td_block_template_1\" data-td-block-uid=\"tdi_21\">\n<div class=\"tdb-block-inner td-fix-index\">\n<div class=\"comments\" id=\"comments\">\n<div class=\"td-comments-title-wrap td_block_template_1\">\n<h4 class=\"td-comments-title block-title\"><span>9 COMENTARII<\/span><\/h4>\n<\/div>\n<ol class=\"comment-list\">\n<li class=\"comment \" id=\"comment-33715\">\n<article>\n<footer><cite>Tudor<\/cite><a class=\"comment-link\" href=\"https:\/\/r3media.ro\/18-iulie-moartea-reginei-maria\/#comment-33715\"><time><br \/>\n18\/07\/2024\t\t\t\t\t\t    La\t\t\t\t\t\t    09:08<\/time><\/a><\/footer>\n<div class=\"comment-content\">\n<p>Mai era cunoscut\u0103 ca Regina Bahai.<\/p>\n<\/div>\n<div class=\"comment-meta\" id=\"comment-33715\"><a rel=\"nofollow\" class=\"comment-reply-link\" href=\"https:\/\/r3media.ro\/18-iulie-moartea-reginei-maria\/#comment-33715\" data-commentid=\"33715\" data-postid=\"4882\" data-belowelement=\"comment-33715\" data-respondelement=\"respond\" data-replyto=\"R\u0103spunde-i lui Tudor\" aria-label=\"R\u0103spunde-i lui Tudor\">R\u0103spund<\/a><\/div>\n<\/article>\n<\/li>\n<li class=\"comment \" id=\"comment-24407\">\n<article>\n<footer><cite>gelu<\/cite><a class=\"comment-link\" href=\"https:\/\/r3media.ro\/18-iulie-moartea-reginei-maria\/#comment-24407\"><time><br \/>\n18\/07\/2023\t\t\t\t\t\t    La\t\t\t\t\t\t    18:07<\/time><\/a><\/footer>\n<div class=\"comment-content\">\n<p>s-ar putea sa fluier in biserica, dar mie imi miroase urat cand o personalitate vie sau nu, e ridicata unanim in slavi. Pana si Sfantul Stefan cel Mare a fost contestat de unii.<\/p>\n<\/div>\n<div class=\"comment-meta\" id=\"comment-24407\"><a rel=\"nofollow\" class=\"comment-reply-link\" href=\"https:\/\/r3media.ro\/18-iulie-moartea-reginei-maria\/#comment-24407\" data-commentid=\"24407\" data-postid=\"4882\" data-belowelement=\"comment-24407\" data-respondelement=\"respond\" data-replyto=\"R\u0103spunde-i lui gelu\" aria-label=\"R\u0103spunde-i lui gelu\">R\u0103spund<\/a><\/div>\n<\/article>\n<\/li>\n<li class=\"comment \" id=\"comment-15261\">\n<article>\n<footer><cite>maxtor<\/cite><a class=\"comment-link\" href=\"https:\/\/r3media.ro\/18-iulie-moartea-reginei-maria\/#comment-15261\"><time><br \/>\n18\/07\/2022\t\t\t\t\t\t    La\t\t\t\t\t\t    23:54<\/time><\/a><\/footer>\n<div class=\"comment-content\">\n<p>nicolae 2,\u201dtzaru\u201d:<br \/>\nData mor\u021bii: 17 iulie 1918, Casa Ipatev, Rusia<br \/>\n(cu approximare de cateva minute)<\/p>\n<\/div>\n<div class=\"comment-meta\" id=\"comment-15261\"><a rel=\"nofollow\" class=\"comment-reply-link\" href=\"https:\/\/r3media.ro\/18-iulie-moartea-reginei-maria\/#comment-15261\" data-commentid=\"15261\" data-postid=\"4882\" data-belowelement=\"comment-15261\" data-respondelement=\"respond\" data-replyto=\"R\u0103spunde-i lui maxtor\" aria-label=\"R\u0103spunde-i lui maxtor\">R\u0103spund<\/a><\/div>\n<\/article>\n<\/li>\n<li class=\"comment \" id=\"comment-15243\">\n<article>\n<footer><cite>Bu\u0219<\/cite><a class=\"comment-link\" href=\"https:\/\/r3media.ro\/18-iulie-moartea-reginei-maria\/#comment-15243\"><time><br \/>\n18\/07\/2022\t\t\t\t\t\t    La\t\t\t\t\t\t    10:46<\/time><\/a><\/footer>\n<div class=\"comment-content\">\n<p>To\u021bi din a\u0219a zisele case regale s\u00eent \u00eenrudi\u021bi \u0219i \u00eencuscri\u021bi iar nou\u0103 ne v\u00eend tot felul de gogo\u0219i cu pricinile r\u0103zboaielor. Toat\u0103 istoria este un \u0219ir de minciuni sau, dup\u0103 Iorga, un gen literar.<br \/>\nPoza din dron\u0103 cu \u00eenmorm\u00eentarea este lucrat\u0103 r\u0103u de tot sau e f\u0103c\u0103tur\u0103 ordinar\u0103; uni au umbre al\u021bii nu au. Pe vremea aceea erau deja fime color dar casa regal\u0103 era s\u0103rac\u0103.<\/p>\n<\/div>\n<div class=\"comment-meta\" id=\"comment-15243\"><a rel=\"nofollow\" class=\"comment-reply-link\" href=\"https:\/\/r3media.ro\/18-iulie-moartea-reginei-maria\/#comment-15243\" data-commentid=\"15243\" data-postid=\"4882\" data-belowelement=\"comment-15243\" data-respondelement=\"respond\" data-replyto=\"R\u0103spunde-i lui Bu\u0219\" aria-label=\"R\u0103spunde-i lui Bu\u0219\">R\u0103spund<\/a><\/div>\n<\/article>\n<ul class=\"children\">\n<li class=\"comment \" id=\"comment-15244\">\n<article>\n<footer><cite><a href=\"https:\/\/r3media.ro\" class=\"url\" rel=\"ugc\">Mihai \u0218om\u0103nescu<\/a><\/cite><a class=\"comment-link\" href=\"https:\/\/r3media.ro\/18-iulie-moartea-reginei-maria\/#comment-15244\"><time><br \/>\n18\/07\/2022\t\t\t\t\t\t    La\t\t\t\t\t\t    11:40<\/time><\/a><\/footer>\n<div class=\"comment-content\">\n<p>Primul film rom\u00e2nesc, color, s-a realizat \u00een 1955. E\u0219ti lobotomizat?<\/p>\n<\/div>\n<div class=\"comment-meta\" id=\"comment-15244\"><a rel=\"nofollow\" class=\"comment-reply-link\" href=\"https:\/\/r3media.ro\/18-iulie-moartea-reginei-maria\/#comment-15244\" data-commentid=\"15244\" data-postid=\"4882\" data-belowelement=\"comment-15244\" data-respondelement=\"respond\" data-replyto=\"R\u0103spunde-i lui Mihai \u0218om\u0103nescu\" aria-label=\"R\u0103spunde-i lui Mihai \u0218om\u0103nescu\">R\u0103spund<\/a><\/div>\n<\/article>\n<ul class=\"children\">\n<li class=\"comment \" id=\"comment-15266\">\n<article>\n<footer><cite>Bu\u0219<\/cite><a class=\"comment-link\" href=\"https:\/\/r3media.ro\/18-iulie-moartea-reginei-maria\/#comment-15266\"><time><br \/>\n19\/07\/2022\t\t\t\t\t\t    La\t\t\t\t\t\t    10:01<\/time><\/a><\/footer>\n<div class=\"comment-content\">\n<p>\u00cen anii 1930 filmul fotografic, vorbeam de poz\u0103, era demult pe pia\u021b\u0103.<br \/><a href=\"https:\/\/en.wikipedia.org\/wiki\/Color_photography#Color_film_since_the_1930s\" rel=\"nofollow ugc\">https:\/\/en.wikipedia.org\/wiki\/Color_photography#Color_film_since_the_1930s<\/a><\/p>\n<\/div>\n<div class=\"comment-meta\" id=\"comment-15266\"><a rel=\"nofollow\" class=\"comment-reply-link\" href=\"https:\/\/r3media.ro\/18-iulie-moartea-reginei-maria\/#comment-15266\" data-commentid=\"15266\" data-postid=\"4882\" data-belowelement=\"comment-15266\" data-respondelement=\"respond\" data-replyto=\"R\u0103spunde-i lui Bu\u0219\" aria-label=\"R\u0103spunde-i lui Bu\u0219\">R\u0103spund<\/a><\/div>\n<\/article>\n<ul class=\"children\">\n<li class=\"comment \" id=\"comment-15267\">\n<article>\n<footer><cite><a href=\"https:\/\/r3media.ro\" class=\"url\" rel=\"ugc\">Mihai \u0218om\u0103nescu<\/a><\/cite><a class=\"comment-link\" href=\"https:\/\/r3media.ro\/18-iulie-moartea-reginei-maria\/#comment-15267\"><time><br \/>\n19\/07\/2022\t\t\t\t\t\t    La\t\t\t\t\t\t    10:12<\/time><\/a><\/footer>\n<div class=\"comment-content\">\n<p>C\u0103 era tehnologia disponibil\u0103 e una, c\u0103 avea cineva din Rom\u00e2nia bani s-o cumpere este alta. Orice tehnologie nou\u0103 este scump\u0103. Ca dovad\u0103 ce se \u00eent\u00e2mpl\u0103 \u00een zilele noastre. Mincinos \u0219i\/sau necinstit?<\/p>\n<\/div>\n<div class=\"comment-meta\" id=\"comment-15267\"><a rel=\"nofollow\" class=\"comment-reply-link\" href=\"https:\/\/r3media.ro\/18-iulie-moartea-reginei-maria\/#comment-15267\" data-commentid=\"15267\" data-postid=\"4882\" data-belowelement=\"comment-15267\" data-respondelement=\"respond\" data-replyto=\"R\u0103spunde-i lui Mihai \u0218om\u0103nescu\" aria-label=\"R\u0103spunde-i lui Mihai \u0218om\u0103nescu\">R\u0103spund<\/a><\/div>\n<\/article>\n<\/li>\n<\/ul>\n<\/li>\n<\/ul>\n<\/li>\n<\/ul>\n<\/li>\n<li class=\"comment \" id=\"comment-15238\">\n<article>\n<footer><cite>maxtor<\/cite><a class=\"comment-link\" href=\"https:\/\/r3media.ro\/18-iulie-moartea-reginei-maria\/#comment-15238\"><time><br \/>\n18\/07\/2022\t\t\t\t\t\t    La\t\t\t\t\t\t    00:31<\/time><\/a><\/footer>\n<div class=\"comment-content\">\n<p>-pare ca clanu \u201carion\u201d lucreza la r3<br \/>\n(lu maxtor i se pare)<\/p>\n<\/div>\n<div class=\"comment-meta\" id=\"comment-15238\"><a rel=\"nofollow\" class=\"comment-reply-link\" href=\"https:\/\/r3media.ro\/18-iulie-moartea-reginei-maria\/#comment-15238\" data-commentid=\"15238\" data-postid=\"4882\" data-belowelement=\"comment-15238\" data-respondelement=\"respond\" data-replyto=\"R\u0103spunde-i lui maxtor\" aria-label=\"R\u0103spunde-i lui maxtor\">R\u0103spund<\/a><\/div>\n<\/article>\n<\/li>\n<li class=\"comment \" id=\"comment-15237\">\n<article>\n<footer><cite>maxtor<\/cite><a class=\"comment-link\" href=\"https:\/\/r3media.ro\/18-iulie-moartea-reginei-maria\/#comment-15237\"><time><br \/>\n18\/07\/2022\t\t\t\t\t\t    La\t\t\t\t\t\t    00:30<\/time><\/a><\/footer>\n<div class=\"comment-content\">\n<p>\u201ccalendarul zilei\u201d<br \/>\nRegina Maria nota \u00een jurnalul s\u0103u, la 5\/18 iulie 1917:<br \/>\n\u201eDe azi se schimb\u0103 ora \u2013 se d\u0103 \u00eenainte, ora \u015fapte e deja ora opt \u015fi a\u015fa mai departe.<br \/>\nA trebuit s\u0103 o facem pentru c\u0103 ru\u015fii a\u015fa procedeaz\u0103, ca s\u0103 evit\u0103m confuziile \u2013 motivul e economia la electricitate.<br \/>\nLa \u00eenceput va pricinui totu\u015fi \u00eencurc\u0103turi, f\u0103r\u0103 \u00eendoial\u0103\u201d.<\/p>\n<p>-tzarul Nicolae 2 deja fusese abdicat<br \/>\n\u201cpentru c\u0103 ru\u015fii a\u015fa procedeaz\u0103\u201d<br \/>\n(\u201crushii\u201d taiati imprejur<br \/>\nca sa fie clar)<\/p>\n<\/div>\n<div class=\"comment-meta\" id=\"comment-15237\"><a rel=\"nofollow\" class=\"comment-reply-link\" href=\"https:\/\/r3media.ro\/18-iulie-moartea-reginei-maria\/#comment-15237\" data-commentid=\"15237\" data-postid=\"4882\" data-belowelement=\"comment-15237\" data-respondelement=\"respond\" data-replyto=\"R\u0103spunde-i lui maxtor\" aria-label=\"R\u0103spunde-i lui maxtor\">R\u0103spund<\/a><\/div>\n<\/article>\n<\/li>\n<\/ol>\n<div id=\"respond\" class=\"comment-respond\">\n<h3 id=\"reply-title\" class=\"comment-reply-title\">AI CEVA DE SPUS? <small><a rel=\"nofollow\" id=\"cancel-comment-reply-link\" href=\"https:\/\/r3media.ro\/18-iulie-moartea-reginei-maria\/#respond\">Renun\u021ba\u021bi la r\u0103spuns<\/a><\/small><\/h3>\n<div class=\"comment-form-input-wrap td-form-comment\">\n<div class=\"td-warning-comment\">V\u0103 rug\u0103m s\u0103 introduce\u021bi comentariul dvs.!<\/div>\n<\/div>\n<div class=\"comment-form-input-wrap td-form-author\">\n<div class=\"td-warning-author\">Introduce\u021bi aici numele dvs.<\/div>\n<\/div>\n<div class=\"comment-form-input-wrap td-form-email\">\n<div class=\"td-warning-email-error\">A\u021bi introdus o adres\u0103 de e-mail incorect\u0103!<\/div>\n<div class=\"td-warning-email\">V\u0103 rug\u0103m s\u0103 introduce\u021bi adresa dvs. de e-mail aici<\/div>\n<\/div>\n<\/div>\n<\/div>\n<\/div>\n<\/div>\n<\/div>\n<\/div>\n<div class=\"vc_column tdi_23  wpb_column vc_column_container tdc-column td-pb-span4 td-is-sticky\">\n<div class=\"wpb_wrapper\" data-sticky-enabled-on=\"W3RydWUsdHJ1ZSx0cnVlLHRydWVd\" data-sticky-offset=\"20\" data-sticky-is-width-auto=\"W2ZhbHNlLGZhbHNlLGZhbHNlLGZhbHNlXQ==\">\n<div class=\"wpb_wrapper td_block_wrap vc_widget_sidebar tdi_25 \">\n<div class=\"td_block_wrap td_block_7 td_block_widget tdi_26 td-pb-border-top td_block_template_1 td-column-1 td_block_padding\" data-td-block-uid=\"tdi_26\">\n<div class=\"td-block-title-wrap\">\n<h4 class=\"block-title td-block-title\"><span class=\"td-pulldown-size\">Articole RELA\u021aIONATE<\/span><\/h4>\n<\/div>\n<div id=\"tdi_26\" class=\"td_block_inner\">\n<div class=\"td-block-span12\">\n<div class=\"td_module_6 td_module_wrap td-animation-stack\">\n<div class=\"td-module-thumb\"><a href=\"https:\/\/r3media.ro\/aur-sustine-ca-dan-tanasa-este-urmarit-penal-pentru-instigare-la-ura\/\" rel=\"bookmark\" class=\"td-image-wrap \" title=\"AUR sus\u021bine c\u0103 Dan T\u0103nas\u0103 este urm\u0103rit penal pentru instigare la ur\u0103\"><img loading=\"lazy\" decoding=\"async\" class=\"entry-thumb\" src=\"https:\/\/r3media.ro\/wp-content\/uploads\/2026\/05\/Tanasa-Dan-ursi-100x70.jpg\" alt title=\"AUR sus\u021bine c\u0103 Dan T\u0103nas\u0103 este urm\u0103rit penal pentru instigare la ur\u0103\" width=\"100\" height=\"70\"><\/a><\/div>\n<div class=\"item-details\">\n<h3 class=\"entry-title td-module-title\"><a href=\"https:\/\/r3media.ro\/aur-sustine-ca-dan-tanasa-este-urmarit-penal-pentru-instigare-la-ura\/\" rel=\"bookmark\" title=\"AUR sus\u021bine c\u0103 Dan T\u0103nas\u0103 este urm\u0103rit penal pentru instigare la ur\u0103\">AUR sus\u021bine c\u0103 Dan T\u0103nas\u0103 este urm\u0103rit penal pentru instigare la&#8230;<\/a><\/h3>\n<div class=\"td-module-meta-info\"><span class=\"td-post-date\"><time class=\"entry-date updated td-module-date\" datetime=\"2026-07-18T00:21:51+03:00\">18\/07\/2026<\/time><\/span><\/div>\n<\/div>\n<\/div>\n<\/div>\n<div class=\"td-block-span12\">\n<div class=\"td_module_6 td_module_wrap td-animation-stack\">\n<div class=\"td-module-thumb\"><a href=\"https:\/\/r3media.ro\/18-iulie-sf-emilian-de-la-durostor\/\" rel=\"bookmark\" class=\"td-image-wrap \" title=\"Calendarul zilei 18 iulie: Sf. Emilian de la Durostor\"><img loading=\"lazy\" decoding=\"async\" class=\"entry-thumb\" src=\"https:\/\/r3media.ro\/wp-content\/uploads\/2022\/07\/sddefault-5-100x70.jpg\" alt title=\"Calendarul zilei 18 iulie: Sf. Emilian de la Durostor\" width=\"100\" height=\"70\"><\/a><\/div>\n<div class=\"item-details\">\n<h3 class=\"entry-title td-module-title\"><a href=\"https:\/\/r3media.ro\/18-iulie-sf-emilian-de-la-durostor\/\" rel=\"bookmark\" title=\"Calendarul zilei 18 iulie: Sf. Emilian de la Durostor\">Calendarul zilei 18 iulie: Sf. Emilian de la Durostor<\/a><\/h3>\n<div class=\"td-module-meta-info\"><span class=\"td-post-date\"><time class=\"entry-date updated td-module-date\" datetime=\"2026-07-17T23:00:32+03:00\">17\/07\/2026<\/time><\/span><\/div>\n<\/div>\n<\/div>\n<\/div>\n<div class=\"td-block-span12\">\n<div class=\"td_module_6 td_module_wrap td-animation-stack\">\n<div class=\"td-module-thumb\"><a href=\"https:\/\/r3media.ro\/18-iulie-primul-10-din-istoria-gimnasticii-mondiale-obtinut-de-nadia-comaneci\/\" rel=\"bookmark\" class=\"td-image-wrap \" title=\"Calendarul zilei 18 iulie: 50 de ani la primul 10 din istoria gimnasticii mondiale, ob\u021binut de Nadia Com\u0103neci | VIDEO\"><img loading=\"lazy\" decoding=\"async\" class=\"entry-thumb\" src=\"https:\/\/r3media.ro\/wp-content\/uploads\/2023\/07\/nadia-zece-e1689670672282-100x70.jpg\" alt title=\"Calendarul zilei 18 iulie: 50 de ani la primul 10 din istoria gimnasticii mondiale, ob\u021binut de Nadia Com\u0103neci | VIDEO\" width=\"100\" height=\"70\"><\/a><\/div>\n<div class=\"item-details\">\n<h3 class=\"entry-title td-module-title\"><a href=\"https:\/\/r3media.ro\/18-iulie-primul-10-din-istoria-gimnasticii-mondiale-obtinut-de-nadia-comaneci\/\" rel=\"bookmark\" title=\"Calendarul zilei 18 iulie: 50 de ani la primul 10 din istoria gimnasticii mondiale, ob\u021binut de Nadia Com\u0103neci | VIDEO\">Calendarul zilei 18 iulie: 50 de ani la primul 10 din&#8230;<\/a><\/h3>\n<div class=\"td-module-meta-info\"><span class=\"td-post-date\"><time class=\"entry-date updated td-module-date\" datetime=\"2026-07-17T22:58:24+03:00\">17\/07\/2026<\/time><\/span><\/div>\n<\/div>\n<\/div>\n<\/div>\n<div class=\"td-block-span12\">\n<div class=\"td_module_6 td_module_wrap td-animation-stack\">\n<div class=\"td-module-thumb\"><a href=\"https:\/\/r3media.ro\/pregatiri-pentru-scoala-in-timpul-verii\/\" rel=\"bookmark\" class=\"td-image-wrap \" title=\"Preg\u0103tiri pentru \u0219coal\u0103 \u00een timpul verii\"><img loading=\"lazy\" decoding=\"async\" class=\"entry-thumb\" src=\"https:\/\/r3media.ro\/wp-content\/uploads\/2026\/07\/volodymyr-hryshchenko-7_bz84zou7g-unsplash-100x70.jpg\" alt title=\"Preg\u0103tiri pentru \u0219coal\u0103 \u00een timpul verii\" width=\"100\" height=\"70\"><\/a><\/div>\n<div class=\"item-details\">\n<h3 class=\"entry-title td-module-title\"><a href=\"https:\/\/r3media.ro\/pregatiri-pentru-scoala-in-timpul-verii\/\" rel=\"bookmark\" title=\"Preg\u0103tiri pentru \u0219coal\u0103 \u00een timpul verii\">Preg\u0103tiri pentru \u0219coal\u0103 \u00een timpul verii<\/a><\/h3>\n<div class=\"td-module-meta-info\"><span class=\"td-post-date\"><time class=\"entry-date updated td-module-date\" datetime=\"2026-07-17T19:30:26+03:00\">17\/07\/2026<\/time><\/span><\/div>\n<\/div>\n<\/div>\n<\/div>\n<div class=\"td-block-span12\">\n<div class=\"td_module_6 td_module_wrap td-animation-stack\">\n<div class=\"td-module-thumb\"><a href=\"https:\/\/r3media.ro\/plasa-sudata-cand-o-folosesti-si-cum-o-alegi-corect-pentru-armare-si-imprejmuiri\/\" rel=\"bookmark\" class=\"td-image-wrap \" title=\"Plasa sudat\u0103: c\u00e2nd o folose\u0219ti \u0219i cum o alegi corect pentru armare \u0219i \u00eemprejmuiri\"><img loading=\"lazy\" decoding=\"async\" class=\"entry-thumb\" src=\"https:\/\/r3media.ro\/wp-content\/uploads\/2026\/07\/plasa_sudat_cnd_o_foloseti_i_cum_o_alegi_corect_pentru_armare_i_mprejmuiri-100x70.jpg\" alt title=\"Plasa sudat\u0103: c\u00e2nd o folose\u0219ti \u0219i cum o alegi corect pentru armare \u0219i \u00eemprejmuiri\" width=\"100\" height=\"70\"><\/a><\/div>\n<div class=\"item-details\">\n<h3 class=\"entry-title td-module-title\"><a href=\"https:\/\/r3media.ro\/plasa-sudata-cand-o-folosesti-si-cum-o-alegi-corect-pentru-armare-si-imprejmuiri\/\" rel=\"bookmark\" title=\"Plasa sudat\u0103: c\u00e2nd o folose\u0219ti \u0219i cum o alegi corect pentru armare \u0219i \u00eemprejmuiri\">Plasa sudat\u0103: c\u00e2nd o folose\u0219ti \u0219i cum o alegi corect pentru&#8230;<\/a><\/h3>\n<div class=\"td-module-meta-info\"><span class=\"td-post-date\"><time class=\"entry-date updated td-module-date\" datetime=\"2026-07-17T19:04:24+03:00\">17\/07\/2026<\/time><\/span><\/div>\n<\/div>\n<\/div>\n<\/div>\n<div class=\"td-block-span12\">\n<div class=\"td_module_6 td_module_wrap td-animation-stack\">\n<div class=\"td-module-thumb\"><a href=\"https:\/\/r3media.ro\/primar-cetateni-oradea-presiuni-lgbt\/\" rel=\"bookmark\" class=\"td-image-wrap \" title=\"Primarul \u0219i cet\u0103\u021benii din Oradea, presa\u021bi de lobby-ul interna\u021bional LGBT s\u0103 permit\u0103 mar\u0219ul homosexualit\u0103\u021bii pe str\u0103zile ora\u0219ului\"><img loading=\"lazy\" decoding=\"async\" class=\"entry-thumb\" src=\"https:\/\/r3media.ro\/wp-content\/uploads\/2026\/07\/primaria-oradea-magnolie-bihoreanul-100x70.jpg\" alt title=\"Primarul \u0219i cet\u0103\u021benii din Oradea, presa\u021bi de lobby-ul interna\u021bional LGBT s\u0103 permit\u0103 mar\u0219ul homosexualit\u0103\u021bii pe str\u0103zile ora\u0219ului\" width=\"100\" height=\"70\"><\/a><\/div>\n<div class=\"item-details\">\n<h3 class=\"entry-title td-module-title\"><a href=\"https:\/\/r3media.ro\/primar-cetateni-oradea-presiuni-lgbt\/\" rel=\"bookmark\" title=\"Primarul \u0219i cet\u0103\u021benii din Oradea, presa\u021bi de lobby-ul interna\u021bional LGBT s\u0103 permit\u0103 mar\u0219ul homosexualit\u0103\u021bii pe str\u0103zile ora\u0219ului\">Primarul \u0219i cet\u0103\u021benii din Oradea, presa\u021bi de lobby-ul interna\u021bional LGBT s\u0103&#8230;<\/a><\/h3>\n<div class=\"td-module-meta-info\"><span class=\"td-post-date\"><time class=\"entry-date updated td-module-date\" datetime=\"2026-07-17T10:39:24+03:00\">17\/07\/2026<\/time><\/span><\/div>\n<\/div>\n<\/div>\n<\/div>\n<div class=\"td-block-span12\">\n<div class=\"td_module_6 td_module_wrap td-animation-stack\">\n<div class=\"td-module-thumb\"><a href=\"https:\/\/r3media.ro\/prof-dan-dungaciu-federatia-rusa-ajutor-pentru-ucraina\/\" rel=\"bookmark\" class=\"td-image-wrap \" title=\"Prof. Dan Dungaciu: Tu vrei s\u0103 love\u0219ti ariciul, adic\u0103 Federa\u021bia Rus\u0103, cu s\u00e2ngele, carnea \u0219i oasele ucrainenilor. \u0102sta e un ajutor pentru Ucraina?\"><img loading=\"lazy\" decoding=\"async\" class=\"entry-thumb\" src=\"https:\/\/r3media.ro\/wp-content\/uploads\/2021\/11\/Dan-Dungaciu-1024x709-1-100x70.jpg\" alt title=\"Prof. Dan Dungaciu: Tu vrei s\u0103 love\u0219ti ariciul, adic\u0103 Federa\u021bia Rus\u0103, cu s\u00e2ngele, carnea \u0219i oasele ucrainenilor. \u0102sta e un ajutor pentru Ucraina?\" width=\"100\" height=\"70\"><\/a><\/div>\n<div class=\"item-details\">\n<h3 class=\"entry-title td-module-title\"><a href=\"https:\/\/r3media.ro\/prof-dan-dungaciu-federatia-rusa-ajutor-pentru-ucraina\/\" rel=\"bookmark\" title=\"Prof. Dan Dungaciu: Tu vrei s\u0103 love\u0219ti ariciul, adic\u0103 Federa\u021bia Rus\u0103, cu s\u00e2ngele, carnea \u0219i oasele ucrainenilor. \u0102sta e un ajutor pentru Ucraina?\">Prof. Dan Dungaciu: Tu vrei s\u0103 love\u0219ti ariciul, adic\u0103 Federa\u021bia Rus\u0103,&#8230;<\/a><\/h3>\n<div class=\"td-module-meta-info\"><span class=\"td-post-date\"><time class=\"entry-date updated td-module-date\" datetime=\"2026-07-17T10:03:39+03:00\">17\/07\/2026<\/time><\/span><\/div>\n<\/div>\n<\/div>\n<\/div>\n<\/div>\n<\/div>\n<aside class=\"td_block_template_1 widget widget_recent_comments\">\n<h4 class=\"block-title\"><span>INTR\u0102 \u00ceN DISCU\u021aIE!<\/span><\/h4>\n<ul id=\"recentcomments\">\n<li class=\"recentcomments\"><span class=\"comment-author-link\">Doru<\/span> la <a href=\"https:\/\/r3media.ro\/prof-dan-dungaciu-federatia-rusa-ajutor-pentru-ucraina\/#comment-40277\">Prof. Dan Dungaciu: Tu vrei s\u0103 love\u0219ti ariciul, adic\u0103 Federa\u021bia Rus\u0103, cu s\u00e2ngele, carnea \u0219i oasele ucrainenilor. \u0102sta e un ajutor pentru Ucraina?<\/a><\/li>\n<li class=\"recentcomments\"><span class=\"comment-author-link\">Constantin<\/span> la <a href=\"https:\/\/r3media.ro\/primar-cetateni-oradea-presiuni-lgbt\/#comment-40276\">Primarul \u0219i cet\u0103\u021benii din Oradea, presa\u021bi de lobby-ul interna\u021bional LGBT s\u0103 permit\u0103 mar\u0219ul homosexualit\u0103\u021bii pe str\u0103zile ora\u0219ului<\/a><\/li>\n<li class=\"recentcomments\"><span class=\"comment-author-link\">Iulian<\/span> la <a href=\"https:\/\/r3media.ro\/nicusor-dan-romania-militar-ucraina-secret\/#comment-40275\">Nicu\u0219or Dan a spus c\u0103 Rom\u00e2nia a transferat din capabilit\u0103\u021bile sale militare defensive c\u0103tre Ucraina \u0219i c\u0103 e bine s\u0103 r\u0103m\u00e2n\u0103 secret<\/a><\/li>\n<li class=\"recentcomments\"><span class=\"comment-author-link\">Yanny<\/span> la <a href=\"https:\/\/r3media.ro\/apuseni-fest-2026-muntele-gaina-targul-de-fete\/#comment-40274\">Apuseni Fest \u2013 2026: prima edi\u021bie de muzic\u0103 electronica, la \u00een\u0103l\u021bime, pe Muntele G\u0103ina, \u00een weekendul T\u00e2rgului de Fete<\/a><\/li>\n<li class=\"recentcomments\"><span class=\"comment-author-link\">Mihaela<\/span> la <a href=\"https:\/\/r3media.ro\/ilie-bolojan-alegeri-anticipate\/#comment-40272\">Ilie Bolojan ia \u00een calcul organizarea alegerilor anticipate: Mai devreme sau mai t\u00e2rziu, s\u0103 ne \u00eentoarcem la judecata cet\u0103\u0163enilor<\/a><\/li>\n<li class=\"recentcomments\"><span class=\"comment-author-link\">Kh-47M2 Kinzhal<\/span> la <a href=\"https:\/\/r3media.ro\/premiera-mondiala-robot-transportat-barca-lupta-razboi-ucraina-video\/#comment-40271\">VIDEO | Premier\u0103 mondial\u0103! Un robot cu inteligen\u021b\u0103 artificial\u0103 transportat de o barc\u0103 lupt\u0103 \u00een r\u0103zboiul din Ucraina<\/a><\/li>\n<li class=\"recentcomments\"><span class=\"comment-author-link\">Constantin<\/span> la <a href=\"https:\/\/r3media.ro\/ambasadorul-germaniei-la-chisinau-revine-nu-a-fost-intentia-mea-sa-pun-sub-semnul-intrebarii-unitatea-chestiunii-romanesti-sau-a-credintei-crestin-ortodoxe\/#comment-40270\">Ambasadorul Germaniei la Chi\u0219in\u0103u revine: Nu a fost inten\u0163ia mea s\u0103 pun sub semnul \u00eentreb\u0103rii unitatea chestiunii rom\u00e2ne\u015fti sau a credin\u0163ei cre\u015ftin ortodoxe<\/a><\/li>\n<\/ul>\n<\/aside>\n<aside class=\"td_block_template_1 widget widget_search\">\n<h4 class=\"block-title\"><span>CAUT\u0102 \u0218I VEI G\u0102SI<\/span><\/h4>\n<\/aside>\n<\/div>\n<\/div>\n<\/div>\n<\/div>\n<\/div>\n<\/div>\n<\/div>\n<p><span class=\"td-page-meta\"><\/span><span class=\"td-page-meta\"><span class=\"td-page-meta\"><\/span><\/span><span class=\"td-page-meta\"><\/span><\/article>\n<\/p>\n<div class=\"td_block_wrap tdb_single_content tdi_18 td-pb-border-top td_block_template_1 td-post-content tagdiv-type\" data-td-block-uid=\"tdi_18\">\n<div class=\"tdb-block-inner td-fix-index\">\n<p><strong>Regina s-a n\u0103scut Marie Alexandra Victoria la Eastwell Park \u00een Marea Britanie pe 29 octombrie 1875, fiind fiica principelui Alfred al Marii Britanii, principe de Saxa-Cobur-Gotha \u0219i duce de Edinburg, \u0219i a ducesei Maria Alexandrovna a Rusiei. De asemenea, era nepoata Reginei Victoria a Marii Britanii.<\/strong><\/p>\n<p>Regina Maria s-a logodit la 16 ani cu prin\u021bul Ferdinand de Hohenzollern, mo\u0219tenitor al tronului Rom\u00e2niei, iar c\u0103s\u0103toria a avut loc la 29 decembrie 1892.<\/p>\n<p>De-a lungul vie\u021bii a urm\u0103rit mereu interesele na\u021bionale ale Rom\u00e2niei, opun\u00e2ndu-se intr\u0103rii Rom\u00e2niei \u00een Primul R\u0103zboi Mondial al\u0103turi de Puterile Centrale \u0219i a sus\u021binut alian\u021ba cu Antanta.<em>\u00a0<\/em><\/p>\n<p>Pe timpul primei conflagra\u021bii mondiale \u0219i-a \u00eenso\u021bit so\u021bul \u00een refugiul din Moldova, activ\u00e2nd ca sor\u0103 \u00een spitalele militare, ceea ce a f\u0103cut ca \u00een popor s\u0103 fie denumit\u0103 \u201eRegina Mam\u0103\u201d.<\/p>\n<figure id=\"attachment_4890\" aria-describedby=\"caption-attachment-4890\" class=\"wp-caption aligncenter\"><figcaption id=\"caption-attachment-4890\" class=\"wp-caption-text\">Sursa foto: Historice.ro<\/figcaption><\/figure>\n<p>Dup\u0103 \u00eencoronarea ca Regin\u0103 a Rom\u00e2niei Mari, Maria a participat la o campaniei diplomatic\u0103 pentru recunoa\u0219terea interna\u021bional\u0103 a statului rom\u00e2n \u00eentregit. Regina Maria a fost repede adoptat\u0103 de Armata Rom\u00e2n\u0103, mai ales dup\u0103 ce a fost numit\u0103 comandant( proprietar ) al Regimentului de Cavalerie 4 Ro\u0219iori.<\/p>\n<p>Leg\u0103tura dintre o\u0219tire \u0219i Regin\u0103 s-a sus\u021binut pe faptele suveranei pe c\u00e2mpul de lupt\u0103. Aceasta nu s-a sfiit s\u0103 lucreze \u00een serviciul sanitar, a \u00eengrijit bolnavii din lag\u0103rele de holer\u0103 sau s\u0103 \u00eengrijeasc\u0103 bolnavii de tifos din Moldova.<\/p>\n<p>F\u0103r\u0103 s\u0103-i pese de riscuri, ea st\u0103tea la c\u0103p\u0103t\u00e2iul solda\u021bilor tineri care mureau de holer\u0103, v\u0103rs\u00e2nd lacrimi pentru fiecare din ei, \u021bin\u00e2ndu-l de m\u00e2na ore \u00eentregi pe t\u00e2n\u0103rul muribund, spun\u00e2ndu-i cu toata sinceritatea c\u0103 ea \u00eei \u00eenlocuia mama, \u0219i apoi, c\u00e2nd vedea c\u0103 i se apropie sf\u00e2rsitul, lu\u00e2ndu-l \u00een bra\u021be \u0219i sprijinindu-i capul pe um\u0103rul ei p\u00e2n\u0103 c\u00e2nd \u00eesi dadea sufletul, scria Arthur Gold Lee.<\/p>\n<p>\u00cen 1917, Regina a dus sacrificiul \u00eenc\u0103 \u0219i mai departe. Suverana Rom\u00e2niei s-a \u00eencadrat, purt\u00e2nd uniforma de ofi\u021ber, \u00een sectorul de front de la Cire\u0219oaia, \u00een fa\u021ba cotei 443, pe linia \u00eent\u00e2i, la 200 de metri de inamic.<\/p>\n<p>Constantin Argetoianu, unul din politicienii vremii, scria \u00een memoriile sale (Pentru cei de m\u00e2ine: Amintiri din vremea celor de ieri) :<\/p>\n<p>\u201eOric\u00e2te gre\u0219eli va fi comis regina Maria, \u00eenainte \u0219i dup\u0103 r\u0103zboi, r\u0103zboiul r\u0103m\u00e2ne pagina ei, pagin\u0103 cu care se poate f\u0103li, pagin\u0103 care se va a\u0219eza \u00een istorie la loc de cinste. O g\u0103sim \u00een tran\u0219ee printre combatan\u021bi \u00een r\u00e2ndurile \u00eenaintate, o g\u0103sim \u00een spitale \u0219i \u00een toate posturile sanitare printre r\u0103ni\u021bi \u0219i bolnavi. O g\u0103sim de fa\u021b\u0103 la toate adun\u0103rile care \u00eencercau s\u0103 fac\u0103 pu\u021bin bine. Nu a cunoscut frica de gloan\u021be \u0219i de bombe, cum nu a cunoscut teama \u0219i sc\u00e2rba de molim\u0103 sau ner\u0103bdarea fa\u021b\u0103 de eforturile a\u0219a de des inutile, provocate de dorin\u021ba ei de mai bine. Regina Maria \u0219i-a \u00eendeplinit datoria pe toate fronturile activit\u0103\u021bilor sale, dar mai presus de toate pe acela al \u00eencuraj\u0103rii \u0219i ridic\u0103rii moralului acelora care o \u00eenconjurau \u0219i care au trebuit s\u0103 decid\u0103, \u00een cele mai tragice momente, soarta \u021b\u0103rii \u0219i a poporului s\u0103u. Se poate afirma c\u0103, \u00een r\u0103stimpul pribegiei noastre \u00een Moldova, regina Maria a \u00eentrupat aspira\u021biile cele mai \u00eenalte ale con\u0219tiin\u021bei rom\u00e2ne\u0219ti\u201d.<\/p>\n<p>At\u00e2t de mult \u0219i-a iubit poporul adoptiv, \u00eenc\u00e2t Maria a trecut, \u00een 1926, de Bunavestire, la ortodoxie. \u00centr-o ceremonie desf\u0103\u0219urat\u0103 la Palatul Regal, ea fost primit\u0103 \u00een s\u00e2nul Bisericii Ortodoxe Rom\u00e2ne de c\u0103tre Patriarhul Miron Cristea.<\/p>\n<p>S-a stins la 18 iulie 1938. Pe ultimul drum, Armata Rom\u00e2n\u0103 i-a oferit un salut unic, nerepetat vreodat\u0103 \u00een fa\u021ba unui alt om: a fost salutat\u0103 cu baionetele \u00eenfipte \u00een p\u0103m\u00e2nt \u0219i patul armei \u00een sus.<\/p>\n<p>A cerut prin testament ca trupul s\u0103-i fie \u00eenhumat \u00een biserica episcopal\u0103 de la Curtea de Arge\u0219, iar inima s\u0103 fie p\u0103strat\u0103 \u00eentr-o racl\u0103 la capela Stella Maris a re\u0219edin\u021bei din Balcic. Dup\u0103 cedarea Cadrilaterului \u00een 1940, inima reginei a fost mutat\u0103 la Bran.<\/p>\n<p>Iat\u0103 ce scria Regina Maria \u00een \u201eRegina unei \u021b\u0103ri mici, G\u00e2nduri despre \u021aara mea\u201d (Editura Predania, 2019):<\/p>\n<p>\u201eRegina unei \u021b\u0103ri mici!<br \/>\nAceia care sunt deprin\u0219i a vedea c\u00e2rmuitori ai unor \u021b\u0103ri mai mari \u00een\u021beleg prea pu\u021bin ce \u00eenseamn\u0103 aceasta.<br \/>\n\u00censeamn\u0103 munc\u0103 \u0219i griji \u0219i n\u0103dejde, \u0219i mult\u0103 trud\u0103 pentru slab\u0103 isprav\u0103. Dar larg e c\u00e2mpul, \u0219i, dac\u0103 inima are voie bun\u0103, mare e opera. C\u00e2nd eram t\u00e2n\u0103r\u0103, g\u00e2ndeam c\u0103 totul e munc\u0103, munc\u0103 piepti\u0219 \u00een sus; dar anii care trecur\u0103 au adus alt\u0103 cuno\u0219tin\u021b\u0103, o cuno\u0219tin\u021b\u0103 binecuv\u00e2ntat\u0103, \u0219i acuma \u0219tiu. \u021aara aceasta e mic\u0103, e nou\u0103, dar e o \u021bar\u0103 care mi-e drag\u0103. \u00cemi trebuie ca \u0219i altora s\u0103 le fie drag\u0103; de aceea asculta\u021bi c\u00e2teva cuvinte despre d\u00e2nsa. \u00ceng\u0103dui\u021bi-m\u0103 s\u0103 zugr\u0103vesc c\u00e2teva icoane, s\u0103 fac c\u00e2teva schi\u021be a\u0219a cum le-am v\u0103zut cu ochii \u00eent\u00e2i, apoi cu inima\u201d.<\/p>\n\n\n<div class=\"crp_related     crp-masonry\">\n<h2>\u00ceN CONTEXT<\/h2>\n<ul>\n<li><a href=\"https:\/\/r3media.ro\/calendarul-zilei-25-septembrie-nasterea-mariei-tanase-probabil-cea-mai-mare-voce-a-muzicii-romanesti\/\" class=\"crp_link post-54931\"><span class=\"crp_title\">Calendarul zilei 25 septembrie: 112 ani de la na\u0219terea Mariei T\u0103nase, probabil cea mai mare\u2026<\/span><\/a><\/li>\n<li><a href=\"https:\/\/r3media.ro\/calendarul-zilei-25-iulie-81-de-la-finalizarea-campaniei-militare-de-eliberare-a-basarabiei-si-a-nordului-bucovinei-de-sub-ocupatie-sovietica\/\" class=\"crp_link post-51149\"><span class=\"crp_title\">Calendarul zilei 25 iulie: 84 de la finalizarea campaniei militare de eliberare a Basarabiei\u2026<\/span><\/a><\/li>\n<li><a href=\"https:\/\/r3media.ro\/calendarul-zilei-4-august-1919-cucerirea-budapestei-de-catre-armata-romana\/\" class=\"crp_link post-25422\"><span class=\"crp_title\">Calendarul zilei: 4 august 1919, cucerirea Budapestei de c\u0103tre Armata Rom\u00e2n\u0103<\/span><\/a><\/li>\n<li><a href=\"https:\/\/r3media.ro\/8-septembrie-nasterea-maicii-domnului-sau-sfanta-maria-mica\/\" class=\"crp_link post-803\"><span class=\"crp_title\">Calendarul zilei 8 septembrie: Na\u0219terea Maicii Domnului sau Sf\u00e2nta Maria Mic\u0103<\/span><\/a><\/li>\n<li><a href=\"https:\/\/r3media.ro\/calendarul-zilei-22-iulie-sfanta-mironosita-si-intocmai-cu-apostolii-maria-magdalena-si-sfantul-preot-marturisitor-ilie-lacatusu\/\" class=\"crp_link post-111886\"><span class=\"crp_title\">Calendarul zilei 22 iulie: Sf\u00e2nta Mironosi\u021b\u0103 \u0219i \u00centocmai cu Apostolii Maria Magdalena \u0219i\u2026<\/span><\/a><\/li>\n<li><a href=\"https:\/\/r3media.ro\/calendarul-zilei-4-aprilie-1944-cea-mai-neagra-zi-a-capitalei-2942-de-bucuresteni-ucisi-de-bombardamentele-americane-aviatorii-care-au-adus-moartea-au-monumente-romanii\/\" class=\"crp_link post-17571\"><span class=\"crp_title\">Calendarul zilei | 4 aprilie 1944, cea mai neagr\u0103 zi a Capitalei: 2942 de bucure\u0219teni uci\u0219i\u2026<\/span><\/a><\/li>\n<li><a href=\"https:\/\/r3media.ro\/calendarul-zilei-7-ianuarie-sfantul-ioan-botezatorul-craciunul-pe-calendarul-vechi\/\" class=\"crp_link post-10400\"><span class=\"crp_title\">Calendarul zilei 7 ianuarie: Sf\u00e2ntul Ioan Botez\u0103torul. Cr\u0103ciunul pe calendarul vechi<\/span><\/a><\/li>\n<li><a href=\"https:\/\/r3media.ro\/calendarul-zilei-3-aprilie-ziua-jandarmeriei-romane\/\" class=\"crp_link post-41983\"><span class=\"crp_title\">Calendarul zilei 3 aprilie: Ziua Jandarmeriei Rom\u00e2ne<\/span><\/a><\/li>\n<\/ul>\n<\/div>\n<\/div>\n<\/div>\n<p>[analyse_source url=&#8221;https:\/\/r3media.ro\/18-iulie-moartea-reginei-maria\/&#8221;]<\/p>\n","protected":false},"excerpt":{"rendered":"<p>[analyse_image type=&#8221;featured&#8221; src=&#8221;https:\/\/r3media.ro\/wp-content\/uploads\/2020\/10\/29-octombrie-regina-maria.jpghttps:\/\/r3media.ro\/wp-content\/uploads\/2020\/10\/29-octombrie-regina-maria.jpg&#8221;] PRIM PLANCalendarul zilei 18 iulie: 88 de ani de la moartea Reginei Maria,&#8230; PRIM PLAN\u0218TIRIVIDEO Calendarul zilei 18 iulie: 88 de ani de la moartea Reginei Maria, singura femeie onorat\u0103 pe ultimul drum de Armata Rom\u00e2n\u0103 Radu Ursan 17\/07\/2026 Regina s-a n\u0103scut Marie Alexandra Victoria la Eastwell Park \u00een Marea Britanie pe [&hellip;]<\/p>\n","protected":false},"author":1,"featured_media":0,"comment_status":"open","ping_status":"","sticky":false,"template":"","format":"standard","meta":{"footnotes":""},"categories":[89],"tags":[226,93],"class_list":["post-2049198","post","type-post","status-publish","format-standard","hentry","category-romania","tag-crawlmanager","tag-r3media-ro"],"_links":{"self":[{"href":"https:\/\/analyse.optim.biz\/index.php?rest_route=\/wp\/v2\/posts\/2049198","targetHints":{"allow":["GET"]}}],"collection":[{"href":"https:\/\/analyse.optim.biz\/index.php?rest_route=\/wp\/v2\/posts"}],"about":[{"href":"https:\/\/analyse.optim.biz\/index.php?rest_route=\/wp\/v2\/types\/post"}],"author":[{"embeddable":true,"href":"https:\/\/analyse.optim.biz\/index.php?rest_route=\/wp\/v2\/users\/1"}],"replies":[{"embeddable":true,"href":"https:\/\/analyse.optim.biz\/index.php?rest_route=%2Fwp%2Fv2%2Fcomments&post=2049198"}],"version-history":[{"count":0,"href":"https:\/\/analyse.optim.biz\/index.php?rest_route=\/wp\/v2\/posts\/2049198\/revisions"}],"wp:attachment":[{"href":"https:\/\/analyse.optim.biz\/index.php?rest_route=%2Fwp%2Fv2%2Fmedia&parent=2049198"}],"wp:term":[{"taxonomy":"category","embeddable":true,"href":"https:\/\/analyse.optim.biz\/index.php?rest_route=%2Fwp%2Fv2%2Fcategories&post=2049198"},{"taxonomy":"post_tag","embeddable":true,"href":"https:\/\/analyse.optim.biz\/index.php?rest_route=%2Fwp%2Fv2%2Ftags&post=2049198"}],"curies":[{"name":"wp","href":"https:\/\/api.w.org\/{rel}","templated":true}]}}