{"id":2049190,"date":"2026-07-17T16:30:26","date_gmt":"2026-07-17T13:30:26","guid":{"rendered":"https:\/\/analyse.optim.biz\/?p=2049190"},"modified":"2026-07-17T16:30:26","modified_gmt":"2026-07-17T13:30:26","slug":"pregatiri-pentru-scoala-in-timpul-verii","status":"publish","type":"post","link":"https:\/\/analyse.optim.biz\/?p=2049190","title":{"rendered":"Preg\u0103tiri pentru \u0219coal\u0103 \u00een timpul verii"},"content":{"rendered":"<p>[analyse_image type=&#8221;featured&#8221; src=&#8221;https:\/\/r3media.ro\/wp-content\/uploads\/2026\/07\/volodymyr-hryshchenko-7_bz84zou7g-unsplash-e1784305797310.jpghttps:\/\/r3media.ro\/wp-content\/uploads\/2026\/07\/volodymyr-hryshchenko-7_bz84zou7g-unsplash-e1784305797310.jpg&#8221;]<\/p>\n<article id=\"template-id-109\" class=\"post-109 tdb_templates type-tdb_templates status-publish post\">\n<div id=\"tdi_2\" class=\"tdc-zone\">\n<div class=\"tdc_zone tdi_3  wpb_row td-pb-row\">\n<div id=\"tdi_4\" class=\"tdc-row\">\n<div class=\"vc_row tdi_5  wpb_row td-pb-row\">\n<div class=\"vc_column tdi_7  wpb_column vc_column_container tdc-column td-pb-span8\">\n<div class=\"wpb_wrapper\">\n<div class=\"td_block_wrap tdb_breadcrumbs tdi_8 td-pb-border-top td_block_template_1 tdb-breadcrumbs \" data-td-block-uid=\"tdi_8\">\n<div class=\"tdb-block-inner td-fix-index\"><span><a title=\"Vede\u021bi toate articolele \u00een ECONOMIE\" class=\"tdb-entry-crumb\" href=\"https:\/\/r3media.ro\/category\/economie\/\">ECONOMIE<\/a><\/span><span class=\"tdb-bred-no-url-last\">Preg\u0103tiri pentru \u0219coal\u0103 \u00een timpul verii<\/span><\/div>\n<\/div>\n<div class=\"td_block_wrap tdb_single_categories tdi_9 td-pb-border-top td_block_template_1 \" data-td-block-uid=\"tdi_9\">\n<div class=\"tdb-category td-fix-index\"><a class=\"tdb-entry-category\" href=\"https:\/\/r3media.ro\/category\/economie\/\">ECONOMIE<\/a><\/div>\n<\/div>\n<div class=\"td_block_wrap tdb_title tdi_10 tdb-single-title td-pb-border-top td_block_template_1\" data-td-block-uid=\"tdi_10\">\n<div class=\"tdb-block-inner td-fix-index\">\n<h1 class=\"tdb-title-text\">Preg\u0103tiri pentru \u0219coal\u0103 \u00een timpul verii<\/h1>\n<\/div>\n<\/div>\n<div class=\"vc_row_inner tdi_12  vc_row vc_inner wpb_row td-pb-row\">\n<div class=\"vc_column_inner tdi_14  wpb_column vc_column_container tdc-inner-column td-pb-span12\">\n<div class=\"vc_column-inner\">\n<div class=\"wpb_wrapper\">\n<div class=\"td_block_wrap tdb_single_author tdi_15 td-pb-border-top td_block_template_1 tdb-post-meta\" data-td-block-uid=\"tdi_15\">\n<div class=\"tdb-block-inner td-fix-index\">\n<div class=\"tdb-author-name-wrap\"><a class=\"tdb-author-name\" href=\"https:\/\/r3media.ro\/author\/promo\/\">Promo<\/a><\/div>\n<\/div>\n<\/div>\n<div class=\"td_block_wrap tdb_single_date tdi_16 td-pb-border-top td_block_template_1 tdb-post-meta\" data-td-block-uid=\"tdi_16\">\n<div class=\"tdb-block-inner td-fix-index\"><time class=\"entry-date updated td-module-date\" datetime=\"2026-07-17T19:30:26+03:00\">17\/07\/2026<\/time><\/div>\n<\/div>\n<\/div>\n<\/div>\n<\/div>\n<\/div>\n<div class=\"td_block_wrap tdb_single_content tdi_18 td-pb-border-top td_block_template_1 td-post-content tagdiv-type\" data-td-block-uid=\"tdi_18\">\n<div class=\"tdb-block-inner td-fix-index\">\n<p><em>De\u0219i suntem abia la \u00eenceputul verii \u0219i g\u00e2ndul tuturor zboar\u0103 \u00een mod firesc la vacan\u021be, mare \u0219i zile lungi de relaxare, realitatea de p\u0103rinte ne \u0219opte\u0219te c\u0103 timpul trece extrem de repede. Cei mai mul\u021bi dintre noi l\u0103s\u0103m cump\u0103r\u0103turile pentru \u0219coal\u0103 pe ultima sut\u0103 de metri, adic\u0103 \u00een acele weekenduri aglomerate din septembrie c\u00e2nd magazinele devin ne\u00eenc\u0103p\u0103toare \u0219i pre\u021burile par s\u0103 explodeze. Schimbarea acestei abord\u0103ri chiar de acum, din primele s\u0103pt\u0103m\u00e2ni de vacan\u021b\u0103, poate fi cea mai bun\u0103 decizie pe care o lu\u0103m anul acesta pentru lini\u0219tea familiei. Cump\u0103rarea treptat\u0103 a rechizitelor ne ajut\u0103 s\u0103 \u00eemp\u0103r\u021bim efortul financiar pe mai multe luni, elimin\u00e2nd complet acea gaur\u0103 uria\u0219\u0103 \u00een bugetul de la sf\u00e2r\u0219itul verii. \u00cen plus, c\u00e2nd nu e\u0219ti presat de timp, po\u021bi alege mult mai ra\u021bional \u0219i po\u021bi g\u0103si exact materialele de care cel mic are nevoie pentru un \u00eenceput de an f\u0103r\u0103 stres.<\/em><\/p>\n<h2>Cum punem la punct col\u021bul de studiu de acas\u0103 \u00eenc\u0103 din timpul vacan\u021bei<\/h2>\n<p>Vara este momentul perfect pentru a face acea cur\u0103\u021benie general\u0103 \u00een camera copiilor pe care am tot am\u00e2nat-o \u00een timpul semestrelor aglomerate. \u00cenainte s\u0103 ne g\u00e2ndim la ce punem \u00een ghiozdan, merit\u0103 s\u0103 ne ocup\u0103m de spa\u021biul unde se vor face temele de la toamn\u0103. \u00cen loc s\u0103 transform\u0103m biroul \u00eentr-un depozit temporar de juc\u0103rii \u0219i haine de var\u0103, putem folosi aceste s\u0103pt\u0103m\u00e2ni lejere pentru a-l organiza eficient. C\u00e2teva <a href=\"https:\/\/www.action.com\/ro-ro\/c\/birou-si-scoala\/\" target=\"_blank\" rel=\"noopener\">accesorii birou<\/a> alese inteligent vor schimba complet dinamica camerei \u0219i vor face ca tranzi\u021bia din septembrie s\u0103 fie mult mai lin\u0103.<\/p>\n<p>Un suport simplu pentru instrumentele de scris, un dosar pentru desene \u0219i un set de sertare mici din plastic sunt suficiente pentru a stabili reguli clare de ordine. Atunci c\u00e2nd copilul particip\u0103 la a\u0219ezarea lor acum, c\u00e2nd nu are presiunea temelor zilnice, va privi acest spa\u021biu cu mult mai mult\u0103 m\u00e2ndrie \u0219i responsabilitate. Este mult mai u\u0219or s\u0103 men\u021bii ordinea din toamn\u0103 dac\u0103 porne\u0219ti cu o baz\u0103 solid\u0103 creat\u0103 \u00een timpul verii.<\/p>\n<h2>Cum select\u0103m produsele esen\u021biale f\u0103r\u0103 graba dinaintea primei clopo\u021bele<\/h2>\n<p>Atunci c\u00e2nd magazinele nu sunt \u00eenc\u0103 asaltate de mii de cump\u0103r\u0103tori panica\u021bi, ai timp s\u0103 verifici cu aten\u021bie calitatea fiec\u0103rui caiet \u0219i a fiec\u0103rui instrument de scris. \u0218tim deja c\u0103 produsele slabe se stric\u0103 rapid \u0219i ne oblig\u0103 la noi drumuri \u00een timpul iernii, a\u0219a c\u0103 o analiz\u0103 atent\u0103 a ofertelor de <a href=\"https:\/\/www.action.com\/ro-ro\/c\/birou-si-scoala\/papetarie\/\" target=\"_blank\" rel=\"noopener\">papetarie<\/a> este esen\u021bial\u0103. Nu trebuie s\u0103 ne l\u0103s\u0103m influen\u021ba\u021bi doar de coper\u021bile colorate cu personaje la mod\u0103, ci mai degrab\u0103 de grosimea h\u00e2rtiei \u0219i de rezisten\u021ba materialelor.<\/p>\n<p>O planificare timpurie ne permite s\u0103 cump\u0103r\u0103m c\u00e2te un set de creioane bune sau c\u00e2teva caiete de calitate la fiecare sesiune de cump\u0103r\u0103turi s\u0103pt\u0103m\u00e2nale. \u00cen felul acesta, c\u00e2nd va sosi momentul deschiderii \u0219colii, vom constata cu bucurie c\u0103 avem deja totul preg\u0103tit, f\u0103r\u0103 s\u0103 fi sim\u021bit vreo presiune major\u0103 asupra portofelului.<\/p>\n<h2>Strategia cump\u0103r\u0103turilor inteligente \u00een plin sezon estival<\/h2>\n<p>Marea preg\u0103tire nu trebuie s\u0103 \u00eensemne bugete uria\u0219e l\u0103sate \u00een libr\u0103riile exclusiviste din marile centre comerciale. Pentru obiectele de uz zilnic este mult mai inteligent s\u0103 ne orient\u0103m c\u0103tre magazine care ofer\u0103 o gam\u0103 variat\u0103 la pre\u021buri accesibile. Un loc ideal pentru a bifa aceste cump\u0103r\u0103turi din timp este magazinul Action, unde g\u0103se\u0219ti rechizite durabile \u0219i accesorii practice f\u0103r\u0103 s\u0103 \u00ee\u021bi destabilizezi economiile. Achizi\u021bionarea lor acum ne ofer\u0103 siguran\u021ba c\u0103 cel mic va \u00eencepe \u0219coala cu dreptul, \u00een timp ce noi ne putem bucura \u00een lini\u0219te de restul verii.<\/p>\n<\/div>\n<\/div>\n<div class=\"td_block_wrap td_block_9 tdi_20 td_with_ajax_pagination td-pb-border-top td_block_template_1 td-column-2 td_block_padding td_block_bot_line\" data-td-block-uid=\"tdi_20\">\n<div class=\"td-block-title-wrap\">\n<h4 class=\"block-title td-block-title\"><span class=\"td-pulldown-size\">CITE\u0218TE MAI MULT<\/span><\/h4>\n<\/div>\n<div id=\"tdi_20\" class=\"td_block_inner\">\n<div class=\"td-block-row\">\n<div class=\"td-block-span6\">\n<div class=\"td_module_8 td_module_wrap\">\n<div class=\"item-details\">\n<h3 class=\"entry-title td-module-title\"><a href=\"https:\/\/r3media.ro\/prof-ioan-aurel-pop-ong-antisemitism-xenofobie\/\" rel=\"bookmark\" title=\"Prof. Ioan-Aurel Pop: Anumite ONG-uri vor s\u0103 \u00eent\u0103reasc\u0103 antisemitismul \u0219i xenofobia, pentru c\u0103 ele s-au \u00eenfiin\u021bat ca s\u0103 combat\u0103 asemenea lucruri\">Prof. Ioan-Aurel Pop: Anumite ONG-uri vor s\u0103 \u00eent\u0103reasc\u0103 antisemitismul \u0219i xenofobia, pentru c\u0103 ele&#8230;<\/a><\/h3>\n<div class=\"td-module-meta-info\"><a href=\"https:\/\/r3media.ro\/category\/stiri-prim-plan\/\" class=\"td-post-category\">PRIM PLAN<\/a><span class=\"td-post-author-name\"><a href=\"https:\/\/r3media.ro\/author\/radu_ursan\/\">Radu Ursan<\/a><span>&#8211;<\/span><\/span><span class=\"td-post-date\"><time class=\"entry-date updated td-module-date\" datetime=\"2026-07-16T15:28:25+03:00\">16\/07\/2026<\/time><\/span><\/div>\n<\/div>\n<\/div>\n<\/div>\n<div class=\"td-block-span6\">\n<div class=\"td_module_8 td_module_wrap\">\n<div class=\"item-details\">\n<h3 class=\"entry-title td-module-title\"><a href=\"https:\/\/r3media.ro\/criza-apei-grecia-sapte-insule-stare-de-urgenta-localnici-recolte\/\" rel=\"bookmark\" title=\"Criza apei pe \u0219apte insule din Grecia: A fost emis\u0103 stare de urgen\u021b\u0103. Localnicii nu mai au cu ce s\u0103-\u0219i ude recoltele\">Criza apei pe \u0219apte insule din Grecia: A fost emis\u0103 stare de urgen\u021b\u0103. Localnicii&#8230;<\/a><\/h3>\n<div class=\"td-module-meta-info\"><a href=\"https:\/\/r3media.ro\/category\/featured\/\" class=\"td-post-category\">FEATURED<\/a><span class=\"td-post-author-name\"><a href=\"https:\/\/r3media.ro\/author\/oana\/\">Oana Ivan<\/a><span>&#8211;<\/span><\/span><span class=\"td-post-date\"><time class=\"entry-date updated td-module-date\" datetime=\"2026-07-16T17:55:42+03:00\">16\/07\/2026<\/time><\/span><\/div>\n<\/div>\n<\/div>\n<\/div>\n<\/div>\n<div class=\"td-block-row\">\n<div class=\"td-block-span6\">\n<div class=\"td_module_8 td_module_wrap\">\n<div class=\"item-details\">\n<h3 class=\"entry-title td-module-title\"><a href=\"https:\/\/r3media.ro\/revolte-violente-franta-eliminare-cupa-mondiala-spania-video\/\" rel=\"bookmark\" title=\"VIDEO | Revolte violente \u00een Fran\u021ba dup\u0103 eliminarea de la Cupa Mondial\u0103\">VIDEO | Revolte violente \u00een Fran\u021ba dup\u0103 eliminarea de la Cupa Mondial\u0103<\/a><\/h3>\n<div class=\"td-module-meta-info\"><a href=\"https:\/\/r3media.ro\/category\/actualitate\/\" class=\"td-post-category\">ACTUALITATE<\/a><span class=\"td-post-author-name\"><a href=\"https:\/\/r3media.ro\/author\/oana\/\">Oana Ivan<\/a><span>&#8211;<\/span><\/span><span class=\"td-post-date\"><time class=\"entry-date updated td-module-date\" datetime=\"2026-07-15T15:35:05+03:00\">15\/07\/2026<\/time><\/span><\/div>\n<\/div>\n<\/div>\n<\/div>\n<div class=\"td-block-span6\">\n<div class=\"td_module_8 td_module_wrap\">\n<div class=\"item-details\">\n<h3 class=\"entry-title td-module-title\"><a href=\"https:\/\/r3media.ro\/deznationala-frantei-a-invins-franta\/\" rel=\"bookmark\" title=\"Dezna\u021bionala Fran\u021bei a \u00eenvins Fran\u021ba \u00a0\u00a0\">Dezna\u021bionala Fran\u021bei a \u00eenvins Fran\u021ba \u00a0\u00a0<\/a><\/h3>\n<div class=\"td-module-meta-info\"><a href=\"https:\/\/r3media.ro\/category\/sport\/cupa-mondiala-2026\/\" class=\"td-post-category\">CUPA MONDIALA 2026 AMERICA<\/a><span class=\"td-post-author-name\"><a href=\"https:\/\/r3media.ro\/author\/tru\/\">TRU (Traian Ungureanu)<\/a><span>&#8211;<\/span><\/span><span class=\"td-post-date\"><time class=\"entry-date updated td-module-date\" datetime=\"2026-07-15T20:57:25+03:00\">15\/07\/2026<\/time><\/span><\/div>\n<\/div>\n<\/div>\n<\/div>\n<\/div>\n<div class=\"td-block-row\">\n<div class=\"td-block-span6\">\n<div class=\"td_module_8 td_module_wrap\">\n<div class=\"item-details\">\n<h3 class=\"entry-title td-module-title\"><a href=\"https:\/\/r3media.ro\/cine-este-cu-adevarat-francez\/\" rel=\"bookmark\" title=\"Cine este cu adev\u0103rat francez?\">Cine este cu adev\u0103rat francez?<\/a><\/h3>\n<div class=\"td-module-meta-info\"><a href=\"https:\/\/r3media.ro\/category\/actualitate\/\" class=\"td-post-category\">ACTUALITATE<\/a><span class=\"td-post-author-name\"><a href=\"https:\/\/r3media.ro\/author\/gabipopa\/\">Gabriel Popa<\/a><span>&#8211;<\/span><\/span><span class=\"td-post-date\"><time class=\"entry-date updated td-module-date\" datetime=\"2026-07-15T09:52:34+03:00\">15\/07\/2026<\/time><\/span><\/div>\n<\/div>\n<\/div>\n<\/div>\n<div class=\"td-block-span6\">\n<div class=\"td_module_8 td_module_wrap\">\n<div class=\"item-details\">\n<h3 class=\"entry-title td-module-title\"><a href=\"https:\/\/r3media.ro\/ioan-aurel-pop-lege-vexler-razboi-istoria\/\" rel=\"bookmark\" title=\"Ioan-Aurel Pop critic\u0103 legea Vexler \u00eentr-un articol de neratat: Nu putem s\u0103 ducem un r\u0103zboi cu istoria\">Ioan-Aurel Pop critic\u0103 legea Vexler \u00eentr-un articol de neratat: Nu putem s\u0103 ducem un&#8230;<\/a><\/h3>\n<div class=\"td-module-meta-info\"><a href=\"https:\/\/r3media.ro\/category\/actualitate\/\" class=\"td-post-category\">ACTUALITATE<\/a><span class=\"td-post-author-name\"><a href=\"https:\/\/r3media.ro\/author\/radu_ursan\/\">Radu Ursan<\/a><span>&#8211;<\/span><\/span><span class=\"td-post-date\"><time class=\"entry-date updated td-module-date\" datetime=\"2026-07-12T21:42:54+03:00\">12\/07\/2026<\/time><\/span><\/div>\n<\/div>\n<\/div>\n<\/div>\n<\/div>\n<div class=\"td-block-row\">\n<div class=\"td-block-span6\">\n<div class=\"td_module_8 td_module_wrap\">\n<div class=\"item-details\">\n<h3 class=\"entry-title td-module-title\"><a href=\"https:\/\/r3media.ro\/scandalul-rachetelor-patriot-zguduie-polonia-varsovia-declasifica-tot-ajutorul-militar-acordat-ucrainei\/\" rel=\"bookmark\" title=\"Scandalul rachetelor Patriot zguduie Polonia: Var\u0219ovia declasific\u0103 tot ajutorul militar acordat Ucrainei\">Scandalul rachetelor Patriot zguduie Polonia: Var\u0219ovia declasific\u0103 tot ajutorul militar acordat Ucrainei<\/a><\/h3>\n<div class=\"td-module-meta-info\"><a href=\"https:\/\/r3media.ro\/category\/stiri\/\" class=\"td-post-category\">\u0218TIRI<\/a><span class=\"td-post-author-name\"><a href=\"https:\/\/r3media.ro\/author\/radu_ursan\/\">Radu Ursan<\/a><span>&#8211;<\/span><\/span><span class=\"td-post-date\"><time class=\"entry-date updated td-module-date\" datetime=\"2026-07-12T20:43:04+03:00\">12\/07\/2026<\/time><\/span><\/div>\n<\/div>\n<\/div>\n<\/div>\n<div class=\"td-block-span6\">\n<div class=\"td_module_8 td_module_wrap\">\n<div class=\"item-details\">\n<h3 class=\"entry-title td-module-title\"><a href=\"https:\/\/r3media.ro\/ce-ne-facem-cu-atatia-prosti\/\" rel=\"bookmark\" title=\"Ce ne facem cu at\u00e2\u021bia pro\u0219ti?\">Ce ne facem cu at\u00e2\u021bia pro\u0219ti?<\/a><\/h3>\n<div class=\"td-module-meta-info\"><a href=\"https:\/\/r3media.ro\/category\/opinii\/\" class=\"td-post-category\">OPINII<\/a><span class=\"td-post-author-name\"><a href=\"https:\/\/r3media.ro\/author\/alexandru_racu\/\">Alexandru Racu<\/a><span>&#8211;<\/span><\/span><span class=\"td-post-date\"><time class=\"entry-date updated td-module-date\" datetime=\"2026-07-12T14:11:45+03:00\">12\/07\/2026<\/time><\/span><\/div>\n<\/div>\n<\/div>\n<\/div>\n<\/div>\n<div class=\"td-block-row\">\n<div class=\"td-block-span6\">\n<div class=\"td_module_8 td_module_wrap\">\n<div class=\"item-details\">\n<h3 class=\"entry-title td-module-title\"><a href=\"https:\/\/r3media.ro\/guvernul-sanchez-demoleaza-monumentul-de-la-majadahonda-ion-mota-vasile-marin-lupta-rzaboiul-civil-spaniol-comunisti\/\" rel=\"bookmark\" title=\"Guvernul Sanchez demoleaz\u0103 Monumentul de la Majadahonda, dedicat lui Ion Mo\u021ba \u0219i Vasile Marin, rom\u00e2nii care au luptat \u00eempotriva comuni\u0219tilor \u00een R\u0103zboiul Civil Spaniol\">Guvernul Sanchez demoleaz\u0103 Monumentul de la Majadahonda, dedicat lui Ion Mo\u021ba \u0219i Vasile Marin,&#8230;<\/a><\/h3>\n<div class=\"td-module-meta-info\"><a href=\"https:\/\/r3media.ro\/category\/actualitate\/\" class=\"td-post-category\">ACTUALITATE<\/a><span class=\"td-post-author-name\"><a href=\"https:\/\/r3media.ro\/author\/oana\/\">Oana Ivan<\/a><span>&#8211;<\/span><\/span><span class=\"td-post-date\"><time class=\"entry-date updated td-module-date\" datetime=\"2026-07-12T01:11:49+03:00\">12\/07\/2026<\/time><\/span><\/div>\n<\/div>\n<\/div>\n<\/div>\n<div class=\"td-block-span6\">\n<div class=\"td_module_8 td_module_wrap\">\n<div class=\"item-details\">\n<h3 class=\"entry-title td-module-title\"><a href=\"https:\/\/r3media.ro\/sofer-surpriza-neplacuta-benzinarie-austria-oprit-apa-portbagaj\/\" rel=\"bookmark\" title=\"Un \u0219ofer a avut parte de o surpriz\u0103 nepl\u0103cut\u0103 la benzin\u0103rie dup\u0103 ce a oprit un minut \u0219i 28 de secunde pentru a scoate o sticl\u0103 de ap\u0103 din portbagaj\">Un \u0219ofer a avut parte de o surpriz\u0103 nepl\u0103cut\u0103 la benzin\u0103rie dup\u0103 ce a&#8230;<\/a><\/h3>\n<div class=\"td-module-meta-info\"><a href=\"https:\/\/r3media.ro\/category\/actualitate\/\" class=\"td-post-category\">ACTUALITATE<\/a><span class=\"td-post-author-name\"><a href=\"https:\/\/r3media.ro\/author\/oana\/\">Oana Ivan<\/a><span>&#8211;<\/span><\/span><span class=\"td-post-date\"><time class=\"entry-date updated td-module-date\" datetime=\"2026-07-11T13:00:01+03:00\">11\/07\/2026<\/time><\/span><\/div>\n<\/div>\n<\/div>\n<\/div>\n<\/div>\n<div class=\"td-block-row\">\n<div class=\"td-block-span6\">\n<div class=\"td_module_8 td_module_wrap\">\n<div class=\"item-details\">\n<h3 class=\"entry-title td-module-title\"><a href=\"https:\/\/r3media.ro\/o-femeie-mentalitate-femei-moderne-printese-disney\/\" rel=\"bookmark\" title=\"VIDEO | O femeie critic\u0103 mentalitatea femeii moderne care distruge rela\u021bia cu b\u0103rbatul s\u0103u: Suntem crescute \u00een ideea de prin\u021bese, dar nu suntem la Disney\">VIDEO | O femeie critic\u0103 mentalitatea femeii moderne care distruge rela\u021bia cu b\u0103rbatul s\u0103u:&#8230;<\/a><\/h3>\n<div class=\"td-module-meta-info\"><a href=\"https:\/\/r3media.ro\/category\/actualitate\/\" class=\"td-post-category\">ACTUALITATE<\/a><span class=\"td-post-author-name\"><a href=\"https:\/\/r3media.ro\/author\/teodor_stan\/\">Teodor Stan<\/a><span>&#8211;<\/span><\/span><span class=\"td-post-date\"><time class=\"entry-date updated td-module-date\" datetime=\"2026-07-10T12:47:58+03:00\">10\/07\/2026<\/time><\/span><\/div>\n<\/div>\n<\/div>\n<\/div>\n<div class=\"td-block-span6\">\n<div class=\"td_module_8 td_module_wrap\">\n<div class=\"item-details\">\n<h3 class=\"entry-title td-module-title\"><a href=\"https:\/\/r3media.ro\/cutremur-5-5-grade-scara-richter-resimtit-cehia-slovacia\/\" rel=\"bookmark\" title=\"Cutremur de 5.5 grade pe scara Richter. S-a resim\u021bit \u00een Cehia \u0219i Slovacia\">Cutremur de 5.5 grade pe scara Richter. S-a resim\u021bit \u00een Cehia \u0219i Slovacia<\/a><\/h3>\n<div class=\"td-module-meta-info\"><a href=\"https:\/\/r3media.ro\/category\/actualitate\/\" class=\"td-post-category\">ACTUALITATE<\/a><span class=\"td-post-author-name\"><a href=\"https:\/\/r3media.ro\/author\/oana\/\">Oana Ivan<\/a><span>&#8211;<\/span><\/span><span class=\"td-post-date\"><time class=\"entry-date updated td-module-date\" datetime=\"2026-07-09T20:48:24+03:00\">09\/07\/2026<\/time><\/span><\/div>\n<\/div>\n<\/div>\n<\/div>\n<\/div>\n<\/div>\n<div class=\"td-load-more-wrap td-load-more-infinite-wrap\" id=\"infinite-lm-tdi_20\"><a href=\"https:\/\/r3media.ro\/pregatiri-pentru-scoala-in-timpul-verii\/\" class=\"td_ajax_load_more td_ajax_load_more_js\" aria-label=\"\u00cenc\u0103rca\u021bi mai multe\" id=\"next-page-tdi_20\" data-td_block_id=\"tdi_20\">\u00cenc\u0103rca\u021bi mai multe<\/a><\/div>\n<\/div>\n<div class=\"td_block_wrap tdb_single_comments tdi_21 tdb-comm-layout2 td-pb-border-top td_block_template_1\" data-td-block-uid=\"tdi_21\">\n<div class=\"tdb-block-inner td-fix-index\">\n<div class=\"comments\" id=\"comments\">\n<div id=\"respond\" class=\"comment-respond\">\n<h3 id=\"reply-title\" class=\"comment-reply-title\">AI CEVA DE SPUS? <small><a rel=\"nofollow\" id=\"cancel-comment-reply-link\" href=\"https:\/\/r3media.ro\/pregatiri-pentru-scoala-in-timpul-verii\/#respond\">Renun\u021ba\u021bi la r\u0103spuns<\/a><\/small><\/h3>\n<div class=\"comment-form-input-wrap td-form-comment\">\n<div class=\"td-warning-comment\">V\u0103 rug\u0103m s\u0103 introduce\u021bi comentariul dvs.!<\/div>\n<\/div>\n<div class=\"comment-form-input-wrap td-form-author\">\n<div class=\"td-warning-author\">Introduce\u021bi aici numele dvs.<\/div>\n<\/div>\n<div class=\"comment-form-input-wrap td-form-email\">\n<div class=\"td-warning-email-error\">A\u021bi introdus o adres\u0103 de e-mail incorect\u0103!<\/div>\n<div class=\"td-warning-email\">V\u0103 rug\u0103m s\u0103 introduce\u021bi adresa dvs. de e-mail aici<\/div>\n<\/div>\n<\/div>\n<\/div>\n<\/div>\n<\/div>\n<\/div>\n<\/div>\n<div class=\"vc_column tdi_23  wpb_column vc_column_container tdc-column td-pb-span4 td-is-sticky\">\n<div class=\"wpb_wrapper\" data-sticky-enabled-on=\"W3RydWUsdHJ1ZSx0cnVlLHRydWVd\" data-sticky-offset=\"20\" data-sticky-is-width-auto=\"W2ZhbHNlLGZhbHNlLGZhbHNlLGZhbHNlXQ==\">\n<div class=\"wpb_wrapper td_block_wrap vc_widget_sidebar tdi_25 \">\n<div class=\"td_block_wrap td_block_7 td_block_widget tdi_26 td-pb-border-top td_block_template_1 td-column-1 td_block_padding\" data-td-block-uid=\"tdi_26\">\n<div class=\"td-block-title-wrap\">\n<h4 class=\"block-title td-block-title\"><span class=\"td-pulldown-size\">Articole RELA\u021aIONATE<\/span><\/h4>\n<\/div>\n<div id=\"tdi_26\" class=\"td_block_inner\">\n<div class=\"td-block-span12\">\n<div class=\"td_module_6 td_module_wrap td-animation-stack\">\n<div class=\"td-module-thumb\"><a href=\"https:\/\/r3media.ro\/aur-sustine-ca-dan-tanasa-este-urmarit-penal-pentru-instigare-la-ura\/\" rel=\"bookmark\" class=\"td-image-wrap \" title=\"AUR sus\u021bine c\u0103 Dan T\u0103nas\u0103 este urm\u0103rit penal pentru instigare la ur\u0103\"><img loading=\"lazy\" decoding=\"async\" class=\"entry-thumb\" src=\"https:\/\/r3media.ro\/wp-content\/uploads\/2026\/05\/Tanasa-Dan-ursi-100x70.jpg\" alt title=\"AUR sus\u021bine c\u0103 Dan T\u0103nas\u0103 este urm\u0103rit penal pentru instigare la ur\u0103\" width=\"100\" height=\"70\"><\/a><\/div>\n<div class=\"item-details\">\n<h3 class=\"entry-title td-module-title\"><a href=\"https:\/\/r3media.ro\/aur-sustine-ca-dan-tanasa-este-urmarit-penal-pentru-instigare-la-ura\/\" rel=\"bookmark\" title=\"AUR sus\u021bine c\u0103 Dan T\u0103nas\u0103 este urm\u0103rit penal pentru instigare la ur\u0103\">AUR sus\u021bine c\u0103 Dan T\u0103nas\u0103 este urm\u0103rit penal pentru instigare la&#8230;<\/a><\/h3>\n<div class=\"td-module-meta-info\"><span class=\"td-post-date\"><time class=\"entry-date updated td-module-date\" datetime=\"2026-07-18T00:21:51+03:00\">18\/07\/2026<\/time><\/span><\/div>\n<\/div>\n<\/div>\n<\/div>\n<div class=\"td-block-span12\">\n<div class=\"td_module_6 td_module_wrap td-animation-stack\">\n<div class=\"td-module-thumb\"><a href=\"https:\/\/r3media.ro\/18-iulie-moartea-reginei-maria\/\" rel=\"bookmark\" class=\"td-image-wrap \" title=\"Calendarul zilei 18 iulie: 88 de ani de la moartea Reginei Maria, singura femeie onorat\u0103 pe ultimul drum de Armata Rom\u00e2n\u0103\"><img loading=\"lazy\" decoding=\"async\" class=\"entry-thumb\" src=\"https:\/\/r3media.ro\/wp-content\/uploads\/2020\/10\/29-octombrie-regina-maria-100x70.jpg\" alt title=\"Calendarul zilei 18 iulie: 88 de ani de la moartea Reginei Maria, singura femeie onorat\u0103 pe ultimul drum de Armata Rom\u00e2n\u0103\" width=\"100\" height=\"70\"><\/a><\/div>\n<div class=\"item-details\">\n<h3 class=\"entry-title td-module-title\"><a href=\"https:\/\/r3media.ro\/18-iulie-moartea-reginei-maria\/\" rel=\"bookmark\" title=\"Calendarul zilei 18 iulie: 88 de ani de la moartea Reginei Maria, singura femeie onorat\u0103 pe ultimul drum de Armata Rom\u00e2n\u0103\">Calendarul zilei 18 iulie: 88 de ani de la moartea Reginei&#8230;<\/a><\/h3>\n<div class=\"td-module-meta-info\"><span class=\"td-post-date\"><time class=\"entry-date updated td-module-date\" datetime=\"2026-07-17T23:12:50+03:00\">17\/07\/2026<\/time><\/span><\/div>\n<\/div>\n<\/div>\n<\/div>\n<div class=\"td-block-span12\">\n<div class=\"td_module_6 td_module_wrap td-animation-stack\">\n<div class=\"td-module-thumb\"><a href=\"https:\/\/r3media.ro\/18-iulie-sf-emilian-de-la-durostor\/\" rel=\"bookmark\" class=\"td-image-wrap \" title=\"Calendarul zilei 18 iulie: Sf. Emilian de la Durostor\"><img loading=\"lazy\" decoding=\"async\" class=\"entry-thumb\" src=\"https:\/\/r3media.ro\/wp-content\/uploads\/2022\/07\/sddefault-5-100x70.jpg\" alt title=\"Calendarul zilei 18 iulie: Sf. Emilian de la Durostor\" width=\"100\" height=\"70\"><\/a><\/div>\n<div class=\"item-details\">\n<h3 class=\"entry-title td-module-title\"><a href=\"https:\/\/r3media.ro\/18-iulie-sf-emilian-de-la-durostor\/\" rel=\"bookmark\" title=\"Calendarul zilei 18 iulie: Sf. Emilian de la Durostor\">Calendarul zilei 18 iulie: Sf. Emilian de la Durostor<\/a><\/h3>\n<div class=\"td-module-meta-info\"><span class=\"td-post-date\"><time class=\"entry-date updated td-module-date\" datetime=\"2026-07-17T23:00:32+03:00\">17\/07\/2026<\/time><\/span><\/div>\n<\/div>\n<\/div>\n<\/div>\n<div class=\"td-block-span12\">\n<div class=\"td_module_6 td_module_wrap td-animation-stack\">\n<div class=\"td-module-thumb\"><a href=\"https:\/\/r3media.ro\/18-iulie-primul-10-din-istoria-gimnasticii-mondiale-obtinut-de-nadia-comaneci\/\" rel=\"bookmark\" class=\"td-image-wrap \" title=\"Calendarul zilei 18 iulie: 50 de ani la primul 10 din istoria gimnasticii mondiale, ob\u021binut de Nadia Com\u0103neci | VIDEO\"><img loading=\"lazy\" decoding=\"async\" class=\"entry-thumb\" src=\"https:\/\/r3media.ro\/wp-content\/uploads\/2023\/07\/nadia-zece-e1689670672282-100x70.jpg\" alt title=\"Calendarul zilei 18 iulie: 50 de ani la primul 10 din istoria gimnasticii mondiale, ob\u021binut de Nadia Com\u0103neci | VIDEO\" width=\"100\" height=\"70\"><\/a><\/div>\n<div class=\"item-details\">\n<h3 class=\"entry-title td-module-title\"><a href=\"https:\/\/r3media.ro\/18-iulie-primul-10-din-istoria-gimnasticii-mondiale-obtinut-de-nadia-comaneci\/\" rel=\"bookmark\" title=\"Calendarul zilei 18 iulie: 50 de ani la primul 10 din istoria gimnasticii mondiale, ob\u021binut de Nadia Com\u0103neci | VIDEO\">Calendarul zilei 18 iulie: 50 de ani la primul 10 din&#8230;<\/a><\/h3>\n<div class=\"td-module-meta-info\"><span class=\"td-post-date\"><time class=\"entry-date updated td-module-date\" datetime=\"2026-07-17T22:58:24+03:00\">17\/07\/2026<\/time><\/span><\/div>\n<\/div>\n<\/div>\n<\/div>\n<div class=\"td-block-span12\">\n<div class=\"td_module_6 td_module_wrap td-animation-stack\">\n<div class=\"td-module-thumb\"><a href=\"https:\/\/r3media.ro\/plasa-sudata-cand-o-folosesti-si-cum-o-alegi-corect-pentru-armare-si-imprejmuiri\/\" rel=\"bookmark\" class=\"td-image-wrap \" title=\"Plasa sudat\u0103: c\u00e2nd o folose\u0219ti \u0219i cum o alegi corect pentru armare \u0219i \u00eemprejmuiri\"><img loading=\"lazy\" decoding=\"async\" class=\"entry-thumb\" src=\"https:\/\/r3media.ro\/wp-content\/uploads\/2026\/07\/plasa_sudat_cnd_o_foloseti_i_cum_o_alegi_corect_pentru_armare_i_mprejmuiri-100x70.jpg\" alt title=\"Plasa sudat\u0103: c\u00e2nd o folose\u0219ti \u0219i cum o alegi corect pentru armare \u0219i \u00eemprejmuiri\" width=\"100\" height=\"70\"><\/a><\/div>\n<div class=\"item-details\">\n<h3 class=\"entry-title td-module-title\"><a href=\"https:\/\/r3media.ro\/plasa-sudata-cand-o-folosesti-si-cum-o-alegi-corect-pentru-armare-si-imprejmuiri\/\" rel=\"bookmark\" title=\"Plasa sudat\u0103: c\u00e2nd o folose\u0219ti \u0219i cum o alegi corect pentru armare \u0219i \u00eemprejmuiri\">Plasa sudat\u0103: c\u00e2nd o folose\u0219ti \u0219i cum o alegi corect pentru&#8230;<\/a><\/h3>\n<div class=\"td-module-meta-info\"><span class=\"td-post-date\"><time class=\"entry-date updated td-module-date\" datetime=\"2026-07-17T19:04:24+03:00\">17\/07\/2026<\/time><\/span><\/div>\n<\/div>\n<\/div>\n<\/div>\n<div class=\"td-block-span12\">\n<div class=\"td_module_6 td_module_wrap td-animation-stack\">\n<div class=\"td-module-thumb\"><a href=\"https:\/\/r3media.ro\/primar-cetateni-oradea-presiuni-lgbt\/\" rel=\"bookmark\" class=\"td-image-wrap \" title=\"Primarul \u0219i cet\u0103\u021benii din Oradea, presa\u021bi de lobby-ul interna\u021bional LGBT s\u0103 permit\u0103 mar\u0219ul homosexualit\u0103\u021bii pe str\u0103zile ora\u0219ului\"><img loading=\"lazy\" decoding=\"async\" class=\"entry-thumb\" src=\"https:\/\/r3media.ro\/wp-content\/uploads\/2026\/07\/primaria-oradea-magnolie-bihoreanul-100x70.jpg\" alt title=\"Primarul \u0219i cet\u0103\u021benii din Oradea, presa\u021bi de lobby-ul interna\u021bional LGBT s\u0103 permit\u0103 mar\u0219ul homosexualit\u0103\u021bii pe str\u0103zile ora\u0219ului\" width=\"100\" height=\"70\"><\/a><\/div>\n<div class=\"item-details\">\n<h3 class=\"entry-title td-module-title\"><a href=\"https:\/\/r3media.ro\/primar-cetateni-oradea-presiuni-lgbt\/\" rel=\"bookmark\" title=\"Primarul \u0219i cet\u0103\u021benii din Oradea, presa\u021bi de lobby-ul interna\u021bional LGBT s\u0103 permit\u0103 mar\u0219ul homosexualit\u0103\u021bii pe str\u0103zile ora\u0219ului\">Primarul \u0219i cet\u0103\u021benii din Oradea, presa\u021bi de lobby-ul interna\u021bional LGBT s\u0103&#8230;<\/a><\/h3>\n<div class=\"td-module-meta-info\"><span class=\"td-post-date\"><time class=\"entry-date updated td-module-date\" datetime=\"2026-07-17T10:39:24+03:00\">17\/07\/2026<\/time><\/span><\/div>\n<\/div>\n<\/div>\n<\/div>\n<div class=\"td-block-span12\">\n<div class=\"td_module_6 td_module_wrap td-animation-stack\">\n<div class=\"td-module-thumb\"><a href=\"https:\/\/r3media.ro\/prof-dan-dungaciu-federatia-rusa-ajutor-pentru-ucraina\/\" rel=\"bookmark\" class=\"td-image-wrap \" title=\"Prof. Dan Dungaciu: Tu vrei s\u0103 love\u0219ti ariciul, adic\u0103 Federa\u021bia Rus\u0103, cu s\u00e2ngele, carnea \u0219i oasele ucrainenilor. \u0102sta e un ajutor pentru Ucraina?\"><img loading=\"lazy\" decoding=\"async\" class=\"entry-thumb\" src=\"https:\/\/r3media.ro\/wp-content\/uploads\/2021\/11\/Dan-Dungaciu-1024x709-1-100x70.jpg\" alt title=\"Prof. Dan Dungaciu: Tu vrei s\u0103 love\u0219ti ariciul, adic\u0103 Federa\u021bia Rus\u0103, cu s\u00e2ngele, carnea \u0219i oasele ucrainenilor. \u0102sta e un ajutor pentru Ucraina?\" width=\"100\" height=\"70\"><\/a><\/div>\n<div class=\"item-details\">\n<h3 class=\"entry-title td-module-title\"><a href=\"https:\/\/r3media.ro\/prof-dan-dungaciu-federatia-rusa-ajutor-pentru-ucraina\/\" rel=\"bookmark\" title=\"Prof. Dan Dungaciu: Tu vrei s\u0103 love\u0219ti ariciul, adic\u0103 Federa\u021bia Rus\u0103, cu s\u00e2ngele, carnea \u0219i oasele ucrainenilor. \u0102sta e un ajutor pentru Ucraina?\">Prof. Dan Dungaciu: Tu vrei s\u0103 love\u0219ti ariciul, adic\u0103 Federa\u021bia Rus\u0103,&#8230;<\/a><\/h3>\n<div class=\"td-module-meta-info\"><span class=\"td-post-date\"><time class=\"entry-date updated td-module-date\" datetime=\"2026-07-17T10:03:39+03:00\">17\/07\/2026<\/time><\/span><\/div>\n<\/div>\n<\/div>\n<\/div>\n<\/div>\n<\/div>\n<aside class=\"td_block_template_1 widget widget_recent_comments\">\n<h4 class=\"block-title\"><span>INTR\u0102 \u00ceN DISCU\u021aIE!<\/span><\/h4>\n<ul id=\"recentcomments\">\n<li class=\"recentcomments\"><span class=\"comment-author-link\">Doru<\/span> la <a href=\"https:\/\/r3media.ro\/prof-dan-dungaciu-federatia-rusa-ajutor-pentru-ucraina\/#comment-40277\">Prof. Dan Dungaciu: Tu vrei s\u0103 love\u0219ti ariciul, adic\u0103 Federa\u021bia Rus\u0103, cu s\u00e2ngele, carnea \u0219i oasele ucrainenilor. \u0102sta e un ajutor pentru Ucraina?<\/a><\/li>\n<li class=\"recentcomments\"><span class=\"comment-author-link\">Constantin<\/span> la <a href=\"https:\/\/r3media.ro\/primar-cetateni-oradea-presiuni-lgbt\/#comment-40276\">Primarul \u0219i cet\u0103\u021benii din Oradea, presa\u021bi de lobby-ul interna\u021bional LGBT s\u0103 permit\u0103 mar\u0219ul homosexualit\u0103\u021bii pe str\u0103zile ora\u0219ului<\/a><\/li>\n<li class=\"recentcomments\"><span class=\"comment-author-link\">Iulian<\/span> la <a href=\"https:\/\/r3media.ro\/nicusor-dan-romania-militar-ucraina-secret\/#comment-40275\">Nicu\u0219or Dan a spus c\u0103 Rom\u00e2nia a transferat din capabilit\u0103\u021bile sale militare defensive c\u0103tre Ucraina \u0219i c\u0103 e bine s\u0103 r\u0103m\u00e2n\u0103 secret<\/a><\/li>\n<li class=\"recentcomments\"><span class=\"comment-author-link\">Yanny<\/span> la <a href=\"https:\/\/r3media.ro\/apuseni-fest-2026-muntele-gaina-targul-de-fete\/#comment-40274\">Apuseni Fest \u2013 2026: prima edi\u021bie de muzic\u0103 electronica, la \u00een\u0103l\u021bime, pe Muntele G\u0103ina, \u00een weekendul T\u00e2rgului de Fete<\/a><\/li>\n<li class=\"recentcomments\"><span class=\"comment-author-link\">Mihaela<\/span> la <a href=\"https:\/\/r3media.ro\/ilie-bolojan-alegeri-anticipate\/#comment-40272\">Ilie Bolojan ia \u00een calcul organizarea alegerilor anticipate: Mai devreme sau mai t\u00e2rziu, s\u0103 ne \u00eentoarcem la judecata cet\u0103\u0163enilor<\/a><\/li>\n<li class=\"recentcomments\"><span class=\"comment-author-link\">Kh-47M2 Kinzhal<\/span> la <a href=\"https:\/\/r3media.ro\/premiera-mondiala-robot-transportat-barca-lupta-razboi-ucraina-video\/#comment-40271\">VIDEO | Premier\u0103 mondial\u0103! Un robot cu inteligen\u021b\u0103 artificial\u0103 transportat de o barc\u0103 lupt\u0103 \u00een r\u0103zboiul din Ucraina<\/a><\/li>\n<li class=\"recentcomments\"><span class=\"comment-author-link\">Constantin<\/span> la <a href=\"https:\/\/r3media.ro\/ambasadorul-germaniei-la-chisinau-revine-nu-a-fost-intentia-mea-sa-pun-sub-semnul-intrebarii-unitatea-chestiunii-romanesti-sau-a-credintei-crestin-ortodoxe\/#comment-40270\">Ambasadorul Germaniei la Chi\u0219in\u0103u revine: Nu a fost inten\u0163ia mea s\u0103 pun sub semnul \u00eentreb\u0103rii unitatea chestiunii rom\u00e2ne\u015fti sau a credin\u0163ei cre\u015ftin ortodoxe<\/a><\/li>\n<\/ul>\n<\/aside>\n<aside class=\"td_block_template_1 widget widget_search\">\n<h4 class=\"block-title\"><span>CAUT\u0102 \u0218I VEI G\u0102SI<\/span><\/h4>\n<\/aside>\n<\/div>\n<\/div>\n<\/div>\n<\/div>\n<\/div>\n<\/div>\n<\/div>\n<p><span class=\"td-page-meta\"><\/span><span class=\"td-page-meta\"><span class=\"td-page-meta\"><\/span><\/span><span class=\"td-page-meta\"><\/span><\/article>\n<\/p>\n<div class=\"td_block_wrap tdb_single_content tdi_18 td-pb-border-top td_block_template_1 td-post-content tagdiv-type\" data-td-block-uid=\"tdi_18\">\n<div class=\"tdb-block-inner td-fix-index\">\n<p><em>De\u0219i suntem abia la \u00eenceputul verii \u0219i g\u00e2ndul tuturor zboar\u0103 \u00een mod firesc la vacan\u021be, mare \u0219i zile lungi de relaxare, realitatea de p\u0103rinte ne \u0219opte\u0219te c\u0103 timpul trece extrem de repede. Cei mai mul\u021bi dintre noi l\u0103s\u0103m cump\u0103r\u0103turile pentru \u0219coal\u0103 pe ultima sut\u0103 de metri, adic\u0103 \u00een acele weekenduri aglomerate din septembrie c\u00e2nd magazinele devin ne\u00eenc\u0103p\u0103toare \u0219i pre\u021burile par s\u0103 explodeze. Schimbarea acestei abord\u0103ri chiar de acum, din primele s\u0103pt\u0103m\u00e2ni de vacan\u021b\u0103, poate fi cea mai bun\u0103 decizie pe care o lu\u0103m anul acesta pentru lini\u0219tea familiei. Cump\u0103rarea treptat\u0103 a rechizitelor ne ajut\u0103 s\u0103 \u00eemp\u0103r\u021bim efortul financiar pe mai multe luni, elimin\u00e2nd complet acea gaur\u0103 uria\u0219\u0103 \u00een bugetul de la sf\u00e2r\u0219itul verii. \u00cen plus, c\u00e2nd nu e\u0219ti presat de timp, po\u021bi alege mult mai ra\u021bional \u0219i po\u021bi g\u0103si exact materialele de care cel mic are nevoie pentru un \u00eenceput de an f\u0103r\u0103 stres.<\/em><\/p>\n<h2>Cum punem la punct col\u021bul de studiu de acas\u0103 \u00eenc\u0103 din timpul vacan\u021bei<\/h2>\n<p>Vara este momentul perfect pentru a face acea cur\u0103\u021benie general\u0103 \u00een camera copiilor pe care am tot am\u00e2nat-o \u00een timpul semestrelor aglomerate. \u00cenainte s\u0103 ne g\u00e2ndim la ce punem \u00een ghiozdan, merit\u0103 s\u0103 ne ocup\u0103m de spa\u021biul unde se vor face temele de la toamn\u0103. \u00cen loc s\u0103 transform\u0103m biroul \u00eentr-un depozit temporar de juc\u0103rii \u0219i haine de var\u0103, putem folosi aceste s\u0103pt\u0103m\u00e2ni lejere pentru a-l organiza eficient. C\u00e2teva <a href=\"https:\/\/www.action.com\/ro-ro\/c\/birou-si-scoala\/\" target=\"_blank\" rel=\"noopener\">accesorii birou<\/a> alese inteligent vor schimba complet dinamica camerei \u0219i vor face ca tranzi\u021bia din septembrie s\u0103 fie mult mai lin\u0103.<\/p>\n<p>Un suport simplu pentru instrumentele de scris, un dosar pentru desene \u0219i un set de sertare mici din plastic sunt suficiente pentru a stabili reguli clare de ordine. Atunci c\u00e2nd copilul particip\u0103 la a\u0219ezarea lor acum, c\u00e2nd nu are presiunea temelor zilnice, va privi acest spa\u021biu cu mult mai mult\u0103 m\u00e2ndrie \u0219i responsabilitate. Este mult mai u\u0219or s\u0103 men\u021bii ordinea din toamn\u0103 dac\u0103 porne\u0219ti cu o baz\u0103 solid\u0103 creat\u0103 \u00een timpul verii.<\/p>\n<h2>Cum select\u0103m produsele esen\u021biale f\u0103r\u0103 graba dinaintea primei clopo\u021bele<\/h2>\n<p>Atunci c\u00e2nd magazinele nu sunt \u00eenc\u0103 asaltate de mii de cump\u0103r\u0103tori panica\u021bi, ai timp s\u0103 verifici cu aten\u021bie calitatea fiec\u0103rui caiet \u0219i a fiec\u0103rui instrument de scris. \u0218tim deja c\u0103 produsele slabe se stric\u0103 rapid \u0219i ne oblig\u0103 la noi drumuri \u00een timpul iernii, a\u0219a c\u0103 o analiz\u0103 atent\u0103 a ofertelor de <a href=\"https:\/\/www.action.com\/ro-ro\/c\/birou-si-scoala\/papetarie\/\" target=\"_blank\" rel=\"noopener\">papetarie<\/a> este esen\u021bial\u0103. Nu trebuie s\u0103 ne l\u0103s\u0103m influen\u021ba\u021bi doar de coper\u021bile colorate cu personaje la mod\u0103, ci mai degrab\u0103 de grosimea h\u00e2rtiei \u0219i de rezisten\u021ba materialelor.<\/p>\n<p>O planificare timpurie ne permite s\u0103 cump\u0103r\u0103m c\u00e2te un set de creioane bune sau c\u00e2teva caiete de calitate la fiecare sesiune de cump\u0103r\u0103turi s\u0103pt\u0103m\u00e2nale. \u00cen felul acesta, c\u00e2nd va sosi momentul deschiderii \u0219colii, vom constata cu bucurie c\u0103 avem deja totul preg\u0103tit, f\u0103r\u0103 s\u0103 fi sim\u021bit vreo presiune major\u0103 asupra portofelului.<\/p>\n<h2>Strategia cump\u0103r\u0103turilor inteligente \u00een plin sezon estival<\/h2>\n<p>Marea preg\u0103tire nu trebuie s\u0103 \u00eensemne bugete uria\u0219e l\u0103sate \u00een libr\u0103riile exclusiviste din marile centre comerciale. Pentru obiectele de uz zilnic este mult mai inteligent s\u0103 ne orient\u0103m c\u0103tre magazine care ofer\u0103 o gam\u0103 variat\u0103 la pre\u021buri accesibile. Un loc ideal pentru a bifa aceste cump\u0103r\u0103turi din timp este magazinul Action, unde g\u0103se\u0219ti rechizite durabile \u0219i accesorii practice f\u0103r\u0103 s\u0103 \u00ee\u021bi destabilizezi economiile. Achizi\u021bionarea lor acum ne ofer\u0103 siguran\u021ba c\u0103 cel mic va \u00eencepe \u0219coala cu dreptul, \u00een timp ce noi ne putem bucura \u00een lini\u0219te de restul verii.<\/p>\n<\/div>\n<\/div>\n<p>[analyse_source url=&#8221;https:\/\/r3media.ro\/pregatiri-pentru-scoala-in-timpul-verii\/&#8221;]<\/p>\n","protected":false},"excerpt":{"rendered":"<p>[analyse_image type=&#8221;featured&#8221; src=&#8221;https:\/\/r3media.ro\/wp-content\/uploads\/2026\/07\/volodymyr-hryshchenko-7_bz84zou7g-unsplash-e1784305797310.jpghttps:\/\/r3media.ro\/wp-content\/uploads\/2026\/07\/volodymyr-hryshchenko-7_bz84zou7g-unsplash-e1784305797310.jpg&#8221;] ECONOMIEPreg\u0103tiri pentru \u0219coal\u0103 \u00een timpul verii ECONOMIE Preg\u0103tiri pentru \u0219coal\u0103 \u00een timpul verii Promo 17\/07\/2026 De\u0219i suntem abia la \u00eenceputul verii \u0219i g\u00e2ndul tuturor zboar\u0103 \u00een mod firesc la vacan\u021be, mare \u0219i zile lungi de relaxare, realitatea de p\u0103rinte ne \u0219opte\u0219te c\u0103 timpul trece extrem de repede. Cei mai mul\u021bi dintre noi [&hellip;]<\/p>\n","protected":false},"author":1,"featured_media":0,"comment_status":"open","ping_status":"","sticky":false,"template":"","format":"standard","meta":{"footnotes":""},"categories":[89],"tags":[226,93],"class_list":["post-2049190","post","type-post","status-publish","format-standard","hentry","category-romania","tag-crawlmanager","tag-r3media-ro"],"_links":{"self":[{"href":"https:\/\/analyse.optim.biz\/index.php?rest_route=\/wp\/v2\/posts\/2049190","targetHints":{"allow":["GET"]}}],"collection":[{"href":"https:\/\/analyse.optim.biz\/index.php?rest_route=\/wp\/v2\/posts"}],"about":[{"href":"https:\/\/analyse.optim.biz\/index.php?rest_route=\/wp\/v2\/types\/post"}],"author":[{"embeddable":true,"href":"https:\/\/analyse.optim.biz\/index.php?rest_route=\/wp\/v2\/users\/1"}],"replies":[{"embeddable":true,"href":"https:\/\/analyse.optim.biz\/index.php?rest_route=%2Fwp%2Fv2%2Fcomments&post=2049190"}],"version-history":[{"count":0,"href":"https:\/\/analyse.optim.biz\/index.php?rest_route=\/wp\/v2\/posts\/2049190\/revisions"}],"wp:attachment":[{"href":"https:\/\/analyse.optim.biz\/index.php?rest_route=%2Fwp%2Fv2%2Fmedia&parent=2049190"}],"wp:term":[{"taxonomy":"category","embeddable":true,"href":"https:\/\/analyse.optim.biz\/index.php?rest_route=%2Fwp%2Fv2%2Fcategories&post=2049190"},{"taxonomy":"post_tag","embeddable":true,"href":"https:\/\/analyse.optim.biz\/index.php?rest_route=%2Fwp%2Fv2%2Ftags&post=2049190"}],"curies":[{"name":"wp","href":"https:\/\/api.w.org\/{rel}","templated":true}]}}