{"id":2048525,"date":"2026-07-16T09:29:01","date_gmt":"2026-07-16T06:29:01","guid":{"rendered":"https:\/\/analyse.optim.biz\/?p=2048525"},"modified":"2026-07-16T09:29:01","modified_gmt":"2026-07-16T06:29:01","slug":"campania-o-vara-in-siguranta-recomandari-pentru-prevenirea-furturilor-in-sezonul-estival","status":"publish","type":"post","link":"https:\/\/analyse.optim.biz\/?p=2048525","title":{"rendered":"CAMPANIA \u201eO VAR\u0102 \u00ceN SIGURAN\u021a\u0102\u201d Recomand\u0103ri pentru prevenirea furturilor \u00een sezonul estival"},"content":{"rendered":"<p>[analyse_image type=&#8221;featured&#8221; src=&#8221;https:\/\/infotulcea.ro\/wp-content\/uploads\/2026\/07\/ipj-2.jpeghttps:\/\/infotulcea.ro\/wp-content\/uploads\/2026\/07\/ipj-2.jpeg&#8221;]<\/p>\n<div id=\"content\" class=\"site-content container\">\n<div id=\"main-content-row\" class=\"tie-row main-content-row\">\n<div class=\"main-content tie-col-md-8 tie-col-xs-12\" role=\"main\">\n<article id=\"the-post\" class=\"container-wrapper post-content tie-standard\">\n<header class=\"entry-header-outer\">\n<nav id=\"breadcrumb\"><a href=\"https:\/\/infotulcea.ro\/\"> Home<\/a><em class=\"delimiter\">\/<\/em><a href=\"https:\/\/infotulcea.ro\/categorie\/comunicate\/\">Comunicate<\/a><em class=\"delimiter\">\/<\/em><span class=\"current\">CAMPANIA \u201eO VAR\u0102 \u00ceN SIGURAN\u021a\u0102\u201d  Recomand\u0103ri pentru prevenirea furturilor \u00een sezonul estival<\/span><\/nav>\n<div class=\"entry-header\"><span class=\"post-cat-wrap\"><a class=\"post-cat tie-cat-35\" href=\"https:\/\/infotulcea.ro\/categorie\/comunicate\/\">Comunicate<\/a><\/span><\/p>\n<h1 class=\"post-title entry-title\">\n\t\t\tCAMPANIA \u201eO VAR\u0102 \u00ceN SIGURAN\u021a\u0102\u201d  Recomand\u0103ri pentru prevenirea furturilor \u00een sezonul estival\t\t<\/h1>\n<div class=\"single-post-meta post-meta clearfix\"><span class=\"author-meta single-author no-avatars\"><span class=\"meta-item meta-author-wrapper meta-author-9\"><span class=\"meta-author\"><a href=\"https:\/\/infotulcea.ro\/author\/redactia-2\/\" class=\"author-name tie-icon\" title=\"Redactia\">Redactia<\/a><\/span><\/span><\/span><span class=\"date meta-item tie-icon\">16 iulie 2026<\/span><\/p>\n<div class=\"tie-alignright\"><span class=\"meta-comment tie-icon meta-item fa-before\">0<\/span><span class=\"meta-views meta-item \"> 182 <\/span><span class=\"meta-reading-time meta-item\"> 1 minute read<\/span><\/div>\n<\/div>\n<\/div>\n<\/header>\n<div class=\"entry-content entry clearfix\">\n<p><strong>Vacan\u021bele, concediile \u0219i timpul petrecut \u00een aer liber sunt specifice sezonului estival, \u00eens\u0103 aceast\u0103 perioad\u0103 poate reprezenta \u0219i o oportunitate pentru persoanele care urm\u0103resc s\u0103 comit\u0103 furturi.<\/strong><\/p>\n<p>Pentru cre\u0219terea gradului de siguran\u021b\u0103 al cet\u0103\u021benilor, poli\u021bi\u0219tii din cadrul Inspectoratului de Poli\u021bie Jude\u021bean Tulcea desf\u0103\u0219oar\u0103, \u00een aceast\u0103 perioad\u0103, activit\u0103\u021bi informativ-preventive \u00een cadrul campaniei \u201eO var\u0103 \u00een siguran\u021b\u0103\u201d, av\u00e2nd ca scop informarea popula\u021biei cu privire la m\u0103surile simple prin care pot fi prevenite furturile din locuin\u021be, din autoturisme, precum \u0219i cele din buzunare sau gen\u021bi.<\/p>\n<p>Pentru prevenirea furturilor din locuin\u021be, poli\u021bi\u0219tii recomand\u0103:<\/p>\n<p>\u2013 \u00eencuia\u021bi \u00eentotdeauna u\u0219a locuin\u021bei \u0219i asigura\u021bi ferestrele, chiar \u0219i atunci c\u00e2nd pleca\u021bi pentru scurt timp;<\/p>\n<p>\u2013 nu p\u0103stra\u021bi sume mari de bani sau bunuri de valoare \u00een locuri u\u0219or accesibile;<\/p>\n<p>\u2013 evita\u021bi s\u0103 face\u021bi publice pe re\u021belele de socializare informa\u021bii despre plecarea \u00een concediu;<\/p>\n<p>\u2013 solicita\u021bi sprijinul unei persoane de \u00eencredere pentru a supraveghea locuin\u021ba \u00een perioada \u00een care sunte\u021bi pleca\u021bi.<\/p>\n<p>Pentru prevenirea furturilor din autoturisme:<\/p>\n<p>\u2013 nu l\u0103sa\u021bi la vedere telefoane mobile, gen\u021bi, portofele, laptopuri sau alte obiecte de valoare;<\/p>\n<p>\u2013 \u00eenchide\u021bi geamurile \u0219i asigura\u021bi portierele de fiecare dat\u0103 c\u00e2nd p\u0103r\u0103si\u021bi autoturismul;<\/p>\n<p>\u2013 parca\u021bi, pe c\u00e2t posibil, \u00een locuri iluminate \u0219i circulate.<\/p>\n<p>Pentru prevenirea furturilor din buzunare \u0219i gen\u021bi:<\/p>\n<p>\u2013 p\u0103stra\u021bi portofelul, telefonul mobil \u0219i documentele \u00een buzunare interioare sau compartimente \u00eenchise;<\/p>\n<p>\u2013 purta\u021bi geanta \u00een partea din fa\u021b\u0103 a corpului, \u00een special \u00een zonele aglomerate;<\/p>\n<p>\u2013 manifesta\u021bi aten\u021bie sporit\u0103 \u00een pie\u021be, centre comerciale, mijloace de transport \u00een comun \u0219i \u00een timpul evenimentelor publice;<\/p>\n<source sizes=\"(max-width: 230px) 100vw, 230px\" type=\"image\/webp\" data-srcset=\"https:\/\/infotulcea.ro\/wp-content\/uploads\/2026\/07\/ipj-2-333x500.jpeg.webp 333w, https:\/\/infotulcea.ro\/wp-content\/uploads\/2026\/07\/ipj-2-683x1024.jpeg.webp 683w, https:\/\/infotulcea.ro\/wp-content\/uploads\/2026\/07\/ipj-2-768x1152.jpeg.webp 768w, https:\/\/infotulcea.ro\/wp-content\/uploads\/2026\/07\/ipj-2.jpeg.webp 1024w\" \/>\n<p><img loading=\"lazy\" decoding=\"async\" class=\" wp-image-40116 alignleft\" src=\"https:\/\/infotulcea.ro\/wp-content\/uploads\/2026\/07\/ipj-2-333x500.jpeg\" alt width=\"230\" height=\"345\">\u2013 evita\u021bi s\u0103 ave\u021bi asupra dumneavoastr\u0103 sume mari de bani \u00een numerar.<\/p>\n<p>Siguran\u021ba \u00eencepe cu m\u0103suri simple de prevenire. Prin adoptarea unui comportament responsabil \u0219i atent, fiecare dintre noi poate contribui la reducerea riscului de a deveni victima unei infrac\u021biuni.<\/p>\n<p>Inspectoratul de Poli\u021bie Jude\u021bean Tulcea recomand\u0103 cet\u0103\u021benilor s\u0103 manifeste pruden\u021b\u0103 \u0219i s\u0103 sesizeze de \u00eendat\u0103 poli\u021bia, dac\u0103 observ\u0103 persoane sau situa\u021bii care le ridic\u0103 suspiciuni.<\/p>\n<p>O var\u0103 \u00een siguran\u021b\u0103 \u00eencepe cu preven\u021bia!<\/p>\n<\/div>\n<div id=\"post-extra-info\">\n<div class=\"theiaStickySidebar\">\n<div class=\"single-post-meta post-meta clearfix\"><span class=\"author-meta single-author no-avatars\"><span class=\"meta-item meta-author-wrapper meta-author-9\"><span class=\"meta-author\"><a href=\"https:\/\/infotulcea.ro\/author\/redactia-2\/\" class=\"author-name tie-icon\" title=\"Redactia\">Redactia<\/a><\/span><\/span><\/span><span class=\"date meta-item tie-icon\">16 iulie 2026<\/span><\/p>\n<div class=\"tie-alignright\"><span class=\"meta-comment tie-icon meta-item fa-before\">0<\/span><span class=\"meta-views meta-item \"> 182 <\/span><span class=\"meta-reading-time meta-item\"> 1 minute read<\/span><\/div>\n<\/div>\n<\/div>\n<\/div>\n<div id=\"share-buttons-bottom\" class=\"share-buttons share-buttons-bottom\">\n<div class=\"share-links  icons-only\">\n<div class=\"share-title\"><span> Share<\/span><\/div>\n<p><a href=\"https:\/\/www.facebook.com\/sharer.php?u=https:\/\/infotulcea.ro\/campania-o-vara-in-siguranta-recomandari-pentru-prevenirea-furturilor-in-sezonul-estival\/\" rel=\"external noopener nofollow\" title=\"Facebook\" target=\"_blank\" class=\"facebook-share-btn \" data-raw=\"https:\/\/www.facebook.com\/sharer.php?u={post_link}\"><span class=\"screen-reader-text\">Facebook<\/span><\/a><a href=\"https:\/\/twitter.com\/intent\/tweet?text=CAMPANIA%20%E2%80%9EO%20VAR%C4%82%20%C3%8EN%20SIGURAN%C8%9A%C4%82%E2%80%9D%20%20Recomand%C4%83ri%20pentru%20prevenirea%20furturilor%20%C3%AEn%20sezonul%20estival&amp;url=https:\/\/infotulcea.ro\/campania-o-vara-in-siguranta-recomandari-pentru-prevenirea-furturilor-in-sezonul-estival\/\" rel=\"external noopener nofollow\" title=\"X\" target=\"_blank\" class=\"twitter-share-btn \" data-raw=\"https:\/\/twitter.com\/intent\/tweet?text={post_title}&amp;url={post_link}\"><span class=\"screen-reader-text\">X<\/span><\/a><a href=\"https:\/\/api.whatsapp.com\/send?text=CAMPANIA%20%E2%80%9EO%20VAR%C4%82%20%C3%8EN%20SIGURAN%C8%9A%C4%82%E2%80%9D%20%20Recomand%C4%83ri%20pentru%20prevenirea%20furturilor%20%C3%AEn%20sezonul%20estival%20https:\/\/infotulcea.ro\/campania-o-vara-in-siguranta-recomandari-pentru-prevenirea-furturilor-in-sezonul-estival\/\" rel=\"external noopener nofollow\" title=\"WhatsApp\" target=\"_blank\" class=\"whatsapp-share-btn \" data-raw=\"https:\/\/api.whatsapp.com\/send?text={post_title}%20{post_link}\"><span class=\"screen-reader-text\">WhatsApp<\/span><\/a><a href=\"https:\/\/telegram.me\/share\/url?url=https:\/\/infotulcea.ro\/campania-o-vara-in-siguranta-recomandari-pentru-prevenirea-furturilor-in-sezonul-estival\/&amp;text=CAMPANIA%20%E2%80%9EO%20VAR%C4%82%20%C3%8EN%20SIGURAN%C8%9A%C4%82%E2%80%9D%20%20Recomand%C4%83ri%20pentru%20prevenirea%20furturilor%20%C3%AEn%20sezonul%20estival\" rel=\"external noopener nofollow\" title=\"Telegram\" target=\"_blank\" class=\"telegram-share-btn \" data-raw=\"https:\/\/telegram.me\/share\/url?url={post_link}&amp;text={post_title}\"><span class=\"screen-reader-text\">Telegram<\/span><\/a><a href=\"mailto:?subject=CAMPANIA%20%E2%80%9EO%20VAR%C4%82%20%C3%8EN%20SIGURAN%C8%9A%C4%82%E2%80%9D%20%20Recomand%C4%83ri%20pentru%20prevenirea%20furturilor%20%C3%AEn%20sezonul%20estival&amp;body=https:\/\/infotulcea.ro\/campania-o-vara-in-siguranta-recomandari-pentru-prevenirea-furturilor-in-sezonul-estival\/\" rel=\"external noopener nofollow\" title=\"Share via Email\" target=\"_blank\" class=\"email-share-btn \" data-raw=\"mailto:?subject={post_title}&amp;body={post_link}\"><span class=\"screen-reader-text\">Share via Email<\/span><\/a><a href=\"https:\/\/infotulcea.ro\/campania-o-vara-in-siguranta-recomandari-pentru-prevenirea-furturilor-in-sezonul-estival\/\" rel=\"external noopener nofollow\" title=\"Print\" target=\"_blank\" class=\"print-share-btn \" data-raw=\"#\"><span class=\"screen-reader-text\">Print<\/span><\/a><\/div>\n<\/div>\n<\/article>\n<div class=\"post-components\">\n<div id=\"related-posts\" class=\"container-wrapper has-extra-post\">\n<div class=\"mag-box-title the-global-title\">\n<h3>Related Articles<\/h3>\n<\/div>\n<div class=\"related-posts-list\">\n<div class=\"related-item tie-standard\"><a aria-label=\"Restric\u021bii de trafic la Lacul Ciuperca pentru Delta Triathlon 2026\" href=\"https:\/\/infotulcea.ro\/restrictii-de-trafic-la-lacul-ciuperca-pentru-delta-triathlon-2026\/\" class=\"post-thumb\"><source sizes=\"(max-width: 390px) 100vw, 390px\" type=\"image\/webp\" data-srcset=\"https:\/\/infotulcea.ro\/wp-content\/uploads\/2026\/05\/triatlon-390x220.jpeg.webp 390w, https:\/\/infotulcea.ro\/wp-content\/uploads\/2026\/05\/triatlon-500x281.jpeg.webp 500w, https:\/\/infotulcea.ro\/wp-content\/uploads\/2026\/05\/triatlon-1024x576.jpeg.webp 1024w, https:\/\/infotulcea.ro\/wp-content\/uploads\/2026\/05\/triatlon-768x432.jpeg.webp 768w, https:\/\/infotulcea.ro\/wp-content\/uploads\/2026\/05\/triatlon.jpeg.webp 1280w\" \/><img loading=\"lazy\" decoding=\"async\" width=\"390\" height=\"220\" src=\"https:\/\/infotulcea.ro\/wp-content\/uploads\/2026\/05\/triatlon-390x220.jpeg\" class=\"attachment-jannah-image-large size-jannah-image-large wp-post-image\" alt><\/a><\/p>\n<h3 class=\"post-title\"><a href=\"https:\/\/infotulcea.ro\/restrictii-de-trafic-la-lacul-ciuperca-pentru-delta-triathlon-2026\/\">Restric\u021bii de trafic la Lacul Ciuperca pentru Delta Triathlon 2026<\/a><\/h3>\n<div class=\"post-meta clearfix\"><span class=\"date meta-item tie-icon\">17 mai 2026<\/span><\/div>\n<\/div>\n<div class=\"related-item tie-standard\"><a aria-label=\"Motoare de barc\u0103 furate din Suedia descoperite la Mahmudia!\" href=\"https:\/\/infotulcea.ro\/motoare-de-barca-furate-din-suedia-descoperite-la-mahmudia\/\" class=\"post-thumb\"><source type=\"image\/webp\" data-srcset=\"https:\/\/infotulcea.ro\/wp-content\/uploads\/2023\/10\/IMG-20231019-WA0014-390x220.jpg.webp\" \/><img loading=\"lazy\" decoding=\"async\" width=\"390\" height=\"220\" src=\"https:\/\/infotulcea.ro\/wp-content\/uploads\/2023\/10\/IMG-20231019-WA0014-390x220.jpg\" class=\"attachment-jannah-image-large size-jannah-image-large wp-post-image\" alt><\/a><\/p>\n<h3 class=\"post-title\"><a href=\"https:\/\/infotulcea.ro\/motoare-de-barca-furate-din-suedia-descoperite-la-mahmudia\/\">Motoare de barc\u0103 furate din Suedia descoperite la Mahmudia!<\/a><\/h3>\n<div class=\"post-meta clearfix\"><span class=\"date meta-item tie-icon\">19 octombrie 2023<\/span><\/div>\n<\/div>\n<div class=\"related-item tie-standard\"><a aria-label=\"Aten\u021bie! ANAF anun\u021b\u0103 c\u0103 de azi este disponibil noul Formular 112\" href=\"https:\/\/infotulcea.ro\/atentie-anaf-anunta-ca-de-azi-este-disponibil-noul-formular-112\/\" class=\"post-thumb\"><img loading=\"lazy\" decoding=\"async\" width=\"390\" height=\"220\" src=\"https:\/\/infotulcea.ro\/wp-content\/uploads\/2022\/05\/anaf-25-mai-2022--390x220.jpg\" class=\"attachment-jannah-image-large size-jannah-image-large wp-post-image lazyload\" alt><img loading=\"lazy\" decoding=\"async\" width=\"390\" height=\"220\" src=\"https:\/\/infotulcea.ro\/wp-content\/uploads\/2022\/05\/anaf-25-mai-2022--390x220.jpg\" class=\"attachment-jannah-image-large size-jannah-image-large wp-post-image\" alt><\/a><\/p>\n<h3 class=\"post-title\"><a href=\"https:\/\/infotulcea.ro\/atentie-anaf-anunta-ca-de-azi-este-disponibil-noul-formular-112\/\">Aten\u021bie! ANAF anun\u021b\u0103 c\u0103 de azi este disponibil noul Formular 112<\/a><\/h3>\n<div class=\"post-meta clearfix\"><span class=\"date meta-item tie-icon\">21 februarie 2023<\/span><\/div>\n<\/div>\n<div class=\"related-item tie-standard\"><a aria-label=\"Ordin de protec\u021bie pentru concubin violent!\" href=\"https:\/\/infotulcea.ro\/ordin-de-protectie-pentru-concubin-violent\/\" class=\"post-thumb\"><source sizes=\"(max-width: 332px) 100vw, 332px\" type=\"image\/webp\" data-srcset=\"https:\/\/infotulcea.ro\/wp-content\/uploads\/2020\/02\/protectie.jpg.webp 512w, https:\/\/infotulcea.ro\/wp-content\/uploads\/2020\/02\/protectie-300x199.jpg.webp 300w\" \/><img loading=\"lazy\" decoding=\"async\" width=\"332\" height=\"220\" src=\"https:\/\/infotulcea.ro\/wp-content\/uploads\/2020\/02\/protectie.jpg\" class=\"attachment-jannah-image-large size-jannah-image-large wp-post-image\" alt><\/a><\/p>\n<h3 class=\"post-title\"><a href=\"https:\/\/infotulcea.ro\/ordin-de-protectie-pentru-concubin-violent\/\">Ordin de protec\u021bie pentru concubin violent!<\/a><\/h3>\n<div class=\"post-meta clearfix\"><span class=\"date meta-item tie-icon\">9 mai 2023<\/span><\/div>\n<\/div>\n<\/div>\n<\/div>\n<div id=\"comments\" class=\"comments-area\">\n<div id=\"add-comment-block\" class=\"container-wrapper\">\n<div id=\"respond\" class=\"comment-respond\">\n<h3 id=\"reply-title\" class=\"comment-reply-title the-global-title\">Las\u0103 un r\u0103spuns <small><a rel=\"nofollow\" id=\"cancel-comment-reply-link\" href=\"https:\/\/infotulcea.ro\/campania-o-vara-in-siguranta-recomandari-pentru-prevenirea-furturilor-in-sezonul-estival\/#respond\">Anuleaz\u0103 r\u0103spunsul<\/a><\/small><\/h3>\n<p class=\"comment-notes\"><span id=\"email-notes\">Adresa ta de email nu va fi publicat\u0103.<\/span><span class=\"required-field-message\">C\u00e2mpurile obligatorii sunt marcate cu <span class=\"required\">*<\/span><\/span><\/p>\n<\/div>\n<\/div>\n<\/div>\n<\/div>\n<\/div>\n<div id=\"check-also-box\" class=\"container-wrapper check-also-right\">\n<div class=\"widget-title the-global-title\">\n<div class=\"the-subtitle\">Check Also<\/div>\n<p><a href=\"https:\/\/infotulcea.ro\/campania-o-vara-in-siguranta-recomandari-pentru-prevenirea-furturilor-in-sezonul-estival\/\" id=\"check-also-close\" class=\"remove\"><span class=\"screen-reader-text\">Close<\/span><\/a><\/div>\n<div class=\"widget posts-list-big-first has-first-big-post\">\n<ul class=\"posts-list-items\">\n<li class=\"widget-single-post-item widget-post-list tie-standard\">\n<div class=\"post-widget-thumbnail\"><a aria-label=\"\u0218edin\u021b\u0103 de lucru a Comitetului de bazin Dobrogea Litoral cu participare tulcean\u0103!\" href=\"https:\/\/infotulcea.ro\/23803-2\/\" class=\"post-thumb\"><span class=\"post-cat-wrap\"><span class=\"post-cat tie-cat-35\">Comunicate<\/span><\/span><source type=\"image\/webp\" data-srcset=\"https:\/\/infotulcea.ro\/wp-content\/uploads\/2023\/03\/DSC_0009-390x220.jpg.webp\" \/><img loading=\"lazy\" decoding=\"async\" width=\"390\" height=\"220\" src=\"https:\/\/infotulcea.ro\/wp-content\/uploads\/2023\/03\/DSC_0009-390x220.jpg\" class=\"attachment-jannah-image-large size-jannah-image-large wp-post-image\" alt><\/a><\/div>\n<div class=\"post-widget-body \"><a class=\"post-title the-subtitle\" href=\"https:\/\/infotulcea.ro\/23803-2\/\">\u0218edin\u021b\u0103 de lucru a Comitetului de bazin Dobrogea Litoral cu participare tulcean\u0103!<\/a><\/p>\n<div class=\"post-meta\"><span class=\"date meta-item tie-icon\">24 martie 2023<\/span><\/div>\n<\/div>\n<\/li>\n<\/ul>\n<\/div>\n<\/div>\n<aside class=\"sidebar tie-col-md-4 tie-col-xs-12 normal-side is-sticky\" aria-label=\"Primary Sidebar\">\n<div class=\"theiaStickySidebar\">\n<div id=\"media_image-19\" class=\"container-wrapper widget widget_media_image\"><a href=\"https:\/\/infotulcea.ro\/delta-dunarii-mai-accesibila-navrom-delta-creste-numarul-curselor-regulate-de-la-1-mai-2025\/\"><source sizes=\"(max-width: 500px) 100vw, 500px\" type=\"image\/webp\" data-srcset=\"https:\/\/infotulcea.ro\/wp-content\/uploads\/2025\/04\/navrom-delta-500x271.jpg.webp 500w, https:\/\/infotulcea.ro\/wp-content\/uploads\/2025\/04\/navrom-delta-1024x555.jpg.webp 1024w, https:\/\/infotulcea.ro\/wp-content\/uploads\/2025\/04\/navrom-delta-768x416.jpg.webp 768w, https:\/\/infotulcea.ro\/wp-content\/uploads\/2025\/04\/navrom-delta.jpg.webp 1080w\" \/><img loading=\"lazy\" decoding=\"async\" width=\"500\" height=\"271\" src=\"https:\/\/infotulcea.ro\/wp-content\/uploads\/2025\/04\/navrom-delta-500x271.jpg\" class=\"image wp-image-34487  attachment-medium size-medium\" alt><\/a><\/div>\n<div id=\"media_image-17\" class=\"container-wrapper widget widget_media_image\"><a href=\"https:\/\/www.facebook.com\/share\/p\/1DGAD1tLWN\/?mibextid=wwXIfr\" target=\"_blank\"><source sizes=\"(max-width: 500px) 100vw, 500px\" type=\"image\/webp\" data-srcset=\"https:\/\/infotulcea.ro\/wp-content\/uploads\/2026\/01\/IMG_1563-500x500.jpeg.webp 500w, https:\/\/infotulcea.ro\/wp-content\/uploads\/2026\/01\/IMG_1563-1024x1024.jpeg.webp 1024w, https:\/\/infotulcea.ro\/wp-content\/uploads\/2026\/01\/IMG_1563-250x250.jpeg.webp 250w, https:\/\/infotulcea.ro\/wp-content\/uploads\/2026\/01\/IMG_1563-768x768.jpeg.webp 768w, https:\/\/infotulcea.ro\/wp-content\/uploads\/2026\/01\/IMG_1563.jpeg.webp 1080w\" \/><img loading=\"lazy\" decoding=\"async\" width=\"500\" height=\"500\" src=\"https:\/\/infotulcea.ro\/wp-content\/uploads\/2026\/01\/IMG_1563-500x500.jpeg\" class=\"image wp-image-37932  attachment-medium size-medium\" alt title=\"Centrale pe lemne\"><\/a><\/div>\n<div id=\"media_image-18\" class=\"container-wrapper widget widget_media_image\"><a href=\"https:\/\/www.licitatia.ro\/site\/index-guest\"><img loading=\"lazy\" decoding=\"async\" width=\"500\" height=\"262\" src=\"https:\/\/infotulcea.ro\/wp-content\/uploads\/2025\/09\/licitatia-500x262.png\" class=\"image wp-image-36670  attachment-medium size-medium lazyload\" alt><img loading=\"lazy\" decoding=\"async\" width=\"500\" height=\"262\" src=\"https:\/\/infotulcea.ro\/wp-content\/uploads\/2025\/09\/licitatia-500x262.png\" class=\"image wp-image-36670  attachment-medium size-medium\" alt><\/a><\/div>\n<div id=\"media_image-27\" class=\"container-wrapper widget widget_media_image\"><a href=\"https:\/\/www.centrale-lemne-liepsnele.ro\/\"><img loading=\"lazy\" decoding=\"async\" width=\"500\" height=\"500\" src=\"https:\/\/infotulcea.ro\/wp-content\/uploads\/2025\/09\/Centrale-pe-Lemne-Liepsnele-500x500.png\" class=\"image wp-image-36541  attachment-medium size-medium lazyload\" alt=\"Centrala pe lemne\"><img loading=\"lazy\" decoding=\"async\" width=\"500\" height=\"500\" src=\"https:\/\/infotulcea.ro\/wp-content\/uploads\/2025\/09\/Centrale-pe-Lemne-Liepsnele-500x500.png\" class=\"image wp-image-36541  attachment-medium size-medium\" alt=\"Centrala pe lemne\"><\/a><\/div>\n<div id=\"media_image-28\" class=\"container-wrapper widget widget_media_image\"><a href=\"https:\/\/infotulcea.ro\/angajeaza-te-ro-platforma-ta-online-de-angajari-si-forta-de-munca\/\"><source sizes=\"(max-width: 500px) 100vw, 500px\" type=\"image\/webp\" data-srcset=\"https:\/\/infotulcea.ro\/wp-content\/uploads\/2025\/04\/banner-angajazate-1-500x305.jpg.webp 500w, https:\/\/infotulcea.ro\/wp-content\/uploads\/2025\/04\/banner-angajazate-1-1024x625.jpg.webp 1024w, https:\/\/infotulcea.ro\/wp-content\/uploads\/2025\/04\/banner-angajazate-1-768x469.jpg.webp 768w, https:\/\/infotulcea.ro\/wp-content\/uploads\/2025\/04\/banner-angajazate-1.jpg.webp 1080w\" \/><img loading=\"lazy\" decoding=\"async\" width=\"500\" height=\"305\" src=\"https:\/\/infotulcea.ro\/wp-content\/uploads\/2025\/04\/banner-angajazate-1-500x305.jpg\" class=\"image wp-image-34317  attachment-medium size-medium\" alt><\/a><\/div>\n<\/div>\n<\/aside>\n<\/div>\n<\/div>\n<div class=\"entry-content entry clearfix\">\n<p><strong>Vacan\u021bele, concediile \u0219i timpul petrecut \u00een aer liber sunt specifice sezonului estival, \u00eens\u0103 aceast\u0103 perioad\u0103 poate reprezenta \u0219i o oportunitate pentru persoanele care urm\u0103resc s\u0103 comit\u0103 furturi.<\/strong><\/p>\n<p>Pentru cre\u0219terea gradului de siguran\u021b\u0103 al cet\u0103\u021benilor, poli\u021bi\u0219tii din cadrul Inspectoratului de Poli\u021bie Jude\u021bean Tulcea desf\u0103\u0219oar\u0103, \u00een aceast\u0103 perioad\u0103, activit\u0103\u021bi informativ-preventive \u00een cadrul campaniei \u201eO var\u0103 \u00een siguran\u021b\u0103\u201d, av\u00e2nd ca scop informarea popula\u021biei cu privire la m\u0103surile simple prin care pot fi prevenite furturile din locuin\u021be, din autoturisme, precum \u0219i cele din buzunare sau gen\u021bi.<\/p>\n<p>Pentru prevenirea furturilor din locuin\u021be, poli\u021bi\u0219tii recomand\u0103:<\/p>\n<p>\u2013 \u00eencuia\u021bi \u00eentotdeauna u\u0219a locuin\u021bei \u0219i asigura\u021bi ferestrele, chiar \u0219i atunci c\u00e2nd pleca\u021bi pentru scurt timp;<\/p>\n<p>\u2013 nu p\u0103stra\u021bi sume mari de bani sau bunuri de valoare \u00een locuri u\u0219or accesibile;<\/p>\n<p>\u2013 evita\u021bi s\u0103 face\u021bi publice pe re\u021belele de socializare informa\u021bii despre plecarea \u00een concediu;<\/p>\n<p>\u2013 solicita\u021bi sprijinul unei persoane de \u00eencredere pentru a supraveghea locuin\u021ba \u00een perioada \u00een care sunte\u021bi pleca\u021bi.<\/p>\n<p>Pentru prevenirea furturilor din autoturisme:<\/p>\n<p>\u2013 nu l\u0103sa\u021bi la vedere telefoane mobile, gen\u021bi, portofele, laptopuri sau alte obiecte de valoare;<\/p>\n<p>\u2013 \u00eenchide\u021bi geamurile \u0219i asigura\u021bi portierele de fiecare dat\u0103 c\u00e2nd p\u0103r\u0103si\u021bi autoturismul;<\/p>\n<p>\u2013 parca\u021bi, pe c\u00e2t posibil, \u00een locuri iluminate \u0219i circulate.<\/p>\n<p>Pentru prevenirea furturilor din buzunare \u0219i gen\u021bi:<\/p>\n<p>\u2013 p\u0103stra\u021bi portofelul, telefonul mobil \u0219i documentele \u00een buzunare interioare sau compartimente \u00eenchise;<\/p>\n<p>\u2013 purta\u021bi geanta \u00een partea din fa\u021b\u0103 a corpului, \u00een special \u00een zonele aglomerate;<\/p>\n<p>\u2013 manifesta\u021bi aten\u021bie sporit\u0103 \u00een pie\u021be, centre comerciale, mijloace de transport \u00een comun \u0219i \u00een timpul evenimentelor publice;<\/p>\n<source sizes=\"(max-width: 230px) 100vw, 230px\" type=\"image\/webp\" data-srcset=\"https:\/\/infotulcea.ro\/wp-content\/uploads\/2026\/07\/ipj-2-333x500.jpeg.webp 333w, https:\/\/infotulcea.ro\/wp-content\/uploads\/2026\/07\/ipj-2-683x1024.jpeg.webp 683w, https:\/\/infotulcea.ro\/wp-content\/uploads\/2026\/07\/ipj-2-768x1152.jpeg.webp 768w, https:\/\/infotulcea.ro\/wp-content\/uploads\/2026\/07\/ipj-2.jpeg.webp 1024w\" \/>\n<p><img loading=\"lazy\" decoding=\"async\" class=\" wp-image-40116 alignleft\" src=\"https:\/\/infotulcea.ro\/wp-content\/uploads\/2026\/07\/ipj-2-333x500.jpeg\" alt width=\"230\" height=\"345\">\u2013 evita\u021bi s\u0103 ave\u021bi asupra dumneavoastr\u0103 sume mari de bani \u00een numerar.<\/p>\n<p>Siguran\u021ba \u00eencepe cu m\u0103suri simple de prevenire. Prin adoptarea unui comportament responsabil \u0219i atent, fiecare dintre noi poate contribui la reducerea riscului de a deveni victima unei infrac\u021biuni.<\/p>\n<p>Inspectoratul de Poli\u021bie Jude\u021bean Tulcea recomand\u0103 cet\u0103\u021benilor s\u0103 manifeste pruden\u021b\u0103 \u0219i s\u0103 sesizeze de \u00eendat\u0103 poli\u021bia, dac\u0103 observ\u0103 persoane sau situa\u021bii care le ridic\u0103 suspiciuni.<\/p>\n<p>O var\u0103 \u00een siguran\u021b\u0103 \u00eencepe cu preven\u021bia!<\/p>\n<\/div>\n<div class=\"articleBody\" data-key=\"articleBody\">Vacan\u021bele, concediile \u0219i timpul petrecut \u00een aer liber sunt specifice sezonului estival, \u00eens\u0103 aceast\u0103 perioad\u0103 poate reprezenta \u0219i o oportunitate pentru persoanele care urm\u0103resc s\u0103 comit\u0103 furturi.<\/p>\n<p>Pentru cre\u0219terea gradului de siguran\u021b\u0103 al cet\u0103\u021benilor, poli\u021bi\u0219tii din cadrul Inspectoratului de Poli\u021bie Jude\u021bean Tulcea desf\u0103\u0219oar\u0103, \u00een aceast\u0103 perioad\u0103, activit\u0103\u021bi informativ-preventive \u00een cadrul campaniei \u201eO var\u0103 \u00een siguran\u021b\u0103\u201d, av\u00e2nd ca scop informarea popula\u021biei cu privire la m\u0103surile simple prin care pot fi prevenite furturile din locuin\u021be, din autoturisme, precum \u0219i cele din buzunare sau gen\u021bi.<\/p>\n<p>Pentru prevenirea furturilor din locuin\u021be, poli\u021bi\u0219tii recomand\u0103:<\/p>\n<p>&#8211; \u00eencuia\u021bi \u00eentotdeauna u\u0219a locuin\u021bei \u0219i asigura\u021bi ferestrele, chiar \u0219i atunci c\u00e2nd pleca\u021bi pentru scurt timp;<\/p>\n<p>&#8211; nu p\u0103stra\u021bi sume mari de bani sau bunuri de valoare \u00een locuri u\u0219or accesibile;<\/p>\n<p>&#8211; evita\u021bi s\u0103 face\u021bi publice pe re\u021belele de socializare informa\u021bii despre plecarea \u00een concediu;<\/p>\n<p>&#8211; solicita\u021bi sprijinul unei persoane de \u00eencredere pentru a supraveghea locuin\u021ba \u00een perioada \u00een care sunte\u021bi pleca\u021bi.<\/p>\n<p>Pentru prevenirea furturilor din autoturisme:<\/p>\n<p>&#8211; nu l\u0103sa\u021bi la vedere telefoane mobile, gen\u021bi, portofele, laptopuri sau alte obiecte de valoare;<\/p>\n<p>&#8211; \u00eenchide\u021bi geamurile \u0219i asigura\u021bi portierele de fiecare dat\u0103 c\u00e2nd p\u0103r\u0103si\u021bi autoturismul;<\/p>\n<p>&#8211; parca\u021bi, pe c\u00e2t posibil, \u00een locuri iluminate \u0219i circulate.<\/p>\n<p>Pentru prevenirea furturilor din buzunare \u0219i gen\u021bi:<\/p>\n<p>&#8211; p\u0103stra\u021bi portofelul, telefonul mobil \u0219i documentele \u00een buzunare interioare sau compartimente \u00eenchise;<\/p>\n<p>&#8211; purta\u021bi geanta \u00een partea din fa\u021b\u0103 a corpului, \u00een special \u00een zonele aglomerate;<\/p>\n<p>&#8211; manifesta\u021bi aten\u021bie sporit\u0103 \u00een pie\u021be, centre comerciale, mijloace de transport \u00een comun \u0219i \u00een timpul evenimentelor publice;<\/p>\n<p>&#8211; evita\u021bi s\u0103 ave\u021bi asupra dumneavoastr\u0103 sume mari de bani \u00een numerar.<\/p>\n<p>Siguran\u021ba \u00eencepe cu m\u0103suri simple de prevenire. Prin adoptarea unui comportament responsabil \u0219i atent, fiecare dintre noi poate contribui la reducerea riscului de a deveni victima unei infrac\u021biuni.<\/p>\n<p>Inspectoratul de Poli\u021bie Jude\u021bean Tulcea recomand\u0103 cet\u0103\u021benilor s\u0103 manifeste pruden\u021b\u0103 \u0219i s\u0103 sesizeze de \u00eendat\u0103 poli\u021bia, dac\u0103 observ\u0103 persoane sau situa\u021bii care le ridic\u0103 suspiciuni.<\/p>\n<p>O var\u0103 \u00een siguran\u021b\u0103 \u00eencepe cu preven\u021bia!<\/p><\/div>\n<p>[analyse_source url=&#8221;https:\/\/infotulcea.ro\/campania-o-vara-in-siguranta-recomandari-pentru-prevenirea-furturilor-in-sezonul-estival\/&#8221;]<\/p>\n","protected":false},"excerpt":{"rendered":"<p>[analyse_image type=&#8221;featured&#8221; src=&#8221;https:\/\/infotulcea.ro\/wp-content\/uploads\/2026\/07\/ipj-2.jpeghttps:\/\/infotulcea.ro\/wp-content\/uploads\/2026\/07\/ipj-2.jpeg&#8221;] Home\/Comunicate\/CAMPANIA \u201eO VAR\u0102 \u00ceN SIGURAN\u021a\u0102\u201d Recomand\u0103ri pentru prevenirea furturilor \u00een sezonul estival Comunicate CAMPANIA \u201eO VAR\u0102 \u00ceN SIGURAN\u021a\u0102\u201d Recomand\u0103ri pentru prevenirea furturilor \u00een sezonul estival Redactia16 iulie 2026 0 182 1 minute read Vacan\u021bele, concediile \u0219i timpul petrecut \u00een aer liber sunt specifice sezonului estival, \u00eens\u0103 aceast\u0103 perioad\u0103 poate reprezenta \u0219i o [&hellip;]<\/p>\n","protected":false},"author":1,"featured_media":0,"comment_status":"open","ping_status":"","sticky":false,"template":"","format":"standard","meta":{"footnotes":""},"categories":[89],"tags":[226,221],"class_list":["post-2048525","post","type-post","status-publish","format-standard","hentry","category-romania","tag-crawlmanager","tag-infotulcea-ro"],"_links":{"self":[{"href":"https:\/\/analyse.optim.biz\/index.php?rest_route=\/wp\/v2\/posts\/2048525","targetHints":{"allow":["GET"]}}],"collection":[{"href":"https:\/\/analyse.optim.biz\/index.php?rest_route=\/wp\/v2\/posts"}],"about":[{"href":"https:\/\/analyse.optim.biz\/index.php?rest_route=\/wp\/v2\/types\/post"}],"author":[{"embeddable":true,"href":"https:\/\/analyse.optim.biz\/index.php?rest_route=\/wp\/v2\/users\/1"}],"replies":[{"embeddable":true,"href":"https:\/\/analyse.optim.biz\/index.php?rest_route=%2Fwp%2Fv2%2Fcomments&post=2048525"}],"version-history":[{"count":0,"href":"https:\/\/analyse.optim.biz\/index.php?rest_route=\/wp\/v2\/posts\/2048525\/revisions"}],"wp:attachment":[{"href":"https:\/\/analyse.optim.biz\/index.php?rest_route=%2Fwp%2Fv2%2Fmedia&parent=2048525"}],"wp:term":[{"taxonomy":"category","embeddable":true,"href":"https:\/\/analyse.optim.biz\/index.php?rest_route=%2Fwp%2Fv2%2Fcategories&post=2048525"},{"taxonomy":"post_tag","embeddable":true,"href":"https:\/\/analyse.optim.biz\/index.php?rest_route=%2Fwp%2Fv2%2Ftags&post=2048525"}],"curies":[{"name":"wp","href":"https:\/\/api.w.org\/{rel}","templated":true}]}}