{"id":2048507,"date":"2026-07-15T11:12:22","date_gmt":"2026-07-15T08:12:22","guid":{"rendered":"https:\/\/analyse.optim.biz\/?p=2048507"},"modified":"2026-07-15T11:12:22","modified_gmt":"2026-07-15T08:12:22","slug":"barbat-de-46-de-ani-retinut-dupa-un-incendiu-care-a-cuprins-o-cladire-si-mai-multe-masini","status":"publish","type":"post","link":"https:\/\/analyse.optim.biz\/?p=2048507","title":{"rendered":"B\u0103rbat de 46 de ani, re\u021binut dup\u0103 un incendiu care a cuprins o cl\u0103dire \u0219i mai multe ma\u0219ini"},"content":{"rendered":"<p>[analyse_image type=&#8221;featured&#8221; src=&#8221;https:\/\/orasul-timisoara.ro\/wp-content\/uploads\/2021\/07\/catuse-politie-arest.jpg&#8221;]<\/p>\n<article id=\"post-39688\" class=\"td-post-template-7 post-39688 post type-post status-publish format-standard has-post-thumbnail category-featured category-stiri-timisoara tag-ancheta-penala tag-autoturisme-incendiate tag-biroul-de-investigatii-criminale tag-distrugere-prin-incendiere tag-incendiu-timisoara tag-ipj-timis-2 tag-parchetul-de-pe-langa-judecatoria-timisoara tag-politie-2 tag-retinere-2 tag-strada-martir-nicoara-elena tag-timisoara-2 td-container-wrap\">\n<div class=\"td-full-screen-header-image-wrap\">\n<div class=\"td-container td-post-header\">\n<div class=\"td-crumb-container\">\n<div class=\"entry-crumbs\"><span><a title=\"Vede\u021bi toate articolele \u00een \u0218tiri Locale\" class=\"entry-crumb\" href=\"https:\/\/orasul-timisoara.ro\/local-category\/stiri-timisoara\/\">\u0218tiri Locale<\/a><\/span><span class=\"td-bred-no-url-last\">B\u0103rbat de 46 de ani, re\u021binut dup\u0103 un incendiu care a cuprins&#8230;<\/span><\/div>\n<\/div>\n<div class=\"td-post-header-holder\">\n<div class=\"td-parallax-header\">\n<header class=\"td-post-title\">\n<ul class=\"td-category\">\n<li class=\"entry-category\"><a href=\"https:\/\/orasul-timisoara.ro\/local-category\/stiri-timisoara\/\">\u0218tiri Locale<\/a><\/li>\n<\/ul>\n<h1 class=\"entry-title\">B\u0103rbat de 46 de ani, re\u021binut dup\u0103 un incendiu care a cuprins o cl\u0103dire \u0219i mai multe ma\u0219ini<\/h1>\n<div class=\"td-module-meta-info\">\n<div class=\"td-post-author-name\">\n<div class=\"td-author-by\">De c\u0103tre<\/div>\n<p><a href=\"https:\/\/orasul-timisoara.ro\/author\/timisoara\/\">redactia<\/a><\/p>\n<div class=\"td-author-line\"> &#8211; <\/div>\n<\/div>\n<p><span class=\"td-post-date\"><time class=\"entry-date updated td-module-date\" datetime=\"2026-07-15T14:12:22+03:00\">15\/07\/2026<\/time><\/span><\/div>\n<\/header>\n<\/div>\n<\/div>\n<\/div>\n<div id=\"td-full-screen-header-image\" class=\"td-image-gradient-style7\"><img decoding=\"async\" class=\"td-backstretch\" src=\"https:\/\/orasul-timisoara.ro\/wp-content\/uploads\/2021\/07\/catuse-politie-arest.jpg\"><\/div>\n<\/div>\n<div class=\"td-container\">\n<div class=\"td-pb-row\">\n<div class=\"td-pb-span8 td-main-content\" role=\"main\">\n<div class=\"td-ss-main-content\">\n<div class=\"td-post-sharing-top\">\n<div class=\"td-post-sharing-classic\"><iframe title=\"topFacebookLike\" frameborder src=\"https:\/\/www.facebook.com\/plugins\/like.php?href=https:\/\/orasul-timisoara.ro\/local-39688\/&amp;layout=button_count&amp;show_faces=false&amp;width=105&amp;action=like&amp;colorscheme=light&amp;height=21\"><\/iframe><\/div>\n<div id=\"td_social_sharing_article_top\" class=\"td-post-sharing td-ps-bg td-ps-notext td-post-sharing-style1 \">\n<div class=\"td-post-sharing-visible\"><a class=\"td-social-sharing-button td-social-sharing-button-js td-social-network td-social-facebook\" href=\"https:\/\/www.facebook.com\/sharer.php?u=https%3A%2F%2Forasul-timisoara.ro%2Flocal-39688%2F\" title=\"Facebook\"><\/p>\n<div class=\"td-social-but-text\">Facebook<\/div>\n<p><\/a><a class=\"td-social-sharing-button td-social-sharing-button-js td-social-network td-social-twitter\" href=\"https:\/\/twitter.com\/intent\/tweet?text=B%C4%83rbat+de+46+de+ani%2C+re%C8%9Binut+dup%C4%83+un+incendiu+care+a+cuprins+o+cl%C4%83dire+%C8%99i+mai+multe+ma%C8%99ini&amp;url=https%3A%2F%2Forasul-timisoara.ro%2Flocal-39688%2F&amp;via=orasultm\" title=\"Twitter\"><\/p>\n<div class=\"td-social-but-text\">Twitter<\/div>\n<p><\/a><a class=\"td-social-sharing-button td-social-sharing-button-js td-social-network td-social-whatsapp\" href=\"https:\/\/api.whatsapp.com\/send?text=B%C4%83rbat+de+46+de+ani%2C+re%C8%9Binut+dup%C4%83+un+incendiu+care+a+cuprins+o+cl%C4%83dire+%C8%99i+mai+multe+ma%C8%99ini%20%0A%0A%20https:\/\/orasul-timisoara.ro\/local-39688\/\" title=\"WhatsApp\"><\/p>\n<div class=\"td-social-but-text\">WhatsApp<\/div>\n<p><\/a><a class=\"td-social-sharing-button td-social-sharing-button-js td-social-network td-social-linkedin\" href=\"https:\/\/www.linkedin.com\/shareArticle?mini=true&amp;url=https:\/\/orasul-timisoara.ro\/local-39688\/&amp;title=B%C4%83rbat+de+46+de+ani%2C+re%C8%9Binut+dup%C4%83+un+incendiu+care+a+cuprins+o+cl%C4%83dire+%C8%99i+mai+multe+ma%C8%99ini\" title=\"Linkedin\"><\/p>\n<div class=\"td-social-but-text\">Linkedin<\/div>\n<p><\/a><a class=\"td-social-sharing-button td-social-sharing-button-js td-social-network td-social-reddit\" href=\"https:\/\/reddit.com\/submit?url=https:\/\/orasul-timisoara.ro\/local-39688\/&amp;title=B%C4%83rbat+de+46+de+ani%2C+re%C8%9Binut+dup%C4%83+un+incendiu+care+a+cuprins+o+cl%C4%83dire+%C8%99i+mai+multe+ma%C8%99ini\" title=\"ReddIt\"><\/p>\n<div class=\"td-social-but-text\">ReddIt<\/div>\n<p><\/a><a class=\"td-social-sharing-button td-social-sharing-button-js td-social-network td-social-mail\" href=\"mailto:?subject=B%C4%83rbat%20de%2046%20de%20ani,%20re%C8%9Binut%20dup%C4%83%20un%20incendiu%20care%20a%20cuprins%20o%20cl%C4%83dire%20%C8%99i%20mai%20multe%20ma%C8%99ini&amp;body=https:\/\/orasul-timisoara.ro\/local-39688\/\" title=\"Email\"><\/p>\n<div class=\"td-social-but-text\">Email<\/div>\n<p><\/a><a class=\"td-social-sharing-button td-social-sharing-button-js td-social-network td-social-print\" href=\"https:\/\/orasul-timisoara.ro\/local-39688\/\" title=\"Imprimare\"><\/p>\n<div class=\"td-social-but-text\">Imprimare<\/div>\n<p><\/a><\/div>\n<\/div>\n<\/div>\n<div class=\"td-post-content tagdiv-type\">\n<p class=\"wp-block-paragraph\">Un b\u0103rbat \u00een v\u00e2rst\u0103 de 46 de ani a fost re\u021binut de poli\u021bi\u0219ti, fiind suspectat c\u0103 ar fi provocat inten\u021bionat un incendiu izbucnit \u00eentr-o curte din municipiul Timi\u0219oara. Fl\u0103c\u0103rile au cuprins o cl\u0103dire \u0219i s-au extins la mai multe autoturisme parcate \u00een apropiere, iar cazul este cercetat sub coordonarea Parchetului de pe l\u00e2ng\u0103 Judec\u0103toria Timi\u0219oara.<\/p>\n<p class=\"wp-block-paragraph\">\u00cen urma investiga\u021biilor desf\u0103\u0219urate de poli\u021bi\u0219tii Biroului de Investiga\u021bii Criminale Timi\u0219oara, suspectul a fost identificat \u0219i re\u021binut pentru 24 de ore, fiind introdus \u00een Centrul de Re\u021binere \u0219i Arestare Preventiv\u0103.<\/p>\n<h2 class=\"wp-block-heading\">Incendiul a izbucnit pe strada Martir Nicoar\u0103 Elena<\/h2>\n<p class=\"wp-block-paragraph\">Potrivit informa\u021biilor transmise de Inspectoratul de Poli\u021bie Jude\u021bean Timi\u0219, incidentul s-a produs \u00een dup\u0103-amiaza zilei de 14 iulie 2026.<\/p>\n<p class=\"wp-block-paragraph\">\u00cen jurul orei 17:35, poli\u021bi\u0219tii Sec\u021biei 2 Poli\u021bie Urban\u0103 Timi\u0219oara au fost sesiza\u021bi printr-un apel la num\u0103rul unic de urgen\u021b\u0103 112 cu privire la izbucnirea unui incendiu \u00eentr-o cl\u0103dire amplasat\u0103 \u00eentr-o curte de pe strada Martir Nicoar\u0103 Elena.<\/p>\n<p class=\"wp-block-paragraph\">Ajun\u0219i la fa\u021ba locului, poli\u021bi\u0219tii au constatat c\u0103 fl\u0103c\u0103rile nu se limitau doar la cl\u0103dire, ci afectaser\u0103 \u0219i mai multe autoturisme parcate \u00een curtea imobilului.<\/p>\n<h2 class=\"wp-block-heading\">Suspect identificat \u00een urma cercet\u0103rilor<\/h2>\n<p class=\"wp-block-paragraph\">Cazul a fost preluat de poli\u021bi\u0219tii Biroului de Investiga\u021bii Criminale Timi\u0219oara, care au desf\u0103\u0219urat cercet\u0103ri sub coordonarea Parchetului de pe l\u00e2ng\u0103 Judec\u0103toria Timi\u0219oara.<\/p>\n<p class=\"wp-block-paragraph\">\u00cen urma administr\u0103rii probelor \u0219i a activit\u0103\u021bilor investigative, oamenii legii au identificat un b\u0103rbat de 46 de ani, b\u0103nuit c\u0103 ar fi provocat incendiul.<\/p>\n<p class=\"wp-block-paragraph\">Acesta a fost re\u021binut pentru 24 de ore, fiind cercetat pentru s\u0103v\u00e2r\u0219irea infrac\u021biunii de distrugere prin incendiere.<\/p>\n<h2 class=\"wp-block-heading\">Ancheta continu\u0103<\/h2>\n<p class=\"wp-block-paragraph\">Poli\u021bi\u0219tii continu\u0103 cercet\u0103rile \u00een acest dosar pentru stabilirea tuturor \u00eemprejur\u0103rilor \u00een care s-a produs incidentul \u0219i pentru documentarea complet\u0103 a activit\u0103\u021bii infrac\u021bionale.<\/p>\n<p class=\"wp-block-paragraph\">Reprezentan\u021bii IPJ Timi\u0219 reamintesc c\u0103 m\u0103sura re\u021binerii reprezint\u0103 o etap\u0103 a procesului penal \u0219i nu echivaleaz\u0103 cu stabilirea vinov\u0103\u021biei.<\/p>\n<p class=\"wp-block-paragraph\">Pe \u00eentreaga durat\u0103 a procedurilor judiciare, persoana cercetat\u0103 beneficiaz\u0103 de toate drepturile \u0219i garan\u021biile procesuale prev\u0103zute de Codul de procedur\u0103 penal\u0103, precum \u0219i de prezum\u021bia de nevinov\u0103\u021bie, p\u00e2n\u0103 la pronun\u021barea unei hot\u0103r\u00e2ri definitive de c\u0103tre instan\u021b\u0103.<\/p>\n<\/div>\n<footer>\n<div class=\"td-post-source-tags\">\n<ul class=\"td-tags td-post-small-box clearfix\">\n<li><span>ETICHETE<\/span><\/li>\n<li><a href=\"https:\/\/orasul-timisoara.ro\/local-tag\/ancheta-penala\/\">anchet\u0103 penal\u0103<\/a><\/li>\n<li><a href=\"https:\/\/orasul-timisoara.ro\/local-tag\/autoturisme-incendiate\/\">autoturisme incendiate<\/a><\/li>\n<li><a href=\"https:\/\/orasul-timisoara.ro\/local-tag\/biroul-de-investigatii-criminale\/\">Biroul de Investiga\u021bii Criminale<\/a><\/li>\n<li><a href=\"https:\/\/orasul-timisoara.ro\/local-tag\/distrugere-prin-incendiere\/\">distrugere prin incendiere<\/a><\/li>\n<li><a href=\"https:\/\/orasul-timisoara.ro\/local-tag\/incendiu-timisoara\/\">incendiu Timi\u0219oara<\/a><\/li>\n<li><a href=\"https:\/\/orasul-timisoara.ro\/local-tag\/ipj-timis-2\/\">IPJ Timi\u0219<\/a><\/li>\n<li><a href=\"https:\/\/orasul-timisoara.ro\/local-tag\/parchetul-de-pe-langa-judecatoria-timisoara\/\">Parchetul de pe l\u00e2ng\u0103 Judec\u0103toria Timi\u0219oara<\/a><\/li>\n<li><a href=\"https:\/\/orasul-timisoara.ro\/local-tag\/politie-2\/\">poli\u021bie<\/a><\/li>\n<li><a href=\"https:\/\/orasul-timisoara.ro\/local-tag\/retinere-2\/\">re\u021binere<\/a><\/li>\n<li><a href=\"https:\/\/orasul-timisoara.ro\/local-tag\/strada-martir-nicoara-elena\/\">strada Martir Nicoar\u0103 Elena<\/a><\/li>\n<li><a href=\"https:\/\/orasul-timisoara.ro\/local-tag\/timisoara-2\/\">timi\u0219oara<\/a><\/li>\n<\/ul>\n<\/div>\n<div class=\"td-post-sharing-bottom\">\n<div class=\"td-post-sharing-classic\"><iframe title=\"bottomFacebookLike\" frameborder src=\"https:\/\/www.facebook.com\/plugins\/like.php?href=https:\/\/orasul-timisoara.ro\/local-39688\/&amp;layout=button_count&amp;show_faces=false&amp;width=105&amp;action=like&amp;colorscheme=light&amp;height=21\"><\/iframe><\/div>\n<div id=\"td_social_sharing_article_bottom\" class=\"td-post-sharing td-ps-bg td-ps-notext td-post-sharing-style1 \">\n<div class=\"td-post-sharing-visible\"><a class=\"td-social-sharing-button td-social-sharing-button-js td-social-network td-social-facebook\" href=\"https:\/\/www.facebook.com\/sharer.php?u=https%3A%2F%2Forasul-timisoara.ro%2Flocal-39688%2F\" title=\"Facebook\"><\/p>\n<div class=\"td-social-but-text\">Facebook<\/div>\n<p><\/a><a class=\"td-social-sharing-button td-social-sharing-button-js td-social-network td-social-twitter\" href=\"https:\/\/twitter.com\/intent\/tweet?text=B%C4%83rbat+de+46+de+ani%2C+re%C8%9Binut+dup%C4%83+un+incendiu+care+a+cuprins+o+cl%C4%83dire+%C8%99i+mai+multe+ma%C8%99ini&amp;url=https%3A%2F%2Forasul-timisoara.ro%2Flocal-39688%2F&amp;via=orasultm\" title=\"Twitter\"><\/p>\n<div class=\"td-social-but-text\">Twitter<\/div>\n<p><\/a><a class=\"td-social-sharing-button td-social-sharing-button-js td-social-network td-social-whatsapp\" href=\"https:\/\/api.whatsapp.com\/send?text=B%C4%83rbat+de+46+de+ani%2C+re%C8%9Binut+dup%C4%83+un+incendiu+care+a+cuprins+o+cl%C4%83dire+%C8%99i+mai+multe+ma%C8%99ini%20%0A%0A%20https:\/\/orasul-timisoara.ro\/local-39688\/\" title=\"WhatsApp\"><\/p>\n<div class=\"td-social-but-text\">WhatsApp<\/div>\n<p><\/a><a class=\"td-social-sharing-button td-social-sharing-button-js td-social-network td-social-linkedin\" href=\"https:\/\/www.linkedin.com\/shareArticle?mini=true&amp;url=https:\/\/orasul-timisoara.ro\/local-39688\/&amp;title=B%C4%83rbat+de+46+de+ani%2C+re%C8%9Binut+dup%C4%83+un+incendiu+care+a+cuprins+o+cl%C4%83dire+%C8%99i+mai+multe+ma%C8%99ini\" title=\"Linkedin\"><\/p>\n<div class=\"td-social-but-text\">Linkedin<\/div>\n<p><\/a><a class=\"td-social-sharing-button td-social-sharing-button-js td-social-network td-social-reddit\" href=\"https:\/\/reddit.com\/submit?url=https:\/\/orasul-timisoara.ro\/local-39688\/&amp;title=B%C4%83rbat+de+46+de+ani%2C+re%C8%9Binut+dup%C4%83+un+incendiu+care+a+cuprins+o+cl%C4%83dire+%C8%99i+mai+multe+ma%C8%99ini\" title=\"ReddIt\"><\/p>\n<div class=\"td-social-but-text\">ReddIt<\/div>\n<p><\/a><a class=\"td-social-sharing-button td-social-sharing-button-js td-social-network td-social-mail\" href=\"mailto:?subject=B%C4%83rbat%20de%2046%20de%20ani,%20re%C8%9Binut%20dup%C4%83%20un%20incendiu%20care%20a%20cuprins%20o%20cl%C4%83dire%20%C8%99i%20mai%20multe%20ma%C8%99ini&amp;body=https:\/\/orasul-timisoara.ro\/local-39688\/\" title=\"Email\"><\/p>\n<div class=\"td-social-but-text\">Email<\/div>\n<p><\/a><a class=\"td-social-sharing-button td-social-sharing-button-js td-social-network td-social-print\" href=\"https:\/\/orasul-timisoara.ro\/local-39688\/\" title=\"Imprimare\"><\/p>\n<div class=\"td-social-but-text\">Imprimare<\/div>\n<p><\/a><\/div>\n<\/div>\n<\/div>\n<div class=\"td-block-row td-post-next-prev\">\n<div class=\"td-block-span6 td-post-prev-post\">\n<div class=\"td-post-next-prev-content\"><span>Articolul precedent<\/span><a href=\"https:\/\/orasul-timisoara.ro\/local-39675\/\">Un simbol al Banatului rena\u0219te: proiect de restaurare pentru Moara Valeapai (foto)<\/a><\/div>\n<\/div>\n<div class=\"td-block-span6 td-post-next-post\">\n<div class=\"td-post-next-prev-content\"><span>Articolul urm\u0103tor<\/span><a href=\"https:\/\/orasul-timisoara.ro\/local-39690\/\">Premier\u0103 la Aeroportul Timi\u0219oara: zboruri directe c\u0103tre Rotterdam \u0219i Copenhaga (video)<\/a><\/div>\n<\/div>\n<\/div>\n<div class=\"td-author-name vcard author\"><span class=\"fn\"><a href=\"https:\/\/orasul-timisoara.ro\/author\/timisoara\/\">redactia<\/a><\/span><\/div>\n<p><span class=\"td-page-meta\"><\/span><span class=\"td-page-meta\"><span class=\"td-page-meta\"><\/span><\/span><span class=\"td-page-meta\"><\/span><\/footer>\n<div class=\"td_block_wrap td_block_related_posts tdi_3 td_with_ajax_pagination td-pb-border-top td_block_template_8\" data-td-block-uid=\"tdi_3\">\n<h4 class=\"td-related-title td-block-title\"><a id=\"tdi_4\" class=\"td-related-left td-cur-simple-item\" data-td_filter_value data-td_block_id=\"tdi_3\" href=\"https:\/\/orasul-timisoara.ro\/local-39688\/\">ARTICOLE SIMILARE<\/a><a id=\"tdi_5\" class=\"td-related-right\" data-td_filter_value=\"td_related_more_from_author\" data-td_block_id=\"tdi_3\" href=\"https:\/\/orasul-timisoara.ro\/local-39688\/\">DE LA ACELA\u0218I AUTOR<\/a><\/h4>\n<div id=\"tdi_3\" class=\"td_block_inner\">\n<div class=\"td-related-row\">\n<div class=\"td-related-span4\">\n<div class=\"td_module_related_posts td-animation-stack td_mod_related_posts\">\n<div class=\"td-module-image\">\n<div class=\"td-module-thumb\"><a href=\"https:\/\/orasul-timisoara.ro\/local-38935\/\" rel=\"bookmark\" class=\"td-image-wrap \" title=\"Alert\u0103 de securitate la Gala\u021bi dup\u0103 pr\u0103bu\u0219irea unei drone militare ruse\u0219ti \u00een centrul ora\u0219ului\"><img loading=\"lazy\" decoding=\"async\" class=\"entry-thumb\" src=\"https:\/\/orasul-timisoara.ro\/wp-content\/uploads\/2026\/05\/Screenshot-2026-05-29-103203-436x300.jpg\" alt title=\"Alert\u0103 de securitate la Gala\u021bi dup\u0103 pr\u0103bu\u0219irea unei drone militare ruse\u0219ti \u00een centrul ora\u0219ului\" width=\"218\" height=\"150\"><\/a><\/div>\n<\/div>\n<div class=\"item-details\">\n<h3 class=\"entry-title td-module-title\"><a href=\"https:\/\/orasul-timisoara.ro\/local-38935\/\" rel=\"bookmark\" title=\"Alert\u0103 de securitate la Gala\u021bi dup\u0103 pr\u0103bu\u0219irea unei drone militare ruse\u0219ti \u00een centrul ora\u0219ului\">Alert\u0103 de securitate la Gala\u021bi dup\u0103 pr\u0103bu\u0219irea unei drone militare ruse\u0219ti \u00een centrul ora\u0219ului<\/a><\/h3>\n<\/div>\n<\/div>\n<\/div>\n<div class=\"td-related-span4\">\n<div class=\"td_module_related_posts td-animation-stack td_mod_related_posts\">\n<div class=\"td-module-image\">\n<div class=\"td-module-thumb\"><a href=\"https:\/\/orasul-timisoara.ro\/local-37183\/\" rel=\"bookmark\" class=\"td-image-wrap \" title=\"\u0218ase b\u0103rba\u021bi re\u021binu\u021bi dup\u0103 descinderi \u00een Satchinez \u0219i Hodoni, acuza\u021bi de infrac\u021biuni sexuale asupra unor minore (video)\"><img loading=\"lazy\" decoding=\"async\" class=\"entry-thumb\" src=\"https:\/\/orasul-timisoara.ro\/wp-content\/uploads\/2026\/02\/WhatsApp-Image-2026-02-21-at-10.30.42-436x300.jpg\" alt title=\"\u0218ase b\u0103rba\u021bi re\u021binu\u021bi dup\u0103 descinderi \u00een Satchinez \u0219i Hodoni, acuza\u021bi de infrac\u021biuni sexuale asupra unor minore (video)\" width=\"218\" height=\"150\"><\/a><\/div>\n<\/div>\n<div class=\"item-details\">\n<h3 class=\"entry-title td-module-title\"><a href=\"https:\/\/orasul-timisoara.ro\/local-37183\/\" rel=\"bookmark\" title=\"\u0218ase b\u0103rba\u021bi re\u021binu\u021bi dup\u0103 descinderi \u00een Satchinez \u0219i Hodoni, acuza\u021bi de infrac\u021biuni sexuale asupra unor minore (video)\">\u0218ase b\u0103rba\u021bi re\u021binu\u021bi dup\u0103 descinderi \u00een Satchinez \u0219i Hodoni, acuza\u021bi de infrac\u021biuni sexuale asupra unor minore (video)<\/a><\/h3>\n<\/div>\n<\/div>\n<\/div>\n<div class=\"td-related-span4\">\n<div class=\"td_module_related_posts td-animation-stack td_mod_related_posts\">\n<div class=\"td-module-image\">\n<div class=\"td-module-thumb\"><a href=\"https:\/\/orasul-timisoara.ro\/local-37094\/\" rel=\"bookmark\" class=\"td-image-wrap \" title=\"Perchezi\u021bii \u00eentr-un dosar de fraud\u0103 informatic\u0103: aliment\u0103ri ilegale cu carburant \u00een patru \u021b\u0103ri\"><img loading=\"lazy\" decoding=\"async\" class=\"entry-thumb\" src=\"https:\/\/orasul-timisoara.ro\/wp-content\/uploads\/2024\/03\/perchezitii-bani-436x300.jpg\" alt title=\"Perchezi\u021bii \u00eentr-un dosar de fraud\u0103 informatic\u0103: aliment\u0103ri ilegale cu carburant \u00een patru \u021b\u0103ri\" width=\"218\" height=\"150\"><\/a><\/div>\n<\/div>\n<div class=\"item-details\">\n<h3 class=\"entry-title td-module-title\"><a href=\"https:\/\/orasul-timisoara.ro\/local-37094\/\" rel=\"bookmark\" title=\"Perchezi\u021bii \u00eentr-un dosar de fraud\u0103 informatic\u0103: aliment\u0103ri ilegale cu carburant \u00een patru \u021b\u0103ri\">Perchezi\u021bii \u00eentr-un dosar de fraud\u0103 informatic\u0103: aliment\u0103ri ilegale cu carburant \u00een patru \u021b\u0103ri<\/a><\/h3>\n<\/div>\n<\/div>\n<\/div>\n<\/div>\n<\/div>\n<\/div>\n<div class=\"comments\" id=\"comments\">\n<div id=\"respond\" class=\"comment-respond\">\n<h3 id=\"reply-title\" class=\"comment-reply-title\">L\u0102SA\u021aI UN MESAJ<\/h3>\n<div class=\"comment-form-input-wrap td-form-comment\">\n<div class=\"td-warning-comment\">V\u0103 rug\u0103m s\u0103 introduce\u021bi comentariul dvs.!<\/div>\n<\/div>\n<div class=\"comment-form-input-wrap td-form-author\">\n<div class=\"td-warning-author\">Introduce\u021bi aici numele dvs.<\/div>\n<\/div>\n<div class=\"comment-form-input-wrap td-form-email\">\n<div class=\"td-warning-email-error\">A\u021bi introdus o adres\u0103 de e-mail incorect\u0103!<\/div>\n<div class=\"td-warning-email\">V\u0103 rug\u0103m s\u0103 introduce\u021bi adresa dvs. de e-mail aici<\/div>\n<\/div>\n<\/div>\n<p class=\"akismet_comment_form_privacy_notice\">Acest site folose\u0219te Akismet pentru a reduce spamul. <a href=\"https:\/\/akismet.com\/privacy\/\" target=\"_blank\" rel=\"nofollow noopener\">Afl\u0103 cum sunt procesate datele comentariilor tale<\/a>.<\/p>\n<\/div>\n<\/div>\n<\/div>\n<div class=\"td-pb-span4 td-main-sidebar\" role=\"complementary\">\n<div class=\"td-ss-main-sidebar\">\n<aside id=\"block-4\" class=\"td_block_template_8 widget block-4 widget_block widget_media_image\">\n<figure class=\"wp-block-image size-full\"><img loading=\"lazy\" decoding=\"async\" width=\"336\" height=\"280\" src=\"https:\/\/orasul-timisoara.ro\/wp-content\/uploads\/2024\/11\/ReTIM-Abonamentul-Verde-Google-Ads-336x280px.gif\" alt class=\"wp-image-29257\"><\/figure>\n<\/aside>\n<div class=\"td_block_wrap td_block_social_counter td_block_widget tdi_6 td-social-style5 td-social-boxed td-pb-border-top td_block_template_8\">\n<div class=\"td-block-title-wrap\">\n<h4 class=\"td-block-title\"><span>Urm\u0103re\u0219te-ne pe Social Media<\/span><\/h4>\n<\/div>\n<div class=\"td-social-list\">\n<div class=\"td_social_type td-pb-margin-side td_social_facebook\">\n<div class=\"td-social-box\"><span class=\"td_social_info td_social_info_counter\">344,595<\/span><span class=\"td_social_info td_social_info_name\">Fani<\/span><span class=\"td_social_button\"><a href=\"https:\/\/www.facebook.com\/247timisoara\" target=\"_blank\" rel=\"nofollow\">\u00cemi place<\/a><\/span><\/div>\n<\/div>\n<div class=\"td_social_type td-pb-margin-side td_social_instagram\">\n<div class=\"td-social-box\"><span class=\"td_social_info td_social_info_counter\">4,416<\/span><span class=\"td_social_info td_social_info_name\">Cititori<\/span><span class=\"td_social_button\"><a href=\"https:\/\/instagram.com\/orasultimisoararo\/\" target=\"_blank\" rel=\"nofollow\">Conecta\u021bi-v\u0103<\/a><\/span><\/div>\n<\/div>\n<div class=\"td_social_type td-pb-margin-side td_social_rss\">\n<div class=\"td-social-box\"><span class=\"td_social_info td_social_info_counter\">12,506<\/span><span class=\"td_social_info td_social_info_name\">Cititori<\/span><span class=\"td_social_button\"><a href=\"https:\/\/orasul-timisoara.ro\/feed\/\" target=\"_blank\" rel=\"nofollow\">Conecta\u021bi-v\u0103<\/a><\/span><\/div>\n<\/div>\n<div class=\"td_social_type td-pb-margin-side td_social_tiktok\">\n<div class=\"td-social-box\"><span class=\"td_social_info td_social_info_counter\">1,500<\/span><span class=\"td_social_info td_social_info_name\">Cititori<\/span><span class=\"td_social_button\"><a href=\"https:\/\/www.tiktok.com\/@orasultimisoara\" target=\"_blank\" rel=\"nofollow\">Conecta\u021bi-v\u0103<\/a><\/span><\/div>\n<\/div>\n<div class=\"td_social_type td-pb-margin-side td_social_twitter\">\n<div class=\"td-social-box\"><span class=\"td_social_info td_social_info_counter\">1,595<\/span><span class=\"td_social_info td_social_info_name\">Cititori<\/span><span class=\"td_social_button\"><a href=\"https:\/\/twitter.com\/orasultm\" target=\"_blank\" rel=\"nofollow\">Conecta\u021bi-v\u0103<\/a><\/span><\/div>\n<\/div>\n<div class=\"td_social_type td-pb-margin-side td_social_youtube\">\n<div class=\"td-social-box\"><span class=\"td_social_info td_social_info_counter\">3,506<\/span><span class=\"td_social_info td_social_info_name\">Abona\u021bi<\/span><span class=\"td_social_button\"><a href=\"https:\/\/www.youtube.com\/channel\/UCQNsQvs2XCSIm1Z-AHRturw?sub_confirmation=1\" target=\"_blank\" rel=\"nofollow\">Abona\u021bi-v\u0103<\/a><\/span><\/div>\n<\/div>\n<\/div>\n<\/div>\n<aside id=\"text-7\" class=\"td_block_template_8 widget text-7 widget_text\">\n<h4 class=\"td-block-title\"><span>C\u0103ut\u0103ri populare pe OTM<\/span><\/h4>\n<div class=\"textwidget\"><a href=\"https:\/\/orasul-timisoara.ro\/?s=timisoara\"><span>Timisoara<\/span><\/a><a href=\"https:\/\/orasul-timisoara.ro\/?s=calin+dobra\"><span>Calin Dobra<\/span><\/a><a href=\"https:\/\/orasul-timisoara.ro\/?s=primaria+timisoara\"><span>Primaria Timisoara<\/span><\/a><a href=\"https:\/\/orasul-timisoara.ro\/?s=dominic+fritz\"><span>Dominic Fritz<\/span><\/a><a href=\"https:\/\/orasul-timisoara.ro\/?s=nicolae+robu\"><span>Nicolae Robu<\/span><\/a><a href=\"https:\/\/orasul-timisoara.ro\/?s=consiliul+local+timisoara\">Consiliul Local Timisoara<\/a><a href=\"https:\/\/orasul-timisoara.ro\/?s=consiliul+judetean+timis\"><span>Consiliul Judetean Timis<\/span><\/a><a href=\"https:\/\/orasul-timisoara.ro\/?s=cjt\"><span>CJT<\/span><\/a><a href=\"https:\/\/orasul-timisoara.ro\/?s=Alfred+Simonis\"><span>Alfred Simonis<\/span><\/a><a href=\"https:\/\/orasul-timisoara.ro\/?s=PNL\"><span>PNL<\/span><\/a><a href=\"https:\/\/orasul-timisoara.ro\/?s=coronavirus\"><span>coronavirus<\/span><\/a><a href=\"https:\/\/orasul-timisoara.ro\/?s=teatru+timisoara\">teatru Timisoara<\/a><a href=\"https:\/\/orasul-timisoara.ro\/?s=restaurante\"><span>restaurante Timisoara<\/span><\/a><a href=\"https:\/\/orasul-timisoara.ro\/?s=diskoteka\"><span>Diskoteka<\/span><\/a><a href=\"https:\/\/orasul-timisoara.ro\/?s=iulius+town\"><span>Iulius Town<\/span><\/a><a href=\"https:\/\/orasul-timisoara.ro\/?s=iulius+mall\"><span>Iulius Mall<\/span><\/a><a href=\"https:\/\/orasul-timisoara.ro\/?s=stpt\"><span>STPT<\/span><\/a><a href=\"https:\/\/orasul-timisoara.ro\/?s=alin+nica\"><span>Alin Nica<\/span><\/a><a href=\"https:\/\/orasul-timisoara.ro\/?s=psd\"><span>PSD<\/span><\/a><a href=\"https:\/\/orasul-timisoara.ro\/?s=aeroport\"><span>Aeroportul International Timisoara<\/span><\/a><a href=\"https:\/\/orasul-timisoara.ro\/?s=babes\"><span>Spitalul Victor Babes Timisoara<\/span><\/a><a href=\"https:\/\/orasul-timisoara.ro\/?s=poli\"><span>Poli Timi\u0219oara<\/span><\/a><a href=\"https:\/\/orasul-timisoara.ro\/?s=carantina\"><span>carantina<\/span><\/a><a href=\"https:\/\/orasul-timisoara.ro\/?s=aquatim\"><span>Aquatim<\/span><\/a><a href=\"https:\/\/orasul-timisoara.ro\/local-category\/stiri-timisoara\/\"><span>Stiri Timisoara<\/span><\/a><a href=\"https:\/\/orasul-timisoara.ro\/local-category\/investitii-in-timisoara\/\"><span>Investi\u021bii in Timi\u0219oara<\/span><\/a><a href=\"https:\/\/orasul-timisoara.ro\/local-9463\/\"><span>shaorma<\/span><\/a><a href=\"https:\/\/orasul-timisoara.ro\/?s=trafic\"><span>trafic rutier<\/span><\/a><a href=\"https:\/\/orasul-timisoara.ro\/?s=politia\"><span>politia locala timisoara<\/span><\/a><a href=\"https:\/\/orasul-timisoara.ro\/?s=roxana\"><span>Roxana Iliescu<\/span><\/a><a href=\"https:\/\/orasul-timisoara.ro\/?s=colterm\"><span>Colterm<\/span><\/a><a href=\"https:\/\/orasul-timisoara.ro\/?s=latcau\"><span>Ruben La\u021bc\u0103u<\/span><\/a><a href=\"https:\/\/orasul-timisoara.ro\/?s=timis\"><span>\u0218tiri din Timi\u0219<\/span><\/a><a href=\"https:\/\/orasul-timisoara.ro\/?s=spital\"><span>Spitale din Timi\u0219oara<\/span><\/a><a href=\"https:\/\/orasul-timisoara.ro\/?s=tabara\"><span>Cosmin Tab\u0103r\u0103<\/span><\/a><\/div>\n<\/aside>\n<aside id=\"rss-2\" class=\"td_block_template_8 widget rss-2 widget_rss\">\n<h4 class=\"td-block-title\"><span><a class=\"rsswidget rss-widget-feed\" href=\"https:\/\/fashionfridays.ro\/feed\"><img decoding=\"async\" class=\"rss-widget-icon\" width=\"14\" height=\"14\" src=\"https:\/\/orasul-timisoara.ro\/wp-includes\/images\/rss.png\" alt=\"RSS\" loading=\"lazy\"><\/a><a class=\"rsswidget rss-widget-title\" href=\"https:\/\/fashionfridays.ro\/\">Fashion Fridays<\/a><\/span><\/h4>\n<ul>\n<li><a class=\"rsswidget\" href=\"https:\/\/fashionfridays.ro\/romania-devine-a-29-a-piata-vogue-o-noua-era-pentru-industria-locala-de-moda\/\">Rom\u00e2nia devine a 29-a pia\u021b\u0103 Vogue: o nou\u0103 er\u0103 pentru industria local\u0103 de mod\u0103<\/a>\n<div class=\"rssSummary\">Revista Vogue \u00ee\u0219i extinde prezen\u021ba global\u0103 \u0219i va fi lansat\u0103 oficial \u00een Rom\u00e2nia \u00een prim\u0103vara anului 2027, marc\u00e2nd intrarea pe cea de-a 29-a pia\u021b\u0103 interna\u021bional\u0103. Proiectul este realizat \u00een parteneriat cu AEMME Publishing, o companie media recent \u00eenfiin\u021bat\u0103, care va publica edi\u021bia local\u0103 sub licen\u021b\u0103. Noua edi\u021bie, Vogue Rom\u00e2nia, \u00ee\u0219i propune s\u0103 combine autoritatea global\u0103 [\u2026]<\/div>\n<\/li>\n<\/ul>\n<\/aside>\n<aside id=\"rss-4\" class=\"td_block_template_8 widget rss-4 widget_rss\">\n<h4 class=\"td-block-title\"><span><a class=\"rsswidget rss-widget-feed\" href=\"https:\/\/emasini.ro\/feed\"><img decoding=\"async\" class=\"rss-widget-icon\" width=\"14\" height=\"14\" src=\"https:\/\/orasul-timisoara.ro\/wp-includes\/images\/rss.png\" alt=\"RSS\" loading=\"lazy\"><\/a><a class=\"rsswidget rss-widget-title\" href=\"https:\/\/emasini.ro\/\">eMasini<\/a><\/span><\/h4>\n<ul>\n<li><a class=\"rsswidget\" href=\"https:\/\/emasini.ro\/dacia-analizeaza-lansarea-lui-hipster-automobilul-urban-de-doar-3-metri-lungime\/\">Dacia analizeaz\u0103 lansarea lui Hipster, automobilul urban de doar 3 metri lungime (video)<\/a>\n<div class=\"rssSummary\">Dacia ar putea introduce pe pia\u021b\u0103 unul dintre cele mai neobi\u0219nuite modele din istoria sa recent\u0103. Conceptul Hipster, prezentat anul trecut ca o reinterpretare radical\u0103 a automobilului urban accesibil, se afl\u0103 \u00een prezent \u00eentr-o etap\u0103 de evaluare, iar decizia privind produc\u021bia de serie va fi luat\u0103 \u00een func\u021bie de reac\u021bia publicului \u0219i de evolu\u021bia reglement\u0103rilor [\u2026]<\/div>\n<\/li>\n<\/ul>\n<\/aside>\n<\/div>\n<\/div>\n<\/div>\n<\/div>\n<\/article>\n<div class=\"td-post-content tagdiv-type\">\n<p class=\"wp-block-paragraph\">Un b\u0103rbat \u00een v\u00e2rst\u0103 de 46 de ani a fost re\u021binut de poli\u021bi\u0219ti, fiind suspectat c\u0103 ar fi provocat inten\u021bionat un incendiu izbucnit \u00eentr-o curte din municipiul Timi\u0219oara. Fl\u0103c\u0103rile au cuprins o cl\u0103dire \u0219i s-au extins la mai multe autoturisme parcate \u00een apropiere, iar cazul este cercetat sub coordonarea Parchetului de pe l\u00e2ng\u0103 Judec\u0103toria Timi\u0219oara.<\/p>\n<p class=\"wp-block-paragraph\">\u00cen urma investiga\u021biilor desf\u0103\u0219urate de poli\u021bi\u0219tii Biroului de Investiga\u021bii Criminale Timi\u0219oara, suspectul a fost identificat \u0219i re\u021binut pentru 24 de ore, fiind introdus \u00een Centrul de Re\u021binere \u0219i Arestare Preventiv\u0103.<\/p>\n<h2 class=\"wp-block-heading\">Incendiul a izbucnit pe strada Martir Nicoar\u0103 Elena<\/h2>\n<p class=\"wp-block-paragraph\">Potrivit informa\u021biilor transmise de Inspectoratul de Poli\u021bie Jude\u021bean Timi\u0219, incidentul s-a produs \u00een dup\u0103-amiaza zilei de 14 iulie 2026.<\/p>\n<p class=\"wp-block-paragraph\">\u00cen jurul orei 17:35, poli\u021bi\u0219tii Sec\u021biei 2 Poli\u021bie Urban\u0103 Timi\u0219oara au fost sesiza\u021bi printr-un apel la num\u0103rul unic de urgen\u021b\u0103 112 cu privire la izbucnirea unui incendiu \u00eentr-o cl\u0103dire amplasat\u0103 \u00eentr-o curte de pe strada Martir Nicoar\u0103 Elena.<\/p>\n<p class=\"wp-block-paragraph\">Ajun\u0219i la fa\u021ba locului, poli\u021bi\u0219tii au constatat c\u0103 fl\u0103c\u0103rile nu se limitau doar la cl\u0103dire, ci afectaser\u0103 \u0219i mai multe autoturisme parcate \u00een curtea imobilului.<\/p>\n<h2 class=\"wp-block-heading\">Suspect identificat \u00een urma cercet\u0103rilor<\/h2>\n<p class=\"wp-block-paragraph\">Cazul a fost preluat de poli\u021bi\u0219tii Biroului de Investiga\u021bii Criminale Timi\u0219oara, care au desf\u0103\u0219urat cercet\u0103ri sub coordonarea Parchetului de pe l\u00e2ng\u0103 Judec\u0103toria Timi\u0219oara.<\/p>\n<p class=\"wp-block-paragraph\">\u00cen urma administr\u0103rii probelor \u0219i a activit\u0103\u021bilor investigative, oamenii legii au identificat un b\u0103rbat de 46 de ani, b\u0103nuit c\u0103 ar fi provocat incendiul.<\/p>\n<p class=\"wp-block-paragraph\">Acesta a fost re\u021binut pentru 24 de ore, fiind cercetat pentru s\u0103v\u00e2r\u0219irea infrac\u021biunii de distrugere prin incendiere.<\/p>\n<h2 class=\"wp-block-heading\">Ancheta continu\u0103<\/h2>\n<p class=\"wp-block-paragraph\">Poli\u021bi\u0219tii continu\u0103 cercet\u0103rile \u00een acest dosar pentru stabilirea tuturor \u00eemprejur\u0103rilor \u00een care s-a produs incidentul \u0219i pentru documentarea complet\u0103 a activit\u0103\u021bii infrac\u021bionale.<\/p>\n<p class=\"wp-block-paragraph\">Reprezentan\u021bii IPJ Timi\u0219 reamintesc c\u0103 m\u0103sura re\u021binerii reprezint\u0103 o etap\u0103 a procesului penal \u0219i nu echivaleaz\u0103 cu stabilirea vinov\u0103\u021biei.<\/p>\n<p class=\"wp-block-paragraph\">Pe \u00eentreaga durat\u0103 a procedurilor judiciare, persoana cercetat\u0103 beneficiaz\u0103 de toate drepturile \u0219i garan\u021biile procesuale prev\u0103zute de Codul de procedur\u0103 penal\u0103, precum \u0219i de prezum\u021bia de nevinov\u0103\u021bie, p\u00e2n\u0103 la pronun\u021barea unei hot\u0103r\u00e2ri definitive de c\u0103tre instan\u021b\u0103.<\/p>\n<\/div>\n<p>[analyse_source url=&#8221;https:\/\/orasul-timisoara.ro\/local-39688\/&#8221;]<\/p>\n","protected":false},"excerpt":{"rendered":"<p>[analyse_image type=&#8221;featured&#8221; src=&#8221;https:\/\/orasul-timisoara.ro\/wp-content\/uploads\/2021\/07\/catuse-politie-arest.jpg&#8221;] \u0218tiri LocaleB\u0103rbat de 46 de ani, re\u021binut dup\u0103 un incendiu care a cuprins&#8230; \u0218tiri Locale B\u0103rbat de 46 de ani, re\u021binut dup\u0103 un incendiu care a cuprins o cl\u0103dire \u0219i mai multe ma\u0219ini De c\u0103tre redactia &#8211; 15\/07\/2026 Facebook Twitter WhatsApp Linkedin ReddIt Email Imprimare Un b\u0103rbat \u00een v\u00e2rst\u0103 de 46 de [&hellip;]<\/p>\n","protected":false},"author":1,"featured_media":0,"comment_status":"open","ping_status":"","sticky":false,"template":"","format":"standard","meta":{"footnotes":""},"categories":[89],"tags":[226,189],"class_list":["post-2048507","post","type-post","status-publish","format-standard","hentry","category-romania","tag-crawlmanager","tag-orasul-timisoara-ro"],"_links":{"self":[{"href":"https:\/\/analyse.optim.biz\/index.php?rest_route=\/wp\/v2\/posts\/2048507","targetHints":{"allow":["GET"]}}],"collection":[{"href":"https:\/\/analyse.optim.biz\/index.php?rest_route=\/wp\/v2\/posts"}],"about":[{"href":"https:\/\/analyse.optim.biz\/index.php?rest_route=\/wp\/v2\/types\/post"}],"author":[{"embeddable":true,"href":"https:\/\/analyse.optim.biz\/index.php?rest_route=\/wp\/v2\/users\/1"}],"replies":[{"embeddable":true,"href":"https:\/\/analyse.optim.biz\/index.php?rest_route=%2Fwp%2Fv2%2Fcomments&post=2048507"}],"version-history":[{"count":0,"href":"https:\/\/analyse.optim.biz\/index.php?rest_route=\/wp\/v2\/posts\/2048507\/revisions"}],"wp:attachment":[{"href":"https:\/\/analyse.optim.biz\/index.php?rest_route=%2Fwp%2Fv2%2Fmedia&parent=2048507"}],"wp:term":[{"taxonomy":"category","embeddable":true,"href":"https:\/\/analyse.optim.biz\/index.php?rest_route=%2Fwp%2Fv2%2Fcategories&post=2048507"},{"taxonomy":"post_tag","embeddable":true,"href":"https:\/\/analyse.optim.biz\/index.php?rest_route=%2Fwp%2Fv2%2Ftags&post=2048507"}],"curies":[{"name":"wp","href":"https:\/\/api.w.org\/{rel}","templated":true}]}}