{"id":2048455,"date":"2026-07-17T16:04:24","date_gmt":"2026-07-17T13:04:24","guid":{"rendered":"https:\/\/analyse.optim.biz\/?p=2048455"},"modified":"2026-07-17T16:04:24","modified_gmt":"2026-07-17T13:04:24","slug":"plasa-sudata-cand-o-folosesti-si-cum-o-alegi-corect-pentru-armare-si-imprejmuiri","status":"publish","type":"post","link":"https:\/\/analyse.optim.biz\/?p=2048455","title":{"rendered":"Plasa sudat\u0103: c\u00e2nd o folose\u0219ti \u0219i cum o alegi corect pentru armare \u0219i \u00eemprejmuiri"},"content":{"rendered":"<p>[analyse_image type=&#8221;featured&#8221; src=&#8221;https:\/\/r3media.ro\/wp-content\/uploads\/2026\/07\/plasa_sudat_cnd_o_foloseti_i_cum_o_alegi_corect_pentru_armare_i_mprejmuiri-e1784304250582.jpghttps:\/\/r3media.ro\/wp-content\/uploads\/2026\/07\/plasa_sudat_cnd_o_foloseti_i_cum_o_alegi_corect_pentru_armare_i_mprejmuiri-e1784304250582.jpg&#8221;]<\/p>\n<article id=\"template-id-109\" class=\"post-109 tdb_templates type-tdb_templates status-publish post\">\n<div id=\"tdi_2\" class=\"tdc-zone\">\n<div class=\"tdc_zone tdi_3  wpb_row td-pb-row\">\n<div id=\"tdi_4\" class=\"tdc-row\">\n<div class=\"vc_row tdi_5  wpb_row td-pb-row\">\n<div class=\"vc_column tdi_7  wpb_column vc_column_container tdc-column td-pb-span8\">\n<div class=\"wpb_wrapper\">\n<div class=\"td_block_wrap tdb_breadcrumbs tdi_8 td-pb-border-top td_block_template_1 tdb-breadcrumbs \" data-td-block-uid=\"tdi_8\">\n<div class=\"tdb-block-inner td-fix-index\"><span><a title=\"Vede\u021bi toate articolele \u00een \u0218TIRI\" class=\"tdb-entry-crumb\" href=\"https:\/\/r3media.ro\/category\/stiri\/\">\u0218TIRI<\/a><\/span><span class=\"tdb-bred-no-url-last\">Plasa sudat\u0103: c\u00e2nd o folose\u0219ti \u0219i cum o alegi corect pentru armare&#8230;<\/span><\/div>\n<\/div>\n<div class=\"td_block_wrap tdb_single_categories tdi_9 td-pb-border-top td_block_template_1 \" data-td-block-uid=\"tdi_9\">\n<div class=\"tdb-category td-fix-index\"><a class=\"tdb-entry-category\" href=\"https:\/\/r3media.ro\/category\/stiri\/\">\u0218TIRI<\/a><\/div>\n<\/div>\n<div class=\"td_block_wrap tdb_title tdi_10 tdb-single-title td-pb-border-top td_block_template_1\" data-td-block-uid=\"tdi_10\">\n<div class=\"tdb-block-inner td-fix-index\">\n<h1 class=\"tdb-title-text\">Plasa sudat\u0103: c\u00e2nd o folose\u0219ti \u0219i cum o alegi corect pentru armare \u0219i \u00eemprejmuiri<\/h1>\n<\/div>\n<\/div>\n<div class=\"vc_row_inner tdi_12  vc_row vc_inner wpb_row td-pb-row\">\n<div class=\"vc_column_inner tdi_14  wpb_column vc_column_container tdc-inner-column td-pb-span12\">\n<div class=\"vc_column-inner\">\n<div class=\"wpb_wrapper\">\n<div class=\"td_block_wrap tdb_single_author tdi_15 td-pb-border-top td_block_template_1 tdb-post-meta\" data-td-block-uid=\"tdi_15\">\n<div class=\"tdb-block-inner td-fix-index\">\n<div class=\"tdb-author-name-wrap\"><a class=\"tdb-author-name\" href=\"https:\/\/r3media.ro\/author\/promo\/\">Promo<\/a><\/div>\n<\/div>\n<\/div>\n<div class=\"td_block_wrap tdb_single_date tdi_16 td-pb-border-top td_block_template_1 tdb-post-meta\" data-td-block-uid=\"tdi_16\">\n<div class=\"tdb-block-inner td-fix-index\"><time class=\"entry-date updated td-module-date\" datetime=\"2026-07-17T19:04:24+03:00\">17\/07\/2026<\/time><\/div>\n<\/div>\n<\/div>\n<\/div>\n<\/div>\n<\/div>\n<div class=\"td_block_wrap tdb_single_content tdi_18 td-pb-border-top td_block_template_1 td-post-content tagdiv-type\" data-td-block-uid=\"tdi_18\">\n<div class=\"tdb-block-inner td-fix-index\">\n<p>Plasa sudat\u0103 apare frecvent \u00een proiectele de construc\u021bii \u0219i amenaj\u0103ri, de la pl\u0103ci din beton p\u00e2n\u0103 la garduri pentru curte. Dac\u0103 o alegi corect, ob\u021bii o lucrare rezistent\u0103, stabil\u0103 \u00een timp \u0219i adaptat\u0103 bugetului t\u0103u. Dac\u0103 o alegi gre\u0219it, ri\u0219ti fisuri \u00een beton sau deform\u0103ri ale gardului dup\u0103 c\u00e2\u021biva ani.<\/p>\n<p>\u00cen acest ghid afli cum s\u0103 selectezi plasa sudat\u0103 potrivit\u0103 pentru armare \u0219i pentru \u00eemprejmuiri. Urmeaz\u0103 pa\u0219ii de mai jos \u0219i adapteaz\u0103-i la proiectul t\u0103u.<\/p>\n<h2>1. Stabile\u0219te scopul \u0219i condi\u021biile de utilizare<\/h2>\n<p>\u00cencepe prin a defini clar destina\u021bia lucr\u0103rii.<\/p>\n<p>Pentru armare \u00een beton, analizeaz\u0103:<\/p>\n<ul>\n<li>grosimea pl\u0103cii sau a \u0219apei;<\/li>\n<li>\u00eenc\u0103rc\u0103rile estimate (trafic auto, utilaje, mobilier greu);<\/li>\n<li>mediul de amplasare (interior, exterior, sol umed).<\/li>\n<\/ul>\n<p>De exemplu, o plac\u0103 de beton pentru un garaj suport\u0103 sarcini mai mari dec\u00e2t o \u0219ap\u0103 de egalizare dintr-un apartament. \u00cen majoritatea cazurilor, proiectul de structur\u0103 indic\u0103 diametrul firului \u0219i dimensiunea ochiurilor.<\/p>\n<p>Pentru \u00eemprejmuiri, verific\u0103:<\/p>\n<ul>\n<li>\u00een\u0103l\u021bimea dorit\u0103;<\/li>\n<li>expunerea la ploaie, \u00eenghe\u021b sau umiditate constant\u0103;<\/li>\n<li>nivelul de protec\u021bie urm\u0103rit.<\/li>\n<\/ul>\n<p>Dac\u0103 montezi un gard \u00eentr-o zon\u0103 umed\u0103, alege o plas\u0103 zincat\u0103 sau plastifiat\u0103. Po\u021bi consulta detalii tehnice generale despre acest tip de material pe pagina dedicat\u0103 welded wire fabric de pe Wikipedia (<a href=\"https:\/\/en.wikipedia.org\/wiki\/Welded_wire_fabric\" target=\"_blank\" rel=\"noopener\">https:\/\/en.wikipedia.org\/wiki\/Welded_wire_fabric<\/a>).<\/p>\n<h2>2. Alege caracteristicile tehnice potrivite<\/h2>\n<p>Concentreaz\u0103-te pe trei elemente: dimensiunea ochiului, grosimea firului \u0219i protec\u021bia anticoroziv\u0103.<\/p>\n<ul>\n<li>Ochiuri de 100\u00d7100 mm distribuie bine eforturile \u00een pl\u0103ci solicitate intens.<\/li>\n<li>Ochiuri de 150\u00d7150 mm sau 200\u00d7200 mm se folosesc frecvent la aplica\u021bii reziden\u021biale u\u0219oare.<\/li>\n<li>Diametrele uzuale (fi 4, fi 5, fi 6, fi 8) influen\u021beaz\u0103 rezisten\u021ba la trac\u021biune.<\/li>\n<\/ul>\n<p>Pentru armare, alege o\u021bel beton conform standardelor \u00een vigoare. Pentru garduri, verific\u0103 tipul de protec\u021bie: zincare la cald pentru rezisten\u021b\u0103 crescut\u0103 la coroziune sau acoperire PVC pentru protec\u021bie suplimentar\u0103 \u0219i aspect uniform.<\/p>\n<p>Dac\u0103 vrei o selec\u021bie variat\u0103 \u0219i specifica\u021bii clare, caut\u0103 o <a href=\"https:\/\/mathaus.ro\/c\/plasa-sudata\/123\" target=\"_blank\" rel=\"noopener\">plas\u0103 sudat\u0103 de calitate<\/a> pe site-ul MatHaus, unde g\u0103se\u0219ti informa\u021bii tehnice utile pentru compara\u021bie.<\/p>\n<h2>3. Diferen\u021biaz\u0103 clar armarea de \u00eemprejmuire<\/h2>\n<p>La armare, plasa trebuie s\u0103 limiteze fisurile \u0219i s\u0103 preia eforturile de \u00eentindere. Monteaz\u0103 panourile pe distan\u021biere, astfel \u00eenc\u00e2t s\u0103 asiguri un strat de acoperire cu beton de aproximativ 2\u20133 cm. Suprapune panourile cel pu\u021bin un ochi \u0219i leag\u0103-le cu s\u00e2rm\u0103 de leg\u0103tur\u0103.<\/p>\n<p>La \u00eemprejmuiri, urm\u0103re\u0219te rigiditatea \u0219i fixarea corect\u0103 pe st\u00e2lpi metalici. \u00cen general:<\/p>\n<ol>\n<li>Fixeaz\u0103 st\u00e2lpii la 2\u20132,5 m distan\u021b\u0103.<\/li>\n<li>Aliniaz\u0103-i cu nivela.<\/li>\n<li>\u00centinde plasa uniform \u0219i prinde-o cu cleme sau coliere metalice.<\/li>\n<\/ol>\n<p>Nu for\u021ba materialul la \u00eentindere. Tensionarea excesiv\u0103 poate deforma ochiurile.<\/p>\n<h2>4. Monteaz\u0103 corect \u0219i respect\u0103 m\u0103surile de siguran\u021b\u0103<\/h2>\n<p>Folose\u0219te echipament de protec\u021bie: m\u0103nu\u0219i, ochelari, \u00eenc\u0103l\u021b\u0103minte adecvat\u0103. Marginile t\u0103iate pot provoca accident\u0103ri.<\/p>\n<p>Pentru armare:<\/p>\n<ul>\n<li>nu a\u0219eza plasa direct pe sol;<\/li>\n<li>verific\u0103 pozi\u021bionarea \u00eenainte de turnare;<\/li>\n<li>controleaz\u0103 alinierea \u0219i stabilitatea.<\/li>\n<\/ul>\n<p>Pentru garduri:<\/p>\n<ul>\n<li>verific\u0103 verticalitatea st\u00e2lpilor;<\/li>\n<li>controleaz\u0103 tensionarea pe toat\u0103 lungimea;<\/li>\n<li>taie surplusul cu un cle\u0219te adecvat.<\/li>\n<\/ul>\n<h2>5. \u00centre\u021bine \u0219i evit\u0103 gre\u0219elile frecvente<\/h2>\n<p>Inspecteaz\u0103 periodic gardurile pentru urme de rugin\u0103, mai ales \u00een zonele de \u00eembinare. Aplic\u0103 tratament anticoroziv dac\u0103 observi zone afectate. La elementele armate, urm\u0103re\u0219te apari\u021bia fisurilor mari sau a zonelor unde betonul s-a exfoliat.<\/p>\n<p>Gre\u0219elile comune includ:<\/p>\n<ul>\n<li>alegerea unui diametru prea mic pentru sarcini mari;<\/li>\n<li>lipsa distan\u021bierilor la armare;<\/li>\n<li>utilizarea unei plase nepotrivite pentru medii umede.<\/li>\n<\/ul>\n<p>Pentru lucr\u0103ri structurale importante sau funda\u021bii, discut\u0103 cu un inginer de structur\u0103. O evaluare tehnic\u0103 te ajut\u0103 s\u0103 alegi corect \u0219i s\u0103 evi\u021bi costuri suplimentare pe termen lung.<\/p>\n<\/div>\n<\/div>\n<div class=\"td_block_wrap td_block_9 tdi_20 td_with_ajax_pagination td-pb-border-top td_block_template_1 td-column-2 td_block_padding td_block_bot_line\" data-td-block-uid=\"tdi_20\">\n<div class=\"td-block-title-wrap\">\n<h4 class=\"block-title td-block-title\"><span class=\"td-pulldown-size\">CITE\u0218TE MAI MULT<\/span><\/h4>\n<\/div>\n<div id=\"tdi_20\" class=\"td_block_inner\">\n<div class=\"td-block-row\">\n<div class=\"td-block-span6\">\n<div class=\"td_module_8 td_module_wrap\">\n<div class=\"item-details\">\n<h3 class=\"entry-title td-module-title\"><a href=\"https:\/\/r3media.ro\/criza-apei-grecia-sapte-insule-stare-de-urgenta-localnici-recolte\/\" rel=\"bookmark\" title=\"Criza apei pe \u0219apte insule din Grecia: A fost emis\u0103 stare de urgen\u021b\u0103. Localnicii nu mai au cu ce s\u0103-\u0219i ude recoltele\">Criza apei pe \u0219apte insule din Grecia: A fost emis\u0103 stare de urgen\u021b\u0103. Localnicii&#8230;<\/a><\/h3>\n<div class=\"td-module-meta-info\"><a href=\"https:\/\/r3media.ro\/category\/featured\/\" class=\"td-post-category\">FEATURED<\/a><span class=\"td-post-author-name\"><a href=\"https:\/\/r3media.ro\/author\/oana\/\">Oana Ivan<\/a><span>&#8211;<\/span><\/span><span class=\"td-post-date\"><time class=\"entry-date updated td-module-date\" datetime=\"2026-07-16T17:55:42+03:00\">16\/07\/2026<\/time><\/span><\/div>\n<\/div>\n<\/div>\n<\/div>\n<div class=\"td-block-span6\">\n<div class=\"td_module_8 td_module_wrap\">\n<div class=\"item-details\">\n<h3 class=\"entry-title td-module-title\"><a href=\"https:\/\/r3media.ro\/prof-ioan-aurel-pop-ong-antisemitism-xenofobie\/\" rel=\"bookmark\" title=\"Prof. Ioan-Aurel Pop: Anumite ONG-uri vor s\u0103 \u00eent\u0103reasc\u0103 antisemitismul \u0219i xenofobia, pentru c\u0103 ele s-au \u00eenfiin\u021bat ca s\u0103 combat\u0103 asemenea lucruri\">Prof. Ioan-Aurel Pop: Anumite ONG-uri vor s\u0103 \u00eent\u0103reasc\u0103 antisemitismul \u0219i xenofobia, pentru c\u0103 ele&#8230;<\/a><\/h3>\n<div class=\"td-module-meta-info\"><a href=\"https:\/\/r3media.ro\/category\/featured\/\" class=\"td-post-category\">FEATURED<\/a><span class=\"td-post-author-name\"><a href=\"https:\/\/r3media.ro\/author\/radu_ursan\/\">Radu Ursan<\/a><span>&#8211;<\/span><\/span><span class=\"td-post-date\"><time class=\"entry-date updated td-module-date\" datetime=\"2026-07-16T15:28:25+03:00\">16\/07\/2026<\/time><\/span><\/div>\n<\/div>\n<\/div>\n<\/div>\n<\/div>\n<div class=\"td-block-row\">\n<div class=\"td-block-span6\">\n<div class=\"td_module_8 td_module_wrap\">\n<div class=\"item-details\">\n<h3 class=\"entry-title td-module-title\"><a href=\"https:\/\/r3media.ro\/revolte-violente-franta-eliminare-cupa-mondiala-spania-video\/\" rel=\"bookmark\" title=\"VIDEO | Revolte violente \u00een Fran\u021ba dup\u0103 eliminarea de la Cupa Mondial\u0103\">VIDEO | Revolte violente \u00een Fran\u021ba dup\u0103 eliminarea de la Cupa Mondial\u0103<\/a><\/h3>\n<div class=\"td-module-meta-info\"><a href=\"https:\/\/r3media.ro\/category\/actualitate\/\" class=\"td-post-category\">ACTUALITATE<\/a><span class=\"td-post-author-name\"><a href=\"https:\/\/r3media.ro\/author\/oana\/\">Oana Ivan<\/a><span>&#8211;<\/span><\/span><span class=\"td-post-date\"><time class=\"entry-date updated td-module-date\" datetime=\"2026-07-15T15:35:05+03:00\">15\/07\/2026<\/time><\/span><\/div>\n<\/div>\n<\/div>\n<\/div>\n<div class=\"td-block-span6\">\n<div class=\"td_module_8 td_module_wrap\">\n<div class=\"item-details\">\n<h3 class=\"entry-title td-module-title\"><a href=\"https:\/\/r3media.ro\/deznationala-frantei-a-invins-franta\/\" rel=\"bookmark\" title=\"Dezna\u021bionala Fran\u021bei a \u00eenvins Fran\u021ba \u00a0\u00a0\">Dezna\u021bionala Fran\u021bei a \u00eenvins Fran\u021ba \u00a0\u00a0<\/a><\/h3>\n<div class=\"td-module-meta-info\"><a href=\"https:\/\/r3media.ro\/category\/sport\/cupa-mondiala-2026\/\" class=\"td-post-category\">CUPA MONDIALA 2026 AMERICA<\/a><span class=\"td-post-author-name\"><a href=\"https:\/\/r3media.ro\/author\/tru\/\">TRU (Traian Ungureanu)<\/a><span>&#8211;<\/span><\/span><span class=\"td-post-date\"><time class=\"entry-date updated td-module-date\" datetime=\"2026-07-15T20:57:25+03:00\">15\/07\/2026<\/time><\/span><\/div>\n<\/div>\n<\/div>\n<\/div>\n<\/div>\n<div class=\"td-block-row\">\n<div class=\"td-block-span6\">\n<div class=\"td_module_8 td_module_wrap\">\n<div class=\"item-details\">\n<h3 class=\"entry-title td-module-title\"><a href=\"https:\/\/r3media.ro\/cine-este-cu-adevarat-francez\/\" rel=\"bookmark\" title=\"Cine este cu adev\u0103rat francez?\">Cine este cu adev\u0103rat francez?<\/a><\/h3>\n<div class=\"td-module-meta-info\"><a href=\"https:\/\/r3media.ro\/category\/actualitate\/\" class=\"td-post-category\">ACTUALITATE<\/a><span class=\"td-post-author-name\"><a href=\"https:\/\/r3media.ro\/author\/gabipopa\/\">Gabriel Popa<\/a><span>&#8211;<\/span><\/span><span class=\"td-post-date\"><time class=\"entry-date updated td-module-date\" datetime=\"2026-07-15T09:52:34+03:00\">15\/07\/2026<\/time><\/span><\/div>\n<\/div>\n<\/div>\n<\/div>\n<div class=\"td-block-span6\">\n<div class=\"td_module_8 td_module_wrap\">\n<div class=\"item-details\">\n<h3 class=\"entry-title td-module-title\"><a href=\"https:\/\/r3media.ro\/ioan-aurel-pop-lege-vexler-razboi-istoria\/\" rel=\"bookmark\" title=\"Ioan-Aurel Pop critic\u0103 legea Vexler \u00eentr-un articol de neratat: Nu putem s\u0103 ducem un r\u0103zboi cu istoria\">Ioan-Aurel Pop critic\u0103 legea Vexler \u00eentr-un articol de neratat: Nu putem s\u0103 ducem un&#8230;<\/a><\/h3>\n<div class=\"td-module-meta-info\"><a href=\"https:\/\/r3media.ro\/category\/actualitate\/\" class=\"td-post-category\">ACTUALITATE<\/a><span class=\"td-post-author-name\"><a href=\"https:\/\/r3media.ro\/author\/radu_ursan\/\">Radu Ursan<\/a><span>&#8211;<\/span><\/span><span class=\"td-post-date\"><time class=\"entry-date updated td-module-date\" datetime=\"2026-07-12T21:42:54+03:00\">12\/07\/2026<\/time><\/span><\/div>\n<\/div>\n<\/div>\n<\/div>\n<\/div>\n<div class=\"td-block-row\">\n<div class=\"td-block-span6\">\n<div class=\"td_module_8 td_module_wrap\">\n<div class=\"item-details\">\n<h3 class=\"entry-title td-module-title\"><a href=\"https:\/\/r3media.ro\/scandalul-rachetelor-patriot-zguduie-polonia-varsovia-declasifica-tot-ajutorul-militar-acordat-ucrainei\/\" rel=\"bookmark\" title=\"Scandalul rachetelor Patriot zguduie Polonia: Var\u0219ovia declasific\u0103 tot ajutorul militar acordat Ucrainei\">Scandalul rachetelor Patriot zguduie Polonia: Var\u0219ovia declasific\u0103 tot ajutorul militar acordat Ucrainei<\/a><\/h3>\n<div class=\"td-module-meta-info\"><a href=\"https:\/\/r3media.ro\/category\/stiri\/\" class=\"td-post-category\">\u0218TIRI<\/a><span class=\"td-post-author-name\"><a href=\"https:\/\/r3media.ro\/author\/radu_ursan\/\">Radu Ursan<\/a><span>&#8211;<\/span><\/span><span class=\"td-post-date\"><time class=\"entry-date updated td-module-date\" datetime=\"2026-07-12T20:43:04+03:00\">12\/07\/2026<\/time><\/span><\/div>\n<\/div>\n<\/div>\n<\/div>\n<div class=\"td-block-span6\">\n<div class=\"td_module_8 td_module_wrap\">\n<div class=\"item-details\">\n<h3 class=\"entry-title td-module-title\"><a href=\"https:\/\/r3media.ro\/ce-ne-facem-cu-atatia-prosti\/\" rel=\"bookmark\" title=\"Ce ne facem cu at\u00e2\u021bia pro\u0219ti?\">Ce ne facem cu at\u00e2\u021bia pro\u0219ti?<\/a><\/h3>\n<div class=\"td-module-meta-info\"><a href=\"https:\/\/r3media.ro\/category\/opinii\/\" class=\"td-post-category\">OPINII<\/a><span class=\"td-post-author-name\"><a href=\"https:\/\/r3media.ro\/author\/alexandru_racu\/\">Alexandru Racu<\/a><span>&#8211;<\/span><\/span><span class=\"td-post-date\"><time class=\"entry-date updated td-module-date\" datetime=\"2026-07-12T14:11:45+03:00\">12\/07\/2026<\/time><\/span><\/div>\n<\/div>\n<\/div>\n<\/div>\n<\/div>\n<div class=\"td-block-row\">\n<div class=\"td-block-span6\">\n<div class=\"td_module_8 td_module_wrap\">\n<div class=\"item-details\">\n<h3 class=\"entry-title td-module-title\"><a href=\"https:\/\/r3media.ro\/guvernul-sanchez-demoleaza-monumentul-de-la-majadahonda-ion-mota-vasile-marin-lupta-rzaboiul-civil-spaniol-comunisti\/\" rel=\"bookmark\" title=\"Guvernul Sanchez demoleaz\u0103 Monumentul de la Majadahonda, dedicat lui Ion Mo\u021ba \u0219i Vasile Marin, rom\u00e2nii care au luptat \u00eempotriva comuni\u0219tilor \u00een R\u0103zboiul Civil Spaniol\">Guvernul Sanchez demoleaz\u0103 Monumentul de la Majadahonda, dedicat lui Ion Mo\u021ba \u0219i Vasile Marin,&#8230;<\/a><\/h3>\n<div class=\"td-module-meta-info\"><a href=\"https:\/\/r3media.ro\/category\/actualitate\/\" class=\"td-post-category\">ACTUALITATE<\/a><span class=\"td-post-author-name\"><a href=\"https:\/\/r3media.ro\/author\/oana\/\">Oana Ivan<\/a><span>&#8211;<\/span><\/span><span class=\"td-post-date\"><time class=\"entry-date updated td-module-date\" datetime=\"2026-07-12T01:11:49+03:00\">12\/07\/2026<\/time><\/span><\/div>\n<\/div>\n<\/div>\n<\/div>\n<div class=\"td-block-span6\">\n<div class=\"td_module_8 td_module_wrap\">\n<div class=\"item-details\">\n<h3 class=\"entry-title td-module-title\"><a href=\"https:\/\/r3media.ro\/sofer-surpriza-neplacuta-benzinarie-austria-oprit-apa-portbagaj\/\" rel=\"bookmark\" title=\"Un \u0219ofer a avut parte de o surpriz\u0103 nepl\u0103cut\u0103 la benzin\u0103rie dup\u0103 ce a oprit un minut \u0219i 28 de secunde pentru a scoate o sticl\u0103 de ap\u0103 din portbagaj\">Un \u0219ofer a avut parte de o surpriz\u0103 nepl\u0103cut\u0103 la benzin\u0103rie dup\u0103 ce a&#8230;<\/a><\/h3>\n<div class=\"td-module-meta-info\"><a href=\"https:\/\/r3media.ro\/category\/actualitate\/\" class=\"td-post-category\">ACTUALITATE<\/a><span class=\"td-post-author-name\"><a href=\"https:\/\/r3media.ro\/author\/oana\/\">Oana Ivan<\/a><span>&#8211;<\/span><\/span><span class=\"td-post-date\"><time class=\"entry-date updated td-module-date\" datetime=\"2026-07-11T13:00:01+03:00\">11\/07\/2026<\/time><\/span><\/div>\n<\/div>\n<\/div>\n<\/div>\n<\/div>\n<div class=\"td-block-row\">\n<div class=\"td-block-span6\">\n<div class=\"td_module_8 td_module_wrap\">\n<div class=\"item-details\">\n<h3 class=\"entry-title td-module-title\"><a href=\"https:\/\/r3media.ro\/o-femeie-mentalitate-femei-moderne-printese-disney\/\" rel=\"bookmark\" title=\"VIDEO | O femeie critic\u0103 mentalitatea femeii moderne care distruge rela\u021bia cu b\u0103rbatul s\u0103u: Suntem crescute \u00een ideea de prin\u021bese, dar nu suntem la Disney\">VIDEO | O femeie critic\u0103 mentalitatea femeii moderne care distruge rela\u021bia cu b\u0103rbatul s\u0103u:&#8230;<\/a><\/h3>\n<div class=\"td-module-meta-info\"><a href=\"https:\/\/r3media.ro\/category\/actualitate\/\" class=\"td-post-category\">ACTUALITATE<\/a><span class=\"td-post-author-name\"><a href=\"https:\/\/r3media.ro\/author\/teodor_stan\/\">Teodor Stan<\/a><span>&#8211;<\/span><\/span><span class=\"td-post-date\"><time class=\"entry-date updated td-module-date\" datetime=\"2026-07-10T12:47:58+03:00\">10\/07\/2026<\/time><\/span><\/div>\n<\/div>\n<\/div>\n<\/div>\n<div class=\"td-block-span6\">\n<div class=\"td_module_8 td_module_wrap\">\n<div class=\"item-details\">\n<h3 class=\"entry-title td-module-title\"><a href=\"https:\/\/r3media.ro\/cutremur-5-5-grade-scara-richter-resimtit-cehia-slovacia\/\" rel=\"bookmark\" title=\"Cutremur de 5.5 grade pe scara Richter. S-a resim\u021bit \u00een Cehia \u0219i Slovacia\">Cutremur de 5.5 grade pe scara Richter. S-a resim\u021bit \u00een Cehia \u0219i Slovacia<\/a><\/h3>\n<div class=\"td-module-meta-info\"><a href=\"https:\/\/r3media.ro\/category\/actualitate\/\" class=\"td-post-category\">ACTUALITATE<\/a><span class=\"td-post-author-name\"><a href=\"https:\/\/r3media.ro\/author\/oana\/\">Oana Ivan<\/a><span>&#8211;<\/span><\/span><span class=\"td-post-date\"><time class=\"entry-date updated td-module-date\" datetime=\"2026-07-09T20:48:24+03:00\">09\/07\/2026<\/time><\/span><\/div>\n<\/div>\n<\/div>\n<\/div>\n<\/div>\n<\/div>\n<div class=\"td-load-more-wrap td-load-more-infinite-wrap\" id=\"infinite-lm-tdi_20\"><a href=\"https:\/\/r3media.ro\/plasa-sudata-cand-o-folosesti-si-cum-o-alegi-corect-pentru-armare-si-imprejmuiri\/\" class=\"td_ajax_load_more td_ajax_load_more_js\" aria-label=\"\u00cenc\u0103rca\u021bi mai multe\" id=\"next-page-tdi_20\" data-td_block_id=\"tdi_20\">\u00cenc\u0103rca\u021bi mai multe<\/a><\/div>\n<\/div>\n<div class=\"td_block_wrap tdb_single_comments tdi_21 tdb-comm-layout2 td-pb-border-top td_block_template_1\" data-td-block-uid=\"tdi_21\">\n<div class=\"tdb-block-inner td-fix-index\">\n<div class=\"comments\" id=\"comments\">\n<div id=\"respond\" class=\"comment-respond\">\n<h3 id=\"reply-title\" class=\"comment-reply-title\">AI CEVA DE SPUS? <small><a rel=\"nofollow\" id=\"cancel-comment-reply-link\" href=\"https:\/\/r3media.ro\/plasa-sudata-cand-o-folosesti-si-cum-o-alegi-corect-pentru-armare-si-imprejmuiri\/#respond\">Renun\u021ba\u021bi la r\u0103spuns<\/a><\/small><\/h3>\n<div class=\"comment-form-input-wrap td-form-comment\">\n<div class=\"td-warning-comment\">V\u0103 rug\u0103m s\u0103 introduce\u021bi comentariul dvs.!<\/div>\n<\/div>\n<div class=\"comment-form-input-wrap td-form-author\">\n<div class=\"td-warning-author\">Introduce\u021bi aici numele dvs.<\/div>\n<\/div>\n<div class=\"comment-form-input-wrap td-form-email\">\n<div class=\"td-warning-email-error\">A\u021bi introdus o adres\u0103 de e-mail incorect\u0103!<\/div>\n<div class=\"td-warning-email\">V\u0103 rug\u0103m s\u0103 introduce\u021bi adresa dvs. de e-mail aici<\/div>\n<\/div>\n<\/div>\n<\/div>\n<\/div>\n<\/div>\n<\/div>\n<\/div>\n<div class=\"vc_column tdi_23  wpb_column vc_column_container tdc-column td-pb-span4 td-is-sticky\">\n<div class=\"wpb_wrapper\" data-sticky-enabled-on=\"W3RydWUsdHJ1ZSx0cnVlLHRydWVd\" data-sticky-offset=\"20\" data-sticky-is-width-auto=\"W2ZhbHNlLGZhbHNlLGZhbHNlLGZhbHNlXQ==\">\n<div class=\"wpb_wrapper td_block_wrap vc_widget_sidebar tdi_25 \">\n<div class=\"td_block_wrap td_block_7 td_block_widget tdi_26 td-pb-border-top td_block_template_1 td-column-1 td_block_padding\" data-td-block-uid=\"tdi_26\">\n<div class=\"td-block-title-wrap\">\n<h4 class=\"block-title td-block-title\"><span class=\"td-pulldown-size\">Articole RELA\u021aIONATE<\/span><\/h4>\n<\/div>\n<div id=\"tdi_26\" class=\"td_block_inner\">\n<div class=\"td-block-span12\">\n<div class=\"td_module_6 td_module_wrap td-animation-stack\">\n<div class=\"td-module-thumb\"><a href=\"https:\/\/r3media.ro\/primar-cetateni-oradea-presiuni-lgbt\/\" rel=\"bookmark\" class=\"td-image-wrap \" title=\"Primarul \u0219i cet\u0103\u021benii din Oradea, presa\u021bi de lobby-ul interna\u021bional LGBT s\u0103 permit\u0103 mar\u0219ul homosexualit\u0103\u021bii pe str\u0103zile ora\u0219ului\"><img loading=\"lazy\" decoding=\"async\" class=\"entry-thumb\" src=\"https:\/\/r3media.ro\/wp-content\/uploads\/2026\/07\/primaria-oradea-magnolie-bihoreanul-100x70.jpg\" alt title=\"Primarul \u0219i cet\u0103\u021benii din Oradea, presa\u021bi de lobby-ul interna\u021bional LGBT s\u0103 permit\u0103 mar\u0219ul homosexualit\u0103\u021bii pe str\u0103zile ora\u0219ului\" width=\"100\" height=\"70\"><\/a><\/div>\n<div class=\"item-details\">\n<h3 class=\"entry-title td-module-title\"><a href=\"https:\/\/r3media.ro\/primar-cetateni-oradea-presiuni-lgbt\/\" rel=\"bookmark\" title=\"Primarul \u0219i cet\u0103\u021benii din Oradea, presa\u021bi de lobby-ul interna\u021bional LGBT s\u0103 permit\u0103 mar\u0219ul homosexualit\u0103\u021bii pe str\u0103zile ora\u0219ului\">Primarul \u0219i cet\u0103\u021benii din Oradea, presa\u021bi de lobby-ul interna\u021bional LGBT s\u0103&#8230;<\/a><\/h3>\n<div class=\"td-module-meta-info\"><span class=\"td-post-date\"><time class=\"entry-date updated td-module-date\" datetime=\"2026-07-17T10:39:24+03:00\">17\/07\/2026<\/time><\/span><\/div>\n<\/div>\n<\/div>\n<\/div>\n<div class=\"td-block-span12\">\n<div class=\"td_module_6 td_module_wrap td-animation-stack\">\n<div class=\"td-module-thumb\"><a href=\"https:\/\/r3media.ro\/prof-dan-dungaciu-federatia-rusa-ajutor-pentru-ucraina\/\" rel=\"bookmark\" class=\"td-image-wrap \" title=\"Prof. Dan Dungaciu: Tu vrei s\u0103 love\u0219ti ariciul, adic\u0103 Federa\u021bia Rus\u0103, cu s\u00e2ngele, carnea \u0219i oasele ucrainenilor. \u0102sta e un ajutor pentru Ucraina?\"><img loading=\"lazy\" decoding=\"async\" class=\"entry-thumb\" src=\"https:\/\/r3media.ro\/wp-content\/uploads\/2021\/11\/Dan-Dungaciu-1024x709-1-100x70.jpg\" alt title=\"Prof. Dan Dungaciu: Tu vrei s\u0103 love\u0219ti ariciul, adic\u0103 Federa\u021bia Rus\u0103, cu s\u00e2ngele, carnea \u0219i oasele ucrainenilor. \u0102sta e un ajutor pentru Ucraina?\" width=\"100\" height=\"70\"><\/a><\/div>\n<div class=\"item-details\">\n<h3 class=\"entry-title td-module-title\"><a href=\"https:\/\/r3media.ro\/prof-dan-dungaciu-federatia-rusa-ajutor-pentru-ucraina\/\" rel=\"bookmark\" title=\"Prof. Dan Dungaciu: Tu vrei s\u0103 love\u0219ti ariciul, adic\u0103 Federa\u021bia Rus\u0103, cu s\u00e2ngele, carnea \u0219i oasele ucrainenilor. \u0102sta e un ajutor pentru Ucraina?\">Prof. Dan Dungaciu: Tu vrei s\u0103 love\u0219ti ariciul, adic\u0103 Federa\u021bia Rus\u0103,&#8230;<\/a><\/h3>\n<div class=\"td-module-meta-info\"><span class=\"td-post-date\"><time class=\"entry-date updated td-module-date\" datetime=\"2026-07-17T10:03:39+03:00\">17\/07\/2026<\/time><\/span><\/div>\n<\/div>\n<\/div>\n<\/div>\n<div class=\"td-block-span12\">\n<div class=\"td_module_6 td_module_wrap td-animation-stack\">\n<div class=\"td-module-thumb\"><a href=\"https:\/\/r3media.ro\/sorin-grindeanu-aur-primul-loc\/\" rel=\"bookmark\" class=\"td-image-wrap \" title=\"Sorin Grindeanu: AUR e pe primul loc. Lucru pe care nu cred c\u0103 \u00eel contest\u0103 nici m\u0103car ace\u015fti hashtagi\"><img loading=\"lazy\" decoding=\"async\" class=\"entry-thumb\" src=\"https:\/\/r3media.ro\/wp-content\/uploads\/2022\/04\/Sorin-Grindeanu-facebook-100x70.jpg\" alt title=\"Sorin Grindeanu: AUR e pe primul loc. Lucru pe care nu cred c\u0103 \u00eel contest\u0103 nici m\u0103car ace\u015fti hashtagi\" width=\"100\" height=\"70\"><\/a><\/div>\n<div class=\"item-details\">\n<h3 class=\"entry-title td-module-title\"><a href=\"https:\/\/r3media.ro\/sorin-grindeanu-aur-primul-loc\/\" rel=\"bookmark\" title=\"Sorin Grindeanu: AUR e pe primul loc. Lucru pe care nu cred c\u0103 \u00eel contest\u0103 nici m\u0103car ace\u015fti hashtagi\">Sorin Grindeanu: AUR e pe primul loc. Lucru pe care nu&#8230;<\/a><\/h3>\n<div class=\"td-module-meta-info\"><span class=\"td-post-date\"><time class=\"entry-date updated td-module-date\" datetime=\"2026-07-17T07:09:03+03:00\">17\/07\/2026<\/time><\/span><\/div>\n<\/div>\n<\/div>\n<\/div>\n<div class=\"td-block-span12\">\n<div class=\"td_module_6 td_module_wrap td-animation-stack\">\n<div class=\"td-module-thumb\"><a href=\"https:\/\/r3media.ro\/17-iulie-sf-mucenita-marina\/\" rel=\"bookmark\" class=\"td-image-wrap \" title=\"Calendarul zilei 17 iulie: Sf. Muceni\u021b\u0103 Marina\"><img loading=\"lazy\" decoding=\"async\" class=\"entry-thumb\" src=\"https:\/\/r3media.ro\/wp-content\/uploads\/2022\/07\/maxresdefault-4-100x70.jpg\" alt title=\"Calendarul zilei 17 iulie: Sf. Muceni\u021b\u0103 Marina\" width=\"100\" height=\"70\"><\/a><\/div>\n<div class=\"item-details\">\n<h3 class=\"entry-title td-module-title\"><a href=\"https:\/\/r3media.ro\/17-iulie-sf-mucenita-marina\/\" rel=\"bookmark\" title=\"Calendarul zilei 17 iulie: Sf. Muceni\u021b\u0103 Marina\">Calendarul zilei 17 iulie: Sf. Muceni\u021b\u0103 Marina<\/a><\/h3>\n<div class=\"td-module-meta-info\"><span class=\"td-post-date\"><time class=\"entry-date updated td-module-date\" datetime=\"2026-07-16T23:13:05+03:00\">16\/07\/2026<\/time><\/span><\/div>\n<\/div>\n<\/div>\n<\/div>\n<div class=\"td-block-span12\">\n<div class=\"td_module_6 td_module_wrap td-animation-stack\">\n<div class=\"td-module-thumb\"><a href=\"https:\/\/r3media.ro\/criza-apei-grecia-sapte-insule-stare-de-urgenta-localnici-recolte\/\" rel=\"bookmark\" class=\"td-image-wrap \" title=\"Criza apei pe \u0219apte insule din Grecia: A fost emis\u0103 stare de urgen\u021b\u0103. Localnicii nu mai au cu ce s\u0103-\u0219i ude recoltele\"><img loading=\"lazy\" decoding=\"async\" class=\"entry-thumb\" src=\"https:\/\/r3media.ro\/wp-content\/uploads\/2026\/07\/insula-din-grecia-100x70.jpg\" alt title=\"Criza apei pe \u0219apte insule din Grecia: A fost emis\u0103 stare de urgen\u021b\u0103. Localnicii nu mai au cu ce s\u0103-\u0219i ude recoltele\" width=\"100\" height=\"70\"><\/a><\/div>\n<div class=\"item-details\">\n<h3 class=\"entry-title td-module-title\"><a href=\"https:\/\/r3media.ro\/criza-apei-grecia-sapte-insule-stare-de-urgenta-localnici-recolte\/\" rel=\"bookmark\" title=\"Criza apei pe \u0219apte insule din Grecia: A fost emis\u0103 stare de urgen\u021b\u0103. Localnicii nu mai au cu ce s\u0103-\u0219i ude recoltele\">Criza apei pe \u0219apte insule din Grecia: A fost emis\u0103 stare&#8230;<\/a><\/h3>\n<div class=\"td-module-meta-info\"><span class=\"td-post-date\"><time class=\"entry-date updated td-module-date\" datetime=\"2026-07-16T17:55:42+03:00\">16\/07\/2026<\/time><\/span><\/div>\n<\/div>\n<\/div>\n<\/div>\n<div class=\"td-block-span12\">\n<div class=\"td_module_6 td_module_wrap td-animation-stack\">\n<div class=\"td-module-thumb\"><a href=\"https:\/\/r3media.ro\/prof-ioan-aurel-pop-ong-antisemitism-xenofobie\/\" rel=\"bookmark\" class=\"td-image-wrap \" title=\"Prof. Ioan-Aurel Pop: Anumite ONG-uri vor s\u0103 \u00eent\u0103reasc\u0103 antisemitismul \u0219i xenofobia, pentru c\u0103 ele s-au \u00eenfiin\u021bat ca s\u0103 combat\u0103 asemenea lucruri\"><img loading=\"lazy\" decoding=\"async\" class=\"entry-thumb\" src=\"https:\/\/r3media.ro\/wp-content\/uploads\/2026\/07\/ioan-aurel-pop-florentin-tuca-100x70.jpg\" alt title=\"Prof. Ioan-Aurel Pop: Anumite ONG-uri vor s\u0103 \u00eent\u0103reasc\u0103 antisemitismul \u0219i xenofobia, pentru c\u0103 ele s-au \u00eenfiin\u021bat ca s\u0103 combat\u0103 asemenea lucruri\" width=\"100\" height=\"70\"><\/a><\/div>\n<div class=\"item-details\">\n<h3 class=\"entry-title td-module-title\"><a href=\"https:\/\/r3media.ro\/prof-ioan-aurel-pop-ong-antisemitism-xenofobie\/\" rel=\"bookmark\" title=\"Prof. Ioan-Aurel Pop: Anumite ONG-uri vor s\u0103 \u00eent\u0103reasc\u0103 antisemitismul \u0219i xenofobia, pentru c\u0103 ele s-au \u00eenfiin\u021bat ca s\u0103 combat\u0103 asemenea lucruri\">Prof. Ioan-Aurel Pop: Anumite ONG-uri vor s\u0103 \u00eent\u0103reasc\u0103 antisemitismul \u0219i xenofobia,&#8230;<\/a><\/h3>\n<div class=\"td-module-meta-info\"><span class=\"td-post-date\"><time class=\"entry-date updated td-module-date\" datetime=\"2026-07-16T15:28:25+03:00\">16\/07\/2026<\/time><\/span><\/div>\n<\/div>\n<\/div>\n<\/div>\n<div class=\"td-block-span12\">\n<div class=\"td_module_6 td_module_wrap td-animation-stack\">\n<div class=\"td-module-thumb\"><a href=\"https:\/\/r3media.ro\/prof-dan-dungaciu-romania-ajutor-ucraina-republica-moldova\/\" rel=\"bookmark\" class=\"td-image-wrap \" title=\"Prof. Dan Dungaciu: Rom\u00e2nia s\u0103 nu mai ajute financiar Ucraina \u0219i Republica Moldova\"><img loading=\"lazy\" decoding=\"async\" class=\"entry-thumb\" src=\"https:\/\/r3media.ro\/wp-content\/uploads\/2025\/06\/dungaciu-100x70.jpg\" alt title=\"Prof. Dan Dungaciu: Rom\u00e2nia s\u0103 nu mai ajute financiar Ucraina \u0219i Republica Moldova\" width=\"100\" height=\"70\"><\/a><\/div>\n<div class=\"item-details\">\n<h3 class=\"entry-title td-module-title\"><a href=\"https:\/\/r3media.ro\/prof-dan-dungaciu-romania-ajutor-ucraina-republica-moldova\/\" rel=\"bookmark\" title=\"Prof. Dan Dungaciu: Rom\u00e2nia s\u0103 nu mai ajute financiar Ucraina \u0219i Republica Moldova\">Prof. Dan Dungaciu: Rom\u00e2nia s\u0103 nu mai ajute financiar Ucraina \u0219i&#8230;<\/a><\/h3>\n<div class=\"td-module-meta-info\"><span class=\"td-post-date\"><time class=\"entry-date updated td-module-date\" datetime=\"2026-07-16T12:32:45+03:00\">16\/07\/2026<\/time><\/span><\/div>\n<\/div>\n<\/div>\n<\/div>\n<\/div>\n<\/div>\n<aside class=\"td_block_template_1 widget widget_recent_comments\">\n<h4 class=\"block-title\"><span>INTR\u0102 \u00ceN DISCU\u021aIE!<\/span><\/h4>\n<ul id=\"recentcomments\">\n<li class=\"recentcomments\"><span class=\"comment-author-link\">Iulian<\/span> la <a href=\"https:\/\/r3media.ro\/nicusor-dan-romania-militar-ucraina-secret\/#comment-40275\">Nicu\u0219or Dan a spus c\u0103 Rom\u00e2nia a transferat din capabilit\u0103\u021bile sale militare defensive c\u0103tre Ucraina \u0219i c\u0103 e bine s\u0103 r\u0103m\u00e2n\u0103 secret<\/a><\/li>\n<li class=\"recentcomments\"><span class=\"comment-author-link\">Yanny<\/span> la <a href=\"https:\/\/r3media.ro\/apuseni-fest-2026-muntele-gaina-targul-de-fete\/#comment-40274\">Apuseni Fest \u2013 2026: prima edi\u021bie de muzic\u0103 electronica, la \u00een\u0103l\u021bime, pe Muntele G\u0103ina, \u00een weekendul T\u00e2rgului de Fete<\/a><\/li>\n<li class=\"recentcomments\"><span class=\"comment-author-link\">Mihaela<\/span> la <a href=\"https:\/\/r3media.ro\/ilie-bolojan-alegeri-anticipate\/#comment-40272\">Ilie Bolojan ia \u00een calcul organizarea alegerilor anticipate: Mai devreme sau mai t\u00e2rziu, s\u0103 ne \u00eentoarcem la judecata cet\u0103\u0163enilor<\/a><\/li>\n<li class=\"recentcomments\"><span class=\"comment-author-link\">Kh-47M2 Kinzhal<\/span> la <a href=\"https:\/\/r3media.ro\/premiera-mondiala-robot-transportat-barca-lupta-razboi-ucraina-video\/#comment-40271\">VIDEO | Premier\u0103 mondial\u0103! Un robot cu inteligen\u021b\u0103 artificial\u0103 transportat de o barc\u0103 lupt\u0103 \u00een r\u0103zboiul din Ucraina<\/a><\/li>\n<li class=\"recentcomments\"><span class=\"comment-author-link\">Constantin<\/span> la <a href=\"https:\/\/r3media.ro\/ambasadorul-germaniei-la-chisinau-revine-nu-a-fost-intentia-mea-sa-pun-sub-semnul-intrebarii-unitatea-chestiunii-romanesti-sau-a-credintei-crestin-ortodoxe\/#comment-40270\">Ambasadorul Germaniei la Chi\u0219in\u0103u revine: Nu a fost inten\u0163ia mea s\u0103 pun sub semnul \u00eentreb\u0103rii unitatea chestiunii rom\u00e2ne\u015fti sau a credin\u0163ei cre\u015ftin ortodoxe<\/a><\/li>\n<li class=\"recentcomments\"><span class=\"comment-author-link\">Narcis<\/span> la <a href=\"https:\/\/r3media.ro\/actorul-ioan-isaiu-a-facut-infarct-si-a-murit-in-fata-colegilor-sai-bou-vaccinat-anti-covid-19\/#comment-40269\">Actorul Ioan Isaiu a f\u0103cut infarct \u0219i a murit \u00een fa\u021ba colegilor s\u0103i: Am fost bou c\u0103 m-am vaccinat \u0219i v-am blocat pe cei care \u00eemi era\u021bi prieteni<\/a><\/li>\n<li class=\"recentcomments\"><span class=\"comment-author-link\">Haleu<\/span> la <a href=\"https:\/\/r3media.ro\/romania-si-slovenia-singurele-state-din-est-care-s-au-alaturat-sua-in-condamnarea-chinei-intr-o-speta-de-acum-10-ani\/#comment-40268\">Rom\u00e2nia \u0219i Slovenia, singurele state din Est care s-au al\u0103turat SUA \u00een condamnarea Chinei \u00eentr-o spe\u021b\u0103 de acum 10 ani<\/a><\/li>\n<\/ul>\n<\/aside>\n<aside class=\"td_block_template_1 widget widget_search\">\n<h4 class=\"block-title\"><span>CAUT\u0102 \u0218I VEI G\u0102SI<\/span><\/h4>\n<\/aside>\n<\/div>\n<\/div>\n<\/div>\n<\/div>\n<\/div>\n<\/div>\n<\/div>\n<p><span class=\"td-page-meta\"><\/span><span class=\"td-page-meta\"><span class=\"td-page-meta\"><\/span><\/span><span class=\"td-page-meta\"><\/span><\/article>\n<\/p>\n<div class=\"td_block_wrap tdb_single_content tdi_18 td-pb-border-top td_block_template_1 td-post-content tagdiv-type\" data-td-block-uid=\"tdi_18\">\n<div class=\"tdb-block-inner td-fix-index\">\n<p>Plasa sudat\u0103 apare frecvent \u00een proiectele de construc\u021bii \u0219i amenaj\u0103ri, de la pl\u0103ci din beton p\u00e2n\u0103 la garduri pentru curte. Dac\u0103 o alegi corect, ob\u021bii o lucrare rezistent\u0103, stabil\u0103 \u00een timp \u0219i adaptat\u0103 bugetului t\u0103u. Dac\u0103 o alegi gre\u0219it, ri\u0219ti fisuri \u00een beton sau deform\u0103ri ale gardului dup\u0103 c\u00e2\u021biva ani.<\/p>\n<p>\u00cen acest ghid afli cum s\u0103 selectezi plasa sudat\u0103 potrivit\u0103 pentru armare \u0219i pentru \u00eemprejmuiri. Urmeaz\u0103 pa\u0219ii de mai jos \u0219i adapteaz\u0103-i la proiectul t\u0103u.<\/p>\n<h2>1. Stabile\u0219te scopul \u0219i condi\u021biile de utilizare<\/h2>\n<p>\u00cencepe prin a defini clar destina\u021bia lucr\u0103rii.<\/p>\n<p>Pentru armare \u00een beton, analizeaz\u0103:<\/p>\n<ul>\n<li>grosimea pl\u0103cii sau a \u0219apei;<\/li>\n<li>\u00eenc\u0103rc\u0103rile estimate (trafic auto, utilaje, mobilier greu);<\/li>\n<li>mediul de amplasare (interior, exterior, sol umed).<\/li>\n<\/ul>\n<p>De exemplu, o plac\u0103 de beton pentru un garaj suport\u0103 sarcini mai mari dec\u00e2t o \u0219ap\u0103 de egalizare dintr-un apartament. \u00cen majoritatea cazurilor, proiectul de structur\u0103 indic\u0103 diametrul firului \u0219i dimensiunea ochiurilor.<\/p>\n<p>Pentru \u00eemprejmuiri, verific\u0103:<\/p>\n<ul>\n<li>\u00een\u0103l\u021bimea dorit\u0103;<\/li>\n<li>expunerea la ploaie, \u00eenghe\u021b sau umiditate constant\u0103;<\/li>\n<li>nivelul de protec\u021bie urm\u0103rit.<\/li>\n<\/ul>\n<p>Dac\u0103 montezi un gard \u00eentr-o zon\u0103 umed\u0103, alege o plas\u0103 zincat\u0103 sau plastifiat\u0103. Po\u021bi consulta detalii tehnice generale despre acest tip de material pe pagina dedicat\u0103 welded wire fabric de pe Wikipedia (<a href=\"https:\/\/en.wikipedia.org\/wiki\/Welded_wire_fabric\" target=\"_blank\" rel=\"noopener\">https:\/\/en.wikipedia.org\/wiki\/Welded_wire_fabric<\/a>).<\/p>\n<h2>2. Alege caracteristicile tehnice potrivite<\/h2>\n<p>Concentreaz\u0103-te pe trei elemente: dimensiunea ochiului, grosimea firului \u0219i protec\u021bia anticoroziv\u0103.<\/p>\n<ul>\n<li>Ochiuri de 100\u00d7100 mm distribuie bine eforturile \u00een pl\u0103ci solicitate intens.<\/li>\n<li>Ochiuri de 150\u00d7150 mm sau 200\u00d7200 mm se folosesc frecvent la aplica\u021bii reziden\u021biale u\u0219oare.<\/li>\n<li>Diametrele uzuale (fi 4, fi 5, fi 6, fi 8) influen\u021beaz\u0103 rezisten\u021ba la trac\u021biune.<\/li>\n<\/ul>\n<p>Pentru armare, alege o\u021bel beton conform standardelor \u00een vigoare. Pentru garduri, verific\u0103 tipul de protec\u021bie: zincare la cald pentru rezisten\u021b\u0103 crescut\u0103 la coroziune sau acoperire PVC pentru protec\u021bie suplimentar\u0103 \u0219i aspect uniform.<\/p>\n<p>Dac\u0103 vrei o selec\u021bie variat\u0103 \u0219i specifica\u021bii clare, caut\u0103 o <a href=\"https:\/\/mathaus.ro\/c\/plasa-sudata\/123\" target=\"_blank\" rel=\"noopener\">plas\u0103 sudat\u0103 de calitate<\/a> pe site-ul MatHaus, unde g\u0103se\u0219ti informa\u021bii tehnice utile pentru compara\u021bie.<\/p>\n<h2>3. Diferen\u021biaz\u0103 clar armarea de \u00eemprejmuire<\/h2>\n<p>La armare, plasa trebuie s\u0103 limiteze fisurile \u0219i s\u0103 preia eforturile de \u00eentindere. Monteaz\u0103 panourile pe distan\u021biere, astfel \u00eenc\u00e2t s\u0103 asiguri un strat de acoperire cu beton de aproximativ 2\u20133 cm. Suprapune panourile cel pu\u021bin un ochi \u0219i leag\u0103-le cu s\u00e2rm\u0103 de leg\u0103tur\u0103.<\/p>\n<p>La \u00eemprejmuiri, urm\u0103re\u0219te rigiditatea \u0219i fixarea corect\u0103 pe st\u00e2lpi metalici. \u00cen general:<\/p>\n<ol>\n<li>Fixeaz\u0103 st\u00e2lpii la 2\u20132,5 m distan\u021b\u0103.<\/li>\n<li>Aliniaz\u0103-i cu nivela.<\/li>\n<li>\u00centinde plasa uniform \u0219i prinde-o cu cleme sau coliere metalice.<\/li>\n<\/ol>\n<p>Nu for\u021ba materialul la \u00eentindere. Tensionarea excesiv\u0103 poate deforma ochiurile.<\/p>\n<h2>4. Monteaz\u0103 corect \u0219i respect\u0103 m\u0103surile de siguran\u021b\u0103<\/h2>\n<p>Folose\u0219te echipament de protec\u021bie: m\u0103nu\u0219i, ochelari, \u00eenc\u0103l\u021b\u0103minte adecvat\u0103. Marginile t\u0103iate pot provoca accident\u0103ri.<\/p>\n<p>Pentru armare:<\/p>\n<ul>\n<li>nu a\u0219eza plasa direct pe sol;<\/li>\n<li>verific\u0103 pozi\u021bionarea \u00eenainte de turnare;<\/li>\n<li>controleaz\u0103 alinierea \u0219i stabilitatea.<\/li>\n<\/ul>\n<p>Pentru garduri:<\/p>\n<ul>\n<li>verific\u0103 verticalitatea st\u00e2lpilor;<\/li>\n<li>controleaz\u0103 tensionarea pe toat\u0103 lungimea;<\/li>\n<li>taie surplusul cu un cle\u0219te adecvat.<\/li>\n<\/ul>\n<h2>5. \u00centre\u021bine \u0219i evit\u0103 gre\u0219elile frecvente<\/h2>\n<p>Inspecteaz\u0103 periodic gardurile pentru urme de rugin\u0103, mai ales \u00een zonele de \u00eembinare. Aplic\u0103 tratament anticoroziv dac\u0103 observi zone afectate. La elementele armate, urm\u0103re\u0219te apari\u021bia fisurilor mari sau a zonelor unde betonul s-a exfoliat.<\/p>\n<p>Gre\u0219elile comune includ:<\/p>\n<ul>\n<li>alegerea unui diametru prea mic pentru sarcini mari;<\/li>\n<li>lipsa distan\u021bierilor la armare;<\/li>\n<li>utilizarea unei plase nepotrivite pentru medii umede.<\/li>\n<\/ul>\n<p>Pentru lucr\u0103ri structurale importante sau funda\u021bii, discut\u0103 cu un inginer de structur\u0103. O evaluare tehnic\u0103 te ajut\u0103 s\u0103 alegi corect \u0219i s\u0103 evi\u021bi costuri suplimentare pe termen lung.<\/p>\n<\/div>\n<\/div>\n<p>[analyse_source url=&#8221;https:\/\/r3media.ro\/plasa-sudata-cand-o-folosesti-si-cum-o-alegi-corect-pentru-armare-si-imprejmuiri\/&#8221;]<\/p>\n","protected":false},"excerpt":{"rendered":"<p>[analyse_image type=&#8221;featured&#8221; src=&#8221;https:\/\/r3media.ro\/wp-content\/uploads\/2026\/07\/plasa_sudat_cnd_o_foloseti_i_cum_o_alegi_corect_pentru_armare_i_mprejmuiri-e1784304250582.jpghttps:\/\/r3media.ro\/wp-content\/uploads\/2026\/07\/plasa_sudat_cnd_o_foloseti_i_cum_o_alegi_corect_pentru_armare_i_mprejmuiri-e1784304250582.jpg&#8221;] \u0218TIRIPlasa sudat\u0103: c\u00e2nd o folose\u0219ti \u0219i cum o alegi corect pentru armare&#8230; \u0218TIRI Plasa sudat\u0103: c\u00e2nd o folose\u0219ti \u0219i cum o alegi corect pentru armare \u0219i \u00eemprejmuiri Promo 17\/07\/2026 Plasa sudat\u0103 apare frecvent \u00een proiectele de construc\u021bii \u0219i amenaj\u0103ri, de la pl\u0103ci din beton p\u00e2n\u0103 la garduri pentru curte. Dac\u0103 o alegi [&hellip;]<\/p>\n","protected":false},"author":1,"featured_media":0,"comment_status":"open","ping_status":"","sticky":false,"template":"","format":"standard","meta":{"footnotes":""},"categories":[89],"tags":[226,93],"class_list":["post-2048455","post","type-post","status-publish","format-standard","hentry","category-romania","tag-crawlmanager","tag-r3media-ro"],"_links":{"self":[{"href":"https:\/\/analyse.optim.biz\/index.php?rest_route=\/wp\/v2\/posts\/2048455","targetHints":{"allow":["GET"]}}],"collection":[{"href":"https:\/\/analyse.optim.biz\/index.php?rest_route=\/wp\/v2\/posts"}],"about":[{"href":"https:\/\/analyse.optim.biz\/index.php?rest_route=\/wp\/v2\/types\/post"}],"author":[{"embeddable":true,"href":"https:\/\/analyse.optim.biz\/index.php?rest_route=\/wp\/v2\/users\/1"}],"replies":[{"embeddable":true,"href":"https:\/\/analyse.optim.biz\/index.php?rest_route=%2Fwp%2Fv2%2Fcomments&post=2048455"}],"version-history":[{"count":0,"href":"https:\/\/analyse.optim.biz\/index.php?rest_route=\/wp\/v2\/posts\/2048455\/revisions"}],"wp:attachment":[{"href":"https:\/\/analyse.optim.biz\/index.php?rest_route=%2Fwp%2Fv2%2Fmedia&parent=2048455"}],"wp:term":[{"taxonomy":"category","embeddable":true,"href":"https:\/\/analyse.optim.biz\/index.php?rest_route=%2Fwp%2Fv2%2Fcategories&post=2048455"},{"taxonomy":"post_tag","embeddable":true,"href":"https:\/\/analyse.optim.biz\/index.php?rest_route=%2Fwp%2Fv2%2Ftags&post=2048455"}],"curies":[{"name":"wp","href":"https:\/\/api.w.org\/{rel}","templated":true}]}}