{"id":2048158,"date":"2026-07-17T06:00:50","date_gmt":"2026-07-17T03:00:50","guid":{"rendered":"https:\/\/analyse.optim.biz\/?p=2048158"},"modified":"2026-07-17T06:00:50","modified_gmt":"2026-07-17T03:00:50","slug":"greva-de-avertisment-luni-la-spitalul-judetean-de-urgenta-tulcea-doua-ore-fara-internari-consultatii-si","status":"publish","type":"post","link":"https:\/\/analyse.optim.biz\/?p=2048158","title":{"rendered":"Grev\u0103 de avertisment, luni, la Spitalul Jude\u0163ean de Urgen\u0163\u0103 Tulcea. Dou\u0103 ore f\u0103r\u0103 intern\u0103ri, consulta\u0163ii \u015fi"},"content":{"rendered":"<p>[analyse_image type=&#8221;featured&#8221; src=&#8221;https:\/\/ziaruldelta.ro\/wp-content\/uploads\/2026\/07\/Greva-2-e1784208489859.jpg&#8221;]<\/p>\n<article id=\"post-37497\" class=\"module single-post-module post-37497 post type-post status-publish format-standard has-post-thumbnail hentry category-stirea-zilei et-has-post-format-content et_post_format-et-post-format-standard\">\n<div class=\"post-header\">\n<h1 class=\"entry-title\">Grev\u0103 de avertisment, luni, la Spitalul Jude\u0163ean de Urgen\u0163\u0103 Tulcea. Dou\u0103 ore f\u0103r\u0103 intern\u0103ri, consulta\u0163ii \u015fi opera\u0163ii programate<\/h1>\n<div class=\"post-meta vcard\">\n<p>Posted by <a href=\"https:\/\/ziaruldelta.ro\/author\/nicoleta-urmuz\/\" class=\"url fn\" title=\"Posts by Nicoleta URMUZ\" rel=\"author\">Nicoleta URMUZ<\/a> | <span class=\"updated\">Jul 17, 2026<\/span> | <a href=\"https:\/\/ziaruldelta.ro\/category\/stirea-zilei\/\" rel=\"tag\">Stirea Zilei<\/a> | <\/p>\n<\/div>\n<\/div>\n<div class=\"post-thumbnail header\"><img decoding=\"async\" src=\"https:\/\/ziaruldelta.ro\/wp-content\/uploads\/2026\/07\/Greva-2-1280x640.jpg\" alt=\"Grev\u0103 de avertisment, luni, la Spitalul Jude\u0163ean de Urgen\u0163\u0103 Tulcea. Dou\u0103 ore f\u0103r\u0103 intern\u0103ri, consulta\u0163ii \u015fi opera\u0163ii programate\"><\/div>\n<div class=\"post-wrap\">\n<div class=\"post-content entry-content\">\n<p>Pacien\u0163ii care au program\u0103ri la spital luni diminea\u0163\u0103 ar putea avea parte de \u00eent\u00e2rzieri sau chiar de am\u00e2narea unor servicii medicale.<\/p>\n<p>Spitalul Jude\u0163ean de Urgen\u0163\u0103 Tulcea va intra, \u00eentre orele 09.00 \u015fi 11.00, \u00een grev\u0103 de avertisment, \u00een cadrul ac\u0163iunii de protest declan\u015fate la nivel na\u0163ional de Federa\u0163ia Sanitas. Anun\u0163ul a fost f\u0103cut de pre\u015fedintele Sindicatului Sanitas Tulcea, Neculai Negrea, care spune c\u0103 semn\u0103turile pentru participarea la grev\u0103 \u00eenc\u0103 se str\u00e2ng, \u00eens\u0103 nu este necesar un num\u0103r minim pentru desf\u0103\u015furarea demersului.<\/p>\n<blockquote>\n<p><img loading=\"lazy\" decoding=\"async\" class=\" wp-image-37499 alignright\" src=\"https:\/\/ziaruldelta.ro\/wp-content\/uploads\/2026\/07\/Greva-458x610.jpg\" alt width=\"411\" height=\"547\">\u201e\u015ei Spitalul Jude\u0163ean de Urgen\u0163\u0103 Tulcea intr\u0103 \u00een grev\u0103 de avertisment luni, \u00eentre orele 09.00 \u015fi 11.00. Semn\u0103turi se str\u00e2ng, iar greva este declan\u015fat\u0103 de Federa\u0163ia Sanitas la nivel na\u0163ional \u015fi nu avem nevoie de un num\u0103r minim de semn\u0103turi la nivelul fiec\u0103rui spital pentru a putea intra \u00een grev\u0103. Dac\u0103 ne uit\u0103m \u00een legisla\u0163ie, grevele sunt de mai multe tipuri. Aceasta, fiind o grev\u0103 \u00eempotriva politicilor sociale, este declan\u015fat\u0103 la nivel na\u0163ional. Odat\u0103 fiind declan\u015fat\u0103, nu are nevoie de un num\u0103r minim de semn\u0103turi la nivelul unit\u0103\u0163ilor sanitare. Deci da, \u015fi la noi s-au str\u00e2ns semn\u0103turile, \u00eenc\u0103 se str\u00e2ng. Orice salariat, fie membru, fie nemembru, membru al altui sindicat, poate semna \u015fi adera la greva declan\u015fat\u0103 de Federa\u0163ia Sanitas. Orice salariat care \u015fi-a dat consim\u0163\u0103m\u00e2ntul \u015fi a spus c\u0103 particip\u0103 se poate retrage din grev\u0103 \u00een orice moment. Deci num\u0103rul de semn\u0103turi este variabil, \u00een func\u0163ie de deciziile fiec\u0103ruia. Listele sunt \u00eenc\u0103 pe sec\u0163ii \u015fi se mai pot \u00eenscrie persoane, se mai pot str\u00e2nge semn\u0103turi, se pot retrage, num\u0103rul este \u00een dinamic\u0103. Dar da, \u00eentre orele 09.00 \u015fi 11.00 \u015fi Spitalul Jude\u0163ean Tulcea va face grev\u0103 de avertisment\u201d, ne-a declarat pre\u015fedintele Sindicatului Sanitas Tulcea, Neculai Negrea.<\/p>\n<\/blockquote>\n<p>Pre\u015fedintele\u00a0 a precizat c\u0103, pe durata grevei, va fi asigurat\u0103 treimea de personal necesar\u0103 pentru activit\u0103\u0163ile de urgen\u0163\u0103, astfel \u00eenc\u00e2t actul medical s\u0103 fie afectat c\u00e2t mai pu\u0163in.<\/p>\n<p><strong>Sindicali\u015ftii reclam\u0103 lipsa de personal \u015fi pierderi salariale<\/strong><\/p>\n<p>Acesta sus\u0163ine c\u0103 una dintre principalele probleme ale Spitalului Jude\u0163ean de Urgen\u0163\u0103 Tulcea este lipsa cronic\u0103 de personal, cauzat\u0103 de blocarea angaj\u0103rilor de mai mul\u0163i ani. Potrivit lui Negrea, memorandumul necesar debloc\u0103rii posturilor nu poate fi aprobat \u00een lipsa unui Guvern cu puteri depline.<\/p>\n<blockquote>\n<p>\u201e\u00cen ceea ce-i prive\u015fte pe pacien\u0163i, ne cerem scuze \u015fi \u00eencerc\u0103m s\u0103 fie un disconfort c\u00e2t mai mic. Se va asigura treimea necesar\u0103 pentru activit\u0103\u0163ile de urgen\u0163\u0103 \u015fi \u00eencerc\u0103m s\u0103 nu fie afectat\u0103 activitatea cu pacientul, pentru c\u0103 noi nu ne dorim s\u0103 fie afectat cumva actul medical, pentru c\u0103 nu asta ne dorim. Noi ne dorim s\u0103 fim corect reprezenta\u0163i, remunera\u0163i \u015fi suficien\u0163i ca num\u0103r, pentru c\u0103 oricum calitatea actului medical, \u00een momentul \u00een care nu sunt suficien\u0163i angaja\u0163i, are de suferit. \u00cen momentul de fa\u0163\u0103, Spitalul Jude\u0163ean Tulcea are o lips\u0103 cronic\u0103 de personal, pentru c\u0103 de ani de zile sunt blocate angaj\u0103rile. Memorandumul nu este aprobat pentru c\u0103 nu avem Guvern, ci doar unul interimar\u201d, ne-a spus Neculai Negrea.<\/p>\n<\/blockquote>\n<p>Pre\u015fedintele Sanitas Tulcea afirm\u0103 c\u0103 personalul existent este suprasolicitat \u015fi mutat frecvent \u00eentre sec\u0163ii, ceea ce afecteaz\u0103 at\u00e2t angaja\u0163ii, c\u00e2t \u015fi calitatea serviciilor medicale.<\/p>\n<blockquote>\n<p>\u201eOricum suntem pu\u0163ini \u015fi suprasolicita\u0163i, obosi\u0163i, iar pentru a putea fi empatic cu pacientul \u015fi a avea un serviciu de s\u0103n\u0103tate de calitate trebuie s\u0103 fii odihnit, lini\u015ftit \u015fi nu suprasolicitat \u015fi obosit. La urma urmei, \u015fi noi suntem tot oameni \u015fi obosim. Chiar nu mai putem. Suntem muta\u0163i de pe o sec\u0163ie pe alta. Sec\u0163iile au specificul lor \u015fi atunci este destul de greu c\u00e2nd vii de pe o sec\u0163ie \u015fi e\u015fti mutat pe alta, iar p\u00e2n\u0103 te obi\u015fnuie\u015fti este dificil. Lipsa de personal \u00ee\u015fi spune cuv\u00e2ntul. Atunci noi \u00eencerc\u0103m, pe c\u00e2t posibil, s\u0103 nu fie afectat, mai mult dec\u00e2t este deja, serviciul medical. Deci \u00eencerc\u0103m s\u0103 nu sufere pacientul. Prin ac\u0163iunile noastre ne dorim s\u0103 fie deblocate \u015fi posturile, pentru a putea fi mai mul\u0163i \u015fi s\u0103 asigur\u0103m un serviciu de calitate\u201d, a precizat pre\u015fedintele Sindicatului Sanitas Tulcea.<\/p>\n<\/blockquote>\n<p>Acesta a explicat c\u0103 deficitul de personal se reflect\u0103 \u015fi \u00een timpii de a\u015fteptare din Unitatea de Primiri Urgen\u0163e, Ambulatoriul de Specialitate \u015fi pe sec\u0163iile spitalului, unde num\u0103rul redus de asistente \u015fi infirmiere face ca pacien\u0163ii s\u0103 a\u015ftepte mai mult pentru \u00eengrijiri.<\/p>\n<blockquote>\n<p>\u201eMereu am auzit c\u0103 se st\u0103 mult \u015fi se a\u015fteapt\u0103 la UPU, \u00een Ambulatoriul de Specialitate. Da, pentru c\u0103 suntem foarte pu\u0163ini. Pe sec\u0163ii, infirmierele \u015fi asistentele sunt pu\u0163ine \u015fi atunci pacientul a\u015fteapt\u0103 p\u00e2n\u0103 vine cineva s\u0103-i schimbe \u015fi lui lenjeria. Spre exemplu, hrana la Spitalul Jude\u0163ean de Urgen\u0163\u0103 Tulcea. \u015etim bine c\u0103 serviciul este externalizat c\u0103tre o firm\u0103 de catering. Spitalul \u00eencearc\u0103 s\u0103 dea \u00een func\u0163iune buc\u0103t\u0103ria proprie care s-a construit, dar nu putem angaja personal pentru c\u0103 angaj\u0103rile sunt blocate. \u015ei atunci iar suntem \u00eentr-un cerc vicios. Guvern nu avem care s\u0103 aprobe memorandumul, s\u0103 deblocheze posturile, atunci pacientul este nemul\u0163umit de hran\u0103, iar spitalul nu poate face nimic \u00een sensul acesta\u201d, a afirmat Neculai Negrea.<\/p>\n<\/blockquote>\n<p>Totodat\u0103, Sanitas Tulcea critic\u0103 proiectul noii legi a salariz\u0103rii, despre care spune c\u0103 nu a fost discutat cu sindicatele \u015fi c\u0103 forma actual\u0103 ar putea reduce veniturile personalului medical \u015fi auxiliar.<\/p>\n<p>Citi\u0163i continuarea \u00een edi\u0163ia tip\u0103rit\u0103 a Ziarului DELTA.<\/p>\n<\/div>\n<\/div>\n<div class=\"post-footer\">\n<div class=\"social-icons ed-social-share-icons\">\n<p class=\"share-title\">Share:<\/p>\n<\/div>\n<div class=\"rating-stars\">\n<p id=\"rate-title\" class=\"rate-title\">Rate:<\/p>\n<\/div>\n<\/div>\n<\/article>\n<div class=\"post-content entry-content\">\n<p>Pacien\u0163ii care au program\u0103ri la spital luni diminea\u0163\u0103 ar putea avea parte de \u00eent\u00e2rzieri sau chiar de am\u00e2narea unor servicii medicale.<\/p>\n<p>Spitalul Jude\u0163ean de Urgen\u0163\u0103 Tulcea va intra, \u00eentre orele 09.00 \u015fi 11.00, \u00een grev\u0103 de avertisment, \u00een cadrul ac\u0163iunii de protest declan\u015fate la nivel na\u0163ional de Federa\u0163ia Sanitas. Anun\u0163ul a fost f\u0103cut de pre\u015fedintele Sindicatului Sanitas Tulcea, Neculai Negrea, care spune c\u0103 semn\u0103turile pentru participarea la grev\u0103 \u00eenc\u0103 se str\u00e2ng, \u00eens\u0103 nu este necesar un num\u0103r minim pentru desf\u0103\u015furarea demersului.<\/p>\n<blockquote>\n<p><img loading=\"lazy\" decoding=\"async\" class=\" wp-image-37499 alignright\" src=\"https:\/\/ziaruldelta.ro\/wp-content\/uploads\/2026\/07\/Greva-458x610.jpg\" alt width=\"411\" height=\"547\">\u201e\u015ei Spitalul Jude\u0163ean de Urgen\u0163\u0103 Tulcea intr\u0103 \u00een grev\u0103 de avertisment luni, \u00eentre orele 09.00 \u015fi 11.00. Semn\u0103turi se str\u00e2ng, iar greva este declan\u015fat\u0103 de Federa\u0163ia Sanitas la nivel na\u0163ional \u015fi nu avem nevoie de un num\u0103r minim de semn\u0103turi la nivelul fiec\u0103rui spital pentru a putea intra \u00een grev\u0103. Dac\u0103 ne uit\u0103m \u00een legisla\u0163ie, grevele sunt de mai multe tipuri. Aceasta, fiind o grev\u0103 \u00eempotriva politicilor sociale, este declan\u015fat\u0103 la nivel na\u0163ional. Odat\u0103 fiind declan\u015fat\u0103, nu are nevoie de un num\u0103r minim de semn\u0103turi la nivelul unit\u0103\u0163ilor sanitare. Deci da, \u015fi la noi s-au str\u00e2ns semn\u0103turile, \u00eenc\u0103 se str\u00e2ng. Orice salariat, fie membru, fie nemembru, membru al altui sindicat, poate semna \u015fi adera la greva declan\u015fat\u0103 de Federa\u0163ia Sanitas. Orice salariat care \u015fi-a dat consim\u0163\u0103m\u00e2ntul \u015fi a spus c\u0103 particip\u0103 se poate retrage din grev\u0103 \u00een orice moment. Deci num\u0103rul de semn\u0103turi este variabil, \u00een func\u0163ie de deciziile fiec\u0103ruia. Listele sunt \u00eenc\u0103 pe sec\u0163ii \u015fi se mai pot \u00eenscrie persoane, se mai pot str\u00e2nge semn\u0103turi, se pot retrage, num\u0103rul este \u00een dinamic\u0103. Dar da, \u00eentre orele 09.00 \u015fi 11.00 \u015fi Spitalul Jude\u0163ean Tulcea va face grev\u0103 de avertisment\u201d, ne-a declarat pre\u015fedintele Sindicatului Sanitas Tulcea, Neculai Negrea.<\/p>\n<\/blockquote>\n<p>Pre\u015fedintele\u00a0 a precizat c\u0103, pe durata grevei, va fi asigurat\u0103 treimea de personal necesar\u0103 pentru activit\u0103\u0163ile de urgen\u0163\u0103, astfel \u00eenc\u00e2t actul medical s\u0103 fie afectat c\u00e2t mai pu\u0163in.<\/p>\n<p><strong>Sindicali\u015ftii reclam\u0103 lipsa de personal \u015fi pierderi salariale<\/strong><\/p>\n<p>Acesta sus\u0163ine c\u0103 una dintre principalele probleme ale Spitalului Jude\u0163ean de Urgen\u0163\u0103 Tulcea este lipsa cronic\u0103 de personal, cauzat\u0103 de blocarea angaj\u0103rilor de mai mul\u0163i ani. Potrivit lui Negrea, memorandumul necesar debloc\u0103rii posturilor nu poate fi aprobat \u00een lipsa unui Guvern cu puteri depline.<\/p>\n<blockquote>\n<p>\u201e\u00cen ceea ce-i prive\u015fte pe pacien\u0163i, ne cerem scuze \u015fi \u00eencerc\u0103m s\u0103 fie un disconfort c\u00e2t mai mic. Se va asigura treimea necesar\u0103 pentru activit\u0103\u0163ile de urgen\u0163\u0103 \u015fi \u00eencerc\u0103m s\u0103 nu fie afectat\u0103 activitatea cu pacientul, pentru c\u0103 noi nu ne dorim s\u0103 fie afectat cumva actul medical, pentru c\u0103 nu asta ne dorim. Noi ne dorim s\u0103 fim corect reprezenta\u0163i, remunera\u0163i \u015fi suficien\u0163i ca num\u0103r, pentru c\u0103 oricum calitatea actului medical, \u00een momentul \u00een care nu sunt suficien\u0163i angaja\u0163i, are de suferit. \u00cen momentul de fa\u0163\u0103, Spitalul Jude\u0163ean Tulcea are o lips\u0103 cronic\u0103 de personal, pentru c\u0103 de ani de zile sunt blocate angaj\u0103rile. Memorandumul nu este aprobat pentru c\u0103 nu avem Guvern, ci doar unul interimar\u201d, ne-a spus Neculai Negrea.<\/p>\n<\/blockquote>\n<p>Pre\u015fedintele Sanitas Tulcea afirm\u0103 c\u0103 personalul existent este suprasolicitat \u015fi mutat frecvent \u00eentre sec\u0163ii, ceea ce afecteaz\u0103 at\u00e2t angaja\u0163ii, c\u00e2t \u015fi calitatea serviciilor medicale.<\/p>\n<blockquote>\n<p>\u201eOricum suntem pu\u0163ini \u015fi suprasolicita\u0163i, obosi\u0163i, iar pentru a putea fi empatic cu pacientul \u015fi a avea un serviciu de s\u0103n\u0103tate de calitate trebuie s\u0103 fii odihnit, lini\u015ftit \u015fi nu suprasolicitat \u015fi obosit. La urma urmei, \u015fi noi suntem tot oameni \u015fi obosim. Chiar nu mai putem. Suntem muta\u0163i de pe o sec\u0163ie pe alta. Sec\u0163iile au specificul lor \u015fi atunci este destul de greu c\u00e2nd vii de pe o sec\u0163ie \u015fi e\u015fti mutat pe alta, iar p\u00e2n\u0103 te obi\u015fnuie\u015fti este dificil. Lipsa de personal \u00ee\u015fi spune cuv\u00e2ntul. Atunci noi \u00eencerc\u0103m, pe c\u00e2t posibil, s\u0103 nu fie afectat, mai mult dec\u00e2t este deja, serviciul medical. Deci \u00eencerc\u0103m s\u0103 nu sufere pacientul. Prin ac\u0163iunile noastre ne dorim s\u0103 fie deblocate \u015fi posturile, pentru a putea fi mai mul\u0163i \u015fi s\u0103 asigur\u0103m un serviciu de calitate\u201d, a precizat pre\u015fedintele Sindicatului Sanitas Tulcea.<\/p>\n<\/blockquote>\n<p>Acesta a explicat c\u0103 deficitul de personal se reflect\u0103 \u015fi \u00een timpii de a\u015fteptare din Unitatea de Primiri Urgen\u0163e, Ambulatoriul de Specialitate \u015fi pe sec\u0163iile spitalului, unde num\u0103rul redus de asistente \u015fi infirmiere face ca pacien\u0163ii s\u0103 a\u015ftepte mai mult pentru \u00eengrijiri.<\/p>\n<blockquote>\n<p>\u201eMereu am auzit c\u0103 se st\u0103 mult \u015fi se a\u015fteapt\u0103 la UPU, \u00een Ambulatoriul de Specialitate. Da, pentru c\u0103 suntem foarte pu\u0163ini. Pe sec\u0163ii, infirmierele \u015fi asistentele sunt pu\u0163ine \u015fi atunci pacientul a\u015fteapt\u0103 p\u00e2n\u0103 vine cineva s\u0103-i schimbe \u015fi lui lenjeria. Spre exemplu, hrana la Spitalul Jude\u0163ean de Urgen\u0163\u0103 Tulcea. \u015etim bine c\u0103 serviciul este externalizat c\u0103tre o firm\u0103 de catering. Spitalul \u00eencearc\u0103 s\u0103 dea \u00een func\u0163iune buc\u0103t\u0103ria proprie care s-a construit, dar nu putem angaja personal pentru c\u0103 angaj\u0103rile sunt blocate. \u015ei atunci iar suntem \u00eentr-un cerc vicios. Guvern nu avem care s\u0103 aprobe memorandumul, s\u0103 deblocheze posturile, atunci pacientul este nemul\u0163umit de hran\u0103, iar spitalul nu poate face nimic \u00een sensul acesta\u201d, a afirmat Neculai Negrea.<\/p>\n<\/blockquote>\n<p>Totodat\u0103, Sanitas Tulcea critic\u0103 proiectul noii legi a salariz\u0103rii, despre care spune c\u0103 nu a fost discutat cu sindicatele \u015fi c\u0103 forma actual\u0103 ar putea reduce veniturile personalului medical \u015fi auxiliar.<\/p>\n<p>Citi\u0163i continuarea \u00een edi\u0163ia tip\u0103rit\u0103 a Ziarului DELTA.<\/p>\n<\/div>\n<div class=\"post-content entry-content\">\n<p>Pacien\u0163ii care au program\u0103ri la spital luni diminea\u0163\u0103 ar putea avea parte de \u00eent\u00e2rzieri sau chiar de am\u00e2narea unor servicii medicale.<\/p>\n<p>Spitalul Jude\u0163ean de Urgen\u0163\u0103 Tulcea va intra, \u00eentre orele 09.00 \u015fi 11.00, \u00een grev\u0103 de avertisment, \u00een cadrul ac\u0163iunii de protest declan\u015fate la nivel na\u0163ional de Federa\u0163ia Sanitas. Anun\u0163ul a fost f\u0103cut de pre\u015fedintele Sindicatului Sanitas Tulcea, Neculai Negrea, care spune c\u0103 semn\u0103turile pentru participarea la grev\u0103 \u00eenc\u0103 se str\u00e2ng, \u00eens\u0103 nu este necesar un num\u0103r minim pentru desf\u0103\u015furarea demersului.<\/p>\n<blockquote>\n<p><img loading=\"lazy\" decoding=\"async\" class=\" wp-image-37499 alignright\" src=\"https:\/\/ziaruldelta.ro\/wp-content\/uploads\/2026\/07\/Greva-458x610.jpg\" alt width=\"411\" height=\"547\">\u201e\u015ei Spitalul Jude\u0163ean de Urgen\u0163\u0103 Tulcea intr\u0103 \u00een grev\u0103 de avertisment luni, \u00eentre orele 09.00 \u015fi 11.00. Semn\u0103turi se str\u00e2ng, iar greva este declan\u015fat\u0103 de Federa\u0163ia Sanitas la nivel na\u0163ional \u015fi nu avem nevoie de un num\u0103r minim de semn\u0103turi la nivelul fiec\u0103rui spital pentru a putea intra \u00een grev\u0103. Dac\u0103 ne uit\u0103m \u00een legisla\u0163ie, grevele sunt de mai multe tipuri. Aceasta, fiind o grev\u0103 \u00eempotriva politicilor sociale, este declan\u015fat\u0103 la nivel na\u0163ional. Odat\u0103 fiind declan\u015fat\u0103, nu are nevoie de un num\u0103r minim de semn\u0103turi la nivelul unit\u0103\u0163ilor sanitare. Deci da, \u015fi la noi s-au str\u00e2ns semn\u0103turile, \u00eenc\u0103 se str\u00e2ng. Orice salariat, fie membru, fie nemembru, membru al altui sindicat, poate semna \u015fi adera la greva declan\u015fat\u0103 de Federa\u0163ia Sanitas. Orice salariat care \u015fi-a dat consim\u0163\u0103m\u00e2ntul \u015fi a spus c\u0103 particip\u0103 se poate retrage din grev\u0103 \u00een orice moment. Deci num\u0103rul de semn\u0103turi este variabil, \u00een func\u0163ie de deciziile fiec\u0103ruia. Listele sunt \u00eenc\u0103 pe sec\u0163ii \u015fi se mai pot \u00eenscrie persoane, se mai pot str\u00e2nge semn\u0103turi, se pot retrage, num\u0103rul este \u00een dinamic\u0103. Dar da, \u00eentre orele 09.00 \u015fi 11.00 \u015fi Spitalul Jude\u0163ean Tulcea va face grev\u0103 de avertisment\u201d, ne-a declarat pre\u015fedintele Sindicatului Sanitas Tulcea, Neculai Negrea.<\/p>\n<\/blockquote>\n<p>Pre\u015fedintele\u00a0 a precizat c\u0103, pe durata grevei, va fi asigurat\u0103 treimea de personal necesar\u0103 pentru activit\u0103\u0163ile de urgen\u0163\u0103, astfel \u00eenc\u00e2t actul medical s\u0103 fie afectat c\u00e2t mai pu\u0163in.<\/p>\n<p><strong>Sindicali\u015ftii reclam\u0103 lipsa de personal \u015fi pierderi salariale<\/strong><\/p>\n<p>Acesta sus\u0163ine c\u0103 una dintre principalele probleme ale Spitalului Jude\u0163ean de Urgen\u0163\u0103 Tulcea este lipsa cronic\u0103 de personal, cauzat\u0103 de blocarea angaj\u0103rilor de mai mul\u0163i ani. Potrivit lui Negrea, memorandumul necesar debloc\u0103rii posturilor nu poate fi aprobat \u00een lipsa unui Guvern cu puteri depline.<\/p>\n<blockquote>\n<p>\u201e\u00cen ceea ce-i prive\u015fte pe pacien\u0163i, ne cerem scuze \u015fi \u00eencerc\u0103m s\u0103 fie un disconfort c\u00e2t mai mic. Se va asigura treimea necesar\u0103 pentru activit\u0103\u0163ile de urgen\u0163\u0103 \u015fi \u00eencerc\u0103m s\u0103 nu fie afectat\u0103 activitatea cu pacientul, pentru c\u0103 noi nu ne dorim s\u0103 fie afectat cumva actul medical, pentru c\u0103 nu asta ne dorim. Noi ne dorim s\u0103 fim corect reprezenta\u0163i, remunera\u0163i \u015fi suficien\u0163i ca num\u0103r, pentru c\u0103 oricum calitatea actului medical, \u00een momentul \u00een care nu sunt suficien\u0163i angaja\u0163i, are de suferit. \u00cen momentul de fa\u0163\u0103, Spitalul Jude\u0163ean Tulcea are o lips\u0103 cronic\u0103 de personal, pentru c\u0103 de ani de zile sunt blocate angaj\u0103rile. Memorandumul nu este aprobat pentru c\u0103 nu avem Guvern, ci doar unul interimar\u201d, ne-a spus Neculai Negrea.<\/p>\n<\/blockquote>\n<p>Pre\u015fedintele Sanitas Tulcea afirm\u0103 c\u0103 personalul existent este suprasolicitat \u015fi mutat frecvent \u00eentre sec\u0163ii, ceea ce afecteaz\u0103 at\u00e2t angaja\u0163ii, c\u00e2t \u015fi calitatea serviciilor medicale.<\/p>\n<blockquote>\n<p>\u201eOricum suntem pu\u0163ini \u015fi suprasolicita\u0163i, obosi\u0163i, iar pentru a putea fi empatic cu pacientul \u015fi a avea un serviciu de s\u0103n\u0103tate de calitate trebuie s\u0103 fii odihnit, lini\u015ftit \u015fi nu suprasolicitat \u015fi obosit. La urma urmei, \u015fi noi suntem tot oameni \u015fi obosim. Chiar nu mai putem. Suntem muta\u0163i de pe o sec\u0163ie pe alta. Sec\u0163iile au specificul lor \u015fi atunci este destul de greu c\u00e2nd vii de pe o sec\u0163ie \u015fi e\u015fti mutat pe alta, iar p\u00e2n\u0103 te obi\u015fnuie\u015fti este dificil. Lipsa de personal \u00ee\u015fi spune cuv\u00e2ntul. Atunci noi \u00eencerc\u0103m, pe c\u00e2t posibil, s\u0103 nu fie afectat, mai mult dec\u00e2t este deja, serviciul medical. Deci \u00eencerc\u0103m s\u0103 nu sufere pacientul. Prin ac\u0163iunile noastre ne dorim s\u0103 fie deblocate \u015fi posturile, pentru a putea fi mai mul\u0163i \u015fi s\u0103 asigur\u0103m un serviciu de calitate\u201d, a precizat pre\u015fedintele Sindicatului Sanitas Tulcea.<\/p>\n<\/blockquote>\n<p>Acesta a explicat c\u0103 deficitul de personal se reflect\u0103 \u015fi \u00een timpii de a\u015fteptare din Unitatea de Primiri Urgen\u0163e, Ambulatoriul de Specialitate \u015fi pe sec\u0163iile spitalului, unde num\u0103rul redus de asistente \u015fi infirmiere face ca pacien\u0163ii s\u0103 a\u015ftepte mai mult pentru \u00eengrijiri.<\/p>\n<blockquote>\n<p>\u201eMereu am auzit c\u0103 se st\u0103 mult \u015fi se a\u015fteapt\u0103 la UPU, \u00een Ambulatoriul de Specialitate. Da, pentru c\u0103 suntem foarte pu\u0163ini. Pe sec\u0163ii, infirmierele \u015fi asistentele sunt pu\u0163ine \u015fi atunci pacientul a\u015fteapt\u0103 p\u00e2n\u0103 vine cineva s\u0103-i schimbe \u015fi lui lenjeria. Spre exemplu, hrana la Spitalul Jude\u0163ean de Urgen\u0163\u0103 Tulcea. \u015etim bine c\u0103 serviciul este externalizat c\u0103tre o firm\u0103 de catering. Spitalul \u00eencearc\u0103 s\u0103 dea \u00een func\u0163iune buc\u0103t\u0103ria proprie care s-a construit, dar nu putem angaja personal pentru c\u0103 angaj\u0103rile sunt blocate. \u015ei atunci iar suntem \u00eentr-un cerc vicios. Guvern nu avem care s\u0103 aprobe memorandumul, s\u0103 deblocheze posturile, atunci pacientul este nemul\u0163umit de hran\u0103, iar spitalul nu poate face nimic \u00een sensul acesta\u201d, a afirmat Neculai Negrea.<\/p>\n<\/blockquote>\n<p>Totodat\u0103, Sanitas Tulcea critic\u0103 proiectul noii legi a salariz\u0103rii, despre care spune c\u0103 nu a fost discutat cu sindicatele \u015fi c\u0103 forma actual\u0103 ar putea reduce veniturile personalului medical \u015fi auxiliar.<\/p>\n<p>Citi\u0163i continuarea \u00een edi\u0163ia tip\u0103rit\u0103 a Ziarului DELTA.<\/p>\n<\/div>\n<p>[analyse_source url=&#8221;https:\/\/ziaruldelta.ro\/2026\/07\/17\/greva-de-avertisment-luni-la-spitalul-judetean-de-urgenta-tulcea-doua-ore-fara-internari-consultatii-si-operatii-programate\/&#8221;]<\/p>\n","protected":false},"excerpt":{"rendered":"<p>[analyse_image type=&#8221;featured&#8221; src=&#8221;https:\/\/ziaruldelta.ro\/wp-content\/uploads\/2026\/07\/Greva-2-e1784208489859.jpg&#8221;] Grev\u0103 de avertisment, luni, la Spitalul Jude\u0163ean de Urgen\u0163\u0103 Tulcea. Dou\u0103 ore f\u0103r\u0103 intern\u0103ri, consulta\u0163ii \u015fi opera\u0163ii programate Posted by Nicoleta URMUZ | Jul 17, 2026 | Stirea Zilei | Pacien\u0163ii care au program\u0103ri la spital luni diminea\u0163\u0103 ar putea avea parte de \u00eent\u00e2rzieri sau chiar de am\u00e2narea unor servicii medicale. Spitalul [&hellip;]<\/p>\n","protected":false},"author":1,"featured_media":0,"comment_status":"open","ping_status":"","sticky":false,"template":"","format":"standard","meta":{"footnotes":""},"categories":[89],"tags":[226,206],"class_list":["post-2048158","post","type-post","status-publish","format-standard","hentry","category-romania","tag-crawlmanager","tag-ziaruldelta-ro"],"_links":{"self":[{"href":"https:\/\/analyse.optim.biz\/index.php?rest_route=\/wp\/v2\/posts\/2048158","targetHints":{"allow":["GET"]}}],"collection":[{"href":"https:\/\/analyse.optim.biz\/index.php?rest_route=\/wp\/v2\/posts"}],"about":[{"href":"https:\/\/analyse.optim.biz\/index.php?rest_route=\/wp\/v2\/types\/post"}],"author":[{"embeddable":true,"href":"https:\/\/analyse.optim.biz\/index.php?rest_route=\/wp\/v2\/users\/1"}],"replies":[{"embeddable":true,"href":"https:\/\/analyse.optim.biz\/index.php?rest_route=%2Fwp%2Fv2%2Fcomments&post=2048158"}],"version-history":[{"count":0,"href":"https:\/\/analyse.optim.biz\/index.php?rest_route=\/wp\/v2\/posts\/2048158\/revisions"}],"wp:attachment":[{"href":"https:\/\/analyse.optim.biz\/index.php?rest_route=%2Fwp%2Fv2%2Fmedia&parent=2048158"}],"wp:term":[{"taxonomy":"category","embeddable":true,"href":"https:\/\/analyse.optim.biz\/index.php?rest_route=%2Fwp%2Fv2%2Fcategories&post=2048158"},{"taxonomy":"post_tag","embeddable":true,"href":"https:\/\/analyse.optim.biz\/index.php?rest_route=%2Fwp%2Fv2%2Ftags&post=2048158"}],"curies":[{"name":"wp","href":"https:\/\/api.w.org\/{rel}","templated":true}]}}