{"id":2048157,"date":"2026-07-17T06:00:56","date_gmt":"2026-07-17T03:00:56","guid":{"rendered":"https:\/\/analyse.optim.biz\/?p=2048157"},"modified":"2026-07-17T06:00:56","modified_gmt":"2026-07-17T03:00:56","slug":"strategia-pentru-un-transport-integrat-si-mobilitate-durabila-in-judetul-tulcea-pentru-urmatorii-patru-ani","status":"publish","type":"post","link":"https:\/\/analyse.optim.biz\/?p=2048157","title":{"rendered":"Strategia pentru un transport integrat \u015fi mobilitate durabil\u0103 \u00een jude\u0163ul Tulcea, pentru urm\u0103torii patru ani,"},"content":{"rendered":"<p>[analyse_image type=&#8221;featured&#8221; src=&#8221;https:\/\/ziaruldelta.ro\/wp-content\/uploads\/2026\/07\/Strategia-Cropped.jpg&#8221;]<\/p>\n<article id=\"post-37513\" class=\"module single-post-module post-37513 post type-post status-publish format-standard has-post-thumbnail hentry category-actualitate et-has-post-format-content et_post_format-et-post-format-standard\">\n<div class=\"post-header\">\n<h1 class=\"entry-title\">Strategia pentru un transport integrat \u015fi mobilitate durabil\u0103 \u00een jude\u0163ul Tulcea, pentru urm\u0103torii patru ani, \u00een dezbatere public\u0103<\/h1>\n<div class=\"post-meta vcard\">\n<p>Posted by <a href=\"https:\/\/ziaruldelta.ro\/author\/nicoleta-urmuz\/\" class=\"url fn\" title=\"Posts by Nicoleta URMUZ\" rel=\"author\">Nicoleta URMUZ<\/a> | <span class=\"updated\">Jul 17, 2026<\/span> | <a href=\"https:\/\/ziaruldelta.ro\/category\/actualitate\/\" rel=\"tag\">Actualitate<\/a> | <\/p>\n<\/div>\n<\/div>\n<div class=\"post-thumbnail header\"><img decoding=\"async\" src=\"https:\/\/ziaruldelta.ro\/wp-content\/uploads\/2026\/07\/Strategia-Cropped.jpg\" alt=\"Strategia pentru un transport integrat \u015fi mobilitate durabil\u0103 \u00een jude\u0163ul Tulcea, pentru urm\u0103torii patru ani, \u00een dezbatere public\u0103\"><\/div>\n<div class=\"post-wrap\">\n<div class=\"post-content entry-content\">\n<p>Tulcenii sunt invita\u0163i s\u0103 participe la dezbaterea public\u0103 privind proiectul \u201eStrategia pentru un transport integrat \u015fi mobilitate durabil\u0103 \u00een jude\u0163ul Tulcea, pentru perioada 2026-2030\u2033, document elaborat de Consiliul Jude\u0163ean Tulcea, care are ca obiectiv transformarea re\u0163elei de transport a jude\u0163ului \u00eentr-un sistem modern, inteligent, interconectat, ecologic \u015fi adaptat contextului geopolitic \u015fi climatic actual. Potrivit Consiliului Jude\u0163ean Tulcea, documentul a fost realizat \u015fi \u00een vederea acces\u0103rii unor surse de finan\u0163are externe pentru dezvoltarea sectorului de transport \u015fi mobilitate \u00een jude\u0163ul Tulcea.<\/p>\n<blockquote>\n<p>\u201eEste vorba despre un document strategic care are drept misiune fundamental\u0103 transformarea re\u0163elei de transport a jude\u0163ului Tulcea \u00eentr-un sistem modern, inteligent, interconectat, ecologic \u015fi adaptat contextului geopolitic \u015fi climatic actual, capabil s\u0103 sus\u0163in\u0103 dezvoltarea economic\u0103 durabil\u0103, s\u0103 \u00eembun\u0103t\u0103\u0163easc\u0103 mobilitatea popula\u0163iei, s\u0103 valorifice patrimoniul natural \u015fi turistic unic, s\u0103 sprijine activit\u0103\u0163ile economice \u015fi s\u0103 sus\u0163in\u0103 logistic sectorul agricol, respectiv s\u0103 conecteze teritoriul la fluxurile europene de transport\u201d, a transmis Consiliul Jude\u0163ean Tulcea.<\/p>\n<\/blockquote>\n<p>Strategia pentru un transport integrat \u015fi mobilitate durabil\u0103 \u00een jude\u0163ul Tulcea pentru perioada 2026-2030 elaborat\u0103 de c\u0103tre\u00a0 Consiliul Jude\u0163ean Tulcea fundamenteaz\u0103 o viziune coerent\u0103 asupra dezvolt\u0103rii infrastructurii \u015fi serviciilor de transport rutier, feroviar, naval \u015fi aerian, contribuind la o conectivitate mai bun\u0103 \u00eentre localit\u0103\u0163ile jude\u0163ului \u015fi cu restul regiunii.<\/p>\n<p>Citi\u0163i continuarea \u00een edi\u0163ia tip\u0103rit\u0103 a Ziarului DELTA.<\/p>\n<\/div>\n<\/div>\n<div class=\"post-footer\">\n<div class=\"social-icons ed-social-share-icons\">\n<p class=\"share-title\">Share:<\/p>\n<\/div>\n<div class=\"rating-stars\">\n<p id=\"rate-title\" class=\"rate-title\">Rate:<\/p>\n<\/div>\n<\/div>\n<\/article>\n<div class=\"post-content entry-content\">\n<p>Tulcenii sunt invita\u0163i s\u0103 participe la dezbaterea public\u0103 privind proiectul \u201eStrategia pentru un transport integrat \u015fi mobilitate durabil\u0103 \u00een jude\u0163ul Tulcea, pentru perioada 2026-2030\u2033, document elaborat de Consiliul Jude\u0163ean Tulcea, care are ca obiectiv transformarea re\u0163elei de transport a jude\u0163ului \u00eentr-un sistem modern, inteligent, interconectat, ecologic \u015fi adaptat contextului geopolitic \u015fi climatic actual. Potrivit Consiliului Jude\u0163ean Tulcea, documentul a fost realizat \u015fi \u00een vederea acces\u0103rii unor surse de finan\u0163are externe pentru dezvoltarea sectorului de transport \u015fi mobilitate \u00een jude\u0163ul Tulcea.<\/p>\n<blockquote>\n<p>\u201eEste vorba despre un document strategic care are drept misiune fundamental\u0103 transformarea re\u0163elei de transport a jude\u0163ului Tulcea \u00eentr-un sistem modern, inteligent, interconectat, ecologic \u015fi adaptat contextului geopolitic \u015fi climatic actual, capabil s\u0103 sus\u0163in\u0103 dezvoltarea economic\u0103 durabil\u0103, s\u0103 \u00eembun\u0103t\u0103\u0163easc\u0103 mobilitatea popula\u0163iei, s\u0103 valorifice patrimoniul natural \u015fi turistic unic, s\u0103 sprijine activit\u0103\u0163ile economice \u015fi s\u0103 sus\u0163in\u0103 logistic sectorul agricol, respectiv s\u0103 conecteze teritoriul la fluxurile europene de transport\u201d, a transmis Consiliul Jude\u0163ean Tulcea.<\/p>\n<\/blockquote>\n<p>Strategia pentru un transport integrat \u015fi mobilitate durabil\u0103 \u00een jude\u0163ul Tulcea pentru perioada 2026-2030 elaborat\u0103 de c\u0103tre\u00a0 Consiliul Jude\u0163ean Tulcea fundamenteaz\u0103 o viziune coerent\u0103 asupra dezvolt\u0103rii infrastructurii \u015fi serviciilor de transport rutier, feroviar, naval \u015fi aerian, contribuind la o conectivitate mai bun\u0103 \u00eentre localit\u0103\u0163ile jude\u0163ului \u015fi cu restul regiunii.<\/p>\n<p>Citi\u0163i continuarea \u00een edi\u0163ia tip\u0103rit\u0103 a Ziarului DELTA.<\/p>\n<\/div>\n<div class=\"post-content entry-content\">\n<p>Tulcenii sunt invita\u0163i s\u0103 participe la dezbaterea public\u0103 privind proiectul \u201eStrategia pentru un transport integrat \u015fi mobilitate durabil\u0103 \u00een jude\u0163ul Tulcea, pentru perioada 2026-2030\u2033, document elaborat de Consiliul Jude\u0163ean Tulcea, care are ca obiectiv transformarea re\u0163elei de transport a jude\u0163ului \u00eentr-un sistem modern, inteligent, interconectat, ecologic \u015fi adaptat contextului geopolitic \u015fi climatic actual. Potrivit Consiliului Jude\u0163ean Tulcea, documentul a fost realizat \u015fi \u00een vederea acces\u0103rii unor surse de finan\u0163are externe pentru dezvoltarea sectorului de transport \u015fi mobilitate \u00een jude\u0163ul Tulcea.<\/p>\n<blockquote>\n<p>\u201eEste vorba despre un document strategic care are drept misiune fundamental\u0103 transformarea re\u0163elei de transport a jude\u0163ului Tulcea \u00eentr-un sistem modern, inteligent, interconectat, ecologic \u015fi adaptat contextului geopolitic \u015fi climatic actual, capabil s\u0103 sus\u0163in\u0103 dezvoltarea economic\u0103 durabil\u0103, s\u0103 \u00eembun\u0103t\u0103\u0163easc\u0103 mobilitatea popula\u0163iei, s\u0103 valorifice patrimoniul natural \u015fi turistic unic, s\u0103 sprijine activit\u0103\u0163ile economice \u015fi s\u0103 sus\u0163in\u0103 logistic sectorul agricol, respectiv s\u0103 conecteze teritoriul la fluxurile europene de transport\u201d, a transmis Consiliul Jude\u0163ean Tulcea.<\/p>\n<\/blockquote>\n<p>Strategia pentru un transport integrat \u015fi mobilitate durabil\u0103 \u00een jude\u0163ul Tulcea pentru perioada 2026-2030 elaborat\u0103 de c\u0103tre\u00a0 Consiliul Jude\u0163ean Tulcea fundamenteaz\u0103 o viziune coerent\u0103 asupra dezvolt\u0103rii infrastructurii \u015fi serviciilor de transport rutier, feroviar, naval \u015fi aerian, contribuind la o conectivitate mai bun\u0103 \u00eentre localit\u0103\u0163ile jude\u0163ului \u015fi cu restul regiunii.<\/p>\n<p>Citi\u0163i continuarea \u00een edi\u0163ia tip\u0103rit\u0103 a Ziarului DELTA.<\/p>\n<\/div>\n<p>[analyse_source url=&#8221;https:\/\/ziaruldelta.ro\/2026\/07\/17\/strategia-pentru-un-transport-integrat-si-mobilitate-durabila-in-judetul-tulcea-pentru-urmatorii-patru-ani-in-dezbatere-publica\/&#8221;]<\/p>\n","protected":false},"excerpt":{"rendered":"<p>[analyse_image type=&#8221;featured&#8221; src=&#8221;https:\/\/ziaruldelta.ro\/wp-content\/uploads\/2026\/07\/Strategia-Cropped.jpg&#8221;] Strategia pentru un transport integrat \u015fi mobilitate durabil\u0103 \u00een jude\u0163ul Tulcea, pentru urm\u0103torii patru ani, \u00een dezbatere public\u0103 Posted by Nicoleta URMUZ | Jul 17, 2026 | Actualitate | Tulcenii sunt invita\u0163i s\u0103 participe la dezbaterea public\u0103 privind proiectul \u201eStrategia pentru un transport integrat \u015fi mobilitate durabil\u0103 \u00een jude\u0163ul Tulcea, pentru perioada [&hellip;]<\/p>\n","protected":false},"author":1,"featured_media":0,"comment_status":"open","ping_status":"","sticky":false,"template":"","format":"standard","meta":{"footnotes":""},"categories":[89],"tags":[226,206],"class_list":["post-2048157","post","type-post","status-publish","format-standard","hentry","category-romania","tag-crawlmanager","tag-ziaruldelta-ro"],"_links":{"self":[{"href":"https:\/\/analyse.optim.biz\/index.php?rest_route=\/wp\/v2\/posts\/2048157","targetHints":{"allow":["GET"]}}],"collection":[{"href":"https:\/\/analyse.optim.biz\/index.php?rest_route=\/wp\/v2\/posts"}],"about":[{"href":"https:\/\/analyse.optim.biz\/index.php?rest_route=\/wp\/v2\/types\/post"}],"author":[{"embeddable":true,"href":"https:\/\/analyse.optim.biz\/index.php?rest_route=\/wp\/v2\/users\/1"}],"replies":[{"embeddable":true,"href":"https:\/\/analyse.optim.biz\/index.php?rest_route=%2Fwp%2Fv2%2Fcomments&post=2048157"}],"version-history":[{"count":0,"href":"https:\/\/analyse.optim.biz\/index.php?rest_route=\/wp\/v2\/posts\/2048157\/revisions"}],"wp:attachment":[{"href":"https:\/\/analyse.optim.biz\/index.php?rest_route=%2Fwp%2Fv2%2Fmedia&parent=2048157"}],"wp:term":[{"taxonomy":"category","embeddable":true,"href":"https:\/\/analyse.optim.biz\/index.php?rest_route=%2Fwp%2Fv2%2Fcategories&post=2048157"},{"taxonomy":"post_tag","embeddable":true,"href":"https:\/\/analyse.optim.biz\/index.php?rest_route=%2Fwp%2Fv2%2Ftags&post=2048157"}],"curies":[{"name":"wp","href":"https:\/\/api.w.org\/{rel}","templated":true}]}}