{"id":2048150,"date":"2026-07-17T06:00:03","date_gmt":"2026-07-17T03:00:03","guid":{"rendered":"https:\/\/analyse.optim.biz\/?p=2048150"},"modified":"2026-07-17T06:00:03","modified_gmt":"2026-07-17T03:00:03","slug":"amalia-gheba-si-raluca-rotaru-la-cupa-europeana-de-triatlon-ziarul-delta-tulcea","status":"publish","type":"post","link":"https:\/\/analyse.optim.biz\/?p=2048150","title":{"rendered":"Amalia Gheba \u015fi Raluca Rotaru, la Cupa european\u0103 de triatlon &#8211; Ziarul Delta Tulcea"},"content":{"rendered":"<p>[analyse_image type=&#8221;featured&#8221; src=&#8221;https:\/\/ziaruldelta.ro\/wp-content\/uploads\/2026\/07\/Amalia-Gheba-Cropped.jpg&#8221;]<\/p>\n<article id=\"post-37504\" class=\"module single-post-module post-37504 post type-post status-publish format-standard has-post-thumbnail hentry category-sport et-has-post-format-content et_post_format-et-post-format-standard\">\n<div class=\"post-header\">\n<h1 class=\"entry-title\">Amalia Gheba \u015fi Raluca Rotaru, la Cupa european\u0103 de triatlon<\/h1>\n<div class=\"post-meta vcard\">\n<p>Posted by <a href=\"https:\/\/ziaruldelta.ro\/author\/adela-darie\/\" class=\"url fn\" title=\"Posts by Adela Darie\" rel=\"author\">Adela Darie<\/a> | <span class=\"updated\">Jul 17, 2026<\/span> | <a href=\"https:\/\/ziaruldelta.ro\/category\/sport\/\" rel=\"tag\">Sport<\/a> | <\/p>\n<\/div>\n<\/div>\n<div class=\"post-thumbnail header\"><img decoding=\"async\" src=\"https:\/\/ziaruldelta.ro\/wp-content\/uploads\/2026\/07\/Amalia-Gheba-Cropped.jpg\" alt=\"Amalia Gheba \u015fi Raluca Rotaru, la Cupa european\u0103 de triatlon\"><\/div>\n<div class=\"post-wrap\">\n<div class=\"post-content entry-content\">\n<p>Amalia Gheba, campioan\u0103 na\u0163ional\u0103 la sprint, \u015fi Raluca Rotaru, vicecampioan\u0103 na\u0163ional\u0103 la duatlon, legitimate la clubul Aqua Vita Delta, vor participa, la finalul acestei s\u0103pt\u0103m\u00e2ni, la Cupa european\u0103 de juniori organizat\u0103 de Federa\u0163ia Rom\u00e2n\u0103 de Triatlon (FRT), la Izvorani, jude\u0163ul Ilfov, \u00een competi\u0163ie fiind convoca\u0163i cei mai valoro\u015fi sportivi ai Rom\u00e2niei.<\/p>\n<p>Cele dou\u0103 adolescente sunt \u00een primul an de juniorat.<\/p>\n<blockquote>\n<p>\u201eAnul acesta au mai avut o participare la o cup\u0103 interna\u0163ional\u0103, desf\u0103\u015furat\u0103 la finele lunii mai. Atunci, \u0163in\u00e2nd cont c\u0103 a fost o competi\u0163ie pe distan\u0163e sprint, nu super-sprint cum va fi \u00een acest sf\u00e2r\u015fit de s\u0103pt\u0103m\u00e2n\u0103, cele dou\u0103 sportive au fost la jum\u0103tatea clasamentului, un rezultat foarte mul\u0163umitor pentru noi. Av\u00e2nd \u00een vedere c\u0103 sunt cele mai mici ca v\u00e2rst\u0103 dintre junioare, ne a\u015ftept\u0103m la o clasare similar\u0103 cel pu\u0163in\u201d, a declarat, pentru Agerpres, antrenorul clubului de triatlon Aqua Vita Delta, Mihai Ivanov.<\/p>\n<\/blockquote>\n<p>Citi\u0163i continuarea \u00een edi\u0163ia tip\u0103rit\u0103 a Ziarului DELTA.<\/p>\n<p>\u00a0<\/p>\n<\/div>\n<\/div>\n<div class=\"post-footer\">\n<div class=\"social-icons ed-social-share-icons\">\n<p class=\"share-title\">Share:<\/p>\n<\/div>\n<div class=\"rating-stars\">\n<p id=\"rate-title\" class=\"rate-title\">Rate:<\/p>\n<\/div>\n<\/div>\n<\/article>\n<div class=\"post-content entry-content\">\n<p>Amalia Gheba, campioan\u0103 na\u0163ional\u0103 la sprint, \u015fi Raluca Rotaru, vicecampioan\u0103 na\u0163ional\u0103 la duatlon, legitimate la clubul Aqua Vita Delta, vor participa, la finalul acestei s\u0103pt\u0103m\u00e2ni, la Cupa european\u0103 de juniori organizat\u0103 de Federa\u0163ia Rom\u00e2n\u0103 de Triatlon (FRT), la Izvorani, jude\u0163ul Ilfov, \u00een competi\u0163ie fiind convoca\u0163i cei mai valoro\u015fi sportivi ai Rom\u00e2niei.<\/p>\n<p>Cele dou\u0103 adolescente sunt \u00een primul an de juniorat.<\/p>\n<blockquote>\n<p>\u201eAnul acesta au mai avut o participare la o cup\u0103 interna\u0163ional\u0103, desf\u0103\u015furat\u0103 la finele lunii mai. Atunci, \u0163in\u00e2nd cont c\u0103 a fost o competi\u0163ie pe distan\u0163e sprint, nu super-sprint cum va fi \u00een acest sf\u00e2r\u015fit de s\u0103pt\u0103m\u00e2n\u0103, cele dou\u0103 sportive au fost la jum\u0103tatea clasamentului, un rezultat foarte mul\u0163umitor pentru noi. Av\u00e2nd \u00een vedere c\u0103 sunt cele mai mici ca v\u00e2rst\u0103 dintre junioare, ne a\u015ftept\u0103m la o clasare similar\u0103 cel pu\u0163in\u201d, a declarat, pentru Agerpres, antrenorul clubului de triatlon Aqua Vita Delta, Mihai Ivanov.<\/p>\n<\/blockquote>\n<p>Citi\u0163i continuarea \u00een edi\u0163ia tip\u0103rit\u0103 a Ziarului DELTA.<\/p>\n<p>\u00a0<\/p>\n<\/div>\n<div class=\"post-content entry-content\">\n<p>Amalia Gheba, campioan\u0103 na\u0163ional\u0103 la sprint, \u015fi Raluca Rotaru, vicecampioan\u0103 na\u0163ional\u0103 la duatlon, legitimate la clubul Aqua Vita Delta, vor participa, la finalul acestei s\u0103pt\u0103m\u00e2ni, la Cupa european\u0103 de juniori organizat\u0103 de Federa\u0163ia Rom\u00e2n\u0103 de Triatlon (FRT), la Izvorani, jude\u0163ul Ilfov, \u00een competi\u0163ie fiind convoca\u0163i cei mai valoro\u015fi sportivi ai Rom\u00e2niei.<\/p>\n<p>Cele dou\u0103 adolescente sunt \u00een primul an de juniorat.<\/p>\n<blockquote>\n<p>\u201eAnul acesta au mai avut o participare la o cup\u0103 interna\u0163ional\u0103, desf\u0103\u015furat\u0103 la finele lunii mai. Atunci, \u0163in\u00e2nd cont c\u0103 a fost o competi\u0163ie pe distan\u0163e sprint, nu super-sprint cum va fi \u00een acest sf\u00e2r\u015fit de s\u0103pt\u0103m\u00e2n\u0103, cele dou\u0103 sportive au fost la jum\u0103tatea clasamentului, un rezultat foarte mul\u0163umitor pentru noi. Av\u00e2nd \u00een vedere c\u0103 sunt cele mai mici ca v\u00e2rst\u0103 dintre junioare, ne a\u015ftept\u0103m la o clasare similar\u0103 cel pu\u0163in\u201d, a declarat, pentru Agerpres, antrenorul clubului de triatlon Aqua Vita Delta, Mihai Ivanov.<\/p>\n<\/blockquote>\n<p>Citi\u0163i continuarea \u00een edi\u0163ia tip\u0103rit\u0103 a Ziarului DELTA.<\/p>\n<p>\u00a0<\/p>\n<\/div>\n<p>[analyse_source url=&#8221;https:\/\/ziaruldelta.ro\/2026\/07\/17\/amalia-gheba-si-raluca-rotaru-la-cupa-europeana-de-triatlon\/&#8221;]<\/p>\n","protected":false},"excerpt":{"rendered":"<p>[analyse_image type=&#8221;featured&#8221; src=&#8221;https:\/\/ziaruldelta.ro\/wp-content\/uploads\/2026\/07\/Amalia-Gheba-Cropped.jpg&#8221;] Amalia Gheba \u015fi Raluca Rotaru, la Cupa european\u0103 de triatlon Posted by Adela Darie | Jul 17, 2026 | Sport | Amalia Gheba, campioan\u0103 na\u0163ional\u0103 la sprint, \u015fi Raluca Rotaru, vicecampioan\u0103 na\u0163ional\u0103 la duatlon, legitimate la clubul Aqua Vita Delta, vor participa, la finalul acestei s\u0103pt\u0103m\u00e2ni, la Cupa european\u0103 de juniori organizat\u0103 [&hellip;]<\/p>\n","protected":false},"author":1,"featured_media":0,"comment_status":"open","ping_status":"","sticky":false,"template":"","format":"standard","meta":{"footnotes":""},"categories":[89],"tags":[226,206],"class_list":["post-2048150","post","type-post","status-publish","format-standard","hentry","category-romania","tag-crawlmanager","tag-ziaruldelta-ro"],"_links":{"self":[{"href":"https:\/\/analyse.optim.biz\/index.php?rest_route=\/wp\/v2\/posts\/2048150","targetHints":{"allow":["GET"]}}],"collection":[{"href":"https:\/\/analyse.optim.biz\/index.php?rest_route=\/wp\/v2\/posts"}],"about":[{"href":"https:\/\/analyse.optim.biz\/index.php?rest_route=\/wp\/v2\/types\/post"}],"author":[{"embeddable":true,"href":"https:\/\/analyse.optim.biz\/index.php?rest_route=\/wp\/v2\/users\/1"}],"replies":[{"embeddable":true,"href":"https:\/\/analyse.optim.biz\/index.php?rest_route=%2Fwp%2Fv2%2Fcomments&post=2048150"}],"version-history":[{"count":0,"href":"https:\/\/analyse.optim.biz\/index.php?rest_route=\/wp\/v2\/posts\/2048150\/revisions"}],"wp:attachment":[{"href":"https:\/\/analyse.optim.biz\/index.php?rest_route=%2Fwp%2Fv2%2Fmedia&parent=2048150"}],"wp:term":[{"taxonomy":"category","embeddable":true,"href":"https:\/\/analyse.optim.biz\/index.php?rest_route=%2Fwp%2Fv2%2Fcategories&post=2048150"},{"taxonomy":"post_tag","embeddable":true,"href":"https:\/\/analyse.optim.biz\/index.php?rest_route=%2Fwp%2Fv2%2Ftags&post=2048150"}],"curies":[{"name":"wp","href":"https:\/\/api.w.org\/{rel}","templated":true}]}}