{"id":2048145,"date":"2026-07-17T06:00:58","date_gmt":"2026-07-17T03:00:58","guid":{"rendered":"https:\/\/analyse.optim.biz\/?p=2048145"},"modified":"2026-07-17T06:00:58","modified_gmt":"2026-07-17T03:00:58","slug":"tulcea-devine-capitala-folclorului-international-festivalul-pestisorul-de-aur-aduce-traditia-in","status":"publish","type":"post","link":"https:\/\/analyse.optim.biz\/?p=2048145","title":{"rendered":"Tulcea devine capitala folclorului interna\u0163ional: Festivalul \u201ePe\u015fti\u015forul de Aur&#8221; aduce tradi\u0163ia \u00een"},"content":{"rendered":"<p>[analyse_image type=&#8221;featured&#8221; src=&#8221;https:\/\/ziaruldelta.ro\/wp-content\/uploads\/2026\/07\/Tulcea-devine-e1784209274612.jpg&#8221;]<\/p>\n<article id=\"post-37508\" class=\"module single-post-module post-37508 post type-post status-publish format-standard has-post-thumbnail hentry category-eveniment et-has-post-format-content et_post_format-et-post-format-standard\">\n<div class=\"post-header\">\n<h1 class=\"entry-title\">Tulcea devine capitala folclorului interna\u0163ional: Festivalul \u201ePe\u015fti\u015forul de Aur\u201d aduce tradi\u0163ia \u00een inima ora\u015fului<\/h1>\n<div class=\"post-meta vcard\">\n<p>Posted by <a href=\"https:\/\/ziaruldelta.ro\/author\/claudia-ionescu\/\" class=\"url fn\" title=\"Posts by Claudia Ionescu\" rel=\"author\">Claudia Ionescu<\/a> | <span class=\"updated\">Jul 17, 2026<\/span> | <a href=\"https:\/\/ziaruldelta.ro\/category\/eveniment\/\" rel=\"tag\">Eveniment<\/a> | <\/p>\n<\/div>\n<\/div>\n<div class=\"post-thumbnail header\"><img decoding=\"async\" src=\"https:\/\/ziaruldelta.ro\/wp-content\/uploads\/2026\/07\/Tulcea-devine-1280x640.jpg\" alt=\"Tulcea devine capitala folclorului interna\u0163ional: Festivalul \u201ePe\u015fti\u015forul de Aur\u201d aduce tradi\u0163ia \u00een inima ora\u015fului\"><\/div>\n<div class=\"post-wrap\">\n<div class=\"post-content entry-content\">\n<p>Ca \u00een fiecare an, \u00een august, municipiul Tulcea devine, timp de patru zile, capitala folclorului interna\u0163ional.\u00a0 Festivalul-Concurs Interna\u0163ional de Folclor \u201ePe\u015fti\u015forul de Aur\u201d, singurul festival de folclor pentru copii din Rom\u00e2nia inclus \u00een calendarul Consiliului Interna\u0163ional de Organizare a Festivalurilor de Folclor al UNESCO, revine cu cea de-a XXXII-a edi\u0163ie, care se va desf\u0103\u015fura \u00een perioada 7-12 august. Evenimentul aduce pe scena din Pia\u0163a Civic\u0103 \u015fi pe Faleza \u201eIvan Patzaichin\u201d nu mai pu\u0163in de 25 de ansambluri din \u0163ar\u0103 \u015fi din str\u0103in\u0103tate. De peste hotare vor veni opt ansambluri din Republica Moldova, Bulgaria, Turcia, Mexic, Spania, Macedonia, Ucraina \u015fi Georgia. Din Rom\u00e2nia vor participa urm\u0103toarele ansambluri: Ansamblul Folcloric \u201eDoina Arge\u015fului\u201d \u2013 Arge\u015f, Ansamblul Folcloric \u201eFiricel de Busuioc\u201d \u2013 Bac\u0103u, Ansamblul Folcloric \u201eCri\u015fana\u201d \u2013 Bihor, Ansamblul Folcloric \u201ePoieni\u0163a\u201d \u2013 Bra\u015fov, Ansamblul Folcloric \u201eMugura\u015ful\u201d \u2013 Br\u0103ila, Ansamblul Folcloric \u201eMo\u015ftenirea\u201d \u2013 Cluj, Ansamblul Artistic \u201eFlorile Moldovei\u201d -Ia\u015fi, Ansamblul Folcloric \u201ePlaiurile S\u00e2mbure\u015ftiului\u201d \u2013 Olt, Ansamblul Folcloric \u201eCiob\u0103na\u015ful\u201d \u2013 Suceava \u015fi Fanfara \u201eRotaria\u201d \u2013 Vaslui. Din jude\u0163ul Tulcea vor participa \u015fapte ansambluri, \u015fi anume: Ansamblul Folcloric \u201eDorule\u0163ul\u201d, Ansamblul Folcloric \u201eDanubius\u201d, Ansamblul Folcloric \u201eGhiocel de la Luncavi\u0163a\u201d \u2013 Luncavi\u0163a, Ansamblul Folcloric \u201eAlti\u0163e Dobrogene\u201d \u2013 Jijila, Ansamblul Folcloric \u201ePlai de Dor\u201d \u2013 Niculi\u0163el, Ansamblul Folcloric \u201eFlori de Cimbri\u015for\u201d \u2013 Isaccea \u015fi Ansamblul Folcloric \u201eMl\u0103di\u0163e Dobrogene\u201d \u2013 V\u0103c\u0103reni.<\/p>\n<p>Festivalul \u00eencepe, s\u00e2mb\u0103t\u0103, pe 8 august, la ora 18.00, cu parada portului \u015fi dansului popular ce va porni de la Biblioteca Jude\u0163ean\u0103 \u201ePanait Cerna\u201d \u015fi va merge pe traseul str. Isaccei \u2013 str. Unirii \u2013 str. Babadag \u2013 str. Dobrogeanu Gherea \u2013 str. P\u0103cii \u2013 Pia\u0163a Civic\u0103. Festivitatea de deschidere va avea loc la ora 18.30 \u00een Pia\u0163a Civic\u0103, fiind urmat de spectacolul \u2013 concurs la ora 19.30 pe scena din Pia\u0163a Civic\u0103. Duminic\u0103 \u015fi luni, la ora 18.30 vor fi organizate spectacole folclorice pe Faleza \u201eIvan Patzachin\u201d, iar de la 19.30 se vor desf\u0103\u015fura spectacolele \u2013 concurs \u00een Pia\u0163a Civic\u0103. Festivitatea de premiere \u015fi spectacolul de gal\u0103 va avea loc mar\u0163i de la ora 19.30 \u00een Pia\u0163a Civic\u0103.<\/p>\n<blockquote>\n<p><img loading=\"lazy\" decoding=\"async\" class=\"size-medium wp-image-37510 alignleft\" src=\"https:\/\/ziaruldelta.ro\/wp-content\/uploads\/2026\/07\/Tulcea-devine-2-340x610.jpg\" alt width=\"340\" height=\"610\">\u201eDesf\u0103\u015furat din 1992 \u00eencoace, cu o \u00eentrerupere de doi ani \u00een pandemie, festivalul \u00eempline\u015fte 32 de edi\u0163ii. E o longevitate pentru care le mul\u0163umesc tuturor celor care, de-a lungul anilor, au avut grij\u0103 ca evenimentul s\u0103 se \u00eent\u00e2mple \u015fi s\u0103 sporeasc\u0103 valoric. (\u2026) Publicul tulcean a devenit din ce \u00een ce mai preten\u0163ios \u015fi mai deschis c\u0103tre diversitate cultural\u0103\u201d, a transmis prof. Aurelian Croitoru, managerul Ansamblului Artistic Profesionist \u201eBaladele Deltei\u201d.<\/p>\n<\/blockquote>\n<p>\u015ei anul acesta, pre\u015fedintele juriului va fi Petre \u015eu\u015fu, maestru coregraf \u015fi manager al Ansamblului Artistic Profesionist \u201eConstantin Arvinte\u201d al Consiliului Jude\u0163ean Ia\u015fi, iar membrii care vor asigura jurizarea sunt urm\u0103torii: Laura Felea \u2013 director al Palatului Copiilor Tulcea, Ioan Simionca \u2013 maestru coregraf \u015fi specialist \u00een comunicare-Bistri\u0163a, Liliana Maria Vlase \u2013 manager al Ansamblului Folcloric Profesionist \u201eBusuiocul\u201d \u2013 Bac\u0103u \u015fi Ionel Garoaf\u0103 \u2013 \u015fef sec\u0163ie dans al Ansamblului de Dans Popular \u2013 \u201eMaria T\u0103nase\u201d al Centrului Jude\u0163ean de Cultur\u0103 \u015fi Art\u0103 Dolj.<\/p>\n<p>Evenimentul este organizat de Prim\u0103ria Municipiului Tulcea, Ansamblul Artistic Profesionist \u201eBaladele Deltei\u201d, Consiliul Jude\u0163ean Tulcea, Ministerul Educa\u0163iei \u015fi Cercet\u0103rii, Inspectoratul \u015ecolar Jude\u0163ean Tulcea \u015fi Palatul Copiilor Tulcea.<\/p>\n<p>Anul trecut, marele premiu a fost c\u00e2\u015ftigat de Ansamblul Folcloric \u201eDanubius\u201d Tulcea.<\/p>\n<p>\u00a0<\/p>\n<\/div>\n<\/div>\n<div class=\"post-footer\">\n<div class=\"social-icons ed-social-share-icons\">\n<p class=\"share-title\">Share:<\/p>\n<\/div>\n<div class=\"rating-stars\">\n<p id=\"rate-title\" class=\"rate-title\">Rate:<\/p>\n<\/div>\n<\/div>\n<\/article>\n<div class=\"post-content entry-content\">\n<p>Ca \u00een fiecare an, \u00een august, municipiul Tulcea devine, timp de patru zile, capitala folclorului interna\u0163ional.\u00a0 Festivalul-Concurs Interna\u0163ional de Folclor \u201ePe\u015fti\u015forul de Aur\u201d, singurul festival de folclor pentru copii din Rom\u00e2nia inclus \u00een calendarul Consiliului Interna\u0163ional de Organizare a Festivalurilor de Folclor al UNESCO, revine cu cea de-a XXXII-a edi\u0163ie, care se va desf\u0103\u015fura \u00een perioada 7-12 august. Evenimentul aduce pe scena din Pia\u0163a Civic\u0103 \u015fi pe Faleza \u201eIvan Patzaichin\u201d nu mai pu\u0163in de 25 de ansambluri din \u0163ar\u0103 \u015fi din str\u0103in\u0103tate. De peste hotare vor veni opt ansambluri din Republica Moldova, Bulgaria, Turcia, Mexic, Spania, Macedonia, Ucraina \u015fi Georgia. Din Rom\u00e2nia vor participa urm\u0103toarele ansambluri: Ansamblul Folcloric \u201eDoina Arge\u015fului\u201d \u2013 Arge\u015f, Ansamblul Folcloric \u201eFiricel de Busuioc\u201d \u2013 Bac\u0103u, Ansamblul Folcloric \u201eCri\u015fana\u201d \u2013 Bihor, Ansamblul Folcloric \u201ePoieni\u0163a\u201d \u2013 Bra\u015fov, Ansamblul Folcloric \u201eMugura\u015ful\u201d \u2013 Br\u0103ila, Ansamblul Folcloric \u201eMo\u015ftenirea\u201d \u2013 Cluj, Ansamblul Artistic \u201eFlorile Moldovei\u201d -Ia\u015fi, Ansamblul Folcloric \u201ePlaiurile S\u00e2mbure\u015ftiului\u201d \u2013 Olt, Ansamblul Folcloric \u201eCiob\u0103na\u015ful\u201d \u2013 Suceava \u015fi Fanfara \u201eRotaria\u201d \u2013 Vaslui. Din jude\u0163ul Tulcea vor participa \u015fapte ansambluri, \u015fi anume: Ansamblul Folcloric \u201eDorule\u0163ul\u201d, Ansamblul Folcloric \u201eDanubius\u201d, Ansamblul Folcloric \u201eGhiocel de la Luncavi\u0163a\u201d \u2013 Luncavi\u0163a, Ansamblul Folcloric \u201eAlti\u0163e Dobrogene\u201d \u2013 Jijila, Ansamblul Folcloric \u201ePlai de Dor\u201d \u2013 Niculi\u0163el, Ansamblul Folcloric \u201eFlori de Cimbri\u015for\u201d \u2013 Isaccea \u015fi Ansamblul Folcloric \u201eMl\u0103di\u0163e Dobrogene\u201d \u2013 V\u0103c\u0103reni.<\/p>\n<p>Festivalul \u00eencepe, s\u00e2mb\u0103t\u0103, pe 8 august, la ora 18.00, cu parada portului \u015fi dansului popular ce va porni de la Biblioteca Jude\u0163ean\u0103 \u201ePanait Cerna\u201d \u015fi va merge pe traseul str. Isaccei \u2013 str. Unirii \u2013 str. Babadag \u2013 str. Dobrogeanu Gherea \u2013 str. P\u0103cii \u2013 Pia\u0163a Civic\u0103. Festivitatea de deschidere va avea loc la ora 18.30 \u00een Pia\u0163a Civic\u0103, fiind urmat de spectacolul \u2013 concurs la ora 19.30 pe scena din Pia\u0163a Civic\u0103. Duminic\u0103 \u015fi luni, la ora 18.30 vor fi organizate spectacole folclorice pe Faleza \u201eIvan Patzachin\u201d, iar de la 19.30 se vor desf\u0103\u015fura spectacolele \u2013 concurs \u00een Pia\u0163a Civic\u0103. Festivitatea de premiere \u015fi spectacolul de gal\u0103 va avea loc mar\u0163i de la ora 19.30 \u00een Pia\u0163a Civic\u0103.<\/p>\n<blockquote>\n<p><img loading=\"lazy\" decoding=\"async\" class=\"size-medium wp-image-37510 alignleft\" src=\"https:\/\/ziaruldelta.ro\/wp-content\/uploads\/2026\/07\/Tulcea-devine-2-340x610.jpg\" alt width=\"340\" height=\"610\">\u201eDesf\u0103\u015furat din 1992 \u00eencoace, cu o \u00eentrerupere de doi ani \u00een pandemie, festivalul \u00eempline\u015fte 32 de edi\u0163ii. E o longevitate pentru care le mul\u0163umesc tuturor celor care, de-a lungul anilor, au avut grij\u0103 ca evenimentul s\u0103 se \u00eent\u00e2mple \u015fi s\u0103 sporeasc\u0103 valoric. (\u2026) Publicul tulcean a devenit din ce \u00een ce mai preten\u0163ios \u015fi mai deschis c\u0103tre diversitate cultural\u0103\u201d, a transmis prof. Aurelian Croitoru, managerul Ansamblului Artistic Profesionist \u201eBaladele Deltei\u201d.<\/p>\n<\/blockquote>\n<p>\u015ei anul acesta, pre\u015fedintele juriului va fi Petre \u015eu\u015fu, maestru coregraf \u015fi manager al Ansamblului Artistic Profesionist \u201eConstantin Arvinte\u201d al Consiliului Jude\u0163ean Ia\u015fi, iar membrii care vor asigura jurizarea sunt urm\u0103torii: Laura Felea \u2013 director al Palatului Copiilor Tulcea, Ioan Simionca \u2013 maestru coregraf \u015fi specialist \u00een comunicare-Bistri\u0163a, Liliana Maria Vlase \u2013 manager al Ansamblului Folcloric Profesionist \u201eBusuiocul\u201d \u2013 Bac\u0103u \u015fi Ionel Garoaf\u0103 \u2013 \u015fef sec\u0163ie dans al Ansamblului de Dans Popular \u2013 \u201eMaria T\u0103nase\u201d al Centrului Jude\u0163ean de Cultur\u0103 \u015fi Art\u0103 Dolj.<\/p>\n<p>Evenimentul este organizat de Prim\u0103ria Municipiului Tulcea, Ansamblul Artistic Profesionist \u201eBaladele Deltei\u201d, Consiliul Jude\u0163ean Tulcea, Ministerul Educa\u0163iei \u015fi Cercet\u0103rii, Inspectoratul \u015ecolar Jude\u0163ean Tulcea \u015fi Palatul Copiilor Tulcea.<\/p>\n<p>Anul trecut, marele premiu a fost c\u00e2\u015ftigat de Ansamblul Folcloric \u201eDanubius\u201d Tulcea.<\/p>\n<p>\u00a0<\/p>\n<\/div>\n<div class=\"post-content entry-content\">\n<p>Ca \u00een fiecare an, \u00een august, municipiul Tulcea devine, timp de patru zile, capitala folclorului interna\u0163ional.\u00a0 Festivalul-Concurs Interna\u0163ional de Folclor \u201ePe\u015fti\u015forul de Aur\u201d, singurul festival de folclor pentru copii din Rom\u00e2nia inclus \u00een calendarul Consiliului Interna\u0163ional de Organizare a Festivalurilor de Folclor al UNESCO, revine cu cea de-a XXXII-a edi\u0163ie, care se va desf\u0103\u015fura \u00een perioada 7-12 august. Evenimentul aduce pe scena din Pia\u0163a Civic\u0103 \u015fi pe Faleza \u201eIvan Patzaichin\u201d nu mai pu\u0163in de 25 de ansambluri din \u0163ar\u0103 \u015fi din str\u0103in\u0103tate. De peste hotare vor veni opt ansambluri din Republica Moldova, Bulgaria, Turcia, Mexic, Spania, Macedonia, Ucraina \u015fi Georgia. Din Rom\u00e2nia vor participa urm\u0103toarele ansambluri: Ansamblul Folcloric \u201eDoina Arge\u015fului\u201d \u2013 Arge\u015f, Ansamblul Folcloric \u201eFiricel de Busuioc\u201d \u2013 Bac\u0103u, Ansamblul Folcloric \u201eCri\u015fana\u201d \u2013 Bihor, Ansamblul Folcloric \u201ePoieni\u0163a\u201d \u2013 Bra\u015fov, Ansamblul Folcloric \u201eMugura\u015ful\u201d \u2013 Br\u0103ila, Ansamblul Folcloric \u201eMo\u015ftenirea\u201d \u2013 Cluj, Ansamblul Artistic \u201eFlorile Moldovei\u201d -Ia\u015fi, Ansamblul Folcloric \u201ePlaiurile S\u00e2mbure\u015ftiului\u201d \u2013 Olt, Ansamblul Folcloric \u201eCiob\u0103na\u015ful\u201d \u2013 Suceava \u015fi Fanfara \u201eRotaria\u201d \u2013 Vaslui. Din jude\u0163ul Tulcea vor participa \u015fapte ansambluri, \u015fi anume: Ansamblul Folcloric \u201eDorule\u0163ul\u201d, Ansamblul Folcloric \u201eDanubius\u201d, Ansamblul Folcloric \u201eGhiocel de la Luncavi\u0163a\u201d \u2013 Luncavi\u0163a, Ansamblul Folcloric \u201eAlti\u0163e Dobrogene\u201d \u2013 Jijila, Ansamblul Folcloric \u201ePlai de Dor\u201d \u2013 Niculi\u0163el, Ansamblul Folcloric \u201eFlori de Cimbri\u015for\u201d \u2013 Isaccea \u015fi Ansamblul Folcloric \u201eMl\u0103di\u0163e Dobrogene\u201d \u2013 V\u0103c\u0103reni.<\/p>\n<p>Festivalul \u00eencepe, s\u00e2mb\u0103t\u0103, pe 8 august, la ora 18.00, cu parada portului \u015fi dansului popular ce va porni de la Biblioteca Jude\u0163ean\u0103 \u201ePanait Cerna\u201d \u015fi va merge pe traseul str. Isaccei \u2013 str. Unirii \u2013 str. Babadag \u2013 str. Dobrogeanu Gherea \u2013 str. P\u0103cii \u2013 Pia\u0163a Civic\u0103. Festivitatea de deschidere va avea loc la ora 18.30 \u00een Pia\u0163a Civic\u0103, fiind urmat de spectacolul \u2013 concurs la ora 19.30 pe scena din Pia\u0163a Civic\u0103. Duminic\u0103 \u015fi luni, la ora 18.30 vor fi organizate spectacole folclorice pe Faleza \u201eIvan Patzachin\u201d, iar de la 19.30 se vor desf\u0103\u015fura spectacolele \u2013 concurs \u00een Pia\u0163a Civic\u0103. Festivitatea de premiere \u015fi spectacolul de gal\u0103 va avea loc mar\u0163i de la ora 19.30 \u00een Pia\u0163a Civic\u0103.<\/p>\n<blockquote>\n<p><img loading=\"lazy\" decoding=\"async\" class=\"size-medium wp-image-37510 alignleft\" src=\"https:\/\/ziaruldelta.ro\/wp-content\/uploads\/2026\/07\/Tulcea-devine-2-340x610.jpg\" alt width=\"340\" height=\"610\">\u201eDesf\u0103\u015furat din 1992 \u00eencoace, cu o \u00eentrerupere de doi ani \u00een pandemie, festivalul \u00eempline\u015fte 32 de edi\u0163ii. E o longevitate pentru care le mul\u0163umesc tuturor celor care, de-a lungul anilor, au avut grij\u0103 ca evenimentul s\u0103 se \u00eent\u00e2mple \u015fi s\u0103 sporeasc\u0103 valoric. (\u2026) Publicul tulcean a devenit din ce \u00een ce mai preten\u0163ios \u015fi mai deschis c\u0103tre diversitate cultural\u0103\u201d, a transmis prof. Aurelian Croitoru, managerul Ansamblului Artistic Profesionist \u201eBaladele Deltei\u201d.<\/p>\n<\/blockquote>\n<p>\u015ei anul acesta, pre\u015fedintele juriului va fi Petre \u015eu\u015fu, maestru coregraf \u015fi manager al Ansamblului Artistic Profesionist \u201eConstantin Arvinte\u201d al Consiliului Jude\u0163ean Ia\u015fi, iar membrii care vor asigura jurizarea sunt urm\u0103torii: Laura Felea \u2013 director al Palatului Copiilor Tulcea, Ioan Simionca \u2013 maestru coregraf \u015fi specialist \u00een comunicare-Bistri\u0163a, Liliana Maria Vlase \u2013 manager al Ansamblului Folcloric Profesionist \u201eBusuiocul\u201d \u2013 Bac\u0103u \u015fi Ionel Garoaf\u0103 \u2013 \u015fef sec\u0163ie dans al Ansamblului de Dans Popular \u2013 \u201eMaria T\u0103nase\u201d al Centrului Jude\u0163ean de Cultur\u0103 \u015fi Art\u0103 Dolj.<\/p>\n<p>Evenimentul este organizat de Prim\u0103ria Municipiului Tulcea, Ansamblul Artistic Profesionist \u201eBaladele Deltei\u201d, Consiliul Jude\u0163ean Tulcea, Ministerul Educa\u0163iei \u015fi Cercet\u0103rii, Inspectoratul \u015ecolar Jude\u0163ean Tulcea \u015fi Palatul Copiilor Tulcea.<\/p>\n<p>Anul trecut, marele premiu a fost c\u00e2\u015ftigat de Ansamblul Folcloric \u201eDanubius\u201d Tulcea.<\/p>\n<p>\u00a0<\/p>\n<\/div>\n<p>[analyse_source url=&#8221;https:\/\/ziaruldelta.ro\/2026\/07\/17\/tulcea-devine-capitala-folclorului-international-festivalul-pestisorul-de-aur-aduce-traditia-in-inima-orasului\/&#8221;]<\/p>\n","protected":false},"excerpt":{"rendered":"<p>[analyse_image type=&#8221;featured&#8221; src=&#8221;https:\/\/ziaruldelta.ro\/wp-content\/uploads\/2026\/07\/Tulcea-devine-e1784209274612.jpg&#8221;] Tulcea devine capitala folclorului interna\u0163ional: Festivalul \u201ePe\u015fti\u015forul de Aur\u201d aduce tradi\u0163ia \u00een inima ora\u015fului Posted by Claudia Ionescu | Jul 17, 2026 | Eveniment | Ca \u00een fiecare an, \u00een august, municipiul Tulcea devine, timp de patru zile, capitala folclorului interna\u0163ional.\u00a0 Festivalul-Concurs Interna\u0163ional de Folclor \u201ePe\u015fti\u015forul de Aur\u201d, singurul festival de folclor [&hellip;]<\/p>\n","protected":false},"author":1,"featured_media":0,"comment_status":"open","ping_status":"","sticky":false,"template":"","format":"standard","meta":{"footnotes":""},"categories":[89],"tags":[226,206],"class_list":["post-2048145","post","type-post","status-publish","format-standard","hentry","category-romania","tag-crawlmanager","tag-ziaruldelta-ro"],"_links":{"self":[{"href":"https:\/\/analyse.optim.biz\/index.php?rest_route=\/wp\/v2\/posts\/2048145","targetHints":{"allow":["GET"]}}],"collection":[{"href":"https:\/\/analyse.optim.biz\/index.php?rest_route=\/wp\/v2\/posts"}],"about":[{"href":"https:\/\/analyse.optim.biz\/index.php?rest_route=\/wp\/v2\/types\/post"}],"author":[{"embeddable":true,"href":"https:\/\/analyse.optim.biz\/index.php?rest_route=\/wp\/v2\/users\/1"}],"replies":[{"embeddable":true,"href":"https:\/\/analyse.optim.biz\/index.php?rest_route=%2Fwp%2Fv2%2Fcomments&post=2048145"}],"version-history":[{"count":0,"href":"https:\/\/analyse.optim.biz\/index.php?rest_route=\/wp\/v2\/posts\/2048145\/revisions"}],"wp:attachment":[{"href":"https:\/\/analyse.optim.biz\/index.php?rest_route=%2Fwp%2Fv2%2Fmedia&parent=2048145"}],"wp:term":[{"taxonomy":"category","embeddable":true,"href":"https:\/\/analyse.optim.biz\/index.php?rest_route=%2Fwp%2Fv2%2Fcategories&post=2048145"},{"taxonomy":"post_tag","embeddable":true,"href":"https:\/\/analyse.optim.biz\/index.php?rest_route=%2Fwp%2Fv2%2Ftags&post=2048145"}],"curies":[{"name":"wp","href":"https:\/\/api.w.org\/{rel}","templated":true}]}}