{"id":2048143,"date":"2026-07-17T07:25:29","date_gmt":"2026-07-17T04:25:29","guid":{"rendered":"https:\/\/analyse.optim.biz\/?p=2048143"},"modified":"2026-07-17T07:25:29","modified_gmt":"2026-07-17T04:25:29","slug":"gard-amplasat-fara-acte-in-zona-lacului-balaurul-demolat-de-primaria-timisoara-foto","status":"publish","type":"post","link":"https:\/\/analyse.optim.biz\/?p=2048143","title":{"rendered":"Gard amplasat fara acte in zona Lacului Balaurul, demolat de Primaria Timisoara FOTO"},"content":{"rendered":"<p>[analyse_image type=&#8221;featured&#8221; src=&#8221;http:\/\/www.banatulmeu.ro\/wp-content\/uploads\/2026\/07\/747807924_1726213995081184_5722114740213593176_n-e1784280424220.jpg&#8221;]<\/p>\n<div class=\"post-content-bd\">\n<p>Noi demol\u0103ri l\u00e2ng\u0103 Lacul Balaurul din zona D\u00e2mbovi\u0163a din Timi\u015foara. Prim\u0103ria anun\u0163\u0103 c\u0103 intervine pentru a pune la p\u0103m\u00e2nt un gard amplasat f\u0103r\u0103 acte pe domeniul public al ora\u015fului.<\/p>\n<p><em>\u201cAst\u0103zi, echipele contractate de noi au \u00eenceput demolarea unui gard amplasat f\u0103r\u0103 acte pe domeniul public, care restric\u021biona accesul la terenul de 12 hectare de l\u00e2ng\u0103 Lacul Balaurul, unde am finalizat recent o ampl\u0103 ac\u021biune de ecologizare. Gardul delimita viitoarea zon\u0103 verde de strada Banatul \u0219i \u00eengreuna accesul locuitorilor din cartierul Freidorf. Fiind o construc\u021bie ridicat\u0103 ilegal pe domeniul public, ne a\u0219teptam ca interven\u021bia s\u0103 se desf\u0103\u0219oare f\u0103r\u0103 probleme. \u00cen plus, p\u00e2n\u0103 ast\u0103zi nu fusese identificat beneficiarul c\u0103ruia s\u0103 \u00eei fie imputate costurile demol\u0103rii<\/em>\u201c, a transmis Prim\u0103ria Timi\u015foara.<\/p>\n<p>Institu\u0163ia informeaz\u0103 c\u0103, beneficiarul s-a prezentat chiar \u00een timpul interven\u021biei. Este vorba de reprezentantul firmei care a construit f\u0103r\u0103 autoriza\u021bie terasa de l\u00e2ng\u0103 Lacul Balaurul, pe teren public.<\/p>\n<p><em>\u201cDup\u0103 ce am c\u00e2\u0219tigat definitiv procesul \u00een instan\u021b\u0103, terasa a fost desfiin\u021bat\u0103, \u00eens\u0103 ulterior a fost construit\u0103 din nou, tot f\u0103r\u0103 autoriza\u021bie, iar noi am fost nevoi\u021bi s\u0103 o demol\u0103m din nou. \u0218i a doua oar\u0103 am c\u00e2\u0219tigat \u00een prim\u0103 instan\u021b\u0103. Continu\u0103m s\u0103 eliber\u0103m domeniul public de construc\u021bii ilegale \u0219i s\u0103 red\u0103m timi\u0219orenilor spa\u021biile care le apar\u021bin<\/em>\u201c, a precizat Prim\u0103ria Timi\u015foara.<\/p>\n<div id=\"gallery-1\" class=\"gallery galleryid-187934 gallery-columns-3 gallery-size-thumbnail\">\n<figure class=\"gallery-item\">\n<div class=\"gallery-icon landscape\"><a href=\"https:\/\/www.banatulmeu.ro\/wp-content\/uploads\/2026\/07\/748306999_1378664250862030_6142294357000953709_n-e1784280388227.jpg\"><img loading=\"lazy\" decoding=\"async\" width=\"150\" height=\"150\" src=\"https:\/\/www.banatulmeu.ro\/wp-content\/uploads\/2026\/07\/748306999_1378664250862030_6142294357000953709_n-150x150.jpg\" class=\"attachment-thumbnail size-thumbnail\" alt><img loading=\"lazy\" decoding=\"async\" width=\"150\" height=\"150\" src=\"https:\/\/www.banatulmeu.ro\/wp-content\/uploads\/2026\/07\/748306999_1378664250862030_6142294357000953709_n-150x150.jpg\" class=\"attachment-thumbnail size-thumbnail\" alt><\/a><\/div>\n<\/figure>\n<figure class=\"gallery-item\">\n<div class=\"gallery-icon portrait\"><a href=\"https:\/\/www.banatulmeu.ro\/wp-content\/uploads\/2026\/07\/748216076_896517666229690_4737841769333986655_n-e1784280371992.jpg\"><img loading=\"lazy\" decoding=\"async\" width=\"150\" height=\"150\" src=\"https:\/\/www.banatulmeu.ro\/wp-content\/uploads\/2026\/07\/748216076_896517666229690_4737841769333986655_n-150x150.jpg\" class=\"attachment-thumbnail size-thumbnail\" alt><img loading=\"lazy\" decoding=\"async\" width=\"150\" height=\"150\" src=\"https:\/\/www.banatulmeu.ro\/wp-content\/uploads\/2026\/07\/748216076_896517666229690_4737841769333986655_n-150x150.jpg\" class=\"attachment-thumbnail size-thumbnail\" alt><\/a><\/div>\n<\/figure>\n<figure class=\"gallery-item\">\n<div class=\"gallery-icon landscape\"><a href=\"https:\/\/www.banatulmeu.ro\/wp-content\/uploads\/2026\/07\/748874117_1455935816560364_510053832235824327_n-e1784280356508.jpg\"><img loading=\"lazy\" decoding=\"async\" width=\"150\" height=\"150\" src=\"https:\/\/www.banatulmeu.ro\/wp-content\/uploads\/2026\/07\/748874117_1455935816560364_510053832235824327_n-150x150.jpg\" class=\"attachment-thumbnail size-thumbnail\" alt><img decoding=\"async\" loading=\"lazy\" width=\"150\" height=\"150\" src=\"https:\/\/www.banatulmeu.ro\/wp-content\/uploads\/2026\/07\/748874117_1455935816560364_510053832235824327_n-150x150.jpg\" class=\"attachment-thumbnail size-thumbnail\" alt><\/a><\/div>\n<\/figure>\n<\/div>\n<\/div>\n<p>[analyse_source url=&#8221;https:\/\/www.banatulmeu.ro\/gard-amplasat-fara-acte-in-zona-lacului-balaurul-demolat-de-primaria-timisoara-foto\/&#8221;]<\/p>\n","protected":false},"excerpt":{"rendered":"<p>[analyse_image type=&#8221;featured&#8221; src=&#8221;http:\/\/www.banatulmeu.ro\/wp-content\/uploads\/2026\/07\/747807924_1726213995081184_5722114740213593176_n-e1784280424220.jpg&#8221;] Noi demol\u0103ri l\u00e2ng\u0103 Lacul Balaurul din zona D\u00e2mbovi\u0163a din Timi\u015foara. Prim\u0103ria anun\u0163\u0103 c\u0103 intervine pentru a pune la p\u0103m\u00e2nt un gard amplasat f\u0103r\u0103 acte pe domeniul public al ora\u015fului. \u201cAst\u0103zi, echipele contractate de noi au \u00eenceput demolarea unui gard amplasat f\u0103r\u0103 acte pe domeniul public, care restric\u021biona accesul la terenul de 12 [&hellip;]<\/p>\n","protected":false},"author":1,"featured_media":0,"comment_status":"open","ping_status":"","sticky":false,"template":"","format":"standard","meta":{"footnotes":""},"categories":[89],"tags":[204,226],"class_list":["post-2048143","post","type-post","status-publish","format-standard","hentry","category-romania","tag-banatulmeu-ro","tag-crawlmanager"],"_links":{"self":[{"href":"https:\/\/analyse.optim.biz\/index.php?rest_route=\/wp\/v2\/posts\/2048143","targetHints":{"allow":["GET"]}}],"collection":[{"href":"https:\/\/analyse.optim.biz\/index.php?rest_route=\/wp\/v2\/posts"}],"about":[{"href":"https:\/\/analyse.optim.biz\/index.php?rest_route=\/wp\/v2\/types\/post"}],"author":[{"embeddable":true,"href":"https:\/\/analyse.optim.biz\/index.php?rest_route=\/wp\/v2\/users\/1"}],"replies":[{"embeddable":true,"href":"https:\/\/analyse.optim.biz\/index.php?rest_route=%2Fwp%2Fv2%2Fcomments&post=2048143"}],"version-history":[{"count":0,"href":"https:\/\/analyse.optim.biz\/index.php?rest_route=\/wp\/v2\/posts\/2048143\/revisions"}],"wp:attachment":[{"href":"https:\/\/analyse.optim.biz\/index.php?rest_route=%2Fwp%2Fv2%2Fmedia&parent=2048143"}],"wp:term":[{"taxonomy":"category","embeddable":true,"href":"https:\/\/analyse.optim.biz\/index.php?rest_route=%2Fwp%2Fv2%2Fcategories&post=2048143"},{"taxonomy":"post_tag","embeddable":true,"href":"https:\/\/analyse.optim.biz\/index.php?rest_route=%2Fwp%2Fv2%2Ftags&post=2048143"}],"curies":[{"name":"wp","href":"https:\/\/api.w.org\/{rel}","templated":true}]}}