{"id":2048139,"date":"2026-07-16T00:00:00","date_gmt":"2026-07-15T21:00:00","guid":{"rendered":"https:\/\/analyse.optim.biz\/?p=2048139"},"modified":"2026-07-16T00:00:00","modified_gmt":"2026-07-15T21:00:00","slug":"etnofest-eveniment-dedicat-promovarii-traditiilor-si-obiceiurilor-comunitatilor-etnice-din-judet","status":"publish","type":"post","link":"https:\/\/analyse.optim.biz\/?p=2048139","title":{"rendered":"\u201eEtnoFest\u201d, eveniment dedicat promov\u0103rii tradi\u021biilor \u0219i obiceiurilor comunit\u0103\u021bilor etnice din jude\u021b"},"content":{"rendered":"<p>[analyse_image type=&#8221;featured&#8221; src=&#8221;https:\/\/ziaruldetulcea.ro\/wp-content\/uploads\/2026\/07\/f09dea1d-7652-4b30-b2ea-edd8ffeb23bb-543&#215;300.jpeg&#8221;]<\/p>\n<div class=\"post\">\n<p><span><img loading=\"lazy\" decoding=\"async\" class=\"alignleft size-full wp-image-43837\" src=\"https:\/\/ziaruldetulcea.ro\/wp-content\/uploads\/2026\/07\/f09dea1d-7652-4b30-b2ea-edd8ffeb23bb.jpeg\" alt width=\"543\" height=\"405\">Consiliul Jude\u021bean al Elevilor Tulcea organizeaz\u0103 \u00een data de 19 iulie <\/span><span>2026, \u00eencep\u00e2nd cu ora 18:00, \u00een Pia\u021ba Civic\u0103 din municipiul Tulcea, <\/span><span>evenimentul \u201eEtnoFest\u201d, dedicat promov\u0103rii tradi\u021biilor \u0219i obiceiurilor<\/span><br \/><span>comunit\u0103\u021bilor etnice din jude\u021b.<\/span><\/p>\n<p><span>Evenimentul \u00ee\u0219i propune s\u0103 aduc\u0103 \u00een prim-plan bog\u0103\u021bia cultural\u0103 a zonei <\/span><span>prin momente artistice sus\u021binute de ansambluri \u0219i reprezentan\u021bi ai <\/span><span>diferitelor comunit\u0103\u021bi, contribuind la consolidarea dialogului<\/span><br \/><span>intercultural \u0219i la promovarea diversit\u0103\u021bii \u00een r\u00e2ndul tinerilor.<\/span><\/p>\n<p><span>Participan\u021bii vor avea ocazia s\u0103 descopere elemente specifice <\/span><span>patrimoniului cultural local, prin spectacole \u0219i prezent\u0103ri artistice cu<\/span><br \/><span>o durat\u0103 de aproximativ 10\u201315 minute, menite s\u0103 reflecte identitatea <\/span><span>cultural\u0103 a fiec\u0103rei comunit\u0103\u021bi reprezentate.<\/span><\/p>\n<p><span>\u201eEtnoFest este un eveniment prin care dorim s\u0103 eviden\u021biem faptul c\u0103 <\/span><span>diversitatea cultural\u0103 reprezint\u0103 o resurs\u0103 valoroas\u0103 pentru comunitatea <\/span><span>noastr\u0103. Prin implicarea tinerilor \u0219i a ansamblurilor participante, ne<\/span><br \/><span>propunem s\u0103 cre\u0103m un spa\u021biu de dialog, respect \u0219i apreciere reciproc\u0103\u201d, <\/span><span>a transmis Consiliului Jude\u021bean al Elevilor Tulcea.<\/span><\/p>\n<p><span>Organizatorii invit\u0103 publicul tulcean s\u0103 participe la aceast\u0103 <\/span><span>manifestare cultural\u0103 \u0219i s\u0103 sus\u021bin\u0103 promovarea patrimoniului etnic \u0219i a<\/span><br \/><span>valorilor interculturale ale jude\u021bului.<\/span><\/p>\n<\/div>\n<p>[analyse_source url=&#8221;https:\/\/ziaruldetulcea.ro\/etnofest-eveniment-dedicat-promovarii-traditiilor-si-obiceiurilor-comunitatilor-etnice-din-judet\/&#8221;]<\/p>\n","protected":false},"excerpt":{"rendered":"<p>[analyse_image type=&#8221;featured&#8221; src=&#8221;https:\/\/ziaruldetulcea.ro\/wp-content\/uploads\/2026\/07\/f09dea1d-7652-4b30-b2ea-edd8ffeb23bb-543&#215;300.jpeg&#8221;] Consiliul Jude\u021bean al Elevilor Tulcea organizeaz\u0103 \u00een data de 19 iulie 2026, \u00eencep\u00e2nd cu ora 18:00, \u00een Pia\u021ba Civic\u0103 din municipiul Tulcea, evenimentul \u201eEtnoFest\u201d, dedicat promov\u0103rii tradi\u021biilor \u0219i obiceiurilorcomunit\u0103\u021bilor etnice din jude\u021b. Evenimentul \u00ee\u0219i propune s\u0103 aduc\u0103 \u00een prim-plan bog\u0103\u021bia cultural\u0103 a zonei prin momente artistice sus\u021binute de ansambluri \u0219i reprezentan\u021bi ai [&hellip;]<\/p>\n","protected":false},"author":1,"featured_media":0,"comment_status":"open","ping_status":"","sticky":false,"template":"","format":"standard","meta":{"footnotes":""},"categories":[89],"tags":[226,205],"class_list":["post-2048139","post","type-post","status-publish","format-standard","hentry","category-romania","tag-crawlmanager","tag-ziaruldetulcea-ro"],"_links":{"self":[{"href":"https:\/\/analyse.optim.biz\/index.php?rest_route=\/wp\/v2\/posts\/2048139","targetHints":{"allow":["GET"]}}],"collection":[{"href":"https:\/\/analyse.optim.biz\/index.php?rest_route=\/wp\/v2\/posts"}],"about":[{"href":"https:\/\/analyse.optim.biz\/index.php?rest_route=\/wp\/v2\/types\/post"}],"author":[{"embeddable":true,"href":"https:\/\/analyse.optim.biz\/index.php?rest_route=\/wp\/v2\/users\/1"}],"replies":[{"embeddable":true,"href":"https:\/\/analyse.optim.biz\/index.php?rest_route=%2Fwp%2Fv2%2Fcomments&post=2048139"}],"version-history":[{"count":0,"href":"https:\/\/analyse.optim.biz\/index.php?rest_route=\/wp\/v2\/posts\/2048139\/revisions"}],"wp:attachment":[{"href":"https:\/\/analyse.optim.biz\/index.php?rest_route=%2Fwp%2Fv2%2Fmedia&parent=2048139"}],"wp:term":[{"taxonomy":"category","embeddable":true,"href":"https:\/\/analyse.optim.biz\/index.php?rest_route=%2Fwp%2Fv2%2Fcategories&post=2048139"},{"taxonomy":"post_tag","embeddable":true,"href":"https:\/\/analyse.optim.biz\/index.php?rest_route=%2Fwp%2Fv2%2Ftags&post=2048139"}],"curies":[{"name":"wp","href":"https:\/\/api.w.org\/{rel}","templated":true}]}}