{"id":2048138,"date":"2026-07-17T06:00:07","date_gmt":"2026-07-17T03:00:07","guid":{"rendered":"https:\/\/analyse.optim.biz\/?p=2048138"},"modified":"2026-07-17T06:00:07","modified_gmt":"2026-07-17T03:00:07","slug":"proiect-de-peste-4-milioane-de-lei-pentru-modernizarea-scolii-din-sabangia-ziarul-delta-tulcea","status":"publish","type":"post","link":"https:\/\/analyse.optim.biz\/?p=2048138","title":{"rendered":"Proiect de peste 4 milioane de lei pentru modernizarea \u015fcolii din Sabangia &#8211; Ziarul Delta Tulcea"},"content":{"rendered":"<p>[analyse_image type=&#8221;featured&#8221; src=&#8221;https:\/\/ziaruldelta.ro\/wp-content\/uploads\/2026\/07\/Proiect-de-e1784209389517.jpg&#8221;]<\/p>\n<article id=\"post-37515\" class=\"module single-post-module post-37515 post type-post status-publish format-standard has-post-thumbnail hentry category-politica-administratie et-has-post-format-content et_post_format-et-post-format-standard\">\n<div class=\"post-header\">\n<h1 class=\"entry-title\">Proiect de peste 4 milioane de lei pentru modernizarea \u015fcolii din Sabangia<\/h1>\n<div class=\"post-meta vcard\">\n<p>Posted by <a href=\"https:\/\/ziaruldelta.ro\/author\/claudia-ionescu\/\" class=\"url fn\" title=\"Posts by Claudia Ionescu\" rel=\"author\">Claudia Ionescu<\/a> | <span class=\"updated\">Jul 17, 2026<\/span> | <a href=\"https:\/\/ziaruldelta.ro\/category\/politica-administratie\/\" rel=\"tag\">Politica &#8211; Administratie<\/a> | <\/p>\n<\/div>\n<\/div>\n<div class=\"post-thumbnail header\"><img decoding=\"async\" src=\"https:\/\/ziaruldelta.ro\/wp-content\/uploads\/2026\/07\/Proiect-de-1280x640.jpg\" alt=\"Proiect de peste 4 milioane de lei pentru modernizarea \u015fcolii din Sabangia\"><\/div>\n<div class=\"post-wrap\">\n<div class=\"post-content entry-content\">\n<p>Prim\u0103ria Sarichioi a anun\u0163at c\u0103 \u015fcoala general\u0103 din Sabangia va fi reabilitat\u0103 \u015fi eficientizat\u0103 energetic \u00een baza unui proiect de peste 4 milioane de lei.<\/p>\n<blockquote>\n<p>\u201eToate \u015fcolile din comuna Sarichioi sunt cuprinse \u00een acest mare program, unele au fost finalizate, altele, iat\u0103 sunt \u00een plin proces de implementare a proiectului. Durata de implementare a acestui proiect este de 41 de luni. Obiectivul general al proiectului urm\u0103re\u015fte promovarea eficien\u0163ei energetice \u015fi redu-cerea emisiilor de gaze cu efect de ser\u0103 prin ac\u0163iuni de eficientizare a consumului de energie electric\u0103 \u015fi termic\u0103, contribuind astfel la obiectivele programului privind \u00eembun\u0103t\u0103\u0163irea eficien\u0163ei energetice \u015fi reducerea consumului, respectiv a emisiilor de carbon\u201d, a declarat Vitali Finoghen, primarul comunei Sarichioi.<\/p>\n<\/blockquote>\n<p>Investi\u0163ia este finan\u0163at\u0103 prin Programul Regional Sud-Est 2021-2027, valoarea total\u0103 a proiectului fiind de 4.156.858,57 lei, din care 3.588.975,93 lei reprezint\u0103 finan\u0163are nerambursabil\u0103.<\/p>\n<p>Totodat\u0103, proiectul urm\u0103re\u015fte cre\u015fterea eficien\u0163ei energetice \u015fi gestionarea inteligent\u0103 a energiei pentru \u015fcoal\u0103.<\/p>\n<\/div>\n<\/div>\n<div class=\"post-footer\">\n<div class=\"social-icons ed-social-share-icons\">\n<p class=\"share-title\">Share:<\/p>\n<\/div>\n<div class=\"rating-stars\">\n<p id=\"rate-title\" class=\"rate-title\">Rate:<\/p>\n<\/div>\n<\/div>\n<\/article>\n<div class=\"post-content entry-content\">\n<p>Prim\u0103ria Sarichioi a anun\u0163at c\u0103 \u015fcoala general\u0103 din Sabangia va fi reabilitat\u0103 \u015fi eficientizat\u0103 energetic \u00een baza unui proiect de peste 4 milioane de lei.<\/p>\n<blockquote>\n<p>\u201eToate \u015fcolile din comuna Sarichioi sunt cuprinse \u00een acest mare program, unele au fost finalizate, altele, iat\u0103 sunt \u00een plin proces de implementare a proiectului. Durata de implementare a acestui proiect este de 41 de luni. Obiectivul general al proiectului urm\u0103re\u015fte promovarea eficien\u0163ei energetice \u015fi redu-cerea emisiilor de gaze cu efect de ser\u0103 prin ac\u0163iuni de eficientizare a consumului de energie electric\u0103 \u015fi termic\u0103, contribuind astfel la obiectivele programului privind \u00eembun\u0103t\u0103\u0163irea eficien\u0163ei energetice \u015fi reducerea consumului, respectiv a emisiilor de carbon\u201d, a declarat Vitali Finoghen, primarul comunei Sarichioi.<\/p>\n<\/blockquote>\n<p>Investi\u0163ia este finan\u0163at\u0103 prin Programul Regional Sud-Est 2021-2027, valoarea total\u0103 a proiectului fiind de 4.156.858,57 lei, din care 3.588.975,93 lei reprezint\u0103 finan\u0163are nerambursabil\u0103.<\/p>\n<p>Totodat\u0103, proiectul urm\u0103re\u015fte cre\u015fterea eficien\u0163ei energetice \u015fi gestionarea inteligent\u0103 a energiei pentru \u015fcoal\u0103.<\/p>\n<\/div>\n<div class=\"post-content entry-content\">\n<p>Prim\u0103ria Sarichioi a anun\u0163at c\u0103 \u015fcoala general\u0103 din Sabangia va fi reabilitat\u0103 \u015fi eficientizat\u0103 energetic \u00een baza unui proiect de peste 4 milioane de lei.<\/p>\n<blockquote>\n<p>\u201eToate \u015fcolile din comuna Sarichioi sunt cuprinse \u00een acest mare program, unele au fost finalizate, altele, iat\u0103 sunt \u00een plin proces de implementare a proiectului. Durata de implementare a acestui proiect este de 41 de luni. Obiectivul general al proiectului urm\u0103re\u015fte promovarea eficien\u0163ei energetice \u015fi redu-cerea emisiilor de gaze cu efect de ser\u0103 prin ac\u0163iuni de eficientizare a consumului de energie electric\u0103 \u015fi termic\u0103, contribuind astfel la obiectivele programului privind \u00eembun\u0103t\u0103\u0163irea eficien\u0163ei energetice \u015fi reducerea consumului, respectiv a emisiilor de carbon\u201d, a declarat Vitali Finoghen, primarul comunei Sarichioi.<\/p>\n<\/blockquote>\n<p>Investi\u0163ia este finan\u0163at\u0103 prin Programul Regional Sud-Est 2021-2027, valoarea total\u0103 a proiectului fiind de 4.156.858,57 lei, din care 3.588.975,93 lei reprezint\u0103 finan\u0163are nerambursabil\u0103.<\/p>\n<p>Totodat\u0103, proiectul urm\u0103re\u015fte cre\u015fterea eficien\u0163ei energetice \u015fi gestionarea inteligent\u0103 a energiei pentru \u015fcoal\u0103.<\/p>\n<\/div>\n<p>[analyse_source url=&#8221;https:\/\/ziaruldelta.ro\/2026\/07\/17\/proiect-de-peste-4-milioane-de-lei-pentru-modernizarea-scolii-din-sabangia\/&#8221;]<\/p>\n","protected":false},"excerpt":{"rendered":"<p>[analyse_image type=&#8221;featured&#8221; src=&#8221;https:\/\/ziaruldelta.ro\/wp-content\/uploads\/2026\/07\/Proiect-de-e1784209389517.jpg&#8221;] Proiect de peste 4 milioane de lei pentru modernizarea \u015fcolii din Sabangia Posted by Claudia Ionescu | Jul 17, 2026 | Politica &#8211; Administratie | Prim\u0103ria Sarichioi a anun\u0163at c\u0103 \u015fcoala general\u0103 din Sabangia va fi reabilitat\u0103 \u015fi eficientizat\u0103 energetic \u00een baza unui proiect de peste 4 milioane de lei. \u201eToate \u015fcolile [&hellip;]<\/p>\n","protected":false},"author":1,"featured_media":0,"comment_status":"open","ping_status":"","sticky":false,"template":"","format":"standard","meta":{"footnotes":""},"categories":[89],"tags":[226,206],"class_list":["post-2048138","post","type-post","status-publish","format-standard","hentry","category-romania","tag-crawlmanager","tag-ziaruldelta-ro"],"_links":{"self":[{"href":"https:\/\/analyse.optim.biz\/index.php?rest_route=\/wp\/v2\/posts\/2048138","targetHints":{"allow":["GET"]}}],"collection":[{"href":"https:\/\/analyse.optim.biz\/index.php?rest_route=\/wp\/v2\/posts"}],"about":[{"href":"https:\/\/analyse.optim.biz\/index.php?rest_route=\/wp\/v2\/types\/post"}],"author":[{"embeddable":true,"href":"https:\/\/analyse.optim.biz\/index.php?rest_route=\/wp\/v2\/users\/1"}],"replies":[{"embeddable":true,"href":"https:\/\/analyse.optim.biz\/index.php?rest_route=%2Fwp%2Fv2%2Fcomments&post=2048138"}],"version-history":[{"count":0,"href":"https:\/\/analyse.optim.biz\/index.php?rest_route=\/wp\/v2\/posts\/2048138\/revisions"}],"wp:attachment":[{"href":"https:\/\/analyse.optim.biz\/index.php?rest_route=%2Fwp%2Fv2%2Fmedia&parent=2048138"}],"wp:term":[{"taxonomy":"category","embeddable":true,"href":"https:\/\/analyse.optim.biz\/index.php?rest_route=%2Fwp%2Fv2%2Fcategories&post=2048138"},{"taxonomy":"post_tag","embeddable":true,"href":"https:\/\/analyse.optim.biz\/index.php?rest_route=%2Fwp%2Fv2%2Ftags&post=2048138"}],"curies":[{"name":"wp","href":"https:\/\/api.w.org\/{rel}","templated":true}]}}