{"id":2048130,"date":"2026-07-16T17:23:46","date_gmt":"2026-07-16T14:23:46","guid":{"rendered":"https:\/\/analyse.optim.biz\/?p=2048130"},"modified":"2026-07-16T17:23:46","modified_gmt":"2026-07-16T14:23:46","slug":"noi-replici-acide-intre-dominic-fritz-si-alfred-simonis-seful-psd-timis-am-reactii-favorabile-la-orice-atac-la-adresa-sectantilor-liderul-usr-eu-am-reactii-favorabile-de","status":"publish","type":"post","link":"https:\/\/analyse.optim.biz\/?p=2048130","title":{"rendered":"Noi replici acide \u00eentre Dominic Fritz \u0219i Alfred Simonis. \u0218eful PSD Timi\u0219: \u201eAm reac\u021bii favorabile la orice atac la adresa sectan\u021bilor\u201d. Liderul USR: \u201eEu am reac\u021bii favorabile de c\u00e2nd s-au v\u0103zut rezultatele administra\u021biei mele\u201d"},"content":{"rendered":"<p>[analyse_image type=&#8221;featured&#8221; src=&#8221;http:\/\/www.banatulmeu.ro\/wp-content\/uploads\/2025\/03\/Imagine-WhatsApp-2025-03-13-la-12.49.37_21a5a07f-e1746815184495.jpg&#8221;]<\/p>\n<div class=\"post-content-bd\">\n<p>Schimbul de replici dintre primarul Timi\u0219oarei, Dominic Fritz, \u0219i pre\u0219edintele Consiliului Jude\u021bean Timi\u0219, Alfred Simonis, continu\u0103 dup\u0103 noile atacuri la adresa USR.<\/p>\n<p>Dominic Fritz a reac\u021bionat dup\u0103 apari\u021bia unui mesaj atribuit lui Alfred Simonis \u00eentr-un grup intern al PSD, \u00een care liderul PSD Timi\u0219 sus\u021bine c\u0103 atacurile la adresa USR \u00eei aduc reac\u021bii favorabile inclusiv din partea propriului electorat.<\/p>\n<p>\u00cen mesajul prezentat public de Antena 3 CNN, Simonis afirm\u0103 c\u0103, de c\u00e2nd a \u00eenceput s\u0103 critice USR, inclusiv prin ironiile legate de \u201egalo\u0219i\u201d, reac\u021biile primite sunt pozitive \u0219i c\u0103 o astfel de strategie ar putea contribui la recuperarea unor votan\u021bi care au migrat c\u0103tre AUR.<\/p>\n<p>\u201e<em>Eu vreau s\u0103 v\u0103 spun c\u0103 de c\u00e2nd am \u00eenceput s\u0103 m\u0103 iau de ei, am reac\u021bii favorabile chiar la ei \u00een fief (n.r. USR). Publicul nostru, cel pe care \u00eel avem \u00eenc\u0103, sau cel care a migrat spre AUR, se r\u0103core\u0219te la orice atac la adresa sectan\u021bilor (n.r. USR). \u0218i m\u0103 g\u00e2ndesc c\u0103 vrem s\u0103 recuper\u0103m ceva de la AUR!<\/em>\u201d, se arat\u0103 \u00een mesajul atribuit lui Alfred Simonis, pe un grup intern al PSD.<\/p>\n<p>Replica primarului Timi\u0219oarei nu a \u00eent\u00e2rziat.<\/p>\n<p>Fritz sus\u021bine c\u0103 aprecierea oamenilor nu vine din atacuri politice, ci din rezultatele ob\u021binute \u00een administra\u021bie.<\/p>\n<p>\u201e<em>Zice Fredi Simonis c\u0103 de c\u00e2nd a \u00eenceput s\u0103 se ia de USR (cuv\u00e2ntul magic: galo\u0219ii!) are reac\u021bii favorabile. Eu am reac\u021bii favorabile de c\u00e2nd s-au v\u0103zut rezultatele administra\u021biei mele. Terenuri \u0219i cl\u0103diri recuperate, fonduri europene de aproape 500 milioane de euro, stadionul va fi gata \u00een cur\u00e2nd. Recomand!<\/em>\u201d, a scris Dominic Fritz pe pagina sa de Facebook.<\/p>\n<p>La scurt timp, Alfred Simonis a r\u0103spuns, tot printr-o postare pe Facebook.<\/p>\n<p>\u201e<em>Dominic, apropo de postarea ta de acum c\u00e2teva minute\u2026 De c\u00e2nd am c\u00e2\u0219tigat mandatul de pre\u0219edinte al Consiliului Jude\u021bean Timi\u0219 \u00eencerci s\u0103 te cer\u021bi cu mine. N-am s\u0103 accept nici de data asta. \u00cen schimb, dac\u0103 vrei s\u0103 discut\u0103m despre proiectele Timi\u0219oarei \u0219i ale Timi\u0219ului, despre cum s\u0103 le sus\u021binem \u00eempreun\u0103, sunt aici. Dau tot eu cafeaua. PS: ai uitat s\u0103 spui c\u0103 stadionul Lego se face \u0219i cu banii CJT<\/em>\u201d, a scris Alfred Simonis.<\/p>\n<p>Schimbul de replici este cel mai recent episod al disputelor publice dintre cei doi lideri politici din Timi\u0219, care \u00een ultimele luni \u0219i-au mai adresat critici \u0219i ironii, inclusiv pe tema \u201egalo\u0219ilor\u201d \u0219i a proiectelor de investi\u021bii din jude\u021b.<\/p>\n<\/div>\n<p>[analyse_source url=&#8221;https:\/\/www.banatulmeu.ro\/noi-replici-acide-intre-dominic-fritz-si-alfred-simonis-seful-psd-timis-am-reactii-favorabile-la-orice-atac-la-adresa-sectantilor-liderul-usr-eu-am-reactii-favorabile-de\/&#8221;]<\/p>\n","protected":false},"excerpt":{"rendered":"<p>[analyse_image type=&#8221;featured&#8221; src=&#8221;http:\/\/www.banatulmeu.ro\/wp-content\/uploads\/2025\/03\/Imagine-WhatsApp-2025-03-13-la-12.49.37_21a5a07f-e1746815184495.jpg&#8221;] Schimbul de replici dintre primarul Timi\u0219oarei, Dominic Fritz, \u0219i pre\u0219edintele Consiliului Jude\u021bean Timi\u0219, Alfred Simonis, continu\u0103 dup\u0103 noile atacuri la adresa USR. Dominic Fritz a reac\u021bionat dup\u0103 apari\u021bia unui mesaj atribuit lui Alfred Simonis \u00eentr-un grup intern al PSD, \u00een care liderul PSD Timi\u0219 sus\u021bine c\u0103 atacurile la adresa USR \u00eei aduc [&hellip;]<\/p>\n","protected":false},"author":1,"featured_media":0,"comment_status":"open","ping_status":"","sticky":false,"template":"","format":"standard","meta":{"footnotes":""},"categories":[89],"tags":[204,226],"class_list":["post-2048130","post","type-post","status-publish","format-standard","hentry","category-romania","tag-banatulmeu-ro","tag-crawlmanager"],"_links":{"self":[{"href":"https:\/\/analyse.optim.biz\/index.php?rest_route=\/wp\/v2\/posts\/2048130","targetHints":{"allow":["GET"]}}],"collection":[{"href":"https:\/\/analyse.optim.biz\/index.php?rest_route=\/wp\/v2\/posts"}],"about":[{"href":"https:\/\/analyse.optim.biz\/index.php?rest_route=\/wp\/v2\/types\/post"}],"author":[{"embeddable":true,"href":"https:\/\/analyse.optim.biz\/index.php?rest_route=\/wp\/v2\/users\/1"}],"replies":[{"embeddable":true,"href":"https:\/\/analyse.optim.biz\/index.php?rest_route=%2Fwp%2Fv2%2Fcomments&post=2048130"}],"version-history":[{"count":0,"href":"https:\/\/analyse.optim.biz\/index.php?rest_route=\/wp\/v2\/posts\/2048130\/revisions"}],"wp:attachment":[{"href":"https:\/\/analyse.optim.biz\/index.php?rest_route=%2Fwp%2Fv2%2Fmedia&parent=2048130"}],"wp:term":[{"taxonomy":"category","embeddable":true,"href":"https:\/\/analyse.optim.biz\/index.php?rest_route=%2Fwp%2Fv2%2Fcategories&post=2048130"},{"taxonomy":"post_tag","embeddable":true,"href":"https:\/\/analyse.optim.biz\/index.php?rest_route=%2Fwp%2Fv2%2Ftags&post=2048130"}],"curies":[{"name":"wp","href":"https:\/\/api.w.org\/{rel}","templated":true}]}}