{"id":2048122,"date":"2026-07-17T11:44:22","date_gmt":"2026-07-17T08:44:22","guid":{"rendered":"https:\/\/analyse.optim.biz\/?p=2048122"},"modified":"2026-07-17T11:44:22","modified_gmt":"2026-07-17T08:44:22","slug":"eclipsa-totala-de-soare-din-12-august-2026-unde-va-fi-vizibila-si-ce-se-va-vedea-din-romania","status":"publish","type":"post","link":"https:\/\/analyse.optim.biz\/?p=2048122","title":{"rendered":"Eclipsa total\u0103 de Soare din 12 august 2026: unde va fi vizibil\u0103 \u0219i ce se va vedea din Rom\u00e2nia"},"content":{"rendered":"<p>[analyse_image type=&#8221;featured&#8221; src=&#8221;https:\/\/orasul-timisoara.ro\/wp-content\/uploads\/2026\/07\/eclipsa.jpg&#8221;]<\/p>\n<article id=\"post-39723\" class=\"td-post-template-7 post-39723 post type-post status-publish format-standard has-post-thumbnail category-featured category-stiri-nationale-si-internationale tag-12-august-2026 tag-astronomie tag-eclipsa-de-soare tag-eclipsa-totala tag-fenomen-astronomic tag-islanda tag-luna-2 tag-nasa tag-observare-eclipsa tag-romania-2 tag-spania td-container-wrap\">\n<div class=\"td-full-screen-header-image-wrap\">\n<div class=\"td-container td-post-header\">\n<div class=\"td-crumb-container\">\n<div class=\"entry-crumbs\"><span><a title=\"Vede\u021bi toate articolele \u00een \u0218tiri na\u021bionale \u0219i interna\u021bionale\" class=\"entry-crumb\" href=\"https:\/\/orasul-timisoara.ro\/local-category\/stiri-nationale-si-internationale\/\">\u0218tiri na\u021bionale \u0219i interna\u021bionale<\/a><\/span><span class=\"td-bred-no-url-last\">Eclipsa total\u0103 de Soare din 12 august 2026: unde va fi vizibil\u0103&#8230;<\/span><\/div>\n<\/div>\n<div class=\"td-post-header-holder\">\n<div class=\"td-parallax-header\">\n<header class=\"td-post-title\">\n<ul class=\"td-category\">\n<li class=\"entry-category\"><a href=\"https:\/\/orasul-timisoara.ro\/local-category\/stiri-nationale-si-internationale\/\">\u0218tiri na\u021bionale \u0219i interna\u021bionale<\/a><\/li>\n<\/ul>\n<h1 class=\"entry-title\">Eclipsa total\u0103 de Soare din 12 august 2026: unde va fi vizibil\u0103 \u0219i ce se va vedea din Rom\u00e2nia<\/h1>\n<div class=\"td-module-meta-info\">\n<div class=\"td-post-author-name\">\n<div class=\"td-author-by\">De c\u0103tre<\/div>\n<p><a href=\"https:\/\/orasul-timisoara.ro\/author\/timisoara\/\">redactia<\/a><\/p>\n<div class=\"td-author-line\"> &#8211; <\/div>\n<\/div>\n<p><span class=\"td-post-date\"><time class=\"entry-date updated td-module-date\" datetime=\"2026-07-17T14:44:22+03:00\">17\/07\/2026<\/time><\/span><\/div>\n<\/header>\n<\/div>\n<\/div>\n<\/div>\n<div id=\"td-full-screen-header-image\" class=\"td-image-gradient-style7\"><img decoding=\"async\" class=\"td-backstretch\" src=\"https:\/\/orasul-timisoara.ro\/wp-content\/uploads\/2026\/07\/eclipsa.jpg\"><\/div>\n<\/div>\n<div class=\"td-container\">\n<div class=\"td-pb-row\">\n<div class=\"td-pb-span8 td-main-content\" role=\"main\">\n<div class=\"td-ss-main-content\">\n<div class=\"td-post-sharing-top\">\n<div class=\"td-post-sharing-classic\"><iframe title=\"topFacebookLike\" frameborder src=\"https:\/\/www.facebook.com\/plugins\/like.php?href=https:\/\/orasul-timisoara.ro\/local-39723\/&amp;layout=button_count&amp;show_faces=false&amp;width=105&amp;action=like&amp;colorscheme=light&amp;height=21\"><\/iframe><\/div>\n<div id=\"td_social_sharing_article_top\" class=\"td-post-sharing td-ps-bg td-ps-notext td-post-sharing-style1 \">\n<div class=\"td-post-sharing-visible\"><a class=\"td-social-sharing-button td-social-sharing-button-js td-social-network td-social-facebook\" href=\"https:\/\/www.facebook.com\/sharer.php?u=https%3A%2F%2Forasul-timisoara.ro%2Flocal-39723%2F\" title=\"Facebook\"><\/p>\n<div class=\"td-social-but-text\">Facebook<\/div>\n<p><\/a><a class=\"td-social-sharing-button td-social-sharing-button-js td-social-network td-social-twitter\" href=\"https:\/\/twitter.com\/intent\/tweet?text=Eclipsa+total%C4%83+de+Soare+din+12+august+2026%3A+unde+va+fi+vizibil%C4%83+%C8%99i+ce+se+va+vedea+din+Rom%C3%A2nia&amp;url=https%3A%2F%2Forasul-timisoara.ro%2Flocal-39723%2F&amp;via=orasultm\" title=\"Twitter\"><\/p>\n<div class=\"td-social-but-text\">Twitter<\/div>\n<p><\/a><a class=\"td-social-sharing-button td-social-sharing-button-js td-social-network td-social-whatsapp\" href=\"https:\/\/api.whatsapp.com\/send?text=Eclipsa+total%C4%83+de+Soare+din+12+august+2026%3A+unde+va+fi+vizibil%C4%83+%C8%99i+ce+se+va+vedea+din+Rom%C3%A2nia%20%0A%0A%20https:\/\/orasul-timisoara.ro\/local-39723\/\" title=\"WhatsApp\"><\/p>\n<div class=\"td-social-but-text\">WhatsApp<\/div>\n<p><\/a><a class=\"td-social-sharing-button td-social-sharing-button-js td-social-network td-social-linkedin\" href=\"https:\/\/www.linkedin.com\/shareArticle?mini=true&amp;url=https:\/\/orasul-timisoara.ro\/local-39723\/&amp;title=Eclipsa+total%C4%83+de+Soare+din+12+august+2026%3A+unde+va+fi+vizibil%C4%83+%C8%99i+ce+se+va+vedea+din+Rom%C3%A2nia\" title=\"Linkedin\"><\/p>\n<div class=\"td-social-but-text\">Linkedin<\/div>\n<p><\/a><a class=\"td-social-sharing-button td-social-sharing-button-js td-social-network td-social-reddit\" href=\"https:\/\/reddit.com\/submit?url=https:\/\/orasul-timisoara.ro\/local-39723\/&amp;title=Eclipsa+total%C4%83+de+Soare+din+12+august+2026%3A+unde+va+fi+vizibil%C4%83+%C8%99i+ce+se+va+vedea+din+Rom%C3%A2nia\" title=\"ReddIt\"><\/p>\n<div class=\"td-social-but-text\">ReddIt<\/div>\n<p><\/a><a class=\"td-social-sharing-button td-social-sharing-button-js td-social-network td-social-mail\" href=\"mailto:?subject=Eclipsa%20total%C4%83%20de%20Soare%20din%2012%20august%202026:%20unde%20va%20fi%20vizibil%C4%83%20%C8%99i%20ce%20se%20va%20vedea%20din%20Rom%C3%A2nia&amp;body=https:\/\/orasul-timisoara.ro\/local-39723\/\" title=\"Email\"><\/p>\n<div class=\"td-social-but-text\">Email<\/div>\n<p><\/a><a class=\"td-social-sharing-button td-social-sharing-button-js td-social-network td-social-print\" href=\"https:\/\/orasul-timisoara.ro\/local-39723\/\" title=\"Imprimare\"><\/p>\n<div class=\"td-social-but-text\">Imprimare<\/div>\n<p><\/a><\/div>\n<\/div>\n<\/div>\n<div class=\"td-post-content tagdiv-type\">\n<p class=\"wp-block-paragraph\">Una dintre cele mai spectaculoase eclipse totale de Soare din ultimii ani va avea loc pe 12 august 2026, c\u00e2nd umbra Lunii va traversa regiuni din Arctica \u0219i vestul Europei. Milioane de oameni vor putea admira fenomenul \u00een condi\u021bii ideale din Islanda, nordul Spaniei \u0219i alte zone aflate pe traseul totalit\u0103\u021bii, \u00een timp ce Rom\u00e2nia va vedea doar o eclips\u0103 par\u021bial\u0103, vizibil\u0103 \u00een anumite regiuni \u0219i pentru o perioad\u0103 foarte scurt\u0103.<\/p>\n<p class=\"wp-block-paragraph\">Speciali\u0219tii atrag aten\u021bia c\u0103 observarea eclipsei trebuie f\u0103cut\u0103 doar cu echipamente de protec\u021bie adecvate, deoarece privirea direct\u0103 c\u0103tre Soare poate provoca leziuni permanente ale ochilor.<\/p>\n<h2 class=\"wp-block-heading\">Unde va fi vizibil\u0103 eclipsa total\u0103<\/h2>\n<p class=\"wp-block-paragraph\">Potrivit informa\u021biilor publicate de NASA, umbra Lunii va porni din nordul Siberiei, va traversa Oceanul Arctic \u0219i Atlanticul de Nord, dup\u0103 care va ajunge \u00een vestul Europei.<\/p>\n<p class=\"wp-block-paragraph\">Eclipsa total\u0103 va putea fi urm\u0103rit\u0103 din Groenlanda, vestul Islandei, nordul Spaniei, nordul Rusiei \u0219i dintr-o zon\u0103 restr\u00e2ns\u0103 a Portugaliei.<\/p>\n<p class=\"wp-block-paragraph\">Printre ora\u0219ele aflate pe traseul totalit\u0103\u021bii se num\u0103r\u0103 Reykjav\u00edk, Le\u00f3n \u0219i Zaragoza, unde Soarele va fi acoperit complet pentru c\u00e2teva momente, iar cerul va c\u0103p\u0103ta aspectul unui amurg.<\/p>\n<h2 class=\"wp-block-heading\">Europa va vedea o eclips\u0103 par\u021bial\u0103<\/h2>\n<p class=\"wp-block-paragraph\">Numeroase ora\u0219e europene aflate \u00een afara benzii de totalitate, inclusiv Madrid, Barcelona, Paris, Londra \u0219i Lisabona, vor putea observa o eclips\u0103 par\u021bial\u0103 de Soare.<\/p>\n<p class=\"wp-block-paragraph\">\u00cen unele regiuni, discul solar va fi acoperit \u00een mare parte, iar fenomenul se va produce spre sear\u0103, astfel \u00eenc\u00e2t Soarele va apune \u00eenainte ca eclipsa s\u0103 se \u00eencheie.<\/p>\n<h2 class=\"wp-block-heading\">Ce se va vedea din Rom\u00e2nia<\/h2>\n<p class=\"wp-block-paragraph\">Rom\u00e2nia nu se afl\u0103 pe traseul eclipsei totale, \u00eens\u0103 locuitorii din vestul \u0219i nord-vestul \u021b\u0103rii vor putea observa o faz\u0103 par\u021bial\u0103 a fenomenului.<\/p>\n<p class=\"wp-block-paragraph\">Eclipsa va fi vizibil\u0103 doar pentru c\u00e2teva minute, foarte aproape de apusul Soarelui, \u00een func\u021bie de localitate. \u00cen schimb, \u00een sud-estul \u021b\u0103rii, inclusiv \u00een Bucure\u0219ti \u0219i \u00een zona litoralului, fenomenul nu va putea fi observat.<\/p>\n<p class=\"wp-block-paragraph\">La nivel na\u021bional, intervalul estimat \u00een care eclipsa ar putea fi vizibil\u0103 este cuprins \u00eentre aproximativ <strong>20:18 \u0219i 20:52<\/strong>, ora Rom\u00e2niei. Durata \u0219i gradul de acoperire a Soarelui vor diferi \u00eens\u0103 de la o localitate la alta.<\/p>\n<p class=\"wp-block-paragraph\">Pentru cele mai bune condi\u021bii de observare, este recomandat un orizont liber spre vest \u0219i un cer senin.<\/p>\n<h2 class=\"wp-block-heading\">Protec\u021bia ochilor este esen\u021bial\u0103<\/h2>\n<p class=\"wp-block-paragraph\">Speciali\u0219tii avertizeaz\u0103 c\u0103 eclipsa par\u021bial\u0103 nu trebuie privit\u0103 niciodat\u0103 cu ochiul liber \u0219i nici prin metode improvizate.<\/p>\n<p class=\"wp-block-paragraph\">Observarea \u00een siguran\u021b\u0103 este posibil\u0103 doar cu ochelari speciali certifica\u021bi pentru eclipse, care respect\u0103 standardele interna\u021bionale de protec\u021bie solar\u0103. Ochelarii de soare obi\u0219nui\u021bi, geamul afumat, filmele fotografice sau alte filtre improvizate nu ofer\u0103 protec\u021bia necesar\u0103 \u0219i pot duce la afectarea grav\u0103 a vederii.<\/p>\n<p class=\"wp-block-paragraph\">Doar persoanele aflate pe traseul eclipsei totale pot privi Soarele f\u0103r\u0103 protec\u021bie exclusiv \u00een intervalul foarte scurt \u00een care discul solar este acoperit complet. \u00cen toate celelalte faze ale fenomenului, utilizarea protec\u021biei speciale r\u0103m\u00e2ne obligatorie.<\/p>\n<\/div>\n<footer>\n<div class=\"td-post-source-tags\">\n<ul class=\"td-tags td-post-small-box clearfix\">\n<li><span>ETICHETE<\/span><\/li>\n<li><a href=\"https:\/\/orasul-timisoara.ro\/local-tag\/12-august-2026\/\">12 august 2026<\/a><\/li>\n<li><a href=\"https:\/\/orasul-timisoara.ro\/local-tag\/astronomie\/\">astronomie<\/a><\/li>\n<li><a href=\"https:\/\/orasul-timisoara.ro\/local-tag\/eclipsa-de-soare\/\">eclips\u0103 de Soare<\/a><\/li>\n<li><a href=\"https:\/\/orasul-timisoara.ro\/local-tag\/eclipsa-totala\/\">eclips\u0103 total\u0103<\/a><\/li>\n<li><a href=\"https:\/\/orasul-timisoara.ro\/local-tag\/fenomen-astronomic\/\">fenomen astronomic<\/a><\/li>\n<li><a href=\"https:\/\/orasul-timisoara.ro\/local-tag\/islanda\/\">Islanda<\/a><\/li>\n<li><a href=\"https:\/\/orasul-timisoara.ro\/local-tag\/luna-2\/\">Lun\u0103<\/a><\/li>\n<li><a href=\"https:\/\/orasul-timisoara.ro\/local-tag\/nasa\/\">nasa<\/a><\/li>\n<li><a href=\"https:\/\/orasul-timisoara.ro\/local-tag\/observare-eclipsa\/\">observare eclips\u0103<\/a><\/li>\n<li><a href=\"https:\/\/orasul-timisoara.ro\/local-tag\/romania-2\/\">rom\u00e2nia<\/a><\/li>\n<li><a href=\"https:\/\/orasul-timisoara.ro\/local-tag\/soare\/\">soare<\/a><\/li>\n<li><a href=\"https:\/\/orasul-timisoara.ro\/local-tag\/spania\/\">spania<\/a><\/li>\n<\/ul>\n<\/div>\n<div class=\"td-post-sharing-bottom\">\n<div class=\"td-post-sharing-classic\"><iframe title=\"bottomFacebookLike\" frameborder src=\"https:\/\/www.facebook.com\/plugins\/like.php?href=https:\/\/orasul-timisoara.ro\/local-39723\/&amp;layout=button_count&amp;show_faces=false&amp;width=105&amp;action=like&amp;colorscheme=light&amp;height=21\"><\/iframe><\/div>\n<div id=\"td_social_sharing_article_bottom\" class=\"td-post-sharing td-ps-bg td-ps-notext td-post-sharing-style1 \">\n<div class=\"td-post-sharing-visible\"><a class=\"td-social-sharing-button td-social-sharing-button-js td-social-network td-social-facebook\" href=\"https:\/\/www.facebook.com\/sharer.php?u=https%3A%2F%2Forasul-timisoara.ro%2Flocal-39723%2F\" title=\"Facebook\"><\/p>\n<div class=\"td-social-but-text\">Facebook<\/div>\n<p><\/a><a class=\"td-social-sharing-button td-social-sharing-button-js td-social-network td-social-twitter\" href=\"https:\/\/twitter.com\/intent\/tweet?text=Eclipsa+total%C4%83+de+Soare+din+12+august+2026%3A+unde+va+fi+vizibil%C4%83+%C8%99i+ce+se+va+vedea+din+Rom%C3%A2nia&amp;url=https%3A%2F%2Forasul-timisoara.ro%2Flocal-39723%2F&amp;via=orasultm\" title=\"Twitter\"><\/p>\n<div class=\"td-social-but-text\">Twitter<\/div>\n<p><\/a><a class=\"td-social-sharing-button td-social-sharing-button-js td-social-network td-social-whatsapp\" href=\"https:\/\/api.whatsapp.com\/send?text=Eclipsa+total%C4%83+de+Soare+din+12+august+2026%3A+unde+va+fi+vizibil%C4%83+%C8%99i+ce+se+va+vedea+din+Rom%C3%A2nia%20%0A%0A%20https:\/\/orasul-timisoara.ro\/local-39723\/\" title=\"WhatsApp\"><\/p>\n<div class=\"td-social-but-text\">WhatsApp<\/div>\n<p><\/a><a class=\"td-social-sharing-button td-social-sharing-button-js td-social-network td-social-linkedin\" href=\"https:\/\/www.linkedin.com\/shareArticle?mini=true&amp;url=https:\/\/orasul-timisoara.ro\/local-39723\/&amp;title=Eclipsa+total%C4%83+de+Soare+din+12+august+2026%3A+unde+va+fi+vizibil%C4%83+%C8%99i+ce+se+va+vedea+din+Rom%C3%A2nia\" title=\"Linkedin\"><\/p>\n<div class=\"td-social-but-text\">Linkedin<\/div>\n<p><\/a><a class=\"td-social-sharing-button td-social-sharing-button-js td-social-network td-social-reddit\" href=\"https:\/\/reddit.com\/submit?url=https:\/\/orasul-timisoara.ro\/local-39723\/&amp;title=Eclipsa+total%C4%83+de+Soare+din+12+august+2026%3A+unde+va+fi+vizibil%C4%83+%C8%99i+ce+se+va+vedea+din+Rom%C3%A2nia\" title=\"ReddIt\"><\/p>\n<div class=\"td-social-but-text\">ReddIt<\/div>\n<p><\/a><a class=\"td-social-sharing-button td-social-sharing-button-js td-social-network td-social-mail\" href=\"mailto:?subject=Eclipsa%20total%C4%83%20de%20Soare%20din%2012%20august%202026:%20unde%20va%20fi%20vizibil%C4%83%20%C8%99i%20ce%20se%20va%20vedea%20din%20Rom%C3%A2nia&amp;body=https:\/\/orasul-timisoara.ro\/local-39723\/\" title=\"Email\"><\/p>\n<div class=\"td-social-but-text\">Email<\/div>\n<p><\/a><a class=\"td-social-sharing-button td-social-sharing-button-js td-social-network td-social-print\" href=\"https:\/\/orasul-timisoara.ro\/local-39723\/\" title=\"Imprimare\"><\/p>\n<div class=\"td-social-but-text\">Imprimare<\/div>\n<p><\/a><\/div>\n<\/div>\n<\/div>\n<div class=\"td-block-row td-post-next-prev\">\n<div class=\"td-block-span6 td-post-prev-post\">\n<div class=\"td-post-next-prev-content\"><span>Articolul precedent<\/span><a href=\"https:\/\/orasul-timisoara.ro\/local-39715\/\">Programul gratuit de sterilizare din Timi\u0219oara: 44 de animale au beneficiat deja de interven\u021bii<\/a><\/div>\n<\/div>\n<\/div>\n<div class=\"td-author-name vcard author\"><span class=\"fn\"><a href=\"https:\/\/orasul-timisoara.ro\/author\/timisoara\/\">redactia<\/a><\/span><\/div>\n<p><span class=\"td-page-meta\"><\/span><span class=\"td-page-meta\"><span class=\"td-page-meta\"><\/span><\/span><span class=\"td-page-meta\"><\/span><\/footer>\n<div class=\"td_block_wrap td_block_related_posts tdi_3 td_with_ajax_pagination td-pb-border-top td_block_template_8\" data-td-block-uid=\"tdi_3\">\n<h4 class=\"td-related-title td-block-title\"><a id=\"tdi_4\" class=\"td-related-left td-cur-simple-item\" data-td_filter_value data-td_block_id=\"tdi_3\" href=\"https:\/\/orasul-timisoara.ro\/local-39723\/\">ARTICOLE SIMILARE<\/a><a id=\"tdi_5\" class=\"td-related-right\" data-td_filter_value=\"td_related_more_from_author\" data-td_block_id=\"tdi_3\" href=\"https:\/\/orasul-timisoara.ro\/local-39723\/\">DE LA ACELA\u0218I AUTOR<\/a><\/h4>\n<div id=\"tdi_3\" class=\"td_block_inner\">\n<div class=\"td-related-row\">\n<div class=\"td-related-span4\">\n<div class=\"td_module_related_posts td-animation-stack td_mod_related_posts\">\n<div class=\"td-module-image\">\n<div class=\"td-module-thumb\"><a href=\"https:\/\/orasul-timisoara.ro\/local-37225\/\" rel=\"bookmark\" class=\"td-image-wrap \" title=\"Fenomen astronomic spectaculos: Mercur, Venus, Jupiter \u0219i Saturn pot fi observate dup\u0103 apus\"><img loading=\"lazy\" decoding=\"async\" class=\"entry-thumb\" src=\"https:\/\/orasul-timisoara.ro\/wp-content\/uploads\/2026\/02\/planete-aliniate-436x300.jpg\" alt title=\"Fenomen astronomic spectaculos: Mercur, Venus, Jupiter \u0219i Saturn pot fi observate dup\u0103 apus\" width=\"218\" height=\"150\"><\/a><\/div>\n<\/div>\n<div class=\"item-details\">\n<h3 class=\"entry-title td-module-title\"><a href=\"https:\/\/orasul-timisoara.ro\/local-37225\/\" rel=\"bookmark\" title=\"Fenomen astronomic spectaculos: Mercur, Venus, Jupiter \u0219i Saturn pot fi observate dup\u0103 apus\">Fenomen astronomic spectaculos: Mercur, Venus, Jupiter \u0219i Saturn pot fi observate dup\u0103 apus<\/a><\/h3>\n<\/div>\n<\/div>\n<\/div>\n<div class=\"td-related-span4\">\n<div class=\"td_module_related_posts td-animation-stack td_mod_related_posts\">\n<div class=\"td-module-image\">\n<div class=\"td-module-thumb\"><a href=\"https:\/\/orasul-timisoara.ro\/local-36092\/\" rel=\"bookmark\" class=\"td-image-wrap \" title=\"Luna Lupului lumineaz\u0103 \u00eenceputul de an: superlun\u0103 vizibil\u0103 azi, 3 ianuarie\"><img loading=\"lazy\" decoding=\"async\" class=\"entry-thumb\" src=\"https:\/\/orasul-timisoara.ro\/wp-content\/uploads\/2026\/01\/luna-lupului01-436x300.jpg\" alt title=\"Luna Lupului lumineaz\u0103 \u00eenceputul de an: superlun\u0103 vizibil\u0103 azi, 3 ianuarie\" width=\"218\" height=\"150\"><\/a><\/div>\n<\/div>\n<div class=\"item-details\">\n<h3 class=\"entry-title td-module-title\"><a href=\"https:\/\/orasul-timisoara.ro\/local-36092\/\" rel=\"bookmark\" title=\"Luna Lupului lumineaz\u0103 \u00eenceputul de an: superlun\u0103 vizibil\u0103 azi, 3 ianuarie\">Luna Lupului lumineaz\u0103 \u00eenceputul de an: superlun\u0103 vizibil\u0103 azi, 3 ianuarie<\/a><\/h3>\n<\/div>\n<\/div>\n<\/div>\n<div class=\"td-related-span4\">\n<div class=\"td_module_related_posts td-animation-stack td_mod_related_posts\">\n<div class=\"td-module-image\">\n<div class=\"td-module-thumb\"><a href=\"https:\/\/orasul-timisoara.ro\/local-35222\/\" rel=\"bookmark\" class=\"td-image-wrap \" title=\"Cristian Presur\u0103 aduce Universul mai aproape de Timi\u0219oara: conferin\u021b\u0103 despre descoperirile telescopului James Webb\"><img loading=\"lazy\" decoding=\"async\" class=\"entry-thumb\" src=\"https:\/\/orasul-timisoara.ro\/wp-content\/uploads\/2025\/11\/mail-56-436x300.jpg\" alt title=\"Cristian Presur\u0103 aduce Universul mai aproape de Timi\u0219oara: conferin\u021b\u0103 despre descoperirile telescopului James Webb\" width=\"218\" height=\"150\"><\/a><\/div>\n<\/div>\n<div class=\"item-details\">\n<h3 class=\"entry-title td-module-title\"><a href=\"https:\/\/orasul-timisoara.ro\/local-35222\/\" rel=\"bookmark\" title=\"Cristian Presur\u0103 aduce Universul mai aproape de Timi\u0219oara: conferin\u021b\u0103 despre descoperirile telescopului James Webb\">Cristian Presur\u0103 aduce Universul mai aproape de Timi\u0219oara: conferin\u021b\u0103 despre descoperirile telescopului James Webb<\/a><\/h3>\n<\/div>\n<\/div>\n<\/div>\n<\/div>\n<\/div>\n<\/div>\n<div class=\"comments\" id=\"comments\">\n<div id=\"respond\" class=\"comment-respond\">\n<h3 id=\"reply-title\" class=\"comment-reply-title\">L\u0102SA\u021aI UN MESAJ<\/h3>\n<div class=\"comment-form-input-wrap td-form-comment\">\n<div class=\"td-warning-comment\">V\u0103 rug\u0103m s\u0103 introduce\u021bi comentariul dvs.!<\/div>\n<\/div>\n<div class=\"comment-form-input-wrap td-form-author\">\n<div class=\"td-warning-author\">Introduce\u021bi aici numele dvs.<\/div>\n<\/div>\n<div class=\"comment-form-input-wrap td-form-email\">\n<div class=\"td-warning-email-error\">A\u021bi introdus o adres\u0103 de e-mail incorect\u0103!<\/div>\n<div class=\"td-warning-email\">V\u0103 rug\u0103m s\u0103 introduce\u021bi adresa dvs. de e-mail aici<\/div>\n<\/div>\n<\/div>\n<p class=\"akismet_comment_form_privacy_notice\">Acest site folose\u0219te Akismet pentru a reduce spamul. <a href=\"https:\/\/akismet.com\/privacy\/\" target=\"_blank\" rel=\"nofollow noopener\">Afl\u0103 cum sunt procesate datele comentariilor tale<\/a>.<\/p>\n<\/div>\n<\/div>\n<\/div>\n<div class=\"td-pb-span4 td-main-sidebar\" role=\"complementary\">\n<div class=\"td-ss-main-sidebar\">\n<aside id=\"block-4\" class=\"td_block_template_8 widget block-4 widget_block widget_media_image\">\n<figure class=\"wp-block-image size-full\"><img loading=\"lazy\" decoding=\"async\" width=\"336\" height=\"280\" src=\"https:\/\/orasul-timisoara.ro\/wp-content\/uploads\/2024\/11\/ReTIM-Abonamentul-Verde-Google-Ads-336x280px.gif\" alt class=\"wp-image-29257\"><\/figure>\n<\/aside>\n<div class=\"td_block_wrap td_block_social_counter td_block_widget tdi_6 td-social-style5 td-social-boxed td-pb-border-top td_block_template_8\">\n<div class=\"td-block-title-wrap\">\n<h4 class=\"td-block-title\"><span>Urm\u0103re\u0219te-ne pe Social Media<\/span><\/h4>\n<\/div>\n<div class=\"td-social-list\">\n<div class=\"td_social_type td-pb-margin-side td_social_facebook\">\n<div class=\"td-social-box\"><span class=\"td_social_info td_social_info_counter\">344,595<\/span><span class=\"td_social_info td_social_info_name\">Fani<\/span><span class=\"td_social_button\"><a href=\"https:\/\/www.facebook.com\/247timisoara\" target=\"_blank\" rel=\"nofollow\">\u00cemi place<\/a><\/span><\/div>\n<\/div>\n<div class=\"td_social_type td-pb-margin-side td_social_instagram\">\n<div class=\"td-social-box\"><span class=\"td_social_info td_social_info_counter\">4,416<\/span><span class=\"td_social_info td_social_info_name\">Cititori<\/span><span class=\"td_social_button\"><a href=\"https:\/\/instagram.com\/orasultimisoararo\/\" target=\"_blank\" rel=\"nofollow\">Conecta\u021bi-v\u0103<\/a><\/span><\/div>\n<\/div>\n<div class=\"td_social_type td-pb-margin-side td_social_rss\">\n<div class=\"td-social-box\"><span class=\"td_social_info td_social_info_counter\">12,506<\/span><span class=\"td_social_info td_social_info_name\">Cititori<\/span><span class=\"td_social_button\"><a href=\"https:\/\/orasul-timisoara.ro\/feed\/\" target=\"_blank\" rel=\"nofollow\">Conecta\u021bi-v\u0103<\/a><\/span><\/div>\n<\/div>\n<div class=\"td_social_type td-pb-margin-side td_social_tiktok\">\n<div class=\"td-social-box\"><span class=\"td_social_info td_social_info_counter\">1,500<\/span><span class=\"td_social_info td_social_info_name\">Cititori<\/span><span class=\"td_social_button\"><a href=\"https:\/\/www.tiktok.com\/@orasultimisoara\" target=\"_blank\" rel=\"nofollow\">Conecta\u021bi-v\u0103<\/a><\/span><\/div>\n<\/div>\n<div class=\"td_social_type td-pb-margin-side td_social_twitter\">\n<div class=\"td-social-box\"><span class=\"td_social_info td_social_info_counter\">1,595<\/span><span class=\"td_social_info td_social_info_name\">Cititori<\/span><span class=\"td_social_button\"><a href=\"https:\/\/twitter.com\/orasultm\" target=\"_blank\" rel=\"nofollow\">Conecta\u021bi-v\u0103<\/a><\/span><\/div>\n<\/div>\n<div class=\"td_social_type td-pb-margin-side td_social_youtube\">\n<div class=\"td-social-box\"><span class=\"td_social_info td_social_info_counter\">3,506<\/span><span class=\"td_social_info td_social_info_name\">Abona\u021bi<\/span><span class=\"td_social_button\"><a href=\"https:\/\/www.youtube.com\/channel\/UCQNsQvs2XCSIm1Z-AHRturw?sub_confirmation=1\" target=\"_blank\" rel=\"nofollow\">Abona\u021bi-v\u0103<\/a><\/span><\/div>\n<\/div>\n<\/div>\n<\/div>\n<aside id=\"text-7\" class=\"td_block_template_8 widget text-7 widget_text\">\n<h4 class=\"td-block-title\"><span>C\u0103ut\u0103ri populare pe OTM<\/span><\/h4>\n<div class=\"textwidget\"><a href=\"https:\/\/orasul-timisoara.ro\/?s=timisoara\"><span>Timisoara<\/span><\/a><a href=\"https:\/\/orasul-timisoara.ro\/?s=calin+dobra\"><span>Calin Dobra<\/span><\/a><a href=\"https:\/\/orasul-timisoara.ro\/?s=primaria+timisoara\"><span>Primaria Timisoara<\/span><\/a><a href=\"https:\/\/orasul-timisoara.ro\/?s=dominic+fritz\"><span>Dominic Fritz<\/span><\/a><a href=\"https:\/\/orasul-timisoara.ro\/?s=nicolae+robu\"><span>Nicolae Robu<\/span><\/a><a href=\"https:\/\/orasul-timisoara.ro\/?s=consiliul+local+timisoara\">Consiliul Local Timisoara<\/a><a href=\"https:\/\/orasul-timisoara.ro\/?s=consiliul+judetean+timis\"><span>Consiliul Judetean Timis<\/span><\/a><a href=\"https:\/\/orasul-timisoara.ro\/?s=cjt\"><span>CJT<\/span><\/a><a href=\"https:\/\/orasul-timisoara.ro\/?s=Alfred+Simonis\"><span>Alfred Simonis<\/span><\/a><a href=\"https:\/\/orasul-timisoara.ro\/?s=PNL\"><span>PNL<\/span><\/a><a href=\"https:\/\/orasul-timisoara.ro\/?s=coronavirus\"><span>coronavirus<\/span><\/a><a href=\"https:\/\/orasul-timisoara.ro\/?s=teatru+timisoara\">teatru Timisoara<\/a><a href=\"https:\/\/orasul-timisoara.ro\/?s=restaurante\"><span>restaurante Timisoara<\/span><\/a><a href=\"https:\/\/orasul-timisoara.ro\/?s=diskoteka\"><span>Diskoteka<\/span><\/a><a href=\"https:\/\/orasul-timisoara.ro\/?s=iulius+town\"><span>Iulius Town<\/span><\/a><a href=\"https:\/\/orasul-timisoara.ro\/?s=iulius+mall\"><span>Iulius Mall<\/span><\/a><a href=\"https:\/\/orasul-timisoara.ro\/?s=stpt\"><span>STPT<\/span><\/a><a href=\"https:\/\/orasul-timisoara.ro\/?s=alin+nica\"><span>Alin Nica<\/span><\/a><a href=\"https:\/\/orasul-timisoara.ro\/?s=psd\"><span>PSD<\/span><\/a><a href=\"https:\/\/orasul-timisoara.ro\/?s=aeroport\"><span>Aeroportul International Timisoara<\/span><\/a><a href=\"https:\/\/orasul-timisoara.ro\/?s=babes\"><span>Spitalul Victor Babes Timisoara<\/span><\/a><a href=\"https:\/\/orasul-timisoara.ro\/?s=poli\"><span>Poli Timi\u0219oara<\/span><\/a><a href=\"https:\/\/orasul-timisoara.ro\/?s=carantina\"><span>carantina<\/span><\/a><a href=\"https:\/\/orasul-timisoara.ro\/?s=aquatim\"><span>Aquatim<\/span><\/a><a href=\"https:\/\/orasul-timisoara.ro\/local-category\/stiri-timisoara\/\"><span>Stiri Timisoara<\/span><\/a><a href=\"https:\/\/orasul-timisoara.ro\/local-category\/investitii-in-timisoara\/\"><span>Investi\u021bii in Timi\u0219oara<\/span><\/a><a href=\"https:\/\/orasul-timisoara.ro\/local-9463\/\"><span>shaorma<\/span><\/a><a href=\"https:\/\/orasul-timisoara.ro\/?s=trafic\"><span>trafic rutier<\/span><\/a><a href=\"https:\/\/orasul-timisoara.ro\/?s=politia\"><span>politia locala timisoara<\/span><\/a><a href=\"https:\/\/orasul-timisoara.ro\/?s=roxana\"><span>Roxana Iliescu<\/span><\/a><a href=\"https:\/\/orasul-timisoara.ro\/?s=colterm\"><span>Colterm<\/span><\/a><a href=\"https:\/\/orasul-timisoara.ro\/?s=latcau\"><span>Ruben La\u021bc\u0103u<\/span><\/a><a href=\"https:\/\/orasul-timisoara.ro\/?s=timis\"><span>\u0218tiri din Timi\u0219<\/span><\/a><a href=\"https:\/\/orasul-timisoara.ro\/?s=spital\"><span>Spitale din Timi\u0219oara<\/span><\/a><a href=\"https:\/\/orasul-timisoara.ro\/?s=tabara\"><span>Cosmin Tab\u0103r\u0103<\/span><\/a><\/div>\n<\/aside>\n<aside id=\"rss-2\" class=\"td_block_template_8 widget rss-2 widget_rss\">\n<h4 class=\"td-block-title\"><span><a class=\"rsswidget rss-widget-feed\" href=\"https:\/\/fashionfridays.ro\/feed\"><img decoding=\"async\" class=\"rss-widget-icon\" width=\"14\" height=\"14\" src=\"https:\/\/orasul-timisoara.ro\/wp-includes\/images\/rss.png\" alt=\"RSS\" loading=\"lazy\"><\/a><a class=\"rsswidget rss-widget-title\" href=\"https:\/\/fashionfridays.ro\/\">Fashion Fridays<\/a><\/span><\/h4>\n<ul>\n<li><a class=\"rsswidget\" href=\"https:\/\/fashionfridays.ro\/romania-devine-a-29-a-piata-vogue-o-noua-era-pentru-industria-locala-de-moda\/\">Rom\u00e2nia devine a 29-a pia\u021b\u0103 Vogue: o nou\u0103 er\u0103 pentru industria local\u0103 de mod\u0103<\/a>\n<div class=\"rssSummary\">Revista Vogue \u00ee\u0219i extinde prezen\u021ba global\u0103 \u0219i va fi lansat\u0103 oficial \u00een Rom\u00e2nia \u00een prim\u0103vara anului 2027, marc\u00e2nd intrarea pe cea de-a 29-a pia\u021b\u0103 interna\u021bional\u0103. Proiectul este realizat \u00een parteneriat cu AEMME Publishing, o companie media recent \u00eenfiin\u021bat\u0103, care va publica edi\u021bia local\u0103 sub licen\u021b\u0103. Noua edi\u021bie, Vogue Rom\u00e2nia, \u00ee\u0219i propune s\u0103 combine autoritatea global\u0103 [\u2026]<\/div>\n<\/li>\n<\/ul>\n<\/aside>\n<aside id=\"rss-4\" class=\"td_block_template_8 widget rss-4 widget_rss\">\n<h4 class=\"td-block-title\"><span><a class=\"rsswidget rss-widget-feed\" href=\"https:\/\/emasini.ro\/feed\"><img decoding=\"async\" class=\"rss-widget-icon\" width=\"14\" height=\"14\" src=\"https:\/\/orasul-timisoara.ro\/wp-includes\/images\/rss.png\" alt=\"RSS\" loading=\"lazy\"><\/a><a class=\"rsswidget rss-widget-title\" href=\"https:\/\/emasini.ro\/\">eMasini<\/a><\/span><\/h4>\n<ul>\n<li><a class=\"rsswidget\" href=\"https:\/\/emasini.ro\/dacia-analizeaza-lansarea-lui-hipster-automobilul-urban-de-doar-3-metri-lungime\/\">Dacia analizeaz\u0103 lansarea lui Hipster, automobilul urban de doar 3 metri lungime (video)<\/a>\n<div class=\"rssSummary\">Dacia ar putea introduce pe pia\u021b\u0103 unul dintre cele mai neobi\u0219nuite modele din istoria sa recent\u0103. Conceptul Hipster, prezentat anul trecut ca o reinterpretare radical\u0103 a automobilului urban accesibil, se afl\u0103 \u00een prezent \u00eentr-o etap\u0103 de evaluare, iar decizia privind produc\u021bia de serie va fi luat\u0103 \u00een func\u021bie de reac\u021bia publicului \u0219i de evolu\u021bia reglement\u0103rilor [\u2026]<\/div>\n<\/li>\n<\/ul>\n<\/aside>\n<\/div>\n<\/div>\n<\/div>\n<\/div>\n<\/article>\n<div class=\"td-post-content tagdiv-type\">\n<p class=\"wp-block-paragraph\">Una dintre cele mai spectaculoase eclipse totale de Soare din ultimii ani va avea loc pe 12 august 2026, c\u00e2nd umbra Lunii va traversa regiuni din Arctica \u0219i vestul Europei. Milioane de oameni vor putea admira fenomenul \u00een condi\u021bii ideale din Islanda, nordul Spaniei \u0219i alte zone aflate pe traseul totalit\u0103\u021bii, \u00een timp ce Rom\u00e2nia va vedea doar o eclips\u0103 par\u021bial\u0103, vizibil\u0103 \u00een anumite regiuni \u0219i pentru o perioad\u0103 foarte scurt\u0103.<\/p>\n<p class=\"wp-block-paragraph\">Speciali\u0219tii atrag aten\u021bia c\u0103 observarea eclipsei trebuie f\u0103cut\u0103 doar cu echipamente de protec\u021bie adecvate, deoarece privirea direct\u0103 c\u0103tre Soare poate provoca leziuni permanente ale ochilor.<\/p>\n<h2 class=\"wp-block-heading\">Unde va fi vizibil\u0103 eclipsa total\u0103<\/h2>\n<p class=\"wp-block-paragraph\">Potrivit informa\u021biilor publicate de NASA, umbra Lunii va porni din nordul Siberiei, va traversa Oceanul Arctic \u0219i Atlanticul de Nord, dup\u0103 care va ajunge \u00een vestul Europei.<\/p>\n<p class=\"wp-block-paragraph\">Eclipsa total\u0103 va putea fi urm\u0103rit\u0103 din Groenlanda, vestul Islandei, nordul Spaniei, nordul Rusiei \u0219i dintr-o zon\u0103 restr\u00e2ns\u0103 a Portugaliei.<\/p>\n<p class=\"wp-block-paragraph\">Printre ora\u0219ele aflate pe traseul totalit\u0103\u021bii se num\u0103r\u0103 Reykjav\u00edk, Le\u00f3n \u0219i Zaragoza, unde Soarele va fi acoperit complet pentru c\u00e2teva momente, iar cerul va c\u0103p\u0103ta aspectul unui amurg.<\/p>\n<h2 class=\"wp-block-heading\">Europa va vedea o eclips\u0103 par\u021bial\u0103<\/h2>\n<p class=\"wp-block-paragraph\">Numeroase ora\u0219e europene aflate \u00een afara benzii de totalitate, inclusiv Madrid, Barcelona, Paris, Londra \u0219i Lisabona, vor putea observa o eclips\u0103 par\u021bial\u0103 de Soare.<\/p>\n<p class=\"wp-block-paragraph\">\u00cen unele regiuni, discul solar va fi acoperit \u00een mare parte, iar fenomenul se va produce spre sear\u0103, astfel \u00eenc\u00e2t Soarele va apune \u00eenainte ca eclipsa s\u0103 se \u00eencheie.<\/p>\n<h2 class=\"wp-block-heading\">Ce se va vedea din Rom\u00e2nia<\/h2>\n<p class=\"wp-block-paragraph\">Rom\u00e2nia nu se afl\u0103 pe traseul eclipsei totale, \u00eens\u0103 locuitorii din vestul \u0219i nord-vestul \u021b\u0103rii vor putea observa o faz\u0103 par\u021bial\u0103 a fenomenului.<\/p>\n<p class=\"wp-block-paragraph\">Eclipsa va fi vizibil\u0103 doar pentru c\u00e2teva minute, foarte aproape de apusul Soarelui, \u00een func\u021bie de localitate. \u00cen schimb, \u00een sud-estul \u021b\u0103rii, inclusiv \u00een Bucure\u0219ti \u0219i \u00een zona litoralului, fenomenul nu va putea fi observat.<\/p>\n<p class=\"wp-block-paragraph\">La nivel na\u021bional, intervalul estimat \u00een care eclipsa ar putea fi vizibil\u0103 este cuprins \u00eentre aproximativ <strong>20:18 \u0219i 20:52<\/strong>, ora Rom\u00e2niei. Durata \u0219i gradul de acoperire a Soarelui vor diferi \u00eens\u0103 de la o localitate la alta.<\/p>\n<p class=\"wp-block-paragraph\">Pentru cele mai bune condi\u021bii de observare, este recomandat un orizont liber spre vest \u0219i un cer senin.<\/p>\n<h2 class=\"wp-block-heading\">Protec\u021bia ochilor este esen\u021bial\u0103<\/h2>\n<p class=\"wp-block-paragraph\">Speciali\u0219tii avertizeaz\u0103 c\u0103 eclipsa par\u021bial\u0103 nu trebuie privit\u0103 niciodat\u0103 cu ochiul liber \u0219i nici prin metode improvizate.<\/p>\n<p class=\"wp-block-paragraph\">Observarea \u00een siguran\u021b\u0103 este posibil\u0103 doar cu ochelari speciali certifica\u021bi pentru eclipse, care respect\u0103 standardele interna\u021bionale de protec\u021bie solar\u0103. Ochelarii de soare obi\u0219nui\u021bi, geamul afumat, filmele fotografice sau alte filtre improvizate nu ofer\u0103 protec\u021bia necesar\u0103 \u0219i pot duce la afectarea grav\u0103 a vederii.<\/p>\n<p class=\"wp-block-paragraph\">Doar persoanele aflate pe traseul eclipsei totale pot privi Soarele f\u0103r\u0103 protec\u021bie exclusiv \u00een intervalul foarte scurt \u00een care discul solar este acoperit complet. \u00cen toate celelalte faze ale fenomenului, utilizarea protec\u021biei speciale r\u0103m\u00e2ne obligatorie.<\/p>\n<\/div>\n<p>[analyse_source url=&#8221;https:\/\/orasul-timisoara.ro\/local-39723\/&#8221;]<\/p>\n","protected":false},"excerpt":{"rendered":"<p>[analyse_image type=&#8221;featured&#8221; src=&#8221;https:\/\/orasul-timisoara.ro\/wp-content\/uploads\/2026\/07\/eclipsa.jpg&#8221;] \u0218tiri na\u021bionale \u0219i interna\u021bionaleEclipsa total\u0103 de Soare din 12 august 2026: unde va fi vizibil\u0103&#8230; \u0218tiri na\u021bionale \u0219i interna\u021bionale Eclipsa total\u0103 de Soare din 12 august 2026: unde va fi vizibil\u0103 \u0219i ce se va vedea din Rom\u00e2nia De c\u0103tre redactia &#8211; 17\/07\/2026 Facebook Twitter WhatsApp Linkedin ReddIt Email Imprimare Una dintre [&hellip;]<\/p>\n","protected":false},"author":1,"featured_media":0,"comment_status":"open","ping_status":"","sticky":false,"template":"","format":"standard","meta":{"footnotes":""},"categories":[89],"tags":[226,189],"class_list":["post-2048122","post","type-post","status-publish","format-standard","hentry","category-romania","tag-crawlmanager","tag-orasul-timisoara-ro"],"_links":{"self":[{"href":"https:\/\/analyse.optim.biz\/index.php?rest_route=\/wp\/v2\/posts\/2048122","targetHints":{"allow":["GET"]}}],"collection":[{"href":"https:\/\/analyse.optim.biz\/index.php?rest_route=\/wp\/v2\/posts"}],"about":[{"href":"https:\/\/analyse.optim.biz\/index.php?rest_route=\/wp\/v2\/types\/post"}],"author":[{"embeddable":true,"href":"https:\/\/analyse.optim.biz\/index.php?rest_route=\/wp\/v2\/users\/1"}],"replies":[{"embeddable":true,"href":"https:\/\/analyse.optim.biz\/index.php?rest_route=%2Fwp%2Fv2%2Fcomments&post=2048122"}],"version-history":[{"count":0,"href":"https:\/\/analyse.optim.biz\/index.php?rest_route=\/wp\/v2\/posts\/2048122\/revisions"}],"wp:attachment":[{"href":"https:\/\/analyse.optim.biz\/index.php?rest_route=%2Fwp%2Fv2%2Fmedia&parent=2048122"}],"wp:term":[{"taxonomy":"category","embeddable":true,"href":"https:\/\/analyse.optim.biz\/index.php?rest_route=%2Fwp%2Fv2%2Fcategories&post=2048122"},{"taxonomy":"post_tag","embeddable":true,"href":"https:\/\/analyse.optim.biz\/index.php?rest_route=%2Fwp%2Fv2%2Ftags&post=2048122"}],"curies":[{"name":"wp","href":"https:\/\/api.w.org\/{rel}","templated":true}]}}