{"id":2048121,"date":"2026-07-17T11:00:21","date_gmt":"2026-07-17T08:00:21","guid":{"rendered":"https:\/\/analyse.optim.biz\/?p=2048121"},"modified":"2026-07-17T11:00:21","modified_gmt":"2026-07-17T08:00:21","slug":"politia-locala-timisoara-a-amendat-158-de-asociatii-de-proprietari-pentru-nereguli","status":"publish","type":"post","link":"https:\/\/analyse.optim.biz\/?p=2048121","title":{"rendered":"Poli\u021bia Local\u0103 Timi\u0219oara a amendat 158 de asocia\u021bii de proprietari pentru nereguli"},"content":{"rendered":"<p>[analyse_image type=&#8221;featured&#8221; src=&#8221;https:\/\/orasul-timisoara.ro\/wp-content\/uploads\/2026\/07\/Cartier01.jpg&#8221;]<\/p>\n<article id=\"post-39710\" class=\"td-post-template-7 post-39710 post type-post status-publish format-standard has-post-thumbnail category-featured category-stiri-timisoara tag-amenzi tag-asociatii-de-proprietari tag-autorizatii tag-cladiri-degradate tag-controale tag-curatenie-2 tag-hcl-117-2024 tag-hcl-393-2023 tag-legea-422-2001 tag-legea-50-1991 tag-politia-locala-timisoara-2 tag-stiri-timisoara tag-timisoara-2 td-container-wrap\">\n<div class=\"td-full-screen-header-image-wrap\">\n<div class=\"td-container td-post-header\">\n<div class=\"td-crumb-container\">\n<div class=\"entry-crumbs\"><span><a title=\"Vede\u021bi toate articolele \u00een \u0218tiri Locale\" class=\"entry-crumb\" href=\"https:\/\/orasul-timisoara.ro\/local-category\/stiri-timisoara\/\">\u0218tiri Locale<\/a><\/span><span class=\"td-bred-no-url-last\">Poli\u021bia Local\u0103 Timi\u0219oara a amendat 158 de asocia\u021bii de proprietari pentru nereguli<\/span><\/div>\n<\/div>\n<div class=\"td-post-header-holder\">\n<div class=\"td-parallax-header\">\n<header class=\"td-post-title\">\n<ul class=\"td-category\">\n<li class=\"entry-category\"><a href=\"https:\/\/orasul-timisoara.ro\/local-category\/stiri-timisoara\/\">\u0218tiri Locale<\/a><\/li>\n<\/ul>\n<h1 class=\"entry-title\">Poli\u021bia Local\u0103 Timi\u0219oara a amendat 158 de asocia\u021bii de proprietari pentru nereguli<\/h1>\n<div class=\"td-module-meta-info\">\n<div class=\"td-post-author-name\">\n<div class=\"td-author-by\">De c\u0103tre<\/div>\n<p><a href=\"https:\/\/orasul-timisoara.ro\/author\/timisoara\/\">redactia<\/a><\/p>\n<div class=\"td-author-line\"> &#8211; <\/div>\n<\/div>\n<p><span class=\"td-post-date\"><time class=\"entry-date updated td-module-date\" datetime=\"2026-07-17T14:00:21+03:00\">17\/07\/2026<\/time><\/span><\/div>\n<\/header>\n<\/div>\n<\/div>\n<\/div>\n<div id=\"td-full-screen-header-image\" class=\"td-image-gradient-style7\"><img decoding=\"async\" class=\"td-backstretch\" src=\"https:\/\/orasul-timisoara.ro\/wp-content\/uploads\/2026\/07\/Cartier01.jpg\"><\/div>\n<\/div>\n<div class=\"td-container\">\n<div class=\"td-pb-row\">\n<div class=\"td-pb-span8 td-main-content\" role=\"main\">\n<div class=\"td-ss-main-content\">\n<div class=\"td-post-sharing-top\">\n<div class=\"td-post-sharing-classic\"><iframe title=\"topFacebookLike\" frameborder src=\"https:\/\/www.facebook.com\/plugins\/like.php?href=https:\/\/orasul-timisoara.ro\/local-39710\/&amp;layout=button_count&amp;show_faces=false&amp;width=105&amp;action=like&amp;colorscheme=light&amp;height=21\"><\/iframe><\/div>\n<div id=\"td_social_sharing_article_top\" class=\"td-post-sharing td-ps-bg td-ps-notext td-post-sharing-style1 \">\n<div class=\"td-post-sharing-visible\"><a class=\"td-social-sharing-button td-social-sharing-button-js td-social-network td-social-facebook\" href=\"https:\/\/www.facebook.com\/sharer.php?u=https%3A%2F%2Forasul-timisoara.ro%2Flocal-39710%2F\" title=\"Facebook\"><\/p>\n<div class=\"td-social-but-text\">Facebook<\/div>\n<p><\/a><a class=\"td-social-sharing-button td-social-sharing-button-js td-social-network td-social-twitter\" href=\"https:\/\/twitter.com\/intent\/tweet?text=Poli%C8%9Bia+Local%C4%83+Timi%C8%99oara+a+amendat+158+de+asocia%C8%9Bii+de+proprietari+pentru+nereguli&amp;url=https%3A%2F%2Forasul-timisoara.ro%2Flocal-39710%2F&amp;via=orasultm\" title=\"Twitter\"><\/p>\n<div class=\"td-social-but-text\">Twitter<\/div>\n<p><\/a><a class=\"td-social-sharing-button td-social-sharing-button-js td-social-network td-social-whatsapp\" href=\"https:\/\/api.whatsapp.com\/send?text=Poli%C8%9Bia+Local%C4%83+Timi%C8%99oara+a+amendat+158+de+asocia%C8%9Bii+de+proprietari+pentru+nereguli%20%0A%0A%20https:\/\/orasul-timisoara.ro\/local-39710\/\" title=\"WhatsApp\"><\/p>\n<div class=\"td-social-but-text\">WhatsApp<\/div>\n<p><\/a><a class=\"td-social-sharing-button td-social-sharing-button-js td-social-network td-social-linkedin\" href=\"https:\/\/www.linkedin.com\/shareArticle?mini=true&amp;url=https:\/\/orasul-timisoara.ro\/local-39710\/&amp;title=Poli%C8%9Bia+Local%C4%83+Timi%C8%99oara+a+amendat+158+de+asocia%C8%9Bii+de+proprietari+pentru+nereguli\" title=\"Linkedin\"><\/p>\n<div class=\"td-social-but-text\">Linkedin<\/div>\n<p><\/a><a class=\"td-social-sharing-button td-social-sharing-button-js td-social-network td-social-reddit\" href=\"https:\/\/reddit.com\/submit?url=https:\/\/orasul-timisoara.ro\/local-39710\/&amp;title=Poli%C8%9Bia+Local%C4%83+Timi%C8%99oara+a+amendat+158+de+asocia%C8%9Bii+de+proprietari+pentru+nereguli\" title=\"ReddIt\"><\/p>\n<div class=\"td-social-but-text\">ReddIt<\/div>\n<p><\/a><a class=\"td-social-sharing-button td-social-sharing-button-js td-social-network td-social-mail\" href=\"mailto:?subject=Poli%C8%9Bia%20Local%C4%83%20Timi%C8%99oara%20a%20amendat%20158%20de%20asocia%C8%9Bii%20de%20proprietari%20pentru%20nereguli&amp;body=https:\/\/orasul-timisoara.ro\/local-39710\/\" title=\"Email\"><\/p>\n<div class=\"td-social-but-text\">Email<\/div>\n<p><\/a><a class=\"td-social-sharing-button td-social-sharing-button-js td-social-network td-social-print\" href=\"https:\/\/orasul-timisoara.ro\/local-39710\/\" title=\"Imprimare\"><\/p>\n<div class=\"td-social-but-text\">Imprimare<\/div>\n<p><\/a><\/div>\n<\/div>\n<\/div>\n<div class=\"td-post-content tagdiv-type\">\n<p class=\"wp-block-paragraph\">Asocia\u021biile de proprietari din Timi\u0219oara nu sunt exceptate de la respectarea legisla\u021biei privind \u00eentre\u021binerea imobilelor, autorizarea lucr\u0103rilor sau p\u0103strarea cur\u0103\u021beniei. \u00cen urma controalelor efectuate de la \u00eenceputul acestui an, Poli\u021bia Local\u0103 Timi\u0219oara a aplicat 158 de sanc\u021biuni contraven\u021bionale, valoarea total\u0103 a amenzilor \u0219i avertismentelor ridic\u00e2ndu-se la 172.200 de lei.<\/p>\n<p class=\"wp-block-paragraph\">Verific\u0103rile au vizat respectarea mai multor acte normative care stabilesc obliga\u021biile asocia\u021biilor de proprietari, iar autorit\u0103\u021bile atrag aten\u021bia c\u0103 legea se aplic\u0103 \u00een egal\u0103 m\u0103sur\u0103 persoanelor fizice \u0219i juridice.<\/p>\n<h2 class=\"wp-block-heading\">Controale desf\u0103\u0219urate pe baza sesiz\u0103rilor \u0219i \u00een teren<\/h2>\n<p class=\"wp-block-paragraph\">Potrivit Poli\u021biei Locale Timi\u0219oara, ac\u021biunile de control sunt realizate at\u00e2t \u00een urma sesiz\u0103rilor primite de la cet\u0103\u021beni, c\u00e2t \u0219i \u00een cadrul verific\u0103rilor desf\u0103\u0219urate din proprie ini\u021biativ\u0103 de poli\u021bi\u0219tii locali.<\/p>\n<figure class=\"wp-block-gallery has-nested-images columns-default is-cropped td-modal-on-gallery wp-block-gallery-1 is-layout-flex wp-block-gallery-is-layout-flex\">\n<figure class=\"wp-block-image size-full\"><img loading=\"lazy\" decoding=\"async\" width=\"1920\" height=\"1080\" data-id=\"39711\" src=\"https:\/\/orasul-timisoara.ro\/wp-content\/uploads\/2026\/07\/Cartier03.jpg\" alt class=\"wp-image-39711\"><\/figure>\n<figure class=\"wp-block-image size-full\"><img loading=\"lazy\" decoding=\"async\" width=\"1920\" height=\"1080\" data-id=\"39712\" src=\"https:\/\/orasul-timisoara.ro\/wp-content\/uploads\/2026\/07\/Cartier02.jpg\" alt class=\"wp-image-39712\"><\/figure>\n<figure class=\"wp-block-image size-full\"><img loading=\"lazy\" decoding=\"async\" width=\"1920\" height=\"1080\" data-id=\"39713\" src=\"https:\/\/orasul-timisoara.ro\/wp-content\/uploads\/2026\/07\/Cartier01.jpg\" alt class=\"wp-image-39713\"><\/figure>\n<\/figure>\n<p class=\"wp-block-paragraph\">\u00cen total, au fost aplicate 158 de sanc\u021biuni contraven\u021bionale, dintre care aproximativ jum\u0103tate au fost avertismente, iar restul amenzi. Valoarea cumulat\u0103 a acestora este de 172.200 de lei.<\/p>\n<h2 class=\"wp-block-heading\">Cl\u0103dire degradat\u0103 \u00een zona istoric\u0103, amendat\u0103 cu 4.000 de lei<\/h2>\n<p class=\"wp-block-paragraph\">Printre cazurile prezentate de Poli\u021bia Local\u0103 se afl\u0103 cel al unei asocia\u021bii de proprietari de pe strada E. Ungureanu, care a fost sanc\u021bionat\u0103 cu 4.000 de lei pentru men\u021binerea unui imobil din zona istoric\u0103 \u00eentr-o stare avansat\u0103 de degradare.<\/p>\n<p class=\"wp-block-paragraph\">Autorit\u0103\u021bile au apreciat c\u0103 starea cl\u0103dirii reprezenta un pericol pentru siguran\u021ba public\u0103, iar pe l\u00e2ng\u0103 amend\u0103 au dispus \u0219i m\u0103suri pentru punerea \u00een siguran\u021b\u0103 a imobilului.<\/p>\n<h2 class=\"wp-block-heading\">Amenzi pentru reclame neautorizate \u0219i lucr\u0103ri executate f\u0103r\u0103 avize<\/h2>\n<p class=\"wp-block-paragraph\">O alt\u0103 sanc\u021biune, \u00een valoare de 2.500 de lei, a fost aplicat\u0103 unei asocia\u021bii de proprietari de pe Calea \u0218agului, dup\u0103 ce pe fa\u021bada imobilului a fost amplasat un sistem publicitar f\u0103r\u0103 autoriza\u021bia necesar\u0103, \u00eenc\u0103lc\u00e2nd prevederile HCL nr. 117\/2024.<\/p>\n<p class=\"wp-block-paragraph\">Totodat\u0103, o asocia\u021bie de proprietari de pe strada Crivaia a fost amendat\u0103 cu 1.000 de lei pentru executarea unor lucr\u0103ri la instala\u021bia electric\u0103 din subsolul imobilului f\u0103r\u0103 autoriza\u021bie, fapt sanc\u021bionat potrivit Legii nr. 50\/1991 privind autorizarea lucr\u0103rilor de construc\u021bii.<\/p>\n<h2 class=\"wp-block-heading\">Lipsa cur\u0103\u021beniei \u00een spa\u021biile pentru de\u0219euri, sanc\u021bionat\u0103 de poli\u021bi\u0219tii locali<\/h2>\n<p class=\"wp-block-paragraph\">Printre neregulile constatate s-a num\u0103rat \u0219i ne\u00eentre\u021binerea spa\u021biilor destinate colect\u0103rii de\u0219eurilor.<\/p>\n<p class=\"wp-block-paragraph\">O asocia\u021bie de proprietari de pe strada Dr. Alexandru Martha a primit o amend\u0103 de 2.500 de lei, conform HCL nr. 393\/2023, dup\u0103 ce inspectorii au constatat c\u0103 zona destinat\u0103 depozit\u0103rii de\u0219eurilor \u0219i spa\u021biul din jurul recipientelor nu erau men\u021binute curate.<\/p>\n<h2 class=\"wp-block-heading\">Poli\u021bia Local\u0103: legisla\u021bia trebuie respectat\u0103 de to\u021bi<\/h2>\n<p class=\"wp-block-paragraph\">Reprezentan\u021bii Poli\u021biei Locale Timi\u0219oara reamintesc c\u0103 asocia\u021biile de proprietari au obliga\u021bii clare privind \u00eentre\u021binerea cl\u0103dirilor, efectuarea lucr\u0103rilor de construc\u021bii, amplasarea elementelor publicitare \u0219i p\u0103strarea cur\u0103\u021beniei \u00een spa\u021biile comune.<\/p>\n<p class=\"wp-block-paragraph\">Institu\u021bia subliniaz\u0103 c\u0103 verific\u0103rile vor continua \u0219i \u00een perioada urm\u0103toare, iar sanc\u021biunile vor fi aplicate ori de c\u00e2te ori sunt constatate \u00eenc\u0103lc\u0103ri ale legisla\u021biei. Autorit\u0103\u021bile \u00eei \u00eencurajeaz\u0103 pe cet\u0103\u021beni s\u0103 semnaleze situa\u021biile care pot afecta siguran\u021ba, aspectul ora\u0219ului sau respectarea normelor privind convie\u021buirea \u00een comunitate.<\/p>\n<\/div>\n<footer>\n<div class=\"td-post-source-tags\">\n<ul class=\"td-tags td-post-small-box clearfix\">\n<li><span>ETICHETE<\/span><\/li>\n<li><a href=\"https:\/\/orasul-timisoara.ro\/local-tag\/amenzi\/\">amenzi<\/a><\/li>\n<li><a href=\"https:\/\/orasul-timisoara.ro\/local-tag\/asociatii-de-proprietari\/\">asocia\u021bii de proprietari<\/a><\/li>\n<li><a href=\"https:\/\/orasul-timisoara.ro\/local-tag\/autorizatii\/\">autoriza\u021bii<\/a><\/li>\n<li><a href=\"https:\/\/orasul-timisoara.ro\/local-tag\/cladiri-degradate\/\">cl\u0103diri degradate<\/a><\/li>\n<li><a href=\"https:\/\/orasul-timisoara.ro\/local-tag\/controale\/\">controale<\/a><\/li>\n<li><a href=\"https:\/\/orasul-timisoara.ro\/local-tag\/curatenie-2\/\">cur\u0103\u021benie<\/a><\/li>\n<li><a href=\"https:\/\/orasul-timisoara.ro\/local-tag\/hcl-117-2024\/\">HCL 117\/2024<\/a><\/li>\n<li><a href=\"https:\/\/orasul-timisoara.ro\/local-tag\/hcl-393-2023\/\">HCL 393\/2023<\/a><\/li>\n<li><a href=\"https:\/\/orasul-timisoara.ro\/local-tag\/legea-422-2001\/\">Legea 422\/2001<\/a><\/li>\n<li><a href=\"https:\/\/orasul-timisoara.ro\/local-tag\/legea-50-1991\/\">Legea 50\/1991<\/a><\/li>\n<li><a href=\"https:\/\/orasul-timisoara.ro\/local-tag\/politia-locala-timisoara-2\/\">Poli\u021bia Local\u0103 Timi\u0219oara<\/a><\/li>\n<li><a href=\"https:\/\/orasul-timisoara.ro\/local-tag\/stiri-timisoara\/\">stiri timisoara<\/a><\/li>\n<li><a href=\"https:\/\/orasul-timisoara.ro\/local-tag\/timisoara-2\/\">timi\u0219oara<\/a><\/li>\n<\/ul>\n<\/div>\n<div class=\"td-post-sharing-bottom\">\n<div class=\"td-post-sharing-classic\"><iframe title=\"bottomFacebookLike\" frameborder src=\"https:\/\/www.facebook.com\/plugins\/like.php?href=https:\/\/orasul-timisoara.ro\/local-39710\/&amp;layout=button_count&amp;show_faces=false&amp;width=105&amp;action=like&amp;colorscheme=light&amp;height=21\"><\/iframe><\/div>\n<div id=\"td_social_sharing_article_bottom\" class=\"td-post-sharing td-ps-bg td-ps-notext td-post-sharing-style1 \">\n<div class=\"td-post-sharing-visible\"><a class=\"td-social-sharing-button td-social-sharing-button-js td-social-network td-social-facebook\" href=\"https:\/\/www.facebook.com\/sharer.php?u=https%3A%2F%2Forasul-timisoara.ro%2Flocal-39710%2F\" title=\"Facebook\"><\/p>\n<div class=\"td-social-but-text\">Facebook<\/div>\n<p><\/a><a class=\"td-social-sharing-button td-social-sharing-button-js td-social-network td-social-twitter\" href=\"https:\/\/twitter.com\/intent\/tweet?text=Poli%C8%9Bia+Local%C4%83+Timi%C8%99oara+a+amendat+158+de+asocia%C8%9Bii+de+proprietari+pentru+nereguli&amp;url=https%3A%2F%2Forasul-timisoara.ro%2Flocal-39710%2F&amp;via=orasultm\" title=\"Twitter\"><\/p>\n<div class=\"td-social-but-text\">Twitter<\/div>\n<p><\/a><a class=\"td-social-sharing-button td-social-sharing-button-js td-social-network td-social-whatsapp\" href=\"https:\/\/api.whatsapp.com\/send?text=Poli%C8%9Bia+Local%C4%83+Timi%C8%99oara+a+amendat+158+de+asocia%C8%9Bii+de+proprietari+pentru+nereguli%20%0A%0A%20https:\/\/orasul-timisoara.ro\/local-39710\/\" title=\"WhatsApp\"><\/p>\n<div class=\"td-social-but-text\">WhatsApp<\/div>\n<p><\/a><a class=\"td-social-sharing-button td-social-sharing-button-js td-social-network td-social-linkedin\" href=\"https:\/\/www.linkedin.com\/shareArticle?mini=true&amp;url=https:\/\/orasul-timisoara.ro\/local-39710\/&amp;title=Poli%C8%9Bia+Local%C4%83+Timi%C8%99oara+a+amendat+158+de+asocia%C8%9Bii+de+proprietari+pentru+nereguli\" title=\"Linkedin\"><\/p>\n<div class=\"td-social-but-text\">Linkedin<\/div>\n<p><\/a><a class=\"td-social-sharing-button td-social-sharing-button-js td-social-network td-social-reddit\" href=\"https:\/\/reddit.com\/submit?url=https:\/\/orasul-timisoara.ro\/local-39710\/&amp;title=Poli%C8%9Bia+Local%C4%83+Timi%C8%99oara+a+amendat+158+de+asocia%C8%9Bii+de+proprietari+pentru+nereguli\" title=\"ReddIt\"><\/p>\n<div class=\"td-social-but-text\">ReddIt<\/div>\n<p><\/a><a class=\"td-social-sharing-button td-social-sharing-button-js td-social-network td-social-mail\" href=\"mailto:?subject=Poli%C8%9Bia%20Local%C4%83%20Timi%C8%99oara%20a%20amendat%20158%20de%20asocia%C8%9Bii%20de%20proprietari%20pentru%20nereguli&amp;body=https:\/\/orasul-timisoara.ro\/local-39710\/\" title=\"Email\"><\/p>\n<div class=\"td-social-but-text\">Email<\/div>\n<p><\/a><a class=\"td-social-sharing-button td-social-sharing-button-js td-social-network td-social-print\" href=\"https:\/\/orasul-timisoara.ro\/local-39710\/\" title=\"Imprimare\"><\/p>\n<div class=\"td-social-but-text\">Imprimare<\/div>\n<p><\/a><\/div>\n<\/div>\n<\/div>\n<div class=\"td-block-row td-post-next-prev\">\n<div class=\"td-block-span6 td-post-prev-post\">\n<div class=\"td-post-next-prev-content\"><span>Articolul precedent<\/span><a href=\"https:\/\/orasul-timisoara.ro\/local-39708\/\">Trafic restric\u021bionat \u00een mai multe zone din Timi\u0219oara \u00eencep\u00e2nd cu 20 iulie<\/a><\/div>\n<\/div>\n<div class=\"td-block-span6 td-post-next-post\">\n<div class=\"td-post-next-prev-content\"><span>Articolul urm\u0103tor<\/span><a href=\"https:\/\/orasul-timisoara.ro\/local-39715\/\">Programul gratuit de sterilizare din Timi\u0219oara: 44 de animale au beneficiat deja de interven\u021bii<\/a><\/div>\n<\/div>\n<\/div>\n<div class=\"td-author-name vcard author\"><span class=\"fn\"><a href=\"https:\/\/orasul-timisoara.ro\/author\/timisoara\/\">redactia<\/a><\/span><\/div>\n<p><span class=\"td-page-meta\"><\/span><span class=\"td-page-meta\"><span class=\"td-page-meta\"><\/span><\/span><span class=\"td-page-meta\"><\/span><\/footer>\n<div class=\"td_block_wrap td_block_related_posts tdi_3 td_with_ajax_pagination td-pb-border-top td_block_template_8\" data-td-block-uid=\"tdi_3\">\n<h4 class=\"td-related-title td-block-title\"><a id=\"tdi_4\" class=\"td-related-left td-cur-simple-item\" data-td_filter_value data-td_block_id=\"tdi_3\" href=\"https:\/\/orasul-timisoara.ro\/local-39710\/\">ARTICOLE SIMILARE<\/a><a id=\"tdi_5\" class=\"td-related-right\" data-td_filter_value=\"td_related_more_from_author\" data-td_block_id=\"tdi_3\" href=\"https:\/\/orasul-timisoara.ro\/local-39710\/\">DE LA ACELA\u0218I AUTOR<\/a><\/h4>\n<div id=\"tdi_3\" class=\"td_block_inner\">\n<div class=\"td-related-row\">\n<div class=\"td-related-span4\">\n<div class=\"td_module_related_posts td-animation-stack td_mod_related_posts\">\n<div class=\"td-module-image\">\n<div class=\"td-module-thumb\"><a href=\"https:\/\/orasul-timisoara.ro\/local-39667\/\" rel=\"bookmark\" class=\"td-image-wrap \" title=\"Controale ample \u00een Timi\u0219oara: amenzi de peste 435.000 de lei pentru firme\"><img loading=\"lazy\" decoding=\"async\" class=\"entry-thumb\" src=\"https:\/\/orasul-timisoara.ro\/wp-content\/uploads\/2026\/07\/foto-comert2-436x300.jpg\" alt title=\"Controale ample \u00een Timi\u0219oara: amenzi de peste 435.000 de lei pentru firme\" width=\"218\" height=\"150\"><\/a><\/div>\n<\/div>\n<div class=\"item-details\">\n<h3 class=\"entry-title td-module-title\"><a href=\"https:\/\/orasul-timisoara.ro\/local-39667\/\" rel=\"bookmark\" title=\"Controale ample \u00een Timi\u0219oara: amenzi de peste 435.000 de lei pentru firme\">Controale ample \u00een Timi\u0219oara: amenzi de peste 435.000 de lei pentru firme<\/a><\/h3>\n<\/div>\n<\/div>\n<\/div>\n<div class=\"td-related-span4\">\n<div class=\"td_module_related_posts td-animation-stack td_mod_related_posts\">\n<div class=\"td-module-image\">\n<div class=\"td-module-thumb\"><a href=\"https:\/\/orasul-timisoara.ro\/local-39580\/\" rel=\"bookmark\" class=\"td-image-wrap \" title=\"Aproape 300 de pietoni, amenda\u021bi \u00een Timi\u0219oara pentru traversare pe ro\u0219u sau prin locuri nepermise\"><img loading=\"lazy\" decoding=\"async\" class=\"entry-thumb\" src=\"https:\/\/orasul-timisoara.ro\/wp-content\/uploads\/2026\/07\/fuga-fir-436x300.jpg\" alt title=\"Aproape 300 de pietoni, amenda\u021bi \u00een Timi\u0219oara pentru traversare pe ro\u0219u sau prin locuri nepermise\" width=\"218\" height=\"150\"><\/a><\/div>\n<\/div>\n<div class=\"item-details\">\n<h3 class=\"entry-title td-module-title\"><a href=\"https:\/\/orasul-timisoara.ro\/local-39580\/\" rel=\"bookmark\" title=\"Aproape 300 de pietoni, amenda\u021bi \u00een Timi\u0219oara pentru traversare pe ro\u0219u sau prin locuri nepermise\">Aproape 300 de pietoni, amenda\u021bi \u00een Timi\u0219oara pentru traversare pe ro\u0219u sau prin locuri nepermise<\/a><\/h3>\n<\/div>\n<\/div>\n<\/div>\n<div class=\"td-related-span4\">\n<div class=\"td_module_related_posts td-animation-stack td_mod_related_posts\">\n<div class=\"td-module-image\">\n<div class=\"td-module-thumb\"><a href=\"https:\/\/orasul-timisoara.ro\/local-39572\/\" rel=\"bookmark\" class=\"td-image-wrap \" title=\"Poli\u021bia Local\u0103 Timi\u0219oara a dat amenzi de 110.000 de lei pentru nereguli privind salubrizarea\"><img loading=\"lazy\" decoding=\"async\" class=\"entry-thumb\" src=\"https:\/\/orasul-timisoara.ro\/wp-content\/uploads\/2026\/07\/salubrizarea-tm-436x300.jpg\" alt title=\"Poli\u021bia Local\u0103 Timi\u0219oara a dat amenzi de 110.000 de lei pentru nereguli privind salubrizarea\" width=\"218\" height=\"150\"><\/a><\/div>\n<\/div>\n<div class=\"item-details\">\n<h3 class=\"entry-title td-module-title\"><a href=\"https:\/\/orasul-timisoara.ro\/local-39572\/\" rel=\"bookmark\" title=\"Poli\u021bia Local\u0103 Timi\u0219oara a dat amenzi de 110.000 de lei pentru nereguli privind salubrizarea\">Poli\u021bia Local\u0103 Timi\u0219oara a dat amenzi de 110.000 de lei pentru nereguli privind salubrizarea<\/a><\/h3>\n<\/div>\n<\/div>\n<\/div>\n<\/div>\n<\/div>\n<\/div>\n<div class=\"comments\" id=\"comments\">\n<div id=\"respond\" class=\"comment-respond\">\n<h3 id=\"reply-title\" class=\"comment-reply-title\">L\u0102SA\u021aI UN MESAJ<\/h3>\n<div class=\"comment-form-input-wrap td-form-comment\">\n<div class=\"td-warning-comment\">V\u0103 rug\u0103m s\u0103 introduce\u021bi comentariul dvs.!<\/div>\n<\/div>\n<div class=\"comment-form-input-wrap td-form-author\">\n<div class=\"td-warning-author\">Introduce\u021bi aici numele dvs.<\/div>\n<\/div>\n<div class=\"comment-form-input-wrap td-form-email\">\n<div class=\"td-warning-email-error\">A\u021bi introdus o adres\u0103 de e-mail incorect\u0103!<\/div>\n<div class=\"td-warning-email\">V\u0103 rug\u0103m s\u0103 introduce\u021bi adresa dvs. de e-mail aici<\/div>\n<\/div>\n<\/div>\n<p class=\"akismet_comment_form_privacy_notice\">Acest site folose\u0219te Akismet pentru a reduce spamul. <a href=\"https:\/\/akismet.com\/privacy\/\" target=\"_blank\" rel=\"nofollow noopener\">Afl\u0103 cum sunt procesate datele comentariilor tale<\/a>.<\/p>\n<\/div>\n<\/div>\n<\/div>\n<div class=\"td-pb-span4 td-main-sidebar\" role=\"complementary\">\n<div class=\"td-ss-main-sidebar\">\n<aside id=\"block-4\" class=\"td_block_template_8 widget block-4 widget_block widget_media_image\">\n<figure class=\"wp-block-image size-full\"><img decoding=\"async\" loading=\"lazy\" width=\"336\" height=\"280\" src=\"https:\/\/orasul-timisoara.ro\/wp-content\/uploads\/2024\/11\/ReTIM-Abonamentul-Verde-Google-Ads-336x280px.gif\" alt class=\"wp-image-29257\"><\/figure>\n<\/aside>\n<div class=\"td_block_wrap td_block_social_counter td_block_widget tdi_6 td-social-style5 td-social-boxed td-pb-border-top td_block_template_8\">\n<div class=\"td-block-title-wrap\">\n<h4 class=\"td-block-title\"><span>Urm\u0103re\u0219te-ne pe Social Media<\/span><\/h4>\n<\/div>\n<div class=\"td-social-list\">\n<div class=\"td_social_type td-pb-margin-side td_social_facebook\">\n<div class=\"td-social-box\"><span class=\"td_social_info td_social_info_counter\">344,595<\/span><span class=\"td_social_info td_social_info_name\">Fani<\/span><span class=\"td_social_button\"><a href=\"https:\/\/www.facebook.com\/247timisoara\" target=\"_blank\" rel=\"nofollow\">\u00cemi place<\/a><\/span><\/div>\n<\/div>\n<div class=\"td_social_type td-pb-margin-side td_social_instagram\">\n<div class=\"td-social-box\"><span class=\"td_social_info td_social_info_counter\">4,416<\/span><span class=\"td_social_info td_social_info_name\">Cititori<\/span><span class=\"td_social_button\"><a href=\"https:\/\/instagram.com\/orasultimisoararo\/\" target=\"_blank\" rel=\"nofollow\">Conecta\u021bi-v\u0103<\/a><\/span><\/div>\n<\/div>\n<div class=\"td_social_type td-pb-margin-side td_social_rss\">\n<div class=\"td-social-box\"><span class=\"td_social_info td_social_info_counter\">12,506<\/span><span class=\"td_social_info td_social_info_name\">Cititori<\/span><span class=\"td_social_button\"><a href=\"https:\/\/orasul-timisoara.ro\/feed\/\" target=\"_blank\" rel=\"nofollow\">Conecta\u021bi-v\u0103<\/a><\/span><\/div>\n<\/div>\n<div class=\"td_social_type td-pb-margin-side td_social_tiktok\">\n<div class=\"td-social-box\"><span class=\"td_social_info td_social_info_counter\">1,500<\/span><span class=\"td_social_info td_social_info_name\">Cititori<\/span><span class=\"td_social_button\"><a href=\"https:\/\/www.tiktok.com\/@orasultimisoara\" target=\"_blank\" rel=\"nofollow\">Conecta\u021bi-v\u0103<\/a><\/span><\/div>\n<\/div>\n<div class=\"td_social_type td-pb-margin-side td_social_twitter\">\n<div class=\"td-social-box\"><span class=\"td_social_info td_social_info_counter\">1,595<\/span><span class=\"td_social_info td_social_info_name\">Cititori<\/span><span class=\"td_social_button\"><a href=\"https:\/\/twitter.com\/orasultm\" target=\"_blank\" rel=\"nofollow\">Conecta\u021bi-v\u0103<\/a><\/span><\/div>\n<\/div>\n<div class=\"td_social_type td-pb-margin-side td_social_youtube\">\n<div class=\"td-social-box\"><span class=\"td_social_info td_social_info_counter\">3,506<\/span><span class=\"td_social_info td_social_info_name\">Abona\u021bi<\/span><span class=\"td_social_button\"><a href=\"https:\/\/www.youtube.com\/channel\/UCQNsQvs2XCSIm1Z-AHRturw?sub_confirmation=1\" target=\"_blank\" rel=\"nofollow\">Abona\u021bi-v\u0103<\/a><\/span><\/div>\n<\/div>\n<\/div>\n<\/div>\n<aside id=\"text-7\" class=\"td_block_template_8 widget text-7 widget_text\">\n<h4 class=\"td-block-title\"><span>C\u0103ut\u0103ri populare pe OTM<\/span><\/h4>\n<div class=\"textwidget\"><a href=\"https:\/\/orasul-timisoara.ro\/?s=timisoara\"><span>Timisoara<\/span><\/a><a href=\"https:\/\/orasul-timisoara.ro\/?s=calin+dobra\"><span>Calin Dobra<\/span><\/a><a href=\"https:\/\/orasul-timisoara.ro\/?s=primaria+timisoara\"><span>Primaria Timisoara<\/span><\/a><a href=\"https:\/\/orasul-timisoara.ro\/?s=dominic+fritz\"><span>Dominic Fritz<\/span><\/a><a href=\"https:\/\/orasul-timisoara.ro\/?s=nicolae+robu\"><span>Nicolae Robu<\/span><\/a><a href=\"https:\/\/orasul-timisoara.ro\/?s=consiliul+local+timisoara\">Consiliul Local Timisoara<\/a><a href=\"https:\/\/orasul-timisoara.ro\/?s=consiliul+judetean+timis\"><span>Consiliul Judetean Timis<\/span><\/a><a href=\"https:\/\/orasul-timisoara.ro\/?s=cjt\"><span>CJT<\/span><\/a><a href=\"https:\/\/orasul-timisoara.ro\/?s=Alfred+Simonis\"><span>Alfred Simonis<\/span><\/a><a href=\"https:\/\/orasul-timisoara.ro\/?s=PNL\"><span>PNL<\/span><\/a><a href=\"https:\/\/orasul-timisoara.ro\/?s=coronavirus\"><span>coronavirus<\/span><\/a><a href=\"https:\/\/orasul-timisoara.ro\/?s=teatru+timisoara\">teatru Timisoara<\/a><a href=\"https:\/\/orasul-timisoara.ro\/?s=restaurante\"><span>restaurante Timisoara<\/span><\/a><a href=\"https:\/\/orasul-timisoara.ro\/?s=diskoteka\"><span>Diskoteka<\/span><\/a><a href=\"https:\/\/orasul-timisoara.ro\/?s=iulius+town\"><span>Iulius Town<\/span><\/a><a href=\"https:\/\/orasul-timisoara.ro\/?s=iulius+mall\"><span>Iulius Mall<\/span><\/a><a href=\"https:\/\/orasul-timisoara.ro\/?s=stpt\"><span>STPT<\/span><\/a><a href=\"https:\/\/orasul-timisoara.ro\/?s=alin+nica\"><span>Alin Nica<\/span><\/a><a href=\"https:\/\/orasul-timisoara.ro\/?s=psd\"><span>PSD<\/span><\/a><a href=\"https:\/\/orasul-timisoara.ro\/?s=aeroport\"><span>Aeroportul International Timisoara<\/span><\/a><a href=\"https:\/\/orasul-timisoara.ro\/?s=babes\"><span>Spitalul Victor Babes Timisoara<\/span><\/a><a href=\"https:\/\/orasul-timisoara.ro\/?s=poli\"><span>Poli Timi\u0219oara<\/span><\/a><a href=\"https:\/\/orasul-timisoara.ro\/?s=carantina\"><span>carantina<\/span><\/a><a href=\"https:\/\/orasul-timisoara.ro\/?s=aquatim\"><span>Aquatim<\/span><\/a><a href=\"https:\/\/orasul-timisoara.ro\/local-category\/stiri-timisoara\/\"><span>Stiri Timisoara<\/span><\/a><a href=\"https:\/\/orasul-timisoara.ro\/local-category\/investitii-in-timisoara\/\"><span>Investi\u021bii in Timi\u0219oara<\/span><\/a><a href=\"https:\/\/orasul-timisoara.ro\/local-9463\/\"><span>shaorma<\/span><\/a><a href=\"https:\/\/orasul-timisoara.ro\/?s=trafic\"><span>trafic rutier<\/span><\/a><a href=\"https:\/\/orasul-timisoara.ro\/?s=politia\"><span>politia locala timisoara<\/span><\/a><a href=\"https:\/\/orasul-timisoara.ro\/?s=roxana\"><span>Roxana Iliescu<\/span><\/a><a href=\"https:\/\/orasul-timisoara.ro\/?s=colterm\"><span>Colterm<\/span><\/a><a href=\"https:\/\/orasul-timisoara.ro\/?s=latcau\"><span>Ruben La\u021bc\u0103u<\/span><\/a><a href=\"https:\/\/orasul-timisoara.ro\/?s=timis\"><span>\u0218tiri din Timi\u0219<\/span><\/a><a href=\"https:\/\/orasul-timisoara.ro\/?s=spital\"><span>Spitale din Timi\u0219oara<\/span><\/a><a href=\"https:\/\/orasul-timisoara.ro\/?s=tabara\"><span>Cosmin Tab\u0103r\u0103<\/span><\/a><\/div>\n<\/aside>\n<aside id=\"rss-2\" class=\"td_block_template_8 widget rss-2 widget_rss\">\n<h4 class=\"td-block-title\"><span><a class=\"rsswidget rss-widget-feed\" href=\"https:\/\/fashionfridays.ro\/feed\"><img decoding=\"async\" class=\"rss-widget-icon\" width=\"14\" height=\"14\" src=\"https:\/\/orasul-timisoara.ro\/wp-includes\/images\/rss.png\" alt=\"RSS\" loading=\"lazy\"><\/a><a class=\"rsswidget rss-widget-title\" href=\"https:\/\/fashionfridays.ro\/\">Fashion Fridays<\/a><\/span><\/h4>\n<ul>\n<li><a class=\"rsswidget\" href=\"https:\/\/fashionfridays.ro\/romania-devine-a-29-a-piata-vogue-o-noua-era-pentru-industria-locala-de-moda\/\">Rom\u00e2nia devine a 29-a pia\u021b\u0103 Vogue: o nou\u0103 er\u0103 pentru industria local\u0103 de mod\u0103<\/a>\n<div class=\"rssSummary\">Revista Vogue \u00ee\u0219i extinde prezen\u021ba global\u0103 \u0219i va fi lansat\u0103 oficial \u00een Rom\u00e2nia \u00een prim\u0103vara anului 2027, marc\u00e2nd intrarea pe cea de-a 29-a pia\u021b\u0103 interna\u021bional\u0103. Proiectul este realizat \u00een parteneriat cu AEMME Publishing, o companie media recent \u00eenfiin\u021bat\u0103, care va publica edi\u021bia local\u0103 sub licen\u021b\u0103. Noua edi\u021bie, Vogue Rom\u00e2nia, \u00ee\u0219i propune s\u0103 combine autoritatea global\u0103 [\u2026]<\/div>\n<\/li>\n<\/ul>\n<\/aside>\n<aside id=\"rss-4\" class=\"td_block_template_8 widget rss-4 widget_rss\">\n<h4 class=\"td-block-title\"><span><a class=\"rsswidget rss-widget-feed\" href=\"https:\/\/emasini.ro\/feed\"><img decoding=\"async\" class=\"rss-widget-icon\" width=\"14\" height=\"14\" src=\"https:\/\/orasul-timisoara.ro\/wp-includes\/images\/rss.png\" alt=\"RSS\" loading=\"lazy\"><\/a><a class=\"rsswidget rss-widget-title\" href=\"https:\/\/emasini.ro\/\">eMasini<\/a><\/span><\/h4>\n<ul>\n<li><a class=\"rsswidget\" href=\"https:\/\/emasini.ro\/dacia-analizeaza-lansarea-lui-hipster-automobilul-urban-de-doar-3-metri-lungime\/\">Dacia analizeaz\u0103 lansarea lui Hipster, automobilul urban de doar 3 metri lungime (video)<\/a>\n<div class=\"rssSummary\">Dacia ar putea introduce pe pia\u021b\u0103 unul dintre cele mai neobi\u0219nuite modele din istoria sa recent\u0103. Conceptul Hipster, prezentat anul trecut ca o reinterpretare radical\u0103 a automobilului urban accesibil, se afl\u0103 \u00een prezent \u00eentr-o etap\u0103 de evaluare, iar decizia privind produc\u021bia de serie va fi luat\u0103 \u00een func\u021bie de reac\u021bia publicului \u0219i de evolu\u021bia reglement\u0103rilor [\u2026]<\/div>\n<\/li>\n<\/ul>\n<\/aside>\n<\/div>\n<\/div>\n<\/div>\n<\/div>\n<\/article>\n<div class=\"td-post-content tagdiv-type\">\n<p class=\"wp-block-paragraph\">Asocia\u021biile de proprietari din Timi\u0219oara nu sunt exceptate de la respectarea legisla\u021biei privind \u00eentre\u021binerea imobilelor, autorizarea lucr\u0103rilor sau p\u0103strarea cur\u0103\u021beniei. \u00cen urma controalelor efectuate de la \u00eenceputul acestui an, Poli\u021bia Local\u0103 Timi\u0219oara a aplicat 158 de sanc\u021biuni contraven\u021bionale, valoarea total\u0103 a amenzilor \u0219i avertismentelor ridic\u00e2ndu-se la 172.200 de lei.<\/p>\n<p class=\"wp-block-paragraph\">Verific\u0103rile au vizat respectarea mai multor acte normative care stabilesc obliga\u021biile asocia\u021biilor de proprietari, iar autorit\u0103\u021bile atrag aten\u021bia c\u0103 legea se aplic\u0103 \u00een egal\u0103 m\u0103sur\u0103 persoanelor fizice \u0219i juridice.<\/p>\n<h2 class=\"wp-block-heading\">Controale desf\u0103\u0219urate pe baza sesiz\u0103rilor \u0219i \u00een teren<\/h2>\n<p class=\"wp-block-paragraph\">Potrivit Poli\u021biei Locale Timi\u0219oara, ac\u021biunile de control sunt realizate at\u00e2t \u00een urma sesiz\u0103rilor primite de la cet\u0103\u021beni, c\u00e2t \u0219i \u00een cadrul verific\u0103rilor desf\u0103\u0219urate din proprie ini\u021biativ\u0103 de poli\u021bi\u0219tii locali.<\/p>\n<figure class=\"wp-block-gallery has-nested-images columns-default is-cropped td-modal-on-gallery wp-block-gallery-1 is-layout-flex wp-block-gallery-is-layout-flex\">\n<figure class=\"wp-block-image size-full\"><img loading=\"lazy\" decoding=\"async\" width=\"1920\" height=\"1080\" data-id=\"39711\" src=\"https:\/\/orasul-timisoara.ro\/wp-content\/uploads\/2026\/07\/Cartier03.jpg\" alt class=\"wp-image-39711\"><\/figure>\n<figure class=\"wp-block-image size-full\"><img loading=\"lazy\" decoding=\"async\" width=\"1920\" height=\"1080\" data-id=\"39712\" src=\"https:\/\/orasul-timisoara.ro\/wp-content\/uploads\/2026\/07\/Cartier02.jpg\" alt class=\"wp-image-39712\"><\/figure>\n<figure class=\"wp-block-image size-full\"><img loading=\"lazy\" decoding=\"async\" width=\"1920\" height=\"1080\" data-id=\"39713\" src=\"https:\/\/orasul-timisoara.ro\/wp-content\/uploads\/2026\/07\/Cartier01.jpg\" alt class=\"wp-image-39713\"><\/figure>\n<\/figure>\n<p class=\"wp-block-paragraph\">\u00cen total, au fost aplicate 158 de sanc\u021biuni contraven\u021bionale, dintre care aproximativ jum\u0103tate au fost avertismente, iar restul amenzi. Valoarea cumulat\u0103 a acestora este de 172.200 de lei.<\/p>\n<h2 class=\"wp-block-heading\">Cl\u0103dire degradat\u0103 \u00een zona istoric\u0103, amendat\u0103 cu 4.000 de lei<\/h2>\n<p class=\"wp-block-paragraph\">Printre cazurile prezentate de Poli\u021bia Local\u0103 se afl\u0103 cel al unei asocia\u021bii de proprietari de pe strada E. Ungureanu, care a fost sanc\u021bionat\u0103 cu 4.000 de lei pentru men\u021binerea unui imobil din zona istoric\u0103 \u00eentr-o stare avansat\u0103 de degradare.<\/p>\n<p class=\"wp-block-paragraph\">Autorit\u0103\u021bile au apreciat c\u0103 starea cl\u0103dirii reprezenta un pericol pentru siguran\u021ba public\u0103, iar pe l\u00e2ng\u0103 amend\u0103 au dispus \u0219i m\u0103suri pentru punerea \u00een siguran\u021b\u0103 a imobilului.<\/p>\n<h2 class=\"wp-block-heading\">Amenzi pentru reclame neautorizate \u0219i lucr\u0103ri executate f\u0103r\u0103 avize<\/h2>\n<p class=\"wp-block-paragraph\">O alt\u0103 sanc\u021biune, \u00een valoare de 2.500 de lei, a fost aplicat\u0103 unei asocia\u021bii de proprietari de pe Calea \u0218agului, dup\u0103 ce pe fa\u021bada imobilului a fost amplasat un sistem publicitar f\u0103r\u0103 autoriza\u021bia necesar\u0103, \u00eenc\u0103lc\u00e2nd prevederile HCL nr. 117\/2024.<\/p>\n<p class=\"wp-block-paragraph\">Totodat\u0103, o asocia\u021bie de proprietari de pe strada Crivaia a fost amendat\u0103 cu 1.000 de lei pentru executarea unor lucr\u0103ri la instala\u021bia electric\u0103 din subsolul imobilului f\u0103r\u0103 autoriza\u021bie, fapt sanc\u021bionat potrivit Legii nr. 50\/1991 privind autorizarea lucr\u0103rilor de construc\u021bii.<\/p>\n<h2 class=\"wp-block-heading\">Lipsa cur\u0103\u021beniei \u00een spa\u021biile pentru de\u0219euri, sanc\u021bionat\u0103 de poli\u021bi\u0219tii locali<\/h2>\n<p class=\"wp-block-paragraph\">Printre neregulile constatate s-a num\u0103rat \u0219i ne\u00eentre\u021binerea spa\u021biilor destinate colect\u0103rii de\u0219eurilor.<\/p>\n<p class=\"wp-block-paragraph\">O asocia\u021bie de proprietari de pe strada Dr. Alexandru Martha a primit o amend\u0103 de 2.500 de lei, conform HCL nr. 393\/2023, dup\u0103 ce inspectorii au constatat c\u0103 zona destinat\u0103 depozit\u0103rii de\u0219eurilor \u0219i spa\u021biul din jurul recipientelor nu erau men\u021binute curate.<\/p>\n<h2 class=\"wp-block-heading\">Poli\u021bia Local\u0103: legisla\u021bia trebuie respectat\u0103 de to\u021bi<\/h2>\n<p class=\"wp-block-paragraph\">Reprezentan\u021bii Poli\u021biei Locale Timi\u0219oara reamintesc c\u0103 asocia\u021biile de proprietari au obliga\u021bii clare privind \u00eentre\u021binerea cl\u0103dirilor, efectuarea lucr\u0103rilor de construc\u021bii, amplasarea elementelor publicitare \u0219i p\u0103strarea cur\u0103\u021beniei \u00een spa\u021biile comune.<\/p>\n<p class=\"wp-block-paragraph\">Institu\u021bia subliniaz\u0103 c\u0103 verific\u0103rile vor continua \u0219i \u00een perioada urm\u0103toare, iar sanc\u021biunile vor fi aplicate ori de c\u00e2te ori sunt constatate \u00eenc\u0103lc\u0103ri ale legisla\u021biei. Autorit\u0103\u021bile \u00eei \u00eencurajeaz\u0103 pe cet\u0103\u021beni s\u0103 semnaleze situa\u021biile care pot afecta siguran\u021ba, aspectul ora\u0219ului sau respectarea normelor privind convie\u021buirea \u00een comunitate.<\/p>\n<\/div>\n<p>[analyse_source url=&#8221;https:\/\/orasul-timisoara.ro\/local-39710\/&#8221;]<\/p>\n","protected":false},"excerpt":{"rendered":"<p>[analyse_image type=&#8221;featured&#8221; src=&#8221;https:\/\/orasul-timisoara.ro\/wp-content\/uploads\/2026\/07\/Cartier01.jpg&#8221;] \u0218tiri LocalePoli\u021bia Local\u0103 Timi\u0219oara a amendat 158 de asocia\u021bii de proprietari pentru nereguli \u0218tiri Locale Poli\u021bia Local\u0103 Timi\u0219oara a amendat 158 de asocia\u021bii de proprietari pentru nereguli De c\u0103tre redactia &#8211; 17\/07\/2026 Facebook Twitter WhatsApp Linkedin ReddIt Email Imprimare Asocia\u021biile de proprietari din Timi\u0219oara nu sunt exceptate de la respectarea legisla\u021biei privind [&hellip;]<\/p>\n","protected":false},"author":1,"featured_media":0,"comment_status":"open","ping_status":"","sticky":false,"template":"","format":"standard","meta":{"footnotes":""},"categories":[89],"tags":[226,189],"class_list":["post-2048121","post","type-post","status-publish","format-standard","hentry","category-romania","tag-crawlmanager","tag-orasul-timisoara-ro"],"_links":{"self":[{"href":"https:\/\/analyse.optim.biz\/index.php?rest_route=\/wp\/v2\/posts\/2048121","targetHints":{"allow":["GET"]}}],"collection":[{"href":"https:\/\/analyse.optim.biz\/index.php?rest_route=\/wp\/v2\/posts"}],"about":[{"href":"https:\/\/analyse.optim.biz\/index.php?rest_route=\/wp\/v2\/types\/post"}],"author":[{"embeddable":true,"href":"https:\/\/analyse.optim.biz\/index.php?rest_route=\/wp\/v2\/users\/1"}],"replies":[{"embeddable":true,"href":"https:\/\/analyse.optim.biz\/index.php?rest_route=%2Fwp%2Fv2%2Fcomments&post=2048121"}],"version-history":[{"count":0,"href":"https:\/\/analyse.optim.biz\/index.php?rest_route=\/wp\/v2\/posts\/2048121\/revisions"}],"wp:attachment":[{"href":"https:\/\/analyse.optim.biz\/index.php?rest_route=%2Fwp%2Fv2%2Fmedia&parent=2048121"}],"wp:term":[{"taxonomy":"category","embeddable":true,"href":"https:\/\/analyse.optim.biz\/index.php?rest_route=%2Fwp%2Fv2%2Fcategories&post=2048121"},{"taxonomy":"post_tag","embeddable":true,"href":"https:\/\/analyse.optim.biz\/index.php?rest_route=%2Fwp%2Fv2%2Ftags&post=2048121"}],"curies":[{"name":"wp","href":"https:\/\/api.w.org\/{rel}","templated":true}]}}