{"id":2048119,"date":"2026-07-17T10:29:23","date_gmt":"2026-07-17T07:29:23","guid":{"rendered":"https:\/\/analyse.optim.biz\/?p=2048119"},"modified":"2026-07-17T10:29:23","modified_gmt":"2026-07-17T07:29:23","slug":"trafic-restrictionat-in-mai-multe-zone-din-timisoara-incepand-cu-20-iulie","status":"publish","type":"post","link":"https:\/\/analyse.optim.biz\/?p=2048119","title":{"rendered":"Trafic restric\u021bionat \u00een mai multe zone din Timi\u0219oara \u00eencep\u00e2nd cu 20 iulie"},"content":{"rendered":"<p>[analyse_image type=&#8221;featured&#8221; src=&#8221;https:\/\/orasul-timisoara.ro\/wp-content\/uploads\/2023\/09\/lucrari-drum-copy.jpg&#8221;]<\/p>\n<article id=\"post-39708\" class=\"td-post-template-7 post-39708 post type-post status-publish format-standard has-post-thumbnail category-administratie category-featured category-stiri-timisoara tag-aristide-demetriade tag-asfaltare tag-calea-circumvalatiunii-2 tag-delgaz-grid tag-divizia-9-cavalerie tag-lucrari-gaze tag-restrictii-de-circulatie-2 tag-societatea-drumuri-municipale tag-strada-lacului tag-timisoara-2 tag-trafic-timisoara-2 tag-webuild-spa-milano td-container-wrap\">\n<div class=\"td-full-screen-header-image-wrap\">\n<div class=\"td-container td-post-header\">\n<div class=\"td-crumb-container\">\n<div class=\"entry-crumbs\"><span><a title=\"Vede\u021bi toate articolele \u00een Administra\u021bie local\u0103\" class=\"entry-crumb\" href=\"https:\/\/orasul-timisoara.ro\/local-category\/administratie\/\">Administra\u021bie local\u0103<\/a><\/span><span class=\"td-bred-no-url-last\">Trafic restric\u021bionat \u00een mai multe zone din Timi\u0219oara \u00eencep\u00e2nd cu 20 iulie<\/span><\/div>\n<\/div>\n<div class=\"td-post-header-holder\">\n<div class=\"td-parallax-header\">\n<header class=\"td-post-title\">\n<ul class=\"td-category\">\n<li class=\"entry-category\"><a href=\"https:\/\/orasul-timisoara.ro\/local-category\/administratie\/\">Administra\u021bie local\u0103<\/a><\/li>\n<li class=\"entry-category\"><a href=\"https:\/\/orasul-timisoara.ro\/local-category\/stiri-timisoara\/\">\u0218tiri Locale<\/a><\/li>\n<\/ul>\n<h1 class=\"entry-title\">Trafic restric\u021bionat \u00een mai multe zone din Timi\u0219oara \u00eencep\u00e2nd cu 20 iulie<\/h1>\n<div class=\"td-module-meta-info\">\n<div class=\"td-post-author-name\">\n<div class=\"td-author-by\">De c\u0103tre<\/div>\n<p><a href=\"https:\/\/orasul-timisoara.ro\/author\/timisoara\/\">redactia<\/a><\/p>\n<div class=\"td-author-line\"> &#8211; <\/div>\n<\/div>\n<p><span class=\"td-post-date\"><time class=\"entry-date updated td-module-date\" datetime=\"2026-07-17T13:29:23+03:00\">17\/07\/2026<\/time><\/span><\/div>\n<\/header>\n<\/div>\n<\/div>\n<\/div>\n<div id=\"td-full-screen-header-image\" class=\"td-image-gradient-style7\"><img decoding=\"async\" class=\"td-backstretch\" src=\"https:\/\/orasul-timisoara.ro\/wp-content\/uploads\/2023\/09\/lucrari-drum-copy.jpg\"><\/div>\n<\/div>\n<div class=\"td-container\">\n<div class=\"td-pb-row\">\n<div class=\"td-pb-span8 td-main-content\" role=\"main\">\n<div class=\"td-ss-main-content\">\n<div class=\"td-post-sharing-top\">\n<div class=\"td-post-sharing-classic\"><iframe title=\"topFacebookLike\" frameborder src=\"https:\/\/www.facebook.com\/plugins\/like.php?href=https:\/\/orasul-timisoara.ro\/local-39708\/&amp;layout=button_count&amp;show_faces=false&amp;width=105&amp;action=like&amp;colorscheme=light&amp;height=21\"><\/iframe><\/div>\n<div id=\"td_social_sharing_article_top\" class=\"td-post-sharing td-ps-bg td-ps-notext td-post-sharing-style1 \">\n<div class=\"td-post-sharing-visible\"><a class=\"td-social-sharing-button td-social-sharing-button-js td-social-network td-social-facebook\" href=\"https:\/\/www.facebook.com\/sharer.php?u=https%3A%2F%2Forasul-timisoara.ro%2Flocal-39708%2F\" title=\"Facebook\"><\/p>\n<div class=\"td-social-but-text\">Facebook<\/div>\n<p><\/a><a class=\"td-social-sharing-button td-social-sharing-button-js td-social-network td-social-twitter\" href=\"https:\/\/twitter.com\/intent\/tweet?text=Trafic+restric%C8%9Bionat+%C3%AEn+mai+multe+zone+din+Timi%C8%99oara+%C3%AEncep%C3%A2nd+cu+20+iulie&amp;url=https%3A%2F%2Forasul-timisoara.ro%2Flocal-39708%2F&amp;via=orasultm\" title=\"Twitter\"><\/p>\n<div class=\"td-social-but-text\">Twitter<\/div>\n<p><\/a><a class=\"td-social-sharing-button td-social-sharing-button-js td-social-network td-social-whatsapp\" href=\"https:\/\/api.whatsapp.com\/send?text=Trafic+restric%C8%9Bionat+%C3%AEn+mai+multe+zone+din+Timi%C8%99oara+%C3%AEncep%C3%A2nd+cu+20+iulie%20%0A%0A%20https:\/\/orasul-timisoara.ro\/local-39708\/\" title=\"WhatsApp\"><\/p>\n<div class=\"td-social-but-text\">WhatsApp<\/div>\n<p><\/a><a class=\"td-social-sharing-button td-social-sharing-button-js td-social-network td-social-linkedin\" href=\"https:\/\/www.linkedin.com\/shareArticle?mini=true&amp;url=https:\/\/orasul-timisoara.ro\/local-39708\/&amp;title=Trafic+restric%C8%9Bionat+%C3%AEn+mai+multe+zone+din+Timi%C8%99oara+%C3%AEncep%C3%A2nd+cu+20+iulie\" title=\"Linkedin\"><\/p>\n<div class=\"td-social-but-text\">Linkedin<\/div>\n<p><\/a><a class=\"td-social-sharing-button td-social-sharing-button-js td-social-network td-social-reddit\" href=\"https:\/\/reddit.com\/submit?url=https:\/\/orasul-timisoara.ro\/local-39708\/&amp;title=Trafic+restric%C8%9Bionat+%C3%AEn+mai+multe+zone+din+Timi%C8%99oara+%C3%AEncep%C3%A2nd+cu+20+iulie\" title=\"ReddIt\"><\/p>\n<div class=\"td-social-but-text\">ReddIt<\/div>\n<p><\/a><a class=\"td-social-sharing-button td-social-sharing-button-js td-social-network td-social-mail\" href=\"mailto:?subject=Trafic%20restric%C8%9Bionat%20%C3%AEn%20mai%20multe%20zone%20din%20Timi%C8%99oara%20%C3%AEncep%C3%A2nd%20cu%2020%20iulie&amp;body=https:\/\/orasul-timisoara.ro\/local-39708\/\" title=\"Email\"><\/p>\n<div class=\"td-social-but-text\">Email<\/div>\n<p><\/a><a class=\"td-social-sharing-button td-social-sharing-button-js td-social-network td-social-print\" href=\"https:\/\/orasul-timisoara.ro\/local-39708\/\" title=\"Imprimare\"><\/p>\n<div class=\"td-social-but-text\">Imprimare<\/div>\n<p><\/a><\/div>\n<\/div>\n<\/div>\n<div class=\"td-post-content tagdiv-type\">\n<p class=\"wp-block-paragraph\">\u0218oferii \u0219i pietonii din Timi\u0219oara trebuie s\u0103 se preg\u0103teasc\u0103 pentru o serie de restric\u021bii de circula\u021bie care vor intra \u00een vigoare \u00eencep\u00e2nd de luni, 20 iulie 2026. Comisia de circula\u021bie din cadrul Prim\u0103riei Municipiului Timi\u0219oara a aprobat mai multe m\u0103suri de restric\u021bionare sau \u00eenchidere a traficului rutier, la solicitarea Societ\u0103\u021bii Drumuri Municipale, Delgaz Grid \u0219i companiei WEBUILD SPA Milano.<\/p>\n<p class=\"wp-block-paragraph\">M\u0103surile sunt necesare pentru desf\u0103\u0219urarea unor lucr\u0103ri de \u00eenlocuire a conductelor de gaze naturale, reabilitarea infrastructurii rutiere \u0219i executarea unor investi\u021bii \u00een cadrul proiectului de modernizare a c\u0103ii ferate Caransebe\u0219\u2013Timi\u0219oara\u2013Arad.<\/p>\n<h2 class=\"wp-block-heading\">Lucr\u0103ri la re\u021beaua de gaze naturale pe trei str\u0103zi din ora\u0219<\/h2>\n<p class=\"wp-block-paragraph\">La solicitarea Delgaz Grid, traficul rutier \u0219i pietonal va fi restric\u021bionat \u00een mai multe zone ale municipiului pentru \u00eenlocuirea conductelor de gaze naturale.<\/p>\n<p class=\"wp-block-paragraph\">Astfel, pe <strong>strada Doamna Chiajna<\/strong>, restric\u021biile vor fi \u00een vigoare \u00een perioada <strong>20 iulie \u2013 7 august 2026<\/strong>, zilnic \u00eentre orele <strong>08:00 \u0219i 18:00<\/strong>.<\/p>\n<p class=\"wp-block-paragraph\">\u00cen aceea\u0219i perioad\u0103 \u0219i \u00een acela\u0219i interval orar vor avea loc lucr\u0103ri \u0219i pe <strong>Calea Circumvala\u021biunii<\/strong>, pe tronsonul cuprins \u00eentre <strong>Calea Bogd\u0103ne\u0219tilor \u0219i strada Chi\u0219in\u0103u<\/strong>.<\/p>\n<p class=\"wp-block-paragraph\">O alt\u0103 interven\u021bie este programat\u0103 pe aleea din spatele <strong>str\u0103zii Gheorghe Laz\u0103r<\/strong>, \u00eentre imobilele cu numerele 34 \u0219i 37. Aici restric\u021biile vor fi aplicate \u00een perioada <strong>3 august \u2013 31 august 2026<\/strong>, \u00eentre orele <strong>08:00 \u0219i 18:00<\/strong>.<\/p>\n<h2 class=\"wp-block-heading\">Strada Lacului se \u00eenchide pentru asfaltare<\/h2>\n<p class=\"wp-block-paragraph\">Circula\u021bia rutier\u0103 va fi complet \u00eenchis\u0103 pe <strong>strada Lacului<\/strong>, pe segmentul cuprins \u00eentre <strong>strada Banatul \u0219i strada Dreptatea<\/strong>, \u00een perioada <strong>21\u201324 iulie 2026<\/strong>.<\/p>\n<p class=\"wp-block-paragraph\">Restric\u021bia va fi valabil\u0103 zilnic \u00eentre orele <strong>08:00 \u0219i 20:00<\/strong>, pentru executarea lucr\u0103rilor de \u00eenlocuire a covorului asfaltic.<\/p>\n<h2 class=\"wp-block-heading\">Restric\u021bii p\u00e2n\u0103 la finalul anului pe Aristide Demetriade \u0219i Divizia 9 Cavalerie<\/h2>\n<p class=\"wp-block-paragraph\">Printre cele mai ample restric\u021bii se num\u0103r\u0103 cele instituite pe <strong>strada Aristide Demetriade<\/strong> \u0219i <strong>strada Divizia 9 Cavalerie<\/strong>, unde traficul va fi restric\u021bionat \u00een perioada <strong>21 iulie \u2013 31 decembrie 2026<\/strong>.<\/p>\n<p class=\"wp-block-paragraph\">M\u0103sura este necesar\u0103 pentru amenajarea unui acces auto destinat lucr\u0103rilor din cadrul proiectului <strong>\u201eModernizarea liniei feroviare Caransebe\u0219\u2013Timi\u0219oara\u2013Arad, Lot 3 Timi\u0219oara Est\u2013Rona\u021b Triaj Gr. D \u2013 Etapa I\u201d<\/strong>, investi\u021bie care face parte din procesul de modernizare a infrastructurii feroviare din vestul \u021b\u0103rii.<\/p>\n<h2 class=\"wp-block-heading\">Prim\u0103ria recomand\u0103 rute alternative<\/h2>\n<p class=\"wp-block-paragraph\">Autorit\u0103\u021bile locale le recomand\u0103 conduc\u0103torilor auto s\u0103 \u00ee\u0219i planifice din timp deplas\u0103rile \u0219i s\u0103 utilizeze rute alternative \u00een zonele afectate de lucr\u0103ri, pentru a evita \u00eent\u00e2rzierile \u0219i aglomera\u021bia.<\/p>\n<p class=\"wp-block-paragraph\">Participan\u021bii la trafic sunt ruga\u021bi s\u0103 respecte semnalizarea rutier\u0103 temporar\u0103 instituit\u0103 pe durata interven\u021biilor \u0219i indica\u021biile poli\u021bi\u0219tilor sau ale personalului care coordoneaz\u0103 circula\u021bia \u00een zonele de \u0219antier.<\/p>\n<\/div>\n<footer>\n<div class=\"td-post-source-tags\">\n<ul class=\"td-tags td-post-small-box clearfix\">\n<li><span>ETICHETE<\/span><\/li>\n<li><a href=\"https:\/\/orasul-timisoara.ro\/local-tag\/aristide-demetriade\/\">Aristide Demetriade<\/a><\/li>\n<li><a href=\"https:\/\/orasul-timisoara.ro\/local-tag\/asfaltare\/\">asfaltare<\/a><\/li>\n<li><a href=\"https:\/\/orasul-timisoara.ro\/local-tag\/calea-circumvalatiunii-2\/\">Calea Circumvala\u021biunii<\/a><\/li>\n<li><a href=\"https:\/\/orasul-timisoara.ro\/local-tag\/delgaz-grid\/\">Delgaz Grid<\/a><\/li>\n<li><a href=\"https:\/\/orasul-timisoara.ro\/local-tag\/divizia-9-cavalerie\/\">Divizia 9 Cavalerie<\/a><\/li>\n<li><a href=\"https:\/\/orasul-timisoara.ro\/local-tag\/lucrari-gaze\/\">lucr\u0103ri gaze<\/a><\/li>\n<li><a href=\"https:\/\/orasul-timisoara.ro\/local-tag\/restrictii-de-circulatie-2\/\">restric\u021bii de circula\u021bie<\/a><\/li>\n<li><a href=\"https:\/\/orasul-timisoara.ro\/local-tag\/societatea-drumuri-municipale\/\">Societatea Drumuri Municipale<\/a><\/li>\n<li><a href=\"https:\/\/orasul-timisoara.ro\/local-tag\/strada-lacului\/\">strada Lacului<\/a><\/li>\n<li><a href=\"https:\/\/orasul-timisoara.ro\/local-tag\/timisoara-2\/\">timi\u0219oara<\/a><\/li>\n<li><a href=\"https:\/\/orasul-timisoara.ro\/local-tag\/trafic-timisoara-2\/\">trafic Timi\u0219oara<\/a><\/li>\n<li><a href=\"https:\/\/orasul-timisoara.ro\/local-tag\/webuild-spa-milano\/\">WEBUILD SPA Milano<\/a><\/li>\n<\/ul>\n<\/div>\n<div class=\"td-post-sharing-bottom\">\n<div class=\"td-post-sharing-classic\"><iframe title=\"bottomFacebookLike\" frameborder src=\"https:\/\/www.facebook.com\/plugins\/like.php?href=https:\/\/orasul-timisoara.ro\/local-39708\/&amp;layout=button_count&amp;show_faces=false&amp;width=105&amp;action=like&amp;colorscheme=light&amp;height=21\"><\/iframe><\/div>\n<div id=\"td_social_sharing_article_bottom\" class=\"td-post-sharing td-ps-bg td-ps-notext td-post-sharing-style1 \">\n<div class=\"td-post-sharing-visible\"><a class=\"td-social-sharing-button td-social-sharing-button-js td-social-network td-social-facebook\" href=\"https:\/\/www.facebook.com\/sharer.php?u=https%3A%2F%2Forasul-timisoara.ro%2Flocal-39708%2F\" title=\"Facebook\"><\/p>\n<div class=\"td-social-but-text\">Facebook<\/div>\n<p><\/a><a class=\"td-social-sharing-button td-social-sharing-button-js td-social-network td-social-twitter\" href=\"https:\/\/twitter.com\/intent\/tweet?text=Trafic+restric%C8%9Bionat+%C3%AEn+mai+multe+zone+din+Timi%C8%99oara+%C3%AEncep%C3%A2nd+cu+20+iulie&amp;url=https%3A%2F%2Forasul-timisoara.ro%2Flocal-39708%2F&amp;via=orasultm\" title=\"Twitter\"><\/p>\n<div class=\"td-social-but-text\">Twitter<\/div>\n<p><\/a><a class=\"td-social-sharing-button td-social-sharing-button-js td-social-network td-social-whatsapp\" href=\"https:\/\/api.whatsapp.com\/send?text=Trafic+restric%C8%9Bionat+%C3%AEn+mai+multe+zone+din+Timi%C8%99oara+%C3%AEncep%C3%A2nd+cu+20+iulie%20%0A%0A%20https:\/\/orasul-timisoara.ro\/local-39708\/\" title=\"WhatsApp\"><\/p>\n<div class=\"td-social-but-text\">WhatsApp<\/div>\n<p><\/a><a class=\"td-social-sharing-button td-social-sharing-button-js td-social-network td-social-linkedin\" href=\"https:\/\/www.linkedin.com\/shareArticle?mini=true&amp;url=https:\/\/orasul-timisoara.ro\/local-39708\/&amp;title=Trafic+restric%C8%9Bionat+%C3%AEn+mai+multe+zone+din+Timi%C8%99oara+%C3%AEncep%C3%A2nd+cu+20+iulie\" title=\"Linkedin\"><\/p>\n<div class=\"td-social-but-text\">Linkedin<\/div>\n<p><\/a><a class=\"td-social-sharing-button td-social-sharing-button-js td-social-network td-social-reddit\" href=\"https:\/\/reddit.com\/submit?url=https:\/\/orasul-timisoara.ro\/local-39708\/&amp;title=Trafic+restric%C8%9Bionat+%C3%AEn+mai+multe+zone+din+Timi%C8%99oara+%C3%AEncep%C3%A2nd+cu+20+iulie\" title=\"ReddIt\"><\/p>\n<div class=\"td-social-but-text\">ReddIt<\/div>\n<p><\/a><a class=\"td-social-sharing-button td-social-sharing-button-js td-social-network td-social-mail\" href=\"mailto:?subject=Trafic%20restric%C8%9Bionat%20%C3%AEn%20mai%20multe%20zone%20din%20Timi%C8%99oara%20%C3%AEncep%C3%A2nd%20cu%2020%20iulie&amp;body=https:\/\/orasul-timisoara.ro\/local-39708\/\" title=\"Email\"><\/p>\n<div class=\"td-social-but-text\">Email<\/div>\n<p><\/a><a class=\"td-social-sharing-button td-social-sharing-button-js td-social-network td-social-print\" href=\"https:\/\/orasul-timisoara.ro\/local-39708\/\" title=\"Imprimare\"><\/p>\n<div class=\"td-social-but-text\">Imprimare<\/div>\n<p><\/a><\/div>\n<\/div>\n<\/div>\n<div class=\"td-block-row td-post-next-prev\">\n<div class=\"td-block-span6 td-post-prev-post\">\n<div class=\"td-post-next-prev-content\"><span>Articolul precedent<\/span><a href=\"https:\/\/orasul-timisoara.ro\/local-39705\/\">Toate zborurile de pe Aeroportul Timi\u0219oara vor fi suspendate \u00eentre 2 \u0219i 22 noiembrie<\/a><\/div>\n<\/div>\n<div class=\"td-block-span6 td-post-next-post\">\n<div class=\"td-post-next-prev-content\"><span>Articolul urm\u0103tor<\/span><a href=\"https:\/\/orasul-timisoara.ro\/local-39710\/\">Poli\u021bia Local\u0103 Timi\u0219oara a amendat 158 de asocia\u021bii de proprietari pentru nereguli<\/a><\/div>\n<\/div>\n<\/div>\n<div class=\"td-author-name vcard author\"><span class=\"fn\"><a href=\"https:\/\/orasul-timisoara.ro\/author\/timisoara\/\">redactia<\/a><\/span><\/div>\n<p><span class=\"td-page-meta\"><\/span><span class=\"td-page-meta\"><span class=\"td-page-meta\"><\/span><\/span><span class=\"td-page-meta\"><\/span><\/footer>\n<div class=\"td_block_wrap td_block_related_posts tdi_3 td_with_ajax_pagination td-pb-border-top td_block_template_8\" data-td-block-uid=\"tdi_3\">\n<h4 class=\"td-related-title td-block-title\"><a id=\"tdi_4\" class=\"td-related-left td-cur-simple-item\" data-td_filter_value data-td_block_id=\"tdi_3\" href=\"https:\/\/orasul-timisoara.ro\/local-39708\/\">ARTICOLE SIMILARE<\/a><a id=\"tdi_5\" class=\"td-related-right\" data-td_filter_value=\"td_related_more_from_author\" data-td_block_id=\"tdi_3\" href=\"https:\/\/orasul-timisoara.ro\/local-39708\/\">DE LA ACELA\u0218I AUTOR<\/a><\/h4>\n<div id=\"tdi_3\" class=\"td_block_inner\">\n<div class=\"td-related-row\">\n<div class=\"td-related-span4\">\n<div class=\"td_module_related_posts td-animation-stack td_mod_related_posts\">\n<div class=\"td-module-image\">\n<div class=\"td-module-thumb\"><a href=\"https:\/\/orasul-timisoara.ro\/local-39374\/\" rel=\"bookmark\" class=\"td-image-wrap \" title=\"Lucr\u0103ri \u0219i pe timpul nop\u021bii pe DN 59A, la S\u0103c\u0103laz. Se asfalteaz\u0103 drumul spre Timi\u0219oara\"><img loading=\"lazy\" decoding=\"async\" class=\"entry-thumb\" src=\"https:\/\/orasul-timisoara.ro\/wp-content\/uploads\/2026\/06\/sacakaz-lucrari-noaptea-436x300.jpg\" alt title=\"Lucr\u0103ri \u0219i pe timpul nop\u021bii pe DN 59A, la S\u0103c\u0103laz. Se asfalteaz\u0103 drumul spre Timi\u0219oara\" width=\"218\" height=\"150\"><\/a><\/div>\n<\/div>\n<div class=\"item-details\">\n<h3 class=\"entry-title td-module-title\"><a href=\"https:\/\/orasul-timisoara.ro\/local-39374\/\" rel=\"bookmark\" title=\"Lucr\u0103ri \u0219i pe timpul nop\u021bii pe DN 59A, la S\u0103c\u0103laz. Se asfalteaz\u0103 drumul spre Timi\u0219oara\">Lucr\u0103ri \u0219i pe timpul nop\u021bii pe DN 59A, la S\u0103c\u0103laz. Se asfalteaz\u0103 drumul spre Timi\u0219oara<\/a><\/h3>\n<\/div>\n<\/div>\n<\/div>\n<div class=\"td-related-span4\">\n<div class=\"td_module_related_posts td-animation-stack td_mod_related_posts\">\n<div class=\"td-module-image\">\n<div class=\"td-module-thumb\"><a href=\"https:\/\/orasul-timisoara.ro\/local-39250\/\" rel=\"bookmark\" class=\"td-image-wrap \" title=\"DN 59B prinde contur: lucr\u0103rile dintre Deta, Livezile \u0219i Cruceni avanseaz\u0103 rapid\"><img loading=\"lazy\" decoding=\"async\" class=\"entry-thumb\" src=\"https:\/\/orasul-timisoara.ro\/wp-content\/uploads\/2026\/06\/Screenshot-2026-06-20-194123-436x300.jpg\" alt title=\"DN 59B prinde contur: lucr\u0103rile dintre Deta, Livezile \u0219i Cruceni avanseaz\u0103 rapid\" width=\"218\" height=\"150\"><\/a><\/div>\n<\/div>\n<div class=\"item-details\">\n<h3 class=\"entry-title td-module-title\"><a href=\"https:\/\/orasul-timisoara.ro\/local-39250\/\" rel=\"bookmark\" title=\"DN 59B prinde contur: lucr\u0103rile dintre Deta, Livezile \u0219i Cruceni avanseaz\u0103 rapid\">DN 59B prinde contur: lucr\u0103rile dintre Deta, Livezile \u0219i Cruceni avanseaz\u0103 rapid<\/a><\/h3>\n<\/div>\n<\/div>\n<\/div>\n<div class=\"td-related-span4\">\n<div class=\"td_module_related_posts td-animation-stack td_mod_related_posts\">\n<div class=\"td-module-image\">\n<div class=\"td-module-thumb\"><a href=\"https:\/\/orasul-timisoara.ro\/local-38941\/\" rel=\"bookmark\" class=\"td-image-wrap \" title=\"Restric\u021bii de trafic \u00een Timi\u0219oara: mai multe str\u0103zi \u0219i bulevarde vor fi \u00eenchise \u00een urm\u0103toarele s\u0103pt\u0103m\u00e2ni\"><img loading=\"lazy\" decoding=\"async\" class=\"entry-thumb\" src=\"https:\/\/orasul-timisoara.ro\/wp-content\/uploads\/2026\/05\/lucrari-rebreanu-436x300.jpg\" alt title=\"Restric\u021bii de trafic \u00een Timi\u0219oara: mai multe str\u0103zi \u0219i bulevarde vor fi \u00eenchise \u00een urm\u0103toarele s\u0103pt\u0103m\u00e2ni\" width=\"218\" height=\"150\"><\/a><\/div>\n<\/div>\n<div class=\"item-details\">\n<h3 class=\"entry-title td-module-title\"><a href=\"https:\/\/orasul-timisoara.ro\/local-38941\/\" rel=\"bookmark\" title=\"Restric\u021bii de trafic \u00een Timi\u0219oara: mai multe str\u0103zi \u0219i bulevarde vor fi \u00eenchise \u00een urm\u0103toarele s\u0103pt\u0103m\u00e2ni\">Restric\u021bii de trafic \u00een Timi\u0219oara: mai multe str\u0103zi \u0219i bulevarde vor fi \u00eenchise \u00een urm\u0103toarele s\u0103pt\u0103m\u00e2ni<\/a><\/h3>\n<\/div>\n<\/div>\n<\/div>\n<\/div>\n<\/div>\n<\/div>\n<div class=\"comments\" id=\"comments\">\n<div id=\"respond\" class=\"comment-respond\">\n<h3 id=\"reply-title\" class=\"comment-reply-title\">L\u0102SA\u021aI UN MESAJ<\/h3>\n<div class=\"comment-form-input-wrap td-form-comment\">\n<div class=\"td-warning-comment\">V\u0103 rug\u0103m s\u0103 introduce\u021bi comentariul dvs.!<\/div>\n<\/div>\n<div class=\"comment-form-input-wrap td-form-author\">\n<div class=\"td-warning-author\">Introduce\u021bi aici numele dvs.<\/div>\n<\/div>\n<div class=\"comment-form-input-wrap td-form-email\">\n<div class=\"td-warning-email-error\">A\u021bi introdus o adres\u0103 de e-mail incorect\u0103!<\/div>\n<div class=\"td-warning-email\">V\u0103 rug\u0103m s\u0103 introduce\u021bi adresa dvs. de e-mail aici<\/div>\n<\/div>\n<\/div>\n<p class=\"akismet_comment_form_privacy_notice\">Acest site folose\u0219te Akismet pentru a reduce spamul. <a href=\"https:\/\/akismet.com\/privacy\/\" target=\"_blank\" rel=\"nofollow noopener\">Afl\u0103 cum sunt procesate datele comentariilor tale<\/a>.<\/p>\n<\/div>\n<\/div>\n<\/div>\n<div class=\"td-pb-span4 td-main-sidebar\" role=\"complementary\">\n<div class=\"td-ss-main-sidebar\">\n<aside id=\"block-4\" class=\"td_block_template_8 widget block-4 widget_block widget_media_image\">\n<figure class=\"wp-block-image size-full\"><img loading=\"lazy\" decoding=\"async\" width=\"336\" height=\"280\" src=\"https:\/\/orasul-timisoara.ro\/wp-content\/uploads\/2024\/11\/ReTIM-Abonamentul-Verde-Google-Ads-336x280px.gif\" alt class=\"wp-image-29257\"><\/figure>\n<\/aside>\n<div class=\"td_block_wrap td_block_social_counter td_block_widget tdi_6 td-social-style5 td-social-boxed td-pb-border-top td_block_template_8\">\n<div class=\"td-block-title-wrap\">\n<h4 class=\"td-block-title\"><span>Urm\u0103re\u0219te-ne pe Social Media<\/span><\/h4>\n<\/div>\n<div class=\"td-social-list\">\n<div class=\"td_social_type td-pb-margin-side td_social_facebook\">\n<div class=\"td-social-box\"><span class=\"td_social_info td_social_info_counter\">344,595<\/span><span class=\"td_social_info td_social_info_name\">Fani<\/span><span class=\"td_social_button\"><a href=\"https:\/\/www.facebook.com\/247timisoara\" target=\"_blank\" rel=\"nofollow\">\u00cemi place<\/a><\/span><\/div>\n<\/div>\n<div class=\"td_social_type td-pb-margin-side td_social_instagram\">\n<div class=\"td-social-box\"><span class=\"td_social_info td_social_info_counter\">4,416<\/span><span class=\"td_social_info td_social_info_name\">Cititori<\/span><span class=\"td_social_button\"><a href=\"https:\/\/instagram.com\/orasultimisoararo\/\" target=\"_blank\" rel=\"nofollow\">Conecta\u021bi-v\u0103<\/a><\/span><\/div>\n<\/div>\n<div class=\"td_social_type td-pb-margin-side td_social_rss\">\n<div class=\"td-social-box\"><span class=\"td_social_info td_social_info_counter\">12,506<\/span><span class=\"td_social_info td_social_info_name\">Cititori<\/span><span class=\"td_social_button\"><a href=\"https:\/\/orasul-timisoara.ro\/feed\/\" target=\"_blank\" rel=\"nofollow\">Conecta\u021bi-v\u0103<\/a><\/span><\/div>\n<\/div>\n<div class=\"td_social_type td-pb-margin-side td_social_tiktok\">\n<div class=\"td-social-box\"><span class=\"td_social_info td_social_info_counter\">1,500<\/span><span class=\"td_social_info td_social_info_name\">Cititori<\/span><span class=\"td_social_button\"><a href=\"https:\/\/www.tiktok.com\/@orasultimisoara\" target=\"_blank\" rel=\"nofollow\">Conecta\u021bi-v\u0103<\/a><\/span><\/div>\n<\/div>\n<div class=\"td_social_type td-pb-margin-side td_social_twitter\">\n<div class=\"td-social-box\"><span class=\"td_social_info td_social_info_counter\">1,595<\/span><span class=\"td_social_info td_social_info_name\">Cititori<\/span><span class=\"td_social_button\"><a href=\"https:\/\/twitter.com\/orasultm\" target=\"_blank\" rel=\"nofollow\">Conecta\u021bi-v\u0103<\/a><\/span><\/div>\n<\/div>\n<div class=\"td_social_type td-pb-margin-side td_social_youtube\">\n<div class=\"td-social-box\"><span class=\"td_social_info td_social_info_counter\">3,506<\/span><span class=\"td_social_info td_social_info_name\">Abona\u021bi<\/span><span class=\"td_social_button\"><a href=\"https:\/\/www.youtube.com\/channel\/UCQNsQvs2XCSIm1Z-AHRturw?sub_confirmation=1\" target=\"_blank\" rel=\"nofollow\">Abona\u021bi-v\u0103<\/a><\/span><\/div>\n<\/div>\n<\/div>\n<\/div>\n<aside id=\"text-7\" class=\"td_block_template_8 widget text-7 widget_text\">\n<h4 class=\"td-block-title\"><span>C\u0103ut\u0103ri populare pe OTM<\/span><\/h4>\n<div class=\"textwidget\"><a href=\"https:\/\/orasul-timisoara.ro\/?s=timisoara\"><span>Timisoara<\/span><\/a><a href=\"https:\/\/orasul-timisoara.ro\/?s=calin+dobra\"><span>Calin Dobra<\/span><\/a><a href=\"https:\/\/orasul-timisoara.ro\/?s=primaria+timisoara\"><span>Primaria Timisoara<\/span><\/a><a href=\"https:\/\/orasul-timisoara.ro\/?s=dominic+fritz\"><span>Dominic Fritz<\/span><\/a><a href=\"https:\/\/orasul-timisoara.ro\/?s=nicolae+robu\"><span>Nicolae Robu<\/span><\/a><a href=\"https:\/\/orasul-timisoara.ro\/?s=consiliul+local+timisoara\">Consiliul Local Timisoara<\/a><a href=\"https:\/\/orasul-timisoara.ro\/?s=consiliul+judetean+timis\"><span>Consiliul Judetean Timis<\/span><\/a><a href=\"https:\/\/orasul-timisoara.ro\/?s=cjt\"><span>CJT<\/span><\/a><a href=\"https:\/\/orasul-timisoara.ro\/?s=Alfred+Simonis\"><span>Alfred Simonis<\/span><\/a><a href=\"https:\/\/orasul-timisoara.ro\/?s=PNL\"><span>PNL<\/span><\/a><a href=\"https:\/\/orasul-timisoara.ro\/?s=coronavirus\"><span>coronavirus<\/span><\/a><a href=\"https:\/\/orasul-timisoara.ro\/?s=teatru+timisoara\">teatru Timisoara<\/a><a href=\"https:\/\/orasul-timisoara.ro\/?s=restaurante\"><span>restaurante Timisoara<\/span><\/a><a href=\"https:\/\/orasul-timisoara.ro\/?s=diskoteka\"><span>Diskoteka<\/span><\/a><a href=\"https:\/\/orasul-timisoara.ro\/?s=iulius+town\"><span>Iulius Town<\/span><\/a><a href=\"https:\/\/orasul-timisoara.ro\/?s=iulius+mall\"><span>Iulius Mall<\/span><\/a><a href=\"https:\/\/orasul-timisoara.ro\/?s=stpt\"><span>STPT<\/span><\/a><a href=\"https:\/\/orasul-timisoara.ro\/?s=alin+nica\"><span>Alin Nica<\/span><\/a><a href=\"https:\/\/orasul-timisoara.ro\/?s=psd\"><span>PSD<\/span><\/a><a href=\"https:\/\/orasul-timisoara.ro\/?s=aeroport\"><span>Aeroportul International Timisoara<\/span><\/a><a href=\"https:\/\/orasul-timisoara.ro\/?s=babes\"><span>Spitalul Victor Babes Timisoara<\/span><\/a><a href=\"https:\/\/orasul-timisoara.ro\/?s=poli\"><span>Poli Timi\u0219oara<\/span><\/a><a href=\"https:\/\/orasul-timisoara.ro\/?s=carantina\"><span>carantina<\/span><\/a><a href=\"https:\/\/orasul-timisoara.ro\/?s=aquatim\"><span>Aquatim<\/span><\/a><a href=\"https:\/\/orasul-timisoara.ro\/local-category\/stiri-timisoara\/\"><span>Stiri Timisoara<\/span><\/a><a href=\"https:\/\/orasul-timisoara.ro\/local-category\/investitii-in-timisoara\/\"><span>Investi\u021bii in Timi\u0219oara<\/span><\/a><a href=\"https:\/\/orasul-timisoara.ro\/local-9463\/\"><span>shaorma<\/span><\/a><a href=\"https:\/\/orasul-timisoara.ro\/?s=trafic\"><span>trafic rutier<\/span><\/a><a href=\"https:\/\/orasul-timisoara.ro\/?s=politia\"><span>politia locala timisoara<\/span><\/a><a href=\"https:\/\/orasul-timisoara.ro\/?s=roxana\"><span>Roxana Iliescu<\/span><\/a><a href=\"https:\/\/orasul-timisoara.ro\/?s=colterm\"><span>Colterm<\/span><\/a><a href=\"https:\/\/orasul-timisoara.ro\/?s=latcau\"><span>Ruben La\u021bc\u0103u<\/span><\/a><a href=\"https:\/\/orasul-timisoara.ro\/?s=timis\"><span>\u0218tiri din Timi\u0219<\/span><\/a><a href=\"https:\/\/orasul-timisoara.ro\/?s=spital\"><span>Spitale din Timi\u0219oara<\/span><\/a><a href=\"https:\/\/orasul-timisoara.ro\/?s=tabara\"><span>Cosmin Tab\u0103r\u0103<\/span><\/a><\/div>\n<\/aside>\n<aside id=\"rss-2\" class=\"td_block_template_8 widget rss-2 widget_rss\">\n<h4 class=\"td-block-title\"><span><a class=\"rsswidget rss-widget-feed\" href=\"https:\/\/fashionfridays.ro\/feed\"><img decoding=\"async\" class=\"rss-widget-icon\" width=\"14\" height=\"14\" src=\"https:\/\/orasul-timisoara.ro\/wp-includes\/images\/rss.png\" alt=\"RSS\" loading=\"lazy\"><\/a><a class=\"rsswidget rss-widget-title\" href=\"https:\/\/fashionfridays.ro\/\">Fashion Fridays<\/a><\/span><\/h4>\n<ul>\n<li><a class=\"rsswidget\" href=\"https:\/\/fashionfridays.ro\/romania-devine-a-29-a-piata-vogue-o-noua-era-pentru-industria-locala-de-moda\/\">Rom\u00e2nia devine a 29-a pia\u021b\u0103 Vogue: o nou\u0103 er\u0103 pentru industria local\u0103 de mod\u0103<\/a>\n<div class=\"rssSummary\">Revista Vogue \u00ee\u0219i extinde prezen\u021ba global\u0103 \u0219i va fi lansat\u0103 oficial \u00een Rom\u00e2nia \u00een prim\u0103vara anului 2027, marc\u00e2nd intrarea pe cea de-a 29-a pia\u021b\u0103 interna\u021bional\u0103. Proiectul este realizat \u00een parteneriat cu AEMME Publishing, o companie media recent \u00eenfiin\u021bat\u0103, care va publica edi\u021bia local\u0103 sub licen\u021b\u0103. Noua edi\u021bie, Vogue Rom\u00e2nia, \u00ee\u0219i propune s\u0103 combine autoritatea global\u0103 [\u2026]<\/div>\n<\/li>\n<\/ul>\n<\/aside>\n<aside id=\"rss-4\" class=\"td_block_template_8 widget rss-4 widget_rss\">\n<h4 class=\"td-block-title\"><span><a class=\"rsswidget rss-widget-feed\" href=\"https:\/\/emasini.ro\/feed\"><img decoding=\"async\" class=\"rss-widget-icon\" width=\"14\" height=\"14\" src=\"https:\/\/orasul-timisoara.ro\/wp-includes\/images\/rss.png\" alt=\"RSS\" loading=\"lazy\"><\/a><a class=\"rsswidget rss-widget-title\" href=\"https:\/\/emasini.ro\/\">eMasini<\/a><\/span><\/h4>\n<ul>\n<li><a class=\"rsswidget\" href=\"https:\/\/emasini.ro\/dacia-analizeaza-lansarea-lui-hipster-automobilul-urban-de-doar-3-metri-lungime\/\">Dacia analizeaz\u0103 lansarea lui Hipster, automobilul urban de doar 3 metri lungime (video)<\/a>\n<div class=\"rssSummary\">Dacia ar putea introduce pe pia\u021b\u0103 unul dintre cele mai neobi\u0219nuite modele din istoria sa recent\u0103. Conceptul Hipster, prezentat anul trecut ca o reinterpretare radical\u0103 a automobilului urban accesibil, se afl\u0103 \u00een prezent \u00eentr-o etap\u0103 de evaluare, iar decizia privind produc\u021bia de serie va fi luat\u0103 \u00een func\u021bie de reac\u021bia publicului \u0219i de evolu\u021bia reglement\u0103rilor [\u2026]<\/div>\n<\/li>\n<\/ul>\n<\/aside>\n<\/div>\n<\/div>\n<\/div>\n<\/div>\n<\/article>\n<div class=\"td-post-content tagdiv-type\">\n<p class=\"wp-block-paragraph\">\u0218oferii \u0219i pietonii din Timi\u0219oara trebuie s\u0103 se preg\u0103teasc\u0103 pentru o serie de restric\u021bii de circula\u021bie care vor intra \u00een vigoare \u00eencep\u00e2nd de luni, 20 iulie 2026. Comisia de circula\u021bie din cadrul Prim\u0103riei Municipiului Timi\u0219oara a aprobat mai multe m\u0103suri de restric\u021bionare sau \u00eenchidere a traficului rutier, la solicitarea Societ\u0103\u021bii Drumuri Municipale, Delgaz Grid \u0219i companiei WEBUILD SPA Milano.<\/p>\n<p class=\"wp-block-paragraph\">M\u0103surile sunt necesare pentru desf\u0103\u0219urarea unor lucr\u0103ri de \u00eenlocuire a conductelor de gaze naturale, reabilitarea infrastructurii rutiere \u0219i executarea unor investi\u021bii \u00een cadrul proiectului de modernizare a c\u0103ii ferate Caransebe\u0219\u2013Timi\u0219oara\u2013Arad.<\/p>\n<h2 class=\"wp-block-heading\">Lucr\u0103ri la re\u021beaua de gaze naturale pe trei str\u0103zi din ora\u0219<\/h2>\n<p class=\"wp-block-paragraph\">La solicitarea Delgaz Grid, traficul rutier \u0219i pietonal va fi restric\u021bionat \u00een mai multe zone ale municipiului pentru \u00eenlocuirea conductelor de gaze naturale.<\/p>\n<p class=\"wp-block-paragraph\">Astfel, pe <strong>strada Doamna Chiajna<\/strong>, restric\u021biile vor fi \u00een vigoare \u00een perioada <strong>20 iulie \u2013 7 august 2026<\/strong>, zilnic \u00eentre orele <strong>08:00 \u0219i 18:00<\/strong>.<\/p>\n<p class=\"wp-block-paragraph\">\u00cen aceea\u0219i perioad\u0103 \u0219i \u00een acela\u0219i interval orar vor avea loc lucr\u0103ri \u0219i pe <strong>Calea Circumvala\u021biunii<\/strong>, pe tronsonul cuprins \u00eentre <strong>Calea Bogd\u0103ne\u0219tilor \u0219i strada Chi\u0219in\u0103u<\/strong>.<\/p>\n<p class=\"wp-block-paragraph\">O alt\u0103 interven\u021bie este programat\u0103 pe aleea din spatele <strong>str\u0103zii Gheorghe Laz\u0103r<\/strong>, \u00eentre imobilele cu numerele 34 \u0219i 37. Aici restric\u021biile vor fi aplicate \u00een perioada <strong>3 august \u2013 31 august 2026<\/strong>, \u00eentre orele <strong>08:00 \u0219i 18:00<\/strong>.<\/p>\n<h2 class=\"wp-block-heading\">Strada Lacului se \u00eenchide pentru asfaltare<\/h2>\n<p class=\"wp-block-paragraph\">Circula\u021bia rutier\u0103 va fi complet \u00eenchis\u0103 pe <strong>strada Lacului<\/strong>, pe segmentul cuprins \u00eentre <strong>strada Banatul \u0219i strada Dreptatea<\/strong>, \u00een perioada <strong>21\u201324 iulie 2026<\/strong>.<\/p>\n<p class=\"wp-block-paragraph\">Restric\u021bia va fi valabil\u0103 zilnic \u00eentre orele <strong>08:00 \u0219i 20:00<\/strong>, pentru executarea lucr\u0103rilor de \u00eenlocuire a covorului asfaltic.<\/p>\n<h2 class=\"wp-block-heading\">Restric\u021bii p\u00e2n\u0103 la finalul anului pe Aristide Demetriade \u0219i Divizia 9 Cavalerie<\/h2>\n<p class=\"wp-block-paragraph\">Printre cele mai ample restric\u021bii se num\u0103r\u0103 cele instituite pe <strong>strada Aristide Demetriade<\/strong> \u0219i <strong>strada Divizia 9 Cavalerie<\/strong>, unde traficul va fi restric\u021bionat \u00een perioada <strong>21 iulie \u2013 31 decembrie 2026<\/strong>.<\/p>\n<p class=\"wp-block-paragraph\">M\u0103sura este necesar\u0103 pentru amenajarea unui acces auto destinat lucr\u0103rilor din cadrul proiectului <strong>\u201eModernizarea liniei feroviare Caransebe\u0219\u2013Timi\u0219oara\u2013Arad, Lot 3 Timi\u0219oara Est\u2013Rona\u021b Triaj Gr. D \u2013 Etapa I\u201d<\/strong>, investi\u021bie care face parte din procesul de modernizare a infrastructurii feroviare din vestul \u021b\u0103rii.<\/p>\n<h2 class=\"wp-block-heading\">Prim\u0103ria recomand\u0103 rute alternative<\/h2>\n<p class=\"wp-block-paragraph\">Autorit\u0103\u021bile locale le recomand\u0103 conduc\u0103torilor auto s\u0103 \u00ee\u0219i planifice din timp deplas\u0103rile \u0219i s\u0103 utilizeze rute alternative \u00een zonele afectate de lucr\u0103ri, pentru a evita \u00eent\u00e2rzierile \u0219i aglomera\u021bia.<\/p>\n<p class=\"wp-block-paragraph\">Participan\u021bii la trafic sunt ruga\u021bi s\u0103 respecte semnalizarea rutier\u0103 temporar\u0103 instituit\u0103 pe durata interven\u021biilor \u0219i indica\u021biile poli\u021bi\u0219tilor sau ale personalului care coordoneaz\u0103 circula\u021bia \u00een zonele de \u0219antier.<\/p>\n<\/div>\n<p>[analyse_source url=&#8221;https:\/\/orasul-timisoara.ro\/local-39708\/&#8221;]<\/p>\n","protected":false},"excerpt":{"rendered":"<p>[analyse_image type=&#8221;featured&#8221; src=&#8221;https:\/\/orasul-timisoara.ro\/wp-content\/uploads\/2023\/09\/lucrari-drum-copy.jpg&#8221;] Administra\u021bie local\u0103Trafic restric\u021bionat \u00een mai multe zone din Timi\u0219oara \u00eencep\u00e2nd cu 20 iulie Administra\u021bie local\u0103 \u0218tiri Locale Trafic restric\u021bionat \u00een mai multe zone din Timi\u0219oara \u00eencep\u00e2nd cu 20 iulie De c\u0103tre redactia &#8211; 17\/07\/2026 Facebook Twitter WhatsApp Linkedin ReddIt Email Imprimare \u0218oferii \u0219i pietonii din Timi\u0219oara trebuie s\u0103 se preg\u0103teasc\u0103 pentru o [&hellip;]<\/p>\n","protected":false},"author":1,"featured_media":0,"comment_status":"open","ping_status":"","sticky":false,"template":"","format":"standard","meta":{"footnotes":""},"categories":[89],"tags":[226,189],"class_list":["post-2048119","post","type-post","status-publish","format-standard","hentry","category-romania","tag-crawlmanager","tag-orasul-timisoara-ro"],"_links":{"self":[{"href":"https:\/\/analyse.optim.biz\/index.php?rest_route=\/wp\/v2\/posts\/2048119","targetHints":{"allow":["GET"]}}],"collection":[{"href":"https:\/\/analyse.optim.biz\/index.php?rest_route=\/wp\/v2\/posts"}],"about":[{"href":"https:\/\/analyse.optim.biz\/index.php?rest_route=\/wp\/v2\/types\/post"}],"author":[{"embeddable":true,"href":"https:\/\/analyse.optim.biz\/index.php?rest_route=\/wp\/v2\/users\/1"}],"replies":[{"embeddable":true,"href":"https:\/\/analyse.optim.biz\/index.php?rest_route=%2Fwp%2Fv2%2Fcomments&post=2048119"}],"version-history":[{"count":0,"href":"https:\/\/analyse.optim.biz\/index.php?rest_route=\/wp\/v2\/posts\/2048119\/revisions"}],"wp:attachment":[{"href":"https:\/\/analyse.optim.biz\/index.php?rest_route=%2Fwp%2Fv2%2Fmedia&parent=2048119"}],"wp:term":[{"taxonomy":"category","embeddable":true,"href":"https:\/\/analyse.optim.biz\/index.php?rest_route=%2Fwp%2Fv2%2Fcategories&post=2048119"},{"taxonomy":"post_tag","embeddable":true,"href":"https:\/\/analyse.optim.biz\/index.php?rest_route=%2Fwp%2Fv2%2Ftags&post=2048119"}],"curies":[{"name":"wp","href":"https:\/\/api.w.org\/{rel}","templated":true}]}}