{"id":2048117,"date":"2026-07-17T09:41:45","date_gmt":"2026-07-17T06:41:45","guid":{"rendered":"https:\/\/analyse.optim.biz\/?p=2048117"},"modified":"2026-07-17T09:41:45","modified_gmt":"2026-07-17T06:41:45","slug":"toate-zborurile-de-pe-aeroportul-timisoara-vor-fi-suspendate-intre-2-si-22-noiembrie","status":"publish","type":"post","link":"https:\/\/analyse.optim.biz\/?p=2048117","title":{"rendered":"Toate zborurile de pe Aeroportul Timi\u0219oara vor fi suspendate \u00eentre 2 \u0219i 22 noiembrie"},"content":{"rendered":"<p>[analyse_image type=&#8221;featured&#8221; src=&#8221;https:\/\/orasul-timisoara.ro\/wp-content\/uploads\/2026\/07\/pista-aeroport-timisoara.jpg&#8221;]<\/p>\n<article id=\"post-39705\" class=\"td-post-template-7 post-39705 post type-post status-publish format-standard has-post-thumbnail category-featured category-stiri-timisoara category-turism tag-aeroport tag-aeroportul-international-timisoara-2 tag-aeroportul-traian-vuia tag-aviatie tag-companii-aeriene tag-infrastructura-aeroportuara tag-lucrari-la-pista tag-noiembrie-2026 tag-siguranta-operationala tag-timisoara-2 tag-transport-aerian tag-zboruri-suspendate td-container-wrap\">\n<div class=\"td-full-screen-header-image-wrap\">\n<div class=\"td-container td-post-header\">\n<div class=\"td-crumb-container\">\n<div class=\"entry-crumbs\"><span><a title=\"Vede\u021bi toate articolele \u00een \u0218tiri Locale\" class=\"entry-crumb\" href=\"https:\/\/orasul-timisoara.ro\/local-category\/stiri-timisoara\/\">\u0218tiri Locale<\/a><\/span><span class=\"td-bred-no-url-last\">Toate zborurile de pe Aeroportul Timi\u0219oara vor fi suspendate \u00eentre 2 \u0219i&#8230;<\/span><\/div>\n<\/div>\n<div class=\"td-post-header-holder\">\n<div class=\"td-parallax-header\">\n<header class=\"td-post-title\">\n<ul class=\"td-category\">\n<li class=\"entry-category\"><a href=\"https:\/\/orasul-timisoara.ro\/local-category\/stiri-timisoara\/\">\u0218tiri Locale<\/a><\/li>\n<li class=\"entry-category\"><a href=\"https:\/\/orasul-timisoara.ro\/local-category\/turism\/\">Turism<\/a><\/li>\n<\/ul>\n<h1 class=\"entry-title\">Toate zborurile de pe Aeroportul Timi\u0219oara vor fi suspendate \u00eentre 2 \u0219i 22 noiembrie<\/h1>\n<div class=\"td-module-meta-info\">\n<div class=\"td-post-author-name\">\n<div class=\"td-author-by\">De c\u0103tre<\/div>\n<p><a href=\"https:\/\/orasul-timisoara.ro\/author\/timisoara\/\">redactia<\/a><\/p>\n<div class=\"td-author-line\"> &#8211; <\/div>\n<\/div>\n<p><span class=\"td-post-date\"><time class=\"entry-date updated td-module-date\" datetime=\"2026-07-17T12:41:45+03:00\">17\/07\/2026<\/time><\/span><\/div>\n<\/header>\n<\/div>\n<\/div>\n<\/div>\n<div id=\"td-full-screen-header-image\" class=\"td-image-gradient-style7\"><img decoding=\"async\" class=\"td-backstretch\" src=\"https:\/\/orasul-timisoara.ro\/wp-content\/uploads\/2026\/07\/pista-aeroport-timisoara.jpg\"><\/div>\n<\/div>\n<div class=\"td-container\">\n<div class=\"td-pb-row\">\n<div class=\"td-pb-span8 td-main-content\" role=\"main\">\n<div class=\"td-ss-main-content\">\n<div class=\"td-post-sharing-top\">\n<div class=\"td-post-sharing-classic\"><iframe title=\"topFacebookLike\" frameborder src=\"https:\/\/www.facebook.com\/plugins\/like.php?href=https:\/\/orasul-timisoara.ro\/local-39705\/&amp;layout=button_count&amp;show_faces=false&amp;width=105&amp;action=like&amp;colorscheme=light&amp;height=21\"><\/iframe><\/div>\n<div id=\"td_social_sharing_article_top\" class=\"td-post-sharing td-ps-bg td-ps-notext td-post-sharing-style1 \">\n<div class=\"td-post-sharing-visible\"><a class=\"td-social-sharing-button td-social-sharing-button-js td-social-network td-social-facebook\" href=\"https:\/\/www.facebook.com\/sharer.php?u=https%3A%2F%2Forasul-timisoara.ro%2Flocal-39705%2F\" title=\"Facebook\"><\/p>\n<div class=\"td-social-but-text\">Facebook<\/div>\n<p><\/a><a class=\"td-social-sharing-button td-social-sharing-button-js td-social-network td-social-twitter\" href=\"https:\/\/twitter.com\/intent\/tweet?text=Toate+zborurile+de+pe+Aeroportul+Timi%C8%99oara+vor+fi+suspendate+%C3%AEntre+2+%C8%99i+22+noiembrie&amp;url=https%3A%2F%2Forasul-timisoara.ro%2Flocal-39705%2F&amp;via=orasultm\" title=\"Twitter\"><\/p>\n<div class=\"td-social-but-text\">Twitter<\/div>\n<p><\/a><a class=\"td-social-sharing-button td-social-sharing-button-js td-social-network td-social-whatsapp\" href=\"https:\/\/api.whatsapp.com\/send?text=Toate+zborurile+de+pe+Aeroportul+Timi%C8%99oara+vor+fi+suspendate+%C3%AEntre+2+%C8%99i+22+noiembrie%20%0A%0A%20https:\/\/orasul-timisoara.ro\/local-39705\/\" title=\"WhatsApp\"><\/p>\n<div class=\"td-social-but-text\">WhatsApp<\/div>\n<p><\/a><a class=\"td-social-sharing-button td-social-sharing-button-js td-social-network td-social-linkedin\" href=\"https:\/\/www.linkedin.com\/shareArticle?mini=true&amp;url=https:\/\/orasul-timisoara.ro\/local-39705\/&amp;title=Toate+zborurile+de+pe+Aeroportul+Timi%C8%99oara+vor+fi+suspendate+%C3%AEntre+2+%C8%99i+22+noiembrie\" title=\"Linkedin\"><\/p>\n<div class=\"td-social-but-text\">Linkedin<\/div>\n<p><\/a><a class=\"td-social-sharing-button td-social-sharing-button-js td-social-network td-social-reddit\" href=\"https:\/\/reddit.com\/submit?url=https:\/\/orasul-timisoara.ro\/local-39705\/&amp;title=Toate+zborurile+de+pe+Aeroportul+Timi%C8%99oara+vor+fi+suspendate+%C3%AEntre+2+%C8%99i+22+noiembrie\" title=\"ReddIt\"><\/p>\n<div class=\"td-social-but-text\">ReddIt<\/div>\n<p><\/a><a class=\"td-social-sharing-button td-social-sharing-button-js td-social-network td-social-mail\" href=\"mailto:?subject=Toate%20zborurile%20de%20pe%20Aeroportul%20Timi%C8%99oara%20vor%20fi%20suspendate%20%C3%AEntre%202%20%C8%99i%2022%20noiembrie&amp;body=https:\/\/orasul-timisoara.ro\/local-39705\/\" title=\"Email\"><\/p>\n<div class=\"td-social-but-text\">Email<\/div>\n<p><\/a><a class=\"td-social-sharing-button td-social-sharing-button-js td-social-network td-social-print\" href=\"https:\/\/orasul-timisoara.ro\/local-39705\/\" title=\"Imprimare\"><\/p>\n<div class=\"td-social-but-text\">Imprimare<\/div>\n<p><\/a><\/div>\n<\/div>\n<\/div>\n<div class=\"td-post-content tagdiv-type\">\n<p class=\"wp-block-paragraph\">Aeroportul Interna\u021bional \u201eTraian Vuia\u201d din Timi\u0219oara va suspenda temporar toate opera\u021biunile de zbor \u00een luna noiembrie, pentru efectuarea unor lucr\u0103ri de repara\u021bii la pista de aterizare \u0219i decolare. M\u0103sura este necesar\u0103 pentru men\u021binerea standardelor de siguran\u021b\u0103 opera\u021bional\u0103 \u0219i va afecta at\u00e2t cursele interne, c\u00e2t \u0219i pe cele interna\u021bionale operate de pe aeroportul din vestul \u021b\u0103rii.<\/p>\n<p class=\"wp-block-paragraph\">\u00cen perioada 2 noiembrie 2026, ora 08:00 \u2013 22 noiembrie 2026, ora 21:00, pista va fi \u00eenchis\u0103 complet, iar toate opera\u021biunile de decolare \u0219i aterizare vor fi suspendate. Reprezentan\u021bii aeroportului precizeaz\u0103 c\u0103 interven\u021biile nu pot fi realizate f\u0103r\u0103 \u00eenchiderea integral\u0103 a pistei.<\/p>\n<h2 class=\"wp-block-heading\">Lucr\u0103ri pentru cre\u0219terea siguran\u021bei opera\u021bionale<\/h2>\n<p class=\"wp-block-paragraph\">Potrivit conducerii Aeroportului Interna\u021bional Timi\u0219oara, lucr\u0103rile programate au rolul de a men\u021bine infrastructura aeroportuar\u0103 la cele mai \u00eenalte standarde de siguran\u021b\u0103 \u0219i exploatare.<\/p>\n<p class=\"wp-block-paragraph\">Interven\u021biile vizeaz\u0103 \u00eembun\u0103t\u0103\u021birea condi\u021biilor de operare ale pistei, astfel \u00eenc\u00e2t ateriz\u0103rile \u0219i decol\u0103rile s\u0103 se desf\u0103\u0219oare \u00een condi\u021bii optime de siguran\u021b\u0103 \u0219i \u00een anii urm\u0103tori. Reprezentan\u021bii aeroportului subliniaz\u0103 c\u0103 investi\u021bia este una necesar\u0103 pentru men\u021binerea unei infrastructuri moderne \u0219i fiabile, \u00een conformitate cu cerin\u021bele actuale din domeniul avia\u021biei.<\/p>\n<h2 class=\"wp-block-heading\">Companiile aeriene \u0219i-au adaptat programele de zbor<\/h2>\n<p class=\"wp-block-paragraph\">Operatorii aerieni care desf\u0103\u0219oar\u0103 curse de pe Aeroportul Interna\u021bional Timi\u0219oara au fost informa\u021bi din timp despre perioada \u00een care pista va fi indisponibil\u0103, pentru a putea modifica programele de zbor \u0219i pentru a-\u0219i informa pasagerii.<\/p>\n<p class=\"wp-block-paragraph\">\u00cen func\u021bie de politica fiec\u0103rei companii aeriene, pasagerii vor primi informa\u021bii privind reprogramarea curselor, rerutarea c\u0103tre alte aeroporturi sau alte op\u021biuni disponibile.<\/p>\n<h2 class=\"wp-block-heading\">Recomand\u0103ri pentru pasageri<\/h2>\n<p class=\"wp-block-paragraph\">Persoanele care au bilete de avion pentru perioada 2\u201322 noiembrie 2026 sunt sf\u0103tuite s\u0103 ia leg\u0103tura cu operatorul aerian de la care au achizi\u021bionat biletul \u0219i s\u0103 urm\u0103reasc\u0103 \u00een permanen\u021b\u0103 statusul zborului.<\/p>\n<p class=\"wp-block-paragraph\">Aeroportul recomand\u0103 verificarea informa\u021biilor oficiale transmise de companiile aeriene \u00eenainte de deplasarea c\u0103tre terminal, pentru a evita eventualele nepl\u0103ceri generate de modific\u0103rile din programul de operare.<\/p>\n<h2 class=\"wp-block-heading\">Investi\u021bie pentru viitorul aeroportului<\/h2>\n<p class=\"wp-block-paragraph\">Conducerea Aeroportului Interna\u021bional Timi\u0219oara \u00ee\u0219i cere scuze pentru disconfortul temporar creat de suspendarea activit\u0103\u021bii \u0219i le mul\u021bume\u0219te pasagerilor \u0219i partenerilor pentru \u00een\u021belegere.<\/p>\n<p class=\"wp-block-paragraph\">Reprezentan\u021bii institu\u021biei subliniaz\u0103 c\u0103 siguran\u021ba opera\u021bional\u0103 r\u0103m\u00e2ne principala prioritate, iar lucr\u0103rile programate reprezint\u0103 o investi\u021bie esen\u021bial\u0103 pentru men\u021binerea unui aeroport modern, sigur \u0219i capabil s\u0103 deserveasc\u0103 \u00een cele mai bune condi\u021bii traficul aerian din vestul Rom\u00e2niei.<\/p>\n<\/div>\n<footer>\n<div class=\"td-post-source-tags\">\n<ul class=\"td-tags td-post-small-box clearfix\">\n<li><span>ETICHETE<\/span><\/li>\n<li><a href=\"https:\/\/orasul-timisoara.ro\/local-tag\/aeroport\/\">aeroport<\/a><\/li>\n<li><a href=\"https:\/\/orasul-timisoara.ro\/local-tag\/aeroportul-international-timisoara-2\/\">Aeroportul Interna\u021bional Timi\u0219oara<\/a><\/li>\n<li><a href=\"https:\/\/orasul-timisoara.ro\/local-tag\/aeroportul-traian-vuia\/\">Aeroportul Traian Vuia<\/a><\/li>\n<li><a href=\"https:\/\/orasul-timisoara.ro\/local-tag\/aviatie\/\">avia\u021bie<\/a><\/li>\n<li><a href=\"https:\/\/orasul-timisoara.ro\/local-tag\/companii-aeriene\/\">companii aeriene<\/a><\/li>\n<li><a href=\"https:\/\/orasul-timisoara.ro\/local-tag\/infrastructura-aeroportuara\/\">infrastructur\u0103 aeroportuar\u0103<\/a><\/li>\n<li><a href=\"https:\/\/orasul-timisoara.ro\/local-tag\/lucrari-la-pista\/\">lucr\u0103ri la pist\u0103<\/a><\/li>\n<li><a href=\"https:\/\/orasul-timisoara.ro\/local-tag\/noiembrie-2026\/\">noiembrie 2026<\/a><\/li>\n<li><a href=\"https:\/\/orasul-timisoara.ro\/local-tag\/siguranta-operationala\/\">siguran\u021b\u0103 opera\u021bional\u0103<\/a><\/li>\n<li><a href=\"https:\/\/orasul-timisoara.ro\/local-tag\/timisoara-2\/\">timi\u0219oara<\/a><\/li>\n<li><a href=\"https:\/\/orasul-timisoara.ro\/local-tag\/transport-aerian\/\">transport aerian<\/a><\/li>\n<li><a href=\"https:\/\/orasul-timisoara.ro\/local-tag\/zboruri-suspendate\/\">zboruri suspendate<\/a><\/li>\n<\/ul>\n<\/div>\n<div class=\"td-post-sharing-bottom\">\n<div class=\"td-post-sharing-classic\"><iframe title=\"bottomFacebookLike\" frameborder src=\"https:\/\/www.facebook.com\/plugins\/like.php?href=https:\/\/orasul-timisoara.ro\/local-39705\/&amp;layout=button_count&amp;show_faces=false&amp;width=105&amp;action=like&amp;colorscheme=light&amp;height=21\"><\/iframe><\/div>\n<div id=\"td_social_sharing_article_bottom\" class=\"td-post-sharing td-ps-bg td-ps-notext td-post-sharing-style1 \">\n<div class=\"td-post-sharing-visible\"><a class=\"td-social-sharing-button td-social-sharing-button-js td-social-network td-social-facebook\" href=\"https:\/\/www.facebook.com\/sharer.php?u=https%3A%2F%2Forasul-timisoara.ro%2Flocal-39705%2F\" title=\"Facebook\"><\/p>\n<div class=\"td-social-but-text\">Facebook<\/div>\n<p><\/a><a class=\"td-social-sharing-button td-social-sharing-button-js td-social-network td-social-twitter\" href=\"https:\/\/twitter.com\/intent\/tweet?text=Toate+zborurile+de+pe+Aeroportul+Timi%C8%99oara+vor+fi+suspendate+%C3%AEntre+2+%C8%99i+22+noiembrie&amp;url=https%3A%2F%2Forasul-timisoara.ro%2Flocal-39705%2F&amp;via=orasultm\" title=\"Twitter\"><\/p>\n<div class=\"td-social-but-text\">Twitter<\/div>\n<p><\/a><a class=\"td-social-sharing-button td-social-sharing-button-js td-social-network td-social-whatsapp\" href=\"https:\/\/api.whatsapp.com\/send?text=Toate+zborurile+de+pe+Aeroportul+Timi%C8%99oara+vor+fi+suspendate+%C3%AEntre+2+%C8%99i+22+noiembrie%20%0A%0A%20https:\/\/orasul-timisoara.ro\/local-39705\/\" title=\"WhatsApp\"><\/p>\n<div class=\"td-social-but-text\">WhatsApp<\/div>\n<p><\/a><a class=\"td-social-sharing-button td-social-sharing-button-js td-social-network td-social-linkedin\" href=\"https:\/\/www.linkedin.com\/shareArticle?mini=true&amp;url=https:\/\/orasul-timisoara.ro\/local-39705\/&amp;title=Toate+zborurile+de+pe+Aeroportul+Timi%C8%99oara+vor+fi+suspendate+%C3%AEntre+2+%C8%99i+22+noiembrie\" title=\"Linkedin\"><\/p>\n<div class=\"td-social-but-text\">Linkedin<\/div>\n<p><\/a><a class=\"td-social-sharing-button td-social-sharing-button-js td-social-network td-social-reddit\" href=\"https:\/\/reddit.com\/submit?url=https:\/\/orasul-timisoara.ro\/local-39705\/&amp;title=Toate+zborurile+de+pe+Aeroportul+Timi%C8%99oara+vor+fi+suspendate+%C3%AEntre+2+%C8%99i+22+noiembrie\" title=\"ReddIt\"><\/p>\n<div class=\"td-social-but-text\">ReddIt<\/div>\n<p><\/a><a class=\"td-social-sharing-button td-social-sharing-button-js td-social-network td-social-mail\" href=\"mailto:?subject=Toate%20zborurile%20de%20pe%20Aeroportul%20Timi%C8%99oara%20vor%20fi%20suspendate%20%C3%AEntre%202%20%C8%99i%2022%20noiembrie&amp;body=https:\/\/orasul-timisoara.ro\/local-39705\/\" title=\"Email\"><\/p>\n<div class=\"td-social-but-text\">Email<\/div>\n<p><\/a><a class=\"td-social-sharing-button td-social-sharing-button-js td-social-network td-social-print\" href=\"https:\/\/orasul-timisoara.ro\/local-39705\/\" title=\"Imprimare\"><\/p>\n<div class=\"td-social-but-text\">Imprimare<\/div>\n<p><\/a><\/div>\n<\/div>\n<\/div>\n<div class=\"td-block-row td-post-next-prev\">\n<div class=\"td-block-span6 td-post-prev-post\">\n<div class=\"td-post-next-prev-content\"><span>Articolul precedent<\/span><a href=\"https:\/\/orasul-timisoara.ro\/local-39703\/\">Aquatim organizeaz\u0103 activit\u0103\u021bi gratuite pentru copii la Muzeul Apei din Timi\u0219oara<\/a><\/div>\n<\/div>\n<div class=\"td-block-span6 td-post-next-post\">\n<div class=\"td-post-next-prev-content\"><span>Articolul urm\u0103tor<\/span><a href=\"https:\/\/orasul-timisoara.ro\/local-39708\/\">Trafic restric\u021bionat \u00een mai multe zone din Timi\u0219oara \u00eencep\u00e2nd cu 20 iulie<\/a><\/div>\n<\/div>\n<\/div>\n<div class=\"td-author-name vcard author\"><span class=\"fn\"><a href=\"https:\/\/orasul-timisoara.ro\/author\/timisoara\/\">redactia<\/a><\/span><\/div>\n<p><span class=\"td-page-meta\"><\/span><span class=\"td-page-meta\"><span class=\"td-page-meta\"><\/span><\/span><span class=\"td-page-meta\"><\/span><\/footer>\n<div class=\"td_block_wrap td_block_related_posts tdi_3 td_with_ajax_pagination td-pb-border-top td_block_template_8\" data-td-block-uid=\"tdi_3\">\n<h4 class=\"td-related-title td-block-title\"><a id=\"tdi_4\" class=\"td-related-left td-cur-simple-item\" data-td_filter_value data-td_block_id=\"tdi_3\" href=\"https:\/\/orasul-timisoara.ro\/local-39705\/\">ARTICOLE SIMILARE<\/a><a id=\"tdi_5\" class=\"td-related-right\" data-td_filter_value=\"td_related_more_from_author\" data-td_block_id=\"tdi_3\" href=\"https:\/\/orasul-timisoara.ro\/local-39705\/\">DE LA ACELA\u0218I AUTOR<\/a><\/h4>\n<div id=\"tdi_3\" class=\"td_block_inner\">\n<div class=\"td-related-row\">\n<div class=\"td-related-span4\">\n<div class=\"td_module_related_posts td-animation-stack td_mod_related_posts\">\n<div class=\"td-module-image\">\n<div class=\"td-module-thumb\"><a href=\"https:\/\/orasul-timisoara.ro\/local-39690\/\" rel=\"bookmark\" class=\"td-image-wrap \" title=\"Premier\u0103 la Aeroportul Timi\u0219oara: zboruri directe c\u0103tre Rotterdam \u0219i Copenhaga (video)\"><img loading=\"lazy\" decoding=\"async\" class=\"entry-thumb\" src=\"https:\/\/orasul-timisoara.ro\/wp-content\/uploads\/2026\/07\/animawings-3-436x300.jpg\" alt title=\"Premier\u0103 la Aeroportul Timi\u0219oara: zboruri directe c\u0103tre Rotterdam \u0219i Copenhaga (video)\" width=\"218\" height=\"150\"><\/a><\/div>\n<\/div>\n<div class=\"item-details\">\n<h3 class=\"entry-title td-module-title\"><a href=\"https:\/\/orasul-timisoara.ro\/local-39690\/\" rel=\"bookmark\" title=\"Premier\u0103 la Aeroportul Timi\u0219oara: zboruri directe c\u0103tre Rotterdam \u0219i Copenhaga (video)\">Premier\u0103 la Aeroportul Timi\u0219oara: zboruri directe c\u0103tre Rotterdam \u0219i Copenhaga (video)<\/a><\/h3>\n<\/div>\n<\/div>\n<\/div>\n<div class=\"td-related-span4\">\n<div class=\"td_module_related_posts td-animation-stack td_mod_related_posts\">\n<div class=\"td-module-image\">\n<div class=\"td-module-thumb\"><a href=\"https:\/\/orasul-timisoara.ro\/local-39152\/\" rel=\"bookmark\" class=\"td-image-wrap \" title=\"Conflict \u00een parcarea Aeroportului Timi\u0219oara. \u0218ofer de transport alternativ, implicat \u00eentr-un conflict reclamat la aeroport\"><img loading=\"lazy\" decoding=\"async\" class=\"entry-thumb\" src=\"https:\/\/orasul-timisoara.ro\/wp-content\/uploads\/2026\/06\/politie-aeroport-436x300.jpg\" alt title=\"Conflict \u00een parcarea Aeroportului Timi\u0219oara. \u0218ofer de transport alternativ, implicat \u00eentr-un conflict reclamat la aeroport\" width=\"218\" height=\"150\"><\/a><\/div>\n<\/div>\n<div class=\"item-details\">\n<h3 class=\"entry-title td-module-title\"><a href=\"https:\/\/orasul-timisoara.ro\/local-39152\/\" rel=\"bookmark\" title=\"Conflict \u00een parcarea Aeroportului Timi\u0219oara. \u0218ofer de transport alternativ, implicat \u00eentr-un conflict reclamat la aeroport\">Conflict \u00een parcarea Aeroportului Timi\u0219oara. \u0218ofer de transport alternativ, implicat \u00eentr-un conflict reclamat la aeroport<\/a><\/h3>\n<\/div>\n<\/div>\n<\/div>\n<div class=\"td-related-span4\">\n<div class=\"td_module_related_posts td-animation-stack td_mod_related_posts\">\n<div class=\"td-module-image\">\n<div class=\"td-module-thumb\"><a href=\"https:\/\/orasul-timisoara.ro\/local-38854\/\" rel=\"bookmark\" class=\"td-image-wrap \" title=\"Wizz Air taie alte \u0219ase rute spre \u0219i dinspre Rom\u00e2nia. Timi\u0219oara pierde leg\u0103tura cu Birmingham\"><img loading=\"lazy\" decoding=\"async\" class=\"entry-thumb\" src=\"https:\/\/orasul-timisoara.ro\/wp-content\/uploads\/2020\/02\/aeropotul-international-traian-vuia-timisoara.jpg\" alt title=\"Wizz Air taie alte \u0219ase rute spre \u0219i dinspre Rom\u00e2nia. Timi\u0219oara pierde leg\u0103tura cu Birmingham\" width=\"218\" height=\"150\"><\/a><\/div>\n<\/div>\n<div class=\"item-details\">\n<h3 class=\"entry-title td-module-title\"><a href=\"https:\/\/orasul-timisoara.ro\/local-38854\/\" rel=\"bookmark\" title=\"Wizz Air taie alte \u0219ase rute spre \u0219i dinspre Rom\u00e2nia. Timi\u0219oara pierde leg\u0103tura cu Birmingham\">Wizz Air taie alte \u0219ase rute spre \u0219i dinspre Rom\u00e2nia. Timi\u0219oara pierde leg\u0103tura cu Birmingham<\/a><\/h3>\n<\/div>\n<\/div>\n<\/div>\n<\/div>\n<\/div>\n<\/div>\n<div class=\"comments\" id=\"comments\">\n<div id=\"respond\" class=\"comment-respond\">\n<h3 id=\"reply-title\" class=\"comment-reply-title\">L\u0102SA\u021aI UN MESAJ<\/h3>\n<div class=\"comment-form-input-wrap td-form-comment\">\n<div class=\"td-warning-comment\">V\u0103 rug\u0103m s\u0103 introduce\u021bi comentariul dvs.!<\/div>\n<\/div>\n<div class=\"comment-form-input-wrap td-form-author\">\n<div class=\"td-warning-author\">Introduce\u021bi aici numele dvs.<\/div>\n<\/div>\n<div class=\"comment-form-input-wrap td-form-email\">\n<div class=\"td-warning-email-error\">A\u021bi introdus o adres\u0103 de e-mail incorect\u0103!<\/div>\n<div class=\"td-warning-email\">V\u0103 rug\u0103m s\u0103 introduce\u021bi adresa dvs. de e-mail aici<\/div>\n<\/div>\n<\/div>\n<p class=\"akismet_comment_form_privacy_notice\">Acest site folose\u0219te Akismet pentru a reduce spamul. <a href=\"https:\/\/akismet.com\/privacy\/\" target=\"_blank\" rel=\"nofollow noopener\">Afl\u0103 cum sunt procesate datele comentariilor tale<\/a>.<\/p>\n<\/div>\n<\/div>\n<\/div>\n<div class=\"td-pb-span4 td-main-sidebar\" role=\"complementary\">\n<div class=\"td-ss-main-sidebar\">\n<aside id=\"block-4\" class=\"td_block_template_8 widget block-4 widget_block widget_media_image\">\n<figure class=\"wp-block-image size-full\"><img loading=\"lazy\" decoding=\"async\" width=\"336\" height=\"280\" src=\"https:\/\/orasul-timisoara.ro\/wp-content\/uploads\/2024\/11\/ReTIM-Abonamentul-Verde-Google-Ads-336x280px.gif\" alt class=\"wp-image-29257\"><\/figure>\n<\/aside>\n<div class=\"td_block_wrap td_block_social_counter td_block_widget tdi_6 td-social-style5 td-social-boxed td-pb-border-top td_block_template_8\">\n<div class=\"td-block-title-wrap\">\n<h4 class=\"td-block-title\"><span>Urm\u0103re\u0219te-ne pe Social Media<\/span><\/h4>\n<\/div>\n<div class=\"td-social-list\">\n<div class=\"td_social_type td-pb-margin-side td_social_facebook\">\n<div class=\"td-social-box\"><span class=\"td_social_info td_social_info_counter\">344,595<\/span><span class=\"td_social_info td_social_info_name\">Fani<\/span><span class=\"td_social_button\"><a href=\"https:\/\/www.facebook.com\/247timisoara\" target=\"_blank\" rel=\"nofollow\">\u00cemi place<\/a><\/span><\/div>\n<\/div>\n<div class=\"td_social_type td-pb-margin-side td_social_instagram\">\n<div class=\"td-social-box\"><span class=\"td_social_info td_social_info_counter\">4,416<\/span><span class=\"td_social_info td_social_info_name\">Cititori<\/span><span class=\"td_social_button\"><a href=\"https:\/\/instagram.com\/orasultimisoararo\/\" target=\"_blank\" rel=\"nofollow\">Conecta\u021bi-v\u0103<\/a><\/span><\/div>\n<\/div>\n<div class=\"td_social_type td-pb-margin-side td_social_rss\">\n<div class=\"td-social-box\"><span class=\"td_social_info td_social_info_counter\">12,506<\/span><span class=\"td_social_info td_social_info_name\">Cititori<\/span><span class=\"td_social_button\"><a href=\"https:\/\/orasul-timisoara.ro\/feed\/\" target=\"_blank\" rel=\"nofollow\">Conecta\u021bi-v\u0103<\/a><\/span><\/div>\n<\/div>\n<div class=\"td_social_type td-pb-margin-side td_social_tiktok\">\n<div class=\"td-social-box\"><span class=\"td_social_info td_social_info_counter\">1,500<\/span><span class=\"td_social_info td_social_info_name\">Cititori<\/span><span class=\"td_social_button\"><a href=\"https:\/\/www.tiktok.com\/@orasultimisoara\" target=\"_blank\" rel=\"nofollow\">Conecta\u021bi-v\u0103<\/a><\/span><\/div>\n<\/div>\n<div class=\"td_social_type td-pb-margin-side td_social_twitter\">\n<div class=\"td-social-box\"><span class=\"td_social_info td_social_info_counter\">1,595<\/span><span class=\"td_social_info td_social_info_name\">Cititori<\/span><span class=\"td_social_button\"><a href=\"https:\/\/twitter.com\/orasultm\" target=\"_blank\" rel=\"nofollow\">Conecta\u021bi-v\u0103<\/a><\/span><\/div>\n<\/div>\n<div class=\"td_social_type td-pb-margin-side td_social_youtube\">\n<div class=\"td-social-box\"><span class=\"td_social_info td_social_info_counter\">3,506<\/span><span class=\"td_social_info td_social_info_name\">Abona\u021bi<\/span><span class=\"td_social_button\"><a href=\"https:\/\/www.youtube.com\/channel\/UCQNsQvs2XCSIm1Z-AHRturw?sub_confirmation=1\" target=\"_blank\" rel=\"nofollow\">Abona\u021bi-v\u0103<\/a><\/span><\/div>\n<\/div>\n<\/div>\n<\/div>\n<aside id=\"text-7\" class=\"td_block_template_8 widget text-7 widget_text\">\n<h4 class=\"td-block-title\"><span>C\u0103ut\u0103ri populare pe OTM<\/span><\/h4>\n<div class=\"textwidget\"><a href=\"https:\/\/orasul-timisoara.ro\/?s=timisoara\"><span>Timisoara<\/span><\/a><a href=\"https:\/\/orasul-timisoara.ro\/?s=calin+dobra\"><span>Calin Dobra<\/span><\/a><a href=\"https:\/\/orasul-timisoara.ro\/?s=primaria+timisoara\"><span>Primaria Timisoara<\/span><\/a><a href=\"https:\/\/orasul-timisoara.ro\/?s=dominic+fritz\"><span>Dominic Fritz<\/span><\/a><a href=\"https:\/\/orasul-timisoara.ro\/?s=nicolae+robu\"><span>Nicolae Robu<\/span><\/a><a href=\"https:\/\/orasul-timisoara.ro\/?s=consiliul+local+timisoara\">Consiliul Local Timisoara<\/a><a href=\"https:\/\/orasul-timisoara.ro\/?s=consiliul+judetean+timis\"><span>Consiliul Judetean Timis<\/span><\/a><a href=\"https:\/\/orasul-timisoara.ro\/?s=cjt\"><span>CJT<\/span><\/a><a href=\"https:\/\/orasul-timisoara.ro\/?s=Alfred+Simonis\"><span>Alfred Simonis<\/span><\/a><a href=\"https:\/\/orasul-timisoara.ro\/?s=PNL\"><span>PNL<\/span><\/a><a href=\"https:\/\/orasul-timisoara.ro\/?s=coronavirus\"><span>coronavirus<\/span><\/a><a href=\"https:\/\/orasul-timisoara.ro\/?s=teatru+timisoara\">teatru Timisoara<\/a><a href=\"https:\/\/orasul-timisoara.ro\/?s=restaurante\"><span>restaurante Timisoara<\/span><\/a><a href=\"https:\/\/orasul-timisoara.ro\/?s=diskoteka\"><span>Diskoteka<\/span><\/a><a href=\"https:\/\/orasul-timisoara.ro\/?s=iulius+town\"><span>Iulius Town<\/span><\/a><a href=\"https:\/\/orasul-timisoara.ro\/?s=iulius+mall\"><span>Iulius Mall<\/span><\/a><a href=\"https:\/\/orasul-timisoara.ro\/?s=stpt\"><span>STPT<\/span><\/a><a href=\"https:\/\/orasul-timisoara.ro\/?s=alin+nica\"><span>Alin Nica<\/span><\/a><a href=\"https:\/\/orasul-timisoara.ro\/?s=psd\"><span>PSD<\/span><\/a><a href=\"https:\/\/orasul-timisoara.ro\/?s=aeroport\"><span>Aeroportul International Timisoara<\/span><\/a><a href=\"https:\/\/orasul-timisoara.ro\/?s=babes\"><span>Spitalul Victor Babes Timisoara<\/span><\/a><a href=\"https:\/\/orasul-timisoara.ro\/?s=poli\"><span>Poli Timi\u0219oara<\/span><\/a><a href=\"https:\/\/orasul-timisoara.ro\/?s=carantina\"><span>carantina<\/span><\/a><a href=\"https:\/\/orasul-timisoara.ro\/?s=aquatim\"><span>Aquatim<\/span><\/a><a href=\"https:\/\/orasul-timisoara.ro\/local-category\/stiri-timisoara\/\"><span>Stiri Timisoara<\/span><\/a><a href=\"https:\/\/orasul-timisoara.ro\/local-category\/investitii-in-timisoara\/\"><span>Investi\u021bii in Timi\u0219oara<\/span><\/a><a href=\"https:\/\/orasul-timisoara.ro\/local-9463\/\"><span>shaorma<\/span><\/a><a href=\"https:\/\/orasul-timisoara.ro\/?s=trafic\"><span>trafic rutier<\/span><\/a><a href=\"https:\/\/orasul-timisoara.ro\/?s=politia\"><span>politia locala timisoara<\/span><\/a><a href=\"https:\/\/orasul-timisoara.ro\/?s=roxana\"><span>Roxana Iliescu<\/span><\/a><a href=\"https:\/\/orasul-timisoara.ro\/?s=colterm\"><span>Colterm<\/span><\/a><a href=\"https:\/\/orasul-timisoara.ro\/?s=latcau\"><span>Ruben La\u021bc\u0103u<\/span><\/a><a href=\"https:\/\/orasul-timisoara.ro\/?s=timis\"><span>\u0218tiri din Timi\u0219<\/span><\/a><a href=\"https:\/\/orasul-timisoara.ro\/?s=spital\"><span>Spitale din Timi\u0219oara<\/span><\/a><a href=\"https:\/\/orasul-timisoara.ro\/?s=tabara\"><span>Cosmin Tab\u0103r\u0103<\/span><\/a><\/div>\n<\/aside>\n<aside id=\"rss-2\" class=\"td_block_template_8 widget rss-2 widget_rss\">\n<h4 class=\"td-block-title\"><span><a class=\"rsswidget rss-widget-feed\" href=\"https:\/\/fashionfridays.ro\/feed\"><img decoding=\"async\" class=\"rss-widget-icon\" width=\"14\" height=\"14\" src=\"https:\/\/orasul-timisoara.ro\/wp-includes\/images\/rss.png\" alt=\"RSS\" loading=\"lazy\"><\/a><a class=\"rsswidget rss-widget-title\" href=\"https:\/\/fashionfridays.ro\/\">Fashion Fridays<\/a><\/span><\/h4>\n<ul>\n<li><a class=\"rsswidget\" href=\"https:\/\/fashionfridays.ro\/romania-devine-a-29-a-piata-vogue-o-noua-era-pentru-industria-locala-de-moda\/\">Rom\u00e2nia devine a 29-a pia\u021b\u0103 Vogue: o nou\u0103 er\u0103 pentru industria local\u0103 de mod\u0103<\/a>\n<div class=\"rssSummary\">Revista Vogue \u00ee\u0219i extinde prezen\u021ba global\u0103 \u0219i va fi lansat\u0103 oficial \u00een Rom\u00e2nia \u00een prim\u0103vara anului 2027, marc\u00e2nd intrarea pe cea de-a 29-a pia\u021b\u0103 interna\u021bional\u0103. Proiectul este realizat \u00een parteneriat cu AEMME Publishing, o companie media recent \u00eenfiin\u021bat\u0103, care va publica edi\u021bia local\u0103 sub licen\u021b\u0103. Noua edi\u021bie, Vogue Rom\u00e2nia, \u00ee\u0219i propune s\u0103 combine autoritatea global\u0103 [\u2026]<\/div>\n<\/li>\n<\/ul>\n<\/aside>\n<aside id=\"rss-4\" class=\"td_block_template_8 widget rss-4 widget_rss\">\n<h4 class=\"td-block-title\"><span><a class=\"rsswidget rss-widget-feed\" href=\"https:\/\/emasini.ro\/feed\"><img decoding=\"async\" class=\"rss-widget-icon\" width=\"14\" height=\"14\" src=\"https:\/\/orasul-timisoara.ro\/wp-includes\/images\/rss.png\" alt=\"RSS\" loading=\"lazy\"><\/a><a class=\"rsswidget rss-widget-title\" href=\"https:\/\/emasini.ro\/\">eMasini<\/a><\/span><\/h4>\n<ul>\n<li><a class=\"rsswidget\" href=\"https:\/\/emasini.ro\/dacia-analizeaza-lansarea-lui-hipster-automobilul-urban-de-doar-3-metri-lungime\/\">Dacia analizeaz\u0103 lansarea lui Hipster, automobilul urban de doar 3 metri lungime (video)<\/a>\n<div class=\"rssSummary\">Dacia ar putea introduce pe pia\u021b\u0103 unul dintre cele mai neobi\u0219nuite modele din istoria sa recent\u0103. Conceptul Hipster, prezentat anul trecut ca o reinterpretare radical\u0103 a automobilului urban accesibil, se afl\u0103 \u00een prezent \u00eentr-o etap\u0103 de evaluare, iar decizia privind produc\u021bia de serie va fi luat\u0103 \u00een func\u021bie de reac\u021bia publicului \u0219i de evolu\u021bia reglement\u0103rilor [\u2026]<\/div>\n<\/li>\n<\/ul>\n<\/aside>\n<\/div>\n<\/div>\n<\/div>\n<\/div>\n<\/article>\n<div class=\"td-post-content tagdiv-type\">\n<p class=\"wp-block-paragraph\">Aeroportul Interna\u021bional \u201eTraian Vuia\u201d din Timi\u0219oara va suspenda temporar toate opera\u021biunile de zbor \u00een luna noiembrie, pentru efectuarea unor lucr\u0103ri de repara\u021bii la pista de aterizare \u0219i decolare. M\u0103sura este necesar\u0103 pentru men\u021binerea standardelor de siguran\u021b\u0103 opera\u021bional\u0103 \u0219i va afecta at\u00e2t cursele interne, c\u00e2t \u0219i pe cele interna\u021bionale operate de pe aeroportul din vestul \u021b\u0103rii.<\/p>\n<p class=\"wp-block-paragraph\">\u00cen perioada 2 noiembrie 2026, ora 08:00 \u2013 22 noiembrie 2026, ora 21:00, pista va fi \u00eenchis\u0103 complet, iar toate opera\u021biunile de decolare \u0219i aterizare vor fi suspendate. Reprezentan\u021bii aeroportului precizeaz\u0103 c\u0103 interven\u021biile nu pot fi realizate f\u0103r\u0103 \u00eenchiderea integral\u0103 a pistei.<\/p>\n<h2 class=\"wp-block-heading\">Lucr\u0103ri pentru cre\u0219terea siguran\u021bei opera\u021bionale<\/h2>\n<p class=\"wp-block-paragraph\">Potrivit conducerii Aeroportului Interna\u021bional Timi\u0219oara, lucr\u0103rile programate au rolul de a men\u021bine infrastructura aeroportuar\u0103 la cele mai \u00eenalte standarde de siguran\u021b\u0103 \u0219i exploatare.<\/p>\n<p class=\"wp-block-paragraph\">Interven\u021biile vizeaz\u0103 \u00eembun\u0103t\u0103\u021birea condi\u021biilor de operare ale pistei, astfel \u00eenc\u00e2t ateriz\u0103rile \u0219i decol\u0103rile s\u0103 se desf\u0103\u0219oare \u00een condi\u021bii optime de siguran\u021b\u0103 \u0219i \u00een anii urm\u0103tori. Reprezentan\u021bii aeroportului subliniaz\u0103 c\u0103 investi\u021bia este una necesar\u0103 pentru men\u021binerea unei infrastructuri moderne \u0219i fiabile, \u00een conformitate cu cerin\u021bele actuale din domeniul avia\u021biei.<\/p>\n<h2 class=\"wp-block-heading\">Companiile aeriene \u0219i-au adaptat programele de zbor<\/h2>\n<p class=\"wp-block-paragraph\">Operatorii aerieni care desf\u0103\u0219oar\u0103 curse de pe Aeroportul Interna\u021bional Timi\u0219oara au fost informa\u021bi din timp despre perioada \u00een care pista va fi indisponibil\u0103, pentru a putea modifica programele de zbor \u0219i pentru a-\u0219i informa pasagerii.<\/p>\n<p class=\"wp-block-paragraph\">\u00cen func\u021bie de politica fiec\u0103rei companii aeriene, pasagerii vor primi informa\u021bii privind reprogramarea curselor, rerutarea c\u0103tre alte aeroporturi sau alte op\u021biuni disponibile.<\/p>\n<h2 class=\"wp-block-heading\">Recomand\u0103ri pentru pasageri<\/h2>\n<p class=\"wp-block-paragraph\">Persoanele care au bilete de avion pentru perioada 2\u201322 noiembrie 2026 sunt sf\u0103tuite s\u0103 ia leg\u0103tura cu operatorul aerian de la care au achizi\u021bionat biletul \u0219i s\u0103 urm\u0103reasc\u0103 \u00een permanen\u021b\u0103 statusul zborului.<\/p>\n<p class=\"wp-block-paragraph\">Aeroportul recomand\u0103 verificarea informa\u021biilor oficiale transmise de companiile aeriene \u00eenainte de deplasarea c\u0103tre terminal, pentru a evita eventualele nepl\u0103ceri generate de modific\u0103rile din programul de operare.<\/p>\n<h2 class=\"wp-block-heading\">Investi\u021bie pentru viitorul aeroportului<\/h2>\n<p class=\"wp-block-paragraph\">Conducerea Aeroportului Interna\u021bional Timi\u0219oara \u00ee\u0219i cere scuze pentru disconfortul temporar creat de suspendarea activit\u0103\u021bii \u0219i le mul\u021bume\u0219te pasagerilor \u0219i partenerilor pentru \u00een\u021belegere.<\/p>\n<p class=\"wp-block-paragraph\">Reprezentan\u021bii institu\u021biei subliniaz\u0103 c\u0103 siguran\u021ba opera\u021bional\u0103 r\u0103m\u00e2ne principala prioritate, iar lucr\u0103rile programate reprezint\u0103 o investi\u021bie esen\u021bial\u0103 pentru men\u021binerea unui aeroport modern, sigur \u0219i capabil s\u0103 deserveasc\u0103 \u00een cele mai bune condi\u021bii traficul aerian din vestul Rom\u00e2niei.<\/p>\n<\/div>\n<p>[analyse_source url=&#8221;https:\/\/orasul-timisoara.ro\/local-39705\/&#8221;]<\/p>\n","protected":false},"excerpt":{"rendered":"<p>[analyse_image type=&#8221;featured&#8221; src=&#8221;https:\/\/orasul-timisoara.ro\/wp-content\/uploads\/2026\/07\/pista-aeroport-timisoara.jpg&#8221;] \u0218tiri LocaleToate zborurile de pe Aeroportul Timi\u0219oara vor fi suspendate \u00eentre 2 \u0219i&#8230; \u0218tiri Locale Turism Toate zborurile de pe Aeroportul Timi\u0219oara vor fi suspendate \u00eentre 2 \u0219i 22 noiembrie De c\u0103tre redactia &#8211; 17\/07\/2026 Facebook Twitter WhatsApp Linkedin ReddIt Email Imprimare Aeroportul Interna\u021bional \u201eTraian Vuia\u201d din Timi\u0219oara va suspenda temporar toate [&hellip;]<\/p>\n","protected":false},"author":1,"featured_media":0,"comment_status":"open","ping_status":"","sticky":false,"template":"","format":"standard","meta":{"footnotes":""},"categories":[89],"tags":[226,189],"class_list":["post-2048117","post","type-post","status-publish","format-standard","hentry","category-romania","tag-crawlmanager","tag-orasul-timisoara-ro"],"_links":{"self":[{"href":"https:\/\/analyse.optim.biz\/index.php?rest_route=\/wp\/v2\/posts\/2048117","targetHints":{"allow":["GET"]}}],"collection":[{"href":"https:\/\/analyse.optim.biz\/index.php?rest_route=\/wp\/v2\/posts"}],"about":[{"href":"https:\/\/analyse.optim.biz\/index.php?rest_route=\/wp\/v2\/types\/post"}],"author":[{"embeddable":true,"href":"https:\/\/analyse.optim.biz\/index.php?rest_route=\/wp\/v2\/users\/1"}],"replies":[{"embeddable":true,"href":"https:\/\/analyse.optim.biz\/index.php?rest_route=%2Fwp%2Fv2%2Fcomments&post=2048117"}],"version-history":[{"count":0,"href":"https:\/\/analyse.optim.biz\/index.php?rest_route=\/wp\/v2\/posts\/2048117\/revisions"}],"wp:attachment":[{"href":"https:\/\/analyse.optim.biz\/index.php?rest_route=%2Fwp%2Fv2%2Fmedia&parent=2048117"}],"wp:term":[{"taxonomy":"category","embeddable":true,"href":"https:\/\/analyse.optim.biz\/index.php?rest_route=%2Fwp%2Fv2%2Fcategories&post=2048117"},{"taxonomy":"post_tag","embeddable":true,"href":"https:\/\/analyse.optim.biz\/index.php?rest_route=%2Fwp%2Fv2%2Ftags&post=2048117"}],"curies":[{"name":"wp","href":"https:\/\/api.w.org\/{rel}","templated":true}]}}