{"id":2048114,"date":"2026-07-17T09:18:59","date_gmt":"2026-07-17T06:18:59","guid":{"rendered":"https:\/\/analyse.optim.biz\/?p=2048114"},"modified":"2026-07-17T09:18:59","modified_gmt":"2026-07-17T06:18:59","slug":"aquatim-organizeaza-activitati-gratuite-pentru-copii-la-muzeul-apei-din-timisoara","status":"publish","type":"post","link":"https:\/\/analyse.optim.biz\/?p=2048114","title":{"rendered":"Aquatim organizeaz\u0103 activit\u0103\u021bi gratuite pentru copii la Muzeul Apei din Timi\u0219oara"},"content":{"rendered":"<p>[analyse_image type=&#8221;featured&#8221; src=&#8221;https:\/\/orasul-timisoara.ro\/wp-content\/uploads\/2023\/06\/Muzeul-Apei_bird-eye.jpg&#8221;]<\/p>\n<article id=\"post-39703\" class=\"td-post-template-7 post-39703 post type-post status-publish format-standard has-post-thumbnail category-evenimente-in-timisoara category-featured category-stiri-timisoara tag-activitati-pentru-copii tag-aquatim tag-educatie-ecologica tag-educatie-nonformala tag-misiunea-eco-families tag-muzeul-apei tag-patrimoniu-industrial tag-protectia-mediului-2 tag-reciclare tag-scoli-de-vara tag-stafeta-apei tag-timisoara-2 tag-vacanta-de-vara-2 td-container-wrap\">\n<div class=\"td-full-screen-header-image-wrap\">\n<div class=\"td-container td-post-header\">\n<div class=\"td-crumb-container\">\n<div class=\"entry-crumbs\"><span><a title=\"Vede\u021bi toate articolele \u00een Evenimente in Timisoara\" class=\"entry-crumb\" href=\"https:\/\/orasul-timisoara.ro\/local-category\/evenimente-in-timisoara\/\">Evenimente in Timisoara<\/a><\/span><span class=\"td-bred-no-url-last\">Aquatim organizeaz\u0103 activit\u0103\u021bi gratuite pentru copii la Muzeul Apei din Timi\u0219oara<\/span><\/div>\n<\/div>\n<div class=\"td-post-header-holder\">\n<div class=\"td-parallax-header\">\n<header class=\"td-post-title\">\n<ul class=\"td-category\">\n<li class=\"entry-category\"><a href=\"https:\/\/orasul-timisoara.ro\/local-category\/evenimente-in-timisoara\/\">Evenimente in Timisoara<\/a><\/li>\n<li class=\"entry-category\"><a href=\"https:\/\/orasul-timisoara.ro\/local-category\/stiri-timisoara\/\">\u0218tiri Locale<\/a><\/li>\n<\/ul>\n<h1 class=\"entry-title\">Aquatim organizeaz\u0103 activit\u0103\u021bi gratuite pentru copii la Muzeul Apei din Timi\u0219oara<\/h1>\n<div class=\"td-module-meta-info\">\n<div class=\"td-post-author-name\">\n<div class=\"td-author-by\">De c\u0103tre<\/div>\n<p><a href=\"https:\/\/orasul-timisoara.ro\/author\/timisoara\/\">redactia<\/a><\/p>\n<div class=\"td-author-line\"> &#8211; <\/div>\n<\/div>\n<p><span class=\"td-post-date\"><time class=\"entry-date updated td-module-date\" datetime=\"2026-07-17T12:18:59+03:00\">17\/07\/2026<\/time><\/span><\/div>\n<\/header>\n<\/div>\n<\/div>\n<\/div>\n<div id=\"td-full-screen-header-image\" class=\"td-image-gradient-style7\"><img decoding=\"async\" class=\"td-backstretch\" src=\"https:\/\/orasul-timisoara.ro\/wp-content\/uploads\/2023\/06\/Muzeul-Apei_bird-eye.jpg\"><\/div>\n<\/div>\n<div class=\"td-container\">\n<div class=\"td-pb-row\">\n<div class=\"td-pb-span8 td-main-content\" role=\"main\">\n<div class=\"td-ss-main-content\">\n<div class=\"td-post-sharing-top\">\n<div class=\"td-post-sharing-classic\"><iframe title=\"topFacebookLike\" frameborder src=\"https:\/\/www.facebook.com\/plugins\/like.php?href=https:\/\/orasul-timisoara.ro\/local-39703\/&amp;layout=button_count&amp;show_faces=false&amp;width=105&amp;action=like&amp;colorscheme=light&amp;height=21\"><\/iframe><\/div>\n<div id=\"td_social_sharing_article_top\" class=\"td-post-sharing td-ps-bg td-ps-notext td-post-sharing-style1 \">\n<div class=\"td-post-sharing-visible\"><a class=\"td-social-sharing-button td-social-sharing-button-js td-social-network td-social-facebook\" href=\"https:\/\/www.facebook.com\/sharer.php?u=https%3A%2F%2Forasul-timisoara.ro%2Flocal-39703%2F\" title=\"Facebook\"><\/p>\n<div class=\"td-social-but-text\">Facebook<\/div>\n<p><\/a><a class=\"td-social-sharing-button td-social-sharing-button-js td-social-network td-social-twitter\" href=\"https:\/\/twitter.com\/intent\/tweet?text=Aquatim+organizeaz%C4%83+activit%C4%83%C8%9Bi+gratuite+pentru+copii+la+Muzeul+Apei+din+Timi%C8%99oara&amp;url=https%3A%2F%2Forasul-timisoara.ro%2Flocal-39703%2F&amp;via=orasultm\" title=\"Twitter\"><\/p>\n<div class=\"td-social-but-text\">Twitter<\/div>\n<p><\/a><a class=\"td-social-sharing-button td-social-sharing-button-js td-social-network td-social-whatsapp\" href=\"https:\/\/api.whatsapp.com\/send?text=Aquatim+organizeaz%C4%83+activit%C4%83%C8%9Bi+gratuite+pentru+copii+la+Muzeul+Apei+din+Timi%C8%99oara%20%0A%0A%20https:\/\/orasul-timisoara.ro\/local-39703\/\" title=\"WhatsApp\"><\/p>\n<div class=\"td-social-but-text\">WhatsApp<\/div>\n<p><\/a><a class=\"td-social-sharing-button td-social-sharing-button-js td-social-network td-social-linkedin\" href=\"https:\/\/www.linkedin.com\/shareArticle?mini=true&amp;url=https:\/\/orasul-timisoara.ro\/local-39703\/&amp;title=Aquatim+organizeaz%C4%83+activit%C4%83%C8%9Bi+gratuite+pentru+copii+la+Muzeul+Apei+din+Timi%C8%99oara\" title=\"Linkedin\"><\/p>\n<div class=\"td-social-but-text\">Linkedin<\/div>\n<p><\/a><a class=\"td-social-sharing-button td-social-sharing-button-js td-social-network td-social-reddit\" href=\"https:\/\/reddit.com\/submit?url=https:\/\/orasul-timisoara.ro\/local-39703\/&amp;title=Aquatim+organizeaz%C4%83+activit%C4%83%C8%9Bi+gratuite+pentru+copii+la+Muzeul+Apei+din+Timi%C8%99oara\" title=\"ReddIt\"><\/p>\n<div class=\"td-social-but-text\">ReddIt<\/div>\n<p><\/a><a class=\"td-social-sharing-button td-social-sharing-button-js td-social-network td-social-mail\" href=\"mailto:?subject=Aquatim%20organizeaz%C4%83%20activit%C4%83%C8%9Bi%20gratuite%20pentru%20copii%20la%20Muzeul%20Apei%20din%20Timi%C8%99oara&amp;body=https:\/\/orasul-timisoara.ro\/local-39703\/\" title=\"Email\"><\/p>\n<div class=\"td-social-but-text\">Email<\/div>\n<p><\/a><a class=\"td-social-sharing-button td-social-sharing-button-js td-social-network td-social-print\" href=\"https:\/\/orasul-timisoara.ro\/local-39703\/\" title=\"Imprimare\"><\/p>\n<div class=\"td-social-but-text\">Imprimare<\/div>\n<p><\/a><\/div>\n<\/div>\n<\/div>\n<div class=\"td-post-content tagdiv-type\">\n<p class=\"wp-block-paragraph\">Copiii care \u00ee\u0219i petrec vacan\u021ba de var\u0103 \u00een Timi\u0219oara au ocazia s\u0103 participe gratuit la activit\u0103\u021bi educative \u0219i interactive organizate de Aquatim la Muzeul Apei. Programul de educa\u021bie nonformal\u0103 continu\u0103 \u0219i \u00een lunile de vacan\u021b\u0103, oferind experien\u021be prin care cei mici pot \u00eenv\u0103\u021ba despre protejarea mediului \u0219i importan\u021ba apei prin joc, experimente \u0219i ateliere creative.<\/p>\n<p class=\"wp-block-paragraph\">Activit\u0103\u021bile sunt dedicate grupurilor organizate, precum \u0219coli de var\u0103, cluburi \u0219i programe afterschool, \u0219i sunt adaptate copiilor cu v\u00e2rste cuprinse \u00eentre 6 \u0219i 10 ani.<\/p>\n<h2 class=\"wp-block-heading\">\u201e\u0218tafeta Apei\u201d \u0219i \u201eMisiunea Eco-Families\u201d, principalele activit\u0103\u021bi din iulie<\/h2>\n<p class=\"wp-block-paragraph\">Programul preg\u0103tit pentru luna iulie cuprinde dou\u0103 tipuri de activit\u0103\u021bi educative care \u00eembin\u0103 \u00eenv\u0103\u021barea cu joaca.<\/p>\n<p class=\"wp-block-paragraph\">\u201e\u0218tafeta Apei\u201d propune jocuri de echip\u0103 \u0219i provoc\u0103ri interactive prin care participan\u021bii descoper\u0103 rolul esen\u021bial al apei \u00een via\u021ba de zi cu zi \u0219i \u00eenva\u021b\u0103 cum pot adopta comportamente responsabile pentru protejarea mediului.<\/p>\n<p class=\"wp-block-paragraph\">Cea de-a doua activitate, \u201eMisiunea Eco-Families\u201d, include ateliere creative de reciclare \u0219i exerci\u021bii interactive dedicate educa\u021biei ecologice. Acestea sunt organizate cu sprijinul Centrului Na\u021bional pentru Produc\u021bie \u0219i Consum Durabile \u0219i urm\u0103resc s\u0103 \u00eei familiarizeze pe copii cu principiile reutiliz\u0103rii \u0219i ale consumului responsabil.<\/p>\n<h2 class=\"wp-block-heading\">Activit\u0103\u021bi de dou\u0103 ori pe s\u0103pt\u0103m\u00e2n\u0103<\/h2>\n<p class=\"wp-block-paragraph\">Pe \u00eentreaga durat\u0103 a vacan\u021bei de var\u0103, sesiunile educative se desf\u0103\u0219oar\u0103 de dou\u0103 ori pe s\u0103pt\u0103m\u00e2n\u0103, fiind concepute special pentru copiii cu v\u00e2rste \u00eentre 6 \u0219i 10 ani.<\/p>\n<p class=\"wp-block-paragraph\">Prin metode interactive \u0219i activit\u0103\u021bi practice, organizatorii \u00ee\u0219i propun s\u0103 transforme no\u021biunile despre protec\u021bia mediului \u00eentr-o experien\u021b\u0103 atractiv\u0103 \u0219i u\u0219or de \u00een\u021beles pentru cei mici.<\/p>\n<h2 class=\"wp-block-heading\">Participarea este gratuit\u0103<\/h2>\n<p class=\"wp-block-paragraph\">Toate activit\u0103\u021bile sunt oferite gratuit, \u00eens\u0103 participarea se face pe baz\u0103 de \u00eenscriere prealabil\u0103, \u00een limita locurilor disponibile.<\/p>\n<p class=\"wp-block-paragraph\">\u00censcrierile pot fi realizate la recep\u021bia Muzeului Apei sau telefonic, la num\u0103rul <strong>0757 087 059<\/strong>.<\/p>\n<p class=\"wp-block-paragraph\">Programul complet al activit\u0103\u021bilor poate fi consultat pe website-ul Muzeului Apei \u0219i pe paginile oficiale de social media, iar calendarul dedicat lunii august va fi anun\u021bat \u00een data de 25 iulie.<\/p>\n<h2 class=\"wp-block-heading\">Educa\u021bie pentru protejarea apei \u0219i a mediului<\/h2>\n<p class=\"wp-block-paragraph\">Prin programul de educa\u021bie nonformal\u0103 desf\u0103\u0219urat la Muzeul Apei, Aquatim urm\u0103re\u0219te s\u0103 dezvolte \u00eenc\u0103 de la v\u00e2rste fragede un comportament responsabil fa\u021b\u0103 de ap\u0103 \u0219i fa\u021b\u0103 de mediul \u00eenconjur\u0103tor.<\/p>\n<p class=\"wp-block-paragraph\">Activit\u0103\u021bile pun \u00een valoare at\u00e2t importan\u021ba apei ca resurs\u0103 esen\u021bial\u0103 pentru comunitate, c\u00e2t \u0219i rolul Muzeului Apei din Timi\u0219oara, unul dintre cele mai reprezentative obiective de patrimoniu industrial din Rom\u00e2nia. Prin joc, creativitate \u0219i experien\u021be practice, copiii sunt \u00eencuraja\u021bi s\u0103 descopere \u00eentr-un mod accesibil leg\u0103tura dintre patrimoniu, natur\u0103 \u0219i responsabilitatea fa\u021b\u0103 de resursele de care depinde via\u021ba de zi cu zi.<\/p>\n<\/div>\n<footer>\n<div class=\"td-post-source-tags\">\n<ul class=\"td-tags td-post-small-box clearfix\">\n<li><span>ETICHETE<\/span><\/li>\n<li><a href=\"https:\/\/orasul-timisoara.ro\/local-tag\/activitati-pentru-copii\/\">activit\u0103\u021bi pentru copii<\/a><\/li>\n<li><a href=\"https:\/\/orasul-timisoara.ro\/local-tag\/aquatim\/\">aquatim<\/a><\/li>\n<li><a href=\"https:\/\/orasul-timisoara.ro\/local-tag\/educatie-ecologica\/\">educa\u021bie ecologic\u0103<\/a><\/li>\n<li><a href=\"https:\/\/orasul-timisoara.ro\/local-tag\/educatie-nonformala\/\">educa\u021bie nonformal\u0103<\/a><\/li>\n<li><a href=\"https:\/\/orasul-timisoara.ro\/local-tag\/misiunea-eco-families\/\">Misiunea Eco-Families<\/a><\/li>\n<li><a href=\"https:\/\/orasul-timisoara.ro\/local-tag\/muzeul-apei\/\">muzeul apei<\/a><\/li>\n<li><a href=\"https:\/\/orasul-timisoara.ro\/local-tag\/patrimoniu-industrial\/\">patrimoniu industrial<\/a><\/li>\n<li><a href=\"https:\/\/orasul-timisoara.ro\/local-tag\/protectia-mediului-2\/\">protec\u021bia mediului<\/a><\/li>\n<li><a href=\"https:\/\/orasul-timisoara.ro\/local-tag\/reciclare\/\">reciclare<\/a><\/li>\n<li><a href=\"https:\/\/orasul-timisoara.ro\/local-tag\/scoli-de-vara\/\">\u0219coli de var\u0103<\/a><\/li>\n<li><a href=\"https:\/\/orasul-timisoara.ro\/local-tag\/stafeta-apei\/\">\u0218tafeta Apei<\/a><\/li>\n<li><a href=\"https:\/\/orasul-timisoara.ro\/local-tag\/timisoara-2\/\">timi\u0219oara<\/a><\/li>\n<li><a href=\"https:\/\/orasul-timisoara.ro\/local-tag\/vacanta-de-vara-2\/\">vacan\u021ba de var\u0103<\/a><\/li>\n<\/ul>\n<\/div>\n<div class=\"td-post-sharing-bottom\">\n<div class=\"td-post-sharing-classic\"><iframe title=\"bottomFacebookLike\" frameborder src=\"https:\/\/www.facebook.com\/plugins\/like.php?href=https:\/\/orasul-timisoara.ro\/local-39703\/&amp;layout=button_count&amp;show_faces=false&amp;width=105&amp;action=like&amp;colorscheme=light&amp;height=21\"><\/iframe><\/div>\n<div id=\"td_social_sharing_article_bottom\" class=\"td-post-sharing td-ps-bg td-ps-notext td-post-sharing-style1 \">\n<div class=\"td-post-sharing-visible\"><a class=\"td-social-sharing-button td-social-sharing-button-js td-social-network td-social-facebook\" href=\"https:\/\/www.facebook.com\/sharer.php?u=https%3A%2F%2Forasul-timisoara.ro%2Flocal-39703%2F\" title=\"Facebook\"><\/p>\n<div class=\"td-social-but-text\">Facebook<\/div>\n<p><\/a><a class=\"td-social-sharing-button td-social-sharing-button-js td-social-network td-social-twitter\" href=\"https:\/\/twitter.com\/intent\/tweet?text=Aquatim+organizeaz%C4%83+activit%C4%83%C8%9Bi+gratuite+pentru+copii+la+Muzeul+Apei+din+Timi%C8%99oara&amp;url=https%3A%2F%2Forasul-timisoara.ro%2Flocal-39703%2F&amp;via=orasultm\" title=\"Twitter\"><\/p>\n<div class=\"td-social-but-text\">Twitter<\/div>\n<p><\/a><a class=\"td-social-sharing-button td-social-sharing-button-js td-social-network td-social-whatsapp\" href=\"https:\/\/api.whatsapp.com\/send?text=Aquatim+organizeaz%C4%83+activit%C4%83%C8%9Bi+gratuite+pentru+copii+la+Muzeul+Apei+din+Timi%C8%99oara%20%0A%0A%20https:\/\/orasul-timisoara.ro\/local-39703\/\" title=\"WhatsApp\"><\/p>\n<div class=\"td-social-but-text\">WhatsApp<\/div>\n<p><\/a><a class=\"td-social-sharing-button td-social-sharing-button-js td-social-network td-social-linkedin\" href=\"https:\/\/www.linkedin.com\/shareArticle?mini=true&amp;url=https:\/\/orasul-timisoara.ro\/local-39703\/&amp;title=Aquatim+organizeaz%C4%83+activit%C4%83%C8%9Bi+gratuite+pentru+copii+la+Muzeul+Apei+din+Timi%C8%99oara\" title=\"Linkedin\"><\/p>\n<div class=\"td-social-but-text\">Linkedin<\/div>\n<p><\/a><a class=\"td-social-sharing-button td-social-sharing-button-js td-social-network td-social-reddit\" href=\"https:\/\/reddit.com\/submit?url=https:\/\/orasul-timisoara.ro\/local-39703\/&amp;title=Aquatim+organizeaz%C4%83+activit%C4%83%C8%9Bi+gratuite+pentru+copii+la+Muzeul+Apei+din+Timi%C8%99oara\" title=\"ReddIt\"><\/p>\n<div class=\"td-social-but-text\">ReddIt<\/div>\n<p><\/a><a class=\"td-social-sharing-button td-social-sharing-button-js td-social-network td-social-mail\" href=\"mailto:?subject=Aquatim%20organizeaz%C4%83%20activit%C4%83%C8%9Bi%20gratuite%20pentru%20copii%20la%20Muzeul%20Apei%20din%20Timi%C8%99oara&amp;body=https:\/\/orasul-timisoara.ro\/local-39703\/\" title=\"Email\"><\/p>\n<div class=\"td-social-but-text\">Email<\/div>\n<p><\/a><a class=\"td-social-sharing-button td-social-sharing-button-js td-social-network td-social-print\" href=\"https:\/\/orasul-timisoara.ro\/local-39703\/\" title=\"Imprimare\"><\/p>\n<div class=\"td-social-but-text\">Imprimare<\/div>\n<p><\/a><\/div>\n<\/div>\n<\/div>\n<div class=\"td-block-row td-post-next-prev\">\n<div class=\"td-block-span6 td-post-prev-post\">\n<div class=\"td-post-next-prev-content\"><span>Articolul precedent<\/span><a href=\"https:\/\/orasul-timisoara.ro\/local-39701\/\">Alfred Simonis propune un teren de 5 hectare pentru mutarea p\u0103c\u0103nelelor din Timi\u0219oara<\/a><\/div>\n<\/div>\n<div class=\"td-block-span6 td-post-next-post\">\n<div class=\"td-post-next-prev-content\"><span>Articolul urm\u0103tor<\/span><a href=\"https:\/\/orasul-timisoara.ro\/local-39705\/\">Toate zborurile de pe Aeroportul Timi\u0219oara vor fi suspendate \u00eentre 2 \u0219i 22 noiembrie<\/a><\/div>\n<\/div>\n<\/div>\n<div class=\"td-author-name vcard author\"><span class=\"fn\"><a href=\"https:\/\/orasul-timisoara.ro\/author\/timisoara\/\">redactia<\/a><\/span><\/div>\n<p><span class=\"td-page-meta\"><\/span><span class=\"td-page-meta\"><span class=\"td-page-meta\"><\/span><\/span><span class=\"td-page-meta\"><\/span><\/footer>\n<div class=\"td_block_wrap td_block_related_posts tdi_3 td_with_ajax_pagination td-pb-border-top td_block_template_8\" data-td-block-uid=\"tdi_3\">\n<h4 class=\"td-related-title td-block-title\"><a id=\"tdi_4\" class=\"td-related-left td-cur-simple-item\" data-td_filter_value data-td_block_id=\"tdi_3\" href=\"https:\/\/orasul-timisoara.ro\/local-39703\/\">ARTICOLE SIMILARE<\/a><a id=\"tdi_5\" class=\"td-related-right\" data-td_filter_value=\"td_related_more_from_author\" data-td_block_id=\"tdi_3\" href=\"https:\/\/orasul-timisoara.ro\/local-39703\/\">DE LA ACELA\u0218I AUTOR<\/a><\/h4>\n<div id=\"tdi_3\" class=\"td_block_inner\">\n<div class=\"td-related-row\">\n<div class=\"td-related-span4\">\n<div class=\"td_module_related_posts td-animation-stack td_mod_related_posts\">\n<div class=\"td-module-image\">\n<div class=\"td-module-thumb\"><a href=\"https:\/\/orasul-timisoara.ro\/local-39634\/\" rel=\"bookmark\" class=\"td-image-wrap \" title=\"Aquatim anun\u021b\u0103 lucr\u0103ri \u00een trei localit\u0103\u021bi din Timi\u0219. Unde va fi oprit\u0103 apa \u0219i unde scade presiunea\"><img loading=\"lazy\" decoding=\"async\" class=\"entry-thumb\" src=\"https:\/\/orasul-timisoara.ro\/wp-content\/uploads\/2026\/07\/femeie-bea-apa-4-436x300.jpg\" alt title=\"Aquatim anun\u021b\u0103 lucr\u0103ri \u00een trei localit\u0103\u021bi din Timi\u0219. Unde va fi oprit\u0103 apa \u0219i unde scade presiunea\" width=\"218\" height=\"150\"><\/a><\/div>\n<\/div>\n<div class=\"item-details\">\n<h3 class=\"entry-title td-module-title\"><a href=\"https:\/\/orasul-timisoara.ro\/local-39634\/\" rel=\"bookmark\" title=\"Aquatim anun\u021b\u0103 lucr\u0103ri \u00een trei localit\u0103\u021bi din Timi\u0219. Unde va fi oprit\u0103 apa \u0219i unde scade presiunea\">Aquatim anun\u021b\u0103 lucr\u0103ri \u00een trei localit\u0103\u021bi din Timi\u0219. Unde va fi oprit\u0103 apa \u0219i unde scade presiunea<\/a><\/h3>\n<\/div>\n<\/div>\n<\/div>\n<div class=\"td-related-span4\">\n<div class=\"td_module_related_posts td-animation-stack td_mod_related_posts\">\n<div class=\"td-module-image\">\n<div class=\"td-module-thumb\"><a href=\"https:\/\/orasul-timisoara.ro\/local-39632\/\" rel=\"bookmark\" class=\"td-image-wrap \" title=\"Aquatim opre\u0219te apa \u00een Mo\u0219ni\u021ba Nou\u0103, Mo\u0219ni\u021ba Veche \u0219i Albina. Programul \u00eentreruperii\"><img loading=\"lazy\" decoding=\"async\" class=\"entry-thumb\" src=\"https:\/\/orasul-timisoara.ro\/wp-content\/uploads\/2026\/07\/femeie-bea-apa-3-436x300.jpg\" alt title=\"Aquatim opre\u0219te apa \u00een Mo\u0219ni\u021ba Nou\u0103, Mo\u0219ni\u021ba Veche \u0219i Albina. Programul \u00eentreruperii\" width=\"218\" height=\"150\"><\/a><\/div>\n<\/div>\n<div class=\"item-details\">\n<h3 class=\"entry-title td-module-title\"><a href=\"https:\/\/orasul-timisoara.ro\/local-39632\/\" rel=\"bookmark\" title=\"Aquatim opre\u0219te apa \u00een Mo\u0219ni\u021ba Nou\u0103, Mo\u0219ni\u021ba Veche \u0219i Albina. Programul \u00eentreruperii\">Aquatim opre\u0219te apa \u00een Mo\u0219ni\u021ba Nou\u0103, Mo\u0219ni\u021ba Veche \u0219i Albina. Programul \u00eentreruperii<\/a><\/h3>\n<\/div>\n<\/div>\n<\/div>\n<div class=\"td-related-span4\">\n<div class=\"td_module_related_posts td-animation-stack td_mod_related_posts\">\n<div class=\"td-module-image\">\n<div class=\"td-module-thumb\"><a href=\"https:\/\/orasul-timisoara.ro\/local-39606\/\" rel=\"bookmark\" class=\"td-image-wrap \" title=\"Apa va avea presiune redus\u0103 \u00een mai multe comune din Timi\u0219. Programul interven\u021biilor Aquatim\"><img loading=\"lazy\" decoding=\"async\" class=\"entry-thumb\" src=\"https:\/\/orasul-timisoara.ro\/wp-content\/uploads\/2026\/07\/femeie-bea-apa-3-436x300.jpg\" alt title=\"Apa va avea presiune redus\u0103 \u00een mai multe comune din Timi\u0219. Programul interven\u021biilor Aquatim\" width=\"218\" height=\"150\"><\/a><\/div>\n<\/div>\n<div class=\"item-details\">\n<h3 class=\"entry-title td-module-title\"><a href=\"https:\/\/orasul-timisoara.ro\/local-39606\/\" rel=\"bookmark\" title=\"Apa va avea presiune redus\u0103 \u00een mai multe comune din Timi\u0219. Programul interven\u021biilor Aquatim\">Apa va avea presiune redus\u0103 \u00een mai multe comune din Timi\u0219. Programul interven\u021biilor Aquatim<\/a><\/h3>\n<\/div>\n<\/div>\n<\/div>\n<\/div>\n<\/div>\n<\/div>\n<div class=\"comments\" id=\"comments\">\n<div id=\"respond\" class=\"comment-respond\">\n<h3 id=\"reply-title\" class=\"comment-reply-title\">L\u0102SA\u021aI UN MESAJ<\/h3>\n<div class=\"comment-form-input-wrap td-form-comment\">\n<div class=\"td-warning-comment\">V\u0103 rug\u0103m s\u0103 introduce\u021bi comentariul dvs.!<\/div>\n<\/div>\n<div class=\"comment-form-input-wrap td-form-author\">\n<div class=\"td-warning-author\">Introduce\u021bi aici numele dvs.<\/div>\n<\/div>\n<div class=\"comment-form-input-wrap td-form-email\">\n<div class=\"td-warning-email-error\">A\u021bi introdus o adres\u0103 de e-mail incorect\u0103!<\/div>\n<div class=\"td-warning-email\">V\u0103 rug\u0103m s\u0103 introduce\u021bi adresa dvs. de e-mail aici<\/div>\n<\/div>\n<\/div>\n<p class=\"akismet_comment_form_privacy_notice\">Acest site folose\u0219te Akismet pentru a reduce spamul. <a href=\"https:\/\/akismet.com\/privacy\/\" target=\"_blank\" rel=\"nofollow noopener\">Afl\u0103 cum sunt procesate datele comentariilor tale<\/a>.<\/p>\n<\/div>\n<\/div>\n<\/div>\n<div class=\"td-pb-span4 td-main-sidebar\" role=\"complementary\">\n<div class=\"td-ss-main-sidebar\">\n<aside id=\"block-4\" class=\"td_block_template_8 widget block-4 widget_block widget_media_image\">\n<figure class=\"wp-block-image size-full\"><img loading=\"lazy\" decoding=\"async\" width=\"336\" height=\"280\" src=\"https:\/\/orasul-timisoara.ro\/wp-content\/uploads\/2024\/11\/ReTIM-Abonamentul-Verde-Google-Ads-336x280px.gif\" alt class=\"wp-image-29257\"><\/figure>\n<\/aside>\n<div class=\"td_block_wrap td_block_social_counter td_block_widget tdi_6 td-social-style5 td-social-boxed td-pb-border-top td_block_template_8\">\n<div class=\"td-block-title-wrap\">\n<h4 class=\"td-block-title\"><span>Urm\u0103re\u0219te-ne pe Social Media<\/span><\/h4>\n<\/div>\n<div class=\"td-social-list\">\n<div class=\"td_social_type td-pb-margin-side td_social_facebook\">\n<div class=\"td-social-box\"><span class=\"td_social_info td_social_info_counter\">344,595<\/span><span class=\"td_social_info td_social_info_name\">Fani<\/span><span class=\"td_social_button\"><a href=\"https:\/\/www.facebook.com\/247timisoara\" target=\"_blank\" rel=\"nofollow\">\u00cemi place<\/a><\/span><\/div>\n<\/div>\n<div class=\"td_social_type td-pb-margin-side td_social_instagram\">\n<div class=\"td-social-box\"><span class=\"td_social_info td_social_info_counter\">4,416<\/span><span class=\"td_social_info td_social_info_name\">Cititori<\/span><span class=\"td_social_button\"><a href=\"https:\/\/instagram.com\/orasultimisoararo\/\" target=\"_blank\" rel=\"nofollow\">Conecta\u021bi-v\u0103<\/a><\/span><\/div>\n<\/div>\n<div class=\"td_social_type td-pb-margin-side td_social_rss\">\n<div class=\"td-social-box\"><span class=\"td_social_info td_social_info_counter\">12,506<\/span><span class=\"td_social_info td_social_info_name\">Cititori<\/span><span class=\"td_social_button\"><a href=\"https:\/\/orasul-timisoara.ro\/feed\/\" target=\"_blank\" rel=\"nofollow\">Conecta\u021bi-v\u0103<\/a><\/span><\/div>\n<\/div>\n<div class=\"td_social_type td-pb-margin-side td_social_tiktok\">\n<div class=\"td-social-box\"><span class=\"td_social_info td_social_info_counter\">1,500<\/span><span class=\"td_social_info td_social_info_name\">Cititori<\/span><span class=\"td_social_button\"><a href=\"https:\/\/www.tiktok.com\/@orasultimisoara\" target=\"_blank\" rel=\"nofollow\">Conecta\u021bi-v\u0103<\/a><\/span><\/div>\n<\/div>\n<div class=\"td_social_type td-pb-margin-side td_social_twitter\">\n<div class=\"td-social-box\"><span class=\"td_social_info td_social_info_counter\">1,595<\/span><span class=\"td_social_info td_social_info_name\">Cititori<\/span><span class=\"td_social_button\"><a href=\"https:\/\/twitter.com\/orasultm\" target=\"_blank\" rel=\"nofollow\">Conecta\u021bi-v\u0103<\/a><\/span><\/div>\n<\/div>\n<div class=\"td_social_type td-pb-margin-side td_social_youtube\">\n<div class=\"td-social-box\"><span class=\"td_social_info td_social_info_counter\">3,506<\/span><span class=\"td_social_info td_social_info_name\">Abona\u021bi<\/span><span class=\"td_social_button\"><a href=\"https:\/\/www.youtube.com\/channel\/UCQNsQvs2XCSIm1Z-AHRturw?sub_confirmation=1\" target=\"_blank\" rel=\"nofollow\">Abona\u021bi-v\u0103<\/a><\/span><\/div>\n<\/div>\n<\/div>\n<\/div>\n<aside id=\"text-7\" class=\"td_block_template_8 widget text-7 widget_text\">\n<h4 class=\"td-block-title\"><span>C\u0103ut\u0103ri populare pe OTM<\/span><\/h4>\n<div class=\"textwidget\"><a href=\"https:\/\/orasul-timisoara.ro\/?s=timisoara\"><span>Timisoara<\/span><\/a><a href=\"https:\/\/orasul-timisoara.ro\/?s=calin+dobra\"><span>Calin Dobra<\/span><\/a><a href=\"https:\/\/orasul-timisoara.ro\/?s=primaria+timisoara\"><span>Primaria Timisoara<\/span><\/a><a href=\"https:\/\/orasul-timisoara.ro\/?s=dominic+fritz\"><span>Dominic Fritz<\/span><\/a><a href=\"https:\/\/orasul-timisoara.ro\/?s=nicolae+robu\"><span>Nicolae Robu<\/span><\/a><a href=\"https:\/\/orasul-timisoara.ro\/?s=consiliul+local+timisoara\">Consiliul Local Timisoara<\/a><a href=\"https:\/\/orasul-timisoara.ro\/?s=consiliul+judetean+timis\"><span>Consiliul Judetean Timis<\/span><\/a><a href=\"https:\/\/orasul-timisoara.ro\/?s=cjt\"><span>CJT<\/span><\/a><a href=\"https:\/\/orasul-timisoara.ro\/?s=Alfred+Simonis\"><span>Alfred Simonis<\/span><\/a><a href=\"https:\/\/orasul-timisoara.ro\/?s=PNL\"><span>PNL<\/span><\/a><a href=\"https:\/\/orasul-timisoara.ro\/?s=coronavirus\"><span>coronavirus<\/span><\/a><a href=\"https:\/\/orasul-timisoara.ro\/?s=teatru+timisoara\">teatru Timisoara<\/a><a href=\"https:\/\/orasul-timisoara.ro\/?s=restaurante\"><span>restaurante Timisoara<\/span><\/a><a href=\"https:\/\/orasul-timisoara.ro\/?s=diskoteka\"><span>Diskoteka<\/span><\/a><a href=\"https:\/\/orasul-timisoara.ro\/?s=iulius+town\"><span>Iulius Town<\/span><\/a><a href=\"https:\/\/orasul-timisoara.ro\/?s=iulius+mall\"><span>Iulius Mall<\/span><\/a><a href=\"https:\/\/orasul-timisoara.ro\/?s=stpt\"><span>STPT<\/span><\/a><a href=\"https:\/\/orasul-timisoara.ro\/?s=alin+nica\"><span>Alin Nica<\/span><\/a><a href=\"https:\/\/orasul-timisoara.ro\/?s=psd\"><span>PSD<\/span><\/a><a href=\"https:\/\/orasul-timisoara.ro\/?s=aeroport\"><span>Aeroportul International Timisoara<\/span><\/a><a href=\"https:\/\/orasul-timisoara.ro\/?s=babes\"><span>Spitalul Victor Babes Timisoara<\/span><\/a><a href=\"https:\/\/orasul-timisoara.ro\/?s=poli\"><span>Poli Timi\u0219oara<\/span><\/a><a href=\"https:\/\/orasul-timisoara.ro\/?s=carantina\"><span>carantina<\/span><\/a><a href=\"https:\/\/orasul-timisoara.ro\/?s=aquatim\"><span>Aquatim<\/span><\/a><a href=\"https:\/\/orasul-timisoara.ro\/local-category\/stiri-timisoara\/\"><span>Stiri Timisoara<\/span><\/a><a href=\"https:\/\/orasul-timisoara.ro\/local-category\/investitii-in-timisoara\/\"><span>Investi\u021bii in Timi\u0219oara<\/span><\/a><a href=\"https:\/\/orasul-timisoara.ro\/local-9463\/\"><span>shaorma<\/span><\/a><a href=\"https:\/\/orasul-timisoara.ro\/?s=trafic\"><span>trafic rutier<\/span><\/a><a href=\"https:\/\/orasul-timisoara.ro\/?s=politia\"><span>politia locala timisoara<\/span><\/a><a href=\"https:\/\/orasul-timisoara.ro\/?s=roxana\"><span>Roxana Iliescu<\/span><\/a><a href=\"https:\/\/orasul-timisoara.ro\/?s=colterm\"><span>Colterm<\/span><\/a><a href=\"https:\/\/orasul-timisoara.ro\/?s=latcau\"><span>Ruben La\u021bc\u0103u<\/span><\/a><a href=\"https:\/\/orasul-timisoara.ro\/?s=timis\"><span>\u0218tiri din Timi\u0219<\/span><\/a><a href=\"https:\/\/orasul-timisoara.ro\/?s=spital\"><span>Spitale din Timi\u0219oara<\/span><\/a><a href=\"https:\/\/orasul-timisoara.ro\/?s=tabara\"><span>Cosmin Tab\u0103r\u0103<\/span><\/a><\/div>\n<\/aside>\n<aside id=\"rss-2\" class=\"td_block_template_8 widget rss-2 widget_rss\">\n<h4 class=\"td-block-title\"><span><a class=\"rsswidget rss-widget-feed\" href=\"https:\/\/fashionfridays.ro\/feed\"><img decoding=\"async\" class=\"rss-widget-icon\" width=\"14\" height=\"14\" src=\"https:\/\/orasul-timisoara.ro\/wp-includes\/images\/rss.png\" alt=\"RSS\" loading=\"lazy\"><\/a><a class=\"rsswidget rss-widget-title\" href=\"https:\/\/fashionfridays.ro\/\">Fashion Fridays<\/a><\/span><\/h4>\n<ul>\n<li><a class=\"rsswidget\" href=\"https:\/\/fashionfridays.ro\/romania-devine-a-29-a-piata-vogue-o-noua-era-pentru-industria-locala-de-moda\/\">Rom\u00e2nia devine a 29-a pia\u021b\u0103 Vogue: o nou\u0103 er\u0103 pentru industria local\u0103 de mod\u0103<\/a>\n<div class=\"rssSummary\">Revista Vogue \u00ee\u0219i extinde prezen\u021ba global\u0103 \u0219i va fi lansat\u0103 oficial \u00een Rom\u00e2nia \u00een prim\u0103vara anului 2027, marc\u00e2nd intrarea pe cea de-a 29-a pia\u021b\u0103 interna\u021bional\u0103. Proiectul este realizat \u00een parteneriat cu AEMME Publishing, o companie media recent \u00eenfiin\u021bat\u0103, care va publica edi\u021bia local\u0103 sub licen\u021b\u0103. Noua edi\u021bie, Vogue Rom\u00e2nia, \u00ee\u0219i propune s\u0103 combine autoritatea global\u0103 [\u2026]<\/div>\n<\/li>\n<\/ul>\n<\/aside>\n<aside id=\"rss-4\" class=\"td_block_template_8 widget rss-4 widget_rss\">\n<h4 class=\"td-block-title\"><span><a class=\"rsswidget rss-widget-feed\" href=\"https:\/\/emasini.ro\/feed\"><img decoding=\"async\" class=\"rss-widget-icon\" width=\"14\" height=\"14\" src=\"https:\/\/orasul-timisoara.ro\/wp-includes\/images\/rss.png\" alt=\"RSS\" loading=\"lazy\"><\/a><a class=\"rsswidget rss-widget-title\" href=\"https:\/\/emasini.ro\/\">eMasini<\/a><\/span><\/h4>\n<ul>\n<li><a class=\"rsswidget\" href=\"https:\/\/emasini.ro\/dacia-analizeaza-lansarea-lui-hipster-automobilul-urban-de-doar-3-metri-lungime\/\">Dacia analizeaz\u0103 lansarea lui Hipster, automobilul urban de doar 3 metri lungime (video)<\/a>\n<div class=\"rssSummary\">Dacia ar putea introduce pe pia\u021b\u0103 unul dintre cele mai neobi\u0219nuite modele din istoria sa recent\u0103. Conceptul Hipster, prezentat anul trecut ca o reinterpretare radical\u0103 a automobilului urban accesibil, se afl\u0103 \u00een prezent \u00eentr-o etap\u0103 de evaluare, iar decizia privind produc\u021bia de serie va fi luat\u0103 \u00een func\u021bie de reac\u021bia publicului \u0219i de evolu\u021bia reglement\u0103rilor [\u2026]<\/div>\n<\/li>\n<\/ul>\n<\/aside>\n<\/div>\n<\/div>\n<\/div>\n<\/div>\n<\/article>\n<div class=\"td-post-content tagdiv-type\">\n<p class=\"wp-block-paragraph\">Copiii care \u00ee\u0219i petrec vacan\u021ba de var\u0103 \u00een Timi\u0219oara au ocazia s\u0103 participe gratuit la activit\u0103\u021bi educative \u0219i interactive organizate de Aquatim la Muzeul Apei. Programul de educa\u021bie nonformal\u0103 continu\u0103 \u0219i \u00een lunile de vacan\u021b\u0103, oferind experien\u021be prin care cei mici pot \u00eenv\u0103\u021ba despre protejarea mediului \u0219i importan\u021ba apei prin joc, experimente \u0219i ateliere creative.<\/p>\n<p class=\"wp-block-paragraph\">Activit\u0103\u021bile sunt dedicate grupurilor organizate, precum \u0219coli de var\u0103, cluburi \u0219i programe afterschool, \u0219i sunt adaptate copiilor cu v\u00e2rste cuprinse \u00eentre 6 \u0219i 10 ani.<\/p>\n<h2 class=\"wp-block-heading\">\u201e\u0218tafeta Apei\u201d \u0219i \u201eMisiunea Eco-Families\u201d, principalele activit\u0103\u021bi din iulie<\/h2>\n<p class=\"wp-block-paragraph\">Programul preg\u0103tit pentru luna iulie cuprinde dou\u0103 tipuri de activit\u0103\u021bi educative care \u00eembin\u0103 \u00eenv\u0103\u021barea cu joaca.<\/p>\n<p class=\"wp-block-paragraph\">\u201e\u0218tafeta Apei\u201d propune jocuri de echip\u0103 \u0219i provoc\u0103ri interactive prin care participan\u021bii descoper\u0103 rolul esen\u021bial al apei \u00een via\u021ba de zi cu zi \u0219i \u00eenva\u021b\u0103 cum pot adopta comportamente responsabile pentru protejarea mediului.<\/p>\n<p class=\"wp-block-paragraph\">Cea de-a doua activitate, \u201eMisiunea Eco-Families\u201d, include ateliere creative de reciclare \u0219i exerci\u021bii interactive dedicate educa\u021biei ecologice. Acestea sunt organizate cu sprijinul Centrului Na\u021bional pentru Produc\u021bie \u0219i Consum Durabile \u0219i urm\u0103resc s\u0103 \u00eei familiarizeze pe copii cu principiile reutiliz\u0103rii \u0219i ale consumului responsabil.<\/p>\n<h2 class=\"wp-block-heading\">Activit\u0103\u021bi de dou\u0103 ori pe s\u0103pt\u0103m\u00e2n\u0103<\/h2>\n<p class=\"wp-block-paragraph\">Pe \u00eentreaga durat\u0103 a vacan\u021bei de var\u0103, sesiunile educative se desf\u0103\u0219oar\u0103 de dou\u0103 ori pe s\u0103pt\u0103m\u00e2n\u0103, fiind concepute special pentru copiii cu v\u00e2rste \u00eentre 6 \u0219i 10 ani.<\/p>\n<p class=\"wp-block-paragraph\">Prin metode interactive \u0219i activit\u0103\u021bi practice, organizatorii \u00ee\u0219i propun s\u0103 transforme no\u021biunile despre protec\u021bia mediului \u00eentr-o experien\u021b\u0103 atractiv\u0103 \u0219i u\u0219or de \u00een\u021beles pentru cei mici.<\/p>\n<h2 class=\"wp-block-heading\">Participarea este gratuit\u0103<\/h2>\n<p class=\"wp-block-paragraph\">Toate activit\u0103\u021bile sunt oferite gratuit, \u00eens\u0103 participarea se face pe baz\u0103 de \u00eenscriere prealabil\u0103, \u00een limita locurilor disponibile.<\/p>\n<p class=\"wp-block-paragraph\">\u00censcrierile pot fi realizate la recep\u021bia Muzeului Apei sau telefonic, la num\u0103rul <strong>0757 087 059<\/strong>.<\/p>\n<p class=\"wp-block-paragraph\">Programul complet al activit\u0103\u021bilor poate fi consultat pe website-ul Muzeului Apei \u0219i pe paginile oficiale de social media, iar calendarul dedicat lunii august va fi anun\u021bat \u00een data de 25 iulie.<\/p>\n<h2 class=\"wp-block-heading\">Educa\u021bie pentru protejarea apei \u0219i a mediului<\/h2>\n<p class=\"wp-block-paragraph\">Prin programul de educa\u021bie nonformal\u0103 desf\u0103\u0219urat la Muzeul Apei, Aquatim urm\u0103re\u0219te s\u0103 dezvolte \u00eenc\u0103 de la v\u00e2rste fragede un comportament responsabil fa\u021b\u0103 de ap\u0103 \u0219i fa\u021b\u0103 de mediul \u00eenconjur\u0103tor.<\/p>\n<p class=\"wp-block-paragraph\">Activit\u0103\u021bile pun \u00een valoare at\u00e2t importan\u021ba apei ca resurs\u0103 esen\u021bial\u0103 pentru comunitate, c\u00e2t \u0219i rolul Muzeului Apei din Timi\u0219oara, unul dintre cele mai reprezentative obiective de patrimoniu industrial din Rom\u00e2nia. Prin joc, creativitate \u0219i experien\u021be practice, copiii sunt \u00eencuraja\u021bi s\u0103 descopere \u00eentr-un mod accesibil leg\u0103tura dintre patrimoniu, natur\u0103 \u0219i responsabilitatea fa\u021b\u0103 de resursele de care depinde via\u021ba de zi cu zi.<\/p>\n<\/div>\n<p>[analyse_source url=&#8221;https:\/\/orasul-timisoara.ro\/local-39703\/&#8221;]<\/p>\n","protected":false},"excerpt":{"rendered":"<p>[analyse_image type=&#8221;featured&#8221; src=&#8221;https:\/\/orasul-timisoara.ro\/wp-content\/uploads\/2023\/06\/Muzeul-Apei_bird-eye.jpg&#8221;] Evenimente in TimisoaraAquatim organizeaz\u0103 activit\u0103\u021bi gratuite pentru copii la Muzeul Apei din Timi\u0219oara Evenimente in Timisoara \u0218tiri Locale Aquatim organizeaz\u0103 activit\u0103\u021bi gratuite pentru copii la Muzeul Apei din Timi\u0219oara De c\u0103tre redactia &#8211; 17\/07\/2026 Facebook Twitter WhatsApp Linkedin ReddIt Email Imprimare Copiii care \u00ee\u0219i petrec vacan\u021ba de var\u0103 \u00een Timi\u0219oara au ocazia [&hellip;]<\/p>\n","protected":false},"author":1,"featured_media":0,"comment_status":"open","ping_status":"","sticky":false,"template":"","format":"standard","meta":{"footnotes":""},"categories":[89],"tags":[226,189],"class_list":["post-2048114","post","type-post","status-publish","format-standard","hentry","category-romania","tag-crawlmanager","tag-orasul-timisoara-ro"],"_links":{"self":[{"href":"https:\/\/analyse.optim.biz\/index.php?rest_route=\/wp\/v2\/posts\/2048114","targetHints":{"allow":["GET"]}}],"collection":[{"href":"https:\/\/analyse.optim.biz\/index.php?rest_route=\/wp\/v2\/posts"}],"about":[{"href":"https:\/\/analyse.optim.biz\/index.php?rest_route=\/wp\/v2\/types\/post"}],"author":[{"embeddable":true,"href":"https:\/\/analyse.optim.biz\/index.php?rest_route=\/wp\/v2\/users\/1"}],"replies":[{"embeddable":true,"href":"https:\/\/analyse.optim.biz\/index.php?rest_route=%2Fwp%2Fv2%2Fcomments&post=2048114"}],"version-history":[{"count":0,"href":"https:\/\/analyse.optim.biz\/index.php?rest_route=\/wp\/v2\/posts\/2048114\/revisions"}],"wp:attachment":[{"href":"https:\/\/analyse.optim.biz\/index.php?rest_route=%2Fwp%2Fv2%2Fmedia&parent=2048114"}],"wp:term":[{"taxonomy":"category","embeddable":true,"href":"https:\/\/analyse.optim.biz\/index.php?rest_route=%2Fwp%2Fv2%2Fcategories&post=2048114"},{"taxonomy":"post_tag","embeddable":true,"href":"https:\/\/analyse.optim.biz\/index.php?rest_route=%2Fwp%2Fv2%2Ftags&post=2048114"}],"curies":[{"name":"wp","href":"https:\/\/api.w.org\/{rel}","templated":true}]}}