{"id":2048111,"date":"2026-07-17T09:06:56","date_gmt":"2026-07-17T06:06:56","guid":{"rendered":"https:\/\/analyse.optim.biz\/?p=2048111"},"modified":"2026-07-17T09:06:56","modified_gmt":"2026-07-17T06:06:56","slug":"alfred-simonis-propune-un-teren-de-5-hectare-pentru-mutarea-pacanelelor-din-timisoara","status":"publish","type":"post","link":"https:\/\/analyse.optim.biz\/?p=2048111","title":{"rendered":"Alfred Simonis propune un teren de 5 hectare pentru mutarea p\u0103c\u0103nelelor din Timi\u0219oara"},"content":{"rendered":"<p>[analyse_image type=&#8221;featured&#8221; src=&#8221;https:\/\/orasul-timisoara.ro\/wp-content\/uploads\/2025\/06\/centura-nord-1920&#215;1080.jpg&#8221;]<\/p>\n<article id=\"post-39701\" class=\"td-post-template-7 post-39701 post type-post status-publish format-standard has-post-thumbnail category-administratie category-featured category-investitii-in-timisoara category-stiri-timisoara tag-adictie tag-administratie-locala-2 tag-alfred-simonis tag-centura-de-nord tag-cj-timis-2 tag-consiliul-judetean-timis-2 tag-dezbatere-publica-2 tag-jocuri-de-noroc tag-pacanele-2 tag-primaria-timisoara-2 tag-relocare-sali-jocuri tag-strada-sulina tag-timisoara-2 td-container-wrap\">\n<div class=\"td-full-screen-header-image-wrap\">\n<div class=\"td-container td-post-header\">\n<div class=\"td-crumb-container\">\n<div class=\"entry-crumbs\"><span><a title=\"Vede\u021bi toate articolele \u00een Administra\u021bie local\u0103\" class=\"entry-crumb\" href=\"https:\/\/orasul-timisoara.ro\/local-category\/administratie\/\">Administra\u021bie local\u0103<\/a><\/span><span class=\"td-bred-no-url-last\">Alfred Simonis propune un teren de 5 hectare pentru mutarea p\u0103c\u0103nelelor din&#8230;<\/span><\/div>\n<\/div>\n<div class=\"td-post-header-holder\">\n<div class=\"td-parallax-header\">\n<header class=\"td-post-title\">\n<ul class=\"td-category\">\n<li class=\"entry-category\"><a href=\"https:\/\/orasul-timisoara.ro\/local-category\/administratie\/\">Administra\u021bie local\u0103<\/a><\/li>\n<li class=\"entry-category\"><a href=\"https:\/\/orasul-timisoara.ro\/local-category\/investitii-in-timisoara\/\">Investitii in Timisoara<\/a><\/li>\n<li class=\"entry-category\"><a href=\"https:\/\/orasul-timisoara.ro\/local-category\/stiri-timisoara\/\">\u0218tiri Locale<\/a><\/li>\n<\/ul>\n<h1 class=\"entry-title\">Alfred Simonis propune un teren de 5 hectare pentru mutarea p\u0103c\u0103nelelor din Timi\u0219oara<\/h1>\n<div class=\"td-module-meta-info\">\n<div class=\"td-post-author-name\">\n<div class=\"td-author-by\">De c\u0103tre<\/div>\n<p><a href=\"https:\/\/orasul-timisoara.ro\/author\/timisoara\/\">redactia<\/a><\/p>\n<div class=\"td-author-line\"> &#8211; <\/div>\n<\/div>\n<p><span class=\"td-post-date\"><time class=\"entry-date updated td-module-date\" datetime=\"2026-07-17T12:06:56+03:00\">17\/07\/2026<\/time><\/span><\/div>\n<\/header>\n<\/div>\n<\/div>\n<\/div>\n<div id=\"td-full-screen-header-image\" class=\"td-image-gradient-style7\"><img decoding=\"async\" class=\"td-backstretch\" src=\"https:\/\/orasul-timisoara.ro\/wp-content\/uploads\/2025\/06\/centura-nord.jpg\"><\/div>\n<\/div>\n<div class=\"td-container\">\n<div class=\"td-pb-row\">\n<div class=\"td-pb-span8 td-main-content\" role=\"main\">\n<div class=\"td-ss-main-content\">\n<div class=\"td-post-sharing-top\">\n<div class=\"td-post-sharing-classic\"><iframe title=\"topFacebookLike\" frameborder src=\"https:\/\/www.facebook.com\/plugins\/like.php?href=https:\/\/orasul-timisoara.ro\/local-39701\/&amp;layout=button_count&amp;show_faces=false&amp;width=105&amp;action=like&amp;colorscheme=light&amp;height=21\"><\/iframe><\/div>\n<div id=\"td_social_sharing_article_top\" class=\"td-post-sharing td-ps-bg td-ps-notext td-post-sharing-style1 \">\n<div class=\"td-post-sharing-visible\"><a class=\"td-social-sharing-button td-social-sharing-button-js td-social-network td-social-facebook\" href=\"https:\/\/www.facebook.com\/sharer.php?u=https%3A%2F%2Forasul-timisoara.ro%2Flocal-39701%2F\" title=\"Facebook\"><\/p>\n<div class=\"td-social-but-text\">Facebook<\/div>\n<p><\/a><a class=\"td-social-sharing-button td-social-sharing-button-js td-social-network td-social-twitter\" href=\"https:\/\/twitter.com\/intent\/tweet?text=Alfred+Simonis+propune+un+teren+de+5+hectare+pentru+mutarea+p%C4%83c%C4%83nelelor+din+Timi%C8%99oara&amp;url=https%3A%2F%2Forasul-timisoara.ro%2Flocal-39701%2F&amp;via=orasultm\" title=\"Twitter\"><\/p>\n<div class=\"td-social-but-text\">Twitter<\/div>\n<p><\/a><a class=\"td-social-sharing-button td-social-sharing-button-js td-social-network td-social-whatsapp\" href=\"https:\/\/api.whatsapp.com\/send?text=Alfred+Simonis+propune+un+teren+de+5+hectare+pentru+mutarea+p%C4%83c%C4%83nelelor+din+Timi%C8%99oara%20%0A%0A%20https:\/\/orasul-timisoara.ro\/local-39701\/\" title=\"WhatsApp\"><\/p>\n<div class=\"td-social-but-text\">WhatsApp<\/div>\n<p><\/a><a class=\"td-social-sharing-button td-social-sharing-button-js td-social-network td-social-linkedin\" href=\"https:\/\/www.linkedin.com\/shareArticle?mini=true&amp;url=https:\/\/orasul-timisoara.ro\/local-39701\/&amp;title=Alfred+Simonis+propune+un+teren+de+5+hectare+pentru+mutarea+p%C4%83c%C4%83nelelor+din+Timi%C8%99oara\" title=\"Linkedin\"><\/p>\n<div class=\"td-social-but-text\">Linkedin<\/div>\n<p><\/a><a class=\"td-social-sharing-button td-social-sharing-button-js td-social-network td-social-reddit\" href=\"https:\/\/reddit.com\/submit?url=https:\/\/orasul-timisoara.ro\/local-39701\/&amp;title=Alfred+Simonis+propune+un+teren+de+5+hectare+pentru+mutarea+p%C4%83c%C4%83nelelor+din+Timi%C8%99oara\" title=\"ReddIt\"><\/p>\n<div class=\"td-social-but-text\">ReddIt<\/div>\n<p><\/a><a class=\"td-social-sharing-button td-social-sharing-button-js td-social-network td-social-mail\" href=\"mailto:?subject=Alfred%20Simonis%20propune%20un%20teren%20de%205%20hectare%20pentru%20mutarea%20p%C4%83c%C4%83nelelor%20din%20Timi%C8%99oara&amp;body=https:\/\/orasul-timisoara.ro\/local-39701\/\" title=\"Email\"><\/p>\n<div class=\"td-social-but-text\">Email<\/div>\n<p><\/a><a class=\"td-social-sharing-button td-social-sharing-button-js td-social-network td-social-print\" href=\"https:\/\/orasul-timisoara.ro\/local-39701\/\" title=\"Imprimare\"><\/p>\n<div class=\"td-social-but-text\">Imprimare<\/div>\n<p><\/a><\/div>\n<\/div>\n<\/div>\n<div class=\"td-post-content tagdiv-type\">\n<p class=\"wp-block-paragraph\">Consiliul Jude\u021bean Timi\u0219 intr\u0103 \u00een dezbaterea privind relocarea s\u0103lilor de jocuri de noroc din Timi\u0219oara. Pre\u0219edintele institu\u021biei, Alfred Simonis, anun\u021b\u0103 c\u0103 pune la dispozi\u021bia Prim\u0103riei Timi\u0219oara un teren de aproximativ cinci hectare, situat \u00een zona Centurii de Nord, ca alternativ\u0103 la amplasamentul propus pe strada Sulina.<\/p>\n<p class=\"wp-block-paragraph\">Propunerea vine dup\u0103 dezbaterile publice organizate de Prim\u0103ria Timi\u0219oara pe tema mut\u0103rii s\u0103lilor de jocuri de noroc la periferia ora\u0219ului, \u00eent\u00e2lniri la care locuitorii din zona Sulina \u0219i-au exprimat \u00een mod ferm opozi\u021bia fa\u021b\u0103 de proiect.<\/p>\n<h2 class=\"wp-block-heading\">O alternativ\u0103 la amplasamentul de pe strada Sulina<\/h2>\n<p class=\"wp-block-paragraph\">Alfred Simonis afirm\u0103 c\u0103 a urm\u0103rit discu\u021biile generate de proiect \u0219i consider\u0103 c\u0103 nemul\u021bumirile locuitorilor trebuie luate \u00een considerare. \u00cen acest context, Consiliul Jude\u021bean Timi\u0219 propune municipalit\u0103\u021bii un teren aflat \u00een apropierea Centurii de Nord, \u00eentr-o zon\u0103 f\u0103r\u0103 vecin\u0103t\u0103\u021bi reziden\u021biale.<\/p>\n<p class=\"wp-block-paragraph\">Potrivit pre\u0219edintelui CJ Timi\u0219, amplasamentul ar permite relocarea s\u0103lilor de jocuri de noroc \u00een afara ora\u0219ului, f\u0103r\u0103 a afecta calitatea vie\u021bii locuitorilor din cartierele Timi\u0219oarei.<\/p>\n<h2 class=\"wp-block-heading\">Simonis: \u201eVocea timi\u0219orenilor trebuie ascultat\u0103\u201d<\/h2>\n<p class=\"wp-block-paragraph\">\u0218eful administra\u021biei jude\u021bene sus\u021bine c\u0103 locuitorii din zona strazii Sulina au motive \u00eentemeiate s\u0103 fie preocupa\u021bi de efectele unei astfel de dezvolt\u0103ri \u00een apropierea locuin\u021belor.<\/p>\n<p class=\"wp-block-paragraph\">Acesta apreciaz\u0103 c\u0103 transformarea zonei \u00eentr-un pol destinat s\u0103lilor de jocuri de noroc ar putea afecta confortul \u0219i siguran\u021ba celor care tr\u0103iesc \u00een cartier, motiv pentru care consider\u0103 necesar\u0103 identificarea unei solu\u021bii alternative.<\/p>\n<h2 class=\"wp-block-heading\">Propunerea: mutarea definitiv\u0103 \u00een afara ora\u0219ului<\/h2>\n<p class=\"wp-block-paragraph\">Potrivit lui Alfred Simonis, terenul pus la dispozi\u021bia Prim\u0103riei Timi\u0219oara are o suprafa\u021b\u0103 de cinci hectare \u0219i este amplasat \u00eentr-o zon\u0103 izolat\u0103, \u00een apropierea Centurii de Nord, f\u0103r\u0103 locuin\u021be \u00een imediata vecin\u0103tate.<\/p>\n<p class=\"wp-block-paragraph\">\u00cen opinia acestuia, o astfel de amplasare ar elimina impactul asupra comunit\u0103\u021bilor locale \u0219i ar r\u0103spunde obiectivului de a scoate activit\u0103\u021bile de jocuri de noroc din interiorul municipiului.<\/p>\n<h2 class=\"wp-block-heading\">Apel pentru m\u0103suri rapide<\/h2>\n<p class=\"wp-block-paragraph\">Pre\u0219edintele Consiliului Jude\u021bean Timi\u0219 sus\u021bine c\u0103 fenomenul jocurilor de noroc genereaz\u0103 probleme sociale importante \u0219i c\u0103 dependen\u021ba de jocuri afecteaz\u0103 numeroase familii.<\/p>\n<p class=\"wp-block-paragraph\">\u201eNe dorim ca jocurile de noroc s\u0103 nu \u00ee\u0219i mai g\u0103seasc\u0103 locul \u00een Timi\u0219oara. Zeci de mii de oameni sufer\u0103 de aceast\u0103 adic\u021bie, familii se destram\u0103, vie\u021bi sunt efectiv distruse. Trebuie luate m\u0103suri rapide, este un subiect care nu suport\u0103 am\u00e2nare\u201d, a transmis Alfred Simonis.<\/p>\n<p class=\"wp-block-paragraph\">Propunerea Consiliului Jude\u021bean urmeaz\u0103 s\u0103 fie analizat\u0103 de Prim\u0103ria Timi\u0219oara, \u00een contextul \u00een care administra\u021bia local\u0103 caut\u0103 solu\u021bii pentru relocarea s\u0103lilor de jocuri de noroc \u00een afara zonelor locuite.<\/p>\n<\/div>\n<footer>\n<div class=\"td-post-source-tags\">\n<ul class=\"td-tags td-post-small-box clearfix\">\n<li><span>ETICHETE<\/span><\/li>\n<li><a href=\"https:\/\/orasul-timisoara.ro\/local-tag\/adictie\/\">adic\u021bie<\/a><\/li>\n<li><a href=\"https:\/\/orasul-timisoara.ro\/local-tag\/administratie-locala-2\/\">administra\u021bie local\u0103<\/a><\/li>\n<li><a href=\"https:\/\/orasul-timisoara.ro\/local-tag\/alfred-simonis\/\">alfred simonis<\/a><\/li>\n<li><a href=\"https:\/\/orasul-timisoara.ro\/local-tag\/centura-de-nord\/\">Centura de Nord<\/a><\/li>\n<li><a href=\"https:\/\/orasul-timisoara.ro\/local-tag\/cj-timis-2\/\">CJ Timi\u0219<\/a><\/li>\n<li><a href=\"https:\/\/orasul-timisoara.ro\/local-tag\/consiliul-judetean-timis-2\/\">Consiliul Jude\u021bean Timi\u0219<\/a><\/li>\n<li><a href=\"https:\/\/orasul-timisoara.ro\/local-tag\/dezbatere-publica-2\/\">dezbatere public\u0103<\/a><\/li>\n<li><a href=\"https:\/\/orasul-timisoara.ro\/local-tag\/jocuri-de-noroc\/\">jocuri de noroc<\/a><\/li>\n<li><a href=\"https:\/\/orasul-timisoara.ro\/local-tag\/pacanele-2\/\">p\u0103c\u0103nele<\/a><\/li>\n<li><a href=\"https:\/\/orasul-timisoara.ro\/local-tag\/primaria-timisoara-2\/\">Prim\u0103ria Timi\u0219oara<\/a><\/li>\n<li><a href=\"https:\/\/orasul-timisoara.ro\/local-tag\/relocare-sali-jocuri\/\">relocare s\u0103li jocuri<\/a><\/li>\n<li><a href=\"https:\/\/orasul-timisoara.ro\/local-tag\/strada-sulina\/\">strada Sulina<\/a><\/li>\n<li><a href=\"https:\/\/orasul-timisoara.ro\/local-tag\/timisoara-2\/\">timi\u0219oara<\/a><\/li>\n<\/ul>\n<\/div>\n<div class=\"td-post-sharing-bottom\">\n<div class=\"td-post-sharing-classic\"><iframe title=\"bottomFacebookLike\" frameborder src=\"https:\/\/www.facebook.com\/plugins\/like.php?href=https:\/\/orasul-timisoara.ro\/local-39701\/&amp;layout=button_count&amp;show_faces=false&amp;width=105&amp;action=like&amp;colorscheme=light&amp;height=21\"><\/iframe><\/div>\n<div id=\"td_social_sharing_article_bottom\" class=\"td-post-sharing td-ps-bg td-ps-notext td-post-sharing-style1 \">\n<div class=\"td-post-sharing-visible\"><a class=\"td-social-sharing-button td-social-sharing-button-js td-social-network td-social-facebook\" href=\"https:\/\/www.facebook.com\/sharer.php?u=https%3A%2F%2Forasul-timisoara.ro%2Flocal-39701%2F\" title=\"Facebook\"><\/p>\n<div class=\"td-social-but-text\">Facebook<\/div>\n<p><\/a><a class=\"td-social-sharing-button td-social-sharing-button-js td-social-network td-social-twitter\" href=\"https:\/\/twitter.com\/intent\/tweet?text=Alfred+Simonis+propune+un+teren+de+5+hectare+pentru+mutarea+p%C4%83c%C4%83nelelor+din+Timi%C8%99oara&amp;url=https%3A%2F%2Forasul-timisoara.ro%2Flocal-39701%2F&amp;via=orasultm\" title=\"Twitter\"><\/p>\n<div class=\"td-social-but-text\">Twitter<\/div>\n<p><\/a><a class=\"td-social-sharing-button td-social-sharing-button-js td-social-network td-social-whatsapp\" href=\"https:\/\/api.whatsapp.com\/send?text=Alfred+Simonis+propune+un+teren+de+5+hectare+pentru+mutarea+p%C4%83c%C4%83nelelor+din+Timi%C8%99oara%20%0A%0A%20https:\/\/orasul-timisoara.ro\/local-39701\/\" title=\"WhatsApp\"><\/p>\n<div class=\"td-social-but-text\">WhatsApp<\/div>\n<p><\/a><a class=\"td-social-sharing-button td-social-sharing-button-js td-social-network td-social-linkedin\" href=\"https:\/\/www.linkedin.com\/shareArticle?mini=true&amp;url=https:\/\/orasul-timisoara.ro\/local-39701\/&amp;title=Alfred+Simonis+propune+un+teren+de+5+hectare+pentru+mutarea+p%C4%83c%C4%83nelelor+din+Timi%C8%99oara\" title=\"Linkedin\"><\/p>\n<div class=\"td-social-but-text\">Linkedin<\/div>\n<p><\/a><a class=\"td-social-sharing-button td-social-sharing-button-js td-social-network td-social-reddit\" href=\"https:\/\/reddit.com\/submit?url=https:\/\/orasul-timisoara.ro\/local-39701\/&amp;title=Alfred+Simonis+propune+un+teren+de+5+hectare+pentru+mutarea+p%C4%83c%C4%83nelelor+din+Timi%C8%99oara\" title=\"ReddIt\"><\/p>\n<div class=\"td-social-but-text\">ReddIt<\/div>\n<p><\/a><a class=\"td-social-sharing-button td-social-sharing-button-js td-social-network td-social-mail\" href=\"mailto:?subject=Alfred%20Simonis%20propune%20un%20teren%20de%205%20hectare%20pentru%20mutarea%20p%C4%83c%C4%83nelelor%20din%20Timi%C8%99oara&amp;body=https:\/\/orasul-timisoara.ro\/local-39701\/\" title=\"Email\"><\/p>\n<div class=\"td-social-but-text\">Email<\/div>\n<p><\/a><a class=\"td-social-sharing-button td-social-sharing-button-js td-social-network td-social-print\" href=\"https:\/\/orasul-timisoara.ro\/local-39701\/\" title=\"Imprimare\"><\/p>\n<div class=\"td-social-but-text\">Imprimare<\/div>\n<p><\/a><\/div>\n<\/div>\n<\/div>\n<div class=\"td-block-row td-post-next-prev\">\n<div class=\"td-block-span6 td-post-prev-post\">\n<div class=\"td-post-next-prev-content\"><span>Articolul precedent<\/span><a href=\"https:\/\/orasul-timisoara.ro\/local-39697\/\">Actorul Ion Rizea este noul manager al Teatrului Na\u021bional din Timi\u0219oara<\/a><\/div>\n<\/div>\n<div class=\"td-block-span6 td-post-next-post\">\n<div class=\"td-post-next-prev-content\"><span>Articolul urm\u0103tor<\/span><a href=\"https:\/\/orasul-timisoara.ro\/local-39703\/\">Aquatim organizeaz\u0103 activit\u0103\u021bi gratuite pentru copii la Muzeul Apei din Timi\u0219oara<\/a><\/div>\n<\/div>\n<\/div>\n<div class=\"td-author-name vcard author\"><span class=\"fn\"><a href=\"https:\/\/orasul-timisoara.ro\/author\/timisoara\/\">redactia<\/a><\/span><\/div>\n<p><span class=\"td-page-meta\"><\/span><span class=\"td-page-meta\"><span class=\"td-page-meta\"><\/span><\/span><span class=\"td-page-meta\"><\/span><\/footer>\n<div class=\"td_block_wrap td_block_related_posts tdi_3 td_with_ajax_pagination td-pb-border-top td_block_template_8\" data-td-block-uid=\"tdi_3\">\n<h4 class=\"td-related-title td-block-title\"><a id=\"tdi_4\" class=\"td-related-left td-cur-simple-item\" data-td_filter_value data-td_block_id=\"tdi_3\" href=\"https:\/\/orasul-timisoara.ro\/local-39701\/\">ARTICOLE SIMILARE<\/a><a id=\"tdi_5\" class=\"td-related-right\" data-td_filter_value=\"td_related_more_from_author\" data-td_block_id=\"tdi_3\" href=\"https:\/\/orasul-timisoara.ro\/local-39701\/\">DE LA ACELA\u0218I AUTOR<\/a><\/h4>\n<div id=\"tdi_3\" class=\"td_block_inner\">\n<div class=\"td-related-row\">\n<div class=\"td-related-span4\">\n<div class=\"td_module_related_posts td-animation-stack td_mod_related_posts\">\n<div class=\"td-module-image\">\n<div class=\"td-module-thumb\"><a href=\"https:\/\/orasul-timisoara.ro\/local-39645\/\" rel=\"bookmark\" class=\"td-image-wrap \" title=\"Alfred Simonis: Timi\u0219ul va avea intr\u0103ri rutiere spectaculoase inspirate din patrimoniul jude\u021bului (foto)\"><img loading=\"lazy\" decoding=\"async\" class=\"entry-thumb\" src=\"https:\/\/orasul-timisoara.ro\/wp-content\/uploads\/2026\/07\/intrari-judet-1-436x300.jpg\" alt title=\"Alfred Simonis: Timi\u0219ul va avea intr\u0103ri rutiere spectaculoase inspirate din patrimoniul jude\u021bului (foto)\" width=\"218\" height=\"150\"><\/a><\/div>\n<\/div>\n<div class=\"item-details\">\n<h3 class=\"entry-title td-module-title\"><a href=\"https:\/\/orasul-timisoara.ro\/local-39645\/\" rel=\"bookmark\" title=\"Alfred Simonis: Timi\u0219ul va avea intr\u0103ri rutiere spectaculoase inspirate din patrimoniul jude\u021bului (foto)\">Alfred Simonis: Timi\u0219ul va avea intr\u0103ri rutiere spectaculoase inspirate din patrimoniul jude\u021bului (foto)<\/a><\/h3>\n<\/div>\n<\/div>\n<\/div>\n<div class=\"td-related-span4\">\n<div class=\"td_module_related_posts td-animation-stack td_mod_related_posts\">\n<div class=\"td-module-image\">\n<div class=\"td-module-thumb\"><a href=\"https:\/\/orasul-timisoara.ro\/local-39604\/\" rel=\"bookmark\" class=\"td-image-wrap \" title=\"Prim\u0103ria Timi\u0219oara invit\u0103 cet\u0103\u021benii la dezbaterea privind reorganizarea Direc\u021biei de Asisten\u021b\u0103 Social\u0103\"><img loading=\"lazy\" decoding=\"async\" class=\"entry-thumb\" src=\"https:\/\/orasul-timisoara.ro\/wp-content\/uploads\/2021\/01\/primaria-timisoara.jpg\" alt title=\"Prim\u0103ria Timi\u0219oara invit\u0103 cet\u0103\u021benii la dezbaterea privind reorganizarea Direc\u021biei de Asisten\u021b\u0103 Social\u0103\" width=\"218\" height=\"150\"><\/a><\/div>\n<\/div>\n<div class=\"item-details\">\n<h3 class=\"entry-title td-module-title\"><a href=\"https:\/\/orasul-timisoara.ro\/local-39604\/\" rel=\"bookmark\" title=\"Prim\u0103ria Timi\u0219oara invit\u0103 cet\u0103\u021benii la dezbaterea privind reorganizarea Direc\u021biei de Asisten\u021b\u0103 Social\u0103\">Prim\u0103ria Timi\u0219oara invit\u0103 cet\u0103\u021benii la dezbaterea privind reorganizarea Direc\u021biei de Asisten\u021b\u0103 Social\u0103<\/a><\/h3>\n<\/div>\n<\/div>\n<\/div>\n<div class=\"td-related-span4\">\n<div class=\"td_module_related_posts td-animation-stack td_mod_related_posts\">\n<div class=\"td-module-image\">\n<div class=\"td-module-thumb\"><a href=\"https:\/\/orasul-timisoara.ro\/local-39596\/\" rel=\"bookmark\" class=\"td-image-wrap \" title=\"Timi\u0219oara vrea s\u0103 mute toate s\u0103lile de jocuri de noroc \u00eentr-o zon\u0103 industrial\u0103\"><img loading=\"lazy\" decoding=\"async\" class=\"entry-thumb\" src=\"https:\/\/orasul-timisoara.ro\/wp-content\/uploads\/2026\/07\/str-sulina-436x300.jpg\" alt title=\"Timi\u0219oara vrea s\u0103 mute toate s\u0103lile de jocuri de noroc \u00eentr-o zon\u0103 industrial\u0103\" width=\"218\" height=\"150\"><\/a><\/div>\n<\/div>\n<div class=\"item-details\">\n<h3 class=\"entry-title td-module-title\"><a href=\"https:\/\/orasul-timisoara.ro\/local-39596\/\" rel=\"bookmark\" title=\"Timi\u0219oara vrea s\u0103 mute toate s\u0103lile de jocuri de noroc \u00eentr-o zon\u0103 industrial\u0103\">Timi\u0219oara vrea s\u0103 mute toate s\u0103lile de jocuri de noroc \u00eentr-o zon\u0103 industrial\u0103<\/a><\/h3>\n<\/div>\n<\/div>\n<\/div>\n<\/div>\n<\/div>\n<\/div>\n<div class=\"comments\" id=\"comments\">\n<div id=\"respond\" class=\"comment-respond\">\n<h3 id=\"reply-title\" class=\"comment-reply-title\">L\u0102SA\u021aI UN MESAJ<\/h3>\n<div class=\"comment-form-input-wrap td-form-comment\">\n<div class=\"td-warning-comment\">V\u0103 rug\u0103m s\u0103 introduce\u021bi comentariul dvs.!<\/div>\n<\/div>\n<div class=\"comment-form-input-wrap td-form-author\">\n<div class=\"td-warning-author\">Introduce\u021bi aici numele dvs.<\/div>\n<\/div>\n<div class=\"comment-form-input-wrap td-form-email\">\n<div class=\"td-warning-email-error\">A\u021bi introdus o adres\u0103 de e-mail incorect\u0103!<\/div>\n<div class=\"td-warning-email\">V\u0103 rug\u0103m s\u0103 introduce\u021bi adresa dvs. de e-mail aici<\/div>\n<\/div>\n<\/div>\n<p class=\"akismet_comment_form_privacy_notice\">Acest site folose\u0219te Akismet pentru a reduce spamul. <a href=\"https:\/\/akismet.com\/privacy\/\" target=\"_blank\" rel=\"nofollow noopener\">Afl\u0103 cum sunt procesate datele comentariilor tale<\/a>.<\/p>\n<\/div>\n<\/div>\n<\/div>\n<div class=\"td-pb-span4 td-main-sidebar\" role=\"complementary\">\n<div class=\"td-ss-main-sidebar\">\n<aside id=\"block-4\" class=\"td_block_template_8 widget block-4 widget_block widget_media_image\">\n<figure class=\"wp-block-image size-full\"><img loading=\"lazy\" decoding=\"async\" width=\"336\" height=\"280\" src=\"https:\/\/orasul-timisoara.ro\/wp-content\/uploads\/2024\/11\/ReTIM-Abonamentul-Verde-Google-Ads-336x280px.gif\" alt class=\"wp-image-29257\"><\/figure>\n<\/aside>\n<div class=\"td_block_wrap td_block_social_counter td_block_widget tdi_6 td-social-style5 td-social-boxed td-pb-border-top td_block_template_8\">\n<div class=\"td-block-title-wrap\">\n<h4 class=\"td-block-title\"><span>Urm\u0103re\u0219te-ne pe Social Media<\/span><\/h4>\n<\/div>\n<div class=\"td-social-list\">\n<div class=\"td_social_type td-pb-margin-side td_social_facebook\">\n<div class=\"td-social-box\"><span class=\"td_social_info td_social_info_counter\">344,595<\/span><span class=\"td_social_info td_social_info_name\">Fani<\/span><span class=\"td_social_button\"><a href=\"https:\/\/www.facebook.com\/247timisoara\" target=\"_blank\" rel=\"nofollow\">\u00cemi place<\/a><\/span><\/div>\n<\/div>\n<div class=\"td_social_type td-pb-margin-side td_social_instagram\">\n<div class=\"td-social-box\"><span class=\"td_social_info td_social_info_counter\">4,416<\/span><span class=\"td_social_info td_social_info_name\">Cititori<\/span><span class=\"td_social_button\"><a href=\"https:\/\/instagram.com\/orasultimisoararo\/\" target=\"_blank\" rel=\"nofollow\">Conecta\u021bi-v\u0103<\/a><\/span><\/div>\n<\/div>\n<div class=\"td_social_type td-pb-margin-side td_social_rss\">\n<div class=\"td-social-box\"><span class=\"td_social_info td_social_info_counter\">12,506<\/span><span class=\"td_social_info td_social_info_name\">Cititori<\/span><span class=\"td_social_button\"><a href=\"https:\/\/orasul-timisoara.ro\/feed\/\" target=\"_blank\" rel=\"nofollow\">Conecta\u021bi-v\u0103<\/a><\/span><\/div>\n<\/div>\n<div class=\"td_social_type td-pb-margin-side td_social_tiktok\">\n<div class=\"td-social-box\"><span class=\"td_social_info td_social_info_counter\">1,500<\/span><span class=\"td_social_info td_social_info_name\">Cititori<\/span><span class=\"td_social_button\"><a href=\"https:\/\/www.tiktok.com\/@orasultimisoara\" target=\"_blank\" rel=\"nofollow\">Conecta\u021bi-v\u0103<\/a><\/span><\/div>\n<\/div>\n<div class=\"td_social_type td-pb-margin-side td_social_twitter\">\n<div class=\"td-social-box\"><span class=\"td_social_info td_social_info_counter\">1,595<\/span><span class=\"td_social_info td_social_info_name\">Cititori<\/span><span class=\"td_social_button\"><a href=\"https:\/\/twitter.com\/orasultm\" target=\"_blank\" rel=\"nofollow\">Conecta\u021bi-v\u0103<\/a><\/span><\/div>\n<\/div>\n<div class=\"td_social_type td-pb-margin-side td_social_youtube\">\n<div class=\"td-social-box\"><span class=\"td_social_info td_social_info_counter\">3,506<\/span><span class=\"td_social_info td_social_info_name\">Abona\u021bi<\/span><span class=\"td_social_button\"><a href=\"https:\/\/www.youtube.com\/channel\/UCQNsQvs2XCSIm1Z-AHRturw?sub_confirmation=1\" target=\"_blank\" rel=\"nofollow\">Abona\u021bi-v\u0103<\/a><\/span><\/div>\n<\/div>\n<\/div>\n<\/div>\n<aside id=\"text-7\" class=\"td_block_template_8 widget text-7 widget_text\">\n<h4 class=\"td-block-title\"><span>C\u0103ut\u0103ri populare pe OTM<\/span><\/h4>\n<div class=\"textwidget\"><a href=\"https:\/\/orasul-timisoara.ro\/?s=timisoara\"><span>Timisoara<\/span><\/a><a href=\"https:\/\/orasul-timisoara.ro\/?s=calin+dobra\"><span>Calin Dobra<\/span><\/a><a href=\"https:\/\/orasul-timisoara.ro\/?s=primaria+timisoara\"><span>Primaria Timisoara<\/span><\/a><a href=\"https:\/\/orasul-timisoara.ro\/?s=dominic+fritz\"><span>Dominic Fritz<\/span><\/a><a href=\"https:\/\/orasul-timisoara.ro\/?s=nicolae+robu\"><span>Nicolae Robu<\/span><\/a><a href=\"https:\/\/orasul-timisoara.ro\/?s=consiliul+local+timisoara\">Consiliul Local Timisoara<\/a><a href=\"https:\/\/orasul-timisoara.ro\/?s=consiliul+judetean+timis\"><span>Consiliul Judetean Timis<\/span><\/a><a href=\"https:\/\/orasul-timisoara.ro\/?s=cjt\"><span>CJT<\/span><\/a><a href=\"https:\/\/orasul-timisoara.ro\/?s=Alfred+Simonis\"><span>Alfred Simonis<\/span><\/a><a href=\"https:\/\/orasul-timisoara.ro\/?s=PNL\"><span>PNL<\/span><\/a><a href=\"https:\/\/orasul-timisoara.ro\/?s=coronavirus\"><span>coronavirus<\/span><\/a><a href=\"https:\/\/orasul-timisoara.ro\/?s=teatru+timisoara\">teatru Timisoara<\/a><a href=\"https:\/\/orasul-timisoara.ro\/?s=restaurante\"><span>restaurante Timisoara<\/span><\/a><a href=\"https:\/\/orasul-timisoara.ro\/?s=diskoteka\"><span>Diskoteka<\/span><\/a><a href=\"https:\/\/orasul-timisoara.ro\/?s=iulius+town\"><span>Iulius Town<\/span><\/a><a href=\"https:\/\/orasul-timisoara.ro\/?s=iulius+mall\"><span>Iulius Mall<\/span><\/a><a href=\"https:\/\/orasul-timisoara.ro\/?s=stpt\"><span>STPT<\/span><\/a><a href=\"https:\/\/orasul-timisoara.ro\/?s=alin+nica\"><span>Alin Nica<\/span><\/a><a href=\"https:\/\/orasul-timisoara.ro\/?s=psd\"><span>PSD<\/span><\/a><a href=\"https:\/\/orasul-timisoara.ro\/?s=aeroport\"><span>Aeroportul International Timisoara<\/span><\/a><a href=\"https:\/\/orasul-timisoara.ro\/?s=babes\"><span>Spitalul Victor Babes Timisoara<\/span><\/a><a href=\"https:\/\/orasul-timisoara.ro\/?s=poli\"><span>Poli Timi\u0219oara<\/span><\/a><a href=\"https:\/\/orasul-timisoara.ro\/?s=carantina\"><span>carantina<\/span><\/a><a href=\"https:\/\/orasul-timisoara.ro\/?s=aquatim\"><span>Aquatim<\/span><\/a><a href=\"https:\/\/orasul-timisoara.ro\/local-category\/stiri-timisoara\/\"><span>Stiri Timisoara<\/span><\/a><a href=\"https:\/\/orasul-timisoara.ro\/local-category\/investitii-in-timisoara\/\"><span>Investi\u021bii in Timi\u0219oara<\/span><\/a><a href=\"https:\/\/orasul-timisoara.ro\/local-9463\/\"><span>shaorma<\/span><\/a><a href=\"https:\/\/orasul-timisoara.ro\/?s=trafic\"><span>trafic rutier<\/span><\/a><a href=\"https:\/\/orasul-timisoara.ro\/?s=politia\"><span>politia locala timisoara<\/span><\/a><a href=\"https:\/\/orasul-timisoara.ro\/?s=roxana\"><span>Roxana Iliescu<\/span><\/a><a href=\"https:\/\/orasul-timisoara.ro\/?s=colterm\"><span>Colterm<\/span><\/a><a href=\"https:\/\/orasul-timisoara.ro\/?s=latcau\"><span>Ruben La\u021bc\u0103u<\/span><\/a><a href=\"https:\/\/orasul-timisoara.ro\/?s=timis\"><span>\u0218tiri din Timi\u0219<\/span><\/a><a href=\"https:\/\/orasul-timisoara.ro\/?s=spital\"><span>Spitale din Timi\u0219oara<\/span><\/a><a href=\"https:\/\/orasul-timisoara.ro\/?s=tabara\"><span>Cosmin Tab\u0103r\u0103<\/span><\/a><\/div>\n<\/aside>\n<aside id=\"rss-2\" class=\"td_block_template_8 widget rss-2 widget_rss\">\n<h4 class=\"td-block-title\"><span><a class=\"rsswidget rss-widget-feed\" href=\"https:\/\/fashionfridays.ro\/feed\"><img decoding=\"async\" class=\"rss-widget-icon\" width=\"14\" height=\"14\" src=\"https:\/\/orasul-timisoara.ro\/wp-includes\/images\/rss.png\" alt=\"RSS\" loading=\"lazy\"><\/a><a class=\"rsswidget rss-widget-title\" href=\"https:\/\/fashionfridays.ro\/\">Fashion Fridays<\/a><\/span><\/h4>\n<ul>\n<li><a class=\"rsswidget\" href=\"https:\/\/fashionfridays.ro\/romania-devine-a-29-a-piata-vogue-o-noua-era-pentru-industria-locala-de-moda\/\">Rom\u00e2nia devine a 29-a pia\u021b\u0103 Vogue: o nou\u0103 er\u0103 pentru industria local\u0103 de mod\u0103<\/a>\n<div class=\"rssSummary\">Revista Vogue \u00ee\u0219i extinde prezen\u021ba global\u0103 \u0219i va fi lansat\u0103 oficial \u00een Rom\u00e2nia \u00een prim\u0103vara anului 2027, marc\u00e2nd intrarea pe cea de-a 29-a pia\u021b\u0103 interna\u021bional\u0103. Proiectul este realizat \u00een parteneriat cu AEMME Publishing, o companie media recent \u00eenfiin\u021bat\u0103, care va publica edi\u021bia local\u0103 sub licen\u021b\u0103. Noua edi\u021bie, Vogue Rom\u00e2nia, \u00ee\u0219i propune s\u0103 combine autoritatea global\u0103 [\u2026]<\/div>\n<\/li>\n<\/ul>\n<\/aside>\n<aside id=\"rss-4\" class=\"td_block_template_8 widget rss-4 widget_rss\">\n<h4 class=\"td-block-title\"><span><a class=\"rsswidget rss-widget-feed\" href=\"https:\/\/emasini.ro\/feed\"><img decoding=\"async\" class=\"rss-widget-icon\" width=\"14\" height=\"14\" src=\"https:\/\/orasul-timisoara.ro\/wp-includes\/images\/rss.png\" alt=\"RSS\" loading=\"lazy\"><\/a><a class=\"rsswidget rss-widget-title\" href=\"https:\/\/emasini.ro\/\">eMasini<\/a><\/span><\/h4>\n<ul>\n<li><a class=\"rsswidget\" href=\"https:\/\/emasini.ro\/dacia-analizeaza-lansarea-lui-hipster-automobilul-urban-de-doar-3-metri-lungime\/\">Dacia analizeaz\u0103 lansarea lui Hipster, automobilul urban de doar 3 metri lungime (video)<\/a>\n<div class=\"rssSummary\">Dacia ar putea introduce pe pia\u021b\u0103 unul dintre cele mai neobi\u0219nuite modele din istoria sa recent\u0103. Conceptul Hipster, prezentat anul trecut ca o reinterpretare radical\u0103 a automobilului urban accesibil, se afl\u0103 \u00een prezent \u00eentr-o etap\u0103 de evaluare, iar decizia privind produc\u021bia de serie va fi luat\u0103 \u00een func\u021bie de reac\u021bia publicului \u0219i de evolu\u021bia reglement\u0103rilor [\u2026]<\/div>\n<\/li>\n<\/ul>\n<\/aside>\n<\/div>\n<\/div>\n<\/div>\n<\/div>\n<\/article>\n<div class=\"td-post-content tagdiv-type\">\n<p class=\"wp-block-paragraph\">Consiliul Jude\u021bean Timi\u0219 intr\u0103 \u00een dezbaterea privind relocarea s\u0103lilor de jocuri de noroc din Timi\u0219oara. Pre\u0219edintele institu\u021biei, Alfred Simonis, anun\u021b\u0103 c\u0103 pune la dispozi\u021bia Prim\u0103riei Timi\u0219oara un teren de aproximativ cinci hectare, situat \u00een zona Centurii de Nord, ca alternativ\u0103 la amplasamentul propus pe strada Sulina.<\/p>\n<p class=\"wp-block-paragraph\">Propunerea vine dup\u0103 dezbaterile publice organizate de Prim\u0103ria Timi\u0219oara pe tema mut\u0103rii s\u0103lilor de jocuri de noroc la periferia ora\u0219ului, \u00eent\u00e2lniri la care locuitorii din zona Sulina \u0219i-au exprimat \u00een mod ferm opozi\u021bia fa\u021b\u0103 de proiect.<\/p>\n<h2 class=\"wp-block-heading\">O alternativ\u0103 la amplasamentul de pe strada Sulina<\/h2>\n<p class=\"wp-block-paragraph\">Alfred Simonis afirm\u0103 c\u0103 a urm\u0103rit discu\u021biile generate de proiect \u0219i consider\u0103 c\u0103 nemul\u021bumirile locuitorilor trebuie luate \u00een considerare. \u00cen acest context, Consiliul Jude\u021bean Timi\u0219 propune municipalit\u0103\u021bii un teren aflat \u00een apropierea Centurii de Nord, \u00eentr-o zon\u0103 f\u0103r\u0103 vecin\u0103t\u0103\u021bi reziden\u021biale.<\/p>\n<p class=\"wp-block-paragraph\">Potrivit pre\u0219edintelui CJ Timi\u0219, amplasamentul ar permite relocarea s\u0103lilor de jocuri de noroc \u00een afara ora\u0219ului, f\u0103r\u0103 a afecta calitatea vie\u021bii locuitorilor din cartierele Timi\u0219oarei.<\/p>\n<h2 class=\"wp-block-heading\">Simonis: \u201eVocea timi\u0219orenilor trebuie ascultat\u0103\u201d<\/h2>\n<p class=\"wp-block-paragraph\">\u0218eful administra\u021biei jude\u021bene sus\u021bine c\u0103 locuitorii din zona strazii Sulina au motive \u00eentemeiate s\u0103 fie preocupa\u021bi de efectele unei astfel de dezvolt\u0103ri \u00een apropierea locuin\u021belor.<\/p>\n<p class=\"wp-block-paragraph\">Acesta apreciaz\u0103 c\u0103 transformarea zonei \u00eentr-un pol destinat s\u0103lilor de jocuri de noroc ar putea afecta confortul \u0219i siguran\u021ba celor care tr\u0103iesc \u00een cartier, motiv pentru care consider\u0103 necesar\u0103 identificarea unei solu\u021bii alternative.<\/p>\n<h2 class=\"wp-block-heading\">Propunerea: mutarea definitiv\u0103 \u00een afara ora\u0219ului<\/h2>\n<p class=\"wp-block-paragraph\">Potrivit lui Alfred Simonis, terenul pus la dispozi\u021bia Prim\u0103riei Timi\u0219oara are o suprafa\u021b\u0103 de cinci hectare \u0219i este amplasat \u00eentr-o zon\u0103 izolat\u0103, \u00een apropierea Centurii de Nord, f\u0103r\u0103 locuin\u021be \u00een imediata vecin\u0103tate.<\/p>\n<p class=\"wp-block-paragraph\">\u00cen opinia acestuia, o astfel de amplasare ar elimina impactul asupra comunit\u0103\u021bilor locale \u0219i ar r\u0103spunde obiectivului de a scoate activit\u0103\u021bile de jocuri de noroc din interiorul municipiului.<\/p>\n<h2 class=\"wp-block-heading\">Apel pentru m\u0103suri rapide<\/h2>\n<p class=\"wp-block-paragraph\">Pre\u0219edintele Consiliului Jude\u021bean Timi\u0219 sus\u021bine c\u0103 fenomenul jocurilor de noroc genereaz\u0103 probleme sociale importante \u0219i c\u0103 dependen\u021ba de jocuri afecteaz\u0103 numeroase familii.<\/p>\n<p class=\"wp-block-paragraph\">\u201eNe dorim ca jocurile de noroc s\u0103 nu \u00ee\u0219i mai g\u0103seasc\u0103 locul \u00een Timi\u0219oara. Zeci de mii de oameni sufer\u0103 de aceast\u0103 adic\u021bie, familii se destram\u0103, vie\u021bi sunt efectiv distruse. Trebuie luate m\u0103suri rapide, este un subiect care nu suport\u0103 am\u00e2nare\u201d, a transmis Alfred Simonis.<\/p>\n<p class=\"wp-block-paragraph\">Propunerea Consiliului Jude\u021bean urmeaz\u0103 s\u0103 fie analizat\u0103 de Prim\u0103ria Timi\u0219oara, \u00een contextul \u00een care administra\u021bia local\u0103 caut\u0103 solu\u021bii pentru relocarea s\u0103lilor de jocuri de noroc \u00een afara zonelor locuite.<\/p>\n<\/div>\n<p>[analyse_source url=&#8221;https:\/\/orasul-timisoara.ro\/local-39701\/&#8221;]<\/p>\n","protected":false},"excerpt":{"rendered":"<p>[analyse_image type=&#8221;featured&#8221; src=&#8221;https:\/\/orasul-timisoara.ro\/wp-content\/uploads\/2025\/06\/centura-nord-1920&#215;1080.jpg&#8221;] Administra\u021bie local\u0103Alfred Simonis propune un teren de 5 hectare pentru mutarea p\u0103c\u0103nelelor din&#8230; Administra\u021bie local\u0103 Investitii in Timisoara \u0218tiri Locale Alfred Simonis propune un teren de 5 hectare pentru mutarea p\u0103c\u0103nelelor din Timi\u0219oara De c\u0103tre redactia &#8211; 17\/07\/2026 Facebook Twitter WhatsApp Linkedin ReddIt Email Imprimare Consiliul Jude\u021bean Timi\u0219 intr\u0103 \u00een dezbaterea privind [&hellip;]<\/p>\n","protected":false},"author":1,"featured_media":0,"comment_status":"open","ping_status":"","sticky":false,"template":"","format":"standard","meta":{"footnotes":""},"categories":[89],"tags":[226,189],"class_list":["post-2048111","post","type-post","status-publish","format-standard","hentry","category-romania","tag-crawlmanager","tag-orasul-timisoara-ro"],"_links":{"self":[{"href":"https:\/\/analyse.optim.biz\/index.php?rest_route=\/wp\/v2\/posts\/2048111","targetHints":{"allow":["GET"]}}],"collection":[{"href":"https:\/\/analyse.optim.biz\/index.php?rest_route=\/wp\/v2\/posts"}],"about":[{"href":"https:\/\/analyse.optim.biz\/index.php?rest_route=\/wp\/v2\/types\/post"}],"author":[{"embeddable":true,"href":"https:\/\/analyse.optim.biz\/index.php?rest_route=\/wp\/v2\/users\/1"}],"replies":[{"embeddable":true,"href":"https:\/\/analyse.optim.biz\/index.php?rest_route=%2Fwp%2Fv2%2Fcomments&post=2048111"}],"version-history":[{"count":0,"href":"https:\/\/analyse.optim.biz\/index.php?rest_route=\/wp\/v2\/posts\/2048111\/revisions"}],"wp:attachment":[{"href":"https:\/\/analyse.optim.biz\/index.php?rest_route=%2Fwp%2Fv2%2Fmedia&parent=2048111"}],"wp:term":[{"taxonomy":"category","embeddable":true,"href":"https:\/\/analyse.optim.biz\/index.php?rest_route=%2Fwp%2Fv2%2Fcategories&post=2048111"},{"taxonomy":"post_tag","embeddable":true,"href":"https:\/\/analyse.optim.biz\/index.php?rest_route=%2Fwp%2Fv2%2Ftags&post=2048111"}],"curies":[{"name":"wp","href":"https:\/\/api.w.org\/{rel}","templated":true}]}}