{"id":2048105,"date":"2026-07-15T10:47:28","date_gmt":"2026-07-15T07:47:28","guid":{"rendered":"https:\/\/analyse.optim.biz\/?p=2048105"},"modified":"2026-07-15T10:47:28","modified_gmt":"2026-07-15T07:47:28","slug":"spectacol-multimedia-la-timisoara-patrimoniul-orasului-explorat-prin-realitate-virtuala","status":"publish","type":"post","link":"https:\/\/analyse.optim.biz\/?p=2048105","title":{"rendered":"Spectacol multimedia la Timi\u0219oara: patrimoniul ora\u0219ului, explorat prin realitate virtual\u0103"},"content":{"rendered":"<p>[analyse_image type=&#8221;featured&#8221; src=&#8221;https:\/\/orasul-timisoara.ro\/wp-content\/uploads\/2026\/07\/WhatsApp-Image-2026-07-13-at-23.13.16-1.jpg&#8221;]<\/p>\n<article id=\"post-39664\" class=\"td-post-template-7 post-39664 post type-post status-publish format-standard has-post-thumbnail category-evenimente-in-timisoara category-featured category-stiri-timisoara tag-arttm tag-centrul-de-proiecte tag-cultura-2 tag-fundatia-jecza tag-muzeul-jecza tag-muzeul-national-al-banatului-2 tag-parcul-jecza tag-patrimoniu-cultural tag-realitate-virtuala-2 tag-spotlight-heritage-timisoara tag-timisoara-2 tag-vr td-container-wrap\">\n<div class=\"td-full-screen-header-image-wrap\">\n<div class=\"td-container td-post-header\">\n<div class=\"td-crumb-container\">\n<div class=\"entry-crumbs\"><span><a title=\"Vede\u021bi toate articolele \u00een Evenimente in Timisoara\" class=\"entry-crumb\" href=\"https:\/\/orasul-timisoara.ro\/local-category\/evenimente-in-timisoara\/\">Evenimente in Timisoara<\/a><\/span><span class=\"td-bred-no-url-last\">Spectacol multimedia la Timi\u0219oara: patrimoniul ora\u0219ului, explorat prin realitate virtual\u0103<\/span><\/div>\n<\/div>\n<div class=\"td-post-header-holder\">\n<div class=\"td-parallax-header\">\n<header class=\"td-post-title\">\n<ul class=\"td-category\">\n<li class=\"entry-category\"><a href=\"https:\/\/orasul-timisoara.ro\/local-category\/evenimente-in-timisoara\/\">Evenimente in Timisoara<\/a><\/li>\n<li class=\"entry-category\"><a href=\"https:\/\/orasul-timisoara.ro\/local-category\/stiri-timisoara\/\">\u0218tiri Locale<\/a><\/li>\n<\/ul>\n<h1 class=\"entry-title\">Spectacol multimedia la Timi\u0219oara: patrimoniul ora\u0219ului, explorat prin realitate virtual\u0103<\/h1>\n<div class=\"td-module-meta-info\">\n<div class=\"td-post-author-name\">\n<div class=\"td-author-by\">De c\u0103tre<\/div>\n<p><a href=\"https:\/\/orasul-timisoara.ro\/author\/timisoara\/\">redactia<\/a><\/p>\n<div class=\"td-author-line\"> &#8211; <\/div>\n<\/div>\n<p><span class=\"td-post-date\"><time class=\"entry-date updated td-module-date\" datetime=\"2026-07-15T13:47:28+03:00\">15\/07\/2026<\/time><\/span><\/div>\n<\/header>\n<\/div>\n<\/div>\n<\/div>\n<div id=\"td-full-screen-header-image\" class=\"td-image-gradient-style7\"><img decoding=\"async\" class=\"td-backstretch\" src=\"https:\/\/orasul-timisoara.ro\/wp-content\/uploads\/2026\/07\/WhatsApp-Image-2026-07-13-at-23.13.16-1.jpg\"><\/div>\n<\/div>\n<div class=\"td-container\">\n<div class=\"td-pb-row\">\n<div class=\"td-pb-span8 td-main-content\" role=\"main\">\n<div class=\"td-ss-main-content\">\n<div class=\"td-post-sharing-top\">\n<div class=\"td-post-sharing-classic\"><iframe title=\"topFacebookLike\" frameborder src=\"https:\/\/www.facebook.com\/plugins\/like.php?href=https:\/\/orasul-timisoara.ro\/local-39664\/&amp;layout=button_count&amp;show_faces=false&amp;width=105&amp;action=like&amp;colorscheme=light&amp;height=21\"><\/iframe><\/div>\n<div id=\"td_social_sharing_article_top\" class=\"td-post-sharing td-ps-bg td-ps-notext td-post-sharing-style1 \">\n<div class=\"td-post-sharing-visible\"><a class=\"td-social-sharing-button td-social-sharing-button-js td-social-network td-social-facebook\" href=\"https:\/\/www.facebook.com\/sharer.php?u=https%3A%2F%2Forasul-timisoara.ro%2Flocal-39664%2F\" title=\"Facebook\"><\/p>\n<div class=\"td-social-but-text\">Facebook<\/div>\n<p><\/a><a class=\"td-social-sharing-button td-social-sharing-button-js td-social-network td-social-twitter\" href=\"https:\/\/twitter.com\/intent\/tweet?text=Spectacol+multimedia+la+Timi%C8%99oara%3A+patrimoniul+ora%C8%99ului%2C+explorat+prin+realitate+virtual%C4%83&amp;url=https%3A%2F%2Forasul-timisoara.ro%2Flocal-39664%2F&amp;via=orasultm\" title=\"Twitter\"><\/p>\n<div class=\"td-social-but-text\">Twitter<\/div>\n<p><\/a><a class=\"td-social-sharing-button td-social-sharing-button-js td-social-network td-social-whatsapp\" href=\"https:\/\/api.whatsapp.com\/send?text=Spectacol+multimedia+la+Timi%C8%99oara%3A+patrimoniul+ora%C8%99ului%2C+explorat+prin+realitate+virtual%C4%83%20%0A%0A%20https:\/\/orasul-timisoara.ro\/local-39664\/\" title=\"WhatsApp\"><\/p>\n<div class=\"td-social-but-text\">WhatsApp<\/div>\n<p><\/a><a class=\"td-social-sharing-button td-social-sharing-button-js td-social-network td-social-linkedin\" href=\"https:\/\/www.linkedin.com\/shareArticle?mini=true&amp;url=https:\/\/orasul-timisoara.ro\/local-39664\/&amp;title=Spectacol+multimedia+la+Timi%C8%99oara%3A+patrimoniul+ora%C8%99ului%2C+explorat+prin+realitate+virtual%C4%83\" title=\"Linkedin\"><\/p>\n<div class=\"td-social-but-text\">Linkedin<\/div>\n<p><\/a><a class=\"td-social-sharing-button td-social-sharing-button-js td-social-network td-social-reddit\" href=\"https:\/\/reddit.com\/submit?url=https:\/\/orasul-timisoara.ro\/local-39664\/&amp;title=Spectacol+multimedia+la+Timi%C8%99oara%3A+patrimoniul+ora%C8%99ului%2C+explorat+prin+realitate+virtual%C4%83\" title=\"ReddIt\"><\/p>\n<div class=\"td-social-but-text\">ReddIt<\/div>\n<p><\/a><a class=\"td-social-sharing-button td-social-sharing-button-js td-social-network td-social-mail\" href=\"mailto:?subject=Spectacol%20multimedia%20la%20Timi%C8%99oara:%20patrimoniul%20ora%C8%99ului,%20explorat%20prin%20realitate%20virtual%C4%83&amp;body=https:\/\/orasul-timisoara.ro\/local-39664\/\" title=\"Email\"><\/p>\n<div class=\"td-social-but-text\">Email<\/div>\n<p><\/a><a class=\"td-social-sharing-button td-social-sharing-button-js td-social-network td-social-print\" href=\"https:\/\/orasul-timisoara.ro\/local-39664\/\" title=\"Imprimare\"><\/p>\n<div class=\"td-social-but-text\">Imprimare<\/div>\n<p><\/a><\/div>\n<\/div>\n<\/div>\n<div class=\"td-post-content tagdiv-type\">\n<p class=\"wp-block-paragraph\">Parcul Funda\u021biei Jecza din Timi\u0219oara a devenit, pentru o sear\u0103, locul \u00een care patrimoniul cultural \u0219i tehnologiile digitale s-au \u00eent\u00e2lnit \u00eentr-un spectacol multimedia dedicat publicului de toate v\u00e2rstele. Evenimentul \u201eArtTM \u2013 Patrimoniul sub reflectoare Timi\u0219oara \/ Spotlight Heritage Timi\u0219oara\u201d, \u00e2 a propus o experien\u021b\u0103 interactiv\u0103 care a combinat realitatea virtual\u0103, realitatea augmentat\u0103, proiec\u021biile 3D \u0219i dansul contemporan.<\/p>\n<p class=\"wp-block-paragraph\">Manifestarea a f\u0103cut parte din programul \u201eParcul Funda\u021biei Jecza \u2013 scen\u0103 deschis\u0103\u201d, un proiect cultural destinat comunit\u0103\u021bii din zona Braytim \u0219i finan\u021bat de Municipiul Timi\u0219oara prin Centrul de Proiecte. Evenimentul a fost cel de-al patrulea din seria de activit\u0103\u021bi organizate \u00een acest cadru.<\/p>\n<h2 class=\"wp-block-heading\">Patrimoniul Timi\u0219oarei, explorat prin tehnologiile viitorului<\/h2>\n<p class=\"wp-block-paragraph\">Seara a debutat cu demonstra\u021bii dedicate tehnologiilor de realitate augmentat\u0103 (AR), realitate virtual\u0103 (VR) \u0219i realitate mixt\u0103 (MR).<\/p>\n<p class=\"wp-block-paragraph\">Un grup format din 23 de copii \u0219i tineri a avut posibilitatea s\u0103 testeze aplica\u021biile \u201eSpotlight Heritage Timi\u0219oara\u201d, precum \u0219i aplica\u021bia VR \u201eNokia Bell Labs\u201d, dezvoltate  \u00eempreun\u0103 cu studen\u021bii programului de master Tehnologii Multimedia. Participan\u021bii au explorat \u00eentr-un mod interactiv patrimoniul cultural al ora\u0219ului, folosind echipamente dedicate experien\u021belor virtuale.<\/p>\n<h2 class=\"wp-block-heading\">Proiectul ArtTM evolueaz\u0103 \u00eentr-o experien\u021b\u0103 digital\u0103 complex\u0103<\/h2>\n<p class=\"wp-block-paragraph\">Evenimentul a marcat \u0219i o nou\u0103 etap\u0103 \u00een dezvoltarea proiectului ArtTM, lansat \u00een 2015 ca aplica\u021bie mobil\u0103 dedicat\u0103 artei publice din Timi\u0219oara \u0219i crea\u021biei sculptorului Peter Jecza.<\/p>\n<p class=\"wp-block-paragraph\">Proiectul a fost transformat \u00eentr-o experien\u021b\u0103 virtual\u0103 interactiv\u0103. Publicul a avut ocazia s\u0103 descopere cele 14 lucr\u0103ri de art\u0103 public\u0103 incluse \u00een spectacol, prezentate \u0219i explicate de Sorina Jecza, oferind o perspectiv\u0103 asupra valorii patrimoniului artistic local.<\/p>\n<h2 class=\"wp-block-heading\">Proiec\u021bii spectaculoase pe Muzeul Jecza<\/h2>\n<p class=\"wp-block-paragraph\">Momentul central al serii a fost reprezentat de un spectacol multimedia cu proiec\u021bii 3D realizate pe ecrane multiple \u0219i pe fa\u021bada Muzeului Jecza.<\/p>\n<p class=\"wp-block-paragraph\">Imaginile au pus \u00een valoare sculpturi amplasate \u00een spa\u021biul public din Timi\u0219oara, lucr\u0103ri din colec\u021bia Muzeului Jecza \u0219i obiecte de patrimoniu apar\u021bin\u00e2nd Muzeului Na\u021bional al Banatului. Prin intermediul tehnologiilor digitale, publicul a putut descoperi \u00eentr-o manier\u0103 inedit\u0103 patrimoniul cultural al ora\u0219ului \u0219i al regiunii.<\/p>\n<h2 class=\"wp-block-heading\">De la patrimoniu la memoria Revolu\u021biei din 1989<\/h2>\n<p class=\"wp-block-paragraph\">Programul artistic a continuat cu selec\u021bii din cele zece produc\u021bii realizate \u00een cadrul proiectului \u201ePatrimoniul sub Reflectoare \/ Spotlight Heritage Timi\u0219oara\u201d, ini\u021biativ\u0103 dezvoltat\u0103 \u00een contextul programului Timi\u0219oara \u2013 Capital\u0103 European\u0103 a Culturii 2023.<\/p>\n<p class=\"wp-block-paragraph\">Finalul serii a fost dedicat memoriei Revolu\u021biei Rom\u00e2ne din 1989 \u0219i martirilor acesteia. Magnum Dance Team a prezentat un moment coregrafic inspirat de unul dintre cele mai importante capitole din istoria recent\u0103 a ora\u0219ului, \u00eembin\u00e2nd expresia artistic\u0103 \u0219i evocarea memoriei colective.<\/p>\n<h2 class=\"wp-block-heading\">Digitalizarea, un nou mod de a valorifica patrimoniul<\/h2>\n<p class=\"wp-block-paragraph\">Organizatorii au eviden\u021biat faptul c\u0103 digitalizarea patrimoniului deschide noi posibilit\u0103\u021bi de promovare \u0219i educa\u021bie cultural\u0103. De la scanarea 3D a obiectelor muzeale \u0219i a operelor de art\u0103 p\u00e2n\u0103 la dezvoltarea unor aplica\u021bii interactive realizate cu implicarea studen\u021bilor, tehnologia poate transforma patrimoniul \u00eentr-o experien\u021b\u0103 accesibil\u0103 unui public tot mai larg.<\/p>\n<p class=\"wp-block-paragraph\">Evenimentul a demonstrat c\u0103 solu\u021biile digitale pot contribui la apropierea noilor genera\u021bii de istorie, art\u0103 \u0219i identitatea local\u0103, oferind modalit\u0103\u021bi moderne de explorare \u0219i \u00een\u021belegere a patrimoniului cultural.<\/p>\n<h2 class=\"wp-block-heading\">Acces gratuit pentru comunitate<\/h2>\n<p class=\"wp-block-paragraph\">Toate activit\u0103\u021bile organizate \u00een cadrul spectacolului au fost oferite gratuit publicului, \u00een acord cu obiectivul proiectului \u201eParcul Funda\u021biei Jecza \u2013 scen\u0103 deschis\u0103\u201d, care urm\u0103re\u0219te transformarea spa\u021biului verde \u00eentr-un loc dedicat \u00eent\u00e2lnirii dintre cultur\u0103, educa\u021bie \u0219i comunitate.<\/p>\n<p class=\"wp-block-paragraph\">Prin astfel de ini\u021biative, Parcul Funda\u021biei Jecza \u00ee\u0219i consolideaz\u0103 rolul de spa\u021biu cultural deschis, \u00een care arta contemporan\u0103, patrimoniul \u0219i noile tehnologii creeaz\u0103 experien\u021be interactive pentru locuitorii Timi\u0219oarei \u0219i pentru vizitatori.<\/p>\n<\/div>\n<footer>\n<div class=\"td-post-source-tags\">\n<ul class=\"td-tags td-post-small-box clearfix\">\n<li><span>ETICHETE<\/span><\/li>\n<li><a href=\"https:\/\/orasul-timisoara.ro\/local-tag\/arttm\/\">ArtTM<\/a><\/li>\n<li><a href=\"https:\/\/orasul-timisoara.ro\/local-tag\/centrul-de-proiecte\/\">centrul de proiecte<\/a><\/li>\n<li><a href=\"https:\/\/orasul-timisoara.ro\/local-tag\/cultura-2\/\">Cultur\u0103<\/a><\/li>\n<li><a href=\"https:\/\/orasul-timisoara.ro\/local-tag\/fundatia-jecza\/\">Funda\u021bia Jecza<\/a><\/li>\n<li><a href=\"https:\/\/orasul-timisoara.ro\/local-tag\/muzeul-jecza\/\">Muzeul Jecza<\/a><\/li>\n<li><a href=\"https:\/\/orasul-timisoara.ro\/local-tag\/muzeul-national-al-banatului-2\/\">Muzeul Na\u021bional al Banatului<\/a><\/li>\n<li><a href=\"https:\/\/orasul-timisoara.ro\/local-tag\/parcul-jecza\/\">Parcul Jecza<\/a><\/li>\n<li><a href=\"https:\/\/orasul-timisoara.ro\/local-tag\/patrimoniu-cultural\/\">patrimoniu cultural<\/a><\/li>\n<li><a href=\"https:\/\/orasul-timisoara.ro\/local-tag\/realitate-virtuala-2\/\">realitate virtual\u0103<\/a><\/li>\n<li><a href=\"https:\/\/orasul-timisoara.ro\/local-tag\/spotlight-heritage-timisoara\/\">Spotlight Heritage Timi\u0219oara<\/a><\/li>\n<li><a href=\"https:\/\/orasul-timisoara.ro\/local-tag\/timisoara-2\/\">timi\u0219oara<\/a><\/li>\n<li><a href=\"https:\/\/orasul-timisoara.ro\/local-tag\/vr\/\">vr<\/a><\/li>\n<\/ul>\n<\/div>\n<div class=\"td-post-sharing-bottom\">\n<div class=\"td-post-sharing-classic\"><iframe title=\"bottomFacebookLike\" frameborder src=\"https:\/\/www.facebook.com\/plugins\/like.php?href=https:\/\/orasul-timisoara.ro\/local-39664\/&amp;layout=button_count&amp;show_faces=false&amp;width=105&amp;action=like&amp;colorscheme=light&amp;height=21\"><\/iframe><\/div>\n<div id=\"td_social_sharing_article_bottom\" class=\"td-post-sharing td-ps-bg td-ps-notext td-post-sharing-style1 \">\n<div class=\"td-post-sharing-visible\"><a class=\"td-social-sharing-button td-social-sharing-button-js td-social-network td-social-facebook\" href=\"https:\/\/www.facebook.com\/sharer.php?u=https%3A%2F%2Forasul-timisoara.ro%2Flocal-39664%2F\" title=\"Facebook\"><\/p>\n<div class=\"td-social-but-text\">Facebook<\/div>\n<p><\/a><a class=\"td-social-sharing-button td-social-sharing-button-js td-social-network td-social-twitter\" href=\"https:\/\/twitter.com\/intent\/tweet?text=Spectacol+multimedia+la+Timi%C8%99oara%3A+patrimoniul+ora%C8%99ului%2C+explorat+prin+realitate+virtual%C4%83&amp;url=https%3A%2F%2Forasul-timisoara.ro%2Flocal-39664%2F&amp;via=orasultm\" title=\"Twitter\"><\/p>\n<div class=\"td-social-but-text\">Twitter<\/div>\n<p><\/a><a class=\"td-social-sharing-button td-social-sharing-button-js td-social-network td-social-whatsapp\" href=\"https:\/\/api.whatsapp.com\/send?text=Spectacol+multimedia+la+Timi%C8%99oara%3A+patrimoniul+ora%C8%99ului%2C+explorat+prin+realitate+virtual%C4%83%20%0A%0A%20https:\/\/orasul-timisoara.ro\/local-39664\/\" title=\"WhatsApp\"><\/p>\n<div class=\"td-social-but-text\">WhatsApp<\/div>\n<p><\/a><a class=\"td-social-sharing-button td-social-sharing-button-js td-social-network td-social-linkedin\" href=\"https:\/\/www.linkedin.com\/shareArticle?mini=true&amp;url=https:\/\/orasul-timisoara.ro\/local-39664\/&amp;title=Spectacol+multimedia+la+Timi%C8%99oara%3A+patrimoniul+ora%C8%99ului%2C+explorat+prin+realitate+virtual%C4%83\" title=\"Linkedin\"><\/p>\n<div class=\"td-social-but-text\">Linkedin<\/div>\n<p><\/a><a class=\"td-social-sharing-button td-social-sharing-button-js td-social-network td-social-reddit\" href=\"https:\/\/reddit.com\/submit?url=https:\/\/orasul-timisoara.ro\/local-39664\/&amp;title=Spectacol+multimedia+la+Timi%C8%99oara%3A+patrimoniul+ora%C8%99ului%2C+explorat+prin+realitate+virtual%C4%83\" title=\"ReddIt\"><\/p>\n<div class=\"td-social-but-text\">ReddIt<\/div>\n<p><\/a><a class=\"td-social-sharing-button td-social-sharing-button-js td-social-network td-social-mail\" href=\"mailto:?subject=Spectacol%20multimedia%20la%20Timi%C8%99oara:%20patrimoniul%20ora%C8%99ului,%20explorat%20prin%20realitate%20virtual%C4%83&amp;body=https:\/\/orasul-timisoara.ro\/local-39664\/\" title=\"Email\"><\/p>\n<div class=\"td-social-but-text\">Email<\/div>\n<p><\/a><a class=\"td-social-sharing-button td-social-sharing-button-js td-social-network td-social-print\" href=\"https:\/\/orasul-timisoara.ro\/local-39664\/\" title=\"Imprimare\"><\/p>\n<div class=\"td-social-but-text\">Imprimare<\/div>\n<p><\/a><\/div>\n<\/div>\n<\/div>\n<div class=\"td-block-row td-post-next-prev\">\n<div class=\"td-block-span6 td-post-prev-post\">\n<div class=\"td-post-next-prev-content\"><span>Articolul precedent<\/span><a href=\"https:\/\/orasul-timisoara.ro\/local-39654\/\">Panouri cu num\u0103rul 112, montate pe A1 dup\u0103 eliminarea telefoanelor SOS (foto)<\/a><\/div>\n<\/div>\n<div class=\"td-block-span6 td-post-next-post\">\n<div class=\"td-post-next-prev-content\"><span>Articolul urm\u0103tor<\/span><a href=\"https:\/\/orasul-timisoara.ro\/local-39667\/\">Controale ample \u00een Timi\u0219oara: amenzi de peste 435.000 de lei pentru firme<\/a><\/div>\n<\/div>\n<\/div>\n<div class=\"td-author-name vcard author\"><span class=\"fn\"><a href=\"https:\/\/orasul-timisoara.ro\/author\/timisoara\/\">redactia<\/a><\/span><\/div>\n<p><span class=\"td-page-meta\"><\/span><span class=\"td-page-meta\"><span class=\"td-page-meta\"><\/span><\/span><span class=\"td-page-meta\"><\/span><\/footer>\n<div class=\"td_block_wrap td_block_related_posts tdi_3 td_with_ajax_pagination td-pb-border-top td_block_template_8\" data-td-block-uid=\"tdi_3\">\n<h4 class=\"td-related-title td-block-title\"><a id=\"tdi_4\" class=\"td-related-left td-cur-simple-item\" data-td_filter_value data-td_block_id=\"tdi_3\" href=\"https:\/\/orasul-timisoara.ro\/local-39664\/\">ARTICOLE SIMILARE<\/a><a id=\"tdi_5\" class=\"td-related-right\" data-td_filter_value=\"td_related_more_from_author\" data-td_block_id=\"tdi_3\" href=\"https:\/\/orasul-timisoara.ro\/local-39664\/\">DE LA ACELA\u0218I AUTOR<\/a><\/h4>\n<div id=\"tdi_3\" class=\"td_block_inner\">\n<div class=\"td-related-row\">\n<div class=\"td-related-span4\">\n<div class=\"td_module_related_posts td-animation-stack td_mod_related_posts\">\n<div class=\"td-module-image\">\n<div class=\"td-module-thumb\"><a href=\"https:\/\/orasul-timisoara.ro\/local-39590\/\" rel=\"bookmark\" class=\"td-image-wrap \" title=\"G\u0103r\u00e2na Jazz Festival s\u0103rb\u0103tore\u0219te 30 de ani cu arti\u0219ti din 11 \u021b\u0103ri\"><img loading=\"lazy\" decoding=\"async\" class=\"entry-thumb\" src=\"https:\/\/orasul-timisoara.ro\/wp-content\/uploads\/2026\/07\/Screenshot-2026-07-09-at-13.52.15-436x300.jpg\" alt title=\"G\u0103r\u00e2na Jazz Festival s\u0103rb\u0103tore\u0219te 30 de ani cu arti\u0219ti din 11 \u021b\u0103ri\" width=\"218\" height=\"150\"><\/a><\/div>\n<\/div>\n<div class=\"item-details\">\n<h3 class=\"entry-title td-module-title\"><a href=\"https:\/\/orasul-timisoara.ro\/local-39590\/\" rel=\"bookmark\" title=\"G\u0103r\u00e2na Jazz Festival s\u0103rb\u0103tore\u0219te 30 de ani cu arti\u0219ti din 11 \u021b\u0103ri\">G\u0103r\u00e2na Jazz Festival s\u0103rb\u0103tore\u0219te 30 de ani cu arti\u0219ti din 11 \u021b\u0103ri<\/a><\/h3>\n<\/div>\n<\/div>\n<\/div>\n<div class=\"td-related-span4\">\n<div class=\"td_module_related_posts td-animation-stack td_mod_related_posts\">\n<div class=\"td-module-image\">\n<div class=\"td-module-thumb\"><a href=\"https:\/\/orasul-timisoara.ro\/local-39426\/\" rel=\"bookmark\" class=\"td-image-wrap \" title=\"Fosta baz\u0103 Uszoda din Timi\u0219oara ar putea fi transformat\u0103 \u00eentr-un campus cultural\"><img loading=\"lazy\" decoding=\"async\" class=\"entry-thumb\" src=\"https:\/\/orasul-timisoara.ro\/wp-content\/uploads\/2026\/06\/teren-baschet-uszoda-436x300.jpg\" alt title=\"Fosta baz\u0103 Uszoda din Timi\u0219oara ar putea fi transformat\u0103 \u00eentr-un campus cultural\" width=\"218\" height=\"150\"><\/a><\/div>\n<\/div>\n<div class=\"item-details\">\n<h3 class=\"entry-title td-module-title\"><a href=\"https:\/\/orasul-timisoara.ro\/local-39426\/\" rel=\"bookmark\" title=\"Fosta baz\u0103 Uszoda din Timi\u0219oara ar putea fi transformat\u0103 \u00eentr-un campus cultural\">Fosta baz\u0103 Uszoda din Timi\u0219oara ar putea fi transformat\u0103 \u00eentr-un campus cultural<\/a><\/h3>\n<\/div>\n<\/div>\n<\/div>\n<div class=\"td-related-span4\">\n<div class=\"td_module_related_posts td-animation-stack td_mod_related_posts\">\n<div class=\"td-module-image\">\n<div class=\"td-module-thumb\"><a href=\"https:\/\/orasul-timisoara.ro\/local-39384\/\" rel=\"bookmark\" class=\"td-image-wrap \" title=\"Festivalul Inimilor 2026 \u00eencepe spectaculos: Baletul \u201eJoc\u201d \u0219i Ansamblul \u201eTimi\u0219ul\u201d, la Timi\u0219oara \u00een Rozelor\"><img loading=\"lazy\" decoding=\"async\" class=\"entry-thumb\" src=\"https:\/\/orasul-timisoara.ro\/wp-content\/uploads\/2026\/06\/parada-folclor-436x300.jpg\" alt title=\"Festivalul Inimilor 2026 \u00eencepe spectaculos: Baletul \u201eJoc\u201d \u0219i Ansamblul \u201eTimi\u0219ul\u201d, la Timi\u0219oara \u00een Rozelor\" width=\"218\" height=\"150\"><\/a><\/div>\n<\/div>\n<div class=\"item-details\">\n<h3 class=\"entry-title td-module-title\"><a href=\"https:\/\/orasul-timisoara.ro\/local-39384\/\" rel=\"bookmark\" title=\"Festivalul Inimilor 2026 \u00eencepe spectaculos: Baletul \u201eJoc\u201d \u0219i Ansamblul \u201eTimi\u0219ul\u201d, la Timi\u0219oara \u00een Rozelor\">Festivalul Inimilor 2026 \u00eencepe spectaculos: Baletul \u201eJoc\u201d \u0219i Ansamblul \u201eTimi\u0219ul\u201d, la Timi\u0219oara \u00een Rozelor<\/a><\/h3>\n<\/div>\n<\/div>\n<\/div>\n<\/div>\n<\/div>\n<\/div>\n<div class=\"comments\" id=\"comments\">\n<div id=\"respond\" class=\"comment-respond\">\n<h3 id=\"reply-title\" class=\"comment-reply-title\">L\u0102SA\u021aI UN MESAJ<\/h3>\n<div class=\"comment-form-input-wrap td-form-comment\">\n<div class=\"td-warning-comment\">V\u0103 rug\u0103m s\u0103 introduce\u021bi comentariul dvs.!<\/div>\n<\/div>\n<div class=\"comment-form-input-wrap td-form-author\">\n<div class=\"td-warning-author\">Introduce\u021bi aici numele dvs.<\/div>\n<\/div>\n<div class=\"comment-form-input-wrap td-form-email\">\n<div class=\"td-warning-email-error\">A\u021bi introdus o adres\u0103 de e-mail incorect\u0103!<\/div>\n<div class=\"td-warning-email\">V\u0103 rug\u0103m s\u0103 introduce\u021bi adresa dvs. de e-mail aici<\/div>\n<\/div>\n<\/div>\n<p class=\"akismet_comment_form_privacy_notice\">Acest site folose\u0219te Akismet pentru a reduce spamul. <a href=\"https:\/\/akismet.com\/privacy\/\" target=\"_blank\" rel=\"nofollow noopener\">Afl\u0103 cum sunt procesate datele comentariilor tale<\/a>.<\/p>\n<\/div>\n<\/div>\n<\/div>\n<div class=\"td-pb-span4 td-main-sidebar\" role=\"complementary\">\n<div class=\"td-ss-main-sidebar\">\n<aside id=\"block-4\" class=\"td_block_template_8 widget block-4 widget_block widget_media_image\">\n<figure class=\"wp-block-image size-full\"><img loading=\"lazy\" decoding=\"async\" width=\"336\" height=\"280\" src=\"https:\/\/orasul-timisoara.ro\/wp-content\/uploads\/2024\/11\/ReTIM-Abonamentul-Verde-Google-Ads-336x280px.gif\" alt class=\"wp-image-29257\"><\/figure>\n<\/aside>\n<div class=\"td_block_wrap td_block_social_counter td_block_widget tdi_6 td-social-style5 td-social-boxed td-pb-border-top td_block_template_8\">\n<div class=\"td-block-title-wrap\">\n<h4 class=\"td-block-title\"><span>Urm\u0103re\u0219te-ne pe Social Media<\/span><\/h4>\n<\/div>\n<div class=\"td-social-list\">\n<div class=\"td_social_type td-pb-margin-side td_social_facebook\">\n<div class=\"td-social-box\"><span class=\"td_social_info td_social_info_counter\">344,595<\/span><span class=\"td_social_info td_social_info_name\">Fani<\/span><span class=\"td_social_button\"><a href=\"https:\/\/www.facebook.com\/247timisoara\" target=\"_blank\" rel=\"nofollow\">\u00cemi place<\/a><\/span><\/div>\n<\/div>\n<div class=\"td_social_type td-pb-margin-side td_social_instagram\">\n<div class=\"td-social-box\"><span class=\"td_social_info td_social_info_counter\">4,416<\/span><span class=\"td_social_info td_social_info_name\">Cititori<\/span><span class=\"td_social_button\"><a href=\"https:\/\/instagram.com\/orasultimisoararo\/\" target=\"_blank\" rel=\"nofollow\">Conecta\u021bi-v\u0103<\/a><\/span><\/div>\n<\/div>\n<div class=\"td_social_type td-pb-margin-side td_social_rss\">\n<div class=\"td-social-box\"><span class=\"td_social_info td_social_info_counter\">12,506<\/span><span class=\"td_social_info td_social_info_name\">Cititori<\/span><span class=\"td_social_button\"><a href=\"https:\/\/orasul-timisoara.ro\/feed\/\" target=\"_blank\" rel=\"nofollow\">Conecta\u021bi-v\u0103<\/a><\/span><\/div>\n<\/div>\n<div class=\"td_social_type td-pb-margin-side td_social_tiktok\">\n<div class=\"td-social-box\"><span class=\"td_social_info td_social_info_counter\">1,500<\/span><span class=\"td_social_info td_social_info_name\">Cititori<\/span><span class=\"td_social_button\"><a href=\"https:\/\/www.tiktok.com\/@orasultimisoara\" target=\"_blank\" rel=\"nofollow\">Conecta\u021bi-v\u0103<\/a><\/span><\/div>\n<\/div>\n<div class=\"td_social_type td-pb-margin-side td_social_twitter\">\n<div class=\"td-social-box\"><span class=\"td_social_info td_social_info_counter\">1,595<\/span><span class=\"td_social_info td_social_info_name\">Cititori<\/span><span class=\"td_social_button\"><a href=\"https:\/\/twitter.com\/orasultm\" target=\"_blank\" rel=\"nofollow\">Conecta\u021bi-v\u0103<\/a><\/span><\/div>\n<\/div>\n<div class=\"td_social_type td-pb-margin-side td_social_youtube\">\n<div class=\"td-social-box\"><span class=\"td_social_info td_social_info_counter\">3,506<\/span><span class=\"td_social_info td_social_info_name\">Abona\u021bi<\/span><span class=\"td_social_button\"><a href=\"https:\/\/www.youtube.com\/channel\/UCQNsQvs2XCSIm1Z-AHRturw?sub_confirmation=1\" target=\"_blank\" rel=\"nofollow\">Abona\u021bi-v\u0103<\/a><\/span><\/div>\n<\/div>\n<\/div>\n<\/div>\n<aside id=\"text-7\" class=\"td_block_template_8 widget text-7 widget_text\">\n<h4 class=\"td-block-title\"><span>C\u0103ut\u0103ri populare pe OTM<\/span><\/h4>\n<div class=\"textwidget\"><a href=\"https:\/\/orasul-timisoara.ro\/?s=timisoara\"><span>Timisoara<\/span><\/a><a href=\"https:\/\/orasul-timisoara.ro\/?s=calin+dobra\"><span>Calin Dobra<\/span><\/a><a href=\"https:\/\/orasul-timisoara.ro\/?s=primaria+timisoara\"><span>Primaria Timisoara<\/span><\/a><a href=\"https:\/\/orasul-timisoara.ro\/?s=dominic+fritz\"><span>Dominic Fritz<\/span><\/a><a href=\"https:\/\/orasul-timisoara.ro\/?s=nicolae+robu\"><span>Nicolae Robu<\/span><\/a><a href=\"https:\/\/orasul-timisoara.ro\/?s=consiliul+local+timisoara\">Consiliul Local Timisoara<\/a><a href=\"https:\/\/orasul-timisoara.ro\/?s=consiliul+judetean+timis\"><span>Consiliul Judetean Timis<\/span><\/a><a href=\"https:\/\/orasul-timisoara.ro\/?s=cjt\"><span>CJT<\/span><\/a><a href=\"https:\/\/orasul-timisoara.ro\/?s=Alfred+Simonis\"><span>Alfred Simonis<\/span><\/a><a href=\"https:\/\/orasul-timisoara.ro\/?s=PNL\"><span>PNL<\/span><\/a><a href=\"https:\/\/orasul-timisoara.ro\/?s=coronavirus\"><span>coronavirus<\/span><\/a><a href=\"https:\/\/orasul-timisoara.ro\/?s=teatru+timisoara\">teatru Timisoara<\/a><a href=\"https:\/\/orasul-timisoara.ro\/?s=restaurante\"><span>restaurante Timisoara<\/span><\/a><a href=\"https:\/\/orasul-timisoara.ro\/?s=diskoteka\"><span>Diskoteka<\/span><\/a><a href=\"https:\/\/orasul-timisoara.ro\/?s=iulius+town\"><span>Iulius Town<\/span><\/a><a href=\"https:\/\/orasul-timisoara.ro\/?s=iulius+mall\"><span>Iulius Mall<\/span><\/a><a href=\"https:\/\/orasul-timisoara.ro\/?s=stpt\"><span>STPT<\/span><\/a><a href=\"https:\/\/orasul-timisoara.ro\/?s=alin+nica\"><span>Alin Nica<\/span><\/a><a href=\"https:\/\/orasul-timisoara.ro\/?s=psd\"><span>PSD<\/span><\/a><a href=\"https:\/\/orasul-timisoara.ro\/?s=aeroport\"><span>Aeroportul International Timisoara<\/span><\/a><a href=\"https:\/\/orasul-timisoara.ro\/?s=babes\"><span>Spitalul Victor Babes Timisoara<\/span><\/a><a href=\"https:\/\/orasul-timisoara.ro\/?s=poli\"><span>Poli Timi\u0219oara<\/span><\/a><a href=\"https:\/\/orasul-timisoara.ro\/?s=carantina\"><span>carantina<\/span><\/a><a href=\"https:\/\/orasul-timisoara.ro\/?s=aquatim\"><span>Aquatim<\/span><\/a><a href=\"https:\/\/orasul-timisoara.ro\/local-category\/stiri-timisoara\/\"><span>Stiri Timisoara<\/span><\/a><a href=\"https:\/\/orasul-timisoara.ro\/local-category\/investitii-in-timisoara\/\"><span>Investi\u021bii in Timi\u0219oara<\/span><\/a><a href=\"https:\/\/orasul-timisoara.ro\/local-9463\/\"><span>shaorma<\/span><\/a><a href=\"https:\/\/orasul-timisoara.ro\/?s=trafic\"><span>trafic rutier<\/span><\/a><a href=\"https:\/\/orasul-timisoara.ro\/?s=politia\"><span>politia locala timisoara<\/span><\/a><a href=\"https:\/\/orasul-timisoara.ro\/?s=roxana\"><span>Roxana Iliescu<\/span><\/a><a href=\"https:\/\/orasul-timisoara.ro\/?s=colterm\"><span>Colterm<\/span><\/a><a href=\"https:\/\/orasul-timisoara.ro\/?s=latcau\"><span>Ruben La\u021bc\u0103u<\/span><\/a><a href=\"https:\/\/orasul-timisoara.ro\/?s=timis\"><span>\u0218tiri din Timi\u0219<\/span><\/a><a href=\"https:\/\/orasul-timisoara.ro\/?s=spital\"><span>Spitale din Timi\u0219oara<\/span><\/a><a href=\"https:\/\/orasul-timisoara.ro\/?s=tabara\"><span>Cosmin Tab\u0103r\u0103<\/span><\/a><\/div>\n<\/aside>\n<aside id=\"rss-2\" class=\"td_block_template_8 widget rss-2 widget_rss\">\n<h4 class=\"td-block-title\"><span><a class=\"rsswidget rss-widget-feed\" href=\"https:\/\/fashionfridays.ro\/feed\"><img decoding=\"async\" class=\"rss-widget-icon\" width=\"14\" height=\"14\" src=\"https:\/\/orasul-timisoara.ro\/wp-includes\/images\/rss.png\" alt=\"RSS\" loading=\"lazy\"><\/a><a class=\"rsswidget rss-widget-title\" href=\"https:\/\/fashionfridays.ro\/\">Fashion Fridays<\/a><\/span><\/h4>\n<ul>\n<li><a class=\"rsswidget\" href=\"https:\/\/fashionfridays.ro\/romania-devine-a-29-a-piata-vogue-o-noua-era-pentru-industria-locala-de-moda\/\">Rom\u00e2nia devine a 29-a pia\u021b\u0103 Vogue: o nou\u0103 er\u0103 pentru industria local\u0103 de mod\u0103<\/a>\n<div class=\"rssSummary\">Revista Vogue \u00ee\u0219i extinde prezen\u021ba global\u0103 \u0219i va fi lansat\u0103 oficial \u00een Rom\u00e2nia \u00een prim\u0103vara anului 2027, marc\u00e2nd intrarea pe cea de-a 29-a pia\u021b\u0103 interna\u021bional\u0103. Proiectul este realizat \u00een parteneriat cu AEMME Publishing, o companie media recent \u00eenfiin\u021bat\u0103, care va publica edi\u021bia local\u0103 sub licen\u021b\u0103. Noua edi\u021bie, Vogue Rom\u00e2nia, \u00ee\u0219i propune s\u0103 combine autoritatea global\u0103 [\u2026]<\/div>\n<\/li>\n<\/ul>\n<\/aside>\n<aside id=\"rss-4\" class=\"td_block_template_8 widget rss-4 widget_rss\">\n<h4 class=\"td-block-title\"><span><a class=\"rsswidget rss-widget-feed\" href=\"https:\/\/emasini.ro\/feed\"><img decoding=\"async\" class=\"rss-widget-icon\" width=\"14\" height=\"14\" src=\"https:\/\/orasul-timisoara.ro\/wp-includes\/images\/rss.png\" alt=\"RSS\" loading=\"lazy\"><\/a><a class=\"rsswidget rss-widget-title\" href=\"https:\/\/emasini.ro\/\">eMasini<\/a><\/span><\/h4>\n<ul>\n<li><a class=\"rsswidget\" href=\"https:\/\/emasini.ro\/dacia-analizeaza-lansarea-lui-hipster-automobilul-urban-de-doar-3-metri-lungime\/\">Dacia analizeaz\u0103 lansarea lui Hipster, automobilul urban de doar 3 metri lungime (video)<\/a>\n<div class=\"rssSummary\">Dacia ar putea introduce pe pia\u021b\u0103 unul dintre cele mai neobi\u0219nuite modele din istoria sa recent\u0103. Conceptul Hipster, prezentat anul trecut ca o reinterpretare radical\u0103 a automobilului urban accesibil, se afl\u0103 \u00een prezent \u00eentr-o etap\u0103 de evaluare, iar decizia privind produc\u021bia de serie va fi luat\u0103 \u00een func\u021bie de reac\u021bia publicului \u0219i de evolu\u021bia reglement\u0103rilor [\u2026]<\/div>\n<\/li>\n<\/ul>\n<\/aside>\n<\/div>\n<\/div>\n<\/div>\n<\/div>\n<\/article>\n<div class=\"td-post-content tagdiv-type\">\n<p class=\"wp-block-paragraph\">Parcul Funda\u021biei Jecza din Timi\u0219oara a devenit, pentru o sear\u0103, locul \u00een care patrimoniul cultural \u0219i tehnologiile digitale s-au \u00eent\u00e2lnit \u00eentr-un spectacol multimedia dedicat publicului de toate v\u00e2rstele. Evenimentul \u201eArtTM \u2013 Patrimoniul sub reflectoare Timi\u0219oara \/ Spotlight Heritage Timi\u0219oara\u201d, \u00e2 a propus o experien\u021b\u0103 interactiv\u0103 care a combinat realitatea virtual\u0103, realitatea augmentat\u0103, proiec\u021biile 3D \u0219i dansul contemporan.<\/p>\n<p class=\"wp-block-paragraph\">Manifestarea a f\u0103cut parte din programul \u201eParcul Funda\u021biei Jecza \u2013 scen\u0103 deschis\u0103\u201d, un proiect cultural destinat comunit\u0103\u021bii din zona Braytim \u0219i finan\u021bat de Municipiul Timi\u0219oara prin Centrul de Proiecte. Evenimentul a fost cel de-al patrulea din seria de activit\u0103\u021bi organizate \u00een acest cadru.<\/p>\n<h2 class=\"wp-block-heading\">Patrimoniul Timi\u0219oarei, explorat prin tehnologiile viitorului<\/h2>\n<p class=\"wp-block-paragraph\">Seara a debutat cu demonstra\u021bii dedicate tehnologiilor de realitate augmentat\u0103 (AR), realitate virtual\u0103 (VR) \u0219i realitate mixt\u0103 (MR).<\/p>\n<p class=\"wp-block-paragraph\">Un grup format din 23 de copii \u0219i tineri a avut posibilitatea s\u0103 testeze aplica\u021biile \u201eSpotlight Heritage Timi\u0219oara\u201d, precum \u0219i aplica\u021bia VR \u201eNokia Bell Labs\u201d, dezvoltate  \u00eempreun\u0103 cu studen\u021bii programului de master Tehnologii Multimedia. Participan\u021bii au explorat \u00eentr-un mod interactiv patrimoniul cultural al ora\u0219ului, folosind echipamente dedicate experien\u021belor virtuale.<\/p>\n<h2 class=\"wp-block-heading\">Proiectul ArtTM evolueaz\u0103 \u00eentr-o experien\u021b\u0103 digital\u0103 complex\u0103<\/h2>\n<p class=\"wp-block-paragraph\">Evenimentul a marcat \u0219i o nou\u0103 etap\u0103 \u00een dezvoltarea proiectului ArtTM, lansat \u00een 2015 ca aplica\u021bie mobil\u0103 dedicat\u0103 artei publice din Timi\u0219oara \u0219i crea\u021biei sculptorului Peter Jecza.<\/p>\n<p class=\"wp-block-paragraph\">Proiectul a fost transformat \u00eentr-o experien\u021b\u0103 virtual\u0103 interactiv\u0103. Publicul a avut ocazia s\u0103 descopere cele 14 lucr\u0103ri de art\u0103 public\u0103 incluse \u00een spectacol, prezentate \u0219i explicate de Sorina Jecza, oferind o perspectiv\u0103 asupra valorii patrimoniului artistic local.<\/p>\n<h2 class=\"wp-block-heading\">Proiec\u021bii spectaculoase pe Muzeul Jecza<\/h2>\n<p class=\"wp-block-paragraph\">Momentul central al serii a fost reprezentat de un spectacol multimedia cu proiec\u021bii 3D realizate pe ecrane multiple \u0219i pe fa\u021bada Muzeului Jecza.<\/p>\n<p class=\"wp-block-paragraph\">Imaginile au pus \u00een valoare sculpturi amplasate \u00een spa\u021biul public din Timi\u0219oara, lucr\u0103ri din colec\u021bia Muzeului Jecza \u0219i obiecte de patrimoniu apar\u021bin\u00e2nd Muzeului Na\u021bional al Banatului. Prin intermediul tehnologiilor digitale, publicul a putut descoperi \u00eentr-o manier\u0103 inedit\u0103 patrimoniul cultural al ora\u0219ului \u0219i al regiunii.<\/p>\n<h2 class=\"wp-block-heading\">De la patrimoniu la memoria Revolu\u021biei din 1989<\/h2>\n<p class=\"wp-block-paragraph\">Programul artistic a continuat cu selec\u021bii din cele zece produc\u021bii realizate \u00een cadrul proiectului \u201ePatrimoniul sub Reflectoare \/ Spotlight Heritage Timi\u0219oara\u201d, ini\u021biativ\u0103 dezvoltat\u0103 \u00een contextul programului Timi\u0219oara \u2013 Capital\u0103 European\u0103 a Culturii 2023.<\/p>\n<p class=\"wp-block-paragraph\">Finalul serii a fost dedicat memoriei Revolu\u021biei Rom\u00e2ne din 1989 \u0219i martirilor acesteia. Magnum Dance Team a prezentat un moment coregrafic inspirat de unul dintre cele mai importante capitole din istoria recent\u0103 a ora\u0219ului, \u00eembin\u00e2nd expresia artistic\u0103 \u0219i evocarea memoriei colective.<\/p>\n<h2 class=\"wp-block-heading\">Digitalizarea, un nou mod de a valorifica patrimoniul<\/h2>\n<p class=\"wp-block-paragraph\">Organizatorii au eviden\u021biat faptul c\u0103 digitalizarea patrimoniului deschide noi posibilit\u0103\u021bi de promovare \u0219i educa\u021bie cultural\u0103. De la scanarea 3D a obiectelor muzeale \u0219i a operelor de art\u0103 p\u00e2n\u0103 la dezvoltarea unor aplica\u021bii interactive realizate cu implicarea studen\u021bilor, tehnologia poate transforma patrimoniul \u00eentr-o experien\u021b\u0103 accesibil\u0103 unui public tot mai larg.<\/p>\n<p class=\"wp-block-paragraph\">Evenimentul a demonstrat c\u0103 solu\u021biile digitale pot contribui la apropierea noilor genera\u021bii de istorie, art\u0103 \u0219i identitatea local\u0103, oferind modalit\u0103\u021bi moderne de explorare \u0219i \u00een\u021belegere a patrimoniului cultural.<\/p>\n<h2 class=\"wp-block-heading\">Acces gratuit pentru comunitate<\/h2>\n<p class=\"wp-block-paragraph\">Toate activit\u0103\u021bile organizate \u00een cadrul spectacolului au fost oferite gratuit publicului, \u00een acord cu obiectivul proiectului \u201eParcul Funda\u021biei Jecza \u2013 scen\u0103 deschis\u0103\u201d, care urm\u0103re\u0219te transformarea spa\u021biului verde \u00eentr-un loc dedicat \u00eent\u00e2lnirii dintre cultur\u0103, educa\u021bie \u0219i comunitate.<\/p>\n<p class=\"wp-block-paragraph\">Prin astfel de ini\u021biative, Parcul Funda\u021biei Jecza \u00ee\u0219i consolideaz\u0103 rolul de spa\u021biu cultural deschis, \u00een care arta contemporan\u0103, patrimoniul \u0219i noile tehnologii creeaz\u0103 experien\u021be interactive pentru locuitorii Timi\u0219oarei \u0219i pentru vizitatori.<\/p>\n<\/div>\n<p>[analyse_source url=&#8221;https:\/\/orasul-timisoara.ro\/local-39664\/&#8221;]<\/p>\n","protected":false},"excerpt":{"rendered":"<p>[analyse_image type=&#8221;featured&#8221; src=&#8221;https:\/\/orasul-timisoara.ro\/wp-content\/uploads\/2026\/07\/WhatsApp-Image-2026-07-13-at-23.13.16-1.jpg&#8221;] Evenimente in TimisoaraSpectacol multimedia la Timi\u0219oara: patrimoniul ora\u0219ului, explorat prin realitate virtual\u0103 Evenimente in Timisoara \u0218tiri Locale Spectacol multimedia la Timi\u0219oara: patrimoniul ora\u0219ului, explorat prin realitate virtual\u0103 De c\u0103tre redactia &#8211; 15\/07\/2026 Facebook Twitter WhatsApp Linkedin ReddIt Email Imprimare Parcul Funda\u021biei Jecza din Timi\u0219oara a devenit, pentru o sear\u0103, locul \u00een care [&hellip;]<\/p>\n","protected":false},"author":1,"featured_media":0,"comment_status":"open","ping_status":"","sticky":false,"template":"","format":"standard","meta":{"footnotes":""},"categories":[89],"tags":[226,189],"class_list":["post-2048105","post","type-post","status-publish","format-standard","hentry","category-romania","tag-crawlmanager","tag-orasul-timisoara-ro"],"_links":{"self":[{"href":"https:\/\/analyse.optim.biz\/index.php?rest_route=\/wp\/v2\/posts\/2048105","targetHints":{"allow":["GET"]}}],"collection":[{"href":"https:\/\/analyse.optim.biz\/index.php?rest_route=\/wp\/v2\/posts"}],"about":[{"href":"https:\/\/analyse.optim.biz\/index.php?rest_route=\/wp\/v2\/types\/post"}],"author":[{"embeddable":true,"href":"https:\/\/analyse.optim.biz\/index.php?rest_route=\/wp\/v2\/users\/1"}],"replies":[{"embeddable":true,"href":"https:\/\/analyse.optim.biz\/index.php?rest_route=%2Fwp%2Fv2%2Fcomments&post=2048105"}],"version-history":[{"count":0,"href":"https:\/\/analyse.optim.biz\/index.php?rest_route=\/wp\/v2\/posts\/2048105\/revisions"}],"wp:attachment":[{"href":"https:\/\/analyse.optim.biz\/index.php?rest_route=%2Fwp%2Fv2%2Fmedia&parent=2048105"}],"wp:term":[{"taxonomy":"category","embeddable":true,"href":"https:\/\/analyse.optim.biz\/index.php?rest_route=%2Fwp%2Fv2%2Fcategories&post=2048105"},{"taxonomy":"post_tag","embeddable":true,"href":"https:\/\/analyse.optim.biz\/index.php?rest_route=%2Fwp%2Fv2%2Ftags&post=2048105"}],"curies":[{"name":"wp","href":"https:\/\/api.w.org\/{rel}","templated":true}]}}