{"id":2048055,"date":"2026-07-15T11:50:50","date_gmt":"2026-07-15T08:50:50","guid":{"rendered":"https:\/\/analyse.optim.biz\/?p=2048055"},"modified":"2026-07-15T11:50:50","modified_gmt":"2026-07-15T08:50:50","slug":"50-de-copii-din-comuna-grebanu-descopera-saptamana-aceasta-o-altfel-de-scoala-de-vara-stiri-din-surse","status":"publish","type":"post","link":"https:\/\/analyse.optim.biz\/?p=2048055","title":{"rendered":"50 de copii din comuna Greb\u0103nu descoper\u0103, s\u0103pt\u0103m\u00e2na aceasta, o altfel de \u0219coal\u0103 de var\u0103\u00a0 &#8211; Stiri Din Surse"},"content":{"rendered":"<p>[analyse_image type=&#8221;featured&#8221; src=&#8221;https:\/\/stiridinsursebuzau.ro\/wp-content\/uploads\/2026\/07\/scoala-de-vara-grebanu.jpg&#8221;]<\/p>\n<article class=\"page-content-single small single\">\n<div id=\"stiri-1210144808\" class=\"stiri-inainte-de-continut-3 stiri-entity-placement\"><a href=\"https:\/\/buzau.21k.ro\/\" aria-label=\"900\u00d7200\"><img decoding=\"async\" loading=\"lazy\" src=\"https:\/\/stiridinsursebuzau.ro\/wp-content\/uploads\/2026\/07\/900x200.gif\" alt width=\"900\" height=\"200\"><\/a><\/div>\n<p><strong>S\u0103pt\u0103m\u00e2na aceasta, curtea \u0218colii Home\u0219ti din comuna Greb\u0103nu se transform\u0103 \u00eentr-un spa\u021biu al descoperirii, al jocului \u0219i al prieteniei. \u00cen perioada 13\u201317 iulie 2026, 50 de copii de gr\u0103dini\u021b\u0103 \u0219i din ciclul primar, din satele Home\u0219ti \u0219i Plevna, particip\u0103 la \u0218coala de Var\u0103 \u201e\u0218coala mea de var\u0103 se \u021bine afar\u0103!\u201d.<\/strong><\/p>\n<p>Programul este implementat de Asocia\u021bia Academia Faptelor Bune, \u00een colaborare cu Funda\u021bia Comunitar\u0103 Buz\u0103u, cu sprijinul financiar al RER SUD, parte din RER Group.\u00a0<\/p>\n<figure class=\"wp-block-image size-large\"><img loading=\"lazy\" decoding=\"async\" width=\"1024\" height=\"768\" src=\"https:\/\/stiridinsursebuzau.ro\/wp-content\/uploads\/2026\/07\/0d186f36-7ce7-4f1b-96b3-0d2fa846073d-1024x768.jpg\" alt class=\"wp-image-48078\"><\/figure>\n<p>Ini\u021biativa r\u0103spunde unei nevoi concrete din comunitate. \u00cen acest an \u0219colar, copiii din Plevna s-au al\u0103turat celor din Home\u0219ti, dup\u0103 ce \u0219coala din satul lor a intrat \u00een proces de renovare. \u00cen acest context, \u0218coala de Var\u0103 devine mai mult dec\u00e2t un program de vacan\u021b\u0103: este o ocazie pentru copii s\u0103 se cunoasc\u0103 mai bine, s\u0103 lege prietenii, s\u0103 \u00eenve\u021be \u00eempreun\u0103 \u0219i s\u0103 simt\u0103 c\u0103 \u0219coala este un loc sigur, primitor \u0219i plin de bucurie.<\/p>\n<figure class=\"wp-block-image size-large\"><img decoding=\"async\" loading=\"lazy\" width=\"1024\" height=\"768\" src=\"https:\/\/stiridinsursebuzau.ro\/wp-content\/uploads\/2026\/07\/d906ae4f-a07f-4fe7-8345-0d67582b30b9-1024x768.jpg\" alt class=\"wp-image-48080\"><\/figure>\n<p>Sub sloganul \u201e\u0218coala mea de var\u0103 se \u021bine afar\u0103!\u201d, curtea \u0219colii este amenajat\u0103 cu pavilioane, mese \u0219i b\u0103nci, astfel \u00eenc\u00e2t activit\u0103\u021bile s\u0103 se desf\u0103\u0219oare \u00een aer liber. \u00cen fiecare zi, \u00eentre orele 10:00 \u0219i 13:00, copiii particip\u0103 la ateliere educa\u021bionale, creative \u0219i recreative, construite \u00eempreun\u0103 cu cadrele didactice \u0219i adaptate v\u00e2rstei \u0219i nevoilor lor.<\/p>\n<p>Programul include jocuri de construc\u021bie LEGO, atelierul \u201eEmo\u021biile mele | Emo\u021biile tale\u201d, sus\u021binut de un psiholog cu peste 20 de ani de experien\u021b\u0103 \u00een lucrul cu copiii, activit\u0103\u021bi despre natur\u0103 \u0219i ecologie, realizarea unui ierbar, amenajarea unei gr\u0103dini \u0219colare \u0219i ateliere de lucru manual, precum cus\u0103turi, broderie, pirografie \u0219i confec\u021bionarea de obiecte din lemn.<\/p>\n<figure class=\"wp-block-image size-large\"><img decoding=\"async\" loading=\"lazy\" width=\"1024\" height=\"853\" src=\"https:\/\/stiridinsursebuzau.ro\/wp-content\/uploads\/2026\/07\/ce51e36e-72d8-4bcd-99f2-dd06f1a2fea1-1024x853.jpg\" alt class=\"wp-image-48084\"><\/figure>\n<p>Pe l\u00e2ng\u0103 activit\u0103\u021bile educative, copiii au parte de jocuri \u00een aer liber \u0219i momente de socializare. \u00cen ultima zi, pe 17 iulie, programul \u00eencepe la ora 18:00, c\u00e2nd curtea \u0219colii se transform\u0103 \u00eentr-un cinematograf \u00een aer liber pentru \u201eSear\u0103 de film \u00een \u0219coala mea\u201d, un moment dedicat copiilor \u0219i comunit\u0103\u021bii.<\/p>\n<figure class=\"wp-block-image size-large\"><img decoding=\"async\" loading=\"lazy\" width=\"1024\" height=\"597\" src=\"https:\/\/stiridinsursebuzau.ro\/wp-content\/uploads\/2026\/07\/IMG-20260715-WA0022-1024x597.jpg\" alt class=\"wp-image-48079\"><\/figure>\n<p>Activit\u0103\u021bile sunt sus\u021binute de speciali\u0219ti, cadre didactice \u0219i voluntari ai Asocia\u021biei Academia Faptelor Bune, care \u00eei \u00eenso\u021besc pe copii pe tot parcursul programului.<\/p>\n<p>Prin implicarea \u00een acest proiect, <a href=\"https:\/\/stiridinsursebuzau.ro\/fundatia-comunitara-buzau-creeaza-harta-faptelor-bune-si-invita-ong-urile-locale-sa-se-alature\/\">Funda\u021bia Comunitar\u0103 Buz\u0103u<\/a> \u00ee\u0219i continu\u0103 misiunea de a identifica ini\u021biative locale valoroase, de a le sprijini s\u0103 creasc\u0103 \u0219i de a conecta resursele din comunitate cu oamenii care vor s\u0103 fac\u0103 bine. Rolul funda\u021biei este de a \u00eent\u0103ri sectorul civic local, de a aduce \u00eempreun\u0103 organiza\u021bii, companii \u0219i oameni cu ini\u021biativ\u0103 \u0219i de a transforma generozitatea \u00een proiecte concrete pentru binele comun.<\/p>\n<figure class=\"wp-block-image size-large\"><img decoding=\"async\" loading=\"lazy\" width=\"768\" height=\"1024\" src=\"https:\/\/stiridinsursebuzau.ro\/wp-content\/uploads\/2026\/07\/b9955c28-c7ea-4f1d-b377-d55e2b67188e-768x1024.jpg\" alt class=\"wp-image-48082\"><\/figure>\n<p>\u0218coala de Var\u0103 de la Home\u0219ti este un exemplu al felului \u00een care o nevoie local\u0103, o organiza\u021bie cu ini\u021biativ\u0103 \u0219i un finan\u021bator implicat pot construi \u00eempreun\u0103 o experien\u021b\u0103 cu sens pentru copii. Prin sprijinul <a href=\"https:\/\/rersud.ro\/\" target=\"_blank\" rel=\"noopener\">RER SUD<\/a>, parte din RER Group, 50 de copii din comuna Greb\u0103nu au parte, zilele acestea, de activit\u0103\u021bi care le ofer\u0103 \u00eencredere, prietenie, curiozitate \u0219i bucuria de a \u00eenv\u0103\u021ba altfel.<\/p>\n<figure class=\"wp-block-image size-large\"><img decoding=\"async\" loading=\"lazy\" width=\"1024\" height=\"574\" src=\"https:\/\/stiridinsursebuzau.ro\/wp-content\/uploads\/2026\/07\/b3a5b132-587c-4cc5-a6e1-553fbe7434b9-1024x574.jpg\" alt class=\"wp-image-48083\"><\/figure>\n<p>Organizatorii \u00ee\u0219i propun s\u0103 arate c\u0103 educa\u021bia nu se opre\u0219te odat\u0103 cu vacan\u021ba \u0219i c\u0103 unele dintre cele mai valoroase lec\u021bii se \u00eenva\u021b\u0103 \u00een afara clasei: \u00een natur\u0103, prin joac\u0103, colaborare, creativitate \u0219i experien\u021be care \u00eei apropie pe copii unii de al\u021bii.<\/p>\n<p><strong>Despre Funda\u021bia Comunitar\u0103 Buz\u0103u<\/strong><\/p>\n<figure class=\"wp-block-image size-full is-resized\"><img decoding=\"async\" loading=\"lazy\" width=\"500\" height=\"500\" src=\"https:\/\/stiridinsursebuzau.ro\/wp-content\/uploads\/2026\/07\/Untitled-design-62.png\" alt class=\"wp-image-48087\"><\/figure>\n<p><a href=\"https:\/\/fundatiacomunitarabuzau.ro\/\" target=\"_blank\" rel=\"noopener\">Funda\u021bia Comunitar\u0103 Buz\u0103u<\/a> sus\u021bine oamenii cu ini\u021biativ\u0103 \u0219i organiza\u021biile locale care transform\u0103 ideile bune \u00een proiecte concrete pentru comunitate. Prin finan\u021b\u0103ri, mentorat, parteneriate \u0219i mobilizarea resurselor locale, funda\u021bia contribuie la dezvoltarea sectorului civic din jude\u021bul Buz\u0103u \u0219i la cre\u0219terea generozit\u0103\u021bii pentru binele comun.<\/p>\n<p><strong>Despre Asocia\u021bia Academia Faptelor Bune<\/strong><\/p>\n<figure class=\"wp-block-image size-full is-resized\"><img decoding=\"async\" loading=\"lazy\" width=\"453\" height=\"180\" src=\"https:\/\/stiridinsursebuzau.ro\/wp-content\/uploads\/2026\/07\/logo-academia-faptelor-bune-1.png\" alt class=\"wp-image-48086\"><\/figure>\n<p><a href=\"https:\/\/academiafaptelorbune.ro\/\" target=\"_blank\" rel=\"noopener\">Academia Faptelor Bune<\/a> este o organizatie non guvernamentala care isi propune sa ofere ajutor si asistenta persoanelor defavorizate, facilitandu-le astfel integrarea in societate.<\/p>\n<p><strong>Despre RER SUD<\/strong><\/p>\n<figure class=\"wp-block-image size-large is-resized\"><img decoding=\"async\" loading=\"lazy\" width=\"1024\" height=\"192\" src=\"https:\/\/stiridinsursebuzau.ro\/wp-content\/uploads\/2026\/07\/bd1547c107a05c2a3b78642fb113a5be-1024x192.jpg\" alt class=\"wp-image-48085\"><\/figure>\n<p>RER SUD, parte din RER Group \u2013 Recuperare Ecologic\u0103 \u0219i Reciclare, este una dintre companiile cu tradi\u021bie \u00een domeniul salubriz\u0103rii menajere \u0219i stradale din Rom\u00e2nia, activ\u0103 din 1995. Compania contribuie la gestionarea corect\u0103 a de\u0219eurilor, la protec\u021bia mediului \u0219i la cre\u0219terea calit\u0103\u021bii serviciilor pentru comunit\u0103\u021bile \u00een care activeaz\u0103, prin investi\u021bii constante \u00een tehnologii prietenoase cu mediul, profesionalism \u0219i responsabilitate fa\u021b\u0103 de cet\u0103\u021beni.\u00a0<\/p>\n<div class=\"post-views content-post post-48076 entry-meta load-static\"><span class=\"post-views-label\">Vizualiz\u0103ri \u0219tire:<\/span><span class=\"post-views-count\">1.925<\/span><\/div>\n<div id=\"stiri-1554662737\" class=\"stiri-dupa-continut-2 stiri-entity-placement\"><a href=\"https:\/\/rapidservicebuzau.ro\/\" aria-label=\"RAPID SUPER SERVICE\"><img decoding=\"async\" loading=\"lazy\" src=\"https:\/\/stiridinsursebuzau.ro\/wp-content\/uploads\/2026\/02\/ChatGPT-Image-10-feb.-2026-22_24_01.png\" alt width=\"1536\" height=\"1024\"><\/a><\/div>\n<div id=\"stiri-1750634169\" class=\"stiri-dupa-continut_2 stiri-entity-placement\"><a href=\"https:\/\/www.facebook.com\/profile.php?id=61564932526740\" aria-label=\"Glamour Pizza &quot;la patrat&quot;\"><img decoding=\"async\" loading=\"lazy\" src=\"https:\/\/stiridinsursebuzau.ro\/wp-content\/uploads\/2026\/02\/ChatGPT-Image-10-feb.-2026-21_57_13.png\" alt=\"Glamour Pizza &quot;la patrat&quot;\" width=\"1536\" height=\"1024\"><\/a><\/div>\n<div id=\"stiri-3793272543\" class=\"stiri-dupa-continut_3 stiri-entity-placement\"><a href=\"https:\/\/www.facebook.com\/profile.php?id=61573613380169&amp;locale=ro_RO\" aria-label=\"ChatGPT Image 10 feb. 2026, 22_10_50\"><img decoding=\"async\" loading=\"lazy\" src=\"https:\/\/stiridinsursebuzau.ro\/wp-content\/uploads\/2026\/02\/ChatGPT-Image-10-feb.-2026-22_10_50.png\" alt width=\"1536\" height=\"1024\"><\/a><\/div>\n<div id=\"stiri-1007629260\" class=\"stiri-dupa-continut_4 stiri-entity-placement\"><a href=\"https:\/\/www.facebook.com\/profile.php?id=100077377992379\" aria-label=\"1536 cu 1024 pixeli\"><img decoding=\"async\" loading=\"lazy\" src=\"https:\/\/stiridinsursebuzau.ro\/wp-content\/uploads\/2026\/02\/ChatGPT-Image-20-feb.-2026-14_05_15.png\" alt=\"1536 cu 1024 pixeli\" width=\"1536\" height=\"1024\"><\/a><\/div>\n<div id=\"stiri-1243267305\" class=\"stiri-dupa-continut_5 stiri-entity-placement\"><img decoding=\"async\" loading=\"lazy\" src=\"https:\/\/stiridinsursebuzau.ro\/wp-content\/uploads\/2026\/02\/ChatGPT-Image-10-feb.-2026-23_00_56.png\" alt=\"piese tractoare\" width=\"1536\" height=\"1024\"><\/div>\n<nav class=\"navigation post-navigation\" aria-label=\"Articole\">\n<h2 class=\"screen-reader-text\">Navigare \u00een articole<\/h2>\n<div class=\"nav-links\">\n<div class=\"nav-previous\"><a href=\"https:\/\/stiridinsursebuzau.ro\/sterilizarea-gratuita-a-cainilor-continua-in-buzau-programul-finantat-de-primarie-este-in-desfasurare\/\" rel=\"prev\">Sterilizarea gratuit\u0103 a c\u00e2inilor continu\u0103 \u00een Buz\u0103u. Programul finan\u021bat de Prim\u0103rie este \u00een desf\u0103\u0219urare <\/a><\/div>\n<div class=\"nav-next\"><a href=\"https:\/\/stiridinsursebuzau.ro\/schimbare-la-prefectura-buzau-o-persoana-cercetata-penal-intr-un-dosar-de-delapidare-vehiculata-pentru-functia-de-secretar-general\/\" rel=\"next\"> Schimbare la Prefectura Buz\u0103u. O persoan\u0103 cercetat\u0103 penal \u00eentr-un dosar de delapidare, vehiculat\u0103 pentru func\u021bia de secretar general<\/a><\/div>\n<\/div>\n<\/nav>\n<\/article>\n<article class=\"page-content-single small single\">\n<div id=\"stiri-1210144808\" class=\"stiri-inainte-de-continut-3 stiri-entity-placement\"><a href=\"https:\/\/buzau.21k.ro\/\" aria-label=\"900\u00d7200\"><img decoding=\"async\" loading=\"lazy\" src=\"https:\/\/stiridinsursebuzau.ro\/wp-content\/uploads\/2026\/07\/900x200.gif\" alt width=\"900\" height=\"200\"><\/a><\/div>\n<p><strong>S\u0103pt\u0103m\u00e2na aceasta, curtea \u0218colii Home\u0219ti din comuna Greb\u0103nu se transform\u0103 \u00eentr-un spa\u021biu al descoperirii, al jocului \u0219i al prieteniei. \u00cen perioada 13\u201317 iulie 2026, 50 de copii de gr\u0103dini\u021b\u0103 \u0219i din ciclul primar, din satele Home\u0219ti \u0219i Plevna, particip\u0103 la \u0218coala de Var\u0103 \u201e\u0218coala mea de var\u0103 se \u021bine afar\u0103!\u201d.<\/strong><\/p>\n<p>Programul este implementat de Asocia\u021bia Academia Faptelor Bune, \u00een colaborare cu Funda\u021bia Comunitar\u0103 Buz\u0103u, cu sprijinul financiar al RER SUD, parte din RER Group.\u00a0<\/p>\n<figure class=\"wp-block-image size-large\"><img loading=\"lazy\" decoding=\"async\" width=\"1024\" height=\"768\" src=\"https:\/\/stiridinsursebuzau.ro\/wp-content\/uploads\/2026\/07\/0d186f36-7ce7-4f1b-96b3-0d2fa846073d-1024x768.jpg\" alt class=\"wp-image-48078\"><\/figure>\n<p>Ini\u021biativa r\u0103spunde unei nevoi concrete din comunitate. \u00cen acest an \u0219colar, copiii din Plevna s-au al\u0103turat celor din Home\u0219ti, dup\u0103 ce \u0219coala din satul lor a intrat \u00een proces de renovare. \u00cen acest context, \u0218coala de Var\u0103 devine mai mult dec\u00e2t un program de vacan\u021b\u0103: este o ocazie pentru copii s\u0103 se cunoasc\u0103 mai bine, s\u0103 lege prietenii, s\u0103 \u00eenve\u021be \u00eempreun\u0103 \u0219i s\u0103 simt\u0103 c\u0103 \u0219coala este un loc sigur, primitor \u0219i plin de bucurie.<\/p>\n<figure class=\"wp-block-image size-large\"><img decoding=\"async\" loading=\"lazy\" width=\"1024\" height=\"768\" src=\"https:\/\/stiridinsursebuzau.ro\/wp-content\/uploads\/2026\/07\/d906ae4f-a07f-4fe7-8345-0d67582b30b9-1024x768.jpg\" alt class=\"wp-image-48080\"><\/figure>\n<p>Sub sloganul \u201e\u0218coala mea de var\u0103 se \u021bine afar\u0103!\u201d, curtea \u0219colii este amenajat\u0103 cu pavilioane, mese \u0219i b\u0103nci, astfel \u00eenc\u00e2t activit\u0103\u021bile s\u0103 se desf\u0103\u0219oare \u00een aer liber. \u00cen fiecare zi, \u00eentre orele 10:00 \u0219i 13:00, copiii particip\u0103 la ateliere educa\u021bionale, creative \u0219i recreative, construite \u00eempreun\u0103 cu cadrele didactice \u0219i adaptate v\u00e2rstei \u0219i nevoilor lor.<\/p>\n<p>Programul include jocuri de construc\u021bie LEGO, atelierul \u201eEmo\u021biile mele | Emo\u021biile tale\u201d, sus\u021binut de un psiholog cu peste 20 de ani de experien\u021b\u0103 \u00een lucrul cu copiii, activit\u0103\u021bi despre natur\u0103 \u0219i ecologie, realizarea unui ierbar, amenajarea unei gr\u0103dini \u0219colare \u0219i ateliere de lucru manual, precum cus\u0103turi, broderie, pirografie \u0219i confec\u021bionarea de obiecte din lemn.<\/p>\n<figure class=\"wp-block-image size-large\"><img decoding=\"async\" loading=\"lazy\" width=\"1024\" height=\"853\" src=\"https:\/\/stiridinsursebuzau.ro\/wp-content\/uploads\/2026\/07\/ce51e36e-72d8-4bcd-99f2-dd06f1a2fea1-1024x853.jpg\" alt class=\"wp-image-48084\"><\/figure>\n<p>Pe l\u00e2ng\u0103 activit\u0103\u021bile educative, copiii au parte de jocuri \u00een aer liber \u0219i momente de socializare. \u00cen ultima zi, pe 17 iulie, programul \u00eencepe la ora 18:00, c\u00e2nd curtea \u0219colii se transform\u0103 \u00eentr-un cinematograf \u00een aer liber pentru \u201eSear\u0103 de film \u00een \u0219coala mea\u201d, un moment dedicat copiilor \u0219i comunit\u0103\u021bii.<\/p>\n<figure class=\"wp-block-image size-large\"><img decoding=\"async\" loading=\"lazy\" width=\"1024\" height=\"597\" src=\"https:\/\/stiridinsursebuzau.ro\/wp-content\/uploads\/2026\/07\/IMG-20260715-WA0022-1024x597.jpg\" alt class=\"wp-image-48079\"><\/figure>\n<p>Activit\u0103\u021bile sunt sus\u021binute de speciali\u0219ti, cadre didactice \u0219i voluntari ai Asocia\u021biei Academia Faptelor Bune, care \u00eei \u00eenso\u021besc pe copii pe tot parcursul programului.<\/p>\n<p>Prin implicarea \u00een acest proiect, <a href=\"https:\/\/stiridinsursebuzau.ro\/fundatia-comunitara-buzau-creeaza-harta-faptelor-bune-si-invita-ong-urile-locale-sa-se-alature\/\">Funda\u021bia Comunitar\u0103 Buz\u0103u<\/a> \u00ee\u0219i continu\u0103 misiunea de a identifica ini\u021biative locale valoroase, de a le sprijini s\u0103 creasc\u0103 \u0219i de a conecta resursele din comunitate cu oamenii care vor s\u0103 fac\u0103 bine. Rolul funda\u021biei este de a \u00eent\u0103ri sectorul civic local, de a aduce \u00eempreun\u0103 organiza\u021bii, companii \u0219i oameni cu ini\u021biativ\u0103 \u0219i de a transforma generozitatea \u00een proiecte concrete pentru binele comun.<\/p>\n<figure class=\"wp-block-image size-large\"><img decoding=\"async\" loading=\"lazy\" width=\"768\" height=\"1024\" src=\"https:\/\/stiridinsursebuzau.ro\/wp-content\/uploads\/2026\/07\/b9955c28-c7ea-4f1d-b377-d55e2b67188e-768x1024.jpg\" alt class=\"wp-image-48082\"><\/figure>\n<p>\u0218coala de Var\u0103 de la Home\u0219ti este un exemplu al felului \u00een care o nevoie local\u0103, o organiza\u021bie cu ini\u021biativ\u0103 \u0219i un finan\u021bator implicat pot construi \u00eempreun\u0103 o experien\u021b\u0103 cu sens pentru copii. Prin sprijinul <a href=\"https:\/\/rersud.ro\/\" target=\"_blank\" rel=\"noopener\">RER SUD<\/a>, parte din RER Group, 50 de copii din comuna Greb\u0103nu au parte, zilele acestea, de activit\u0103\u021bi care le ofer\u0103 \u00eencredere, prietenie, curiozitate \u0219i bucuria de a \u00eenv\u0103\u021ba altfel.<\/p>\n<figure class=\"wp-block-image size-large\"><img decoding=\"async\" loading=\"lazy\" width=\"1024\" height=\"574\" src=\"https:\/\/stiridinsursebuzau.ro\/wp-content\/uploads\/2026\/07\/b3a5b132-587c-4cc5-a6e1-553fbe7434b9-1024x574.jpg\" alt class=\"wp-image-48083\"><\/figure>\n<p>Organizatorii \u00ee\u0219i propun s\u0103 arate c\u0103 educa\u021bia nu se opre\u0219te odat\u0103 cu vacan\u021ba \u0219i c\u0103 unele dintre cele mai valoroase lec\u021bii se \u00eenva\u021b\u0103 \u00een afara clasei: \u00een natur\u0103, prin joac\u0103, colaborare, creativitate \u0219i experien\u021be care \u00eei apropie pe copii unii de al\u021bii.<\/p>\n<p><strong>Despre Funda\u021bia Comunitar\u0103 Buz\u0103u<\/strong><\/p>\n<figure class=\"wp-block-image size-full is-resized\"><img decoding=\"async\" loading=\"lazy\" width=\"500\" height=\"500\" src=\"https:\/\/stiridinsursebuzau.ro\/wp-content\/uploads\/2026\/07\/Untitled-design-62.png\" alt class=\"wp-image-48087\"><\/figure>\n<p><a href=\"https:\/\/fundatiacomunitarabuzau.ro\/\" target=\"_blank\" rel=\"noopener\">Funda\u021bia Comunitar\u0103 Buz\u0103u<\/a> sus\u021bine oamenii cu ini\u021biativ\u0103 \u0219i organiza\u021biile locale care transform\u0103 ideile bune \u00een proiecte concrete pentru comunitate. Prin finan\u021b\u0103ri, mentorat, parteneriate \u0219i mobilizarea resurselor locale, funda\u021bia contribuie la dezvoltarea sectorului civic din jude\u021bul Buz\u0103u \u0219i la cre\u0219terea generozit\u0103\u021bii pentru binele comun.<\/p>\n<p><strong>Despre Asocia\u021bia Academia Faptelor Bune<\/strong><\/p>\n<figure class=\"wp-block-image size-full is-resized\"><img decoding=\"async\" loading=\"lazy\" width=\"453\" height=\"180\" src=\"https:\/\/stiridinsursebuzau.ro\/wp-content\/uploads\/2026\/07\/logo-academia-faptelor-bune-1.png\" alt class=\"wp-image-48086\"><\/figure>\n<p><a href=\"https:\/\/academiafaptelorbune.ro\/\" target=\"_blank\" rel=\"noopener\">Academia Faptelor Bune<\/a> este o organizatie non guvernamentala care isi propune sa ofere ajutor si asistenta persoanelor defavorizate, facilitandu-le astfel integrarea in societate.<\/p>\n<p><strong>Despre RER SUD<\/strong><\/p>\n<figure class=\"wp-block-image size-large is-resized\"><img decoding=\"async\" loading=\"lazy\" width=\"1024\" height=\"192\" src=\"https:\/\/stiridinsursebuzau.ro\/wp-content\/uploads\/2026\/07\/bd1547c107a05c2a3b78642fb113a5be-1024x192.jpg\" alt class=\"wp-image-48085\"><\/figure>\n<p>RER SUD, parte din RER Group \u2013 Recuperare Ecologic\u0103 \u0219i Reciclare, este una dintre companiile cu tradi\u021bie \u00een domeniul salubriz\u0103rii menajere \u0219i stradale din Rom\u00e2nia, activ\u0103 din 1995. Compania contribuie la gestionarea corect\u0103 a de\u0219eurilor, la protec\u021bia mediului \u0219i la cre\u0219terea calit\u0103\u021bii serviciilor pentru comunit\u0103\u021bile \u00een care activeaz\u0103, prin investi\u021bii constante \u00een tehnologii prietenoase cu mediul, profesionalism \u0219i responsabilitate fa\u021b\u0103 de cet\u0103\u021beni.\u00a0<\/p>\n<div class=\"post-views content-post post-48076 entry-meta load-static\"><span class=\"post-views-label\">Vizualiz\u0103ri \u0219tire:<\/span><span class=\"post-views-count\">1.925<\/span><\/div>\n<div id=\"stiri-1554662737\" class=\"stiri-dupa-continut-2 stiri-entity-placement\"><a href=\"https:\/\/rapidservicebuzau.ro\/\" aria-label=\"RAPID SUPER SERVICE\"><img decoding=\"async\" loading=\"lazy\" src=\"https:\/\/stiridinsursebuzau.ro\/wp-content\/uploads\/2026\/02\/ChatGPT-Image-10-feb.-2026-22_24_01.png\" alt width=\"1536\" height=\"1024\"><\/a><\/div>\n<div id=\"stiri-1750634169\" class=\"stiri-dupa-continut_2 stiri-entity-placement\"><a href=\"https:\/\/www.facebook.com\/profile.php?id=61564932526740\" aria-label=\"Glamour Pizza &quot;la patrat&quot;\"><img decoding=\"async\" loading=\"lazy\" src=\"https:\/\/stiridinsursebuzau.ro\/wp-content\/uploads\/2026\/02\/ChatGPT-Image-10-feb.-2026-21_57_13.png\" alt=\"Glamour Pizza &quot;la patrat&quot;\" width=\"1536\" height=\"1024\"><\/a><\/div>\n<div id=\"stiri-3793272543\" class=\"stiri-dupa-continut_3 stiri-entity-placement\"><a href=\"https:\/\/www.facebook.com\/profile.php?id=61573613380169&amp;locale=ro_RO\" aria-label=\"ChatGPT Image 10 feb. 2026, 22_10_50\"><img decoding=\"async\" loading=\"lazy\" src=\"https:\/\/stiridinsursebuzau.ro\/wp-content\/uploads\/2026\/02\/ChatGPT-Image-10-feb.-2026-22_10_50.png\" alt width=\"1536\" height=\"1024\"><\/a><\/div>\n<div id=\"stiri-1007629260\" class=\"stiri-dupa-continut_4 stiri-entity-placement\"><a href=\"https:\/\/www.facebook.com\/profile.php?id=100077377992379\" aria-label=\"1536 cu 1024 pixeli\"><img decoding=\"async\" loading=\"lazy\" src=\"https:\/\/stiridinsursebuzau.ro\/wp-content\/uploads\/2026\/02\/ChatGPT-Image-20-feb.-2026-14_05_15.png\" alt=\"1536 cu 1024 pixeli\" width=\"1536\" height=\"1024\"><\/a><\/div>\n<div id=\"stiri-1243267305\" class=\"stiri-dupa-continut_5 stiri-entity-placement\"><img decoding=\"async\" loading=\"lazy\" src=\"https:\/\/stiridinsursebuzau.ro\/wp-content\/uploads\/2026\/02\/ChatGPT-Image-10-feb.-2026-23_00_56.png\" alt=\"piese tractoare\" width=\"1536\" height=\"1024\"><\/div>\n<nav class=\"navigation post-navigation\" aria-label=\"Articole\">\n<h2 class=\"screen-reader-text\">Navigare \u00een articole<\/h2>\n<div class=\"nav-links\">\n<div class=\"nav-previous\"><a href=\"https:\/\/stiridinsursebuzau.ro\/sterilizarea-gratuita-a-cainilor-continua-in-buzau-programul-finantat-de-primarie-este-in-desfasurare\/\" rel=\"prev\">Sterilizarea gratuit\u0103 a c\u00e2inilor continu\u0103 \u00een Buz\u0103u. Programul finan\u021bat de Prim\u0103rie este \u00een desf\u0103\u0219urare <\/a><\/div>\n<div class=\"nav-next\"><a href=\"https:\/\/stiridinsursebuzau.ro\/schimbare-la-prefectura-buzau-o-persoana-cercetata-penal-intr-un-dosar-de-delapidare-vehiculata-pentru-functia-de-secretar-general\/\" rel=\"next\"> Schimbare la Prefectura Buz\u0103u. O persoan\u0103 cercetat\u0103 penal \u00eentr-un dosar de delapidare, vehiculat\u0103 pentru func\u021bia de secretar general<\/a><\/div>\n<\/div>\n<\/nav>\n<\/article>\n<p>[analyse_source url=&#8221;https:\/\/stiridinsursebuzau.ro\/50-de-copii-din-comuna-grebanu-descopera-saptamana-aceasta-o-altfel-de-scoala-de-vara-2\/&#8221;]<\/p>\n","protected":false},"excerpt":{"rendered":"<p>[analyse_image type=&#8221;featured&#8221; src=&#8221;https:\/\/stiridinsursebuzau.ro\/wp-content\/uploads\/2026\/07\/scoala-de-vara-grebanu.jpg&#8221;] S\u0103pt\u0103m\u00e2na aceasta, curtea \u0218colii Home\u0219ti din comuna Greb\u0103nu se transform\u0103 \u00eentr-un spa\u021biu al descoperirii, al jocului \u0219i al prieteniei. \u00cen perioada 13\u201317 iulie 2026, 50 de copii de gr\u0103dini\u021b\u0103 \u0219i din ciclul primar, din satele Home\u0219ti \u0219i Plevna, particip\u0103 la \u0218coala de Var\u0103 \u201e\u0218coala mea de var\u0103 se \u021bine afar\u0103!\u201d. Programul este [&hellip;]<\/p>\n","protected":false},"author":1,"featured_media":0,"comment_status":"open","ping_status":"","sticky":false,"template":"","format":"standard","meta":{"footnotes":""},"categories":[2],"tags":[226,60],"class_list":["post-2048055","post","type-post","status-publish","format-standard","hentry","category-politics","tag-crawlmanager","tag-stiridinsursebuzau-ro"],"_links":{"self":[{"href":"https:\/\/analyse.optim.biz\/index.php?rest_route=\/wp\/v2\/posts\/2048055","targetHints":{"allow":["GET"]}}],"collection":[{"href":"https:\/\/analyse.optim.biz\/index.php?rest_route=\/wp\/v2\/posts"}],"about":[{"href":"https:\/\/analyse.optim.biz\/index.php?rest_route=\/wp\/v2\/types\/post"}],"author":[{"embeddable":true,"href":"https:\/\/analyse.optim.biz\/index.php?rest_route=\/wp\/v2\/users\/1"}],"replies":[{"embeddable":true,"href":"https:\/\/analyse.optim.biz\/index.php?rest_route=%2Fwp%2Fv2%2Fcomments&post=2048055"}],"version-history":[{"count":0,"href":"https:\/\/analyse.optim.biz\/index.php?rest_route=\/wp\/v2\/posts\/2048055\/revisions"}],"wp:attachment":[{"href":"https:\/\/analyse.optim.biz\/index.php?rest_route=%2Fwp%2Fv2%2Fmedia&parent=2048055"}],"wp:term":[{"taxonomy":"category","embeddable":true,"href":"https:\/\/analyse.optim.biz\/index.php?rest_route=%2Fwp%2Fv2%2Fcategories&post=2048055"},{"taxonomy":"post_tag","embeddable":true,"href":"https:\/\/analyse.optim.biz\/index.php?rest_route=%2Fwp%2Fv2%2Ftags&post=2048055"}],"curies":[{"name":"wp","href":"https:\/\/api.w.org\/{rel}","templated":true}]}}