{"id":204794,"date":"2014-05-26T04:05:25","date_gmt":"2014-05-26T01:05:25","guid":{"rendered":"https:\/\/analyse.optim.biz\/?p=204794"},"modified":"2014-05-26T04:05:25","modified_gmt":"2014-05-26T01:05:25","slug":"nici-un-scrutin-fara-nereguli-turism-electoral-mita-si-campanie-electorala-in-ziua-alegerilor","status":"publish","type":"post","link":"https:\/\/analyse.optim.biz\/?p=204794","title":{"rendered":"Nici un scrutin f\u0103r\u0103 nereguli: Turism electoral, mit\u0103 \u015fi campanie electoral\u0103 \u00een ziua alegerilor"},"content":{"rendered":"<div class=\"entry data-app-meta data-app-meta-article\" data-embed-base-url-canonical=\"https:\/\/www.digi24.ro\/embed\/stiri\/actualitate\/politica\/nici-un-scrutin-fara-nereguli-turism-electoral-mita-si-campanie-electorala-in-ziua-alegerilor-247656\">\n<p data-index=\"1\"><span><strong>Ziua alegerilor europarlamentare nu a fost lipsit\u0103 de incidente electorale, reclamate de competitorii politici. Partidele s-au acuzat unele pe altele de mit\u0103 electoral\u0103, continuarea campaniei \u00een mod ilegal \u015fi de plimbarea aleg\u0103torilor \u00een mod organizat dintr-o localitate \u00een alta \u00een scop electoral. Odat\u0103 confirmate, reclama\u0163iile le-au adus unora amenzi ustur\u0103toare.<\/strong><\/span><\/p>\n<p data-index=\"2\"><strong><img decoding=\"async\" src=\"https:\/\/analyse.optim.biz\/wp-content\/uploads\/2024\/09\/ad01zjkwzdaznwiyzjnjzdgymmqymtiwyzrlotk3zjm0nw-thumb_.jpg\" data-skip-htmlfix=\"1\" title=\"ad01zjkwzdaznwiyzjnjzdgymmqymtiwyzrlotk3zjm0nw-thumb_\"><br \/><\/strong><\/p>\n<p data-index=\"3\"><span><strong>Viceprimar: \u201e<em>Eu nu sunt \u015fofer \u015fi nu am transportat pe nimeni<\/em>\u201d<\/strong><\/span><\/p>\n<p data-index=\"4\">\u201e<em><strong>\u00centotdeauna \u00eei aduce cu ma\u015fina. \u00cei aduce cu autobuzul<\/strong><\/em>\u201d, sus\u0163in oamenii din satul clujean Deu\u015fu. M\u0103rturiile s\u0103tenilor par s\u0103 confirme acuza\u0163iile de turism \u015fi mit\u0103 electoral\u0103 care \u00eei sunt aduse <strong>viceprimarului PSD Teodor Miron<\/strong> de c\u0103tre rivalii s\u0103i politici. Membrii PDL Cluj spun c\u0103 el <a href=\"https:\/\/www.digi24.ro\/Stiri\/Regional\/Digi24+Cluj-Napoca\/Stiri\/Suspiciuni+de+frauda+la+Chinteni\" data-skip-linkfix=\"1\"><strong>ar fi adus mai mul\u0163i aleg\u0103tori la urne cu microbuzul \u015fcolii, apoi i-a r\u0103spl\u0103tit pentru vot cu&#8230; \u00eenghe\u0163at\u0103<\/strong><\/a>. Viceprimarul respinge acuza\u0163iile: \u201e<em><strong>Eu nu sunt \u015fofer \u015fi nu am transportat pe nimeni. Deocamdat\u0103, primarul \u015fi prim\u0103ria au obliga\u0163ia s\u0103 transporte cet\u0103\u0163enii la sec\u0163ia la care sunt aronda\u0163i. <\/strong><\/em>(&#8230;)<em><strong> \u015ei ce interes am eu s\u0103 le dau la oameni \u00eenghe\u0163at\u0103?<\/strong><\/em>\u201d, spune Teodor Miron.<\/p>\n<p data-index=\"5\"><span><strong>Primar: \u201e<em>Pot s\u0103-mi iau buletinul \u015fi s\u0103 \u015ftampilez chiar pe masa comisiei<\/em>\u201d<\/strong><\/span><\/p>\n<p data-index=\"6\"><span><span>Nereguli au fost \u00eenregistrate \u015fi \u00een localitatea B\u0103l\u0163e\u015fti din Prahova. Reprezentantul PRM l-a reclamat la poli\u0163ie pe primarul din localitate, Radu Ion, pentru c\u0103 ar fi votat \u00een locul altcuiva. De cealalt\u0103 parte, edilul sus\u0163ine c\u0103 nu a \u00eenc\u0103lcat legea. Poli\u0163ia \u00eel cerceteaz\u0103 penal. \u201e<\/span><\/span><span><span><em><strong>Pot s\u0103 v\u0103 spun c\u0103 buletinul meu de vot&#8230; \u00eentr-adev\u0103r, n-am intrat \u00een cabina de votare&#8230; l-am \u015ftampilat pentru c\u0103 timpul nu permite foarte tare, l-am \u00eendoit \u015fi am ie\u015fit. Nu e o gre\u015feal\u0103. Pot s\u0103-mi iau buletinul \u015fi s\u0103 \u015ftampilez chiar pe masa comisiei. Dac\u0103 am ceva de ascuns, pot s\u0103 intru \u00een cabina de vot, da<\/strong><\/em><\/span><\/span><span><span>\u201d, argumenteaz\u0103 primarul din B\u0103l\u0163e\u015fti, Radu Ion.<\/span><\/span><\/p>\n<p data-index=\"7\"><span><strong><span>Campanie \u00een ziua alegerilor<\/span><\/strong><\/span><\/p>\n<p data-index=\"8\"><span><span>\u00cen <\/span><\/span><span><span><strong>Cluj<\/strong><\/span><\/span><span><span>, un t\u00e2n\u0103r \u00een v\u00e2rst\u0103 de 28 de ani a condus pe str\u0103zile ora\u015fului o dub\u0103 cu afi\u015fe care \u00eendemnau electoratul s\u0103 voteze PMP \u015fi risc\u0103 o amend\u0103 de p\u00e2n\u0103 la 4500 de lei. <\/span><\/span><\/p>\n<p data-index=\"9\"><span><span>Nereguli au fost raportate \u015fi \u00een jude\u0163ul D\u00e2mbovi\u0163a, unde zeci de ma\u015fini din patru localit\u0103\u0163i au fost tapetate cu autocolante cu mesaje anti-PSD. Poli\u0163i\u015ftii au verificat camerele de supraveghere<\/span><\/span><span><span>\u015fi au reu\u015fit s\u0103 \u00eei identifice pe patru dintre cei care au participat la aceast\u0103 ac\u0163iune. Ei au fost amendati cu 6000 de lei.<\/span><\/span><\/p>\n<p data-index=\"10\"><span><span>\u00cen Capital\u0103, chiar <\/span><\/span><span><span><strong>Gabriela Szabo<\/strong><\/span><\/span><span><span>, candidat la alegerile parlamentare par\u0163iale din partea PSD, a dezv\u0103luit public felul \u00een care a votat. \u201e<\/span><\/span><span><span><em><strong>Lumea politic\u0103 e interesant\u0103, o descop\u0103r \u00een fiecare zi&#8230; Diferen\u0163a e c\u0103 \u00een stadion depinzi de propriile puteri, acolo depinzi doar de tine. Cert e c\u0103 aici trebuie s\u0103 depinzi de un grup puternic \u015fi eu, azi, sunt fericit\u0103 s\u0103 fac parte din PSD-UNPR-PC<\/strong><\/em><\/span><\/span><span><span>\u201d, a spus fosta campioan\u0103.<\/span><\/span><\/p>\n<p data-index=\"11\"><span><span>\u00cen acela\u015fi timp, colega sa de partid, <\/span><\/span><a href=\"http:\/\/bit.ly\/1k7AZZS\" target=\"_blank\" data-skip-linkfix=\"1\" rel=\"noopener\"><span><span><strong>Gabriela Firea<\/strong><\/span><\/span><\/a><span><span>, reclama c\u0103 la o sec\u0163ie de votare din <strong>Buftea<\/strong> \u201e<\/span><\/span><span><span><strong>s-au montat jaluzele \u00een culorile unui partid politic, galben cu albastru<\/strong><\/span><\/span><span><span>. \u201e<\/span><\/span><span><span><em><strong>Mi se pare regretabil c\u0103 nu se \u00een\u0163elege ideea c\u0103 aceast\u0103 campanie s-a \u00eencheiat \u015fi nu e normal s\u0103 venim cu \u00eensemne ale partidelor<\/strong><\/em><\/span><\/span><span><span>\u201d, a spus senatoarea social-democrat\u0103.<\/span><\/span><\/p>\n<\/div>\n<p> Source URL: https:\/\/www.digi24.ro\/stiri\/actualitate\/politica\/nici-un-scrutin-fara-nereguli-turism-electoral-mita-si-campanie-electorala-in-ziua-alegerilor-247656<\/p>\n","protected":false},"excerpt":{"rendered":"<p>Ziua alegerilor europarlamentare nu a fost lipsit\u0103 de incidente electorale, reclamate de competitorii politici. Partidele s-au acuzat unele pe altele de mit\u0103 electoral\u0103, continuarea campaniei \u00een mod ilegal \u015fi de plimbarea aleg\u0103torilor \u00een mod organizat dintr-o localitate \u00een alta \u00een scop electoral. Odat\u0103 confirmate, reclama\u0163iile le-au adus unora amenzi ustur\u0103toare. Viceprimar: \u201eEu nu sunt \u015fofer [&hellip;]<\/p>\n","protected":false},"author":1,"featured_media":204795,"comment_status":"open","ping_status":"","sticky":false,"template":"","format":"standard","meta":{"footnotes":""},"categories":[2],"tags":[11],"class_list":["post-204794","post","type-post","status-publish","format-standard","has-post-thumbnail","hentry","category-politics","tag-digi24"],"_links":{"self":[{"href":"https:\/\/analyse.optim.biz\/index.php?rest_route=\/wp\/v2\/posts\/204794","targetHints":{"allow":["GET"]}}],"collection":[{"href":"https:\/\/analyse.optim.biz\/index.php?rest_route=\/wp\/v2\/posts"}],"about":[{"href":"https:\/\/analyse.optim.biz\/index.php?rest_route=\/wp\/v2\/types\/post"}],"author":[{"embeddable":true,"href":"https:\/\/analyse.optim.biz\/index.php?rest_route=\/wp\/v2\/users\/1"}],"replies":[{"embeddable":true,"href":"https:\/\/analyse.optim.biz\/index.php?rest_route=%2Fwp%2Fv2%2Fcomments&post=204794"}],"version-history":[{"count":0,"href":"https:\/\/analyse.optim.biz\/index.php?rest_route=\/wp\/v2\/posts\/204794\/revisions"}],"wp:featuredmedia":[{"embeddable":true,"href":"https:\/\/analyse.optim.biz\/index.php?rest_route=\/wp\/v2\/media\/204795"}],"wp:attachment":[{"href":"https:\/\/analyse.optim.biz\/index.php?rest_route=%2Fwp%2Fv2%2Fmedia&parent=204794"}],"wp:term":[{"taxonomy":"category","embeddable":true,"href":"https:\/\/analyse.optim.biz\/index.php?rest_route=%2Fwp%2Fv2%2Fcategories&post=204794"},{"taxonomy":"post_tag","embeddable":true,"href":"https:\/\/analyse.optim.biz\/index.php?rest_route=%2Fwp%2Fv2%2Ftags&post=204794"}],"curies":[{"name":"wp","href":"https:\/\/api.w.org\/{rel}","templated":true}]}}