{"id":2047873,"date":"2026-07-17T06:51:08","date_gmt":"2026-07-17T03:51:08","guid":{"rendered":"https:\/\/analyse.optim.biz\/?p=2047873"},"modified":"2026-07-17T06:51:08","modified_gmt":"2026-07-17T03:51:08","slug":"jandarmii-tulceni-au-ridicat-un-caine-agresiv-fata-de-oamenii-aflati-in-zona-lacului-ciuperca","status":"publish","type":"post","link":"https:\/\/analyse.optim.biz\/?p=2047873","title":{"rendered":"Jandarmii tulceni au ridicat un c\u00e2ine agresiv fa\u021b\u0103 de oamenii afla\u021bi \u00een zona Lacului Ciuperca"},"content":{"rendered":"<p>[analyse_image type=&#8221;featured&#8221; src=&#8221;https:\/\/dobrogeanews.b-cdn.net\/wp-content\/uploads\/2026\/07\/caina-agresiv.jpg&#8221;]<\/p>\n<div id=\"post-71977\" class=\"entry single-default post-71977 post type-post status-publish format-standard has-post-thumbnail hentry category-info\">\n<div>\n<div class=\"ss-follow-wrapper ss-clearfix ss-regular-buttons ss-columns-1 ss-default-style\">\n<div class=\"ss-follow-column\" data-ss-sf-network-id=\"&quot;facebook&quot;\"><a href=\"https:\/\/www.facebook.com\/dobrogeanews\" class=\"ss-follow-network ss-facebook-color\" rel=\"nofollow noopener\" aria-label=\"facebook\" target=\"_blank\"><span class=\"ss-follow-network-label\">Urm\u0103re\u015fte-ne \u015fi pe Facebook!<\/span><span class=\"ss-follow-network-count\"><span class=\"ss-follow-network-count-number\">57K<\/span><span class=\"ss-follow-network-count-label\">Followers<\/span><\/span><\/a><\/div>\n<\/div>\n<\/div>\n<p>\u00cen aceast\u0103 diminea\u021b\u0103, \u00een urma unui apel la num\u0103rul unic de urgen\u021b\u0103 112, un cet\u0103\u021bean a sesizat prezen\u021ba unui c\u00e2ine care p\u0103rea a fi din rasa Amstaff \u0219i care manifesta un comportament agresiv fa\u021b\u0103 de persoanele aflate \u00een zona Lacului Ciuperca din municipiul Tulcea.<\/p>\n<figure class=\"wp-block-image size-full is-resized\">\n<source type=\"image\/webp\" data-lazy-srcset=\"https:\/\/dobrogeanews.b-cdn.net\/wp-content\/uploads\/2026\/07\/caina-agresiv.jpg.webp 2560w, https:\/\/dobrogeanews.b-cdn.net\/wp-content\/uploads\/2026\/07\/caina-agresiv-300x246.jpg.webp 300w, https:\/\/dobrogeanews.b-cdn.net\/wp-content\/uploads\/2026\/07\/caina-agresiv-1024x840.jpg.webp 1024w, https:\/\/dobrogeanews.b-cdn.net\/wp-content\/uploads\/2026\/07\/caina-agresiv-768x630.jpg.webp 768w, https:\/\/dobrogeanews.b-cdn.net\/wp-content\/uploads\/2026\/07\/caina-agresiv-1536x1260.jpg.webp 1536w, https:\/\/dobrogeanews.b-cdn.net\/wp-content\/uploads\/2026\/07\/caina-agresiv-2048x1680.jpg.webp 2048w\" sizes=\"(max-width: 640px) 100vw, 640px\" \/><br \/>\n<img loading=\"lazy\" decoding=\"async\" src=\"https:\/\/dobrogeanews.b-cdn.net\/wp-content\/uploads\/2026\/07\/caina-agresiv.jpg\" alt=\"C\u00e2ine agresiv \u00een zona Lacului Ciuperca ridicat de jandarmi\" width=\"640\" height=\"525\"><\/figure>\n<p>Un echipaj de jandarmerie s-a deplasat de \u00eendat\u0103 la fa\u021ba locului, a identificat animalul \u0219i a luat m\u0103surile necesare pentru prevenirea producerii unor incidente. Jandarmii au imobilizat c\u00e2inele folosind mijloacele specifice de capturare p\u00e2n\u0103 la sosirea echipajului de ecarisaj, care a preluat animalul \u00een siguran\u021b\u0103.<\/p>\n<p>Reamintim cet\u0103\u021benilor c\u0103, \u00een cazul \u00een care observ\u0103 animale care prezint\u0103 un poten\u021bial pericol pentru siguran\u021ba public\u0103, este recomandat:<\/p>\n<ul>\n<li>s\u0103 p\u0103streze distan\u021ba \u0219i s\u0103 evite apropierea sau provocarea animalului<\/li>\n<\/ul>\n<ul>\n<li>s\u0103 nu \u00eencerce s\u0103 \u00eel captureze<\/li>\n<\/ul>\n<ul>\n<li>s\u0103 apeleze num\u0103rul unic de urgen\u021b\u0103 112 pentru a preveni un incident<\/li>\n<\/ul>\n<p>Sesizarea prompt\u0103 a unor astfel de situa\u021bii permite interven\u021bia rapid\u0103 a institu\u021biilor competente \u0219i contribuie la prevenirea producerii unor evenimente nedorite.<\/p>\n<div class=\"monsterinsights-inline-popular-posts monsterinsights-inline-popular-posts-charlie monsterinsights-popular-posts-styled\">\n<div class=\"monsterinsights-inline-popular-posts-text\"><span class=\"monsterinsights-inline-popular-posts-label\">Vezi \u0219i:<\/span><\/p>\n<div class=\"monsterinsights-inline-popular-posts-post\"><a class=\"monsterinsights-inline-popular-posts-title\" href=\"https:\/\/www.dobrogeanews.ro\/a-fost-emis-avizul-pentru-centura-municipiului-tulcea-drumuri-de-legatura-cu-conexiune-la-drumul-expres-constanta-tulcea-braila\/\">A fost emis Avizul pentru Centura Municipiului Tulcea \u2013 \u201eDrumuri de leg\u0103tur\u0103 cu conexiune la Drumul Expres Constan\u021ba-Tulcea-Br\u0103ila\u201d<\/a><\/div>\n<div class=\"monsterinsights-inline-popular-posts-post\"><a class=\"monsterinsights-inline-popular-posts-title\" href=\"https:\/\/www.dobrogeanews.ro\/stefan-ilie-primar-tulcea-avem-buget-mai-mare-si-mai-multe-investitii-modernizarea-strazilor-si-a-retelelor-de-utilitati-de-sub-carosabil-continua-tulcea-va-fi-un-oras-european\/\">\u0218tefan Ilie, primar Tulcea: Avem buget mai mare \u0219i mai multe investi\u021bii. Modernizarea str\u0103zilor \u0219i a re\u021belelor de utilit\u0103\u021bi de sub carosabil, continu\u0103. Tulcea va fi un ora\u0219 european(!)<\/a><\/div>\n<div class=\"monsterinsights-inline-popular-posts-post\"><a class=\"monsterinsights-inline-popular-posts-title\" href=\"https:\/\/www.dobrogeanews.ro\/santierul-naval-vard-shipyards-tulcea-nkt-eleonora-prima-nava-din-lume-de-pozare-a-cablurilor-care-functioneaza-cu-e-metanol-la-standardele-moderne-de-mediu\/\">\u0218antierul Naval Vard Shipyards Tulcea: NKT Eleonora, prima nav\u0103 din lume (de pozare a cablurilor) care func\u021bioneaz\u0103 cu e-metanol, la standardele moderne de mediu<\/a><\/div>\n<\/div>\n<\/div>\n<p class=\"has-text-align-center has-white-color has-text-color has-background\"><span><a href=\"https:\/\/news.google.com\/publications\/CAAqBwgKMIu5pgsw88O-Aw?ceid=RO:ro&amp;oc=3\">Urm\u0103ri\u0163i \u015etirile Dobrogeanews \u015fi pe Google News<\/a><\/span><\/p>\n<\/div>\n<div id=\"post-71977\" class=\"entry single-default post-71977 post type-post status-publish format-standard has-post-thumbnail hentry category-info\">\n<div>\n<div class=\"ss-follow-wrapper ss-clearfix ss-regular-buttons ss-columns-1 ss-default-style\">\n<div class=\"ss-follow-column\" data-ss-sf-network-id=\"&quot;facebook&quot;\"><a href=\"https:\/\/www.facebook.com\/dobrogeanews\" class=\"ss-follow-network ss-facebook-color\" rel=\"nofollow noopener\" aria-label=\"facebook\" target=\"_blank\"><span class=\"ss-follow-network-label\">Urm\u0103re\u015fte-ne \u015fi pe Facebook!<\/span><span class=\"ss-follow-network-count\"><span class=\"ss-follow-network-count-number\">57K<\/span><span class=\"ss-follow-network-count-label\">Followers<\/span><\/span><\/a><\/div>\n<\/div>\n<\/div>\n<p>\u00cen aceast\u0103 diminea\u021b\u0103, \u00een urma unui apel la num\u0103rul unic de urgen\u021b\u0103 112, un cet\u0103\u021bean a sesizat prezen\u021ba unui c\u00e2ine care p\u0103rea a fi din rasa Amstaff \u0219i care manifesta un comportament agresiv fa\u021b\u0103 de persoanele aflate \u00een zona Lacului Ciuperca din municipiul Tulcea.<\/p>\n<figure class=\"wp-block-image size-full is-resized\">\n<source type=\"image\/webp\" data-lazy-srcset=\"https:\/\/dobrogeanews.b-cdn.net\/wp-content\/uploads\/2026\/07\/caina-agresiv.jpg.webp 2560w, https:\/\/dobrogeanews.b-cdn.net\/wp-content\/uploads\/2026\/07\/caina-agresiv-300x246.jpg.webp 300w, https:\/\/dobrogeanews.b-cdn.net\/wp-content\/uploads\/2026\/07\/caina-agresiv-1024x840.jpg.webp 1024w, https:\/\/dobrogeanews.b-cdn.net\/wp-content\/uploads\/2026\/07\/caina-agresiv-768x630.jpg.webp 768w, https:\/\/dobrogeanews.b-cdn.net\/wp-content\/uploads\/2026\/07\/caina-agresiv-1536x1260.jpg.webp 1536w, https:\/\/dobrogeanews.b-cdn.net\/wp-content\/uploads\/2026\/07\/caina-agresiv-2048x1680.jpg.webp 2048w\" sizes=\"(max-width: 640px) 100vw, 640px\" \/><br \/>\n<img loading=\"lazy\" decoding=\"async\" src=\"https:\/\/dobrogeanews.b-cdn.net\/wp-content\/uploads\/2026\/07\/caina-agresiv.jpg\" alt=\"C\u00e2ine agresiv \u00een zona Lacului Ciuperca ridicat de jandarmi\" width=\"640\" height=\"525\"><\/figure>\n<p>Un echipaj de jandarmerie s-a deplasat de \u00eendat\u0103 la fa\u021ba locului, a identificat animalul \u0219i a luat m\u0103surile necesare pentru prevenirea producerii unor incidente. Jandarmii au imobilizat c\u00e2inele folosind mijloacele specifice de capturare p\u00e2n\u0103 la sosirea echipajului de ecarisaj, care a preluat animalul \u00een siguran\u021b\u0103.<\/p>\n<p>Reamintim cet\u0103\u021benilor c\u0103, \u00een cazul \u00een care observ\u0103 animale care prezint\u0103 un poten\u021bial pericol pentru siguran\u021ba public\u0103, este recomandat:<\/p>\n<ul>\n<li>s\u0103 p\u0103streze distan\u021ba \u0219i s\u0103 evite apropierea sau provocarea animalului<\/li>\n<\/ul>\n<ul>\n<li>s\u0103 nu \u00eencerce s\u0103 \u00eel captureze<\/li>\n<\/ul>\n<ul>\n<li>s\u0103 apeleze num\u0103rul unic de urgen\u021b\u0103 112 pentru a preveni un incident<\/li>\n<\/ul>\n<p>Sesizarea prompt\u0103 a unor astfel de situa\u021bii permite interven\u021bia rapid\u0103 a institu\u021biilor competente \u0219i contribuie la prevenirea producerii unor evenimente nedorite.<\/p>\n<div class=\"monsterinsights-inline-popular-posts monsterinsights-inline-popular-posts-charlie monsterinsights-popular-posts-styled\">\n<div class=\"monsterinsights-inline-popular-posts-text\"><span class=\"monsterinsights-inline-popular-posts-label\">Vezi \u0219i:<\/span><\/p>\n<div class=\"monsterinsights-inline-popular-posts-post\"><a class=\"monsterinsights-inline-popular-posts-title\" href=\"https:\/\/www.dobrogeanews.ro\/a-fost-emis-avizul-pentru-centura-municipiului-tulcea-drumuri-de-legatura-cu-conexiune-la-drumul-expres-constanta-tulcea-braila\/\">A fost emis Avizul pentru Centura Municipiului Tulcea \u2013 \u201eDrumuri de leg\u0103tur\u0103 cu conexiune la Drumul Expres Constan\u021ba-Tulcea-Br\u0103ila\u201d<\/a><\/div>\n<div class=\"monsterinsights-inline-popular-posts-post\"><a class=\"monsterinsights-inline-popular-posts-title\" href=\"https:\/\/www.dobrogeanews.ro\/stefan-ilie-primar-tulcea-avem-buget-mai-mare-si-mai-multe-investitii-modernizarea-strazilor-si-a-retelelor-de-utilitati-de-sub-carosabil-continua-tulcea-va-fi-un-oras-european\/\">\u0218tefan Ilie, primar Tulcea: Avem buget mai mare \u0219i mai multe investi\u021bii. Modernizarea str\u0103zilor \u0219i a re\u021belelor de utilit\u0103\u021bi de sub carosabil, continu\u0103. Tulcea va fi un ora\u0219 european(!)<\/a><\/div>\n<div class=\"monsterinsights-inline-popular-posts-post\"><a class=\"monsterinsights-inline-popular-posts-title\" href=\"https:\/\/www.dobrogeanews.ro\/santierul-naval-vard-shipyards-tulcea-nkt-eleonora-prima-nava-din-lume-de-pozare-a-cablurilor-care-functioneaza-cu-e-metanol-la-standardele-moderne-de-mediu\/\">\u0218antierul Naval Vard Shipyards Tulcea: NKT Eleonora, prima nav\u0103 din lume (de pozare a cablurilor) care func\u021bioneaz\u0103 cu e-metanol, la standardele moderne de mediu<\/a><\/div>\n<\/div>\n<\/div>\n<p class=\"has-text-align-center has-white-color has-text-color has-background\"><span><a href=\"https:\/\/news.google.com\/publications\/CAAqBwgKMIu5pgsw88O-Aw?ceid=RO:ro&amp;oc=3\">Urm\u0103ri\u0163i \u015etirile Dobrogeanews \u015fi pe Google News<\/a><\/span><\/p>\n<\/div>\n<p>[analyse_source url=&#8221;https:\/\/www.dobrogeanews.ro\/jandarmii-tulceni-au-ridicat-un-caine-agresiv-fata-de-oamenii-aflati-in-zona-lacului-ciuperca\/&#8221;]<\/p>\n","protected":false},"excerpt":{"rendered":"<p>[analyse_image type=&#8221;featured&#8221; src=&#8221;https:\/\/dobrogeanews.b-cdn.net\/wp-content\/uploads\/2026\/07\/caina-agresiv.jpg&#8221;] Urm\u0103re\u015fte-ne \u015fi pe Facebook!57KFollowers \u00cen aceast\u0103 diminea\u021b\u0103, \u00een urma unui apel la num\u0103rul unic de urgen\u021b\u0103 112, un cet\u0103\u021bean a sesizat prezen\u021ba unui c\u00e2ine care p\u0103rea a fi din rasa Amstaff \u0219i care manifesta un comportament agresiv fa\u021b\u0103 de persoanele aflate \u00een zona Lacului Ciuperca din municipiul Tulcea. Un echipaj de jandarmerie [&hellip;]<\/p>\n","protected":false},"author":1,"featured_media":0,"comment_status":"open","ping_status":"","sticky":false,"template":"","format":"standard","meta":{"footnotes":""},"categories":[89],"tags":[226,223],"class_list":["post-2047873","post","type-post","status-publish","format-standard","hentry","category-romania","tag-crawlmanager","tag-dobrogeanews-ro"],"_links":{"self":[{"href":"https:\/\/analyse.optim.biz\/index.php?rest_route=\/wp\/v2\/posts\/2047873","targetHints":{"allow":["GET"]}}],"collection":[{"href":"https:\/\/analyse.optim.biz\/index.php?rest_route=\/wp\/v2\/posts"}],"about":[{"href":"https:\/\/analyse.optim.biz\/index.php?rest_route=\/wp\/v2\/types\/post"}],"author":[{"embeddable":true,"href":"https:\/\/analyse.optim.biz\/index.php?rest_route=\/wp\/v2\/users\/1"}],"replies":[{"embeddable":true,"href":"https:\/\/analyse.optim.biz\/index.php?rest_route=%2Fwp%2Fv2%2Fcomments&post=2047873"}],"version-history":[{"count":0,"href":"https:\/\/analyse.optim.biz\/index.php?rest_route=\/wp\/v2\/posts\/2047873\/revisions"}],"wp:attachment":[{"href":"https:\/\/analyse.optim.biz\/index.php?rest_route=%2Fwp%2Fv2%2Fmedia&parent=2047873"}],"wp:term":[{"taxonomy":"category","embeddable":true,"href":"https:\/\/analyse.optim.biz\/index.php?rest_route=%2Fwp%2Fv2%2Fcategories&post=2047873"},{"taxonomy":"post_tag","embeddable":true,"href":"https:\/\/analyse.optim.biz\/index.php?rest_route=%2Fwp%2Fv2%2Ftags&post=2047873"}],"curies":[{"name":"wp","href":"https:\/\/api.w.org\/{rel}","templated":true}]}}