{"id":2047757,"date":"2026-07-17T08:29:16","date_gmt":"2026-07-17T05:29:16","guid":{"rendered":"https:\/\/analyse.optim.biz\/?p=2047757"},"modified":"2026-07-17T08:29:16","modified_gmt":"2026-07-17T05:29:16","slug":"dep-oana-matache-invitatie-la-evenimentul-caritabil-buzau-impreuna-pentru-mattias","status":"publish","type":"post","link":"https:\/\/analyse.optim.biz\/?p=2047757","title":{"rendered":"Dep. Oana Matache, invita\u021bie la evenimentul caritabil\u00a0\u201eBuz\u0103u \u00eempreun\u0103 pentru Mattias\u201d"},"content":{"rendered":"<p>[analyse_image type=&#8221;featured&#8221; src=&#8221;https:\/\/revistaverde.ro\/wp-content\/uploads\/2026\/07\/MATIAS.jpg&#8221;]<\/p>\n<article id=\"post-15688\" class=\"post-15688 post type-post status-publish format-standard has-post-thumbnail hentry category-comunicate-de-presa category-evnimente category-international\">\n<header class=\"entry-header mh-clearfix\">\n<h1 class=\"entry-title\">Dep. Oana Matache, invita\u021bie la evenimentul caritabil\u00a0\u201eBuz\u0103u \u00eempreun\u0103 pentru Mattias\u201d<\/h1>\n<p class=\"mh-meta entry-meta\"><span class=\"entry-meta-date updated\"><a href=\"https:\/\/revistaverde.ro\/2026\/07\/\">iulie 17, 2026<\/a><\/span><span class=\"entry-meta-author author vcard\"><a class=\"fn\" href=\"https:\/\/revistaverde.ro\/author\/revistaverdefrumoasa2017\/\">M\u0103rg\u0103rit GROSU<\/a><\/span><span class=\"entry-meta-categories\"><a href=\"https:\/\/revistaverde.ro\/category\/local\/comunicate-de-presa\/\" rel=\"category tag\">Comunicate de presa<\/a>, <a href=\"https:\/\/revistaverde.ro\/category\/local\/evnimente\/\" rel=\"category tag\">Evenimente<\/a>, <a href=\"https:\/\/revistaverde.ro\/category\/international\/\" rel=\"category tag\">international<\/a><\/span><span class=\"entry-meta-comments\"><a class=\"mh-comment-scroll\" href=\"https:\/\/revistaverde.ro\/2026\/07\/17\/dep-oana-matache-invitatie-la-evenimentul-caritabil-buzau-impreuna-pentru-mattias\/#mh-comments\">0<\/a><\/span><\/p>\n<\/header>\n<div class=\"entry-content mh-clearfix\">\n<figure class=\"entry-thumbnail\"><img decoding=\"async\" src=\"https:\/\/revistaverde.ro\/wp-content\/uploads\/2026\/07\/MATIAS-678x381.jpg\" alt title=\"MATIAS\"><\/figure>\n<p>Dragilor,<\/p>\n<p>Un copil buzoian are mare nevoie de noi!<\/p>\n<p>Al\u0103turi de Aurelian Trifan, fondatorul \u201eMicul Fotbalist\u201d, fac un apel c\u0103tre dumneavoastr\u0103 pentru a-l ajuta pe micu\u021bul Mattias Jupoiu s\u0103 \u00eenving\u0103 o boal\u0103 crunt\u0103 \u2013 tumor\u0103 de trunchi cerebral.<\/p>\n<p>Astfel, v\u0103 invit\u0103m la evenimentul caritabil\u00a0\u201eBuz\u0103u \u00eempreun\u0103 pentru Mattias\u201d, care va avea loc\u00a0joi, 23 iulie 2026, \u00eentre orele 10:00 \u0219i 18:00, la Centrul Iazul Morilor din Buz\u0103u, Strada Fr\u0103sinet.<\/p>\n<p>Ve\u021bi putea \u00eent\u00e2lni doi invita\u021bi de excep\u021bie:<\/p>\n<ul>\n<li>Gabi Tama\u0219\u00a0\u2013 fost interna\u021bional rom\u00e2n, unul dintre cei mai cunoscu\u021bi \u0219i \u00eendr\u0103gi\u021bi fotbali\u0219ti ai Rom\u00e2niei \u0219i c\u00e2\u0219tig\u0103tor Survivor (\u00een intervalul 14:00 \u2013 16:00)<\/li>\n<li>Andrei Vanez\u00a0\u2013 influencer din zona fotbalului (10:00 \u2013 13:00)<\/li>\n<\/ul>\n<p>Aurelian Trifan de la \u201eMicul Fotbalist\u201d va aduce la Buz\u0103u piese de colec\u021bie impresionante din istoria fotbalului \u2013 printre care tricouri semnate de legende ale sportului, precum celebrul tricou cu num\u0103rul 10 al lui Gheorghe Hagi sau tricouri semnate de fotbali\u0219ti interna\u021bionali, de\u021bin\u0103tori ai Balonului de Aur, precum Gullit, \u0218evcenko, Ronaldinho \u0219i Ricardo Kak\u00e1, dar \u0219i tricourile Gloriei din anii \u201990.<\/p>\n<p>Pe parcursul \u00eentregii zile, cei prezen\u021bi se vor bucura de activit\u0103\u021bi dedicate copiilor \u0219i pasiona\u021bilor de fotbal, sesiuni de autografe \u0219i fotografii cu invita\u021bii, precum \u0219i de expozi\u021bia de obiecte sportive de colec\u021bie.<\/p>\n<p>De asemenea, Aurelian Trifan va aduce \u0219i fotografii profesionale \u00eenr\u0103mate cu micii fotbali\u0219ti ai Buz\u0103ului, care pot fi achizi\u021bionate.<\/p>\n<p>Fiecare participare conteaz\u0103 \u0219i contribuie direct la cauza pentru care ne reunim.<\/p>\n<p>To\u021bi participan\u021bii la eveniment vor putea dona pentru ca micul fotbalist Mattias s\u0103 reu\u0219easc\u0103 s\u0103 primeasc\u0103 tratamentul care \u00eei poate salva via\u021ba, la Barcelona.<\/p>\n<p>V\u0103 rug\u0103m s\u0103 distribui\u021bi aceast\u0103 informa\u021bie pentru a contribui c\u00e2t mai mul\u021bi buzoieni la salvarea lui Mattias.<\/p>\n<p>V\u0103 a\u0219tept\u0103m cu drag, joi!<\/p>\n<p>Parteneri:<br \/>Evenimentul este organizat cu sprijinul partenerilor: ASC Buz\u0103u, Centrul Cultural \u0219i Educa\u021bional \u201eAlexandru Marghiloman\u201d, La Provincia \u0219i AMA Fortuna Sports.<\/p>\n<div class=\"col-md-2 col-sm-4 col-xs-4\"> .col-md-2 { float:left; width: 16.6667%; } <\/div>\n<div class=\"col-md-2 col-sm-4 col-xs-4\"> .col-md-2 { float:left; width: 16.6667%; } <\/p>\n<div class=\"fb-share-button\" data-href=\"https:\/\/revistaverde.ro\/2026\/07\/17\/dep-oana-matache-invitatie-la-evenimentul-caritabil-buzau-impreuna-pentru-mattias\/\" data-layout=\"button\" data-size=\"large\" data-mobile-iframe=\"true\"><a class=\"fb-xfbml-parse-ignore\" target=\"_blank\" href=\"https:\/\/www.facebook.com\/sharer\/sharer.php?u=https%3A%2F%2Frevistaverde.ro%2F2026%2F07%2F17%2Fdep-oana-matache-invitatie-la-evenimentul-caritabil-buzau-impreuna-pentru-mattias%2F&amp;src=sdkpreparse\">Share<\/a><\/div>\n<\/div>\n<div class=\"col-md-2 col-sm-4 col-xs-4\"> .col-md-2 { float:left; width: 16.6667%; } <\/div>\n<\/div>\n<\/article>\n<div class=\"entry-content mh-clearfix\">\n<figure class=\"entry-thumbnail\"><img decoding=\"async\" src=\"https:\/\/revistaverde.ro\/wp-content\/uploads\/2026\/07\/MATIAS-678x381.jpg\" alt title=\"MATIAS\"><\/figure>\n<p>Dragilor,<\/p>\n<p>Un copil buzoian are mare nevoie de noi!<\/p>\n<p>Al\u0103turi de Aurelian Trifan, fondatorul \u201eMicul Fotbalist\u201d, fac un apel c\u0103tre dumneavoastr\u0103 pentru a-l ajuta pe micu\u021bul Mattias Jupoiu s\u0103 \u00eenving\u0103 o boal\u0103 crunt\u0103 \u2013 tumor\u0103 de trunchi cerebral.<\/p>\n<p>Astfel, v\u0103 invit\u0103m la evenimentul caritabil\u00a0\u201eBuz\u0103u \u00eempreun\u0103 pentru Mattias\u201d, care va avea loc\u00a0joi, 23 iulie 2026, \u00eentre orele 10:00 \u0219i 18:00, la Centrul Iazul Morilor din Buz\u0103u, Strada Fr\u0103sinet.<\/p>\n<p>Ve\u021bi putea \u00eent\u00e2lni doi invita\u021bi de excep\u021bie:<\/p>\n<ul>\n<li>Gabi Tama\u0219\u00a0\u2013 fost interna\u021bional rom\u00e2n, unul dintre cei mai cunoscu\u021bi \u0219i \u00eendr\u0103gi\u021bi fotbali\u0219ti ai Rom\u00e2niei \u0219i c\u00e2\u0219tig\u0103tor Survivor (\u00een intervalul 14:00 \u2013 16:00)<\/li>\n<li>Andrei Vanez\u00a0\u2013 influencer din zona fotbalului (10:00 \u2013 13:00)<\/li>\n<\/ul>\n<p>Aurelian Trifan de la \u201eMicul Fotbalist\u201d va aduce la Buz\u0103u piese de colec\u021bie impresionante din istoria fotbalului \u2013 printre care tricouri semnate de legende ale sportului, precum celebrul tricou cu num\u0103rul 10 al lui Gheorghe Hagi sau tricouri semnate de fotbali\u0219ti interna\u021bionali, de\u021bin\u0103tori ai Balonului de Aur, precum Gullit, \u0218evcenko, Ronaldinho \u0219i Ricardo Kak\u00e1, dar \u0219i tricourile Gloriei din anii \u201990.<\/p>\n<p>Pe parcursul \u00eentregii zile, cei prezen\u021bi se vor bucura de activit\u0103\u021bi dedicate copiilor \u0219i pasiona\u021bilor de fotbal, sesiuni de autografe \u0219i fotografii cu invita\u021bii, precum \u0219i de expozi\u021bia de obiecte sportive de colec\u021bie.<\/p>\n<p>De asemenea, Aurelian Trifan va aduce \u0219i fotografii profesionale \u00eenr\u0103mate cu micii fotbali\u0219ti ai Buz\u0103ului, care pot fi achizi\u021bionate.<\/p>\n<p>Fiecare participare conteaz\u0103 \u0219i contribuie direct la cauza pentru care ne reunim.<\/p>\n<p>To\u021bi participan\u021bii la eveniment vor putea dona pentru ca micul fotbalist Mattias s\u0103 reu\u0219easc\u0103 s\u0103 primeasc\u0103 tratamentul care \u00eei poate salva via\u021ba, la Barcelona.<\/p>\n<p>V\u0103 rug\u0103m s\u0103 distribui\u021bi aceast\u0103 informa\u021bie pentru a contribui c\u00e2t mai mul\u021bi buzoieni la salvarea lui Mattias.<\/p>\n<p>V\u0103 a\u0219tept\u0103m cu drag, joi!<\/p>\n<p>Parteneri:<br \/>Evenimentul este organizat cu sprijinul partenerilor: ASC Buz\u0103u, Centrul Cultural \u0219i Educa\u021bional \u201eAlexandru Marghiloman\u201d, La Provincia \u0219i AMA Fortuna Sports.<\/p>\n<div class=\"col-md-2 col-sm-4 col-xs-4\"> .col-md-2 { float:left; width: 16.6667%; } <\/div>\n<div class=\"col-md-2 col-sm-4 col-xs-4\"> .col-md-2 { float:left; width: 16.6667%; } <\/p>\n<div class=\"fb-share-button\" data-href=\"https:\/\/revistaverde.ro\/2026\/07\/17\/dep-oana-matache-invitatie-la-evenimentul-caritabil-buzau-impreuna-pentru-mattias\/\" data-layout=\"button\" data-size=\"large\" data-mobile-iframe=\"true\"><a class=\"fb-xfbml-parse-ignore\" target=\"_blank\" href=\"https:\/\/www.facebook.com\/sharer\/sharer.php?u=https%3A%2F%2Frevistaverde.ro%2F2026%2F07%2F17%2Fdep-oana-matache-invitatie-la-evenimentul-caritabil-buzau-impreuna-pentru-mattias%2F&amp;src=sdkpreparse\">Share<\/a><\/div>\n<\/div>\n<div class=\"col-md-2 col-sm-4 col-xs-4\"> .col-md-2 { float:left; width: 16.6667%; } <\/div>\n<\/div>\n<p>[analyse_source url=&#8221;https:\/\/revistaverde.ro\/2026\/07\/17\/dep-oana-matache-invitatie-la-evenimentul-caritabil-buzau-impreuna-pentru-mattias\/&#8221;]<\/p>\n","protected":false},"excerpt":{"rendered":"<p>[analyse_image type=&#8221;featured&#8221; src=&#8221;https:\/\/revistaverde.ro\/wp-content\/uploads\/2026\/07\/MATIAS.jpg&#8221;] Dep. Oana Matache, invita\u021bie la evenimentul caritabil\u00a0\u201eBuz\u0103u \u00eempreun\u0103 pentru Mattias\u201d iulie 17, 2026M\u0103rg\u0103rit GROSUComunicate de presa, Evenimente, international0 Dragilor, Un copil buzoian are mare nevoie de noi! Al\u0103turi de Aurelian Trifan, fondatorul \u201eMicul Fotbalist\u201d, fac un apel c\u0103tre dumneavoastr\u0103 pentru a-l ajuta pe micu\u021bul Mattias Jupoiu s\u0103 \u00eenving\u0103 o boal\u0103 crunt\u0103 \u2013 [&hellip;]<\/p>\n","protected":false},"author":1,"featured_media":0,"comment_status":"open","ping_status":"","sticky":false,"template":"","format":"standard","meta":{"footnotes":""},"categories":[2],"tags":[226,57],"class_list":["post-2047757","post","type-post","status-publish","format-standard","hentry","category-politics","tag-crawlmanager","tag-revistaverde-ro"],"_links":{"self":[{"href":"https:\/\/analyse.optim.biz\/index.php?rest_route=\/wp\/v2\/posts\/2047757","targetHints":{"allow":["GET"]}}],"collection":[{"href":"https:\/\/analyse.optim.biz\/index.php?rest_route=\/wp\/v2\/posts"}],"about":[{"href":"https:\/\/analyse.optim.biz\/index.php?rest_route=\/wp\/v2\/types\/post"}],"author":[{"embeddable":true,"href":"https:\/\/analyse.optim.biz\/index.php?rest_route=\/wp\/v2\/users\/1"}],"replies":[{"embeddable":true,"href":"https:\/\/analyse.optim.biz\/index.php?rest_route=%2Fwp%2Fv2%2Fcomments&post=2047757"}],"version-history":[{"count":0,"href":"https:\/\/analyse.optim.biz\/index.php?rest_route=\/wp\/v2\/posts\/2047757\/revisions"}],"wp:attachment":[{"href":"https:\/\/analyse.optim.biz\/index.php?rest_route=%2Fwp%2Fv2%2Fmedia&parent=2047757"}],"wp:term":[{"taxonomy":"category","embeddable":true,"href":"https:\/\/analyse.optim.biz\/index.php?rest_route=%2Fwp%2Fv2%2Fcategories&post=2047757"},{"taxonomy":"post_tag","embeddable":true,"href":"https:\/\/analyse.optim.biz\/index.php?rest_route=%2Fwp%2Fv2%2Ftags&post=2047757"}],"curies":[{"name":"wp","href":"https:\/\/api.w.org\/{rel}","templated":true}]}}