{"id":2047315,"date":"2026-07-15T09:59:37","date_gmt":"2026-07-15T06:59:37","guid":{"rendered":"https:\/\/analyse.optim.biz\/?p=2047315"},"modified":"2026-07-15T09:59:37","modified_gmt":"2026-07-15T06:59:37","slug":"deputatul-s-o-s-romania-elena-laura-toader-puterea-muta-banii-de-la-cei-care-muncesc-catre-cei-care","status":"publish","type":"post","link":"https:\/\/analyse.optim.biz\/?p=2047315","title":{"rendered":"Deputatul S.O.S. Rom\u00e2nia Elena-Laura Toader: \u201ePuterea mut\u0103 banii de la cei care muncesc c\u0103tre cei care"},"content":{"rendered":"<p>[analyse_image type=&#8221;featured&#8221; src=&#8221;https:\/\/ziaruldelta.ro\/wp-content\/uploads\/2026\/07\/elena-toader-Cropped.jpg&#8221;]<\/p>\n<article id=\"post-37473\" class=\"module single-post-module post-37473 post type-post status-publish format-standard has-post-thumbnail hentry category-politica-administratie et-has-post-format-content et_post_format-et-post-format-standard\">\n<div class=\"post-header\">\n<h1 class=\"entry-title\">Deputatul S.O.S. Rom\u00e2nia Elena-Laura Toader:  \u201ePuterea mut\u0103 banii de la cei care muncesc c\u0103tre cei care controleaz\u0103 politic institu\u0163iile\u201d<\/h1>\n<div class=\"post-meta vcard\">\n<p>Posted by <a href=\"https:\/\/ziaruldelta.ro\/author\/ziarul-delta\/\" class=\"url fn\" title=\"Posts by Ziarul Delta\" rel=\"author\">Ziarul Delta<\/a> | <span class=\"updated\">Jul 15, 2026<\/span> | <a href=\"https:\/\/ziaruldelta.ro\/category\/politica-administratie\/\" rel=\"tag\">Politica &#8211; Administratie<\/a> | <\/p>\n<\/div>\n<\/div>\n<div class=\"post-thumbnail header\"><img decoding=\"async\" src=\"https:\/\/ziaruldelta.ro\/wp-content\/uploads\/2026\/07\/elena-toader-Cropped.jpg\" alt=\"Deputatul S.O.S. Rom\u00e2nia Elena-Laura Toader:  \u201ePuterea mut\u0103 banii de la cei care muncesc c\u0103tre cei care controleaz\u0103 politic institu\u0163iile\u201d\"><\/div>\n<div class=\"post-wrap\">\n<div class=\"post-content entry-content\">\n<p>Deputatul S.O.S. Rom\u00e2nia de Tulcea, Elena-Laura Toader, cere Guvernului retragerea tuturor m\u0103surilor care pot conduce la diminuarea veniturilor personalului din educa\u0163ie \u015fi s\u0103n\u0103tate \u015fi organizarea unei consult\u0103ri reale cu federa\u0163iile sindicale \u015fi organiza\u0163iile profesionale.<\/p>\n<blockquote>\n<p>\u201eActuala putere a reu\u015fit performan\u0163a ru\u015finoas\u0103 de a transforma profesorii, medicii, asisten\u0163ii medicali \u015fi angaja\u0163ii din serviciile publice esen\u0163iale \u00een du\u015fmani ai bugetului de stat. \u00cen loc s\u0103 recunoasc\u0103 risipa produs\u0103 de institu\u0163iile politizate, de agen\u0163iile inutile \u015fi de conducerile numite pe criterii de partid, Guvernul \u00eei prezint\u0103 pe cei care predau la catedr\u0103 sau salveaz\u0103 vie\u0163i drept principala problem\u0103 financiar\u0103 a Rom\u00e2niei\u201d, a declarat Elena-Laura Toader.<\/p>\n<\/blockquote>\n<p>\u00cen ultimele s\u0103pt\u0103m\u00e2ni, mii de angaja\u0163i din educa\u0163ie \u015fi s\u0103n\u0103tate au protestat fa\u0163\u0103 de proiectul noii legi a salariz\u0103rii \u015fi fa\u0163\u0103 de riscul diminu\u0103rii drepturilor salariale. La 17 iunie 2026, aproximativ 4.000 de profesori veni\u0163i din \u00eentreaga \u0163ar\u0103 au protestat \u00een Bucure\u015fti, iar angaja\u0163ii din s\u0103n\u0103tate au organizat, la r\u00e2ndul lor, manifesta\u0163ii \u00eempotriva m\u0103surilor propuse.<\/p>\n<blockquote>\n<p>\u201eAceste proteste nu sunt un moft \u015fi nu sunt expresia unor privilegii. Sunt strig\u0103tul unor sisteme \u00eempinse la limita func\u0163ion\u0103rii. Profesorilor li se cere performan\u0163\u0103 \u00een \u015fcoli cu infrastructur\u0103 precar\u0103, clase aglomerate \u015fi birocra\u0163ie sufocant\u0103. Medicilor \u015fi asisten\u0163ilor li se cere s\u0103 men\u0163in\u0103 spitalele \u00een func\u0163iune \u00een condi\u0163ii de deficit de personal, g\u0103rzi epuizante \u015fi responsabilit\u0103\u0163i uria\u015fe. \u00cen schimb, Guvernul le ofer\u0103 incertitudine, amenin\u0163\u0103ri salariale \u015fi discursuri despre austeritate\u201d, a precizat deputatul de Tulcea.<\/p>\n<\/blockquote>\n<p>Parlamentarul afirm\u0103 c\u0103 \u201eeste scandalos c\u0103 tocmai oamenii f\u0103r\u0103 de care statul nu poate func\u0163iona sunt transforma\u0163i \u00een \u0163inte ale &lt;&lt;reformei&gt;&gt;\u201d.<\/p>\n<blockquote>\n<p>,,Unde este austeritatea pentru directorii numi\u0163i politic? Unde este plafonarea indemniza\u0163iilor din consiliile de administra\u0163ie? Unde sunt reducerile din aparatul clientelei de partid? Unde este reforma companiilor de stat care produc pierderi, dar continu\u0103 s\u0103 ofere func\u0163ii bine pl\u0103tite celor cu carnetul potrivit? Puterea nu reformeaz\u0103 statul. Puterea mut\u0103 banii de la cei care muncesc c\u0103tre cei care controleaz\u0103 politic institu\u0163iile\u201d, spune deputatul S.O.S. Rom\u00e2nia de Tulcea.<\/p>\n<\/blockquote>\n<p>\u00cen \u00eencheiere, Elena-Laura Toader face apel la implicarea cet\u0103\u0163enilor \u015fi sus\u0163ine c\u0103 Rom\u00e2nia trebuie s\u0103 \u00ee\u015fi urm\u0103reasc\u0103 mai ferm propriile interese.<\/p>\n<blockquote>\n<p>\u201eOpozi\u0163ia parlamentar\u0103 solicit\u0103 retragerea tuturor m\u0103surilor care pot conduce la diminuarea veniturilor personalului din educa\u0163ie \u015fi s\u0103n\u0103tate \u015fi organizarea unei consult\u0103ri reale cu federa\u0163iile sindicale \u015fi organiza\u0163iile profesionale. Nu po\u0163i construi o \u0163ar\u0103 umilind profesorul. Nu po\u0163i avea un sistem medical func\u0163ional amenin\u0163\u00e2nd medicul \u015fi asistentul. Nu po\u0163i cere performan\u0163\u0103 unor oameni c\u0103rora le transmi\u0163i permanent c\u0103 sunt o povar\u0103. Adev\u0103rata reform\u0103 trebuie s\u0103 \u00eenceap\u0103 cu depolitizarea institu\u0163iilor, nu cu t\u0103ierea veniturilor celor care \u0163in Rom\u00e2nia \u00een picioare. Guvernan\u0163ilor le spunem at\u00e2t: lua\u0163i m\u00e2inile de pe educa\u0163ie \u015fi s\u0103n\u0103tate! T\u0103ia\u0163i privilegiile politice, nu viitorul copiilor \u015fi dreptul rom\u00e2nilor la via\u0163\u0103 \u015fi s\u0103n\u0103tate!\u201d, a subliniat deputatul S.O.S. Rom\u00e2nia de Tulcea, Elena-Laura Toader.<\/p>\n<\/blockquote>\n<p><strong>Comunicat de pres\u0103<\/strong><\/p>\n<p>\u00a0<\/p>\n<p>\u00a0<\/p>\n<\/div>\n<\/div>\n<div class=\"post-footer\">\n<div class=\"social-icons ed-social-share-icons\">\n<p class=\"share-title\">Share:<\/p>\n<\/div>\n<div class=\"rating-stars\">\n<p id=\"rate-title\" class=\"rate-title\">Rate:<\/p>\n<\/div>\n<\/div>\n<\/article>\n<div class=\"post-content entry-content\">\n<p>Deputatul S.O.S. Rom\u00e2nia de Tulcea, Elena-Laura Toader, cere Guvernului retragerea tuturor m\u0103surilor care pot conduce la diminuarea veniturilor personalului din educa\u0163ie \u015fi s\u0103n\u0103tate \u015fi organizarea unei consult\u0103ri reale cu federa\u0163iile sindicale \u015fi organiza\u0163iile profesionale.<\/p>\n<blockquote>\n<p>\u201eActuala putere a reu\u015fit performan\u0163a ru\u015finoas\u0103 de a transforma profesorii, medicii, asisten\u0163ii medicali \u015fi angaja\u0163ii din serviciile publice esen\u0163iale \u00een du\u015fmani ai bugetului de stat. \u00cen loc s\u0103 recunoasc\u0103 risipa produs\u0103 de institu\u0163iile politizate, de agen\u0163iile inutile \u015fi de conducerile numite pe criterii de partid, Guvernul \u00eei prezint\u0103 pe cei care predau la catedr\u0103 sau salveaz\u0103 vie\u0163i drept principala problem\u0103 financiar\u0103 a Rom\u00e2niei\u201d, a declarat Elena-Laura Toader.<\/p>\n<\/blockquote>\n<p>\u00cen ultimele s\u0103pt\u0103m\u00e2ni, mii de angaja\u0163i din educa\u0163ie \u015fi s\u0103n\u0103tate au protestat fa\u0163\u0103 de proiectul noii legi a salariz\u0103rii \u015fi fa\u0163\u0103 de riscul diminu\u0103rii drepturilor salariale. La 17 iunie 2026, aproximativ 4.000 de profesori veni\u0163i din \u00eentreaga \u0163ar\u0103 au protestat \u00een Bucure\u015fti, iar angaja\u0163ii din s\u0103n\u0103tate au organizat, la r\u00e2ndul lor, manifesta\u0163ii \u00eempotriva m\u0103surilor propuse.<\/p>\n<blockquote>\n<p>\u201eAceste proteste nu sunt un moft \u015fi nu sunt expresia unor privilegii. Sunt strig\u0103tul unor sisteme \u00eempinse la limita func\u0163ion\u0103rii. Profesorilor li se cere performan\u0163\u0103 \u00een \u015fcoli cu infrastructur\u0103 precar\u0103, clase aglomerate \u015fi birocra\u0163ie sufocant\u0103. Medicilor \u015fi asisten\u0163ilor li se cere s\u0103 men\u0163in\u0103 spitalele \u00een func\u0163iune \u00een condi\u0163ii de deficit de personal, g\u0103rzi epuizante \u015fi responsabilit\u0103\u0163i uria\u015fe. \u00cen schimb, Guvernul le ofer\u0103 incertitudine, amenin\u0163\u0103ri salariale \u015fi discursuri despre austeritate\u201d, a precizat deputatul de Tulcea.<\/p>\n<\/blockquote>\n<p>Parlamentarul afirm\u0103 c\u0103 \u201eeste scandalos c\u0103 tocmai oamenii f\u0103r\u0103 de care statul nu poate func\u0163iona sunt transforma\u0163i \u00een \u0163inte ale &lt;&lt;reformei&gt;&gt;\u201d.<\/p>\n<blockquote>\n<p>,,Unde este austeritatea pentru directorii numi\u0163i politic? Unde este plafonarea indemniza\u0163iilor din consiliile de administra\u0163ie? Unde sunt reducerile din aparatul clientelei de partid? Unde este reforma companiilor de stat care produc pierderi, dar continu\u0103 s\u0103 ofere func\u0163ii bine pl\u0103tite celor cu carnetul potrivit? Puterea nu reformeaz\u0103 statul. Puterea mut\u0103 banii de la cei care muncesc c\u0103tre cei care controleaz\u0103 politic institu\u0163iile\u201d, spune deputatul S.O.S. Rom\u00e2nia de Tulcea.<\/p>\n<\/blockquote>\n<p>\u00cen \u00eencheiere, Elena-Laura Toader face apel la implicarea cet\u0103\u0163enilor \u015fi sus\u0163ine c\u0103 Rom\u00e2nia trebuie s\u0103 \u00ee\u015fi urm\u0103reasc\u0103 mai ferm propriile interese.<\/p>\n<blockquote>\n<p>\u201eOpozi\u0163ia parlamentar\u0103 solicit\u0103 retragerea tuturor m\u0103surilor care pot conduce la diminuarea veniturilor personalului din educa\u0163ie \u015fi s\u0103n\u0103tate \u015fi organizarea unei consult\u0103ri reale cu federa\u0163iile sindicale \u015fi organiza\u0163iile profesionale. Nu po\u0163i construi o \u0163ar\u0103 umilind profesorul. Nu po\u0163i avea un sistem medical func\u0163ional amenin\u0163\u00e2nd medicul \u015fi asistentul. Nu po\u0163i cere performan\u0163\u0103 unor oameni c\u0103rora le transmi\u0163i permanent c\u0103 sunt o povar\u0103. Adev\u0103rata reform\u0103 trebuie s\u0103 \u00eenceap\u0103 cu depolitizarea institu\u0163iilor, nu cu t\u0103ierea veniturilor celor care \u0163in Rom\u00e2nia \u00een picioare. Guvernan\u0163ilor le spunem at\u00e2t: lua\u0163i m\u00e2inile de pe educa\u0163ie \u015fi s\u0103n\u0103tate! T\u0103ia\u0163i privilegiile politice, nu viitorul copiilor \u015fi dreptul rom\u00e2nilor la via\u0163\u0103 \u015fi s\u0103n\u0103tate!\u201d, a subliniat deputatul S.O.S. Rom\u00e2nia de Tulcea, Elena-Laura Toader.<\/p>\n<\/blockquote>\n<p><strong>Comunicat de pres\u0103<\/strong><\/p>\n<p>\u00a0<\/p>\n<p>\u00a0<\/p>\n<\/div>\n<div class=\"post-content entry-content\">\n<p>Deputatul S.O.S. Rom\u00e2nia de Tulcea, Elena-Laura Toader, cere Guvernului retragerea tuturor m\u0103surilor care pot conduce la diminuarea veniturilor personalului din educa\u0163ie \u015fi s\u0103n\u0103tate \u015fi organizarea unei consult\u0103ri reale cu federa\u0163iile sindicale \u015fi organiza\u0163iile profesionale.<\/p>\n<blockquote>\n<p>\u201eActuala putere a reu\u015fit performan\u0163a ru\u015finoas\u0103 de a transforma profesorii, medicii, asisten\u0163ii medicali \u015fi angaja\u0163ii din serviciile publice esen\u0163iale \u00een du\u015fmani ai bugetului de stat. \u00cen loc s\u0103 recunoasc\u0103 risipa produs\u0103 de institu\u0163iile politizate, de agen\u0163iile inutile \u015fi de conducerile numite pe criterii de partid, Guvernul \u00eei prezint\u0103 pe cei care predau la catedr\u0103 sau salveaz\u0103 vie\u0163i drept principala problem\u0103 financiar\u0103 a Rom\u00e2niei\u201d, a declarat Elena-Laura Toader.<\/p>\n<\/blockquote>\n<p>\u00cen ultimele s\u0103pt\u0103m\u00e2ni, mii de angaja\u0163i din educa\u0163ie \u015fi s\u0103n\u0103tate au protestat fa\u0163\u0103 de proiectul noii legi a salariz\u0103rii \u015fi fa\u0163\u0103 de riscul diminu\u0103rii drepturilor salariale. La 17 iunie 2026, aproximativ 4.000 de profesori veni\u0163i din \u00eentreaga \u0163ar\u0103 au protestat \u00een Bucure\u015fti, iar angaja\u0163ii din s\u0103n\u0103tate au organizat, la r\u00e2ndul lor, manifesta\u0163ii \u00eempotriva m\u0103surilor propuse.<\/p>\n<blockquote>\n<p>\u201eAceste proteste nu sunt un moft \u015fi nu sunt expresia unor privilegii. Sunt strig\u0103tul unor sisteme \u00eempinse la limita func\u0163ion\u0103rii. Profesorilor li se cere performan\u0163\u0103 \u00een \u015fcoli cu infrastructur\u0103 precar\u0103, clase aglomerate \u015fi birocra\u0163ie sufocant\u0103. Medicilor \u015fi asisten\u0163ilor li se cere s\u0103 men\u0163in\u0103 spitalele \u00een func\u0163iune \u00een condi\u0163ii de deficit de personal, g\u0103rzi epuizante \u015fi responsabilit\u0103\u0163i uria\u015fe. \u00cen schimb, Guvernul le ofer\u0103 incertitudine, amenin\u0163\u0103ri salariale \u015fi discursuri despre austeritate\u201d, a precizat deputatul de Tulcea.<\/p>\n<\/blockquote>\n<p>Parlamentarul afirm\u0103 c\u0103 \u201eeste scandalos c\u0103 tocmai oamenii f\u0103r\u0103 de care statul nu poate func\u0163iona sunt transforma\u0163i \u00een \u0163inte ale &lt;&lt;reformei&gt;&gt;\u201d.<\/p>\n<blockquote>\n<p>,,Unde este austeritatea pentru directorii numi\u0163i politic? Unde este plafonarea indemniza\u0163iilor din consiliile de administra\u0163ie? Unde sunt reducerile din aparatul clientelei de partid? Unde este reforma companiilor de stat care produc pierderi, dar continu\u0103 s\u0103 ofere func\u0163ii bine pl\u0103tite celor cu carnetul potrivit? Puterea nu reformeaz\u0103 statul. Puterea mut\u0103 banii de la cei care muncesc c\u0103tre cei care controleaz\u0103 politic institu\u0163iile\u201d, spune deputatul S.O.S. Rom\u00e2nia de Tulcea.<\/p>\n<\/blockquote>\n<p>\u00cen \u00eencheiere, Elena-Laura Toader face apel la implicarea cet\u0103\u0163enilor \u015fi sus\u0163ine c\u0103 Rom\u00e2nia trebuie s\u0103 \u00ee\u015fi urm\u0103reasc\u0103 mai ferm propriile interese.<\/p>\n<blockquote>\n<p>\u201eOpozi\u0163ia parlamentar\u0103 solicit\u0103 retragerea tuturor m\u0103surilor care pot conduce la diminuarea veniturilor personalului din educa\u0163ie \u015fi s\u0103n\u0103tate \u015fi organizarea unei consult\u0103ri reale cu federa\u0163iile sindicale \u015fi organiza\u0163iile profesionale. Nu po\u0163i construi o \u0163ar\u0103 umilind profesorul. Nu po\u0163i avea un sistem medical func\u0163ional amenin\u0163\u00e2nd medicul \u015fi asistentul. Nu po\u0163i cere performan\u0163\u0103 unor oameni c\u0103rora le transmi\u0163i permanent c\u0103 sunt o povar\u0103. Adev\u0103rata reform\u0103 trebuie s\u0103 \u00eenceap\u0103 cu depolitizarea institu\u0163iilor, nu cu t\u0103ierea veniturilor celor care \u0163in Rom\u00e2nia \u00een picioare. Guvernan\u0163ilor le spunem at\u00e2t: lua\u0163i m\u00e2inile de pe educa\u0163ie \u015fi s\u0103n\u0103tate! T\u0103ia\u0163i privilegiile politice, nu viitorul copiilor \u015fi dreptul rom\u00e2nilor la via\u0163\u0103 \u015fi s\u0103n\u0103tate!\u201d, a subliniat deputatul S.O.S. Rom\u00e2nia de Tulcea, Elena-Laura Toader.<\/p>\n<\/blockquote>\n<p><strong>Comunicat de pres\u0103<\/strong><\/p>\n<p>\u00a0<\/p>\n<p>\u00a0<\/p>\n<\/div>\n<p>[analyse_source url=&#8221;https:\/\/ziaruldelta.ro\/2026\/07\/15\/deputatul-s-o-s-romania-elena-laura-toader-puterea-muta-banii-de-la-cei-care-muncesc-catre-cei-care-controleaza-politic-institutiile\/&#8221;]<\/p>\n","protected":false},"excerpt":{"rendered":"<p>[analyse_image type=&#8221;featured&#8221; src=&#8221;https:\/\/ziaruldelta.ro\/wp-content\/uploads\/2026\/07\/elena-toader-Cropped.jpg&#8221;] Deputatul S.O.S. Rom\u00e2nia Elena-Laura Toader: \u201ePuterea mut\u0103 banii de la cei care muncesc c\u0103tre cei care controleaz\u0103 politic institu\u0163iile\u201d Posted by Ziarul Delta | Jul 15, 2026 | Politica &#8211; Administratie | Deputatul S.O.S. Rom\u00e2nia de Tulcea, Elena-Laura Toader, cere Guvernului retragerea tuturor m\u0103surilor care pot conduce la diminuarea veniturilor personalului din [&hellip;]<\/p>\n","protected":false},"author":1,"featured_media":0,"comment_status":"open","ping_status":"","sticky":false,"template":"","format":"standard","meta":{"footnotes":""},"categories":[89],"tags":[226,206],"class_list":["post-2047315","post","type-post","status-publish","format-standard","hentry","category-romania","tag-crawlmanager","tag-ziaruldelta-ro"],"_links":{"self":[{"href":"https:\/\/analyse.optim.biz\/index.php?rest_route=\/wp\/v2\/posts\/2047315","targetHints":{"allow":["GET"]}}],"collection":[{"href":"https:\/\/analyse.optim.biz\/index.php?rest_route=\/wp\/v2\/posts"}],"about":[{"href":"https:\/\/analyse.optim.biz\/index.php?rest_route=\/wp\/v2\/types\/post"}],"author":[{"embeddable":true,"href":"https:\/\/analyse.optim.biz\/index.php?rest_route=\/wp\/v2\/users\/1"}],"replies":[{"embeddable":true,"href":"https:\/\/analyse.optim.biz\/index.php?rest_route=%2Fwp%2Fv2%2Fcomments&post=2047315"}],"version-history":[{"count":0,"href":"https:\/\/analyse.optim.biz\/index.php?rest_route=\/wp\/v2\/posts\/2047315\/revisions"}],"wp:attachment":[{"href":"https:\/\/analyse.optim.biz\/index.php?rest_route=%2Fwp%2Fv2%2Fmedia&parent=2047315"}],"wp:term":[{"taxonomy":"category","embeddable":true,"href":"https:\/\/analyse.optim.biz\/index.php?rest_route=%2Fwp%2Fv2%2Fcategories&post=2047315"},{"taxonomy":"post_tag","embeddable":true,"href":"https:\/\/analyse.optim.biz\/index.php?rest_route=%2Fwp%2Fv2%2Ftags&post=2047315"}],"curies":[{"name":"wp","href":"https:\/\/api.w.org\/{rel}","templated":true}]}}