{"id":2047263,"date":"2026-07-16T14:55:42","date_gmt":"2026-07-16T11:55:42","guid":{"rendered":"https:\/\/analyse.optim.biz\/?p=2047263"},"modified":"2026-07-16T14:55:42","modified_gmt":"2026-07-16T11:55:42","slug":"criza-apei-pe-sapte-insule-din-grecia-a-fost-emisa-stare-de-urgenta-localnicii-nu-mai-au-cu-ce-sa-si-ude-recoltele","status":"publish","type":"post","link":"https:\/\/analyse.optim.biz\/?p=2047263","title":{"rendered":"Criza apei pe \u0219apte insule din Grecia: A fost emis\u0103 stare de urgen\u021b\u0103. Localnicii nu mai au cu ce s\u0103-\u0219i ude recoltele"},"content":{"rendered":"<p>[analyse_image type=&#8221;featured&#8221; src=&#8221;https:\/\/r3media.ro\/wp-content\/uploads\/2026\/07\/insula-din-grecia-scaled-e1784213463217.jpghttps:\/\/r3media.ro\/wp-content\/uploads\/2026\/07\/insula-din-grecia-scaled-e1784213463217.jpg&#8221;]<\/p>\n<article id=\"template-id-109\" class=\"post-109 tdb_templates type-tdb_templates status-publish post\">\n<div id=\"tdi_2\" class=\"tdc-zone\">\n<div class=\"tdc_zone tdi_3  wpb_row td-pb-row\">\n<div id=\"tdi_4\" class=\"tdc-row\">\n<div class=\"vc_row tdi_5  wpb_row td-pb-row\">\n<div class=\"vc_column tdi_7  wpb_column vc_column_container tdc-column td-pb-span8\">\n<div class=\"wpb_wrapper\">\n<div class=\"td_block_wrap tdb_breadcrumbs tdi_8 td-pb-border-top td_block_template_1 tdb-breadcrumbs \" data-td-block-uid=\"tdi_8\">\n<div class=\"tdb-block-inner td-fix-index\"><span><a title=\"Vede\u021bi toate articolele \u00een FEATURED\" class=\"tdb-entry-crumb\" href=\"https:\/\/r3media.ro\/category\/featured\/\">FEATURED<\/a><\/span><span class=\"tdb-bred-no-url-last\">Criza apei pe \u0219apte insule din Grecia: A fost emis\u0103 stare de&#8230;<\/span><\/div>\n<\/div>\n<div class=\"td_block_wrap tdb_single_categories tdi_9 td-pb-border-top td_block_template_1 \" data-td-block-uid=\"tdi_9\">\n<div class=\"tdb-category td-fix-index\"><a class=\"tdb-entry-category\" href=\"https:\/\/r3media.ro\/category\/featured\/\">FEATURED<\/a><a class=\"tdb-entry-category\" href=\"https:\/\/r3media.ro\/category\/stiri\/\">\u0218TIRI<\/a><\/div>\n<\/div>\n<div class=\"td_block_wrap tdb_title tdi_10 tdb-single-title td-pb-border-top td_block_template_1\" data-td-block-uid=\"tdi_10\">\n<div class=\"tdb-block-inner td-fix-index\">\n<h1 class=\"tdb-title-text\">Criza apei pe \u0219apte insule din Grecia: A fost emis\u0103 stare de urgen\u021b\u0103. Localnicii nu mai au cu ce s\u0103-\u0219i ude recoltele<\/h1>\n<\/div>\n<\/div>\n<div class=\"vc_row_inner tdi_12  vc_row vc_inner wpb_row td-pb-row\">\n<div class=\"vc_column_inner tdi_14  wpb_column vc_column_container tdc-inner-column td-pb-span12\">\n<div class=\"vc_column-inner\">\n<div class=\"wpb_wrapper\">\n<div class=\"td_block_wrap tdb_single_author tdi_15 td-pb-border-top td_block_template_1 tdb-post-meta\" data-td-block-uid=\"tdi_15\">\n<div class=\"tdb-block-inner td-fix-index\">\n<div class=\"tdb-author-name-wrap\"><a class=\"tdb-author-name\" href=\"https:\/\/r3media.ro\/author\/oana\/\">Oana Ivan<\/a><\/div>\n<\/div>\n<\/div>\n<div class=\"td_block_wrap tdb_single_date tdi_16 td-pb-border-top td_block_template_1 tdb-post-meta\" data-td-block-uid=\"tdi_16\">\n<div class=\"tdb-block-inner td-fix-index\"><time class=\"entry-date updated td-module-date\" datetime=\"2026-07-16T17:55:42+03:00\">16\/07\/2026<\/time><\/div>\n<\/div>\n<\/div>\n<\/div>\n<\/div>\n<\/div>\n<div class=\"td_block_wrap tdb_single_featured_image tdi_17 tdb-content-horiz-left td-pb-border-top td_block_template_1\" data-td-block-uid=\"tdi_17\">\n<div class=\"tdb-block-inner td-fix-index\">\n<figure><figcaption class=\"tdb-caption-text\">Surs\u0103 &#8211; Unsplash<\/figcaption><\/figure>\n<\/div>\n<\/div>\n<div class=\"td_block_wrap tdb_single_content tdi_18 td-pb-border-top td_block_template_1 td-post-content tagdiv-type\" data-td-block-uid=\"tdi_18\">\n<div class=\"tdb-block-inner td-fix-index\">\n<p><strong>\u0218apte insule grece\u0219ti din Marea Egee au declarat stare de urgen\u021b\u0103 pentru a conserva apa. Autorit\u0103\u021bile spun c\u0103 pe m\u0103sur\u0103 ce verile devin mai calde, precipita\u021biile sunt tot mai deficitare, conform <a href=\"https:\/\/www.reuters.com\/business\/environment\/greek-islands-face-drought-tourist-season-hits-2026-07-16\/\" target=\"_blank\" rel=\"noopener\">Reuters<\/a>.<\/strong><\/p>\n<p>De exemplu,\u00a0Insula Astypalaea, \u00een form\u0103 de fluture, nu a beneficiat de ploile din nordul \u0219i vestul Greciei. A fost al doilea cel mai secetos sezon din 2020 \u00eencoace.<\/p>\n<p>\u201eDac\u0103 am colecta toat\u0103 apa care cade de-a lungul anului \u00eentr-o g\u0103leat\u0103 sau \u00eentr-un lighean, aceasta ar avea o ad\u00e2ncime de 2,5 cm\u201d, a spus primarul Nikos Komineas. Singurul rezervor al insulei e un lac artificial \u00eenconjurat de dealuri aride cu tufi\u0219uri rare. Acesta a fost realizat la mijlocul anilor 1990 tocmai pentru a mai stoca ni\u0219te ap\u0103.<\/p>\n<p>Autorit\u0103\u021bile au \u00eengr\u0103dit accesul unei femei care se ocup\u0103 cu agricultura, Evdokia Palatianou, la lac. Pe cale de consecin\u021b\u0103, legumele pe care le cultiv\u0103 \u00een livada ei s-au ofilit.<\/p>\n<p>\u201eDac\u0103 nu plou\u0103, nu voi planta nimic\u201d, a spus Palatianou, \u00een v\u00e2rst\u0103 de 71 de ani.<\/p>\n<p>Lacul care furnizeaz\u0103 ap\u0103 pentru uz casnic \u0219i iriga\u021bii \u00een Livadi \u0219i \u00een principalul ora\u0219 turistic Chora, capitala insulei, con\u021bine acum aproximativ 150.000 de metri cubi. Cantitatea reprezint\u0103 o \u0219esime din capacitatea sa de stocare.<\/p>\n<p>Cu un consum zilnic de aproximativ 900 de metri cubi vara, aceasta ar dura aproximativ cinci luni \u0219i jum\u0103tate.<\/p>\n<div class=\"crp_related     crp-masonry\">\n<h2>\u00ceN CONTEXT<\/h2>\n<ul>\n<li><a href=\"https:\/\/r3media.ro\/fara-tine-in-google-r3media-dispare-iata-ce-poti-face-in-10-secunde\/\" class=\"crp_link post-119031\"><span class=\"crp_title\">F\u0103r\u0103 tine \u00een Google, R3media dispare. Iat\u0103 ce po\u021bi face \u00een 10 secunde<\/span><\/a><\/li>\n<li><a href=\"https:\/\/r3media.ro\/se-adevereste-calin-georgescu-criza-apei-coreea-de-sud-consum-rationalizat-presedintele-lee-jae-myung-zona-dezastru-national\/\" class=\"crp_link post-112896\"><span class=\"crp_title\">Se adevere\u0219te tot ce spunea C\u0103lin Georgescu despre criza apei: \u00cen Coreea de Sud, consumul a\u2026<\/span><\/a><\/li>\n<li><a href=\"https:\/\/r3media.ro\/efecte-in-cascada-intrerupere-alimentaare-apa-prahova-dambovita-centrala-electrica-petrom-brazi-oprit-risc-blackout-asigura-10-energia-romaniei\/\" class=\"crp_link post-114363\"><span class=\"crp_title\">Efecte \u00een cascad\u0103 dup\u0103 \u00eentreruperea aliment\u0103rii cu ap\u0103 din Prahova \u0219i D\u00e2mbovi\u021ba: Centrala\u2026<\/span><\/a><\/li>\n<li><a href=\"https:\/\/r3media.ro\/ucraina-scuze-grecia-drona-marina-insula-lefkada-expolozie-portul-constanta\/\" class=\"crp_link post-117814\"><span class=\"crp_title\">Ucraina i-a cerut scuze Greciei pentru c\u0103 o dron\u0103 marin\u0103 a ajuns l\u00e2ng\u0103 Insula Lefkada. Nicio\u2026<\/span><\/a><\/li>\n<\/ul>\n<\/div>\n<\/div>\n<\/div>\n<div class=\"td_block_wrap tdb_single_tags tdi_19 td-pb-border-top td_block_template_1\" data-td-block-uid=\"tdi_19\">\n<div class=\"tdb-block-inner td-fix-index\">\n<ul class=\"tdb-tags\">\n<li><span>SUBIECTE FIERBIN\u021aI<\/span><\/li>\n<li><a href=\"https:\/\/r3media.ro\/tag\/criza-apei\/\">criza apei<\/a><\/li>\n<li><a href=\"https:\/\/r3media.ro\/tag\/grecia\/\">grecia<\/a><\/li>\n<\/ul>\n<\/div>\n<\/div>\n<div class=\"td_block_wrap td_block_9 tdi_20 td_with_ajax_pagination td-pb-border-top td_block_template_1 td-column-2 td_block_padding td_block_bot_line\" data-td-block-uid=\"tdi_20\">\n<div class=\"td-block-title-wrap\">\n<h4 class=\"block-title td-block-title\"><span class=\"td-pulldown-size\">CITE\u0218TE MAI MULT<\/span><\/h4>\n<\/div>\n<div id=\"tdi_20\" class=\"td_block_inner\">\n<div class=\"td-block-row\">\n<div class=\"td-block-span6\">\n<div class=\"td_module_8 td_module_wrap\">\n<div class=\"item-details\">\n<h3 class=\"entry-title td-module-title\"><a href=\"https:\/\/r3media.ro\/cine-este-cu-adevarat-francez\/\" rel=\"bookmark\" title=\"Cine este cu adev\u0103rat francez?\">Cine este cu adev\u0103rat francez?<\/a><\/h3>\n<div class=\"td-module-meta-info\"><a href=\"https:\/\/r3media.ro\/category\/actualitate\/\" class=\"td-post-category\">ACTUALITATE<\/a><span class=\"td-post-author-name\"><a href=\"https:\/\/r3media.ro\/author\/gabipopa\/\">Gabriel Popa<\/a><span>&#8211;<\/span><\/span><span class=\"td-post-date\"><time class=\"entry-date updated td-module-date\" datetime=\"2026-07-15T09:52:34+03:00\">15\/07\/2026<\/time><\/span><\/div>\n<\/div>\n<\/div>\n<\/div>\n<div class=\"td-block-span6\">\n<div class=\"td_module_8 td_module_wrap\">\n<div class=\"item-details\">\n<h3 class=\"entry-title td-module-title\"><a href=\"https:\/\/r3media.ro\/revolte-violente-franta-eliminare-cupa-mondiala-spania-video\/\" rel=\"bookmark\" title=\"VIDEO | Revolte violente \u00een Fran\u021ba dup\u0103 eliminarea de la Cupa Mondial\u0103\">VIDEO | Revolte violente \u00een Fran\u021ba dup\u0103 eliminarea de la Cupa Mondial\u0103<\/a><\/h3>\n<div class=\"td-module-meta-info\"><a href=\"https:\/\/r3media.ro\/category\/sport\/cupa-mondiala-2026\/\" class=\"td-post-category\">CUPA MONDIALA 2026 AMERICA<\/a><span class=\"td-post-author-name\"><a href=\"https:\/\/r3media.ro\/author\/oana\/\">Oana Ivan<\/a><span>&#8211;<\/span><\/span><span class=\"td-post-date\"><time class=\"entry-date updated td-module-date\" datetime=\"2026-07-15T15:35:05+03:00\">15\/07\/2026<\/time><\/span><\/div>\n<\/div>\n<\/div>\n<\/div>\n<\/div>\n<div class=\"td-block-row\">\n<div class=\"td-block-span6\">\n<div class=\"td_module_8 td_module_wrap\">\n<div class=\"item-details\">\n<h3 class=\"entry-title td-module-title\"><a href=\"https:\/\/r3media.ro\/deznationala-frantei-a-invins-franta\/\" rel=\"bookmark\" title=\"Dezna\u021bionala Fran\u021bei a \u00eenvins Fran\u021ba \u00a0\u00a0\">Dezna\u021bionala Fran\u021bei a \u00eenvins Fran\u021ba \u00a0\u00a0<\/a><\/h3>\n<div class=\"td-module-meta-info\"><a href=\"https:\/\/r3media.ro\/category\/sport\/cupa-mondiala-2026\/\" class=\"td-post-category\">CUPA MONDIALA 2026 AMERICA<\/a><span class=\"td-post-author-name\"><a href=\"https:\/\/r3media.ro\/author\/tru\/\">TRU (Traian Ungureanu)<\/a><span>&#8211;<\/span><\/span><span class=\"td-post-date\"><time class=\"entry-date updated td-module-date\" datetime=\"2026-07-15T20:57:25+03:00\">15\/07\/2026<\/time><\/span><\/div>\n<\/div>\n<\/div>\n<\/div>\n<div class=\"td-block-span6\">\n<div class=\"td_module_8 td_module_wrap\">\n<div class=\"item-details\">\n<h3 class=\"entry-title td-module-title\"><a href=\"https:\/\/r3media.ro\/ioan-aurel-pop-lege-vexler-razboi-istoria\/\" rel=\"bookmark\" title=\"Ioan-Aurel Pop critic\u0103 legea Vexler \u00eentr-un articol de neratat: Nu putem s\u0103 ducem un r\u0103zboi cu istoria\">Ioan-Aurel Pop critic\u0103 legea Vexler \u00eentr-un articol de neratat: Nu putem s\u0103 ducem un&#8230;<\/a><\/h3>\n<div class=\"td-module-meta-info\"><a href=\"https:\/\/r3media.ro\/category\/actualitate\/\" class=\"td-post-category\">ACTUALITATE<\/a><span class=\"td-post-author-name\"><a href=\"https:\/\/r3media.ro\/author\/radu_ursan\/\">Radu Ursan<\/a><span>&#8211;<\/span><\/span><span class=\"td-post-date\"><time class=\"entry-date updated td-module-date\" datetime=\"2026-07-12T21:42:54+03:00\">12\/07\/2026<\/time><\/span><\/div>\n<\/div>\n<\/div>\n<\/div>\n<\/div>\n<div class=\"td-block-row\">\n<div class=\"td-block-span6\">\n<div class=\"td_module_8 td_module_wrap\">\n<div class=\"item-details\">\n<h3 class=\"entry-title td-module-title\"><a href=\"https:\/\/r3media.ro\/scandalul-rachetelor-patriot-zguduie-polonia-varsovia-declasifica-tot-ajutorul-militar-acordat-ucrainei\/\" rel=\"bookmark\" title=\"Scandalul rachetelor Patriot zguduie Polonia: Var\u0219ovia declasific\u0103 tot ajutorul militar acordat Ucrainei\">Scandalul rachetelor Patriot zguduie Polonia: Var\u0219ovia declasific\u0103 tot ajutorul militar acordat Ucrainei<\/a><\/h3>\n<div class=\"td-module-meta-info\"><a href=\"https:\/\/r3media.ro\/category\/stiri\/\" class=\"td-post-category\">\u0218TIRI<\/a><span class=\"td-post-author-name\"><a href=\"https:\/\/r3media.ro\/author\/radu_ursan\/\">Radu Ursan<\/a><span>&#8211;<\/span><\/span><span class=\"td-post-date\"><time class=\"entry-date updated td-module-date\" datetime=\"2026-07-12T20:43:04+03:00\">12\/07\/2026<\/time><\/span><\/div>\n<\/div>\n<\/div>\n<\/div>\n<div class=\"td-block-span6\">\n<div class=\"td_module_8 td_module_wrap\">\n<div class=\"item-details\">\n<h3 class=\"entry-title td-module-title\"><a href=\"https:\/\/r3media.ro\/ce-ne-facem-cu-atatia-prosti\/\" rel=\"bookmark\" title=\"Ce ne facem cu at\u00e2\u021bia pro\u0219ti?\">Ce ne facem cu at\u00e2\u021bia pro\u0219ti?<\/a><\/h3>\n<div class=\"td-module-meta-info\"><a href=\"https:\/\/r3media.ro\/category\/opinii\/\" class=\"td-post-category\">OPINII<\/a><span class=\"td-post-author-name\"><a href=\"https:\/\/r3media.ro\/author\/alexandru_racu\/\">Alexandru Racu<\/a><span>&#8211;<\/span><\/span><span class=\"td-post-date\"><time class=\"entry-date updated td-module-date\" datetime=\"2026-07-12T14:11:45+03:00\">12\/07\/2026<\/time><\/span><\/div>\n<\/div>\n<\/div>\n<\/div>\n<\/div>\n<div class=\"td-block-row\">\n<div class=\"td-block-span6\">\n<div class=\"td_module_8 td_module_wrap\">\n<div class=\"item-details\">\n<h3 class=\"entry-title td-module-title\"><a href=\"https:\/\/r3media.ro\/guvernul-sanchez-demoleaza-monumentul-de-la-majadahonda-ion-mota-vasile-marin-lupta-rzaboiul-civil-spaniol-comunisti\/\" rel=\"bookmark\" title=\"Guvernul Sanchez demoleaz\u0103 Monumentul de la Majadahonda, dedicat lui Ion Mo\u021ba \u0219i Vasile Marin, rom\u00e2nii care au luptat \u00eempotriva comuni\u0219tilor \u00een R\u0103zboiul Civil Spaniol\">Guvernul Sanchez demoleaz\u0103 Monumentul de la Majadahonda, dedicat lui Ion Mo\u021ba \u0219i Vasile Marin,&#8230;<\/a><\/h3>\n<div class=\"td-module-meta-info\"><a href=\"https:\/\/r3media.ro\/category\/actualitate\/\" class=\"td-post-category\">ACTUALITATE<\/a><span class=\"td-post-author-name\"><a href=\"https:\/\/r3media.ro\/author\/oana\/\">Oana Ivan<\/a><span>&#8211;<\/span><\/span><span class=\"td-post-date\"><time class=\"entry-date updated td-module-date\" datetime=\"2026-07-12T01:11:49+03:00\">12\/07\/2026<\/time><\/span><\/div>\n<\/div>\n<\/div>\n<\/div>\n<div class=\"td-block-span6\">\n<div class=\"td_module_8 td_module_wrap\">\n<div class=\"item-details\">\n<h3 class=\"entry-title td-module-title\"><a href=\"https:\/\/r3media.ro\/sofer-surpriza-neplacuta-benzinarie-austria-oprit-apa-portbagaj\/\" rel=\"bookmark\" title=\"Un \u0219ofer a avut parte de o surpriz\u0103 nepl\u0103cut\u0103 la benzin\u0103rie dup\u0103 ce a oprit un minut \u0219i 28 de secunde pentru a scoate o sticl\u0103 de ap\u0103 din portbagaj\">Un \u0219ofer a avut parte de o surpriz\u0103 nepl\u0103cut\u0103 la benzin\u0103rie dup\u0103 ce a&#8230;<\/a><\/h3>\n<div class=\"td-module-meta-info\"><a href=\"https:\/\/r3media.ro\/category\/actualitate\/\" class=\"td-post-category\">ACTUALITATE<\/a><span class=\"td-post-author-name\"><a href=\"https:\/\/r3media.ro\/author\/oana\/\">Oana Ivan<\/a><span>&#8211;<\/span><\/span><span class=\"td-post-date\"><time class=\"entry-date updated td-module-date\" datetime=\"2026-07-11T13:00:01+03:00\">11\/07\/2026<\/time><\/span><\/div>\n<\/div>\n<\/div>\n<\/div>\n<\/div>\n<div class=\"td-block-row\">\n<div class=\"td-block-span6\">\n<div class=\"td_module_8 td_module_wrap\">\n<div class=\"item-details\">\n<h3 class=\"entry-title td-module-title\"><a href=\"https:\/\/r3media.ro\/o-femeie-mentalitate-femei-moderne-printese-disney\/\" rel=\"bookmark\" title=\"VIDEO | O femeie critic\u0103 mentalitatea femeii moderne care distruge rela\u021bia cu b\u0103rbatul s\u0103u: Suntem crescute \u00een ideea de prin\u021bese, dar nu suntem la Disney\">VIDEO | O femeie critic\u0103 mentalitatea femeii moderne care distruge rela\u021bia cu b\u0103rbatul s\u0103u:&#8230;<\/a><\/h3>\n<div class=\"td-module-meta-info\"><a href=\"https:\/\/r3media.ro\/category\/actualitate\/\" class=\"td-post-category\">ACTUALITATE<\/a><span class=\"td-post-author-name\"><a href=\"https:\/\/r3media.ro\/author\/teodor_stan\/\">Teodor Stan<\/a><span>&#8211;<\/span><\/span><span class=\"td-post-date\"><time class=\"entry-date updated td-module-date\" datetime=\"2026-07-10T12:47:58+03:00\">10\/07\/2026<\/time><\/span><\/div>\n<\/div>\n<\/div>\n<\/div>\n<div class=\"td-block-span6\">\n<div class=\"td_module_8 td_module_wrap\">\n<div class=\"item-details\">\n<h3 class=\"entry-title td-module-title\"><a href=\"https:\/\/r3media.ro\/cutremur-5-5-grade-scara-richter-resimtit-cehia-slovacia\/\" rel=\"bookmark\" title=\"Cutremur de 5.5 grade pe scara Richter. S-a resim\u021bit \u00een Cehia \u0219i Slovacia\">Cutremur de 5.5 grade pe scara Richter. S-a resim\u021bit \u00een Cehia \u0219i Slovacia<\/a><\/h3>\n<div class=\"td-module-meta-info\"><a href=\"https:\/\/r3media.ro\/category\/actualitate\/\" class=\"td-post-category\">ACTUALITATE<\/a><span class=\"td-post-author-name\"><a href=\"https:\/\/r3media.ro\/author\/oana\/\">Oana Ivan<\/a><span>&#8211;<\/span><\/span><span class=\"td-post-date\"><time class=\"entry-date updated td-module-date\" datetime=\"2026-07-09T20:48:24+03:00\">09\/07\/2026<\/time><\/span><\/div>\n<\/div>\n<\/div>\n<\/div>\n<\/div>\n<div class=\"td-block-row\">\n<div class=\"td-block-span6\">\n<div class=\"td_module_8 td_module_wrap\">\n<div class=\"item-details\">\n<h3 class=\"entry-title td-module-title\"><a href=\"https:\/\/r3media.ro\/presedintele-croatiei-interesele-poporului-ursula-von-der-leyen\/\" rel=\"bookmark\" title=\"Pre\u0219edintele Croa\u021biei spune c\u0103 este obligat s\u0103 apere interesele poporului s\u0103u, \u201enu s\u0103 urmez orbe\u0219te trenduri sau s\u0103 repet ca un papagal frazele care \u00eei plac Ursulei von der Leyen\u201d\">Pre\u0219edintele Croa\u021biei spune c\u0103 este obligat s\u0103 apere interesele poporului s\u0103u, \u201enu s\u0103 urmez&#8230;<\/a><\/h3>\n<div class=\"td-module-meta-info\"><a href=\"https:\/\/r3media.ro\/category\/actualitate\/\" class=\"td-post-category\">ACTUALITATE<\/a><span class=\"td-post-author-name\"><a href=\"https:\/\/r3media.ro\/author\/radu_ursan\/\">Radu Ursan<\/a><span>&#8211;<\/span><\/span><span class=\"td-post-date\"><time class=\"entry-date updated td-module-date\" datetime=\"2026-07-08T22:42:08+03:00\">08\/07\/2026<\/time><\/span><\/div>\n<\/div>\n<\/div>\n<\/div>\n<div class=\"td-block-span6\">\n<div class=\"td_module_8 td_module_wrap\">\n<div class=\"item-details\">\n<h3 class=\"entry-title td-module-title\"><a href=\"https:\/\/r3media.ro\/femeie-cumparat-automobil-electric-mana-a-doua-surpriza-plecat-masina\/\" rel=\"bookmark\" title=\"O femeie care \u0219i-a achizi\u021bionat un automobil electric la m\u00e2na a doua a avut parte de o surpriz\u0103 imediat dup\u0103 ce a plecat cu ma\u0219ina\">O femeie care \u0219i-a achizi\u021bionat un automobil electric la m\u00e2na a doua a avut&#8230;<\/a><\/h3>\n<div class=\"td-module-meta-info\"><a href=\"https:\/\/r3media.ro\/category\/actualitate\/\" class=\"td-post-category\">ACTUALITATE<\/a><span class=\"td-post-author-name\"><a href=\"https:\/\/r3media.ro\/author\/oana\/\">Oana Ivan<\/a><span>&#8211;<\/span><\/span><span class=\"td-post-date\"><time class=\"entry-date updated td-module-date\" datetime=\"2026-07-08T19:56:23+03:00\">08\/07\/2026<\/time><\/span><\/div>\n<\/div>\n<\/div>\n<\/div>\n<\/div>\n<\/div>\n<div class=\"td-load-more-wrap td-load-more-infinite-wrap\" id=\"infinite-lm-tdi_20\"><a href=\"https:\/\/r3media.ro\/criza-apei-grecia-sapte-insule-stare-de-urgenta-localnici-recolte\/\" class=\"td_ajax_load_more td_ajax_load_more_js\" aria-label=\"\u00cenc\u0103rca\u021bi mai multe\" id=\"next-page-tdi_20\" data-td_block_id=\"tdi_20\">\u00cenc\u0103rca\u021bi mai multe<\/a><\/div>\n<\/div>\n<div class=\"td_block_wrap tdb_single_comments tdi_21 tdb-comm-layout2 td-pb-border-top td_block_template_1\" data-td-block-uid=\"tdi_21\">\n<div class=\"tdb-block-inner td-fix-index\">\n<div class=\"comments\" id=\"comments\">\n<div id=\"respond\" class=\"comment-respond\">\n<h3 id=\"reply-title\" class=\"comment-reply-title\">AI CEVA DE SPUS? <small><a rel=\"nofollow\" id=\"cancel-comment-reply-link\" href=\"https:\/\/r3media.ro\/criza-apei-grecia-sapte-insule-stare-de-urgenta-localnici-recolte\/#respond\">Renun\u021ba\u021bi la r\u0103spuns<\/a><\/small><\/h3>\n<div class=\"comment-form-input-wrap td-form-comment\">\n<div class=\"td-warning-comment\">V\u0103 rug\u0103m s\u0103 introduce\u021bi comentariul dvs.!<\/div>\n<\/div>\n<div class=\"comment-form-input-wrap td-form-author\">\n<div class=\"td-warning-author\">Introduce\u021bi aici numele dvs.<\/div>\n<\/div>\n<div class=\"comment-form-input-wrap td-form-email\">\n<div class=\"td-warning-email-error\">A\u021bi introdus o adres\u0103 de e-mail incorect\u0103!<\/div>\n<div class=\"td-warning-email\">V\u0103 rug\u0103m s\u0103 introduce\u021bi adresa dvs. de e-mail aici<\/div>\n<\/div>\n<\/div>\n<\/div>\n<\/div>\n<\/div>\n<\/div>\n<\/div>\n<div class=\"vc_column tdi_23  wpb_column vc_column_container tdc-column td-pb-span4 td-is-sticky\">\n<div class=\"wpb_wrapper\" data-sticky-enabled-on=\"W3RydWUsdHJ1ZSx0cnVlLHRydWVd\" data-sticky-offset=\"20\" data-sticky-is-width-auto=\"W2ZhbHNlLGZhbHNlLGZhbHNlLGZhbHNlXQ==\">\n<div class=\"wpb_wrapper td_block_wrap vc_widget_sidebar tdi_25 \">\n<div class=\"td_block_wrap td_block_7 td_block_widget tdi_26 td-pb-border-top td_block_template_1 td-column-1 td_block_padding\" data-td-block-uid=\"tdi_26\">\n<div class=\"td-block-title-wrap\">\n<h4 class=\"block-title td-block-title\"><span class=\"td-pulldown-size\">Articole RELA\u021aIONATE<\/span><\/h4>\n<\/div>\n<div id=\"tdi_26\" class=\"td_block_inner\">\n<div class=\"td-block-span12\">\n<div class=\"td_module_6 td_module_wrap td-animation-stack\">\n<div class=\"td-module-thumb\"><a href=\"https:\/\/r3media.ro\/prof-ioan-aurel-pop-ong-antisemitism-xenofobie\/\" rel=\"bookmark\" class=\"td-image-wrap \" title=\"Prof. Ioan-Aurel Pop: Anumite ONG-uri vor s\u0103 \u00eent\u0103reasc\u0103 antisemitismul \u0219i xenofobia, pentru c\u0103 ele s-au \u00eenfiin\u021bat ca s\u0103 combat\u0103 asemenea lucruri\"><img loading=\"lazy\" decoding=\"async\" class=\"entry-thumb\" src=\"https:\/\/r3media.ro\/wp-content\/uploads\/2026\/07\/ioan-aurel-pop-florentin-tuca-100x70.jpg\" alt title=\"Prof. Ioan-Aurel Pop: Anumite ONG-uri vor s\u0103 \u00eent\u0103reasc\u0103 antisemitismul \u0219i xenofobia, pentru c\u0103 ele s-au \u00eenfiin\u021bat ca s\u0103 combat\u0103 asemenea lucruri\" width=\"100\" height=\"70\"><\/a><\/div>\n<div class=\"item-details\">\n<h3 class=\"entry-title td-module-title\"><a href=\"https:\/\/r3media.ro\/prof-ioan-aurel-pop-ong-antisemitism-xenofobie\/\" rel=\"bookmark\" title=\"Prof. Ioan-Aurel Pop: Anumite ONG-uri vor s\u0103 \u00eent\u0103reasc\u0103 antisemitismul \u0219i xenofobia, pentru c\u0103 ele s-au \u00eenfiin\u021bat ca s\u0103 combat\u0103 asemenea lucruri\">Prof. Ioan-Aurel Pop: Anumite ONG-uri vor s\u0103 \u00eent\u0103reasc\u0103 antisemitismul \u0219i xenofobia,&#8230;<\/a><\/h3>\n<div class=\"td-module-meta-info\"><span class=\"td-post-date\"><time class=\"entry-date updated td-module-date\" datetime=\"2026-07-16T15:28:25+03:00\">16\/07\/2026<\/time><\/span><\/div>\n<\/div>\n<\/div>\n<\/div>\n<div class=\"td-block-span12\">\n<div class=\"td_module_6 td_module_wrap td-animation-stack\">\n<div class=\"td-module-thumb\"><a href=\"https:\/\/r3media.ro\/prof-dan-dungaciu-romania-ajutor-ucraina-republica-moldova\/\" rel=\"bookmark\" class=\"td-image-wrap \" title=\"Prof. Dan Dungaciu: Rom\u00e2nia s\u0103 nu mai ajute financiar Ucraina \u0219i Republica Moldova\"><img loading=\"lazy\" decoding=\"async\" class=\"entry-thumb\" src=\"https:\/\/r3media.ro\/wp-content\/uploads\/2025\/06\/dungaciu-100x70.jpg\" alt title=\"Prof. Dan Dungaciu: Rom\u00e2nia s\u0103 nu mai ajute financiar Ucraina \u0219i Republica Moldova\" width=\"100\" height=\"70\"><\/a><\/div>\n<div class=\"item-details\">\n<h3 class=\"entry-title td-module-title\"><a href=\"https:\/\/r3media.ro\/prof-dan-dungaciu-romania-ajutor-ucraina-republica-moldova\/\" rel=\"bookmark\" title=\"Prof. Dan Dungaciu: Rom\u00e2nia s\u0103 nu mai ajute financiar Ucraina \u0219i Republica Moldova\">Prof. Dan Dungaciu: Rom\u00e2nia s\u0103 nu mai ajute financiar Ucraina \u0219i&#8230;<\/a><\/h3>\n<div class=\"td-module-meta-info\"><span class=\"td-post-date\"><time class=\"entry-date updated td-module-date\" datetime=\"2026-07-16T12:32:45+03:00\">16\/07\/2026<\/time><\/span><\/div>\n<\/div>\n<\/div>\n<\/div>\n<div class=\"td-block-span12\">\n<div class=\"td_module_6 td_module_wrap td-animation-stack\">\n<div class=\"td-module-thumb\"><a href=\"https:\/\/r3media.ro\/nicusor-dan-romania-militar-ucraina-secret\/\" rel=\"bookmark\" class=\"td-image-wrap \" title=\"Nicu\u0219or Dan a spus c\u0103 Rom\u00e2nia a transferat din capabilit\u0103\u021bile sale militare defensive c\u0103tre Ucraina \u0219i c\u0103 e bine s\u0103 r\u0103m\u00e2n\u0103 secret\"><img loading=\"lazy\" decoding=\"async\" class=\"entry-thumb\" src=\"https:\/\/r3media.ro\/wp-content\/uploads\/2026\/01\/nicusor-dan-1-e1784190291145-100x70.png\" alt title=\"Nicu\u0219or Dan a spus c\u0103 Rom\u00e2nia a transferat din capabilit\u0103\u021bile sale militare defensive c\u0103tre Ucraina \u0219i c\u0103 e bine s\u0103 r\u0103m\u00e2n\u0103 secret\" width=\"100\" height=\"70\"><\/a><\/div>\n<div class=\"item-details\">\n<h3 class=\"entry-title td-module-title\"><a href=\"https:\/\/r3media.ro\/nicusor-dan-romania-militar-ucraina-secret\/\" rel=\"bookmark\" title=\"Nicu\u0219or Dan a spus c\u0103 Rom\u00e2nia a transferat din capabilit\u0103\u021bile sale militare defensive c\u0103tre Ucraina \u0219i c\u0103 e bine s\u0103 r\u0103m\u00e2n\u0103 secret\">Nicu\u0219or Dan a spus c\u0103 Rom\u00e2nia a transferat din capabilit\u0103\u021bile sale&#8230;<\/a><\/h3>\n<div class=\"td-module-meta-info\"><span class=\"td-post-date\"><time class=\"entry-date updated td-module-date\" datetime=\"2026-07-16T11:25:25+03:00\">16\/07\/2026<\/time><\/span><\/div>\n<\/div>\n<\/div>\n<\/div>\n<div class=\"td-block-span12\">\n<div class=\"td_module_6 td_module_wrap td-animation-stack\">\n<div class=\"td-module-thumb\"><a href=\"https:\/\/r3media.ro\/spania-argentina-finala-cupa-mondiala-2026-la-albiceleste-victorie-anglia-semifinale-2-1\/\" rel=\"bookmark\" class=\"td-image-wrap \" title=\"Spania \u2013 Argentina, finala Cupei Mondiale 2026: \u201eLa Albiceleste\u201c au \u00eentors scorul \u0219i au \u00eenvins Anglia \u00een semifinale cu 2-1\"><img loading=\"lazy\" decoding=\"async\" class=\"entry-thumb\" src=\"https:\/\/r3media.ro\/wp-content\/uploads\/2026\/07\/cupa-mondiala-100x70.jpg\" alt title=\"Spania \u2013 Argentina, finala Cupei Mondiale 2026: \u201eLa Albiceleste\u201c au \u00eentors scorul \u0219i au \u00eenvins Anglia \u00een semifinale cu 2-1\" width=\"100\" height=\"70\"><\/a><\/div>\n<div class=\"item-details\">\n<h3 class=\"entry-title td-module-title\"><a href=\"https:\/\/r3media.ro\/spania-argentina-finala-cupa-mondiala-2026-la-albiceleste-victorie-anglia-semifinale-2-1\/\" rel=\"bookmark\" title=\"Spania \u2013 Argentina, finala Cupei Mondiale 2026: \u201eLa Albiceleste\u201c au \u00eentors scorul \u0219i au \u00eenvins Anglia \u00een semifinale cu 2-1\">Spania \u2013 Argentina, finala Cupei Mondiale 2026: \u201eLa Albiceleste\u201c au \u00eentors&#8230;<\/a><\/h3>\n<div class=\"td-module-meta-info\"><span class=\"td-post-date\"><time class=\"entry-date updated td-module-date\" datetime=\"2026-07-16T00:46:48+03:00\">16\/07\/2026<\/time><\/span><\/div>\n<\/div>\n<\/div>\n<\/div>\n<div class=\"td-block-span12\">\n<div class=\"td_module_6 td_module_wrap td-animation-stack\">\n<div class=\"td-module-thumb\"><a href=\"https:\/\/r3media.ro\/calendarul-zilei-16-iulie-sf-mucenita-iulia\/\" rel=\"bookmark\" class=\"td-image-wrap \" title=\"Calendarul zilei 16 iulie: Sf. Muceni\u021b\u0103 Iulia\"><img loading=\"lazy\" decoding=\"async\" class=\"entry-thumb\" src=\"https:\/\/r3media.ro\/wp-content\/uploads\/2022\/07\/sddefault-4-100x70.jpg\" alt title=\"Calendarul zilei 16 iulie: Sf. Muceni\u021b\u0103 Iulia\" width=\"100\" height=\"70\"><\/a><\/div>\n<div class=\"item-details\">\n<h3 class=\"entry-title td-module-title\"><a href=\"https:\/\/r3media.ro\/calendarul-zilei-16-iulie-sf-mucenita-iulia\/\" rel=\"bookmark\" title=\"Calendarul zilei 16 iulie: Sf. Muceni\u021b\u0103 Iulia\">Calendarul zilei 16 iulie: Sf. Muceni\u021b\u0103 Iulia<\/a><\/h3>\n<div class=\"td-module-meta-info\"><span class=\"td-post-date\"><time class=\"entry-date updated td-module-date\" datetime=\"2026-07-15T20:59:10+03:00\">15\/07\/2026<\/time><\/span><\/div>\n<\/div>\n<\/div>\n<\/div>\n<div class=\"td-block-span12\">\n<div class=\"td_module_6 td_module_wrap td-animation-stack\">\n<div class=\"td-module-thumb\"><a href=\"https:\/\/r3media.ro\/deznationala-frantei-a-invins-franta\/\" rel=\"bookmark\" class=\"td-image-wrap \" title=\"Dezna\u021bionala Fran\u021bei a \u00eenvins Fran\u021ba \u00a0\u00a0\"><img loading=\"lazy\" decoding=\"async\" class=\"entry-thumb\" src=\"https:\/\/r3media.ro\/wp-content\/uploads\/2026\/07\/echipa-nationala-a-frantei-100x70.jpg\" alt title=\"Dezna\u021bionala Fran\u021bei a \u00eenvins Fran\u021ba \u00a0\u00a0\" width=\"100\" height=\"70\"><\/a><\/div>\n<div class=\"item-details\">\n<h3 class=\"entry-title td-module-title\"><a href=\"https:\/\/r3media.ro\/deznationala-frantei-a-invins-franta\/\" rel=\"bookmark\" title=\"Dezna\u021bionala Fran\u021bei a \u00eenvins Fran\u021ba \u00a0\u00a0\">Dezna\u021bionala Fran\u021bei a \u00eenvins Fran\u021ba \u00a0\u00a0<\/a><\/h3>\n<div class=\"td-module-meta-info\"><span class=\"td-post-date\"><time class=\"entry-date updated td-module-date\" datetime=\"2026-07-15T20:57:25+03:00\">15\/07\/2026<\/time><\/span><\/div>\n<\/div>\n<\/div>\n<\/div>\n<div class=\"td-block-span12\">\n<div class=\"td_module_6 td_module_wrap td-animation-stack\">\n<div class=\"td-module-thumb\"><a href=\"https:\/\/r3media.ro\/de-la-invrajbire-la-contestare-si-nihilism\/\" rel=\"bookmark\" class=\"td-image-wrap \" title=\"De la \u00eenvr\u0103jbire la contestare \u0219i nihilism\"><img loading=\"lazy\" decoding=\"async\" class=\"entry-thumb\" src=\"https:\/\/r3media.ro\/wp-content\/uploads\/2026\/07\/nihilism-100x70.png\" alt title=\"De la \u00eenvr\u0103jbire la contestare \u0219i nihilism\" width=\"100\" height=\"70\"><\/a><\/div>\n<div class=\"item-details\">\n<h3 class=\"entry-title td-module-title\"><a href=\"https:\/\/r3media.ro\/de-la-invrajbire-la-contestare-si-nihilism\/\" rel=\"bookmark\" title=\"De la \u00eenvr\u0103jbire la contestare \u0219i nihilism\">De la \u00eenvr\u0103jbire la contestare \u0219i nihilism<\/a><\/h3>\n<div class=\"td-module-meta-info\"><span class=\"td-post-date\"><time class=\"entry-date updated td-module-date\" datetime=\"2026-07-15T20:10:19+03:00\">15\/07\/2026<\/time><\/span><\/div>\n<\/div>\n<\/div>\n<\/div>\n<\/div>\n<\/div>\n<aside class=\"td_block_template_1 widget widget_recent_comments\">\n<h4 class=\"block-title\"><span>INTR\u0102 \u00ceN DISCU\u021aIE!<\/span><\/h4>\n<ul id=\"recentcomments\">\n<li class=\"recentcomments\"><span class=\"comment-author-link\">Iulian<\/span> la <a href=\"https:\/\/r3media.ro\/nicusor-dan-romania-militar-ucraina-secret\/#comment-40275\">Nicu\u0219or Dan a spus c\u0103 Rom\u00e2nia a transferat din capabilit\u0103\u021bile sale militare defensive c\u0103tre Ucraina \u0219i c\u0103 e bine s\u0103 r\u0103m\u00e2n\u0103 secret<\/a><\/li>\n<li class=\"recentcomments\"><span class=\"comment-author-link\">Yanny<\/span> la <a href=\"https:\/\/r3media.ro\/apuseni-fest-2026-muntele-gaina-targul-de-fete\/#comment-40274\">Apuseni Fest \u2013 2026: prima edi\u021bie de muzic\u0103 electronica, la \u00een\u0103l\u021bime, pe Muntele G\u0103ina, \u00een weekendul T\u00e2rgului de Fete<\/a><\/li>\n<li class=\"recentcomments\"><span class=\"comment-author-link\">Mihaela<\/span> la <a href=\"https:\/\/r3media.ro\/ilie-bolojan-alegeri-anticipate\/#comment-40272\">Ilie Bolojan ia \u00een calcul organizarea alegerilor anticipate: Mai devreme sau mai t\u00e2rziu, s\u0103 ne \u00eentoarcem la judecata cet\u0103\u0163enilor<\/a><\/li>\n<li class=\"recentcomments\"><span class=\"comment-author-link\">Kh-47M2 Kinzhal<\/span> la <a href=\"https:\/\/r3media.ro\/premiera-mondiala-robot-transportat-barca-lupta-razboi-ucraina-video\/#comment-40271\">VIDEO | Premier\u0103 mondial\u0103! Un robot cu inteligen\u021b\u0103 artificial\u0103 transportat de o barc\u0103 lupt\u0103 \u00een r\u0103zboiul din Ucraina<\/a><\/li>\n<li class=\"recentcomments\"><span class=\"comment-author-link\">Constantin<\/span> la <a href=\"https:\/\/r3media.ro\/ambasadorul-germaniei-la-chisinau-revine-nu-a-fost-intentia-mea-sa-pun-sub-semnul-intrebarii-unitatea-chestiunii-romanesti-sau-a-credintei-crestin-ortodoxe\/#comment-40270\">Ambasadorul Germaniei la Chi\u0219in\u0103u revine: Nu a fost inten\u0163ia mea s\u0103 pun sub semnul \u00eentreb\u0103rii unitatea chestiunii rom\u00e2ne\u015fti sau a credin\u0163ei cre\u015ftin ortodoxe<\/a><\/li>\n<li class=\"recentcomments\"><span class=\"comment-author-link\">Narcis<\/span> la <a href=\"https:\/\/r3media.ro\/actorul-ioan-isaiu-a-facut-infarct-si-a-murit-in-fata-colegilor-sai-bou-vaccinat-anti-covid-19\/#comment-40269\">Actorul Ioan Isaiu a f\u0103cut infarct \u0219i a murit \u00een fa\u021ba colegilor s\u0103i: Am fost bou c\u0103 m-am vaccinat \u0219i v-am blocat pe cei care \u00eemi era\u021bi prieteni<\/a><\/li>\n<li class=\"recentcomments\"><span class=\"comment-author-link\">Haleu<\/span> la <a href=\"https:\/\/r3media.ro\/romania-si-slovenia-singurele-state-din-est-care-s-au-alaturat-sua-in-condamnarea-chinei-intr-o-speta-de-acum-10-ani\/#comment-40268\">Rom\u00e2nia \u0219i Slovenia, singurele state din Est care s-au al\u0103turat SUA \u00een condamnarea Chinei \u00eentr-o spe\u021b\u0103 de acum 10 ani<\/a><\/li>\n<\/ul>\n<\/aside>\n<aside class=\"td_block_template_1 widget widget_search\">\n<h4 class=\"block-title\"><span>CAUT\u0102 \u0218I VEI G\u0102SI<\/span><\/h4>\n<\/aside>\n<\/div>\n<\/div>\n<\/div>\n<\/div>\n<\/div>\n<\/div>\n<\/div>\n<p><span class=\"td-page-meta\"><\/span><span class=\"td-page-meta\"><span class=\"td-page-meta\"><\/span><\/span><span class=\"td-page-meta\"><\/span><\/article>\n<\/p>\n<div class=\"td_block_wrap tdb_single_content tdi_18 td-pb-border-top td_block_template_1 td-post-content tagdiv-type\" data-td-block-uid=\"tdi_18\">\n<div class=\"tdb-block-inner td-fix-index\">\n<p><strong>\u0218apte insule grece\u0219ti din Marea Egee au declarat stare de urgen\u021b\u0103 pentru a conserva apa. Autorit\u0103\u021bile spun c\u0103 pe m\u0103sur\u0103 ce verile devin mai calde, precipita\u021biile sunt tot mai deficitare, conform <a href=\"https:\/\/www.reuters.com\/business\/environment\/greek-islands-face-drought-tourist-season-hits-2026-07-16\/\" target=\"_blank\" rel=\"noopener\">Reuters<\/a>.<\/strong><\/p>\n<p>De exemplu,\u00a0Insula Astypalaea, \u00een form\u0103 de fluture, nu a beneficiat de ploile din nordul \u0219i vestul Greciei. A fost al doilea cel mai secetos sezon din 2020 \u00eencoace.<\/p>\n<p>\u201eDac\u0103 am colecta toat\u0103 apa care cade de-a lungul anului \u00eentr-o g\u0103leat\u0103 sau \u00eentr-un lighean, aceasta ar avea o ad\u00e2ncime de 2,5 cm\u201d, a spus primarul Nikos Komineas. Singurul rezervor al insulei e un lac artificial \u00eenconjurat de dealuri aride cu tufi\u0219uri rare. Acesta a fost realizat la mijlocul anilor 1990 tocmai pentru a mai stoca ni\u0219te ap\u0103.<\/p>\n<p>Autorit\u0103\u021bile au \u00eengr\u0103dit accesul unei femei care se ocup\u0103 cu agricultura, Evdokia Palatianou, la lac. Pe cale de consecin\u021b\u0103, legumele pe care le cultiv\u0103 \u00een livada ei s-au ofilit.<\/p>\n<p>\u201eDac\u0103 nu plou\u0103, nu voi planta nimic\u201d, a spus Palatianou, \u00een v\u00e2rst\u0103 de 71 de ani.<\/p>\n<p>Lacul care furnizeaz\u0103 ap\u0103 pentru uz casnic \u0219i iriga\u021bii \u00een Livadi \u0219i \u00een principalul ora\u0219 turistic Chora, capitala insulei, con\u021bine acum aproximativ 150.000 de metri cubi. Cantitatea reprezint\u0103 o \u0219esime din capacitatea sa de stocare.<\/p>\n<p>Cu un consum zilnic de aproximativ 900 de metri cubi vara, aceasta ar dura aproximativ cinci luni \u0219i jum\u0103tate.<\/p>\n<div class=\"crp_related     crp-masonry\">\n<h2>\u00ceN CONTEXT<\/h2>\n<ul>\n<li><a href=\"https:\/\/r3media.ro\/fara-tine-in-google-r3media-dispare-iata-ce-poti-face-in-10-secunde\/\" class=\"crp_link post-119031\"><span class=\"crp_title\">F\u0103r\u0103 tine \u00een Google, R3media dispare. Iat\u0103 ce po\u021bi face \u00een 10 secunde<\/span><\/a><\/li>\n<li><a href=\"https:\/\/r3media.ro\/se-adevereste-calin-georgescu-criza-apei-coreea-de-sud-consum-rationalizat-presedintele-lee-jae-myung-zona-dezastru-national\/\" class=\"crp_link post-112896\"><span class=\"crp_title\">Se adevere\u0219te tot ce spunea C\u0103lin Georgescu despre criza apei: \u00cen Coreea de Sud, consumul a\u2026<\/span><\/a><\/li>\n<li><a href=\"https:\/\/r3media.ro\/efecte-in-cascada-intrerupere-alimentaare-apa-prahova-dambovita-centrala-electrica-petrom-brazi-oprit-risc-blackout-asigura-10-energia-romaniei\/\" class=\"crp_link post-114363\"><span class=\"crp_title\">Efecte \u00een cascad\u0103 dup\u0103 \u00eentreruperea aliment\u0103rii cu ap\u0103 din Prahova \u0219i D\u00e2mbovi\u021ba: Centrala\u2026<\/span><\/a><\/li>\n<li><a href=\"https:\/\/r3media.ro\/ucraina-scuze-grecia-drona-marina-insula-lefkada-expolozie-portul-constanta\/\" class=\"crp_link post-117814\"><span class=\"crp_title\">Ucraina i-a cerut scuze Greciei pentru c\u0103 o dron\u0103 marin\u0103 a ajuns l\u00e2ng\u0103 Insula Lefkada. Nicio\u2026<\/span><\/a><\/li>\n<\/ul>\n<\/div>\n<\/div>\n<\/div>\n<p>[analyse_source url=&#8221;https:\/\/r3media.ro\/criza-apei-grecia-sapte-insule-stare-de-urgenta-localnici-recolte\/&#8221;]<\/p>\n","protected":false},"excerpt":{"rendered":"<p>[analyse_image type=&#8221;featured&#8221; src=&#8221;https:\/\/r3media.ro\/wp-content\/uploads\/2026\/07\/insula-din-grecia-scaled-e1784213463217.jpghttps:\/\/r3media.ro\/wp-content\/uploads\/2026\/07\/insula-din-grecia-scaled-e1784213463217.jpg&#8221;] FEATUREDCriza apei pe \u0219apte insule din Grecia: A fost emis\u0103 stare de&#8230; FEATURED\u0218TIRI Criza apei pe \u0219apte insule din Grecia: A fost emis\u0103 stare de urgen\u021b\u0103. Localnicii nu mai au cu ce s\u0103-\u0219i ude recoltele Oana Ivan 16\/07\/2026 Surs\u0103 &#8211; Unsplash \u0218apte insule grece\u0219ti din Marea Egee au declarat stare de urgen\u021b\u0103 [&hellip;]<\/p>\n","protected":false},"author":1,"featured_media":0,"comment_status":"open","ping_status":"","sticky":false,"template":"","format":"standard","meta":{"footnotes":""},"categories":[89],"tags":[226,93],"class_list":["post-2047263","post","type-post","status-publish","format-standard","hentry","category-romania","tag-crawlmanager","tag-r3media-ro"],"_links":{"self":[{"href":"https:\/\/analyse.optim.biz\/index.php?rest_route=\/wp\/v2\/posts\/2047263","targetHints":{"allow":["GET"]}}],"collection":[{"href":"https:\/\/analyse.optim.biz\/index.php?rest_route=\/wp\/v2\/posts"}],"about":[{"href":"https:\/\/analyse.optim.biz\/index.php?rest_route=\/wp\/v2\/types\/post"}],"author":[{"embeddable":true,"href":"https:\/\/analyse.optim.biz\/index.php?rest_route=\/wp\/v2\/users\/1"}],"replies":[{"embeddable":true,"href":"https:\/\/analyse.optim.biz\/index.php?rest_route=%2Fwp%2Fv2%2Fcomments&post=2047263"}],"version-history":[{"count":0,"href":"https:\/\/analyse.optim.biz\/index.php?rest_route=\/wp\/v2\/posts\/2047263\/revisions"}],"wp:attachment":[{"href":"https:\/\/analyse.optim.biz\/index.php?rest_route=%2Fwp%2Fv2%2Fmedia&parent=2047263"}],"wp:term":[{"taxonomy":"category","embeddable":true,"href":"https:\/\/analyse.optim.biz\/index.php?rest_route=%2Fwp%2Fv2%2Fcategories&post=2047263"},{"taxonomy":"post_tag","embeddable":true,"href":"https:\/\/analyse.optim.biz\/index.php?rest_route=%2Fwp%2Fv2%2Ftags&post=2047263"}],"curies":[{"name":"wp","href":"https:\/\/api.w.org\/{rel}","templated":true}]}}