{"id":2047070,"date":"2026-07-16T15:22:14","date_gmt":"2026-07-16T12:22:14","guid":{"rendered":"https:\/\/analyse.optim.biz\/?p=2047070"},"modified":"2026-07-16T15:22:14","modified_gmt":"2026-07-16T12:22:14","slug":"pista-inchisa-complet-la-aeroportul-din-timisoara-zborurile-vor-fi-suspendate-timp-de-trei-saptamani-in-toamna","status":"publish","type":"post","link":"https:\/\/analyse.optim.biz\/?p=2047070","title":{"rendered":"Pist\u0103 \u00eenchis\u0103 complet la aeroportul din Timi\u015foara! Zborurile vor fi suspendate timp de trei s\u0103pt\u0103m\u00e2ni, \u00een toamn\u0103"},"content":{"rendered":"<p>[analyse_image type=&#8221;featured&#8221; src=&#8221;http:\/\/www.banatulmeu.ro\/wp-content\/uploads\/2026\/07\/6415c856-ae8e-4d5a-add9-6a24b8d02094.jpg&#8221;]<\/p>\n<div class=\"post-content-bd\">\n<p>Aeroportul Interna\u0163ional \u201cTraian Vuia\u201d din Timi\u015foara a luat o m\u0103sur\u0103 radical\u0103. Reprezentan\u0163ii institu\u0163iei anun\u0163\u0103 c\u0103,\u00a0\u00een perioada 2 noiembrie, ora 08:00 \u2013 22 noiembrie, ora 21:00, pista de aterizare \u0219i decolare va fi \u00eenchis\u0103 complet pentru desf\u0103\u0219urarea unor lucr\u0103ri esen\u021biale de repara\u021bii. Pe durata acestei perioade, opera\u021biunile de decolare \u0219i aterizare vor fi suspendate, \u00eentruc\u00e2t interven\u021biile necesit\u0103 \u00eenchiderea integral\u0103 a pistei.<\/p>\n<p>\u201c<em>Lucr\u0103rile au ca obiectiv men\u021binerea celor mai \u00eenalte standarde de siguran\u021b\u0103 \u00een exploatarea infrastructurii aeroportuare. Prin aceast\u0103 interven\u021bie vor fi \u00eembun\u0103t\u0103\u021bite condi\u021biile de operare ale pistei, contribuind la desf\u0103\u0219urarea \u00een condi\u021bii optime de siguran\u021b\u0103 a opera\u021biunilor de aterizare \u0219i decolare pe termen mediu \u0219i lung. Companiile aeriene au fost informate cu privire la perioada de \u00eenchidere, pentru a putea adopta m\u0103surile necesare \u0219i pentru a-\u0219i informa pasagerii asupra modific\u0103rilor intervenite \u00een programele de zbor\u201d<\/em>, a informat aeroportul timi\u015forean.<\/p>\n<p>Pasagerii care au c\u0103l\u0103torii programate \u00een intervalul men\u021bionat sunt ruga\u021bi s\u0103 ia leg\u0103tura cu operatorul aerian de la care au achizi\u021bionat biletul \u0219i s\u0103 urm\u0103reasc\u0103 permanent informa\u021biile privind statusul zborului.<\/p>\n<p>\u201c<em>Regret\u0103m disconfortul temporar pe care aceast\u0103 m\u0103sur\u0103 \u00eel poate crea \u0219i le mul\u021bumim pasagerilor \u0219i partenerilor pentru \u00een\u021belegere. Siguran\u021ba opera\u021bional\u0103 r\u0103m\u00e2ne prioritatea Aeroportului Interna\u021bional Timi\u0219oara, iar aceste lucr\u0103ri reprezint\u0103 o investi\u021bie necesar\u0103 pentru men\u021binerea unei infrastructuri moderne, fiabile \u0219i conforme cu cele mai \u00eenalte standarde din domeniul avia\u021biei<\/em>\u201c, au transmis reprezentan\u0163ii aeroportului din Timi\u015foara.<\/p>\n<\/div>\n<p>[analyse_source url=&#8221;https:\/\/www.banatulmeu.ro\/pista-inchisa-complet-la-aeroportul-din-timisoara-zborurile-vor-fi-suspendate-timp-de-trei-saptamani-in-toamna\/&#8221;]<\/p>\n","protected":false},"excerpt":{"rendered":"<p>[analyse_image type=&#8221;featured&#8221; src=&#8221;http:\/\/www.banatulmeu.ro\/wp-content\/uploads\/2026\/07\/6415c856-ae8e-4d5a-add9-6a24b8d02094.jpg&#8221;] Aeroportul Interna\u0163ional \u201cTraian Vuia\u201d din Timi\u015foara a luat o m\u0103sur\u0103 radical\u0103. Reprezentan\u0163ii institu\u0163iei anun\u0163\u0103 c\u0103,\u00a0\u00een perioada 2 noiembrie, ora 08:00 \u2013 22 noiembrie, ora 21:00, pista de aterizare \u0219i decolare va fi \u00eenchis\u0103 complet pentru desf\u0103\u0219urarea unor lucr\u0103ri esen\u021biale de repara\u021bii. Pe durata acestei perioade, opera\u021biunile de decolare \u0219i aterizare vor fi [&hellip;]<\/p>\n","protected":false},"author":1,"featured_media":0,"comment_status":"open","ping_status":"","sticky":false,"template":"","format":"standard","meta":{"footnotes":""},"categories":[89],"tags":[204,226],"class_list":["post-2047070","post","type-post","status-publish","format-standard","hentry","category-romania","tag-banatulmeu-ro","tag-crawlmanager"],"_links":{"self":[{"href":"https:\/\/analyse.optim.biz\/index.php?rest_route=\/wp\/v2\/posts\/2047070","targetHints":{"allow":["GET"]}}],"collection":[{"href":"https:\/\/analyse.optim.biz\/index.php?rest_route=\/wp\/v2\/posts"}],"about":[{"href":"https:\/\/analyse.optim.biz\/index.php?rest_route=\/wp\/v2\/types\/post"}],"author":[{"embeddable":true,"href":"https:\/\/analyse.optim.biz\/index.php?rest_route=\/wp\/v2\/users\/1"}],"replies":[{"embeddable":true,"href":"https:\/\/analyse.optim.biz\/index.php?rest_route=%2Fwp%2Fv2%2Fcomments&post=2047070"}],"version-history":[{"count":0,"href":"https:\/\/analyse.optim.biz\/index.php?rest_route=\/wp\/v2\/posts\/2047070\/revisions"}],"wp:attachment":[{"href":"https:\/\/analyse.optim.biz\/index.php?rest_route=%2Fwp%2Fv2%2Fmedia&parent=2047070"}],"wp:term":[{"taxonomy":"category","embeddable":true,"href":"https:\/\/analyse.optim.biz\/index.php?rest_route=%2Fwp%2Fv2%2Fcategories&post=2047070"},{"taxonomy":"post_tag","embeddable":true,"href":"https:\/\/analyse.optim.biz\/index.php?rest_route=%2Fwp%2Fv2%2Ftags&post=2047070"}],"curies":[{"name":"wp","href":"https:\/\/api.w.org\/{rel}","templated":true}]}}