{"id":2046765,"date":"2026-07-14T16:11:08","date_gmt":"2026-07-14T13:11:08","guid":{"rendered":"https:\/\/analyse.optim.biz\/?p=2046765"},"modified":"2026-07-14T16:11:08","modified_gmt":"2026-07-14T13:11:08","slug":"doua-focare-de-pesta-porcina-africana-stinse-oficial-in-timis-ce-masuri-raman-in-vigoare","status":"publish","type":"post","link":"https:\/\/analyse.optim.biz\/?p=2046765","title":{"rendered":"Dou\u0103 focare de pest\u0103 porcin\u0103 african\u0103, stinse oficial \u00een Timi\u0219. Ce m\u0103suri r\u0103m\u00e2n \u00een vigoare"},"content":{"rendered":"<p>[analyse_image type=&#8221;featured&#8221; src=&#8221;https:\/\/orasul-timisoara.ro\/wp-content\/uploads\/2026\/07\/medic-pesta-porcina-porci.jpg&#8221;]<\/p>\n<article id=\"post-39642\" class=\"td-post-template-7 post-39642 post type-post status-publish format-standard has-post-thumbnail category-featured category-sanatate category-stiri-timisoara tag-biosecuritate tag-bulgarus tag-comtim-romania tag-crescatori-de-porci tag-dsvsa-timis tag-exploatatii-suine tag-judetul-timis-2 tag-lenauheim tag-pesta-porcina-africana tag-ppa tag-prod-suin tag-sanatate-animala td-container-wrap\">\n<div class=\"td-full-screen-header-image-wrap\">\n<div class=\"td-container td-post-header\">\n<div class=\"td-crumb-container\">\n<div class=\"entry-crumbs\"><span><a title=\"Vede\u021bi toate articolele \u00een S\u0103n\u0103tate\" class=\"entry-crumb\" href=\"https:\/\/orasul-timisoara.ro\/local-category\/sanatate\/\">S\u0103n\u0103tate<\/a><\/span><span class=\"td-bred-no-url-last\">Dou\u0103 focare de pest\u0103 porcin\u0103 african\u0103, stinse oficial \u00een Timi\u0219. Ce m\u0103suri&#8230;<\/span><\/div>\n<\/div>\n<div class=\"td-post-header-holder\">\n<div class=\"td-parallax-header\">\n<header class=\"td-post-title\">\n<ul class=\"td-category\">\n<li class=\"entry-category\"><a href=\"https:\/\/orasul-timisoara.ro\/local-category\/sanatate\/\">S\u0103n\u0103tate<\/a><\/li>\n<li class=\"entry-category\"><a href=\"https:\/\/orasul-timisoara.ro\/local-category\/stiri-timisoara\/\">\u0218tiri Locale<\/a><\/li>\n<\/ul>\n<h1 class=\"entry-title\">Dou\u0103 focare de pest\u0103 porcin\u0103 african\u0103, stinse oficial \u00een Timi\u0219. Ce m\u0103suri r\u0103m\u00e2n \u00een vigoare<\/h1>\n<div class=\"td-module-meta-info\">\n<div class=\"td-post-author-name\">\n<div class=\"td-author-by\">De c\u0103tre<\/div>\n<p><a href=\"https:\/\/orasul-timisoara.ro\/author\/timisoara\/\">redactia<\/a><\/p>\n<div class=\"td-author-line\"> &#8211; <\/div>\n<\/div>\n<p><span class=\"td-post-date\"><time class=\"entry-date updated td-module-date\" datetime=\"2026-07-14T19:11:08+03:00\">14\/07\/2026<\/time><\/span><\/div>\n<\/header>\n<\/div>\n<\/div>\n<\/div>\n<div id=\"td-full-screen-header-image\" class=\"td-image-gradient-style7\"><img decoding=\"async\" class=\"td-backstretch\" src=\"https:\/\/orasul-timisoara.ro\/wp-content\/uploads\/2026\/07\/medic-pesta-porcina-porci.jpg\"><\/div>\n<\/div>\n<div class=\"td-container\">\n<div class=\"td-pb-row\">\n<div class=\"td-pb-span8 td-main-content\" role=\"main\">\n<div class=\"td-ss-main-content\">\n<div class=\"td-post-sharing-top\">\n<div class=\"td-post-sharing-classic\"><iframe title=\"topFacebookLike\" frameborder src=\"https:\/\/www.facebook.com\/plugins\/like.php?href=https:\/\/orasul-timisoara.ro\/local-39642\/&amp;layout=button_count&amp;show_faces=false&amp;width=105&amp;action=like&amp;colorscheme=light&amp;height=21\"><\/iframe><\/div>\n<div id=\"td_social_sharing_article_top\" class=\"td-post-sharing td-ps-bg td-ps-notext td-post-sharing-style1 \">\n<div class=\"td-post-sharing-visible\"><a class=\"td-social-sharing-button td-social-sharing-button-js td-social-network td-social-facebook\" href=\"https:\/\/www.facebook.com\/sharer.php?u=https%3A%2F%2Forasul-timisoara.ro%2Flocal-39642%2F\" title=\"Facebook\"><\/p>\n<div class=\"td-social-but-text\">Facebook<\/div>\n<p><\/a><a class=\"td-social-sharing-button td-social-sharing-button-js td-social-network td-social-twitter\" href=\"https:\/\/twitter.com\/intent\/tweet?text=Dou%C4%83+focare+de+pest%C4%83+porcin%C4%83+african%C4%83%2C+stinse+oficial+%C3%AEn+Timi%C8%99.+Ce+m%C4%83suri+r%C4%83m%C3%A2n+%C3%AEn+vigoare&amp;url=https%3A%2F%2Forasul-timisoara.ro%2Flocal-39642%2F&amp;via=orasultm\" title=\"Twitter\"><\/p>\n<div class=\"td-social-but-text\">Twitter<\/div>\n<p><\/a><a class=\"td-social-sharing-button td-social-sharing-button-js td-social-network td-social-whatsapp\" href=\"https:\/\/api.whatsapp.com\/send?text=Dou%C4%83+focare+de+pest%C4%83+porcin%C4%83+african%C4%83%2C+stinse+oficial+%C3%AEn+Timi%C8%99.+Ce+m%C4%83suri+r%C4%83m%C3%A2n+%C3%AEn+vigoare%20%0A%0A%20https:\/\/orasul-timisoara.ro\/local-39642\/\" title=\"WhatsApp\"><\/p>\n<div class=\"td-social-but-text\">WhatsApp<\/div>\n<p><\/a><a class=\"td-social-sharing-button td-social-sharing-button-js td-social-network td-social-linkedin\" href=\"https:\/\/www.linkedin.com\/shareArticle?mini=true&amp;url=https:\/\/orasul-timisoara.ro\/local-39642\/&amp;title=Dou%C4%83+focare+de+pest%C4%83+porcin%C4%83+african%C4%83%2C+stinse+oficial+%C3%AEn+Timi%C8%99.+Ce+m%C4%83suri+r%C4%83m%C3%A2n+%C3%AEn+vigoare\" title=\"Linkedin\"><\/p>\n<div class=\"td-social-but-text\">Linkedin<\/div>\n<p><\/a><a class=\"td-social-sharing-button td-social-sharing-button-js td-social-network td-social-reddit\" href=\"https:\/\/reddit.com\/submit?url=https:\/\/orasul-timisoara.ro\/local-39642\/&amp;title=Dou%C4%83+focare+de+pest%C4%83+porcin%C4%83+african%C4%83%2C+stinse+oficial+%C3%AEn+Timi%C8%99.+Ce+m%C4%83suri+r%C4%83m%C3%A2n+%C3%AEn+vigoare\" title=\"ReddIt\"><\/p>\n<div class=\"td-social-but-text\">ReddIt<\/div>\n<p><\/a><a class=\"td-social-sharing-button td-social-sharing-button-js td-social-network td-social-mail\" href=\"mailto:?subject=Dou%C4%83%20focare%20de%20pest%C4%83%20porcin%C4%83%20african%C4%83,%20stinse%20oficial%20%C3%AEn%20Timi%C8%99.%20Ce%20m%C4%83suri%20r%C4%83m%C3%A2n%20%C3%AEn%20vigoare&amp;body=https:\/\/orasul-timisoara.ro\/local-39642\/\" title=\"Email\"><\/p>\n<div class=\"td-social-but-text\">Email<\/div>\n<p><\/a><a class=\"td-social-sharing-button td-social-sharing-button-js td-social-network td-social-print\" href=\"https:\/\/orasul-timisoara.ro\/local-39642\/\" title=\"Imprimare\"><\/p>\n<div class=\"td-social-but-text\">Imprimare<\/div>\n<p><\/a><\/div>\n<\/div>\n<\/div>\n<div class=\"td-post-content tagdiv-type\">\n<p class=\"wp-block-paragraph\">Direc\u021bia Sanitar\u0103 Veterinar\u0103 \u0219i pentru Siguran\u021ba Alimentelor (DSVSA) Timi\u0219 a anun\u021bat ridicarea restric\u021biilor sanitare veterinare instituite \u00een urma a dou\u0103 focare de pest\u0103 porcin\u0103 african\u0103 (PPA) depistate \u00een exploata\u021bii nonprofesionale din localitatea Bulg\u0103ru\u0219, comuna Lenauheim. Decizia a intrat \u00een vigoare \u00eencep\u00e2nd cu data de 14 iulie 2026, dup\u0103 stingerea oficial\u0103 a focarelor.<\/p>\n<p class=\"wp-block-paragraph\">M\u0103sura a fost aprobat\u0103 \u00een cadrul \u0219edin\u021bei Centrului Local de Combatere a Bolilor (CLCB) Timi\u0219, \u00een urma evalu\u0103rii situa\u021biei epidemiologice \u0219i a \u00eendeplinirii condi\u021biilor prev\u0103zute de legisla\u021bia sanitar-veterinar\u0103. Chiar dac\u0103 restric\u021biile au fost ridicate, autorit\u0103\u021bile subliniaz\u0103 c\u0103 m\u0103surile de prevenire \u00eempotriva r\u0103sp\u00e2ndirii virusului r\u0103m\u00e2n \u00een vigoare.<\/p>\n<h2 class=\"wp-block-heading\">Dou\u0103 focare de pest\u0103 porcin\u0103 african\u0103 au fost declarate stinse<\/h2>\n<p class=\"wp-block-paragraph\">Potrivit DSVSA Timi\u0219, cele dou\u0103 focare au fost \u00eenregistrate \u00een exploata\u021bii nonprofesionale din localitatea Bulg\u0103ru\u0219, comuna Lenauheim. Dup\u0103 finalizarea tuturor m\u0103surilor sanitare veterinare \u0219i confirmarea stingerii oficiale a focarelor, Centrul Local de Combatere a Bolilor a aprobat ridicarea restric\u021biilor instituite \u00een zon\u0103.<\/p>\n<p class=\"wp-block-paragraph\">Hot\u0103r\u00e2rea a fost adoptat\u0103 \u00een data de 14 iulie 2026 \u0219i are la baz\u0103 actele sanitare veterinare care confirm\u0103 eliminarea focarelor de boal\u0103.<\/p>\n<h2 class=\"wp-block-heading\">Restric\u021biile au fost eliminate \u00een mai multe localit\u0103\u021bi din Timi\u0219<\/h2>\n<p class=\"wp-block-paragraph\">Ridicarea restric\u021biilor sanitare veterinare vizeaz\u0103 mai multe localit\u0103\u021bi din jude\u021bul Timi\u0219 care se aflau \u00een zona de supraveghere epidemiologic\u0103. Este vorba despre Bulg\u0103ru\u0219, Uihei, Iecea Mare, Lenauheim, Graba\u021b, Gottlob, Lovrin, Pesac \u0219i \u0218andra.<\/p>\n<p class=\"wp-block-paragraph\">De asemenea, m\u0103sura se aplic\u0103 \u0219i exploata\u021biilor comerciale de suine apar\u021bin\u00e2nd SC COMTIM Rom\u00e2nia SRL \u2013 fermele Bulg\u0103ru\u0219, Iecea Mare 1 \u0219i Biled \u2013 precum \u0219i exploata\u021biei SC Prod Suin, ferma Iecea Mare 2.<\/p>\n<h2 class=\"wp-block-heading\">Ce obliga\u021bii r\u0103m\u00e2n \u00een vigoare pentru cresc\u0103torii de porci<\/h2>\n<p class=\"wp-block-paragraph\">De\u0219i restric\u021biile au fost ridicate, DSVSA Timi\u0219 precizeaz\u0103 c\u0103 introducerea porcinelor \u00een exploata\u021bii se poate face numai cu aprobarea institu\u021biei.<\/p>\n<p class=\"wp-block-paragraph\">Totodat\u0103, repopularea exploata\u021biilor este permis\u0103 doar dup\u0103 notificarea prealabil\u0103 a DSVSA Timi\u0219, iar orice mi\u0219care a animalelor trebuie realizat\u0103 exclusiv \u00een baza avizului sanitar-veterinar emis de autoritate.<\/p>\n<p class=\"wp-block-paragraph\">Institu\u021bia men\u021bine toate m\u0103surile de prevenire a introducerii \u0219i r\u0103sp\u00e2ndirii virusului pestei porcine africane pe teritoriul jude\u021bului Timi\u0219, pentru a reduce riscul apari\u021biei unor noi focare.<\/p>\n<h2 class=\"wp-block-heading\">Pesta porcin\u0103 african\u0103 nu se transmite la om<\/h2>\n<p class=\"wp-block-paragraph\">DSVSA Timi\u0219 reaminte\u0219te c\u0103 pesta porcin\u0103 african\u0103 nu reprezint\u0103 un pericol pentru s\u0103n\u0103tatea popula\u021biei. Virusul afecteaz\u0103 exclusiv porcii domestici \u0219i mistre\u021bii, f\u0103r\u0103 a exista risc de \u00eemboln\u0103vire pentru oameni sau prin consumul de carne provenit\u0103 de la animale s\u0103n\u0103toase \u0219i controlate sanitar-veterinar.<\/p>\n<p class=\"wp-block-paragraph\">Cu toate acestea, boala are un impact economic major asupra sectorului zootehnic, deoarece apari\u021bia focarelor impune sacrificarea animalelor afectate, restric\u021bii privind circula\u021bia porcinelor \u0219i m\u0103suri suplimentare de biosecuritate, care genereaz\u0103 pierderi importante pentru cresc\u0103tori \u0219i pentru industria de profil.<\/p>\n<h2 class=\"wp-block-heading\">Autorit\u0103\u021bile cer respectarea m\u0103surilor de biosecuritate<\/h2>\n<p class=\"wp-block-paragraph\">Medicii veterinari recomand\u0103 cresc\u0103torilor de porci s\u0103 respecte cu stricte\u021be normele de biosecuritate \u0219i s\u0103 anun\u021be imediat medicul veterinar sau DSVSA \u00een cazul apari\u021biei unor suspiciuni de boal\u0103.<\/p>\n<p class=\"wp-block-paragraph\">Respectarea regulilor privind mi\u0219carea animalelor, repopularea exploata\u021biilor \u0219i monitorizarea permanent\u0103 a efectivelor reprezint\u0103 principalele m\u0103suri prin care poate fi prevenit\u0103 reapari\u021bia pestei porcine africane \u00een jude\u021bul Timi\u0219.<\/p>\n<\/div>\n<footer>\n<div class=\"td-post-source-tags\">\n<ul class=\"td-tags td-post-small-box clearfix\">\n<li><span>ETICHETE<\/span><\/li>\n<li><a href=\"https:\/\/orasul-timisoara.ro\/local-tag\/biosecuritate\/\">biosecuritate<\/a><\/li>\n<li><a href=\"https:\/\/orasul-timisoara.ro\/local-tag\/bulgarus\/\">Bulg\u0103ru\u0219<\/a><\/li>\n<li><a href=\"https:\/\/orasul-timisoara.ro\/local-tag\/comtim-romania\/\">COMTIM Rom\u00e2nia<\/a><\/li>\n<li><a href=\"https:\/\/orasul-timisoara.ro\/local-tag\/crescatori-de-porci\/\">cresc\u0103tori de porci<\/a><\/li>\n<li><a href=\"https:\/\/orasul-timisoara.ro\/local-tag\/dsvsa-timis\/\">DSVSA Timi\u0219<\/a><\/li>\n<li><a href=\"https:\/\/orasul-timisoara.ro\/local-tag\/exploatatii-suine\/\">exploata\u021bii suine<\/a><\/li>\n<li><a href=\"https:\/\/orasul-timisoara.ro\/local-tag\/judetul-timis-2\/\">jude\u021bul Timi\u0219<\/a><\/li>\n<li><a href=\"https:\/\/orasul-timisoara.ro\/local-tag\/lenauheim\/\">Lenauheim<\/a><\/li>\n<li><a href=\"https:\/\/orasul-timisoara.ro\/local-tag\/pesta-porcina-africana\/\">pest\u0103 porcin\u0103 african\u0103<\/a><\/li>\n<li><a href=\"https:\/\/orasul-timisoara.ro\/local-tag\/ppa\/\">PPA<\/a><\/li>\n<li><a href=\"https:\/\/orasul-timisoara.ro\/local-tag\/prod-suin\/\">Prod Suin<\/a><\/li>\n<li><a href=\"https:\/\/orasul-timisoara.ro\/local-tag\/sanatate-animala\/\">s\u0103n\u0103tate animal\u0103<\/a><\/li>\n<\/ul>\n<\/div>\n<div class=\"td-post-sharing-bottom\">\n<div class=\"td-post-sharing-classic\"><iframe title=\"bottomFacebookLike\" frameborder src=\"https:\/\/www.facebook.com\/plugins\/like.php?href=https:\/\/orasul-timisoara.ro\/local-39642\/&amp;layout=button_count&amp;show_faces=false&amp;width=105&amp;action=like&amp;colorscheme=light&amp;height=21\"><\/iframe><\/div>\n<div id=\"td_social_sharing_article_bottom\" class=\"td-post-sharing td-ps-bg td-ps-notext td-post-sharing-style1 \">\n<div class=\"td-post-sharing-visible\"><a class=\"td-social-sharing-button td-social-sharing-button-js td-social-network td-social-facebook\" href=\"https:\/\/www.facebook.com\/sharer.php?u=https%3A%2F%2Forasul-timisoara.ro%2Flocal-39642%2F\" title=\"Facebook\"><\/p>\n<div class=\"td-social-but-text\">Facebook<\/div>\n<p><\/a><a class=\"td-social-sharing-button td-social-sharing-button-js td-social-network td-social-twitter\" href=\"https:\/\/twitter.com\/intent\/tweet?text=Dou%C4%83+focare+de+pest%C4%83+porcin%C4%83+african%C4%83%2C+stinse+oficial+%C3%AEn+Timi%C8%99.+Ce+m%C4%83suri+r%C4%83m%C3%A2n+%C3%AEn+vigoare&amp;url=https%3A%2F%2Forasul-timisoara.ro%2Flocal-39642%2F&amp;via=orasultm\" title=\"Twitter\"><\/p>\n<div class=\"td-social-but-text\">Twitter<\/div>\n<p><\/a><a class=\"td-social-sharing-button td-social-sharing-button-js td-social-network td-social-whatsapp\" href=\"https:\/\/api.whatsapp.com\/send?text=Dou%C4%83+focare+de+pest%C4%83+porcin%C4%83+african%C4%83%2C+stinse+oficial+%C3%AEn+Timi%C8%99.+Ce+m%C4%83suri+r%C4%83m%C3%A2n+%C3%AEn+vigoare%20%0A%0A%20https:\/\/orasul-timisoara.ro\/local-39642\/\" title=\"WhatsApp\"><\/p>\n<div class=\"td-social-but-text\">WhatsApp<\/div>\n<p><\/a><a class=\"td-social-sharing-button td-social-sharing-button-js td-social-network td-social-linkedin\" href=\"https:\/\/www.linkedin.com\/shareArticle?mini=true&amp;url=https:\/\/orasul-timisoara.ro\/local-39642\/&amp;title=Dou%C4%83+focare+de+pest%C4%83+porcin%C4%83+african%C4%83%2C+stinse+oficial+%C3%AEn+Timi%C8%99.+Ce+m%C4%83suri+r%C4%83m%C3%A2n+%C3%AEn+vigoare\" title=\"Linkedin\"><\/p>\n<div class=\"td-social-but-text\">Linkedin<\/div>\n<p><\/a><a class=\"td-social-sharing-button td-social-sharing-button-js td-social-network td-social-reddit\" href=\"https:\/\/reddit.com\/submit?url=https:\/\/orasul-timisoara.ro\/local-39642\/&amp;title=Dou%C4%83+focare+de+pest%C4%83+porcin%C4%83+african%C4%83%2C+stinse+oficial+%C3%AEn+Timi%C8%99.+Ce+m%C4%83suri+r%C4%83m%C3%A2n+%C3%AEn+vigoare\" title=\"ReddIt\"><\/p>\n<div class=\"td-social-but-text\">ReddIt<\/div>\n<p><\/a><a class=\"td-social-sharing-button td-social-sharing-button-js td-social-network td-social-mail\" href=\"mailto:?subject=Dou%C4%83%20focare%20de%20pest%C4%83%20porcin%C4%83%20african%C4%83,%20stinse%20oficial%20%C3%AEn%20Timi%C8%99.%20Ce%20m%C4%83suri%20r%C4%83m%C3%A2n%20%C3%AEn%20vigoare&amp;body=https:\/\/orasul-timisoara.ro\/local-39642\/\" title=\"Email\"><\/p>\n<div class=\"td-social-but-text\">Email<\/div>\n<p><\/a><a class=\"td-social-sharing-button td-social-sharing-button-js td-social-network td-social-print\" href=\"https:\/\/orasul-timisoara.ro\/local-39642\/\" title=\"Imprimare\"><\/p>\n<div class=\"td-social-but-text\">Imprimare<\/div>\n<p><\/a><\/div>\n<\/div>\n<\/div>\n<div class=\"td-block-row td-post-next-prev\">\n<div class=\"td-block-span6 td-post-prev-post\">\n<div class=\"td-post-next-prev-content\"><span>Articolul precedent<\/span><a href=\"https:\/\/orasul-timisoara.ro\/local-39636\/\">18 pisici, salvate dintr-un apartament din Timi\u0219oara. Poli\u021bia a intervenit dup\u0103 mai multe sesiz\u0103ri (foto)<\/a><\/div>\n<\/div>\n<div class=\"td-block-span6 td-post-next-post\">\n<div class=\"td-post-next-prev-content\"><span>Articolul urm\u0103tor<\/span><a href=\"https:\/\/orasul-timisoara.ro\/local-39645\/\">Alfred Simonis: Timi\u0219ul va avea intr\u0103ri rutiere spectaculoase inspirate din patrimoniul jude\u021bului (foto)<\/a><\/div>\n<\/div>\n<\/div>\n<div class=\"td-author-name vcard author\"><span class=\"fn\"><a href=\"https:\/\/orasul-timisoara.ro\/author\/timisoara\/\">redactia<\/a><\/span><\/div>\n<p><span class=\"td-page-meta\"><\/span><span class=\"td-page-meta\"><span class=\"td-page-meta\"><\/span><\/span><span class=\"td-page-meta\"><\/span><\/footer>\n<div class=\"td_block_wrap td_block_related_posts tdi_3 td_with_ajax_pagination td-pb-border-top td_block_template_8\" data-td-block-uid=\"tdi_3\">\n<h4 class=\"td-related-title td-block-title\"><a id=\"tdi_4\" class=\"td-related-left td-cur-simple-item\" data-td_filter_value data-td_block_id=\"tdi_3\" href=\"https:\/\/orasul-timisoara.ro\/local-39642\/\">ARTICOLE SIMILARE<\/a><a id=\"tdi_5\" class=\"td-related-right\" data-td_filter_value=\"td_related_more_from_author\" data-td_block_id=\"tdi_3\" href=\"https:\/\/orasul-timisoara.ro\/local-39642\/\">DE LA ACELA\u0218I AUTOR<\/a><\/h4>\n<div id=\"tdi_3\" class=\"td_block_inner\">\n<div class=\"td-related-row\">\n<div class=\"td-related-span4\">\n<div class=\"td_module_related_posts td-animation-stack td_mod_related_posts\">\n<div class=\"td-module-image\">\n<div class=\"td-module-thumb\"><a href=\"https:\/\/orasul-timisoara.ro\/local-38654\/\" rel=\"bookmark\" class=\"td-image-wrap \" title=\"DSVSA Timi\u0219 anun\u021b\u0103 stingerea focarelor de pest\u0103 porcin\u0103 african\u0103 din Checea\"><img loading=\"lazy\" decoding=\"async\" class=\"entry-thumb\" src=\"https:\/\/orasul-timisoara.ro\/wp-content\/uploads\/2021\/04\/porci.jpg\" alt title=\"DSVSA Timi\u0219 anun\u021b\u0103 stingerea focarelor de pest\u0103 porcin\u0103 african\u0103 din Checea\" width=\"218\" height=\"150\"><\/a><\/div>\n<\/div>\n<div class=\"item-details\">\n<h3 class=\"entry-title td-module-title\"><a href=\"https:\/\/orasul-timisoara.ro\/local-38654\/\" rel=\"bookmark\" title=\"DSVSA Timi\u0219 anun\u021b\u0103 stingerea focarelor de pest\u0103 porcin\u0103 african\u0103 din Checea\">DSVSA Timi\u0219 anun\u021b\u0103 stingerea focarelor de pest\u0103 porcin\u0103 african\u0103 din Checea<\/a><\/h3>\n<\/div>\n<\/div>\n<\/div>\n<div class=\"td-related-span4\">\n<div class=\"td_module_related_posts td-animation-stack td_mod_related_posts\">\n<div class=\"td-module-image\">\n<div class=\"td-module-thumb\"><a href=\"https:\/\/orasul-timisoara.ro\/local-36010\/\" rel=\"bookmark\" class=\"td-image-wrap \" title=\"Restric\u021biile sanitar-veterinare, ridicate la Gottlob dup\u0103 stingerea focarului de PPA\"><img loading=\"lazy\" decoding=\"async\" class=\"entry-thumb\" src=\"https:\/\/orasul-timisoara.ro\/wp-content\/uploads\/2021\/04\/porci.jpg\" alt title=\"Restric\u021biile sanitar-veterinare, ridicate la Gottlob dup\u0103 stingerea focarului de PPA\" width=\"218\" height=\"150\"><\/a><\/div>\n<\/div>\n<div class=\"item-details\">\n<h3 class=\"entry-title td-module-title\"><a href=\"https:\/\/orasul-timisoara.ro\/local-36010\/\" rel=\"bookmark\" title=\"Restric\u021biile sanitar-veterinare, ridicate la Gottlob dup\u0103 stingerea focarului de PPA\">Restric\u021biile sanitar-veterinare, ridicate la Gottlob dup\u0103 stingerea focarului de PPA<\/a><\/h3>\n<\/div>\n<\/div>\n<\/div>\n<div class=\"td-related-span4\">\n<div class=\"td_module_related_posts td-animation-stack td_mod_related_posts\">\n<div class=\"td-module-image\">\n<div class=\"td-module-thumb\"><a href=\"https:\/\/orasul-timisoara.ro\/local-34090\/\" rel=\"bookmark\" class=\"td-image-wrap \" title=\"Focar de pest\u0103 porcin\u0103 african\u0103 confirmat la Racovi\u021ba: restric\u021bii dure \u00een Timi\u0219\"><img loading=\"lazy\" decoding=\"async\" class=\"entry-thumb\" src=\"https:\/\/orasul-timisoara.ro\/wp-content\/uploads\/2021\/04\/porci.jpg\" alt title=\"Focar de pest\u0103 porcin\u0103 african\u0103 confirmat la Racovi\u021ba: restric\u021bii dure \u00een Timi\u0219\" width=\"218\" height=\"150\"><\/a><\/div>\n<\/div>\n<div class=\"item-details\">\n<h3 class=\"entry-title td-module-title\"><a href=\"https:\/\/orasul-timisoara.ro\/local-34090\/\" rel=\"bookmark\" title=\"Focar de pest\u0103 porcin\u0103 african\u0103 confirmat la Racovi\u021ba: restric\u021bii dure \u00een Timi\u0219\">Focar de pest\u0103 porcin\u0103 african\u0103 confirmat la Racovi\u021ba: restric\u021bii dure \u00een Timi\u0219<\/a><\/h3>\n<\/div>\n<\/div>\n<\/div>\n<\/div>\n<\/div>\n<\/div>\n<div class=\"comments\" id=\"comments\">\n<div id=\"respond\" class=\"comment-respond\">\n<h3 id=\"reply-title\" class=\"comment-reply-title\">L\u0102SA\u021aI UN MESAJ<\/h3>\n<div class=\"comment-form-input-wrap td-form-comment\">\n<div class=\"td-warning-comment\">V\u0103 rug\u0103m s\u0103 introduce\u021bi comentariul dvs.!<\/div>\n<\/div>\n<div class=\"comment-form-input-wrap td-form-author\">\n<div class=\"td-warning-author\">Introduce\u021bi aici numele dvs.<\/div>\n<\/div>\n<div class=\"comment-form-input-wrap td-form-email\">\n<div class=\"td-warning-email-error\">A\u021bi introdus o adres\u0103 de e-mail incorect\u0103!<\/div>\n<div class=\"td-warning-email\">V\u0103 rug\u0103m s\u0103 introduce\u021bi adresa dvs. de e-mail aici<\/div>\n<\/div>\n<\/div>\n<p class=\"akismet_comment_form_privacy_notice\">Acest site folose\u0219te Akismet pentru a reduce spamul. <a href=\"https:\/\/akismet.com\/privacy\/\" target=\"_blank\" rel=\"nofollow noopener\">Afl\u0103 cum sunt procesate datele comentariilor tale<\/a>.<\/p>\n<\/div>\n<\/div>\n<\/div>\n<div class=\"td-pb-span4 td-main-sidebar\" role=\"complementary\">\n<div class=\"td-ss-main-sidebar\">\n<aside id=\"block-4\" class=\"td_block_template_8 widget block-4 widget_block widget_media_image\">\n<figure class=\"wp-block-image size-full\"><img loading=\"lazy\" decoding=\"async\" width=\"336\" height=\"280\" src=\"https:\/\/orasul-timisoara.ro\/wp-content\/uploads\/2024\/11\/ReTIM-Abonamentul-Verde-Google-Ads-336x280px.gif\" alt class=\"wp-image-29257\"><\/figure>\n<\/aside>\n<div class=\"td_block_wrap td_block_social_counter td_block_widget tdi_6 td-social-style5 td-social-boxed td-pb-border-top td_block_template_8\">\n<div class=\"td-block-title-wrap\">\n<h4 class=\"td-block-title\"><span>Urm\u0103re\u0219te-ne pe Social Media<\/span><\/h4>\n<\/div>\n<div class=\"td-social-list\">\n<div class=\"td_social_type td-pb-margin-side td_social_facebook\">\n<div class=\"td-social-box\"><span class=\"td_social_info td_social_info_counter\">344,595<\/span><span class=\"td_social_info td_social_info_name\">Fani<\/span><span class=\"td_social_button\"><a href=\"https:\/\/www.facebook.com\/247timisoara\" target=\"_blank\" rel=\"nofollow\">\u00cemi place<\/a><\/span><\/div>\n<\/div>\n<div class=\"td_social_type td-pb-margin-side td_social_instagram\">\n<div class=\"td-social-box\"><span class=\"td_social_info td_social_info_counter\">4,416<\/span><span class=\"td_social_info td_social_info_name\">Cititori<\/span><span class=\"td_social_button\"><a href=\"https:\/\/instagram.com\/orasultimisoararo\/\" target=\"_blank\" rel=\"nofollow\">Conecta\u021bi-v\u0103<\/a><\/span><\/div>\n<\/div>\n<div class=\"td_social_type td-pb-margin-side td_social_rss\">\n<div class=\"td-social-box\"><span class=\"td_social_info td_social_info_counter\">12,506<\/span><span class=\"td_social_info td_social_info_name\">Cititori<\/span><span class=\"td_social_button\"><a href=\"https:\/\/orasul-timisoara.ro\/feed\/\" target=\"_blank\" rel=\"nofollow\">Conecta\u021bi-v\u0103<\/a><\/span><\/div>\n<\/div>\n<div class=\"td_social_type td-pb-margin-side td_social_tiktok\">\n<div class=\"td-social-box\"><span class=\"td_social_info td_social_info_counter\">1,500<\/span><span class=\"td_social_info td_social_info_name\">Cititori<\/span><span class=\"td_social_button\"><a href=\"https:\/\/www.tiktok.com\/@orasultimisoara\" target=\"_blank\" rel=\"nofollow\">Conecta\u021bi-v\u0103<\/a><\/span><\/div>\n<\/div>\n<div class=\"td_social_type td-pb-margin-side td_social_twitter\">\n<div class=\"td-social-box\"><span class=\"td_social_info td_social_info_counter\">1,595<\/span><span class=\"td_social_info td_social_info_name\">Cititori<\/span><span class=\"td_social_button\"><a href=\"https:\/\/twitter.com\/orasultm\" target=\"_blank\" rel=\"nofollow\">Conecta\u021bi-v\u0103<\/a><\/span><\/div>\n<\/div>\n<div class=\"td_social_type td-pb-margin-side td_social_youtube\">\n<div class=\"td-social-box\"><span class=\"td_social_info td_social_info_counter\">3,506<\/span><span class=\"td_social_info td_social_info_name\">Abona\u021bi<\/span><span class=\"td_social_button\"><a href=\"https:\/\/www.youtube.com\/channel\/UCQNsQvs2XCSIm1Z-AHRturw?sub_confirmation=1\" target=\"_blank\" rel=\"nofollow\">Abona\u021bi-v\u0103<\/a><\/span><\/div>\n<\/div>\n<\/div>\n<\/div>\n<aside id=\"text-7\" class=\"td_block_template_8 widget text-7 widget_text\">\n<h4 class=\"td-block-title\"><span>C\u0103ut\u0103ri populare pe OTM<\/span><\/h4>\n<div class=\"textwidget\"><a href=\"https:\/\/orasul-timisoara.ro\/?s=timisoara\"><span>Timisoara<\/span><\/a><a href=\"https:\/\/orasul-timisoara.ro\/?s=calin+dobra\"><span>Calin Dobra<\/span><\/a><a href=\"https:\/\/orasul-timisoara.ro\/?s=primaria+timisoara\"><span>Primaria Timisoara<\/span><\/a><a href=\"https:\/\/orasul-timisoara.ro\/?s=dominic+fritz\"><span>Dominic Fritz<\/span><\/a><a href=\"https:\/\/orasul-timisoara.ro\/?s=nicolae+robu\"><span>Nicolae Robu<\/span><\/a><a href=\"https:\/\/orasul-timisoara.ro\/?s=consiliul+local+timisoara\">Consiliul Local Timisoara<\/a><a href=\"https:\/\/orasul-timisoara.ro\/?s=consiliul+judetean+timis\"><span>Consiliul Judetean Timis<\/span><\/a><a href=\"https:\/\/orasul-timisoara.ro\/?s=cjt\"><span>CJT<\/span><\/a><a href=\"https:\/\/orasul-timisoara.ro\/?s=Alfred+Simonis\"><span>Alfred Simonis<\/span><\/a><a href=\"https:\/\/orasul-timisoara.ro\/?s=PNL\"><span>PNL<\/span><\/a><a href=\"https:\/\/orasul-timisoara.ro\/?s=coronavirus\"><span>coronavirus<\/span><\/a><a href=\"https:\/\/orasul-timisoara.ro\/?s=teatru+timisoara\">teatru Timisoara<\/a><a href=\"https:\/\/orasul-timisoara.ro\/?s=restaurante\"><span>restaurante Timisoara<\/span><\/a><a href=\"https:\/\/orasul-timisoara.ro\/?s=diskoteka\"><span>Diskoteka<\/span><\/a><a href=\"https:\/\/orasul-timisoara.ro\/?s=iulius+town\"><span>Iulius Town<\/span><\/a><a href=\"https:\/\/orasul-timisoara.ro\/?s=iulius+mall\"><span>Iulius Mall<\/span><\/a><a href=\"https:\/\/orasul-timisoara.ro\/?s=stpt\"><span>STPT<\/span><\/a><a href=\"https:\/\/orasul-timisoara.ro\/?s=alin+nica\"><span>Alin Nica<\/span><\/a><a href=\"https:\/\/orasul-timisoara.ro\/?s=psd\"><span>PSD<\/span><\/a><a href=\"https:\/\/orasul-timisoara.ro\/?s=aeroport\"><span>Aeroportul International Timisoara<\/span><\/a><a href=\"https:\/\/orasul-timisoara.ro\/?s=babes\"><span>Spitalul Victor Babes Timisoara<\/span><\/a><a href=\"https:\/\/orasul-timisoara.ro\/?s=poli\"><span>Poli Timi\u0219oara<\/span><\/a><a href=\"https:\/\/orasul-timisoara.ro\/?s=carantina\"><span>carantina<\/span><\/a><a href=\"https:\/\/orasul-timisoara.ro\/?s=aquatim\"><span>Aquatim<\/span><\/a><a href=\"https:\/\/orasul-timisoara.ro\/local-category\/stiri-timisoara\/\"><span>Stiri Timisoara<\/span><\/a><a href=\"https:\/\/orasul-timisoara.ro\/local-category\/investitii-in-timisoara\/\"><span>Investi\u021bii in Timi\u0219oara<\/span><\/a><a href=\"https:\/\/orasul-timisoara.ro\/local-9463\/\"><span>shaorma<\/span><\/a><a href=\"https:\/\/orasul-timisoara.ro\/?s=trafic\"><span>trafic rutier<\/span><\/a><a href=\"https:\/\/orasul-timisoara.ro\/?s=politia\"><span>politia locala timisoara<\/span><\/a><a href=\"https:\/\/orasul-timisoara.ro\/?s=roxana\"><span>Roxana Iliescu<\/span><\/a><a href=\"https:\/\/orasul-timisoara.ro\/?s=colterm\"><span>Colterm<\/span><\/a><a href=\"https:\/\/orasul-timisoara.ro\/?s=latcau\"><span>Ruben La\u021bc\u0103u<\/span><\/a><a href=\"https:\/\/orasul-timisoara.ro\/?s=timis\"><span>\u0218tiri din Timi\u0219<\/span><\/a><a href=\"https:\/\/orasul-timisoara.ro\/?s=spital\"><span>Spitale din Timi\u0219oara<\/span><\/a><a href=\"https:\/\/orasul-timisoara.ro\/?s=tabara\"><span>Cosmin Tab\u0103r\u0103<\/span><\/a><\/div>\n<\/aside>\n<aside id=\"rss-2\" class=\"td_block_template_8 widget rss-2 widget_rss\">\n<h4 class=\"td-block-title\"><span><a class=\"rsswidget rss-widget-feed\" href=\"https:\/\/fashionfridays.ro\/feed\"><img decoding=\"async\" class=\"rss-widget-icon\" width=\"14\" height=\"14\" src=\"https:\/\/orasul-timisoara.ro\/wp-includes\/images\/rss.png\" alt=\"RSS\" loading=\"lazy\"><\/a><a class=\"rsswidget rss-widget-title\" href=\"https:\/\/fashionfridays.ro\/\">Fashion Fridays<\/a><\/span><\/h4>\n<ul>\n<li><a class=\"rsswidget\" href=\"https:\/\/fashionfridays.ro\/romania-devine-a-29-a-piata-vogue-o-noua-era-pentru-industria-locala-de-moda\/\">Rom\u00e2nia devine a 29-a pia\u021b\u0103 Vogue: o nou\u0103 er\u0103 pentru industria local\u0103 de mod\u0103<\/a>\n<div class=\"rssSummary\">Revista Vogue \u00ee\u0219i extinde prezen\u021ba global\u0103 \u0219i va fi lansat\u0103 oficial \u00een Rom\u00e2nia \u00een prim\u0103vara anului 2027, marc\u00e2nd intrarea pe cea de-a 29-a pia\u021b\u0103 interna\u021bional\u0103. Proiectul este realizat \u00een parteneriat cu AEMME Publishing, o companie media recent \u00eenfiin\u021bat\u0103, care va publica edi\u021bia local\u0103 sub licen\u021b\u0103. Noua edi\u021bie, Vogue Rom\u00e2nia, \u00ee\u0219i propune s\u0103 combine autoritatea global\u0103 [\u2026]<\/div>\n<\/li>\n<\/ul>\n<\/aside>\n<aside id=\"rss-4\" class=\"td_block_template_8 widget rss-4 widget_rss\">\n<h4 class=\"td-block-title\"><span><a class=\"rsswidget rss-widget-feed\" href=\"https:\/\/emasini.ro\/feed\"><img decoding=\"async\" class=\"rss-widget-icon\" width=\"14\" height=\"14\" src=\"https:\/\/orasul-timisoara.ro\/wp-includes\/images\/rss.png\" alt=\"RSS\" loading=\"lazy\"><\/a><a class=\"rsswidget rss-widget-title\" href=\"https:\/\/emasini.ro\/\">eMasini<\/a><\/span><\/h4>\n<ul>\n<li><a class=\"rsswidget\" href=\"https:\/\/emasini.ro\/dacia-analizeaza-lansarea-lui-hipster-automobilul-urban-de-doar-3-metri-lungime\/\">Dacia analizeaz\u0103 lansarea lui Hipster, automobilul urban de doar 3 metri lungime (video)<\/a>\n<div class=\"rssSummary\">Dacia ar putea introduce pe pia\u021b\u0103 unul dintre cele mai neobi\u0219nuite modele din istoria sa recent\u0103. Conceptul Hipster, prezentat anul trecut ca o reinterpretare radical\u0103 a automobilului urban accesibil, se afl\u0103 \u00een prezent \u00eentr-o etap\u0103 de evaluare, iar decizia privind produc\u021bia de serie va fi luat\u0103 \u00een func\u021bie de reac\u021bia publicului \u0219i de evolu\u021bia reglement\u0103rilor [\u2026]<\/div>\n<\/li>\n<\/ul>\n<\/aside>\n<\/div>\n<\/div>\n<\/div>\n<\/div>\n<\/article>\n<div class=\"td-post-content tagdiv-type\">\n<p class=\"wp-block-paragraph\">Direc\u021bia Sanitar\u0103 Veterinar\u0103 \u0219i pentru Siguran\u021ba Alimentelor (DSVSA) Timi\u0219 a anun\u021bat ridicarea restric\u021biilor sanitare veterinare instituite \u00een urma a dou\u0103 focare de pest\u0103 porcin\u0103 african\u0103 (PPA) depistate \u00een exploata\u021bii nonprofesionale din localitatea Bulg\u0103ru\u0219, comuna Lenauheim. Decizia a intrat \u00een vigoare \u00eencep\u00e2nd cu data de 14 iulie 2026, dup\u0103 stingerea oficial\u0103 a focarelor.<\/p>\n<p class=\"wp-block-paragraph\">M\u0103sura a fost aprobat\u0103 \u00een cadrul \u0219edin\u021bei Centrului Local de Combatere a Bolilor (CLCB) Timi\u0219, \u00een urma evalu\u0103rii situa\u021biei epidemiologice \u0219i a \u00eendeplinirii condi\u021biilor prev\u0103zute de legisla\u021bia sanitar-veterinar\u0103. Chiar dac\u0103 restric\u021biile au fost ridicate, autorit\u0103\u021bile subliniaz\u0103 c\u0103 m\u0103surile de prevenire \u00eempotriva r\u0103sp\u00e2ndirii virusului r\u0103m\u00e2n \u00een vigoare.<\/p>\n<h2 class=\"wp-block-heading\">Dou\u0103 focare de pest\u0103 porcin\u0103 african\u0103 au fost declarate stinse<\/h2>\n<p class=\"wp-block-paragraph\">Potrivit DSVSA Timi\u0219, cele dou\u0103 focare au fost \u00eenregistrate \u00een exploata\u021bii nonprofesionale din localitatea Bulg\u0103ru\u0219, comuna Lenauheim. Dup\u0103 finalizarea tuturor m\u0103surilor sanitare veterinare \u0219i confirmarea stingerii oficiale a focarelor, Centrul Local de Combatere a Bolilor a aprobat ridicarea restric\u021biilor instituite \u00een zon\u0103.<\/p>\n<p class=\"wp-block-paragraph\">Hot\u0103r\u00e2rea a fost adoptat\u0103 \u00een data de 14 iulie 2026 \u0219i are la baz\u0103 actele sanitare veterinare care confirm\u0103 eliminarea focarelor de boal\u0103.<\/p>\n<h2 class=\"wp-block-heading\">Restric\u021biile au fost eliminate \u00een mai multe localit\u0103\u021bi din Timi\u0219<\/h2>\n<p class=\"wp-block-paragraph\">Ridicarea restric\u021biilor sanitare veterinare vizeaz\u0103 mai multe localit\u0103\u021bi din jude\u021bul Timi\u0219 care se aflau \u00een zona de supraveghere epidemiologic\u0103. Este vorba despre Bulg\u0103ru\u0219, Uihei, Iecea Mare, Lenauheim, Graba\u021b, Gottlob, Lovrin, Pesac \u0219i \u0218andra.<\/p>\n<p class=\"wp-block-paragraph\">De asemenea, m\u0103sura se aplic\u0103 \u0219i exploata\u021biilor comerciale de suine apar\u021bin\u00e2nd SC COMTIM Rom\u00e2nia SRL \u2013 fermele Bulg\u0103ru\u0219, Iecea Mare 1 \u0219i Biled \u2013 precum \u0219i exploata\u021biei SC Prod Suin, ferma Iecea Mare 2.<\/p>\n<h2 class=\"wp-block-heading\">Ce obliga\u021bii r\u0103m\u00e2n \u00een vigoare pentru cresc\u0103torii de porci<\/h2>\n<p class=\"wp-block-paragraph\">De\u0219i restric\u021biile au fost ridicate, DSVSA Timi\u0219 precizeaz\u0103 c\u0103 introducerea porcinelor \u00een exploata\u021bii se poate face numai cu aprobarea institu\u021biei.<\/p>\n<p class=\"wp-block-paragraph\">Totodat\u0103, repopularea exploata\u021biilor este permis\u0103 doar dup\u0103 notificarea prealabil\u0103 a DSVSA Timi\u0219, iar orice mi\u0219care a animalelor trebuie realizat\u0103 exclusiv \u00een baza avizului sanitar-veterinar emis de autoritate.<\/p>\n<p class=\"wp-block-paragraph\">Institu\u021bia men\u021bine toate m\u0103surile de prevenire a introducerii \u0219i r\u0103sp\u00e2ndirii virusului pestei porcine africane pe teritoriul jude\u021bului Timi\u0219, pentru a reduce riscul apari\u021biei unor noi focare.<\/p>\n<h2 class=\"wp-block-heading\">Pesta porcin\u0103 african\u0103 nu se transmite la om<\/h2>\n<p class=\"wp-block-paragraph\">DSVSA Timi\u0219 reaminte\u0219te c\u0103 pesta porcin\u0103 african\u0103 nu reprezint\u0103 un pericol pentru s\u0103n\u0103tatea popula\u021biei. Virusul afecteaz\u0103 exclusiv porcii domestici \u0219i mistre\u021bii, f\u0103r\u0103 a exista risc de \u00eemboln\u0103vire pentru oameni sau prin consumul de carne provenit\u0103 de la animale s\u0103n\u0103toase \u0219i controlate sanitar-veterinar.<\/p>\n<p class=\"wp-block-paragraph\">Cu toate acestea, boala are un impact economic major asupra sectorului zootehnic, deoarece apari\u021bia focarelor impune sacrificarea animalelor afectate, restric\u021bii privind circula\u021bia porcinelor \u0219i m\u0103suri suplimentare de biosecuritate, care genereaz\u0103 pierderi importante pentru cresc\u0103tori \u0219i pentru industria de profil.<\/p>\n<h2 class=\"wp-block-heading\">Autorit\u0103\u021bile cer respectarea m\u0103surilor de biosecuritate<\/h2>\n<p class=\"wp-block-paragraph\">Medicii veterinari recomand\u0103 cresc\u0103torilor de porci s\u0103 respecte cu stricte\u021be normele de biosecuritate \u0219i s\u0103 anun\u021be imediat medicul veterinar sau DSVSA \u00een cazul apari\u021biei unor suspiciuni de boal\u0103.<\/p>\n<p class=\"wp-block-paragraph\">Respectarea regulilor privind mi\u0219carea animalelor, repopularea exploata\u021biilor \u0219i monitorizarea permanent\u0103 a efectivelor reprezint\u0103 principalele m\u0103suri prin care poate fi prevenit\u0103 reapari\u021bia pestei porcine africane \u00een jude\u021bul Timi\u0219.<\/p>\n<\/div>\n<p>[analyse_source url=&#8221;https:\/\/orasul-timisoara.ro\/local-39642\/&#8221;]<\/p>\n","protected":false},"excerpt":{"rendered":"<p>[analyse_image type=&#8221;featured&#8221; src=&#8221;https:\/\/orasul-timisoara.ro\/wp-content\/uploads\/2026\/07\/medic-pesta-porcina-porci.jpg&#8221;] S\u0103n\u0103tateDou\u0103 focare de pest\u0103 porcin\u0103 african\u0103, stinse oficial \u00een Timi\u0219. Ce m\u0103suri&#8230; S\u0103n\u0103tate \u0218tiri Locale Dou\u0103 focare de pest\u0103 porcin\u0103 african\u0103, stinse oficial \u00een Timi\u0219. Ce m\u0103suri r\u0103m\u00e2n \u00een vigoare De c\u0103tre redactia &#8211; 14\/07\/2026 Facebook Twitter WhatsApp Linkedin ReddIt Email Imprimare Direc\u021bia Sanitar\u0103 Veterinar\u0103 \u0219i pentru Siguran\u021ba Alimentelor (DSVSA) Timi\u0219 a [&hellip;]<\/p>\n","protected":false},"author":1,"featured_media":0,"comment_status":"open","ping_status":"","sticky":false,"template":"","format":"standard","meta":{"footnotes":""},"categories":[89],"tags":[226,189],"class_list":["post-2046765","post","type-post","status-publish","format-standard","hentry","category-romania","tag-crawlmanager","tag-orasul-timisoara-ro"],"_links":{"self":[{"href":"https:\/\/analyse.optim.biz\/index.php?rest_route=\/wp\/v2\/posts\/2046765","targetHints":{"allow":["GET"]}}],"collection":[{"href":"https:\/\/analyse.optim.biz\/index.php?rest_route=\/wp\/v2\/posts"}],"about":[{"href":"https:\/\/analyse.optim.biz\/index.php?rest_route=\/wp\/v2\/types\/post"}],"author":[{"embeddable":true,"href":"https:\/\/analyse.optim.biz\/index.php?rest_route=\/wp\/v2\/users\/1"}],"replies":[{"embeddable":true,"href":"https:\/\/analyse.optim.biz\/index.php?rest_route=%2Fwp%2Fv2%2Fcomments&post=2046765"}],"version-history":[{"count":0,"href":"https:\/\/analyse.optim.biz\/index.php?rest_route=\/wp\/v2\/posts\/2046765\/revisions"}],"wp:attachment":[{"href":"https:\/\/analyse.optim.biz\/index.php?rest_route=%2Fwp%2Fv2%2Fmedia&parent=2046765"}],"wp:term":[{"taxonomy":"category","embeddable":true,"href":"https:\/\/analyse.optim.biz\/index.php?rest_route=%2Fwp%2Fv2%2Fcategories&post=2046765"},{"taxonomy":"post_tag","embeddable":true,"href":"https:\/\/analyse.optim.biz\/index.php?rest_route=%2Fwp%2Fv2%2Ftags&post=2046765"}],"curies":[{"name":"wp","href":"https:\/\/api.w.org\/{rel}","templated":true}]}}