{"id":2046727,"date":"2026-07-16T15:33:49","date_gmt":"2026-07-16T12:33:49","guid":{"rendered":"https:\/\/analyse.optim.biz\/?p=2046727"},"modified":"2026-07-16T15:33:49","modified_gmt":"2026-07-16T12:33:49","slug":"sarbatoare-la-voitinel-vor-fi-doua-zile-dedicate-traditiilor-din-bucovina-stiri-suceava","status":"publish","type":"post","link":"https:\/\/analyse.optim.biz\/?p=2046727","title":{"rendered":"S\u0103rb\u0103toare, la Voitinel, vor fi dou\u0103 zile dedicate tradi\u021biilor din Bucovina &#8211; Stiri Suceava"},"content":{"rendered":"<p>[analyse_image type=&#8221;featured&#8221; src=&#8221;https:\/\/www.informatiata.ro\/wp-content\/uploads\/2026\/07\/IMG-20260715-WA0043.jpg&#8221;]<\/p>\n<div class=\"td-post-content tagdiv-type\">\n<div class=\"td-post-featured-image\"><a href=\"https:\/\/www.informatiata.ro\/wp-content\/uploads\/2026\/07\/IMG-20260715-WA0043.jpg\" data-caption><img loading=\"lazy\" decoding=\"async\" width=\"696\" height=\"1027\" class=\"entry-thumb td-modal-image\" src=\"https:\/\/www.informatiata.ro\/wp-content\/uploads\/2026\/07\/IMG-20260715-WA0043-696x1027.jpg\" alt title=\"IMG-20260715-WA0043\"><img loading=\"lazy\" decoding=\"async\" width=\"696\" height=\"1027\" class=\"entry-thumb td-modal-image\" src=\"https:\/\/www.informatiata.ro\/wp-content\/uploads\/2026\/07\/IMG-20260715-WA0043-696x1027.jpg\" alt title=\"IMG-20260715-WA0043\"><\/a><\/div>\n<p>S\u0103rb\u0103toare, la Voitinel, vor fi dou\u0103 zile dedicate tradi\u021biilor din Bucovina. Primarul localit\u0103\u021bii, Maria Ple\u0219ca, \u00eei invit\u0103 pe localnici dar nu numai pe ei, s\u0103 participe la evenimentele preg\u0103tite de<br \/>\n Prim\u0103ria \u0219i Consiliul Local Voitinel, pe 19 \u0219i 20 iulie. <\/p>\n<p>La C\u0103minul Cultural din Voitinel, va avea loc un bal tradi\u021bional,duminic\u0103. Atmosfera va fi \u00eentre\u021binut\u0103 de Taraful Regal Bucovina. <\/p>\n<div class=\"td-a-rec td-a-rec-id-content_inlineright  tdi_7 td_block_template_1\"><img loading=\"lazy\" decoding=\"async\" class=\"aligncenter size-full wp-image-65603\" src=\"https:\/\/www.informatiata.ro\/wp-content\/uploads\/2026\/07\/SAVCOM-19.gif\" alt width=\"299\" height=\"250\"><img loading=\"lazy\" decoding=\"async\" class=\"aligncenter size-full wp-image-65603\" src=\"https:\/\/www.informatiata.ro\/wp-content\/uploads\/2026\/07\/SAVCOM-19.gif\" alt width=\"299\" height=\"250\"><img loading=\"lazy\" decoding=\"async\" class=\"aligncenter size-full wp-image-65604\" src=\"https:\/\/www.informatiata.ro\/wp-content\/uploads\/2026\/07\/FACOS-16.gif\" alt width=\"300\" height=\"250\"><img loading=\"lazy\" decoding=\"async\" class=\"aligncenter size-full wp-image-65604\" src=\"https:\/\/www.informatiata.ro\/wp-content\/uploads\/2026\/07\/FACOS-16.gif\" alt width=\"300\" height=\"250\"><\/div>\n<p>Pe 20 iulie, de la ora 14:00, va avea loc tradi\u021bionala \u201eStr\u00e2nsur\u0103 de pe Dealul Leahului\u201d, una dintre cele mai cunoscute manifest\u0103ri folclorice din zon\u0103.<\/p>\n<p>Copii \u00een straie populare iar apoi localnici vor urca dealul \u00een cadrul unui moment special. <\/p>\n<p>Apoi le scen\u0103 vor urca interpre\u021bi aprecia\u021bi de muzic\u0103 popular\u0103, ansambluri folclorice \u0219i tineri arti\u0219ti din Bucovina. <\/p>\n<p>Printre invita\u021bii edi\u021biei din acest an se num\u0103r\u0103:Fetele din Boto\u0219ani, Gabriel Treteag, Diana Lungu, Sorin Filip, Marian Gogan, Ancu\u021ba Corl\u0103\u021ban, Dana D\u0103ncil\u0103, Lucica P\u0103ltineanu, Andra Matei, Ionu\u021b Tone\u021b, Nicolae Vieru, Adrian Semeniuc, Ionu\u021b Tan\u021ba \u0219i Leonard Raicu.<\/p>\n<p>Publicul va avea ocazia s\u0103 urm\u0103reasc\u0103 \u0219i evolu\u021biile Ansamblului Artistic Profesionist \u201eCiprian Porumbescu\u201d, ale Ansamblului \u201ePlaiuri Voitinene\u201d din Voitinel, Ansamblului \u201eFr\u0103t\u0103u\u021beanca\u201d din Fr\u0103t\u0103u\u021bii Vechi \u0219i Ansamblului \u201eTrandafir de Bucovina\u201d din Mili\u0219\u0103u\u021bi.<\/p>\n<p> Din program nu va lipsi nici Fanfara \u201eStejari\u201d din Vicovu de Sus, iar organizatorii au preg\u0103tit \u0219i un moment dedicat tinerelor talente locale.<\/p>\n<div class=\"td-a-rec td-a-rec-id-content_bottom  td-rec-hide-on-m tdi_8 td_block_template_1\"><img loading=\"lazy\" decoding=\"async\" class=\"aligncenter size-full wp-image-65603\" src=\"https:\/\/www.informatiata.ro\/wp-content\/uploads\/2026\/07\/SAVCOM-19.gif\" alt width=\"299\" height=\"250\"><img loading=\"lazy\" decoding=\"async\" class=\"aligncenter size-full wp-image-65603\" src=\"https:\/\/www.informatiata.ro\/wp-content\/uploads\/2026\/07\/SAVCOM-19.gif\" alt width=\"299\" height=\"250\"><img loading=\"lazy\" decoding=\"async\" class=\"aligncenter size-full wp-image-65604\" src=\"https:\/\/www.informatiata.ro\/wp-content\/uploads\/2026\/07\/FACOS-16.gif\" alt width=\"300\" height=\"250\"><img loading=\"lazy\" decoding=\"async\" class=\"aligncenter size-full wp-image-65604\" src=\"https:\/\/www.informatiata.ro\/wp-content\/uploads\/2026\/07\/FACOS-16.gif\" alt width=\"300\" height=\"250\"><\/div>\n<\/div>\n<p>[analyse_source url=&#8221;https:\/\/www.informatiata.ro\/traditii-bucovina-manifestari-voitinel\/&#8221;]<\/p>\n","protected":false},"excerpt":{"rendered":"<p>[analyse_image type=&#8221;featured&#8221; src=&#8221;https:\/\/www.informatiata.ro\/wp-content\/uploads\/2026\/07\/IMG-20260715-WA0043.jpg&#8221;] S\u0103rb\u0103toare, la Voitinel, vor fi dou\u0103 zile dedicate tradi\u021biilor din Bucovina. Primarul localit\u0103\u021bii, Maria Ple\u0219ca, \u00eei invit\u0103 pe localnici dar nu numai pe ei, s\u0103 participe la evenimentele preg\u0103tite de Prim\u0103ria \u0219i Consiliul Local Voitinel, pe 19 \u0219i 20 iulie. La C\u0103minul Cultural din Voitinel, va avea loc un bal tradi\u021bional,duminic\u0103. Atmosfera [&hellip;]<\/p>\n","protected":false},"author":1,"featured_media":0,"comment_status":"open","ping_status":"","sticky":false,"template":"","format":"standard","meta":{"footnotes":""},"categories":[89],"tags":[226,167],"class_list":["post-2046727","post","type-post","status-publish","format-standard","hentry","category-romania","tag-crawlmanager","tag-informatiata-ro"],"_links":{"self":[{"href":"https:\/\/analyse.optim.biz\/index.php?rest_route=\/wp\/v2\/posts\/2046727","targetHints":{"allow":["GET"]}}],"collection":[{"href":"https:\/\/analyse.optim.biz\/index.php?rest_route=\/wp\/v2\/posts"}],"about":[{"href":"https:\/\/analyse.optim.biz\/index.php?rest_route=\/wp\/v2\/types\/post"}],"author":[{"embeddable":true,"href":"https:\/\/analyse.optim.biz\/index.php?rest_route=\/wp\/v2\/users\/1"}],"replies":[{"embeddable":true,"href":"https:\/\/analyse.optim.biz\/index.php?rest_route=%2Fwp%2Fv2%2Fcomments&post=2046727"}],"version-history":[{"count":0,"href":"https:\/\/analyse.optim.biz\/index.php?rest_route=\/wp\/v2\/posts\/2046727\/revisions"}],"wp:attachment":[{"href":"https:\/\/analyse.optim.biz\/index.php?rest_route=%2Fwp%2Fv2%2Fmedia&parent=2046727"}],"wp:term":[{"taxonomy":"category","embeddable":true,"href":"https:\/\/analyse.optim.biz\/index.php?rest_route=%2Fwp%2Fv2%2Fcategories&post=2046727"},{"taxonomy":"post_tag","embeddable":true,"href":"https:\/\/analyse.optim.biz\/index.php?rest_route=%2Fwp%2Fv2%2Ftags&post=2046727"}],"curies":[{"name":"wp","href":"https:\/\/api.w.org\/{rel}","templated":true}]}}