{"id":2046725,"date":"2026-07-16T14:48:49","date_gmt":"2026-07-16T11:48:49","guid":{"rendered":"https:\/\/analyse.optim.biz\/?p=2046725"},"modified":"2026-07-16T14:48:49","modified_gmt":"2026-07-16T11:48:49","slug":"ucrainean-urmarit-international-prins-mort-de-beat-la-volan-la-vicovu-de-sus-stiri-suceava","status":"publish","type":"post","link":"https:\/\/analyse.optim.biz\/?p=2046725","title":{"rendered":"Ucrainean urm\u0103rit interna\u021bional, prins mort de beat la volan, la Vicovu de Sus &#8211; Stiri Suceava"},"content":{"rendered":"<p>[analyse_image type=&#8221;featured&#8221; src=&#8221;https:\/\/www.informatiata.ro\/wp-content\/uploads\/2026\/07\/politie-inters-991&#215;1024.jpg&#8221;]<\/p>\n<div class=\"td-post-content tagdiv-type\">\n<div class=\"td-post-featured-image\"><a href=\"https:\/\/www.informatiata.ro\/wp-content\/uploads\/2026\/07\/politie-inters-scaled.jpg\" data-caption><img loading=\"lazy\" decoding=\"async\" width=\"696\" height=\"719\" class=\"entry-thumb td-modal-image\" src=\"https:\/\/www.informatiata.ro\/wp-content\/uploads\/2026\/07\/politie-inters-696x719.jpg\" alt title=\"poli\u021bie inters\"><img loading=\"lazy\" decoding=\"async\" width=\"696\" height=\"719\" class=\"entry-thumb td-modal-image\" src=\"https:\/\/www.informatiata.ro\/wp-content\/uploads\/2026\/07\/politie-inters-696x719.jpg\" alt title=\"poli\u021bie inters\"><\/a><\/div>\n<p>Ucrainean urm\u0103rit interna\u021bional, prins mort de beat la volan, la Vicovu de Sus. B<\/p>\n<p>Poli\u021bi\u0219tii de frontier\u0103 din cadrul Serviciului Teritorial al Poli\u021biei de Frontier\u0103 Suceava au depistat \u00een trafic un cet\u0103\u021bean ucrainean care conducea un autoturism sub influen\u021ba b\u0103uturilor alcoolice. <\/p>\n<div class=\"td-a-rec td-a-rec-id-content_inlineright  tdi_7 td_block_template_1\"><img loading=\"lazy\" decoding=\"async\" class=\"aligncenter size-full wp-image-65603\" src=\"https:\/\/www.informatiata.ro\/wp-content\/uploads\/2026\/07\/SAVCOM-19.gif\" alt width=\"299\" height=\"250\"><img loading=\"lazy\" decoding=\"async\" class=\"aligncenter size-full wp-image-65603\" src=\"https:\/\/www.informatiata.ro\/wp-content\/uploads\/2026\/07\/SAVCOM-19.gif\" alt width=\"299\" height=\"250\"><img loading=\"lazy\" decoding=\"async\" class=\"aligncenter size-full wp-image-65604\" src=\"https:\/\/www.informatiata.ro\/wp-content\/uploads\/2026\/07\/FACOS-16.gif\" alt width=\"300\" height=\"250\"><img loading=\"lazy\" decoding=\"async\" class=\"aligncenter size-full wp-image-65604\" src=\"https:\/\/www.informatiata.ro\/wp-content\/uploads\/2026\/07\/FACOS-16.gif\" alt width=\"300\" height=\"250\"><\/div>\n<p>\u00cen urma verific\u0103rilor efectuate \u00een bazele de date, oamenii legii au constatat c\u0103 pe numele acestuia era emis\u0103 de autorit\u0103\u021bile croate o alert\u0103 interna\u021bional\u0103, fiind c\u0103utat \u00een vederea arest\u0103rii pentru predare sau extr\u0103dare.<\/p>\n<p>Miercuri, 15 iulie a.c., \u00een jurul orei 21:30, poli\u021bi\u0219tii de frontier\u0103 din cadrul Serviciului Teritorial al Poli\u021biei de Frontier\u0103 Suceava au oprit pentru control, pe raza localit\u0103\u021bii Vicovu de Sus, jude\u021bul Suceava, un autoturism \u00eenmatriculat \u00een Ucraina. La volanul acestuia se afla un cet\u0103\u021bean ucrainean \u00een v\u00e2rst\u0103 de 31 de ani.<\/p>\n<p>La solicitarea documentelor de identitate, b\u0103rbatul a declarat c\u0103 nu are asupra sa niciun act. Deoarece acesta mirosea a alcool, poli\u021bi\u0219tii de frontier\u0103 au solicitat sprijinul unui echipaj din cadrul Poli\u021biei Ora\u0219ului Vicovu de Sus.<\/p>\n<p>\u00cen urma test\u0103rii cu aparatul etilotest, rezultatul indicat a fost de 1,08 mg\/l alcool pur \u00een aerul expirat. <\/p>\n<p>Ucraineanul a fost condus la Spitalul Municipal R\u0103d\u0103u\u021bi pentru recoltarea probelor biologice, iar ulterior la sediul Serviciului Teritorial al Poli\u021biei de Frontier\u0103 Suceava, \u00een vederea continu\u0103rii verific\u0103rilor.<\/p>\n<p>Dup\u0103 stabilirea identit\u0103\u021bii \u0219i efectuarea verific\u0103rilor \u00een bazele de date, poli\u021bi\u0219tii au constatat c\u0103, la data de 26 mai 2026, autorit\u0103\u021bile din Croa\u021bia au emis pe numele acestuia o alert\u0103 cu men\u021biunea \u201epersoan\u0103 c\u0103utat\u0103 pentru a fi arestat\u0103 \u00een vederea pred\u0103rii sau extr\u0103d\u0103rii\u201d.<\/p>\n<p>\u00cen cauz\u0103 a fost \u00eentocmit dosar penal pentru s\u0103v\u00e2r\u0219irea infrac\u021biunii de conducerea unui autovehicul pe drumurile publice de c\u0103tre o persoan\u0103 aflat\u0103 sub influen\u021ba b\u0103uturilor alcoolice sau a altor substan\u021be, fapt\u0103 prev\u0103zut\u0103 de art. 336 alin. (1) din Codul penal.<\/p>\n<p>Ulterior, cet\u0103\u021beanul ucrainean a fost predat unui echipaj din cadrul Inspectoratului de Poli\u021bie Jude\u021bean Suceava \u2013 Serviciul de Investiga\u021bii Criminale, pentru a fi prezentat Parchetului de pe l\u00e2ng\u0103 Curtea de Apel Suceava, \u00een vederea dispunerii m\u0103surilor legale care se impun.<\/p>\n<div class=\"td-a-rec td-a-rec-id-content_bottom  td-rec-hide-on-m tdi_8 td_block_template_1\"><img loading=\"lazy\" decoding=\"async\" class=\"aligncenter size-full wp-image-65603\" src=\"https:\/\/www.informatiata.ro\/wp-content\/uploads\/2026\/07\/SAVCOM-19.gif\" alt width=\"299\" height=\"250\"><img loading=\"lazy\" decoding=\"async\" class=\"aligncenter size-full wp-image-65603\" src=\"https:\/\/www.informatiata.ro\/wp-content\/uploads\/2026\/07\/SAVCOM-19.gif\" alt width=\"299\" height=\"250\"><img loading=\"lazy\" decoding=\"async\" class=\"aligncenter size-full wp-image-65604\" src=\"https:\/\/www.informatiata.ro\/wp-content\/uploads\/2026\/07\/FACOS-16.gif\" alt width=\"300\" height=\"250\"><img loading=\"lazy\" decoding=\"async\" class=\"aligncenter size-full wp-image-65604\" src=\"https:\/\/www.informatiata.ro\/wp-content\/uploads\/2026\/07\/FACOS-16.gif\" alt width=\"300\" height=\"250\"><\/div>\n<\/div>\n<p>[analyse_source url=&#8221;https:\/\/www.informatiata.ro\/ucrainean-urmarit-prins-beat-volan\/&#8221;]<\/p>\n","protected":false},"excerpt":{"rendered":"<p>[analyse_image type=&#8221;featured&#8221; src=&#8221;https:\/\/www.informatiata.ro\/wp-content\/uploads\/2026\/07\/politie-inters-991&#215;1024.jpg&#8221;] Ucrainean urm\u0103rit interna\u021bional, prins mort de beat la volan, la Vicovu de Sus. B Poli\u021bi\u0219tii de frontier\u0103 din cadrul Serviciului Teritorial al Poli\u021biei de Frontier\u0103 Suceava au depistat \u00een trafic un cet\u0103\u021bean ucrainean care conducea un autoturism sub influen\u021ba b\u0103uturilor alcoolice. \u00cen urma verific\u0103rilor efectuate \u00een bazele de date, oamenii legii au [&hellip;]<\/p>\n","protected":false},"author":1,"featured_media":0,"comment_status":"open","ping_status":"","sticky":false,"template":"","format":"standard","meta":{"footnotes":""},"categories":[89],"tags":[226,167],"class_list":["post-2046725","post","type-post","status-publish","format-standard","hentry","category-romania","tag-crawlmanager","tag-informatiata-ro"],"_links":{"self":[{"href":"https:\/\/analyse.optim.biz\/index.php?rest_route=\/wp\/v2\/posts\/2046725","targetHints":{"allow":["GET"]}}],"collection":[{"href":"https:\/\/analyse.optim.biz\/index.php?rest_route=\/wp\/v2\/posts"}],"about":[{"href":"https:\/\/analyse.optim.biz\/index.php?rest_route=\/wp\/v2\/types\/post"}],"author":[{"embeddable":true,"href":"https:\/\/analyse.optim.biz\/index.php?rest_route=\/wp\/v2\/users\/1"}],"replies":[{"embeddable":true,"href":"https:\/\/analyse.optim.biz\/index.php?rest_route=%2Fwp%2Fv2%2Fcomments&post=2046725"}],"version-history":[{"count":0,"href":"https:\/\/analyse.optim.biz\/index.php?rest_route=\/wp\/v2\/posts\/2046725\/revisions"}],"wp:attachment":[{"href":"https:\/\/analyse.optim.biz\/index.php?rest_route=%2Fwp%2Fv2%2Fmedia&parent=2046725"}],"wp:term":[{"taxonomy":"category","embeddable":true,"href":"https:\/\/analyse.optim.biz\/index.php?rest_route=%2Fwp%2Fv2%2Fcategories&post=2046725"},{"taxonomy":"post_tag","embeddable":true,"href":"https:\/\/analyse.optim.biz\/index.php?rest_route=%2Fwp%2Fv2%2Ftags&post=2046725"}],"curies":[{"name":"wp","href":"https:\/\/api.w.org\/{rel}","templated":true}]}}