{"id":2046525,"date":"2026-07-16T10:00:34","date_gmt":"2026-07-16T07:00:34","guid":{"rendered":"https:\/\/analyse.optim.biz\/?p=2046525"},"modified":"2026-07-16T10:00:34","modified_gmt":"2026-07-16T07:00:34","slug":"scm-a-mai-anuntat-transferul-a-doi-juniori-alti-trei-jucatori-dau-probe-in-zavoi","status":"publish","type":"post","link":"https:\/\/analyse.optim.biz\/?p=2046525","title":{"rendered":"SCM a mai anun\u021bat transferul a doi juniori. Al\u021bi trei juc\u0103tori dau probe \u00een Z\u0103voi"},"content":{"rendered":"<p>[analyse_image type=&#8221;featured&#8221; src=&#8221;https:\/\/www.impactreal.ro\/wp-content\/uploads\/2025\/07\/WhatsApp-Image-2025-07-19-at-17.10.25-e1784196029574.jpeg&#8221;]<\/p>\n<div class=\"single-news-content\">\n<div class=\"news-image\"><img loading=\"lazy\" decoding=\"async\" width=\"960\" height=\"541\" src=\"https:\/\/www.impactreal.ro\/wp-content\/uploads\/2025\/07\/WhatsApp-Image-2025-07-19-at-17.10.25-e1784196029574.jpeg\" class=\"img-responsive wp-post-image\" alt=\"SCM a mai anun\u021bat transferul a doi juniori. Al\u021bi trei juc\u0103tori dau probe \u00een Z\u0103voi\"><\/div>\n<div class=\"news-detail clearfix\">\n<div class=\"entry-meta\"><span class=\"posted-date\"><a href=\"https:\/\/www.impactreal.ro\/2026\/07\/16\/scm-a-mai-anuntat-transferul-a-doi-juniori-alti-trei-jucatori-dau-probe-in-zavoi\/\" rel=\"bookmark\"><time class=\"entry-date published updated\" datetime=\"2026-07-16T13:00:34+03:00\">16 iulie 2026<\/time><\/a><\/span><span class=\"author vcard\"><a href=\"https:\/\/www.impactreal.ro\/author\/adi-georgescu\/\">Adi Georgescu<\/a><\/span><span class=\"cat-links\"><a href=\"https:\/\/www.impactreal.ro\/category\/sport\/\" rel=\"category tag\">Sport<\/a><\/span><\/div>\n<div class=\"news-content editor-content-entry\">\n<p><strong>Nou-promovat\u0103 \u00een Liga 2, SCM Rm. V\u00e2lcea a mai anun\u021bat dou\u0103 transferul a doi juniori: funda\u0219ul central Radu Panaite de la Academia Adrian Mutu \u0219i mijloca\u0219ul central Daniel Buti\u0219teanu de la Campionii FC Arge\u0219. <\/strong><\/p>\n<p>Echipa preg\u0103tit\u0103 de Constantin Schumacher a ajuns la 15 juc\u0103tori adu\u0219i \u00een aceast\u0103 var\u0103,\u00a0 astfel c\u0103 lotul pentru <strong>Liga 2<\/strong> este complet transformat fa\u021b\u0103 de cel din sezonul precedent \u0219i definitivat \u00een propor\u021bie de 90%.<\/p>\n<p>\u201d<em>SCM R\u00e2mnicu V\u00e2lcea continu\u0103 s\u0103 investeasc\u0103 \u00een tineri de perspectiv\u0103 \u0219i \u00eel transfer\u0103 pe Radu Andrei Panaite, funda\u0219 central de picior st\u00e2ng, n\u0103scut \u00een 2008.<\/em><\/p>\n<p><em>Un juc\u0103tor inteligent \u00een joc, disciplinat \u0219i foarte muncitor, Radu vine la V\u00e2lcea hot\u0103r\u00e2t s\u0103 \u00ee\u0219i continue dezvoltarea \u0219i s\u0103 \u00ee\u0219i c\u00e2\u0219tige locul prin seriozitate \u0219i munc\u0103.<\/em><\/p>\n<p><em>Primii pa\u0219i \u00een fotbal i-a f\u0103cut la Asocia\u021bia Sport Club Daco-Getica Bucure\u0219ti, ulterior evolu\u00e2nd \u0219i pentru ACS Lazio Celesti, iar \u00eenaintea transferului la SCM R\u00e2mnicu V\u00e2lcea a f\u0103cut parte din Academia lui Adrian Mutu.<\/em><\/p>\n<p><em>Conform acordului dintre cluburi, CS Academia Adrian Mutu \u00ee\u0219i p\u0103streaz\u0103 un procent de 20% dintr-un eventual transfer viitor al juc\u0103torului\u201d\u00a0\u00a0<\/em>se arat\u0103 pe pagina oficial\u0103 a clubului.<\/p>\n<p>\u201d<em>Vin cu un singur g\u00e2nd: s\u0103 muncesc \u0219i s\u0103 dau totul pentru aceast\u0103 echip\u0103. V\u00e2lcea este un ora\u0219 frumos \u0219i abia a\u0219tept s\u0103 \u00eembrac tricoul acestui club \u0219i s\u0103 contribui la \u00eendeplinirea obiectivelor. V\u0103 a\u0219tept\u0103m \u00een num\u0103r c\u00e2t mai mare la meciuri \u0219i sper s\u0103 ne bucur\u0103m \u00eempreun\u0103 de c\u00e2t mai multe rezultate frumoase<\/em>!\u201d este declara\u021bia dat\u0103 de juc\u0103tor pentru paginile oficiale ale clubului.<\/p>\n<p><strong>V\u00e2lceanul Buti\u0219teanu, transferat de la Campionii FC Arge\u0219<\/strong><\/p>\n<p>\u201d<em>SCM R\u00e2mnicu V\u00e2lcea continu\u0103 s\u0103 investeasc\u0103 \u00een tineri de perspectiv\u0103 \u0219i \u00eel transfer\u0103 pe Daniel Teodor Buti\u0219teanu, mijloca\u0219 n\u0103scut \u00een 2008, un fotbalist v\u00e2lcean cu un parcurs promi\u021b\u0103tor.<\/em><\/p>\n<p><em>Daniel a f\u0103cut primii pa\u0219i \u00een fotbal la iSport R\u00e2mnicu V\u00e2lcea, dup\u0103 care \u0219i-a continuat dezvoltarea la Academia Gheorghe Hagi, iar ulterior a evoluat pentru ACS Campionii Fotbal Club Arge\u0219.<\/em><\/p>\n<p><em>Un mijloca\u0219 inteligent, disciplinat \u0219i muncitor, Daniel revine acas\u0103 pentru a face parte din proiectul SCM R\u00e2mnicu V\u00e2lcea \u0219i pentru a contribui la \u00eendeplinirea obiectivelor echipei.<\/em><\/p>\n<p><em>Transferul a fost realizat \u00een baza unui acord cu ACS Campionii Fotbal Club Arge\u0219, club care \u00ee\u0219i p\u0103streaz\u0103 un procent de 25% din indemniza\u021bia unui viitor transfer al juc\u0103torului, conform \u00een\u021belegerii dintre cele dou\u0103 cluburi. \u00cei ur\u0103m bun venit \u0219i \u00eei dorim mult succes \u00een tricoul SCM R\u00e2mnicu V\u00e2lcea!\u201d<\/em> se arat\u0103 pe paginile de socializare ale lui SCM Rm. V\u00e2lcea<\/p>\n<p>Buti\u0219teanu anun\u021b\u0103 c\u0103 va pune um\u0103rul la obiectivele echipei preg\u0103tite de Constantin Schumacher. \u00a0\u201e<em>Sunt v\u00e2lcean \u0219i pentru mine este o m\u00e2ndrie \u0219i o responsabilitate s\u0103 \u00eembrac tricoul SCM R\u00e2mnicu V\u00e2lcea. Am ales s\u0103 revin acas\u0103 pentru c\u0103 am \u00eencredere \u00een acest proiect \u0219i vreau s\u0103 contribui la \u00eendeplinirea obiectivelor echipei. Voi reprezenta V\u00e2lcea cu m\u00e2ndrie, orgoliu \u0219i respect, iar \u00eempreun\u0103 sper s\u0103 aducem c\u00e2t mai mul\u021bi suporteri \u00een tribune prin rezultatele noastre. V\u00e2lcea merit\u0103 fotbal \u0219i voi da totul pentru acest club<\/em>.\u201d<\/p>\n<p><strong>Al\u021bi trei juc\u0103tori sunt \u00een probe <\/strong><\/p>\n<p>Antrenorul Constantin Schumacher mai are \u00een probe al\u021bi trei juc\u0103tori, \u00een privin\u021ba c\u0103rora urmeaz\u0103 s\u0103 se decid\u0103 p\u00e2n\u0103 la startul Ligii 2. Ace\u0219tia sunt funda\u0219ul <strong>John Dumitra<\/strong> (19 ani), ultima dat\u0103 la Farul Constan\u021ba, mijloca\u0219ul <strong>Bogdan Pitulac<\/strong> (18 ani), ultima dat\u0103 la Dinamo Bucure\u0219ti \u0219i portarul <strong>Cristian Hodor<\/strong> (18 ani), care apar\u021bine de FC Voluntari.<\/p>\n<p>V\u00e2lcea i-a mai achizi\u021bionat \u00een aceast\u0103 var\u0103 pe Valentin Fr\u0103\u021bil\u0103 (\u00eemprumutat de la Farul Constan\u021ba), Marian Manea (ex AFC ASA T\u00e2rgu Mure\u0219), Andrei Tra\u0219cu (ex CSM Slatina), Darius Grigore (ex Concordia Chiajna), Eric Nistor (ex AFC C\u00e2mpulung Muscel), Drago\u0219 Huiban (ex Metaloglobus). Vasile Constantin, Marian Danciu (ambii de la U Craiova 2), Cristian Dumitru (ex Metalul Buz\u0103u), Rare\u0219 Tom\u0219a (ex Jiul Petro\u0219ani), Rare\u0219 Ciubotariu (ex CS Tunari), Ionu\u021b Uleia (ex CS Dinamo) \u0219i Darius Pi\u021bigoi (juniori FCU Craiova).<\/p>\n<p><strong>SCM Rm. V\u00e2lcea<\/strong> \u00ee\u0219i prezint\u0103 lotul pentru Liga 2 <strong>s\u00e2mb\u0103t\u0103 (ora 11.00)<\/strong>, <strong>\u00een Z\u0103voi<\/strong>, la amicalul de gal\u0103 cu <strong>Steaua Bucure\u0219ti.<\/strong><\/p>\n<p>\u00a0<\/p>\n<p>\u00a0<\/p>\n<p>\u00a0<\/p>\n<p>\u00a0<\/p>\n<\/div>\n<\/div>\n<\/div>\n<div class=\"news-content editor-content-entry\">\n<p><strong>Nou-promovat\u0103 \u00een Liga 2, SCM Rm. V\u00e2lcea a mai anun\u021bat dou\u0103 transferul a doi juniori: funda\u0219ul central Radu Panaite de la Academia Adrian Mutu \u0219i mijloca\u0219ul central Daniel Buti\u0219teanu de la Campionii FC Arge\u0219. <\/strong><\/p>\n<p>Echipa preg\u0103tit\u0103 de Constantin Schumacher a ajuns la 15 juc\u0103tori adu\u0219i \u00een aceast\u0103 var\u0103,\u00a0 astfel c\u0103 lotul pentru <strong>Liga 2<\/strong> este complet transformat fa\u021b\u0103 de cel din sezonul precedent \u0219i definitivat \u00een propor\u021bie de 90%.<\/p>\n<p>\u201d<em>SCM R\u00e2mnicu V\u00e2lcea continu\u0103 s\u0103 investeasc\u0103 \u00een tineri de perspectiv\u0103 \u0219i \u00eel transfer\u0103 pe Radu Andrei Panaite, funda\u0219 central de picior st\u00e2ng, n\u0103scut \u00een 2008.<\/em><\/p>\n<p><em>Un juc\u0103tor inteligent \u00een joc, disciplinat \u0219i foarte muncitor, Radu vine la V\u00e2lcea hot\u0103r\u00e2t s\u0103 \u00ee\u0219i continue dezvoltarea \u0219i s\u0103 \u00ee\u0219i c\u00e2\u0219tige locul prin seriozitate \u0219i munc\u0103.<\/em><\/p>\n<p><em>Primii pa\u0219i \u00een fotbal i-a f\u0103cut la Asocia\u021bia Sport Club Daco-Getica Bucure\u0219ti, ulterior evolu\u00e2nd \u0219i pentru ACS Lazio Celesti, iar \u00eenaintea transferului la SCM R\u00e2mnicu V\u00e2lcea a f\u0103cut parte din Academia lui Adrian Mutu.<\/em><\/p>\n<p><em>Conform acordului dintre cluburi, CS Academia Adrian Mutu \u00ee\u0219i p\u0103streaz\u0103 un procent de 20% dintr-un eventual transfer viitor al juc\u0103torului\u201d\u00a0\u00a0<\/em>se arat\u0103 pe pagina oficial\u0103 a clubului.<\/p>\n<p>\u201d<em>Vin cu un singur g\u00e2nd: s\u0103 muncesc \u0219i s\u0103 dau totul pentru aceast\u0103 echip\u0103. V\u00e2lcea este un ora\u0219 frumos \u0219i abia a\u0219tept s\u0103 \u00eembrac tricoul acestui club \u0219i s\u0103 contribui la \u00eendeplinirea obiectivelor. V\u0103 a\u0219tept\u0103m \u00een num\u0103r c\u00e2t mai mare la meciuri \u0219i sper s\u0103 ne bucur\u0103m \u00eempreun\u0103 de c\u00e2t mai multe rezultate frumoase<\/em>!\u201d este declara\u021bia dat\u0103 de juc\u0103tor pentru paginile oficiale ale clubului.<\/p>\n<p><strong>V\u00e2lceanul Buti\u0219teanu, transferat de la Campionii FC Arge\u0219<\/strong><\/p>\n<p>\u201d<em>SCM R\u00e2mnicu V\u00e2lcea continu\u0103 s\u0103 investeasc\u0103 \u00een tineri de perspectiv\u0103 \u0219i \u00eel transfer\u0103 pe Daniel Teodor Buti\u0219teanu, mijloca\u0219 n\u0103scut \u00een 2008, un fotbalist v\u00e2lcean cu un parcurs promi\u021b\u0103tor.<\/em><\/p>\n<p><em>Daniel a f\u0103cut primii pa\u0219i \u00een fotbal la iSport R\u00e2mnicu V\u00e2lcea, dup\u0103 care \u0219i-a continuat dezvoltarea la Academia Gheorghe Hagi, iar ulterior a evoluat pentru ACS Campionii Fotbal Club Arge\u0219.<\/em><\/p>\n<p><em>Un mijloca\u0219 inteligent, disciplinat \u0219i muncitor, Daniel revine acas\u0103 pentru a face parte din proiectul SCM R\u00e2mnicu V\u00e2lcea \u0219i pentru a contribui la \u00eendeplinirea obiectivelor echipei.<\/em><\/p>\n<p><em>Transferul a fost realizat \u00een baza unui acord cu ACS Campionii Fotbal Club Arge\u0219, club care \u00ee\u0219i p\u0103streaz\u0103 un procent de 25% din indemniza\u021bia unui viitor transfer al juc\u0103torului, conform \u00een\u021belegerii dintre cele dou\u0103 cluburi. \u00cei ur\u0103m bun venit \u0219i \u00eei dorim mult succes \u00een tricoul SCM R\u00e2mnicu V\u00e2lcea!\u201d<\/em> se arat\u0103 pe paginile de socializare ale lui SCM Rm. V\u00e2lcea<\/p>\n<p>Buti\u0219teanu anun\u021b\u0103 c\u0103 va pune um\u0103rul la obiectivele echipei preg\u0103tite de Constantin Schumacher. \u00a0\u201e<em>Sunt v\u00e2lcean \u0219i pentru mine este o m\u00e2ndrie \u0219i o responsabilitate s\u0103 \u00eembrac tricoul SCM R\u00e2mnicu V\u00e2lcea. Am ales s\u0103 revin acas\u0103 pentru c\u0103 am \u00eencredere \u00een acest proiect \u0219i vreau s\u0103 contribui la \u00eendeplinirea obiectivelor echipei. Voi reprezenta V\u00e2lcea cu m\u00e2ndrie, orgoliu \u0219i respect, iar \u00eempreun\u0103 sper s\u0103 aducem c\u00e2t mai mul\u021bi suporteri \u00een tribune prin rezultatele noastre. V\u00e2lcea merit\u0103 fotbal \u0219i voi da totul pentru acest club<\/em>.\u201d<\/p>\n<p><strong>Al\u021bi trei juc\u0103tori sunt \u00een probe <\/strong><\/p>\n<p>Antrenorul Constantin Schumacher mai are \u00een probe al\u021bi trei juc\u0103tori, \u00een privin\u021ba c\u0103rora urmeaz\u0103 s\u0103 se decid\u0103 p\u00e2n\u0103 la startul Ligii 2. Ace\u0219tia sunt funda\u0219ul <strong>John Dumitra<\/strong> (19 ani), ultima dat\u0103 la Farul Constan\u021ba, mijloca\u0219ul <strong>Bogdan Pitulac<\/strong> (18 ani), ultima dat\u0103 la Dinamo Bucure\u0219ti \u0219i portarul <strong>Cristian Hodor<\/strong> (18 ani), care apar\u021bine de FC Voluntari.<\/p>\n<p>V\u00e2lcea i-a mai achizi\u021bionat \u00een aceast\u0103 var\u0103 pe Valentin Fr\u0103\u021bil\u0103 (\u00eemprumutat de la Farul Constan\u021ba), Marian Manea (ex AFC ASA T\u00e2rgu Mure\u0219), Andrei Tra\u0219cu (ex CSM Slatina), Darius Grigore (ex Concordia Chiajna), Eric Nistor (ex AFC C\u00e2mpulung Muscel), Drago\u0219 Huiban (ex Metaloglobus). Vasile Constantin, Marian Danciu (ambii de la U Craiova 2), Cristian Dumitru (ex Metalul Buz\u0103u), Rare\u0219 Tom\u0219a (ex Jiul Petro\u0219ani), Rare\u0219 Ciubotariu (ex CS Tunari), Ionu\u021b Uleia (ex CS Dinamo) \u0219i Darius Pi\u021bigoi (juniori FCU Craiova).<\/p>\n<p><strong>SCM Rm. V\u00e2lcea<\/strong> \u00ee\u0219i prezint\u0103 lotul pentru Liga 2 <strong>s\u00e2mb\u0103t\u0103 (ora 11.00)<\/strong>, <strong>\u00een Z\u0103voi<\/strong>, la amicalul de gal\u0103 cu <strong>Steaua Bucure\u0219ti.<\/strong><\/p>\n<p>\u00a0<\/p>\n<p>\u00a0<\/p>\n<p>\u00a0<\/p>\n<p>\u00a0<\/p>\n<\/div>\n<div class=\"news-content editor-content-entry\">\n<p><strong>Nou-promovat\u0103 \u00een Liga 2, SCM Rm. V\u00e2lcea a mai anun\u021bat dou\u0103 transferul a doi juniori: funda\u0219ul central Radu Panaite de la Academia Adrian Mutu \u0219i mijloca\u0219ul central Daniel Buti\u0219teanu de la Campionii FC Arge\u0219. <\/strong><\/p>\n<p>Echipa preg\u0103tit\u0103 de Constantin Schumacher a ajuns la 15 juc\u0103tori adu\u0219i \u00een aceast\u0103 var\u0103,\u00a0 astfel c\u0103 lotul pentru <strong>Liga 2<\/strong> este complet transformat fa\u021b\u0103 de cel din sezonul precedent \u0219i definitivat \u00een propor\u021bie de 90%.<\/p>\n<p>\u201d<em>SCM R\u00e2mnicu V\u00e2lcea continu\u0103 s\u0103 investeasc\u0103 \u00een tineri de perspectiv\u0103 \u0219i \u00eel transfer\u0103 pe Radu Andrei Panaite, funda\u0219 central de picior st\u00e2ng, n\u0103scut \u00een 2008.<\/em><\/p>\n<p><em>Un juc\u0103tor inteligent \u00een joc, disciplinat \u0219i foarte muncitor, Radu vine la V\u00e2lcea hot\u0103r\u00e2t s\u0103 \u00ee\u0219i continue dezvoltarea \u0219i s\u0103 \u00ee\u0219i c\u00e2\u0219tige locul prin seriozitate \u0219i munc\u0103.<\/em><\/p>\n<p><em>Primii pa\u0219i \u00een fotbal i-a f\u0103cut la Asocia\u021bia Sport Club Daco-Getica Bucure\u0219ti, ulterior evolu\u00e2nd \u0219i pentru ACS Lazio Celesti, iar \u00eenaintea transferului la SCM R\u00e2mnicu V\u00e2lcea a f\u0103cut parte din Academia lui Adrian Mutu.<\/em><\/p>\n<p><em>Conform acordului dintre cluburi, CS Academia Adrian Mutu \u00ee\u0219i p\u0103streaz\u0103 un procent de 20% dintr-un eventual transfer viitor al juc\u0103torului\u201d\u00a0\u00a0<\/em>se arat\u0103 pe pagina oficial\u0103 a clubului.<\/p>\n<p>\u201d<em>Vin cu un singur g\u00e2nd: s\u0103 muncesc \u0219i s\u0103 dau totul pentru aceast\u0103 echip\u0103. V\u00e2lcea este un ora\u0219 frumos \u0219i abia a\u0219tept s\u0103 \u00eembrac tricoul acestui club \u0219i s\u0103 contribui la \u00eendeplinirea obiectivelor. V\u0103 a\u0219tept\u0103m \u00een num\u0103r c\u00e2t mai mare la meciuri \u0219i sper s\u0103 ne bucur\u0103m \u00eempreun\u0103 de c\u00e2t mai multe rezultate frumoase<\/em>!\u201d este declara\u021bia dat\u0103 de juc\u0103tor pentru paginile oficiale ale clubului.<\/p>\n<p><strong>V\u00e2lceanul Buti\u0219teanu, transferat de la Campionii FC Arge\u0219<\/strong><\/p>\n<p>\u201d<em>SCM R\u00e2mnicu V\u00e2lcea continu\u0103 s\u0103 investeasc\u0103 \u00een tineri de perspectiv\u0103 \u0219i \u00eel transfer\u0103 pe Daniel Teodor Buti\u0219teanu, mijloca\u0219 n\u0103scut \u00een 2008, un fotbalist v\u00e2lcean cu un parcurs promi\u021b\u0103tor.<\/em><\/p>\n<p><em>Daniel a f\u0103cut primii pa\u0219i \u00een fotbal la iSport R\u00e2mnicu V\u00e2lcea, dup\u0103 care \u0219i-a continuat dezvoltarea la Academia Gheorghe Hagi, iar ulterior a evoluat pentru ACS Campionii Fotbal Club Arge\u0219.<\/em><\/p>\n<p><em>Un mijloca\u0219 inteligent, disciplinat \u0219i muncitor, Daniel revine acas\u0103 pentru a face parte din proiectul SCM R\u00e2mnicu V\u00e2lcea \u0219i pentru a contribui la \u00eendeplinirea obiectivelor echipei.<\/em><\/p>\n<p><em>Transferul a fost realizat \u00een baza unui acord cu ACS Campionii Fotbal Club Arge\u0219, club care \u00ee\u0219i p\u0103streaz\u0103 un procent de 25% din indemniza\u021bia unui viitor transfer al juc\u0103torului, conform \u00een\u021belegerii dintre cele dou\u0103 cluburi. \u00cei ur\u0103m bun venit \u0219i \u00eei dorim mult succes \u00een tricoul SCM R\u00e2mnicu V\u00e2lcea!\u201d<\/em> se arat\u0103 pe paginile de socializare ale lui SCM Rm. V\u00e2lcea<\/p>\n<p>Buti\u0219teanu anun\u021b\u0103 c\u0103 va pune um\u0103rul la obiectivele echipei preg\u0103tite de Constantin Schumacher. \u00a0\u201e<em>Sunt v\u00e2lcean \u0219i pentru mine este o m\u00e2ndrie \u0219i o responsabilitate s\u0103 \u00eembrac tricoul SCM R\u00e2mnicu V\u00e2lcea. Am ales s\u0103 revin acas\u0103 pentru c\u0103 am \u00eencredere \u00een acest proiect \u0219i vreau s\u0103 contribui la \u00eendeplinirea obiectivelor echipei. Voi reprezenta V\u00e2lcea cu m\u00e2ndrie, orgoliu \u0219i respect, iar \u00eempreun\u0103 sper s\u0103 aducem c\u00e2t mai mul\u021bi suporteri \u00een tribune prin rezultatele noastre. V\u00e2lcea merit\u0103 fotbal \u0219i voi da totul pentru acest club<\/em>.\u201d<\/p>\n<p><strong>Al\u021bi trei juc\u0103tori sunt \u00een probe <\/strong><\/p>\n<p>Antrenorul Constantin Schumacher mai are \u00een probe al\u021bi trei juc\u0103tori, \u00een privin\u021ba c\u0103rora urmeaz\u0103 s\u0103 se decid\u0103 p\u00e2n\u0103 la startul Ligii 2. Ace\u0219tia sunt funda\u0219ul <strong>John Dumitra<\/strong> (19 ani), ultima dat\u0103 la Farul Constan\u021ba, mijloca\u0219ul <strong>Bogdan Pitulac<\/strong> (18 ani), ultima dat\u0103 la Dinamo Bucure\u0219ti \u0219i portarul <strong>Cristian Hodor<\/strong> (18 ani), care apar\u021bine de FC Voluntari.<\/p>\n<p>V\u00e2lcea i-a mai achizi\u021bionat \u00een aceast\u0103 var\u0103 pe Valentin Fr\u0103\u021bil\u0103 (\u00eemprumutat de la Farul Constan\u021ba), Marian Manea (ex AFC ASA T\u00e2rgu Mure\u0219), Andrei Tra\u0219cu (ex CSM Slatina), Darius Grigore (ex Concordia Chiajna), Eric Nistor (ex AFC C\u00e2mpulung Muscel), Drago\u0219 Huiban (ex Metaloglobus). Vasile Constantin, Marian Danciu (ambii de la U Craiova 2), Cristian Dumitru (ex Metalul Buz\u0103u), Rare\u0219 Tom\u0219a (ex Jiul Petro\u0219ani), Rare\u0219 Ciubotariu (ex CS Tunari), Ionu\u021b Uleia (ex CS Dinamo) \u0219i Darius Pi\u021bigoi (juniori FCU Craiova).<\/p>\n<p><strong>SCM Rm. V\u00e2lcea<\/strong> \u00ee\u0219i prezint\u0103 lotul pentru Liga 2 <strong>s\u00e2mb\u0103t\u0103 (ora 11.00)<\/strong>, <strong>\u00een Z\u0103voi<\/strong>, la amicalul de gal\u0103 cu <strong>Steaua Bucure\u0219ti.<\/strong><\/p>\n<p>\u00a0<\/p>\n<p>\u00a0<\/p>\n<p>\u00a0<\/p>\n<p>\u00a0<\/p>\n<\/div>\n<p>[analyse_source url=&#8221;https:\/\/www.impactreal.ro\/2026\/07\/16\/scm-a-mai-anuntat-transferul-a-doi-juniori-alti-trei-jucatori-dau-probe-in-zavoi\/&#8221;]<\/p>\n","protected":false},"excerpt":{"rendered":"<p>[analyse_image type=&#8221;featured&#8221; src=&#8221;https:\/\/www.impactreal.ro\/wp-content\/uploads\/2025\/07\/WhatsApp-Image-2025-07-19-at-17.10.25-e1784196029574.jpeg&#8221;] 16 iulie 2026Adi GeorgescuSport Nou-promovat\u0103 \u00een Liga 2, SCM Rm. V\u00e2lcea a mai anun\u021bat dou\u0103 transferul a doi juniori: funda\u0219ul central Radu Panaite de la Academia Adrian Mutu \u0219i mijloca\u0219ul central Daniel Buti\u0219teanu de la Campionii FC Arge\u0219. Echipa preg\u0103tit\u0103 de Constantin Schumacher a ajuns la 15 juc\u0103tori adu\u0219i \u00een aceast\u0103 var\u0103,\u00a0 [&hellip;]<\/p>\n","protected":false},"author":1,"featured_media":0,"comment_status":"open","ping_status":"","sticky":false,"template":"","format":"standard","meta":{"footnotes":""},"categories":[89],"tags":[226,212],"class_list":["post-2046525","post","type-post","status-publish","format-standard","hentry","category-romania","tag-crawlmanager","tag-impactreal-ro"],"_links":{"self":[{"href":"https:\/\/analyse.optim.biz\/index.php?rest_route=\/wp\/v2\/posts\/2046525","targetHints":{"allow":["GET"]}}],"collection":[{"href":"https:\/\/analyse.optim.biz\/index.php?rest_route=\/wp\/v2\/posts"}],"about":[{"href":"https:\/\/analyse.optim.biz\/index.php?rest_route=\/wp\/v2\/types\/post"}],"author":[{"embeddable":true,"href":"https:\/\/analyse.optim.biz\/index.php?rest_route=\/wp\/v2\/users\/1"}],"replies":[{"embeddable":true,"href":"https:\/\/analyse.optim.biz\/index.php?rest_route=%2Fwp%2Fv2%2Fcomments&post=2046525"}],"version-history":[{"count":0,"href":"https:\/\/analyse.optim.biz\/index.php?rest_route=\/wp\/v2\/posts\/2046525\/revisions"}],"wp:attachment":[{"href":"https:\/\/analyse.optim.biz\/index.php?rest_route=%2Fwp%2Fv2%2Fmedia&parent=2046525"}],"wp:term":[{"taxonomy":"category","embeddable":true,"href":"https:\/\/analyse.optim.biz\/index.php?rest_route=%2Fwp%2Fv2%2Fcategories&post=2046525"},{"taxonomy":"post_tag","embeddable":true,"href":"https:\/\/analyse.optim.biz\/index.php?rest_route=%2Fwp%2Fv2%2Ftags&post=2046525"}],"curies":[{"name":"wp","href":"https:\/\/api.w.org\/{rel}","templated":true}]}}