{"id":2046226,"date":"2026-07-15T13:55:32","date_gmt":"2026-07-15T10:55:32","guid":{"rendered":"https:\/\/analyse.optim.biz\/?p=2046226"},"modified":"2026-07-15T13:55:32","modified_gmt":"2026-07-15T10:55:32","slug":"premiera-la-aeroportul-timisoara-zboruri-directe-catre-rotterdam-si-copenhaga-video","status":"publish","type":"post","link":"https:\/\/analyse.optim.biz\/?p=2046226","title":{"rendered":"Premier\u0103 la Aeroportul Timi\u0219oara: zboruri directe c\u0103tre Rotterdam \u0219i Copenhaga (video)"},"content":{"rendered":"<p>[analyse_image type=&#8221;featured&#8221; src=&#8221;https:\/\/orasul-timisoara.ro\/wp-content\/uploads\/2026\/07\/animawings-3.jpg&#8221;]<\/p>\n<article id=\"post-39690\" class=\"td-post-template-7 post-39690 post type-post status-publish format-standard has-post-thumbnail category-featured category-stiri-timisoara category-turism tag-aeroport-timisoara-2 tag-aeroportul-international-timisoara-2 tag-airbus-a220-300 tag-animawings tag-city-break tag-copenhaga tag-curse-internationale tag-diaspora-romaneasca tag-rotterdam tag-timisoara-2 tag-transport-aerian tag-vestul-romaniei tag-zboruri-directe td-container-wrap\">\n<div class=\"td-full-screen-header-image-wrap\">\n<div class=\"td-container td-post-header\">\n<div class=\"td-crumb-container\">\n<div class=\"entry-crumbs\"><span><a title=\"Vede\u021bi toate articolele \u00een \u0218tiri Locale\" class=\"entry-crumb\" href=\"https:\/\/orasul-timisoara.ro\/local-category\/stiri-timisoara\/\">\u0218tiri Locale<\/a><\/span><span class=\"td-bred-no-url-last\">Premier\u0103 la Aeroportul Timi\u0219oara: zboruri directe c\u0103tre Rotterdam \u0219i Copenhaga (video)<\/span><\/div>\n<\/div>\n<div class=\"td-post-header-holder\">\n<div class=\"td-parallax-header\">\n<header class=\"td-post-title\">\n<ul class=\"td-category\">\n<li class=\"entry-category\"><a href=\"https:\/\/orasul-timisoara.ro\/local-category\/stiri-timisoara\/\">\u0218tiri Locale<\/a><\/li>\n<li class=\"entry-category\"><a href=\"https:\/\/orasul-timisoara.ro\/local-category\/turism\/\">Turism<\/a><\/li>\n<\/ul>\n<h1 class=\"entry-title\">Premier\u0103 la Aeroportul Timi\u0219oara: zboruri directe c\u0103tre Rotterdam \u0219i Copenhaga (video)<\/h1>\n<div class=\"td-module-meta-info\">\n<div class=\"td-post-author-name\">\n<div class=\"td-author-by\">De c\u0103tre<\/div>\n<p><a href=\"https:\/\/orasul-timisoara.ro\/author\/timisoara\/\">redactia<\/a><\/p>\n<div class=\"td-author-line\"> &#8211; <\/div>\n<\/div>\n<p><span class=\"td-post-date\"><time class=\"entry-date updated td-module-date\" datetime=\"2026-07-15T16:55:32+03:00\">15\/07\/2026<\/time><\/span><\/div>\n<\/header>\n<\/div>\n<\/div>\n<\/div>\n<div id=\"td-full-screen-header-image\" class=\"td-image-gradient-style7\"><img decoding=\"async\" class=\"td-backstretch\" src=\"https:\/\/orasul-timisoara.ro\/wp-content\/uploads\/2026\/07\/animawings-3.jpg\"><\/div>\n<\/div>\n<div class=\"td-container\">\n<div class=\"td-pb-row\">\n<div class=\"td-pb-span8 td-main-content\" role=\"main\">\n<div class=\"td-ss-main-content\">\n<div class=\"td-post-sharing-top\">\n<div class=\"td-post-sharing-classic\"><iframe title=\"topFacebookLike\" frameborder src=\"https:\/\/www.facebook.com\/plugins\/like.php?href=https:\/\/orasul-timisoara.ro\/local-39690\/&amp;layout=button_count&amp;show_faces=false&amp;width=105&amp;action=like&amp;colorscheme=light&amp;height=21\"><\/iframe><\/div>\n<div id=\"td_social_sharing_article_top\" class=\"td-post-sharing td-ps-bg td-ps-notext td-post-sharing-style1 \">\n<div class=\"td-post-sharing-visible\"><a class=\"td-social-sharing-button td-social-sharing-button-js td-social-network td-social-facebook\" href=\"https:\/\/www.facebook.com\/sharer.php?u=https%3A%2F%2Forasul-timisoara.ro%2Flocal-39690%2F\" title=\"Facebook\"><\/p>\n<div class=\"td-social-but-text\">Facebook<\/div>\n<p><\/a><a class=\"td-social-sharing-button td-social-sharing-button-js td-social-network td-social-twitter\" href=\"https:\/\/twitter.com\/intent\/tweet?text=Premier%C4%83+la+Aeroportul+Timi%C8%99oara%3A+zboruri+directe+c%C4%83tre+Rotterdam+%C8%99i+Copenhaga+%28video%29&amp;url=https%3A%2F%2Forasul-timisoara.ro%2Flocal-39690%2F&amp;via=orasultm\" title=\"Twitter\"><\/p>\n<div class=\"td-social-but-text\">Twitter<\/div>\n<p><\/a><a class=\"td-social-sharing-button td-social-sharing-button-js td-social-network td-social-whatsapp\" href=\"https:\/\/api.whatsapp.com\/send?text=Premier%C4%83+la+Aeroportul+Timi%C8%99oara%3A+zboruri+directe+c%C4%83tre+Rotterdam+%C8%99i+Copenhaga+%28video%29%20%0A%0A%20https:\/\/orasul-timisoara.ro\/local-39690\/\" title=\"WhatsApp\"><\/p>\n<div class=\"td-social-but-text\">WhatsApp<\/div>\n<p><\/a><a class=\"td-social-sharing-button td-social-sharing-button-js td-social-network td-social-linkedin\" href=\"https:\/\/www.linkedin.com\/shareArticle?mini=true&amp;url=https:\/\/orasul-timisoara.ro\/local-39690\/&amp;title=Premier%C4%83+la+Aeroportul+Timi%C8%99oara%3A+zboruri+directe+c%C4%83tre+Rotterdam+%C8%99i+Copenhaga+%28video%29\" title=\"Linkedin\"><\/p>\n<div class=\"td-social-but-text\">Linkedin<\/div>\n<p><\/a><a class=\"td-social-sharing-button td-social-sharing-button-js td-social-network td-social-reddit\" href=\"https:\/\/reddit.com\/submit?url=https:\/\/orasul-timisoara.ro\/local-39690\/&amp;title=Premier%C4%83+la+Aeroportul+Timi%C8%99oara%3A+zboruri+directe+c%C4%83tre+Rotterdam+%C8%99i+Copenhaga+%28video%29\" title=\"ReddIt\"><\/p>\n<div class=\"td-social-but-text\">ReddIt<\/div>\n<p><\/a><a class=\"td-social-sharing-button td-social-sharing-button-js td-social-network td-social-mail\" href=\"mailto:?subject=Premier%C4%83%20la%20Aeroportul%20Timi%C8%99oara:%20zboruri%20directe%20c%C4%83tre%20Rotterdam%20%C8%99i%20Copenhaga%20(video)&amp;body=https:\/\/orasul-timisoara.ro\/local-39690\/\" title=\"Email\"><\/p>\n<div class=\"td-social-but-text\">Email<\/div>\n<p><\/a><a class=\"td-social-sharing-button td-social-sharing-button-js td-social-network td-social-print\" href=\"https:\/\/orasul-timisoara.ro\/local-39690\/\" title=\"Imprimare\"><\/p>\n<div class=\"td-social-but-text\">Imprimare<\/div>\n<p><\/a><\/div>\n<\/div>\n<\/div>\n<div class=\"td-post-content tagdiv-type\">\n<p class=\"wp-block-paragraph\">Aeroportul Interna\u021bional Timi\u0219oara \u00ee\u0219i extinde oferta de destina\u021bii interna\u021bionale prin inaugurarea primelor zboruri directe c\u0103tre Rotterdam \u0219i Copenhaga, operate de compania aerian\u0103 rom\u00e2neasc\u0103 AnimaWings. Noile rute, lansate \u00een 15 iulie 2026, marcheaz\u0103 o etap\u0103 important\u0103 \u00een dezvoltarea bazei regionale a operatorului aerian \u00een vestul Rom\u00e2niei \u0219i ofer\u0103 pasagerilor conexiuni f\u0103r\u0103 escal\u0103 c\u0103tre dou\u0103 dintre cele mai importante centre economice din nordul Europei.<\/p>\n<p class=\"wp-block-paragraph\">Noile curse sunt dedicate at\u00e2t c\u0103l\u0103toriilor de afaceri, c\u00e2t \u0219i celor de agrement, city break-urilor, vizitelor la familie \u0219i prieteni sau deplas\u0103rilor c\u0103tre comunit\u0103\u021bile de rom\u00e2ni din Olanda \u0219i Danemarca. Lansarea acestora contribuie, totodat\u0103, la consolidarea rolului Aeroportului Interna\u021bional Timi\u0219oara ca principal hub aerian din vestul \u021b\u0103rii.<\/p>\n<h2 class=\"wp-block-heading\">Zboruri directe c\u0103tre Rotterdam \u0219i Copenhaga<\/h2>\n<p class=\"wp-block-paragraph\">Ruta <strong>Timi\u0219oara \u2013 Rotterdam (RTM)<\/strong> este operat\u0103 \u00eencep\u00e2nd cu 15 iulie, cu dou\u0103 frecven\u021be s\u0103pt\u0103m\u00e2nale, \u00een zilele de <strong>miercuri \u0219i duminic\u0103<\/strong>.<\/p>\n<p class=\"wp-block-paragraph\">\u00cen acela\u0219i timp, ruta <strong>Timi\u0219oara \u2013 Copenhaga (CPH)<\/strong> este disponibil\u0103 tot din 15 iulie \u0219i este operat\u0103 de dou\u0103 ori pe s\u0103pt\u0103m\u00e2n\u0103, \u00een zilele de <strong>luni \u0219i miercuri<\/strong>.<\/p>\n<p class=\"wp-block-paragraph\">Prin aceste conexiuni, pasagerii din vestul Rom\u00e2niei beneficiaz\u0103 de acces direct c\u0103tre dou\u0103 destina\u021bii importante at\u00e2t din punct de vedere economic, c\u00e2t \u0219i turistic, f\u0103r\u0103 a mai fi necesare escalele pe alte aeroporturi europene.<\/p>\n<h2 class=\"wp-block-heading\">Rotterdam, poarta c\u0103tre una dintre cele mai dinamice regiuni economice ale Europei<\/h2>\n<p class=\"wp-block-paragraph\">Noua rut\u0103 c\u0103tre Rotterdam faciliteaz\u0103 accesul c\u0103tre regiunea Rotterdam\u2013Haga, una dintre cele mai dezvoltate zone economice din Regatul \u021a\u0103rilor de Jos.<\/p>\n<p class=\"wp-block-paragraph\">Ora\u0219ul g\u0103zduie\u0219te cel mai mare port din Europa \u0219i reprezint\u0103 un centru major pentru logistic\u0103, transport maritim, comer\u021b \u0219i afaceri interna\u021bionale. Totodat\u0103, aeroportul din Rotterdam ofer\u0103 o alternativ\u0103 convenabil\u0103 pentru c\u0103l\u0103torii care doresc s\u0103 ajung\u0103 \u00een Olanda f\u0103r\u0103 a utiliza aeroportul aglomerat din Amsterdam.<\/p>\n<figure class=\"wp-block-embed is-type-video is-provider-youtube wp-block-embed-youtube wp-embed-aspect-16-9 wp-has-aspect-ratio\">\n<div class=\"wp-block-embed__wrapper\">\n<div class=\"youtube-embed\" data-video_id=\"RLnGbSTl3AA\"><iframe loading=\"lazy\" title=\"Din Timi\u0219oara direct \u00een Rotterdam \u0219i Copenhaga. AnimaWings inaugureaz\u0103 noile rute\" width=\"696\" height=\"392\" src=\"https:\/\/www.youtube.com\/embed\/RLnGbSTl3AA?feature=oembed&amp;enablejsapi=1\" frameborder allow=\"accelerometer; autoplay; clipboard-write; encrypted-media; gyroscope; picture-in-picture; web-share\" referrerpolicy=\"strict-origin-when-cross-origin\" allowfullscreen><\/iframe><\/div>\n<\/div>\n<\/figure>\n<p class=\"wp-block-paragraph\">Noua conexiune este de interes \u0219i pentru numeroasa comunitate de rom\u00e2ni stabilit\u0103 \u00een \u021a\u0103rile de Jos.<\/p>\n<h2 class=\"wp-block-heading\">Copenhaga, o leg\u0103tur\u0103 direct\u0103 cu Scandinavia<\/h2>\n<p class=\"wp-block-paragraph\">Prin inaugurarea rutei c\u0103tre Copenhaga, Timi\u0219oara este conectat\u0103 direct cu unul dintre cele mai importante centre economice \u0219i financiare din nordul Europei.<\/p>\n<p class=\"wp-block-paragraph\">Capitala Danemarcei este o destina\u021bie c\u0103utat\u0103 at\u00e2t de oamenii de afaceri, c\u00e2t \u0219i de turi\u0219ti, fiind \u00een acela\u0219i timp un punct de leg\u0103tur\u0103 pentru rom\u00e2nii care locuiesc, lucreaz\u0103 sau studiaz\u0103 \u00een Danemarca \u0219i \u00een alte state scandinave.<\/p>\n<h2 class=\"wp-block-heading\">AnimaWings: investi\u021bii \u00een vestul Rom\u00e2niei<\/h2>\n<p class=\"wp-block-paragraph\">Potrivit lui Marius Pandel, CEO \u0219i cofondator AnimaWings, lansarea celor dou\u0103 rute confirm\u0103 strategia companiei de dezvoltare a opera\u021biunilor pe aeroporturile regionale din Rom\u00e2nia.<\/p>\n<p class=\"wp-block-paragraph\">Reprezentantul companiei afirm\u0103 c\u0103 Timi\u0219oara reprezint\u0103 un punct strategic \u00een extinderea re\u021belei AnimaWings, iar noile zboruri r\u0103spund at\u00e2t cererii mediului de afaceri, c\u00e2t \u0219i nevoilor rom\u00e2nilor din diaspora.<\/p>\n<p class=\"wp-block-paragraph\">Compania \u00ee\u0219i propune s\u0103 apropie marile centre economice europene de principalele ora\u0219e ale Rom\u00e2niei prin conexiuni directe \u0219i servicii de tip full-service.<\/p>\n<h2 class=\"wp-block-heading\">Aeroportul Timi\u0219oara \u00ee\u0219i extinde re\u021beaua de destina\u021bii<\/h2>\n<p class=\"wp-block-paragraph\">Directorul general al Aeroportului Interna\u021bional Timi\u0219oara, Lucian Taropa, consider\u0103 c\u0103 inaugurarea curselor directe c\u0103tre Rotterdam \u0219i Copenhaga reprezint\u0103 un pas important pentru dezvoltarea conectivit\u0103\u021bii aeroportului.<\/p>\n<p class=\"wp-block-paragraph\">Acesta a subliniat c\u0103 este pentru prima dat\u0103 c\u00e2nd cele dou\u0103 destina\u021bii sunt disponibile prin zboruri directe din Timi\u0219oara, oferind locuitorilor din vestul \u021b\u0103rii posibilitatea unor c\u0103l\u0103torii mai rapide \u0219i mai eficiente.<\/p>\n<p class=\"wp-block-paragraph\">Conducerea aeroportului anun\u021b\u0103 c\u0103 va continua colaborarea cu operatorii aerieni pentru atragerea de noi rute \u0219i extinderea permanent\u0103 a re\u021belei de destina\u021bii disponibile.<\/p>\n<h2 class=\"wp-block-heading\">Airbus A220-300 \u0219i servicii full-service la bord<\/h2>\n<p class=\"wp-block-paragraph\">Noile curse sunt operate cu aeronave Airbus A220-300, cele mai noi avioane din flota AnimaWings, livrate direct din fabric\u0103.<\/p>\n<p class=\"wp-block-paragraph\">\u00cen func\u021bie de configura\u021bia aeronavei, pasagerii beneficiaz\u0103 de clase Economy, Premium Economy \u0219i Business Class.<\/p>\n<p class=\"wp-block-paragraph\">Toate biletele includ alegerea gratuit\u0103 a locului, un bagaj de cabin\u0103 de 8 kilograme, un obiect personal de p\u00e2n\u0103 la 4 kilograme \u0219i check-in gratuit, at\u00e2t online, c\u00e2t \u0219i \u00een aeroport.<\/p>\n<p class=\"wp-block-paragraph\">Compania pune la dispozi\u021bia pasagerilor \u0219i servicii premium op\u021bionale, inclusiv meniuri calde la bord \u0219i pachete complete care includ b\u0103uturi \u0219i gust\u0103ri.<\/p>\n<h2 class=\"wp-block-heading\">AnimaWings \u00ee\u0219i continu\u0103 extinderea<\/h2>\n<p class=\"wp-block-paragraph\">Fondat\u0103 \u00een 2020 de fondatorii Christian Tour, AnimaWings este o companie aerian\u0103 rom\u00e2neasc\u0103 aflat\u0103 \u00eentr-un amplu proces de dezvoltare.<\/p>\n<p class=\"wp-block-paragraph\">\u00cen prezent, operatorul dispune de opt aeronave Airbus moderne \u0219i inten\u021bioneaz\u0103 s\u0103 \u00ee\u0219i extind\u0103 flota la 14 avioane p\u00e2n\u0103 la sf\u00e2r\u0219itul anului 2027.<\/p>\n<p class=\"wp-block-paragraph\">Pe l\u00e2ng\u0103 cursele interne, compania opereaz\u0103 zboruri regulate c\u0103tre numeroase destina\u021bii europene, printre care Paris, Londra, Frankfurt, Viena, M\u00fcnchen, Geneva, Milano, Stockholm, Istanbul, Atena, Praga, Tel Aviv, Rotterdam \u0219i Copenhaga, consolid\u00e2ndu-\u0219i pozi\u021bia pe pia\u021ba aviatic\u0103 din Rom\u00e2nia.<\/p>\n<\/div>\n<footer>\n<div class=\"td-post-source-tags\">\n<ul class=\"td-tags td-post-small-box clearfix\">\n<li><span>ETICHETE<\/span><\/li>\n<li><a href=\"https:\/\/orasul-timisoara.ro\/local-tag\/aeroport-timisoara-2\/\">aeroport timi\u0219oara<\/a><\/li>\n<li><a href=\"https:\/\/orasul-timisoara.ro\/local-tag\/aeroportul-international-timisoara-2\/\">Aeroportul Interna\u021bional Timi\u0219oara<\/a><\/li>\n<li><a href=\"https:\/\/orasul-timisoara.ro\/local-tag\/airbus-a220-300\/\">Airbus A220-300<\/a><\/li>\n<li><a href=\"https:\/\/orasul-timisoara.ro\/local-tag\/animawings\/\">AnimaWings<\/a><\/li>\n<li><a href=\"https:\/\/orasul-timisoara.ro\/local-tag\/city-break\/\">city break<\/a><\/li>\n<li><a href=\"https:\/\/orasul-timisoara.ro\/local-tag\/copenhaga\/\">Copenhaga<\/a><\/li>\n<li><a href=\"https:\/\/orasul-timisoara.ro\/local-tag\/curse-internationale\/\">curse interna\u021bionale<\/a><\/li>\n<li><a href=\"https:\/\/orasul-timisoara.ro\/local-tag\/diaspora-romaneasca\/\">diaspora rom\u00e2neasc\u0103<\/a><\/li>\n<li><a href=\"https:\/\/orasul-timisoara.ro\/local-tag\/rotterdam\/\">Rotterdam<\/a><\/li>\n<li><a href=\"https:\/\/orasul-timisoara.ro\/local-tag\/timisoara-2\/\">timi\u0219oara<\/a><\/li>\n<li><a href=\"https:\/\/orasul-timisoara.ro\/local-tag\/transport-aerian\/\">transport aerian<\/a><\/li>\n<li><a href=\"https:\/\/orasul-timisoara.ro\/local-tag\/vestul-romaniei\/\">vestul Rom\u00e2niei<\/a><\/li>\n<li><a href=\"https:\/\/orasul-timisoara.ro\/local-tag\/zboruri-directe\/\">zboruri directe<\/a><\/li>\n<\/ul>\n<\/div>\n<div class=\"td-post-sharing-bottom\">\n<div class=\"td-post-sharing-classic\"><iframe title=\"bottomFacebookLike\" frameborder src=\"https:\/\/www.facebook.com\/plugins\/like.php?href=https:\/\/orasul-timisoara.ro\/local-39690\/&amp;layout=button_count&amp;show_faces=false&amp;width=105&amp;action=like&amp;colorscheme=light&amp;height=21\"><\/iframe><\/div>\n<div id=\"td_social_sharing_article_bottom\" class=\"td-post-sharing td-ps-bg td-ps-notext td-post-sharing-style1 \">\n<div class=\"td-post-sharing-visible\"><a class=\"td-social-sharing-button td-social-sharing-button-js td-social-network td-social-facebook\" href=\"https:\/\/www.facebook.com\/sharer.php?u=https%3A%2F%2Forasul-timisoara.ro%2Flocal-39690%2F\" title=\"Facebook\"><\/p>\n<div class=\"td-social-but-text\">Facebook<\/div>\n<p><\/a><a class=\"td-social-sharing-button td-social-sharing-button-js td-social-network td-social-twitter\" href=\"https:\/\/twitter.com\/intent\/tweet?text=Premier%C4%83+la+Aeroportul+Timi%C8%99oara%3A+zboruri+directe+c%C4%83tre+Rotterdam+%C8%99i+Copenhaga+%28video%29&amp;url=https%3A%2F%2Forasul-timisoara.ro%2Flocal-39690%2F&amp;via=orasultm\" title=\"Twitter\"><\/p>\n<div class=\"td-social-but-text\">Twitter<\/div>\n<p><\/a><a class=\"td-social-sharing-button td-social-sharing-button-js td-social-network td-social-whatsapp\" href=\"https:\/\/api.whatsapp.com\/send?text=Premier%C4%83+la+Aeroportul+Timi%C8%99oara%3A+zboruri+directe+c%C4%83tre+Rotterdam+%C8%99i+Copenhaga+%28video%29%20%0A%0A%20https:\/\/orasul-timisoara.ro\/local-39690\/\" title=\"WhatsApp\"><\/p>\n<div class=\"td-social-but-text\">WhatsApp<\/div>\n<p><\/a><a class=\"td-social-sharing-button td-social-sharing-button-js td-social-network td-social-linkedin\" href=\"https:\/\/www.linkedin.com\/shareArticle?mini=true&amp;url=https:\/\/orasul-timisoara.ro\/local-39690\/&amp;title=Premier%C4%83+la+Aeroportul+Timi%C8%99oara%3A+zboruri+directe+c%C4%83tre+Rotterdam+%C8%99i+Copenhaga+%28video%29\" title=\"Linkedin\"><\/p>\n<div class=\"td-social-but-text\">Linkedin<\/div>\n<p><\/a><a class=\"td-social-sharing-button td-social-sharing-button-js td-social-network td-social-reddit\" href=\"https:\/\/reddit.com\/submit?url=https:\/\/orasul-timisoara.ro\/local-39690\/&amp;title=Premier%C4%83+la+Aeroportul+Timi%C8%99oara%3A+zboruri+directe+c%C4%83tre+Rotterdam+%C8%99i+Copenhaga+%28video%29\" title=\"ReddIt\"><\/p>\n<div class=\"td-social-but-text\">ReddIt<\/div>\n<p><\/a><a class=\"td-social-sharing-button td-social-sharing-button-js td-social-network td-social-mail\" href=\"mailto:?subject=Premier%C4%83%20la%20Aeroportul%20Timi%C8%99oara:%20zboruri%20directe%20c%C4%83tre%20Rotterdam%20%C8%99i%20Copenhaga%20(video)&amp;body=https:\/\/orasul-timisoara.ro\/local-39690\/\" title=\"Email\"><\/p>\n<div class=\"td-social-but-text\">Email<\/div>\n<p><\/a><a class=\"td-social-sharing-button td-social-sharing-button-js td-social-network td-social-print\" href=\"https:\/\/orasul-timisoara.ro\/local-39690\/\" title=\"Imprimare\"><\/p>\n<div class=\"td-social-but-text\">Imprimare<\/div>\n<p><\/a><\/div>\n<\/div>\n<\/div>\n<div class=\"td-block-row td-post-next-prev\">\n<div class=\"td-block-span6 td-post-prev-post\">\n<div class=\"td-post-next-prev-content\"><span>Articolul precedent<\/span><a href=\"https:\/\/orasul-timisoara.ro\/local-39688\/\">B\u0103rbat de 46 de ani, re\u021binut dup\u0103 un incendiu care a cuprins o cl\u0103dire \u0219i mai multe ma\u0219ini<\/a><\/div>\n<\/div>\n<div class=\"td-block-span6 td-post-next-post\">\n<div class=\"td-post-next-prev-content\"><span>Articolul urm\u0103tor<\/span><a href=\"https:\/\/orasul-timisoara.ro\/local-39697\/\">Actorul Ion Rizea este noul manager al Teatrului Na\u021bional din Timi\u0219oara<\/a><\/div>\n<\/div>\n<\/div>\n<div class=\"td-author-name vcard author\"><span class=\"fn\"><a href=\"https:\/\/orasul-timisoara.ro\/author\/timisoara\/\">redactia<\/a><\/span><\/div>\n<p><span class=\"td-page-meta\"><\/span><span class=\"td-page-meta\"><span class=\"td-page-meta\"><\/span><\/span><span class=\"td-page-meta\"><\/span><\/footer>\n<div class=\"td_block_wrap td_block_related_posts tdi_3 td_with_ajax_pagination td-pb-border-top td_block_template_8\" data-td-block-uid=\"tdi_3\">\n<h4 class=\"td-related-title td-block-title\"><a id=\"tdi_4\" class=\"td-related-left td-cur-simple-item\" data-td_filter_value data-td_block_id=\"tdi_3\" href=\"https:\/\/orasul-timisoara.ro\/local-39690\/\">ARTICOLE SIMILARE<\/a><a id=\"tdi_5\" class=\"td-related-right\" data-td_filter_value=\"td_related_more_from_author\" data-td_block_id=\"tdi_3\" href=\"https:\/\/orasul-timisoara.ro\/local-39690\/\">DE LA ACELA\u0218I AUTOR<\/a><\/h4>\n<div id=\"tdi_3\" class=\"td_block_inner\">\n<div class=\"td-related-row\">\n<div class=\"td-related-span4\">\n<div class=\"td_module_related_posts td-animation-stack td_mod_related_posts\">\n<div class=\"td-module-image\">\n<div class=\"td-module-thumb\"><a href=\"https:\/\/orasul-timisoara.ro\/local-38854\/\" rel=\"bookmark\" class=\"td-image-wrap \" title=\"Wizz Air taie alte \u0219ase rute spre \u0219i dinspre Rom\u00e2nia. Timi\u0219oara pierde leg\u0103tura cu Birmingham\"><img loading=\"lazy\" decoding=\"async\" class=\"entry-thumb\" src=\"https:\/\/orasul-timisoara.ro\/wp-content\/uploads\/2020\/02\/aeropotul-international-traian-vuia-timisoara.jpg\" alt title=\"Wizz Air taie alte \u0219ase rute spre \u0219i dinspre Rom\u00e2nia. Timi\u0219oara pierde leg\u0103tura cu Birmingham\" width=\"218\" height=\"150\"><\/a><\/div>\n<\/div>\n<div class=\"item-details\">\n<h3 class=\"entry-title td-module-title\"><a href=\"https:\/\/orasul-timisoara.ro\/local-38854\/\" rel=\"bookmark\" title=\"Wizz Air taie alte \u0219ase rute spre \u0219i dinspre Rom\u00e2nia. Timi\u0219oara pierde leg\u0103tura cu Birmingham\">Wizz Air taie alte \u0219ase rute spre \u0219i dinspre Rom\u00e2nia. Timi\u0219oara pierde leg\u0103tura cu Birmingham<\/a><\/h3>\n<\/div>\n<\/div>\n<\/div>\n<div class=\"td-related-span4\">\n<div class=\"td_module_related_posts td-animation-stack td_mod_related_posts\">\n<div class=\"td-module-image\">\n<div class=\"td-module-thumb\"><a href=\"https:\/\/orasul-timisoara.ro\/local-38482\/\" rel=\"bookmark\" class=\"td-image-wrap \" title=\"AnimaWings extinde zborurile din Timi\u0219oara: noi rute c\u0103tre Copenhaga \u0219i Rotterdam\"><img loading=\"lazy\" decoding=\"async\" class=\"entry-thumb\" src=\"https:\/\/orasul-timisoara.ro\/wp-content\/uploads\/2026\/04\/AnimaWings-YR-BUN-2-436x300.jpg\" alt title=\"AnimaWings extinde zborurile din Timi\u0219oara: noi rute c\u0103tre Copenhaga \u0219i Rotterdam\" width=\"218\" height=\"150\"><\/a><\/div>\n<\/div>\n<div class=\"item-details\">\n<h3 class=\"entry-title td-module-title\"><a href=\"https:\/\/orasul-timisoara.ro\/local-38482\/\" rel=\"bookmark\" title=\"AnimaWings extinde zborurile din Timi\u0219oara: noi rute c\u0103tre Copenhaga \u0219i Rotterdam\">AnimaWings extinde zborurile din Timi\u0219oara: noi rute c\u0103tre Copenhaga \u0219i Rotterdam<\/a><\/h3>\n<\/div>\n<\/div>\n<\/div>\n<div class=\"td-related-span4\">\n<div class=\"td_module_related_posts td-animation-stack td_mod_related_posts\">\n<div class=\"td-module-image\">\n<div class=\"td-module-thumb\"><a href=\"https:\/\/orasul-timisoara.ro\/local-37171\/\" rel=\"bookmark\" class=\"td-image-wrap \" title=\"AnimaWings introduce meniu gratuit pe toate zborurile interne din Rom\u00e2nia\"><img loading=\"lazy\" decoding=\"async\" class=\"entry-thumb\" src=\"https:\/\/orasul-timisoara.ro\/wp-content\/uploads\/2026\/02\/animawings-436x300.jpg\" alt title=\"AnimaWings introduce meniu gratuit pe toate zborurile interne din Rom\u00e2nia\" width=\"218\" height=\"150\"><\/a><\/div>\n<\/div>\n<div class=\"item-details\">\n<h3 class=\"entry-title td-module-title\"><a href=\"https:\/\/orasul-timisoara.ro\/local-37171\/\" rel=\"bookmark\" title=\"AnimaWings introduce meniu gratuit pe toate zborurile interne din Rom\u00e2nia\">AnimaWings introduce meniu gratuit pe toate zborurile interne din Rom\u00e2nia<\/a><\/h3>\n<\/div>\n<\/div>\n<\/div>\n<\/div>\n<\/div>\n<\/div>\n<div class=\"comments\" id=\"comments\">\n<div id=\"respond\" class=\"comment-respond\">\n<h3 id=\"reply-title\" class=\"comment-reply-title\">L\u0102SA\u021aI UN MESAJ<\/h3>\n<div class=\"comment-form-input-wrap td-form-comment\">\n<div class=\"td-warning-comment\">V\u0103 rug\u0103m s\u0103 introduce\u021bi comentariul dvs.!<\/div>\n<\/div>\n<div class=\"comment-form-input-wrap td-form-author\">\n<div class=\"td-warning-author\">Introduce\u021bi aici numele dvs.<\/div>\n<\/div>\n<div class=\"comment-form-input-wrap td-form-email\">\n<div class=\"td-warning-email-error\">A\u021bi introdus o adres\u0103 de e-mail incorect\u0103!<\/div>\n<div class=\"td-warning-email\">V\u0103 rug\u0103m s\u0103 introduce\u021bi adresa dvs. de e-mail aici<\/div>\n<\/div>\n<\/div>\n<p class=\"akismet_comment_form_privacy_notice\">Acest site folose\u0219te Akismet pentru a reduce spamul. <a href=\"https:\/\/akismet.com\/privacy\/\" target=\"_blank\" rel=\"nofollow noopener\">Afl\u0103 cum sunt procesate datele comentariilor tale<\/a>.<\/p>\n<\/div>\n<\/div>\n<\/div>\n<div class=\"td-pb-span4 td-main-sidebar\" role=\"complementary\">\n<div class=\"td-ss-main-sidebar\">\n<aside id=\"block-4\" class=\"td_block_template_8 widget block-4 widget_block widget_media_image\">\n<figure class=\"wp-block-image size-full\"><img loading=\"lazy\" decoding=\"async\" width=\"336\" height=\"280\" src=\"https:\/\/orasul-timisoara.ro\/wp-content\/uploads\/2024\/11\/ReTIM-Abonamentul-Verde-Google-Ads-336x280px.gif\" alt class=\"wp-image-29257\"><\/figure>\n<\/aside>\n<div class=\"td_block_wrap td_block_social_counter td_block_widget tdi_6 td-social-style5 td-social-boxed td-pb-border-top td_block_template_8\">\n<div class=\"td-block-title-wrap\">\n<h4 class=\"td-block-title\"><span>Urm\u0103re\u0219te-ne pe Social Media<\/span><\/h4>\n<\/div>\n<div class=\"td-social-list\">\n<div class=\"td_social_type td-pb-margin-side td_social_facebook\">\n<div class=\"td-social-box\"><span class=\"td_social_info td_social_info_counter\">344,595<\/span><span class=\"td_social_info td_social_info_name\">Fani<\/span><span class=\"td_social_button\"><a href=\"https:\/\/www.facebook.com\/247timisoara\" target=\"_blank\" rel=\"nofollow\">\u00cemi place<\/a><\/span><\/div>\n<\/div>\n<div class=\"td_social_type td-pb-margin-side td_social_instagram\">\n<div class=\"td-social-box\"><span class=\"td_social_info td_social_info_counter\">4,416<\/span><span class=\"td_social_info td_social_info_name\">Cititori<\/span><span class=\"td_social_button\"><a href=\"https:\/\/instagram.com\/orasultimisoararo\/\" target=\"_blank\" rel=\"nofollow\">Conecta\u021bi-v\u0103<\/a><\/span><\/div>\n<\/div>\n<div class=\"td_social_type td-pb-margin-side td_social_rss\">\n<div class=\"td-social-box\"><span class=\"td_social_info td_social_info_counter\">12,506<\/span><span class=\"td_social_info td_social_info_name\">Cititori<\/span><span class=\"td_social_button\"><a href=\"https:\/\/orasul-timisoara.ro\/feed\/\" target=\"_blank\" rel=\"nofollow\">Conecta\u021bi-v\u0103<\/a><\/span><\/div>\n<\/div>\n<div class=\"td_social_type td-pb-margin-side td_social_tiktok\">\n<div class=\"td-social-box\"><span class=\"td_social_info td_social_info_counter\">1,500<\/span><span class=\"td_social_info td_social_info_name\">Cititori<\/span><span class=\"td_social_button\"><a href=\"https:\/\/www.tiktok.com\/@orasultimisoara\" target=\"_blank\" rel=\"nofollow\">Conecta\u021bi-v\u0103<\/a><\/span><\/div>\n<\/div>\n<div class=\"td_social_type td-pb-margin-side td_social_twitter\">\n<div class=\"td-social-box\"><span class=\"td_social_info td_social_info_counter\">1,595<\/span><span class=\"td_social_info td_social_info_name\">Cititori<\/span><span class=\"td_social_button\"><a href=\"https:\/\/twitter.com\/orasultm\" target=\"_blank\" rel=\"nofollow\">Conecta\u021bi-v\u0103<\/a><\/span><\/div>\n<\/div>\n<div class=\"td_social_type td-pb-margin-side td_social_youtube\">\n<div class=\"td-social-box\"><span class=\"td_social_info td_social_info_counter\">3,506<\/span><span class=\"td_social_info td_social_info_name\">Abona\u021bi<\/span><span class=\"td_social_button\"><a href=\"https:\/\/www.youtube.com\/channel\/UCQNsQvs2XCSIm1Z-AHRturw?sub_confirmation=1\" target=\"_blank\" rel=\"nofollow\">Abona\u021bi-v\u0103<\/a><\/span><\/div>\n<\/div>\n<\/div>\n<\/div>\n<aside id=\"text-7\" class=\"td_block_template_8 widget text-7 widget_text\">\n<h4 class=\"td-block-title\"><span>C\u0103ut\u0103ri populare pe OTM<\/span><\/h4>\n<div class=\"textwidget\"><a href=\"https:\/\/orasul-timisoara.ro\/?s=timisoara\"><span>Timisoara<\/span><\/a><a href=\"https:\/\/orasul-timisoara.ro\/?s=calin+dobra\"><span>Calin Dobra<\/span><\/a><a href=\"https:\/\/orasul-timisoara.ro\/?s=primaria+timisoara\"><span>Primaria Timisoara<\/span><\/a><a href=\"https:\/\/orasul-timisoara.ro\/?s=dominic+fritz\"><span>Dominic Fritz<\/span><\/a><a href=\"https:\/\/orasul-timisoara.ro\/?s=nicolae+robu\"><span>Nicolae Robu<\/span><\/a><a href=\"https:\/\/orasul-timisoara.ro\/?s=consiliul+local+timisoara\">Consiliul Local Timisoara<\/a><a href=\"https:\/\/orasul-timisoara.ro\/?s=consiliul+judetean+timis\"><span>Consiliul Judetean Timis<\/span><\/a><a href=\"https:\/\/orasul-timisoara.ro\/?s=cjt\"><span>CJT<\/span><\/a><a href=\"https:\/\/orasul-timisoara.ro\/?s=Alfred+Simonis\"><span>Alfred Simonis<\/span><\/a><a href=\"https:\/\/orasul-timisoara.ro\/?s=PNL\"><span>PNL<\/span><\/a><a href=\"https:\/\/orasul-timisoara.ro\/?s=coronavirus\"><span>coronavirus<\/span><\/a><a href=\"https:\/\/orasul-timisoara.ro\/?s=teatru+timisoara\">teatru Timisoara<\/a><a href=\"https:\/\/orasul-timisoara.ro\/?s=restaurante\"><span>restaurante Timisoara<\/span><\/a><a href=\"https:\/\/orasul-timisoara.ro\/?s=diskoteka\"><span>Diskoteka<\/span><\/a><a href=\"https:\/\/orasul-timisoara.ro\/?s=iulius+town\"><span>Iulius Town<\/span><\/a><a href=\"https:\/\/orasul-timisoara.ro\/?s=iulius+mall\"><span>Iulius Mall<\/span><\/a><a href=\"https:\/\/orasul-timisoara.ro\/?s=stpt\"><span>STPT<\/span><\/a><a href=\"https:\/\/orasul-timisoara.ro\/?s=alin+nica\"><span>Alin Nica<\/span><\/a><a href=\"https:\/\/orasul-timisoara.ro\/?s=psd\"><span>PSD<\/span><\/a><a href=\"https:\/\/orasul-timisoara.ro\/?s=aeroport\"><span>Aeroportul International Timisoara<\/span><\/a><a href=\"https:\/\/orasul-timisoara.ro\/?s=babes\"><span>Spitalul Victor Babes Timisoara<\/span><\/a><a href=\"https:\/\/orasul-timisoara.ro\/?s=poli\"><span>Poli Timi\u0219oara<\/span><\/a><a href=\"https:\/\/orasul-timisoara.ro\/?s=carantina\"><span>carantina<\/span><\/a><a href=\"https:\/\/orasul-timisoara.ro\/?s=aquatim\"><span>Aquatim<\/span><\/a><a href=\"https:\/\/orasul-timisoara.ro\/local-category\/stiri-timisoara\/\"><span>Stiri Timisoara<\/span><\/a><a href=\"https:\/\/orasul-timisoara.ro\/local-category\/investitii-in-timisoara\/\"><span>Investi\u021bii in Timi\u0219oara<\/span><\/a><a href=\"https:\/\/orasul-timisoara.ro\/local-9463\/\"><span>shaorma<\/span><\/a><a href=\"https:\/\/orasul-timisoara.ro\/?s=trafic\"><span>trafic rutier<\/span><\/a><a href=\"https:\/\/orasul-timisoara.ro\/?s=politia\"><span>politia locala timisoara<\/span><\/a><a href=\"https:\/\/orasul-timisoara.ro\/?s=roxana\"><span>Roxana Iliescu<\/span><\/a><a href=\"https:\/\/orasul-timisoara.ro\/?s=colterm\"><span>Colterm<\/span><\/a><a href=\"https:\/\/orasul-timisoara.ro\/?s=latcau\"><span>Ruben La\u021bc\u0103u<\/span><\/a><a href=\"https:\/\/orasul-timisoara.ro\/?s=timis\"><span>\u0218tiri din Timi\u0219<\/span><\/a><a href=\"https:\/\/orasul-timisoara.ro\/?s=spital\"><span>Spitale din Timi\u0219oara<\/span><\/a><a href=\"https:\/\/orasul-timisoara.ro\/?s=tabara\"><span>Cosmin Tab\u0103r\u0103<\/span><\/a><\/div>\n<\/aside>\n<aside id=\"rss-2\" class=\"td_block_template_8 widget rss-2 widget_rss\">\n<h4 class=\"td-block-title\"><span><a class=\"rsswidget rss-widget-feed\" href=\"https:\/\/fashionfridays.ro\/feed\"><img decoding=\"async\" class=\"rss-widget-icon\" width=\"14\" height=\"14\" src=\"https:\/\/orasul-timisoara.ro\/wp-includes\/images\/rss.png\" alt=\"RSS\" loading=\"lazy\"><\/a><a class=\"rsswidget rss-widget-title\" href=\"https:\/\/fashionfridays.ro\/\">Fashion Fridays<\/a><\/span><\/h4>\n<ul>\n<li><a class=\"rsswidget\" href=\"https:\/\/fashionfridays.ro\/romania-devine-a-29-a-piata-vogue-o-noua-era-pentru-industria-locala-de-moda\/\">Rom\u00e2nia devine a 29-a pia\u021b\u0103 Vogue: o nou\u0103 er\u0103 pentru industria local\u0103 de mod\u0103<\/a>\n<div class=\"rssSummary\">Revista Vogue \u00ee\u0219i extinde prezen\u021ba global\u0103 \u0219i va fi lansat\u0103 oficial \u00een Rom\u00e2nia \u00een prim\u0103vara anului 2027, marc\u00e2nd intrarea pe cea de-a 29-a pia\u021b\u0103 interna\u021bional\u0103. Proiectul este realizat \u00een parteneriat cu AEMME Publishing, o companie media recent \u00eenfiin\u021bat\u0103, care va publica edi\u021bia local\u0103 sub licen\u021b\u0103. Noua edi\u021bie, Vogue Rom\u00e2nia, \u00ee\u0219i propune s\u0103 combine autoritatea global\u0103 [\u2026]<\/div>\n<\/li>\n<\/ul>\n<\/aside>\n<aside id=\"rss-4\" class=\"td_block_template_8 widget rss-4 widget_rss\">\n<h4 class=\"td-block-title\"><span><a class=\"rsswidget rss-widget-feed\" href=\"https:\/\/emasini.ro\/feed\"><img decoding=\"async\" class=\"rss-widget-icon\" width=\"14\" height=\"14\" src=\"https:\/\/orasul-timisoara.ro\/wp-includes\/images\/rss.png\" alt=\"RSS\" loading=\"lazy\"><\/a><a class=\"rsswidget rss-widget-title\" href=\"https:\/\/emasini.ro\/\">eMasini<\/a><\/span><\/h4>\n<ul>\n<li><a class=\"rsswidget\" href=\"https:\/\/emasini.ro\/dacia-analizeaza-lansarea-lui-hipster-automobilul-urban-de-doar-3-metri-lungime\/\">Dacia analizeaz\u0103 lansarea lui Hipster, automobilul urban de doar 3 metri lungime (video)<\/a>\n<div class=\"rssSummary\">Dacia ar putea introduce pe pia\u021b\u0103 unul dintre cele mai neobi\u0219nuite modele din istoria sa recent\u0103. Conceptul Hipster, prezentat anul trecut ca o reinterpretare radical\u0103 a automobilului urban accesibil, se afl\u0103 \u00een prezent \u00eentr-o etap\u0103 de evaluare, iar decizia privind produc\u021bia de serie va fi luat\u0103 \u00een func\u021bie de reac\u021bia publicului \u0219i de evolu\u021bia reglement\u0103rilor [\u2026]<\/div>\n<\/li>\n<\/ul>\n<\/aside>\n<\/div>\n<\/div>\n<\/div>\n<\/div>\n<\/article>\n<div class=\"td-post-content tagdiv-type\">\n<p class=\"wp-block-paragraph\">Aeroportul Interna\u021bional Timi\u0219oara \u00ee\u0219i extinde oferta de destina\u021bii interna\u021bionale prin inaugurarea primelor zboruri directe c\u0103tre Rotterdam \u0219i Copenhaga, operate de compania aerian\u0103 rom\u00e2neasc\u0103 AnimaWings. Noile rute, lansate \u00een 15 iulie 2026, marcheaz\u0103 o etap\u0103 important\u0103 \u00een dezvoltarea bazei regionale a operatorului aerian \u00een vestul Rom\u00e2niei \u0219i ofer\u0103 pasagerilor conexiuni f\u0103r\u0103 escal\u0103 c\u0103tre dou\u0103 dintre cele mai importante centre economice din nordul Europei.<\/p>\n<p class=\"wp-block-paragraph\">Noile curse sunt dedicate at\u00e2t c\u0103l\u0103toriilor de afaceri, c\u00e2t \u0219i celor de agrement, city break-urilor, vizitelor la familie \u0219i prieteni sau deplas\u0103rilor c\u0103tre comunit\u0103\u021bile de rom\u00e2ni din Olanda \u0219i Danemarca. Lansarea acestora contribuie, totodat\u0103, la consolidarea rolului Aeroportului Interna\u021bional Timi\u0219oara ca principal hub aerian din vestul \u021b\u0103rii.<\/p>\n<h2 class=\"wp-block-heading\">Zboruri directe c\u0103tre Rotterdam \u0219i Copenhaga<\/h2>\n<p class=\"wp-block-paragraph\">Ruta <strong>Timi\u0219oara \u2013 Rotterdam (RTM)<\/strong> este operat\u0103 \u00eencep\u00e2nd cu 15 iulie, cu dou\u0103 frecven\u021be s\u0103pt\u0103m\u00e2nale, \u00een zilele de <strong>miercuri \u0219i duminic\u0103<\/strong>.<\/p>\n<p class=\"wp-block-paragraph\">\u00cen acela\u0219i timp, ruta <strong>Timi\u0219oara \u2013 Copenhaga (CPH)<\/strong> este disponibil\u0103 tot din 15 iulie \u0219i este operat\u0103 de dou\u0103 ori pe s\u0103pt\u0103m\u00e2n\u0103, \u00een zilele de <strong>luni \u0219i miercuri<\/strong>.<\/p>\n<p class=\"wp-block-paragraph\">Prin aceste conexiuni, pasagerii din vestul Rom\u00e2niei beneficiaz\u0103 de acces direct c\u0103tre dou\u0103 destina\u021bii importante at\u00e2t din punct de vedere economic, c\u00e2t \u0219i turistic, f\u0103r\u0103 a mai fi necesare escalele pe alte aeroporturi europene.<\/p>\n<h2 class=\"wp-block-heading\">Rotterdam, poarta c\u0103tre una dintre cele mai dinamice regiuni economice ale Europei<\/h2>\n<p class=\"wp-block-paragraph\">Noua rut\u0103 c\u0103tre Rotterdam faciliteaz\u0103 accesul c\u0103tre regiunea Rotterdam\u2013Haga, una dintre cele mai dezvoltate zone economice din Regatul \u021a\u0103rilor de Jos.<\/p>\n<p class=\"wp-block-paragraph\">Ora\u0219ul g\u0103zduie\u0219te cel mai mare port din Europa \u0219i reprezint\u0103 un centru major pentru logistic\u0103, transport maritim, comer\u021b \u0219i afaceri interna\u021bionale. Totodat\u0103, aeroportul din Rotterdam ofer\u0103 o alternativ\u0103 convenabil\u0103 pentru c\u0103l\u0103torii care doresc s\u0103 ajung\u0103 \u00een Olanda f\u0103r\u0103 a utiliza aeroportul aglomerat din Amsterdam.<\/p>\n<figure class=\"wp-block-embed is-type-video is-provider-youtube wp-block-embed-youtube wp-embed-aspect-16-9 wp-has-aspect-ratio\">\n<div class=\"wp-block-embed__wrapper\">\n<div class=\"youtube-embed\" data-video_id=\"RLnGbSTl3AA\"><iframe loading=\"lazy\" title=\"Din Timi\u0219oara direct \u00een Rotterdam \u0219i Copenhaga. AnimaWings inaugureaz\u0103 noile rute\" width=\"696\" height=\"392\" src=\"https:\/\/www.youtube.com\/embed\/RLnGbSTl3AA?feature=oembed&amp;enablejsapi=1\" frameborder allow=\"accelerometer; autoplay; clipboard-write; encrypted-media; gyroscope; picture-in-picture; web-share\" referrerpolicy=\"strict-origin-when-cross-origin\" allowfullscreen><\/iframe><\/div>\n<\/div>\n<\/figure>\n<p class=\"wp-block-paragraph\">Noua conexiune este de interes \u0219i pentru numeroasa comunitate de rom\u00e2ni stabilit\u0103 \u00een \u021a\u0103rile de Jos.<\/p>\n<h2 class=\"wp-block-heading\">Copenhaga, o leg\u0103tur\u0103 direct\u0103 cu Scandinavia<\/h2>\n<p class=\"wp-block-paragraph\">Prin inaugurarea rutei c\u0103tre Copenhaga, Timi\u0219oara este conectat\u0103 direct cu unul dintre cele mai importante centre economice \u0219i financiare din nordul Europei.<\/p>\n<p class=\"wp-block-paragraph\">Capitala Danemarcei este o destina\u021bie c\u0103utat\u0103 at\u00e2t de oamenii de afaceri, c\u00e2t \u0219i de turi\u0219ti, fiind \u00een acela\u0219i timp un punct de leg\u0103tur\u0103 pentru rom\u00e2nii care locuiesc, lucreaz\u0103 sau studiaz\u0103 \u00een Danemarca \u0219i \u00een alte state scandinave.<\/p>\n<h2 class=\"wp-block-heading\">AnimaWings: investi\u021bii \u00een vestul Rom\u00e2niei<\/h2>\n<p class=\"wp-block-paragraph\">Potrivit lui Marius Pandel, CEO \u0219i cofondator AnimaWings, lansarea celor dou\u0103 rute confirm\u0103 strategia companiei de dezvoltare a opera\u021biunilor pe aeroporturile regionale din Rom\u00e2nia.<\/p>\n<p class=\"wp-block-paragraph\">Reprezentantul companiei afirm\u0103 c\u0103 Timi\u0219oara reprezint\u0103 un punct strategic \u00een extinderea re\u021belei AnimaWings, iar noile zboruri r\u0103spund at\u00e2t cererii mediului de afaceri, c\u00e2t \u0219i nevoilor rom\u00e2nilor din diaspora.<\/p>\n<p class=\"wp-block-paragraph\">Compania \u00ee\u0219i propune s\u0103 apropie marile centre economice europene de principalele ora\u0219e ale Rom\u00e2niei prin conexiuni directe \u0219i servicii de tip full-service.<\/p>\n<h2 class=\"wp-block-heading\">Aeroportul Timi\u0219oara \u00ee\u0219i extinde re\u021beaua de destina\u021bii<\/h2>\n<p class=\"wp-block-paragraph\">Directorul general al Aeroportului Interna\u021bional Timi\u0219oara, Lucian Taropa, consider\u0103 c\u0103 inaugurarea curselor directe c\u0103tre Rotterdam \u0219i Copenhaga reprezint\u0103 un pas important pentru dezvoltarea conectivit\u0103\u021bii aeroportului.<\/p>\n<p class=\"wp-block-paragraph\">Acesta a subliniat c\u0103 este pentru prima dat\u0103 c\u00e2nd cele dou\u0103 destina\u021bii sunt disponibile prin zboruri directe din Timi\u0219oara, oferind locuitorilor din vestul \u021b\u0103rii posibilitatea unor c\u0103l\u0103torii mai rapide \u0219i mai eficiente.<\/p>\n<p class=\"wp-block-paragraph\">Conducerea aeroportului anun\u021b\u0103 c\u0103 va continua colaborarea cu operatorii aerieni pentru atragerea de noi rute \u0219i extinderea permanent\u0103 a re\u021belei de destina\u021bii disponibile.<\/p>\n<h2 class=\"wp-block-heading\">Airbus A220-300 \u0219i servicii full-service la bord<\/h2>\n<p class=\"wp-block-paragraph\">Noile curse sunt operate cu aeronave Airbus A220-300, cele mai noi avioane din flota AnimaWings, livrate direct din fabric\u0103.<\/p>\n<p class=\"wp-block-paragraph\">\u00cen func\u021bie de configura\u021bia aeronavei, pasagerii beneficiaz\u0103 de clase Economy, Premium Economy \u0219i Business Class.<\/p>\n<p class=\"wp-block-paragraph\">Toate biletele includ alegerea gratuit\u0103 a locului, un bagaj de cabin\u0103 de 8 kilograme, un obiect personal de p\u00e2n\u0103 la 4 kilograme \u0219i check-in gratuit, at\u00e2t online, c\u00e2t \u0219i \u00een aeroport.<\/p>\n<p class=\"wp-block-paragraph\">Compania pune la dispozi\u021bia pasagerilor \u0219i servicii premium op\u021bionale, inclusiv meniuri calde la bord \u0219i pachete complete care includ b\u0103uturi \u0219i gust\u0103ri.<\/p>\n<h2 class=\"wp-block-heading\">AnimaWings \u00ee\u0219i continu\u0103 extinderea<\/h2>\n<p class=\"wp-block-paragraph\">Fondat\u0103 \u00een 2020 de fondatorii Christian Tour, AnimaWings este o companie aerian\u0103 rom\u00e2neasc\u0103 aflat\u0103 \u00eentr-un amplu proces de dezvoltare.<\/p>\n<p class=\"wp-block-paragraph\">\u00cen prezent, operatorul dispune de opt aeronave Airbus moderne \u0219i inten\u021bioneaz\u0103 s\u0103 \u00ee\u0219i extind\u0103 flota la 14 avioane p\u00e2n\u0103 la sf\u00e2r\u0219itul anului 2027.<\/p>\n<p class=\"wp-block-paragraph\">Pe l\u00e2ng\u0103 cursele interne, compania opereaz\u0103 zboruri regulate c\u0103tre numeroase destina\u021bii europene, printre care Paris, Londra, Frankfurt, Viena, M\u00fcnchen, Geneva, Milano, Stockholm, Istanbul, Atena, Praga, Tel Aviv, Rotterdam \u0219i Copenhaga, consolid\u00e2ndu-\u0219i pozi\u021bia pe pia\u021ba aviatic\u0103 din Rom\u00e2nia.<\/p>\n<\/div>\n<p>[analyse_source url=&#8221;https:\/\/orasul-timisoara.ro\/local-39690\/&#8221;]<\/p>\n","protected":false},"excerpt":{"rendered":"<p>[analyse_image type=&#8221;featured&#8221; src=&#8221;https:\/\/orasul-timisoara.ro\/wp-content\/uploads\/2026\/07\/animawings-3.jpg&#8221;] \u0218tiri LocalePremier\u0103 la Aeroportul Timi\u0219oara: zboruri directe c\u0103tre Rotterdam \u0219i Copenhaga (video) \u0218tiri Locale Turism Premier\u0103 la Aeroportul Timi\u0219oara: zboruri directe c\u0103tre Rotterdam \u0219i Copenhaga (video) De c\u0103tre redactia &#8211; 15\/07\/2026 Facebook Twitter WhatsApp Linkedin ReddIt Email Imprimare Aeroportul Interna\u021bional Timi\u0219oara \u00ee\u0219i extinde oferta de destina\u021bii interna\u021bionale prin inaugurarea primelor zboruri directe [&hellip;]<\/p>\n","protected":false},"author":1,"featured_media":0,"comment_status":"open","ping_status":"","sticky":false,"template":"","format":"standard","meta":{"footnotes":""},"categories":[89],"tags":[226,189],"class_list":["post-2046226","post","type-post","status-publish","format-standard","hentry","category-romania","tag-crawlmanager","tag-orasul-timisoara-ro"],"_links":{"self":[{"href":"https:\/\/analyse.optim.biz\/index.php?rest_route=\/wp\/v2\/posts\/2046226","targetHints":{"allow":["GET"]}}],"collection":[{"href":"https:\/\/analyse.optim.biz\/index.php?rest_route=\/wp\/v2\/posts"}],"about":[{"href":"https:\/\/analyse.optim.biz\/index.php?rest_route=\/wp\/v2\/types\/post"}],"author":[{"embeddable":true,"href":"https:\/\/analyse.optim.biz\/index.php?rest_route=\/wp\/v2\/users\/1"}],"replies":[{"embeddable":true,"href":"https:\/\/analyse.optim.biz\/index.php?rest_route=%2Fwp%2Fv2%2Fcomments&post=2046226"}],"version-history":[{"count":0,"href":"https:\/\/analyse.optim.biz\/index.php?rest_route=\/wp\/v2\/posts\/2046226\/revisions"}],"wp:attachment":[{"href":"https:\/\/analyse.optim.biz\/index.php?rest_route=%2Fwp%2Fv2%2Fmedia&parent=2046226"}],"wp:term":[{"taxonomy":"category","embeddable":true,"href":"https:\/\/analyse.optim.biz\/index.php?rest_route=%2Fwp%2Fv2%2Fcategories&post=2046226"},{"taxonomy":"post_tag","embeddable":true,"href":"https:\/\/analyse.optim.biz\/index.php?rest_route=%2Fwp%2Fv2%2Ftags&post=2046226"}],"curies":[{"name":"wp","href":"https:\/\/api.w.org\/{rel}","templated":true}]}}