{"id":2046225,"date":"2026-07-14T07:22:34","date_gmt":"2026-07-14T04:22:34","guid":{"rendered":"https:\/\/analyse.optim.biz\/?p=2046225"},"modified":"2026-07-14T07:22:34","modified_gmt":"2026-07-14T04:22:34","slug":"transfer-din-pro-d2-pentru-scm-timisoara-rugbystii-pleaca-in-cantonament-pana-la-finalul-saptamanii","status":"publish","type":"post","link":"https:\/\/analyse.optim.biz\/?p=2046225","title":{"rendered":"Transfer din Pro D2 pentru SCM Timi\u0219oara. Rugby\u0219tii pleac\u0103 \u00een cantonament p\u00e2n\u0103 la finalul s\u0103pt\u0103m\u00e2nii"},"content":{"rendered":"<p>[analyse_image type=&#8221;featured&#8221; src=&#8221;https:\/\/www.opiniatimisoarei.ro\/wp-content\/uploads\/2026\/04\/timisoara-dinamo-rugby-1-728&#215;336.pnghttps:\/\/www.opiniatimisoarei.ro\/wp-content\/uploads\/2026\/04\/timisoara-dinamo-rugby-1.png&#8221;]<\/p>\n<div class=\"the_content\">\n<p><strong>TIMISOARA.<\/strong> SCM Timi\u0219oara s-a reunit \u00een lot redus pentru a preg\u0103ti partea a doua a sezonului din rugby-ul intern, iar Mugur Preda are \u0219i un nume nou la antrenamente.<\/p>\n<p><strong><span>CITE\u0218TE \u0218I:<\/span><a href=\"https:\/\/www.opiniatimisoarei.ro\/poli-timisoara-a-stabilit-lotul-pentru-cantonamentul-din-austria-primul-test-este-programat-la-finalul-saptamanii\/13\/07\/2026\">Poli Timi\u0219oara a stabilit lotul pentru cantonamentul din Austria. Primul test este programat la finalul s\u0103pt\u0103m\u00e2nii<\/a><\/strong><\/p>\n<p>SCM Timi\u0219oara l-a adus pe pilierul georgian Aptsiauri Nikoloz. N\u0103scut la 17 martie 2005, Nikoloz vine de la Valence Romans Dr\u00f4me Rugby, echip\u0103 ce evolueaz\u0103 \u00een Pro D2, liga secund\u0103 a Fran\u021bei.<\/p>\n<p><img loading=\"lazy\" decoding=\"async\" class=\"alignnone size-full wp-image-882939\" src=\"https:\/\/www.opiniatimisoarei.ro\/wp-content\/uploads\/2026\/07\/Aptsiauri-Nikoloz.jpg\" alt=\"\" width=\"1080\" height=\"964\"><\/p>\n<p>Sezonul trecut, el a jucat \u00een 10 meciuri pentru echipa de tineret de la Valence Romans.<\/p>\n<p>Aptsiauri devine astfel al patrulea gruzin din lotul Timi\u0219oarei dup\u0103 Kvicha Jgerenaia, Giorgi Machkhashvili \u0219i Luka Archvadze.<\/p>\n<p><strong><span>Cantonament la munte pentru rugby\u0219ti<\/span><\/strong><\/p>\n<p>Mar\u021bi, juc\u0103torii timi\u0219oreni vor pleca spre sta\u021biunea B\u0103ile Herculane pentru un stagiu de preg\u0103tire de patru zile, la care lipsesc cei 9 rugby\u0219ti afla\u021bi cu nai\u021bionala \u00een America de Sud: Tudor Butnariu, Kemal Alt\u00eenok, Vlad Neculau, Gabriel Rupanu, Daniel Plai, Alexandru Bucur, Marius Simionescu, Iliesa Tiqe \u0219i Tevita Manumua.<\/p>\n<p>\u201e<strong>Dup\u0103 o lung\u0103 perioad\u0103 de timp, reu\u0219im s\u0103 mergem \u00een cantonament. Va fi un stagiu dedicat preg\u0103tirii fizice<\/strong>\u201d, a spune managerul sec\u021biei de rugby D\u0103nu\u021b Borza\u0219.<\/p>\n<p>SCM Timi\u0219oara va juca primul meci din partea a doua a sezonului la 1 august, \u00een deplasare, cu marea rival\u0103, \u0218tiin\u021ba Baia Mare.<\/p>\n<p>***<\/p>\n<p><strong><span class=\"dia_suggestion w0\">Mai<\/span>\u00a0<span class=\"dia_suggestion w1\">multe<\/span>\u00a0<span class=\"dia_suggestion w2\">g\u0103si\u021bi<\/span>\u00a0pe\u00a0<span class=\"dia_suggestion w4\">pagina noastr<span class=\"dia_suggestion w0\">\u0103<\/span><\/span>\u00a0de\u00a0<a href=\"https:\/\/www.facebook.com\/OpiniaTM\/?ref=page_internal\" target=\"_blank\" rel=\"noopener\">Facebook opiniatimisoarei.ro<\/a>!<\/strong><\/p>\n<p><strong><span class=\"dia_suggestion w0\">Dac\u0103<\/span>\u00a0<span class=\"dia_suggestion w1\">a\u021bi<\/span>\u00a0fost martorii unui eveniment\u00a0<span class=\"dia_suggestion w6\">sau<\/span>\u00a0<span class=\"dia_suggestion w7\">ai<\/span>\u00a0unei\u00a0<span class=\"dia_suggestion w9\">situa\u021bii<\/span>\u00a0<span class=\"dia_suggestion w10\">neobi\u0219nuite<\/span>\u00a0<span class=\"dia_suggestion w11\">care<\/span>\u00a0ar\u00a0<span class=\"dia_suggestion w13\">putea<\/span>\u00a0deveni subiect de\u00a0<span class=\"dia_suggestion w17\">\u0219tire<\/span>,\u00a0<span class=\"dia_suggestion w18\">contacta\u021bi<\/span>-ne\u00a0<span class=\"dia_suggestion w20\">la<\/span>\u00a0<a href=\"https:\/\/www.opiniatimisoarei.ro\/cdn-cgi\/l\/email-protection\" class=\"__cf_email__\" data-cfemail=\"790b1c1d181a0d101c391609101710180d1014100a16180b1c10570b16\">[email\u00a0protected]<\/a>,\u00a0 pe\u00a0<a href=\"https:\/\/www.facebook.com\/OpiniaTM\">FB<\/a>\u00a0sau pe contul nostru de\u00a0<a href=\"https:\/\/www.instagram.com\/opiniatimisoarei.ro\/\" target=\"_blank\" rel=\"noopener\">Instagram<\/a>!<\/strong><\/p>\n<p><strong><span>CITE\u0218TE \u0218I:<\/span>\u00a0<a href=\"https:\/\/www.opiniatimisoarei.ro\/afli-primul-tot-ceea-ce-se-intampla-cu-adevarat-important-in-timisoara-si-in-regiune-cu-aplicatia-de-stiri-opinia-timisoarei-3-tipuri-de-alerte-te-tin-mereu-conectat-la-evenimente-descarca-gratuit-a\/31\/10\/2022\">Afli primul tot ceea ce se intampla cu adevarat important in Timisoara si in regiune cu Aplicatia de stiri Opinia Timisoarei. 3 tipuri de alerte te tin mereu conectat la evenimente. Descarca gratuit Aplicatia OT aici!<\/a><\/strong><\/p>\n<\/div>\n<p>[analyse_source url=&#8221;https:\/\/www.opiniatimisoarei.ro\/transfer-din-pro-d2-pentru-scm-timisoara-rugbystii-pleaca-in-cantonament-pana-la-finalul-saptamanii\/14\/07\/2026&#8243;]<\/p>\n","protected":false},"excerpt":{"rendered":"<p>[analyse_image type=&#8221;featured&#8221; src=&#8221;https:\/\/www.opiniatimisoarei.ro\/wp-content\/uploads\/2026\/04\/timisoara-dinamo-rugby-1-728&#215;336.pnghttps:\/\/www.opiniatimisoarei.ro\/wp-content\/uploads\/2026\/04\/timisoara-dinamo-rugby-1.png&#8221;] TIMISOARA. SCM Timi\u0219oara s-a reunit \u00een lot redus pentru a preg\u0103ti partea a doua a sezonului din rugby-ul intern, iar Mugur Preda are \u0219i un nume nou la antrenamente. CITE\u0218TE \u0218I:Poli Timi\u0219oara a stabilit lotul pentru cantonamentul din Austria. Primul test este programat la finalul s\u0103pt\u0103m\u00e2nii SCM Timi\u0219oara l-a adus pe pilierul [&hellip;]<\/p>\n","protected":false},"author":1,"featured_media":0,"comment_status":"open","ping_status":"","sticky":false,"template":"","format":"standard","meta":{"footnotes":""},"categories":[89],"tags":[226,190],"class_list":["post-2046225","post","type-post","status-publish","format-standard","hentry","category-romania","tag-crawlmanager","tag-opiniatimisoarei-ro"],"_links":{"self":[{"href":"https:\/\/analyse.optim.biz\/index.php?rest_route=\/wp\/v2\/posts\/2046225","targetHints":{"allow":["GET"]}}],"collection":[{"href":"https:\/\/analyse.optim.biz\/index.php?rest_route=\/wp\/v2\/posts"}],"about":[{"href":"https:\/\/analyse.optim.biz\/index.php?rest_route=\/wp\/v2\/types\/post"}],"author":[{"embeddable":true,"href":"https:\/\/analyse.optim.biz\/index.php?rest_route=\/wp\/v2\/users\/1"}],"replies":[{"embeddable":true,"href":"https:\/\/analyse.optim.biz\/index.php?rest_route=%2Fwp%2Fv2%2Fcomments&post=2046225"}],"version-history":[{"count":0,"href":"https:\/\/analyse.optim.biz\/index.php?rest_route=\/wp\/v2\/posts\/2046225\/revisions"}],"wp:attachment":[{"href":"https:\/\/analyse.optim.biz\/index.php?rest_route=%2Fwp%2Fv2%2Fmedia&parent=2046225"}],"wp:term":[{"taxonomy":"category","embeddable":true,"href":"https:\/\/analyse.optim.biz\/index.php?rest_route=%2Fwp%2Fv2%2Fcategories&post=2046225"},{"taxonomy":"post_tag","embeddable":true,"href":"https:\/\/analyse.optim.biz\/index.php?rest_route=%2Fwp%2Fv2%2Ftags&post=2046225"}],"curies":[{"name":"wp","href":"https:\/\/api.w.org\/{rel}","templated":true}]}}