{"id":2046208,"date":"2026-07-15T17:59:10","date_gmt":"2026-07-15T14:59:10","guid":{"rendered":"https:\/\/analyse.optim.biz\/?p=2046208"},"modified":"2026-07-15T17:59:10","modified_gmt":"2026-07-15T14:59:10","slug":"calendarul-zilei-16-iulie-sf-mucenita-iulia","status":"publish","type":"post","link":"https:\/\/analyse.optim.biz\/?p=2046208","title":{"rendered":"Calendarul zilei 16 iulie: Sf. Muceni\u021b\u0103 Iulia"},"content":{"rendered":"<p>[analyse_image type=&#8221;featured&#8221; src=&#8221;https:\/\/r3media.ro\/wp-content\/uploads\/2022\/07\/sddefault-4.jpghttps:\/\/r3media.ro\/wp-content\/uploads\/2022\/07\/sddefault-4.jpghttps:\/\/r3media.ro\/wp-content\/uploads\/2022\/07\/sddefault-4.jpg&#8221;]<\/p>\n<article id=\"post-50680\" class=\"post-50680 post type-post status-publish format-video category-stiri-prim-plan category-stiri category-video-news tag-calendar-ortodox tag-calendarul-zilei tag-calendarul-zilei-16-iulie post_format-post-format-video\">\n<div class=\"td-post-header\">\n<header class=\"td-post-title\">\n<h1 class=\"entry-title\">Calendarul zilei 16 iulie: Sf. Muceni\u021b\u0103 Iulia<\/h1>\n<div class=\"td-module-meta-info\">\n<div class=\"td-post-author-name\">\n<div class=\"td-author-by\">By<\/div>\n<p><a href=\"https:\/\/r3media.ro\/author\/redactia\/\">Redac\u021bia<\/a><\/p>\n<div class=\"td-author-line\"> &#8211;<\/div>\n<\/div>\n<p><span class=\"td-post-date\"><time class=\"entry-date updated td-module-date\" datetime=\"2026-07-15T20:59:10+03:00\">15\/07\/2026<\/time><\/span><\/p>\n<div class=\"td-post-comments\"><a href=\"https:\/\/r3media.ro\/calendarul-zilei-16-iulie-sf-mucenita-iulia\/#respond\">0<\/a><\/div>\n<\/div>\n<\/header>\n<\/div>\n<div class=\"td-post-content\">\n<p><strong>Sf\u00e2nta fecioar\u0103 Iulia era de origini africane. N\u0103scut\u0103 \u00een Cartagina, \u00een urma unor invazii probabil vandale, a fost r\u0103pit\u0103 \u0219i luat\u0103 prizonier. St\u0103p\u00e2nul s\u0103u se numea Eusebiu, un p\u0103g\u00e2n practicant. \u00centr-una din c\u0103l\u0103toriile sale spre Gallia, Eusebiu a oprit pentru o vreme vaporul \u00een Corsica.<\/strong><\/p>\n<p>La vremea sosirii lor \u00een Corsica aveau loc unele festivaluri p\u0103g\u00e2ne. Fidel tradi\u021biilor sale str\u0103mo\u0219e\u0219ti Eusebiu a participat cu foarte mult\u0103 bucurie, merg\u00e2nd la acele festivaluri rituale \u00eempreun\u0103 cu to\u021bi oamenii s\u0103i laolalt\u0103 cu sclavii. Au adus cu to\u021bii jertfe zeilor. Iulia \u00eens\u0103, fiind cre\u0219tin\u0103, nu a jertfit \u0219i nici nu a consumat carne sau b\u0103uturi afierosite zeilor p\u0103g\u00e2ni, scrie Trinitas TV.<\/p>\n<p>A explicat celor din jur faptul c\u0103 nu se cuvenea s\u0103 fac\u0103 acest lucru pentru c\u0103 zeii sunt pl\u0103smuiri omene\u0219ti, ori Dumnezeul Adev\u0103rat, Singurul Dumnezeu, descoperit oamenilor \u00een Iisus Hristos Domnul nostru ne opre\u0219te s\u0103 slujim fal\u0219ilor zei.<\/p>\n<p>P\u0103g\u00e2nii au \u00eencercat prin toate mijloacele s\u0103 o conving\u0103 pe aceast\u0103 pl\u0103p\u00e2nd\u0103 sclav\u0103 s\u0103 renun\u021be la credin\u021ba ei. Pentru c\u0103 Iulia a rezistat au \u00eencercat s\u0103 o batjocoreasc\u0103 omor\u00e2nd-o ca pe Cel pe care ea \u00eel cinstea ca Dumnezeu \u2013 prin r\u0103stignire. Numai c\u0103 acei p\u0103g\u00e2ni nu au \u00een\u021beles marea cinste pe care i-au f\u0103cut-o, aceea de a-L urma pe Domnul Iisus Hristos \u0219i \u00een moarte.<\/p>\n<p>Prin ar\u0103tare cereasc\u0103 trupul s\u0103u i-a fost luat de c\u0103tre ni\u0219te monahi cre\u0219tini \u0219i dus \u00een insula Gorgona. \u00cen anul 763, sfintele sale moa\u0219te au fost luate de c\u0103tre regele longobarzilor Desiderius cu so\u021bia sa Ansa \u0219i au fost mutate \u00een Brescia, ora\u0219ul s\u0103u natal, \u00eentr-o m\u00e2n\u0103stire benedictin\u0103 de maici.<\/p>\n<p>M\u0103rturia Sfintei Iulia a \u00eent\u0103rit cre\u0219tinii veacuri de-a r\u00e2ndul \u0219i a r\u0103mas \u00een amintirea Bisericii pentru vecie. Iulia, t\u00e2n\u0103ra fecioar\u0103 care pentru dragostea lui Hristos a \u00eenfruntat chinurile p\u0103g\u00e2nilor \u0219i a primit asemenea St\u0103p\u00e2nului Hristos cununa martiric\u0103 prin r\u0103stignirea pe Sf\u00e2nta Cruce.<\/p>\n<div class=\"crp_related     crp-masonry\">\n<h2>\u00ceN CONTEXT<\/h2>\n<ul>\n<li><a href=\"https:\/\/r3media.ro\/calendarul-zilei-3-februarie-sfantul-si-dreptul-simeon-si-sfanta-proorocita-ana\/\" class=\"crp_link post-36864\"><span class=\"crp_title\">Calendarul zilei 3 februarie: Sf\u00e2ntul \u0219i Dreptul Simeon \u0219i Sf\u00e2nta Prooroci\u021b\u0103 Ana<\/span><\/a><\/li>\n<li><a href=\"https:\/\/r3media.ro\/calendarul-zilei-17-iulie-sf-mucenita-marina\/\" class=\"crp_link post-50706\"><span class=\"crp_title\">Calendarul zilei 17 iulie: Sf. Muceni\u021b\u0103 Marina<\/span><\/a><\/li>\n<li><a href=\"https:\/\/r3media.ro\/23-iunie-sfanta-agripina-roma\/\" class=\"crp_link post-75618\"><span class=\"crp_title\">Calendarul zilei 23 iunie: Sf\u00e2nta Agripina din Roma<\/span><\/a><\/li>\n<li><a href=\"https:\/\/r3media.ro\/calendarul-zilei-11-iulie-sf-mare-mc-eufimia-sf-olga-cea-intocmai-cu-apostolii-si-luminatoarea-rusiei\/\" class=\"crp_link post-98044\"><span class=\"crp_title\">Calendarul zilei 11 iulie: Sf. Mare Mc. Eufimia; Sf. Olga, cea \u00eentocmai cu Apostolii \u0219i\u2026<\/span><\/a><\/li>\n<li><a href=\"https:\/\/r3media.ro\/calendarul-zilei-7-iulie-sf-mare-mc-chiriachi\/\" class=\"crp_link post-97895\"><span class=\"crp_title\">Calendarul zilei 7 iulie: Sf. Mare Mc. Chiriachi<\/span><\/a><\/li>\n<li><a href=\"https:\/\/r3media.ro\/calendarul-zilei-7-ianuarie-sfantul-ioan-botezatorul-craciunul-pe-calendarul-vechi\/\" class=\"crp_link post-10400\"><span class=\"crp_title\">Calendarul zilei 7 ianuarie: Sf\u00e2ntul Ioan Botez\u0103torul. Cr\u0103ciunul pe calendarul vechi<\/span><\/a><\/li>\n<li><a href=\"https:\/\/r3media.ro\/calendarul-zilei-2-octombrie-sf-mc-ciprian-si-sf-mc-iustina\/\" class=\"crp_link post-82531\"><span class=\"crp_title\">Calendarul zilei 2 octombrie: Sf. Mc. Ciprian \u0219i Sf.Mc. Iustina<\/span><\/a><\/li>\n<li><a href=\"https:\/\/r3media.ro\/calendarul-zilei-25-iulie-adormirea-sfintei-ana-mama-preasfintei-nascatoare-de-dumnezeu\/\" class=\"crp_link post-77721\"><span class=\"crp_title\">Calendarul zilei 25 iulie: Adormirea Sfintei Ana, mama Preasfintei N\u0103sc\u0103toare de Dumnezeu<\/span><\/a><\/li>\n<\/ul>\n<\/div>\n<\/div>\n<footer>\n<div class=\"td-author-name vcard author\"><span class=\"fn\"><a href=\"https:\/\/r3media.ro\/author\/redactia\/\">Redac\u021bia<\/a><\/span><\/div>\n<p><span class=\"td-page-meta\"><\/span><span class=\"td-page-meta\"><span class=\"td-page-meta\"><\/span><\/span><span class=\"td-page-meta\"><\/span><\/footer>\n<\/article>\n<div class=\"td-post-content\">\n<p><strong>Sf\u00e2nta fecioar\u0103 Iulia era de origini africane. N\u0103scut\u0103 \u00een Cartagina, \u00een urma unor invazii probabil vandale, a fost r\u0103pit\u0103 \u0219i luat\u0103 prizonier. St\u0103p\u00e2nul s\u0103u se numea Eusebiu, un p\u0103g\u00e2n practicant. \u00centr-una din c\u0103l\u0103toriile sale spre Gallia, Eusebiu a oprit pentru o vreme vaporul \u00een Corsica.<\/strong><\/p>\n<p>La vremea sosirii lor \u00een Corsica aveau loc unele festivaluri p\u0103g\u00e2ne. Fidel tradi\u021biilor sale str\u0103mo\u0219e\u0219ti Eusebiu a participat cu foarte mult\u0103 bucurie, merg\u00e2nd la acele festivaluri rituale \u00eempreun\u0103 cu to\u021bi oamenii s\u0103i laolalt\u0103 cu sclavii. Au adus cu to\u021bii jertfe zeilor. Iulia \u00eens\u0103, fiind cre\u0219tin\u0103, nu a jertfit \u0219i nici nu a consumat carne sau b\u0103uturi afierosite zeilor p\u0103g\u00e2ni, scrie Trinitas TV.<\/p>\n<p>A explicat celor din jur faptul c\u0103 nu se cuvenea s\u0103 fac\u0103 acest lucru pentru c\u0103 zeii sunt pl\u0103smuiri omene\u0219ti, ori Dumnezeul Adev\u0103rat, Singurul Dumnezeu, descoperit oamenilor \u00een Iisus Hristos Domnul nostru ne opre\u0219te s\u0103 slujim fal\u0219ilor zei.<\/p>\n<p>P\u0103g\u00e2nii au \u00eencercat prin toate mijloacele s\u0103 o conving\u0103 pe aceast\u0103 pl\u0103p\u00e2nd\u0103 sclav\u0103 s\u0103 renun\u021be la credin\u021ba ei. Pentru c\u0103 Iulia a rezistat au \u00eencercat s\u0103 o batjocoreasc\u0103 omor\u00e2nd-o ca pe Cel pe care ea \u00eel cinstea ca Dumnezeu \u2013 prin r\u0103stignire. Numai c\u0103 acei p\u0103g\u00e2ni nu au \u00een\u021beles marea cinste pe care i-au f\u0103cut-o, aceea de a-L urma pe Domnul Iisus Hristos \u0219i \u00een moarte.<\/p>\n<p>Prin ar\u0103tare cereasc\u0103 trupul s\u0103u i-a fost luat de c\u0103tre ni\u0219te monahi cre\u0219tini \u0219i dus \u00een insula Gorgona. \u00cen anul 763, sfintele sale moa\u0219te au fost luate de c\u0103tre regele longobarzilor Desiderius cu so\u021bia sa Ansa \u0219i au fost mutate \u00een Brescia, ora\u0219ul s\u0103u natal, \u00eentr-o m\u00e2n\u0103stire benedictin\u0103 de maici.<\/p>\n<p>M\u0103rturia Sfintei Iulia a \u00eent\u0103rit cre\u0219tinii veacuri de-a r\u00e2ndul \u0219i a r\u0103mas \u00een amintirea Bisericii pentru vecie. Iulia, t\u00e2n\u0103ra fecioar\u0103 care pentru dragostea lui Hristos a \u00eenfruntat chinurile p\u0103g\u00e2nilor \u0219i a primit asemenea St\u0103p\u00e2nului Hristos cununa martiric\u0103 prin r\u0103stignirea pe Sf\u00e2nta Cruce.<\/p>\n<div class=\"crp_related     crp-masonry\">\n<h2>\u00ceN CONTEXT<\/h2>\n<ul>\n<li><a href=\"https:\/\/r3media.ro\/calendarul-zilei-3-februarie-sfantul-si-dreptul-simeon-si-sfanta-proorocita-ana\/\" class=\"crp_link post-36864\"><span class=\"crp_title\">Calendarul zilei 3 februarie: Sf\u00e2ntul \u0219i Dreptul Simeon \u0219i Sf\u00e2nta Prooroci\u021b\u0103 Ana<\/span><\/a><\/li>\n<li><a href=\"https:\/\/r3media.ro\/calendarul-zilei-17-iulie-sf-mucenita-marina\/\" class=\"crp_link post-50706\"><span class=\"crp_title\">Calendarul zilei 17 iulie: Sf. Muceni\u021b\u0103 Marina<\/span><\/a><\/li>\n<li><a href=\"https:\/\/r3media.ro\/23-iunie-sfanta-agripina-roma\/\" class=\"crp_link post-75618\"><span class=\"crp_title\">Calendarul zilei 23 iunie: Sf\u00e2nta Agripina din Roma<\/span><\/a><\/li>\n<li><a href=\"https:\/\/r3media.ro\/calendarul-zilei-11-iulie-sf-mare-mc-eufimia-sf-olga-cea-intocmai-cu-apostolii-si-luminatoarea-rusiei\/\" class=\"crp_link post-98044\"><span class=\"crp_title\">Calendarul zilei 11 iulie: Sf. Mare Mc. Eufimia; Sf. Olga, cea \u00eentocmai cu Apostolii \u0219i\u2026<\/span><\/a><\/li>\n<li><a href=\"https:\/\/r3media.ro\/calendarul-zilei-7-iulie-sf-mare-mc-chiriachi\/\" class=\"crp_link post-97895\"><span class=\"crp_title\">Calendarul zilei 7 iulie: Sf. Mare Mc. Chiriachi<\/span><\/a><\/li>\n<li><a href=\"https:\/\/r3media.ro\/calendarul-zilei-7-ianuarie-sfantul-ioan-botezatorul-craciunul-pe-calendarul-vechi\/\" class=\"crp_link post-10400\"><span class=\"crp_title\">Calendarul zilei 7 ianuarie: Sf\u00e2ntul Ioan Botez\u0103torul. Cr\u0103ciunul pe calendarul vechi<\/span><\/a><\/li>\n<li><a href=\"https:\/\/r3media.ro\/calendarul-zilei-2-octombrie-sf-mc-ciprian-si-sf-mc-iustina\/\" class=\"crp_link post-82531\"><span class=\"crp_title\">Calendarul zilei 2 octombrie: Sf. Mc. Ciprian \u0219i Sf.Mc. Iustina<\/span><\/a><\/li>\n<li><a href=\"https:\/\/r3media.ro\/calendarul-zilei-25-iulie-adormirea-sfintei-ana-mama-preasfintei-nascatoare-de-dumnezeu\/\" class=\"crp_link post-77721\"><span class=\"crp_title\">Calendarul zilei 25 iulie: Adormirea Sfintei Ana, mama Preasfintei N\u0103sc\u0103toare de Dumnezeu<\/span><\/a><\/li>\n<\/ul>\n<\/div>\n<\/div>\n<p>[analyse_source url=&#8221;https:\/\/r3media.ro\/calendarul-zilei-16-iulie-sf-mucenita-iulia\/&#8221;]<\/p>\n","protected":false},"excerpt":{"rendered":"<p>[analyse_image type=&#8221;featured&#8221; src=&#8221;https:\/\/r3media.ro\/wp-content\/uploads\/2022\/07\/sddefault-4.jpghttps:\/\/r3media.ro\/wp-content\/uploads\/2022\/07\/sddefault-4.jpghttps:\/\/r3media.ro\/wp-content\/uploads\/2022\/07\/sddefault-4.jpg&#8221;] Calendarul zilei 16 iulie: Sf. Muceni\u021b\u0103 Iulia By Redac\u021bia &#8211; 15\/07\/2026 0 Sf\u00e2nta fecioar\u0103 Iulia era de origini africane. N\u0103scut\u0103 \u00een Cartagina, \u00een urma unor invazii probabil vandale, a fost r\u0103pit\u0103 \u0219i luat\u0103 prizonier. St\u0103p\u00e2nul s\u0103u se numea Eusebiu, un p\u0103g\u00e2n practicant. \u00centr-una din c\u0103l\u0103toriile sale spre Gallia, Eusebiu a oprit pentru [&hellip;]<\/p>\n","protected":false},"author":1,"featured_media":0,"comment_status":"open","ping_status":"","sticky":false,"template":"","format":"standard","meta":{"footnotes":""},"categories":[89],"tags":[226,93],"class_list":["post-2046208","post","type-post","status-publish","format-standard","hentry","category-romania","tag-crawlmanager","tag-r3media-ro"],"_links":{"self":[{"href":"https:\/\/analyse.optim.biz\/index.php?rest_route=\/wp\/v2\/posts\/2046208","targetHints":{"allow":["GET"]}}],"collection":[{"href":"https:\/\/analyse.optim.biz\/index.php?rest_route=\/wp\/v2\/posts"}],"about":[{"href":"https:\/\/analyse.optim.biz\/index.php?rest_route=\/wp\/v2\/types\/post"}],"author":[{"embeddable":true,"href":"https:\/\/analyse.optim.biz\/index.php?rest_route=\/wp\/v2\/users\/1"}],"replies":[{"embeddable":true,"href":"https:\/\/analyse.optim.biz\/index.php?rest_route=%2Fwp%2Fv2%2Fcomments&post=2046208"}],"version-history":[{"count":0,"href":"https:\/\/analyse.optim.biz\/index.php?rest_route=\/wp\/v2\/posts\/2046208\/revisions"}],"wp:attachment":[{"href":"https:\/\/analyse.optim.biz\/index.php?rest_route=%2Fwp%2Fv2%2Fmedia&parent=2046208"}],"wp:term":[{"taxonomy":"category","embeddable":true,"href":"https:\/\/analyse.optim.biz\/index.php?rest_route=%2Fwp%2Fv2%2Fcategories&post=2046208"},{"taxonomy":"post_tag","embeddable":true,"href":"https:\/\/analyse.optim.biz\/index.php?rest_route=%2Fwp%2Fv2%2Ftags&post=2046208"}],"curies":[{"name":"wp","href":"https:\/\/api.w.org\/{rel}","templated":true}]}}