{"id":2046203,"date":"2026-07-16T08:20:58","date_gmt":"2026-07-16T05:20:58","guid":{"rendered":"https:\/\/analyse.optim.biz\/?p=2046203"},"modified":"2026-07-16T08:20:58","modified_gmt":"2026-07-16T05:20:58","slug":"neo-bolsevicul-de-la-usr-cezar-dragoescu-ameninta-aur-nu-o-sa-faceti-parte-din-guvern-cat-e-nicusor-dan-presedinte","status":"publish","type":"post","link":"https:\/\/analyse.optim.biz\/?p=2046203","title":{"rendered":"Neo-bol\u0219evicul de la USR, Cezar Dr\u0103goescu amenin\u021b\u0103 AUR: \u201eNu o s\u0103 face\u021bi parte din guvern c\u00e2t e Nicu\u0219or Dan pre\u0219edinte\u201d"},"content":{"rendered":"<p>[analyse_image type=&#8221;featured&#8221; src=&#8221;https:\/\/ortodoxinfo.ro\/wp-content\/uploads\/2026\/07\/screenshot-2026-07-16-094601-1280&#215;719.pnghttps:\/\/ortodoxinfo.ro\/wp-content\/uploads\/2026\/07\/screenshot-2026-07-16-094601-1280&#215;719.png&#8221;]<\/p>\n<article id=\"post-249067\" class=\"post-249067 post type-post status-publish format-standard has-post-thumbnail category-asasinii-tarii\">\n<header class=\"single-header\">\n<aside class=\"breadcrumb-wrap breadcrumb-yoast s-breadcrumb\">\n<div class=\"breadcrumb-inner\"><span><span><a href=\"https:\/\/ortodoxinfo.ro\/\">Prima pagin\u0103<\/a><\/span> \u00bb <span><a href=\"https:\/\/ortodoxinfo.ro\/blog\/\">Blog<\/a><\/span> \u00bb <span class=\"breadcrumb_last\" aria-current=\"page\">Neo-bol\u0219evicul de la USR, Cezar Dr\u0103goescu amenin\u021b\u0103 AUR: \u201eNu o s\u0103 face\u021bi parte din guvern c\u00e2t e Nicu\u0219or Dan pre\u0219edinte\u201d<\/span><\/span><\/div>\n<\/aside>\n<h1 class=\"s-title fw-headline\">Neo-bol\u0219evicul de la USR, Cezar Dr\u0103goescu amenin\u021b\u0103 AUR: \u201eNu o s\u0103 face\u021bi parte din guvern c\u00e2t e Nicu\u0219or Dan pre\u0219edinte\u201d<\/h1>\n<div class=\"single-meta meta-s-default yes-0\">\n<div class=\"smeta-in\"><a class=\"meta-el meta-avatar\" href=\"https:\/\/ortodoxinfo.ro\/author\/redactor\/\"><img loading=\"lazy\" decoding=\"async\" alt=\"OrtodoxINFO\" src=\"https:\/\/secure.gravatar.com\/avatar\/21010332354a182ce4de6016685c5586f21c51866d0ec5bc8ef383240b3c3e02?s=120&amp;r=g\" class=\"avatar avatar-120 photo\" height=\"120\" width=\"120\"><\/a><\/p>\n<div class=\"smeta-sec\">\n<div class=\"p-meta\">\n<div class=\"meta-inner is-meta\"><span class=\"meta-el meta-date\"><time datetime=\"2026-07-16T11:20:58+03:00\">16 iulie 2026<\/time><\/span><span class=\"meta-el meta-category meta-bold\"><a class=\"meta-separate category-19885\" href=\"https:\/\/ortodoxinfo.ro\/category\/anti-sistem\/anti-romanism\/asasinii-tarii\/\">Asasinii \u021b\u0103rii<\/a><\/span><span class=\"meta-el meta-view\">2.5k vizualiz\u0103ri\t\t<\/span><span class=\"meta-el meta-comment mobile-last-meta tablet-last-meta\"><a href=\"https:\/\/ortodoxinfo.ro\/2026\/07\/16\/neo-bolsevicul-de-la-usr-cezar-dragoescu-ameninta-aur-nu-o-sa-faceti-parte-din-guvern-cat-e-nicusor-dan-presedinte\/#respond\">Comentarii<\/a><\/span><\/div>\n<\/div>\n<\/div>\n<\/div>\n<div class=\"smeta-extra\">\n<div class=\"t-shared-sec tooltips-n has-read-meta is-color\">\n<div class=\"t-shared-header is-meta\"><span class=\"share-label\">Share<\/span><\/div>\n<\/div>\n<div class=\"single-right-meta single-time-read is-meta\"><span class=\"meta-el meta-read\">2 Min Read<\/span><\/div>\n<\/div>\n<\/div>\n<\/header>\n<div class=\"grid-container\">\n<div class=\"s-ct\">\n<div class=\"s-feat-outer\">\n<div class=\"s-feat\">\n<div class=\"featured-lightbox-trigger\" data-source=\"https:\/\/ortodoxinfo.ro\/wp-content\/uploads\/2026\/07\/screenshot-2026-07-16-094601-1280x719.png\" data-caption data-attribution><img fetchpriority=\"high\" decoding=\"async\" width=\"860\" height=\"483\" src=\"https:\/\/ortodoxinfo.ro\/wp-content\/uploads\/2026\/07\/screenshot-2026-07-16-094601-1280x719-860x483.png\" class=\"attachment-foxiz_crop_o1 size-foxiz_crop_o1 wp-post-image\" alt loading=\"eager\"><\/div>\n<\/div>\n<\/div>\n<div class=\"s-ct-wrap has-lsl\">\n<div class=\"s-ct-inner\">\n<div class=\"l-shared-sec-outer show-mobile\">\n<div class=\"l-shared-sec\">\n<div class=\"l-shared-header meta-text\"><span class=\"share-label\">SHARE<\/span><\/div>\n<\/div>\n<\/div>\n<div class=\"e-ct-outer\">\n<div class=\"entry-top\">\n<div id=\"custom_html-3\" class=\"widget_text widget entry-widget clearfix widget_custom_html\">\n<div class=\"textwidget custom-html-widget\">\n<div><small><br \/>\n    OrtodoxINFO este supus unui sabotaj sistematic din partea reprezentan\u021bilor Google Rom\u00e2nia, at\u00e2t la afi\u0219\u0103ri c\u00e2t \u0219i \u00een rezultatele de c\u0103utare.<br \/>\n        Astfel c\u0103 veniturile din publicitate au sc\u0103zut de p\u00e2n\u0103 la <strong>10 ori<\/strong>. Situa\u021bia este similar\u0103 \u0219i pe Facebook.<\/p>\n<p>        V\u0103 invit\u0103m s\u0103 accesa\u021bi direct site-ul \u0219i s\u0103 v\u0103 abona\u021bi la notific\u0103ri.<\/p>\n<p>    Dac\u0103 dori\u021bi s\u0103 ne sus\u021bine\u021bi \u00een aceast\u0103 perioad\u0103 dificil\u0103, orice <a href=\"https:\/\/ortodoxinfo.ro\/donatii\/\">dona\u021bie<\/a> este binevenit\u0103.<br \/>\n    Dumnezeu s\u0103 v\u0103 r\u0103spl\u0103teasc\u0103!<br \/>\n<\/small><\/div>\n<\/div>\n<\/div>\n<\/div>\n<div class=\"entry-content rbct clearfix is-highlight-shares\">\n<p><b data-path-to-node=\"1,0\" data-index-in-node=\"0\">Deputatul USR Cezar Dr\u0103goescu declar\u0103 clar c\u0103 AUR nu va fi chemat la consult\u0103ri \u0219i nu va ajunge la guvernare, deoarece pre\u0219edintele Nicu\u0219or Dan nu \u00eei consider\u0103 un partid pro-occidental.<\/b><\/p>\n<p id=\"p-8\" data-path-to-node=\"1,0\">\u00centr-un schimb de replici cu deputatul AUR \u0218tefan Avramescu, Cezar Dr\u0103goescu a declarat dur \u0219i f\u0103r\u0103 echivoc c\u0103 AUR nu o s\u0103 fie chemat la consult\u0103ri pentru formarea unei noi majorit\u0103\u021bi.<\/p>\n<p id=\"p-9\" data-path-to-node=\"1,0\">Deputatul AUR sus\u021bine c\u0103 pre\u0219edintele alege s\u0103 foloseasc\u0103 acelea\u0219i metode, a\u0219tept\u00e2ndu-se la un rezultat diferit. Chem\u00e2nd acelea\u0219i patru partide la consult\u0103ri, care nu au reu\u0219it s\u0103 ajung\u0103 p\u00e2n\u0103 acum la un punct comun, nu va duce la deblocarea blocajului politic, spune el.<\/p>\n<blockquote>\n<p id=\"p-10\" data-path-to-node=\"4\">\u201eAi fi naiv s\u0103 crezi c\u0103, dac\u0103 o s\u0103 chem la consult\u0103ri acelea\u0219i patru partide de fiecare dat\u0103, o s\u0103 ob\u021bin un alt rezultat. Ne \u00eenv\u00e2rtim \u00een cerc. Spunea domnul ministru c\u0103 prelungim criza. M\u0103 scuza\u021bi. Prelungim aceast\u0103 criz\u0103 prin consult\u0103ri peste consult\u0103ri, peste consult\u0103ri care au acelea\u0219i rezultate. Unde se vor termina aceste consult\u0103ri?\u201d, spune deputatul AUR.<\/p>\n<\/blockquote>\n<h3 id=\"chapter-0\" data-path-to-node=\"4\">\u201eNu v\u0103 ve\u021bi \u00eent\u00e2lni la consult\u0103ri la Cotroceni \u0219i nu ve\u021bi face parte din niciun guvern\u201d<\/h3>\n<p id=\"p-11\" data-path-to-node=\"1,0\">Dr\u0103goescu r\u0103spunde dur, subliniind c\u0103 parlamentarii AUR trebuie s\u0103-\u0219i ia g\u00e2ndul de la guvernare. El afirm\u0103 c\u0103 pre\u0219edintele Nicu\u0219or Dan a declarat recent faptul c\u0103 nu consider\u0103 AUR un partid pro-occidental. Din acest motiv, nu o s\u0103 fie lua\u021bi \u00een calcul pentru guvernare.<\/p>\n<blockquote>\n<p id=\"p-12\" data-path-to-node=\"5\">\u201eDomnule Avramescu, nu \u00een\u021belege\u021bi limba rom\u00e2n\u0103? Dumneavoastr\u0103 ce v-a spus Nicu\u0219or Dan acum o s\u0103pt\u0103m\u00e2n\u0103? C\u0103 nu v\u0103 consider\u0103 partid pro-occidental. La revedere! Nu v\u0103 ve\u021bi \u00eent\u00e2lni la consult\u0103ri la Cotroceni \u0219i nu ve\u021bi face parte din niciun guvern at\u00e2ta vreme c\u00e2t Nicu\u0219or Dan va fi pre\u0219edinte. Dac\u0103 a\u021bi \u00een\u021belege limba rom\u00e2n\u0103\u2026\u201d, spune deputatul USR.<\/p>\n<\/blockquote>\n<p id=\"p-13\" data-path-to-node=\"1,0\">Aflat \u00eentr-o vizit\u0103 oficial\u0103 \u00een Polonia, \u0219eful statului a r\u0103spuns la \u00eentreb\u0103ri privind direc\u021bia pro-occidental\u0103 a partidului AUR. Pre\u0219edintele Nicu\u0219or Dan a r\u0103spuns clar, transmi\u021b\u00e2nd c\u0103, \u00een perspectiva sa, <span><strong>AUR nu se \u00eencadreaz\u0103 drept un partid pro-occidental<\/strong><\/span>.<\/p>\n<\/div>\n<\/div>\n<\/div>\n<div class=\"e-shared-sec entry-sec\">\n<div class=\"e-shared-header h4\"><span>Distribuie<\/span><\/div>\n<div class=\"rbbsl tooltips-n effect-fadeout is-bg\"><a class=\"share-action share-trigger icon-facebook\" aria-label=\"Share on Facebook\" href=\"https:\/\/www.facebook.com\/sharer.php?u=https%3A%2F%2Fortodoxinfo.ro%2F2026%2F07%2F16%2Fneo-bolsevicul-de-la-usr-cezar-dragoescu-ameninta-aur-nu-o-sa-faceti-parte-din-guvern-cat-e-nicusor-dan-presedinte%2F\" data-title=\"Facebook\" rel=\"nofollow\"><span>Facebook<\/span><\/a><a class=\"share-action share-trigger icon-twitter\" aria-label=\"Share on X\" href=\"https:\/\/twitter.com\/intent\/tweet?text=Neo-bol%C8%99evicul+de+la+USR%2C+Cezar+Dr%C4%83goescu+amenin%C8%9B%C4%83+AUR%3A+%E2%80%9ENu+o+s%C4%83+face%C8%9Bi+parte+din+guvern+c%C3%A2t+e+Nicu%C8%99or+Dan+pre%C8%99edinte%E2%80%9D&amp;url=https%3A%2F%2Fortodoxinfo.ro%2F2026%2F07%2F16%2Fneo-bolsevicul-de-la-usr-cezar-dragoescu-ameninta-aur-nu-o-sa-faceti-parte-din-guvern-cat-e-nicusor-dan-presedinte%2F&amp;via=ortodoxinforo\" data-title=\"X\" rel=\"nofollow\"><span>X<\/span><\/a><a class=\"share-action icon-whatsapp is-web\" aria-label=\"Share on Whatsapp\" href=\"https:\/\/web.whatsapp.com\/send?text=Neo-bol%C8%99evicul+de+la+USR%2C+Cezar+Dr%C4%83goescu+amenin%C8%9B%C4%83+AUR%3A+%E2%80%9ENu+o+s%C4%83+face%C8%9Bi+parte+din+guvern+c%C3%A2t+e+Nicu%C8%99or+Dan+pre%C8%99edinte%E2%80%9D%20%E2%98%9E%20https%3A%2F%2Fortodoxinfo.ro%2F2026%2F07%2F16%2Fneo-bolsevicul-de-la-usr-cezar-dragoescu-ameninta-aur-nu-o-sa-faceti-parte-din-guvern-cat-e-nicusor-dan-presedinte%2F\" target=\"_blank\" data-title=\"WhatsApp\" rel=\"nofollow\"><span>Whatsapp<\/span><\/a><a class=\"share-action icon-whatsapp is-mobile\" aria-label=\"Share on Whatsapp\" href=\"\/\/send?text=Neo-bol%C8%99evicul+de+la+USR%2C+Cezar+Dr%C4%83goescu+amenin%C8%9B%C4%83+AUR%3A+%E2%80%9ENu+o+s%C4%83+face%C8%9Bi+parte+din+guvern+c%C3%A2t+e+Nicu%C8%99or+Dan+pre%C8%99edinte%E2%80%9D%20%E2%98%9E%20https%3A%2F%2Fortodoxinfo.ro%2F2026%2F07%2F16%2Fneo-bolsevicul-de-la-usr-cezar-dragoescu-ameninta-aur-nu-o-sa-faceti-parte-din-guvern-cat-e-nicusor-dan-presedinte%2F\" target=\"_blank\" data-title=\"WhatsApp\" rel=\"nofollow\"><span>Whatsapp<\/span><\/a><a class=\"share-action share-trigger icon-telegram\" aria-label=\"Share on Telegram\" href=\"https:\/\/t.me\/share\/?url=https%3A%2F%2Fortodoxinfo.ro%2F2026%2F07%2F16%2Fneo-bolsevicul-de-la-usr-cezar-dragoescu-ameninta-aur-nu-o-sa-faceti-parte-din-guvern-cat-e-nicusor-dan-presedinte%2F&amp;text=Neo-bol%C8%99evicul+de+la+USR%2C+Cezar+Dr%C4%83goescu+amenin%C8%9B%C4%83+AUR%3A+%E2%80%9ENu+o+s%C4%83+face%C8%9Bi+parte+din+guvern+c%C3%A2t+e+Nicu%C8%99or+Dan+pre%C8%99edinte%E2%80%9D\" data-title=\"Telegram\" rel=\"nofollow\"><span>Telegram<\/span><\/a><a class=\"share-action icon-copy copy-trigger\" aria-label=\"Copy Link\" href=\"https:\/\/ortodoxinfo.ro\/2026\/07\/16\/neo-bolsevicul-de-la-usr-cezar-dragoescu-ameninta-aur-nu-o-sa-faceti-parte-din-guvern-cat-e-nicusor-dan-presedinte\/\" data-copied=\"Copied!\" data-link=\"https:\/\/ortodoxinfo.ro\/2026\/07\/16\/neo-bolsevicul-de-la-usr-cezar-dragoescu-ameninta-aur-nu-o-sa-faceti-parte-din-guvern-cat-e-nicusor-dan-presedinte\/\" rel=\"nofollow\" data-copy=\"Copy Link\"><span>Copy Link<\/span><\/a><a class=\"share-action icon-print\" aria-label=\"Print\" rel=\"nofollow\" data-title=\"Print\"><span>Print<\/span><\/a><\/div>\n<\/div>\n<\/div>\n<div id=\"tabs\" class=\"dntplgn_form_wrapper\"><span><\/p>\n<h2>\u0218tirile sunt sub cenzur\u0103! Sprijini\u021bi OrtodoxINFO!<\/h2>\n<p>Guvernul nu dore\u0219te aflarea adev\u0103rului despre lovitura de stat \u0219i \u00eengenuncherea Rom\u00e2niei. \u00cencerc\u0103m s\u0103 men\u021binem viu acest site \u0219i s\u0103 v\u0103 punem la dispozi\u021bie informa\u021bii care s\u0103 fac\u0103 lumin\u0103 \u00een cea mai mare provocare pe care o tr\u0103im. Jurnalismul independent al portalului OrtodoxINFO func\u021bioneaz\u0103 strict cu ajutorul cititorilor.<br \/>\nNe pute\u021bi sprijini printr-o <b><a href=\"https:\/\/ortodoxinfo.ro\/donatii\/\">dona\u021bie bancar\u0103<\/a> sau prin PayPal, complet\u00e2nd formularul de mai jos.<\/b><\/span><\/p>\n<ul>\n<li><a href=\"https:\/\/ortodoxinfo.ro\/2026\/07\/16\/neo-bolsevicul-de-la-usr-cezar-dragoescu-ameninta-aur-nu-o-sa-faceti-parte-din-guvern-cat-e-nicusor-dan-presedinte\/#tabs-1\">Dona\u021bie lunar\u0103<\/a><\/li>\n<li><a href=\"https:\/\/ortodoxinfo.ro\/2026\/07\/16\/neo-bolsevicul-de-la-usr-cezar-dragoescu-ameninta-aur-nu-o-sa-faceti-parte-din-guvern-cat-e-nicusor-dan-presedinte\/#tabs-2\">Doar acum<\/a><\/li>\n<\/ul>\n<div id=\"tabs-1\"><img loading=\"lazy\" decoding=\"async\" alt border=\"0\" src=\"https:\/\/www.paypalobjects.com\/en_US\/i\/scr\/pixel.gif\" width=\"1\" height=\"1\"><\/div>\n<div id=\"tabs-2\">\n<p>\t\t     \u20ac<\/p>\n<p>\t\t    <img loading=\"lazy\" decoding=\"async\" alt border=\"0\" src=\"https:\/\/www.paypalobjects.com\/en_US\/i\/scr\/pixel.gif\" width=\"1\" height=\"1\"><\/div>\n<p>Mul\u021bumim celor care ne-au ajutat p\u00e2n\u0103 acum!\n\t<\/p><\/div>\n<div class=\"comment-box-wrap entry-sec\">\n<div class=\"comment-box-header\"><span class=\"h3\">Las\u0103 un comentariu<\/span><\/div>\n<div class=\"comment-holder no-comment\">\n<div id=\"comments\" class=\"comments-area\">\n<div id=\"respond\" class=\"comment-respond\">\n<h3 id=\"reply-title\" class=\"comment-reply-title\">Las\u0103 un r\u0103spuns <small><a rel=\"nofollow\" id=\"cancel-comment-reply-link\" href=\"https:\/\/ortodoxinfo.ro\/2026\/07\/16\/neo-bolsevicul-de-la-usr-cezar-dragoescu-ameninta-aur-nu-o-sa-faceti-parte-din-guvern-cat-e-nicusor-dan-presedinte\/#respond\">Anuleaz\u0103 r\u0103spunsul<\/a><\/small><\/h3>\n<p class=\"comment-notes\"><span id=\"email-notes\">Adresa ta de email nu va fi publicat\u0103.<\/span><span class=\"required-field-message\">C\u00e2mpurile obligatorii sunt marcate cu <span class=\"required\">*<\/span><\/span><\/p>\n<\/div>\n<\/div>\n<\/div>\n<\/div>\n<\/div>\n<div class=\"sidebar-wrap single-sidebar\">\n<div class=\"sidebar-inner clearfix\">\n<div id=\"widget-post-2\" class=\"widget rb-section w-sidebar clearfix widget-post\">\n<div class=\"block-h widget-heading heading-layout-1\">\n<div class=\"heading-inner\">\n<h4 class=\"heading-title\"><span>Articole recente<\/span><\/h4>\n<\/div>\n<\/div>\n<div class=\"widget-p-listing\">\n<div class=\"p-wrap p-small p-list-small-2\" data-pid=\"249064\">\n<div class=\"feat-holder\">\n<div class=\"p-featured ratio-v1\"><a class=\"p-flink\" href=\"https:\/\/ortodoxinfo.ro\/2026\/07\/16\/regrete-pentru-votul-dat-lui-harpalete-sute-de-spitale-din-romania-intra-luni-in-greva-nu-se-vor-face-internari-si-operatii-timp-de-doua-ore\/\" title=\"Regrete pentru votul dat lui Harpalete: Sute de spitale din Rom\u00e2nia intr\u0103 luni \u00een grev\u0103. Nu se vor face intern\u0103ri \u0219i opera\u021bii timp de dou\u0103 ore\"><img decoding=\"async\" width=\"150\" height=\"150\" src=\"https:\/\/ortodoxinfo.ro\/wp-content\/uploads\/2026\/07\/743387290_1516491827185587_6491023199182407429_n-150x150.jpg\" class=\"featured-img wp-post-image\" alt loading=\"lazy\"><\/a><\/div>\n<\/div>\n<div class=\"p-content\">\n<h5 class=\"entry-title\"><a class=\"p-url\" href=\"https:\/\/ortodoxinfo.ro\/2026\/07\/16\/regrete-pentru-votul-dat-lui-harpalete-sute-de-spitale-din-romania-intra-luni-in-greva-nu-se-vor-face-internari-si-operatii-timp-de-doua-ore\/\" rel=\"bookmark\">Regrete pentru votul dat lui Harpalete: Sute de spitale din Rom\u00e2nia intr\u0103 luni \u00een grev\u0103. Nu se vor face intern\u0103ri \u0219i opera\u021bii timp de dou\u0103 ore<\/a><\/h5>\n<div class=\"p-meta\">\n<div class=\"meta-inner is-meta\"><span class=\"meta-el meta-date\"><time datetime=\"2026-07-16T11:27:49+03:00\">16 iulie 2026<\/time><\/span><span class=\"meta-el meta-category meta-bold\"><a class=\"meta-separate category-19885\" href=\"https:\/\/ortodoxinfo.ro\/category\/anti-sistem\/anti-romanism\/asasinii-tarii\/\">Asasinii \u021b\u0103rii<\/a><\/span><span class=\"meta-el meta-view\">2.4k vizualiz\u0103ri\t\t<\/span><\/div>\n<\/div>\n<\/div>\n<\/div>\n<div class=\"p-wrap p-small p-list-small-2\" data-pid=\"249037\">\n<div class=\"feat-holder\">\n<div class=\"p-featured ratio-v1\"><a class=\"p-flink\" href=\"https:\/\/ortodoxinfo.ro\/2026\/07\/16\/putin-a-bagat-o-in-buncar-pe-ursula-in-timpul-vizitei-la-kiev\/\" title=\"Putin a b\u0103gat-o \u00een bunc\u0103r pe Ursula, \u00een timpul vizitei la Kiev\"><img decoding=\"async\" width=\"150\" height=\"150\" src=\"https:\/\/ortodoxinfo.ro\/wp-content\/uploads\/2026\/07\/1784176279_profimedia-1109243701-150x150.jpg\" class=\"featured-img wp-post-image\" alt loading=\"lazy\"><\/a><\/div>\n<\/div>\n<div class=\"p-content\">\n<h5 class=\"entry-title\"><a class=\"p-url\" href=\"https:\/\/ortodoxinfo.ro\/2026\/07\/16\/putin-a-bagat-o-in-buncar-pe-ursula-in-timpul-vizitei-la-kiev\/\" rel=\"bookmark\">Putin a b\u0103gat-o \u00een bunc\u0103r pe Ursula, \u00een timpul vizitei la Kiev<\/a><\/h5>\n<div class=\"p-meta\">\n<div class=\"meta-inner is-meta\"><span class=\"meta-el meta-date\"><time datetime=\"2026-07-16T11:26:20+03:00\">16 iulie 2026<\/time><\/span><span class=\"meta-el meta-category meta-bold\"><a class=\"meta-separate category-15871\" href=\"https:\/\/ortodoxinfo.ro\/category\/anti-sistem\/al-iii-lea-razboi-mondial\/ucraina\/\">Ucraina<\/a><\/span><span class=\"meta-el meta-view\">3.6k vizualiz\u0103ri\t\t<\/span><\/div>\n<\/div>\n<\/div>\n<\/div>\n<div class=\"p-wrap p-small p-list-small-2\" data-pid=\"248812\">\n<div class=\"feat-holder\">\n<div class=\"p-featured ratio-v1\"><a class=\"p-flink\" href=\"https:\/\/ortodoxinfo.ro\/2026\/07\/15\/ioan-aurel-pop-avertizeaza-pedepsele-pentru-opinie-pot-impinge-romania-spre-abuz\/\" title=\"Ioan-Aurel Pop avertizeaz\u0103: pedepsele pentru opinie pot \u00eempinge Rom\u00e2nia spre abuz\"><img decoding=\"async\" width=\"150\" height=\"150\" src=\"https:\/\/ortodoxinfo.ro\/wp-content\/uploads\/2026\/07\/ioan-aurel-pop-avertizeaza-pedepsele-pentru-opinie-neurocontent-150x150.jpg\" class=\"featured-img wp-post-image\" alt loading=\"lazy\"><\/a><\/div>\n<\/div>\n<div class=\"p-content\">\n<h5 class=\"entry-title\"><a class=\"p-url\" href=\"https:\/\/ortodoxinfo.ro\/2026\/07\/15\/ioan-aurel-pop-avertizeaza-pedepsele-pentru-opinie-pot-impinge-romania-spre-abuz\/\" rel=\"bookmark\">Ioan-Aurel Pop avertizeaz\u0103: pedepsele pentru opinie pot \u00eempinge Rom\u00e2nia spre abuz<\/a><\/h5>\n<div class=\"p-meta\">\n<div class=\"meta-inner is-meta\"><span class=\"meta-el meta-date\"><time datetime=\"2026-07-15T18:29:48+03:00\">15 iulie 2026<\/time><\/span><span class=\"meta-el meta-category meta-bold\"><a class=\"meta-separate category-20289\" href=\"https:\/\/ortodoxinfo.ro\/category\/suveranism\/\">Suveranism<\/a><\/span><span class=\"meta-el meta-view\">5.4k vizualiz\u0103ri\t\t<\/span><\/div>\n<\/div>\n<\/div>\n<\/div>\n<div class=\"p-wrap p-small p-list-small-2\" data-pid=\"248738\">\n<div class=\"feat-holder\">\n<div class=\"p-featured ratio-v1\"><a class=\"p-flink\" href=\"https:\/\/ortodoxinfo.ro\/2026\/07\/15\/aur-urca-la-49-iar-psd-plateste-costul-guvernarii\/\" title=\"AUR urc\u0103 la 49%, iar PSD pl\u0103te\u0219te costul guvern\u0103rii\"><img decoding=\"async\" width=\"150\" height=\"150\" src=\"https:\/\/ortodoxinfo.ro\/wp-content\/uploads\/2026\/07\/aur-urca-la-40-iar-psd-plateste-neurocontent-150x150.jpg\" class=\"featured-img wp-post-image\" alt loading=\"lazy\"><\/a><\/div>\n<\/div>\n<div class=\"p-content\">\n<h5 class=\"entry-title\"><a class=\"p-url\" href=\"https:\/\/ortodoxinfo.ro\/2026\/07\/15\/aur-urca-la-49-iar-psd-plateste-costul-guvernarii\/\" rel=\"bookmark\">AUR urc\u0103 la 49%, iar PSD pl\u0103te\u0219te costul guvern\u0103rii<\/a><\/h5>\n<div class=\"p-meta\">\n<div class=\"meta-inner is-meta\"><span class=\"meta-el meta-date\"><time datetime=\"2026-07-15T11:50:42+03:00\">15 iulie 2026<\/time><\/span><span class=\"meta-el meta-category meta-bold\"><a class=\"meta-separate category-19866\" href=\"https:\/\/ortodoxinfo.ro\/category\/lupta-pentru-romania\/\">Lupt\u0103 pentru Rom\u00e2nia<\/a><\/span><span class=\"meta-el meta-view\">10.6k vizualiz\u0103ri\t\t<\/span><\/div>\n<\/div>\n<\/div>\n<\/div>\n<\/div>\n<\/div>\n<div id=\"custom_html-2\" class=\"widget_text widget rb-section w-sidebar clearfix widget_custom_html\">\n<div class=\"block-h widget-heading heading-layout-1\">\n<div class=\"heading-inner\">\n<h4 class=\"heading-title\"><span>DONA\u021aII \u00een cont bancar<\/span><\/h4>\n<\/div>\n<\/div>\n<div class=\"textwidget custom-html-widget\">\n<table class=\"donatii\">\n<tbody>\n<tr>\n<th colspan=\"2\"><strong><span>Asicia\u021bia SMI-B<\/span><\/strong><\/th>\n<\/tr>\n<tr>\n<th>Cont LEI<\/th>\n<td>RO67CECEB00030RON2081955<\/td>\n<\/tr>\n<tr>\n<th>Cont EURO<\/th>\n<td>RO33CECEB000C1EUR2081978<\/td>\n<\/tr>\n<tr>\n<th>Cod SWIFT<\/th>\n<td>CECEROBU<\/td>\n<\/tr>\n<tr>\n<th colspan=\"2\"><strong>CEC BANK SA<\/strong><\/th>\n<\/tr>\n<\/tbody>\n<\/table>\n<\/div>\n<\/div>\n<\/div>\n<\/div>\n<\/div>\n<\/article>\n<div class=\"entry-content rbct clearfix is-highlight-shares\">\n<p><b data-path-to-node=\"1,0\" data-index-in-node=\"0\">Deputatul USR Cezar Dr\u0103goescu declar\u0103 clar c\u0103 AUR nu va fi chemat la consult\u0103ri \u0219i nu va ajunge la guvernare, deoarece pre\u0219edintele Nicu\u0219or Dan nu \u00eei consider\u0103 un partid pro-occidental.<\/b><\/p>\n<p id=\"p-8\" data-path-to-node=\"1,0\">\u00centr-un schimb de replici cu deputatul AUR \u0218tefan Avramescu, Cezar Dr\u0103goescu a declarat dur \u0219i f\u0103r\u0103 echivoc c\u0103 AUR nu o s\u0103 fie chemat la consult\u0103ri pentru formarea unei noi majorit\u0103\u021bi.<\/p>\n<p id=\"p-9\" data-path-to-node=\"1,0\">Deputatul AUR sus\u021bine c\u0103 pre\u0219edintele alege s\u0103 foloseasc\u0103 acelea\u0219i metode, a\u0219tept\u00e2ndu-se la un rezultat diferit. Chem\u00e2nd acelea\u0219i patru partide la consult\u0103ri, care nu au reu\u0219it s\u0103 ajung\u0103 p\u00e2n\u0103 acum la un punct comun, nu va duce la deblocarea blocajului politic, spune el.<\/p>\n<blockquote>\n<p id=\"p-10\" data-path-to-node=\"4\">\u201eAi fi naiv s\u0103 crezi c\u0103, dac\u0103 o s\u0103 chem la consult\u0103ri acelea\u0219i patru partide de fiecare dat\u0103, o s\u0103 ob\u021bin un alt rezultat. Ne \u00eenv\u00e2rtim \u00een cerc. Spunea domnul ministru c\u0103 prelungim criza. M\u0103 scuza\u021bi. Prelungim aceast\u0103 criz\u0103 prin consult\u0103ri peste consult\u0103ri, peste consult\u0103ri care au acelea\u0219i rezultate. Unde se vor termina aceste consult\u0103ri?\u201d, spune deputatul AUR.<\/p>\n<\/blockquote>\n<h3 id=\"chapter-0\" data-path-to-node=\"4\">\u201eNu v\u0103 ve\u021bi \u00eent\u00e2lni la consult\u0103ri la Cotroceni \u0219i nu ve\u021bi face parte din niciun guvern\u201d<\/h3>\n<p id=\"p-11\" data-path-to-node=\"1,0\">Dr\u0103goescu r\u0103spunde dur, subliniind c\u0103 parlamentarii AUR trebuie s\u0103-\u0219i ia g\u00e2ndul de la guvernare. El afirm\u0103 c\u0103 pre\u0219edintele Nicu\u0219or Dan a declarat recent faptul c\u0103 nu consider\u0103 AUR un partid pro-occidental. Din acest motiv, nu o s\u0103 fie lua\u021bi \u00een calcul pentru guvernare.<\/p>\n<blockquote>\n<p id=\"p-12\" data-path-to-node=\"5\">\u201eDomnule Avramescu, nu \u00een\u021belege\u021bi limba rom\u00e2n\u0103? Dumneavoastr\u0103 ce v-a spus Nicu\u0219or Dan acum o s\u0103pt\u0103m\u00e2n\u0103? C\u0103 nu v\u0103 consider\u0103 partid pro-occidental. La revedere! Nu v\u0103 ve\u021bi \u00eent\u00e2lni la consult\u0103ri la Cotroceni \u0219i nu ve\u021bi face parte din niciun guvern at\u00e2ta vreme c\u00e2t Nicu\u0219or Dan va fi pre\u0219edinte. Dac\u0103 a\u021bi \u00een\u021belege limba rom\u00e2n\u0103\u2026\u201d, spune deputatul USR.<\/p>\n<\/blockquote>\n<p id=\"p-13\" data-path-to-node=\"1,0\">Aflat \u00eentr-o vizit\u0103 oficial\u0103 \u00een Polonia, \u0219eful statului a r\u0103spuns la \u00eentreb\u0103ri privind direc\u021bia pro-occidental\u0103 a partidului AUR. Pre\u0219edintele Nicu\u0219or Dan a r\u0103spuns clar, transmi\u021b\u00e2nd c\u0103, \u00een perspectiva sa, <span><strong>AUR nu se \u00eencadreaz\u0103 drept un partid pro-occidental<\/strong><\/span>.<\/p>\n<\/div>\n<p>[analyse_source url=&#8221;https:\/\/ortodoxinfo.ro\/2026\/07\/16\/neo-bolsevicul-de-la-usr-cezar-dragoescu-ameninta-aur-nu-o-sa-faceti-parte-din-guvern-cat-e-nicusor-dan-presedinte\/&#8221;]<\/p>\n","protected":false},"excerpt":{"rendered":"<p>[analyse_image type=&#8221;featured&#8221; src=&#8221;https:\/\/ortodoxinfo.ro\/wp-content\/uploads\/2026\/07\/screenshot-2026-07-16-094601-1280&#215;719.pnghttps:\/\/ortodoxinfo.ro\/wp-content\/uploads\/2026\/07\/screenshot-2026-07-16-094601-1280&#215;719.png&#8221;] Prima pagin\u0103 \u00bb Blog \u00bb Neo-bol\u0219evicul de la USR, Cezar Dr\u0103goescu amenin\u021b\u0103 AUR: \u201eNu o s\u0103 face\u021bi parte din guvern c\u00e2t e Nicu\u0219or Dan pre\u0219edinte\u201d Neo-bol\u0219evicul de la USR, Cezar Dr\u0103goescu amenin\u021b\u0103 AUR: \u201eNu o s\u0103 face\u021bi parte din guvern c\u00e2t e Nicu\u0219or Dan pre\u0219edinte\u201d 16 iulie 2026Asasinii \u021b\u0103rii2.5k vizualiz\u0103ri Comentarii Share [&hellip;]<\/p>\n","protected":false},"author":1,"featured_media":0,"comment_status":"open","ping_status":"","sticky":false,"template":"","format":"standard","meta":{"footnotes":""},"categories":[89],"tags":[226,94],"class_list":["post-2046203","post","type-post","status-publish","format-standard","hentry","category-romania","tag-crawlmanager","tag-ortodoxinfo-ro"],"_links":{"self":[{"href":"https:\/\/analyse.optim.biz\/index.php?rest_route=\/wp\/v2\/posts\/2046203","targetHints":{"allow":["GET"]}}],"collection":[{"href":"https:\/\/analyse.optim.biz\/index.php?rest_route=\/wp\/v2\/posts"}],"about":[{"href":"https:\/\/analyse.optim.biz\/index.php?rest_route=\/wp\/v2\/types\/post"}],"author":[{"embeddable":true,"href":"https:\/\/analyse.optim.biz\/index.php?rest_route=\/wp\/v2\/users\/1"}],"replies":[{"embeddable":true,"href":"https:\/\/analyse.optim.biz\/index.php?rest_route=%2Fwp%2Fv2%2Fcomments&post=2046203"}],"version-history":[{"count":0,"href":"https:\/\/analyse.optim.biz\/index.php?rest_route=\/wp\/v2\/posts\/2046203\/revisions"}],"wp:attachment":[{"href":"https:\/\/analyse.optim.biz\/index.php?rest_route=%2Fwp%2Fv2%2Fmedia&parent=2046203"}],"wp:term":[{"taxonomy":"category","embeddable":true,"href":"https:\/\/analyse.optim.biz\/index.php?rest_route=%2Fwp%2Fv2%2Fcategories&post=2046203"},{"taxonomy":"post_tag","embeddable":true,"href":"https:\/\/analyse.optim.biz\/index.php?rest_route=%2Fwp%2Fv2%2Ftags&post=2046203"}],"curies":[{"name":"wp","href":"https:\/\/api.w.org\/{rel}","templated":true}]}}