{"id":2046201,"date":"2026-07-16T10:11:47","date_gmt":"2026-07-16T07:11:47","guid":{"rendered":"https:\/\/analyse.optim.biz\/?p=2046201"},"modified":"2026-07-16T10:11:47","modified_gmt":"2026-07-16T07:11:47","slug":"tacerea-rusinoasa-si-dubla-masura-care-condamna-biserica-ortodoxa-romana","status":"publish","type":"post","link":"https:\/\/analyse.optim.biz\/?p=2046201","title":{"rendered":"T\u0102CEREA RU\u0218INOAS\u0102 \u0219i dubla m\u0103sur\u0103 care condamn\u0103 Biserica Ortodox\u0103 Rom\u00e2n\u0103"},"content":{"rendered":"<p>[analyse_image type=&#8221;featured&#8221; src=&#8221;https:\/\/www.incorectpolitic.com\/wp-content\/uploads\/2026\/07\/ipocrizie.png&#8221;]<\/p>\n<div class=\"entry\">\n<p>Vlad Voicu<br \/><strong>Incorect Politic<\/strong><br \/>\nIulie 16, 2026<\/p>\n<p><a href=\"https:\/\/www.incorectpolitic.com\/tacerea-rusinoasa-si-dubla-masura-care-condamna-biserica-ortodoxa-romana\/ipocrizie-2\/\" rel=\"attachment wp-att-82058\"><img loading=\"lazy\" decoding=\"async\" class=\"size-full wp-image-82058 aligncenter\" src=\"https:\/\/www.incorectpolitic.com\/wp-content\/uploads\/2026\/07\/ipocrizie.png\" alt width=\"1120\" height=\"721\"><\/a><\/p>\n<h2><strong>T\u0102CEREA RU\u0218INOAS\u0102 \u0219i dubla m\u0103sur\u0103 care condamn\u0103 Biserica Ortodox\u0103 Rom\u00e2n\u0103<\/strong><\/h2>\n<p>\u00cen Alba Iulia cineva a desenat cruci pe o sinagog\u0103. Mare vandalism, mare scandal, to\u021bi sclavii au reac\u021bionat, \u00een frunte cu Biserica Ortodox\u0103 Rom\u00e2n\u0103, prin Arhiepiscopia Alba Iuliei:<\/p>\n<p><a href=\"https:\/\/albapress.ro\/arhiepiscopia-ortodoxa-condamna-actul-regretabil-de-vandalizare-a-sinagogii-din-alba-iulia-o-grava-abatere-de-la-valorile-morale-si-spirituale\/\">AlbaPress<\/a>:<\/p>\n<blockquote>\n<p>\u00centr-un comunicat semnat de Biroul de Pres\u0103,\u00a0<a href=\"https:\/\/www.facebook.com\/reintregirea\/posts\/pfbid02ukfU9mJpXLA7j4GJYbz5qVPjh688QVQDPSnf7DZ9ohS4MurYzgEJGQCkFLzPMs3Rl\" target=\"_blank\" rel=\"noreferrer noopener\">postat<\/a>\u00a0vineri pe pagina de Facebook, se men\u021bioneaz\u0103 c\u0103 Arhiepiscopia Alba Iuliei a primit \u201ecu m\u00e2hnire\u201d vestea actului regretabil de vandalizare a Sinagogii \u201eMareh Yezekiel\u201d din municipiul Alba Iulia.<\/p>\n<p>\u201eUn asemenea gest, \u00eendreptat \u00eempotriva unui l\u0103ca\u0219 de cult \u0219i a unui monument de patrimoniu, aduce atingere comunit\u0103\u021bii evreie\u0219ti \u0219i valorilor fundamentale ale respectului reciproc, ale libert\u0103\u021bii religioase \u0219i ale bunei convie\u021buiri dintre oameni. <strong>Orice form\u0103 de profanare sau de manifestare a urii \u0219i intoleran\u021bei reprezint\u0103 o grav\u0103 abatere de la valorile morale \u0219i spirituale pe care suntem chema\u021bi s\u0103 le cultiv\u0103m \u00een societate<\/strong>\u201d, se men\u021bioneaz\u0103 \u00een comunicat.<\/p>\n<p>Potrivit sursei citate, comunitatea evreiasc\u0103 face parte din istoria \u0219i patrimoniul spiritual \u0219i cultural al municipiului Alba Iulia \u0219i al Transilvaniei, iar l\u0103ca\u0219urile sale de cult trebuie respectate \u0219i ocrotite ca expresii ale identit\u0103\u021bii \u0219i memoriei sale.<\/p>\n<p>\u201eArhiepiscopia Alba Iuliei \u00ee\u0219i exprim\u0103 solidaritatea \u0219i compasiunea fa\u021b\u0103 de membrii comunit\u0103\u021bii evreie\u0219ti \u0219i fa\u021b\u0103 de to\u021bi cei \u00eentrista\u021bi de acest incident, condamn\u00e2nd ferm asemenea manifest\u0103ri, precum \u0219i orice form\u0103 de antisemitism, intoleran\u021b\u0103 religioas\u0103 sau incitare la ur\u0103, care nu \u00ee\u0219i g\u0103sesc locul \u00eentr-o societate \u00eentemeiat\u0103 pe demnitatea persoanei, dialog \u0219i pace\u201d, mai transmite Biroul de pres\u0103 al Arhiepiscopiei Alba Iuliei.<\/p>\n<p>Sinagoga din Alba Iulia a fost vandalizat\u0103 zilele trecute, pe fa\u021bada cl\u0103dirii, aflat\u0103 \u00eentr-o zon\u0103 ultracentral\u0103, fiind desenate cu un spray negru cruci \u0219i o liter\u0103 ce pare a fi din alfabetul grec.<\/p>\n<p>Poli\u021bia a deschis o anchet\u0103 \u00een vederea identific\u0103rii autorului, \u00een zon\u0103 fiind amplasate mai multe camere de supraveghere.<\/p>\n<p>Comunitatea evreiasc\u0103 din Alba Iulia era, odinioar\u0103, cea mai numeroas\u0103 din Transilvania, ora\u0219ul fiind de altfel, \u00eentre 1653 \u0219i 1848, singurul din Ardeal \u00een care era permis\u0103 legal a\u0219ezarea acestora, \u00eens\u0103 la ora actual\u0103 este printre cele mai mici din \u021bar\u0103.<\/p>\n<\/blockquote>\n<p>\u00a0<\/p>\n<h3 class=\"ds-markdown-paragraph\"><strong><span class>O compara\u021bie \u0219ocant\u0103\u00a0<\/span><\/strong><\/h3>\n<p class=\"ds-markdown-paragraph\"><span class=\"skip-quote-patch\"><strong>\u201eOrice form\u0103 de profanare sau de manifestare a urii \u0219i intoleran\u021bei reprezint\u0103 o grav\u0103 abatere de la valorile morale \u0219i spirituale pe care suntem chema\u021bi s\u0103 le cultiv\u0103m \u00een societate\u201d<\/strong>, transmite Biroul de Pres\u0103 al Arhiepiscopiei \u00een cazul sinagogii.<\/span><\/p>\n<p class=\"ds-markdown-paragraph\"><span class>La nici un an distan\u021b\u0103, \u00een noiembrie 2025, troi\u021ba monumental\u0103 de la T\u00e2nc\u0103be\u0219ti \u2013 un l\u0103ca\u0219 de cult \u00een aer liber, o cruce cre\u0219tin\u0103 ridicat\u0103 \u00een memoria legionarilor uci\u0219i \u00een p\u0103durea din localitate \u2013 a fost t\u0103iat\u0103 cu drujba de la baz\u0103 \u0219i \u00eenlocuit\u0103 cu o perie de WC.<\/span><span class> Un act de vandalism mult mai grav ca cel de la Alba Iulia, dublat de un act de profanare a unui simbol religios cre\u0219tin ortodox.<\/span><\/p>\n<p class=\"ds-markdown-paragraph\"><strong><span class>Biserica a t\u0103cut.<\/span><\/strong><\/p>\n<p class=\"ds-markdown-paragraph\"><span class>Niciun comunicat al Patriarhiei, nicio reac\u021bie a Arhiepiscopiei Bucure\u0219tilor, niciun cuv\u00e2nt de condamnare din partea ierarhilor. De\u0219i troi\u021ba din T\u00e2nc\u0103be\u0219ti este, \u00een esen\u021b\u0103, o cruce \u2013 simbolul fundamental al cre\u0219tinismului \u2013 Biserica Ortodox\u0103 Rom\u00e2n\u0103 nu a g\u0103sit de cuviin\u021b\u0103 s\u0103 emit\u0103 m\u0103car un paragraf de dezaprobare.\u00a0<\/span><\/p>\n<p class=\"ds-markdown-paragraph\"><span class>De ce aceast\u0103 diferen\u021b\u0103?<\/span><\/p>\n<p class=\"ds-markdown-paragraph\"><span class=\"skip-quote-patch\">Pentru c\u0103 la Alba Iulia, Biserica a jucat un rol previzibil: s-a aliniat retoricii oficiale care eticheteaz\u0103 orice critic\u0103 la adresa unor anumite interese drept \u201eantisemitism\u201d. Un spectacol ieftin de corectitudine politic\u0103, menit s\u0103 arate c\u0103 BOR e la zi cu valorile occidentale. La T\u00e2nc\u0103be\u0219ti \u00eens\u0103, subiectul este incomod: troi\u021ba este asociat\u0103 cu Corneliu Zelea Codreanu, iar ap\u0103rarea ei ar putea atrage acuza\u021bii \u0219i articole de pres\u0103. A\u0219a c\u0103 <\/span><strong><span class>Biserica prefer\u0103 t\u0103cerea<\/span><\/strong><span class>. Din sl\u0103biciune, la\u0219itate, din ipocrizie, din frica de a nu-\u0219i strica imaginea?<\/span><\/p>\n<p class=\"ds-markdown-paragraph\"><span class>Aceasta este\u00a0<\/span><strong><span class>dubla m\u0103sur\u0103<\/span><\/strong><span class> \u00een forma sa cea mai josnic\u0103. La Alba Iulia, un vandalism minor \u2013 c\u00e2teva cruci desenate cu spray, pe un perete care se spal\u0103 \u2013 declan\u0219eaz\u0103 un comunicat plin de \u00eenalte principii. La T\u00e2nc\u0103be\u0219ti, o cruce t\u0103iat\u0103 cu drujba \u00een multiple locuri pentru a nu putea fi restaurat\u0103, care a fost \u00eenlocuit\u0103 cu o perie de WC, este \u00eent\u00e2mpinat\u0103 cu <\/span><strong><span class>t\u0103cere des\u0103v\u00e2r\u0219it\u0103<\/span><\/strong><span class>. A\u0219a arat\u0103 o Biseric\u0103 care nu ap\u0103r\u0103 credin\u021ba, ci doar \u00ee\u0219i administreaz\u0103 interesele.<\/span><\/p>\n<p class=\"ds-markdown-paragraph\"><span class>Mai grav:\u00a0<\/span><strong><span class>t\u0103cerea Bisericii nu este neutr\u0103<\/span><\/strong><span class>. Ea este o form\u0103 de complicitate. Atunci c\u00e2nd o institu\u021bie care pretinde c\u0103 ap\u0103r\u0103 crucea refuz\u0103 s\u0103 condamne profanarea unei cruci, ea trimite un mesaj clar:\u00a0<\/span><strong><span class>nu toate crucile merit\u0103 ap\u0103rate, nu toate profan\u0103rile sunt condamnabile.<\/span><\/strong><span class> Aceste mesaj, ipocrit \u0219i la\u0219, este \u0219i anticre\u0219tin, un exemplu \u00een care BOR \u00ee\u0219i rateaz\u0103 menirea \u0219i se descalific\u0103 moral.<\/span><\/p>\n<p class=\"ds-markdown-paragraph\"><span class=\"skip-quote-patch\">Nu po\u021bi vorbi despre \u201evalori morale \u0219i spirituale\u201d doar atunci c\u00e2nd subiectul este convenabil. Nu po\u021bi s\u0103 te declari ap\u0103r\u0103tor al credin\u021bei \u0219i s\u0103 taci c\u00e2nd simbolul credin\u021bei tale este batjocorit. Nu po\u021bi s\u0103 te ascunzi dup\u0103 retorica importat\u0103 a \u201eantisemitismului\u201d c\u00e2nd \u00ee\u021bi convine \u0219i s\u0103 dispari complet c\u00e2nd este vorba despre propriul t\u0103u altar.<\/span><\/p>\n<p class=\"ds-markdown-paragraph\"><strong><span class>T\u0103cerea Bisericii Ortodoxe Rom\u00e2ne de la T\u00e2nc\u0103be\u0219ti este mai elocvent\u0103 dec\u00e2t orice comunicat. Este o t\u0103cere care condamn\u0103.\u00a0<\/span><\/strong><\/p>\n<\/div>\n<div class=\"entry\">\n<p>Vlad Voicu<br \/><strong>Incorect Politic<\/strong><br \/>\nIulie 16, 2026<\/p>\n<p><a href=\"https:\/\/www.incorectpolitic.com\/tacerea-rusinoasa-si-dubla-masura-care-condamna-biserica-ortodoxa-romana\/ipocrizie-2\/\" rel=\"attachment wp-att-82058\"><img loading=\"lazy\" decoding=\"async\" class=\"size-full wp-image-82058 aligncenter\" src=\"https:\/\/www.incorectpolitic.com\/wp-content\/uploads\/2026\/07\/ipocrizie.png\" alt width=\"1120\" height=\"721\"><\/a><\/p>\n<h2><strong>T\u0102CEREA RU\u0218INOAS\u0102 \u0219i dubla m\u0103sur\u0103 care condamn\u0103 Biserica Ortodox\u0103 Rom\u00e2n\u0103<\/strong><\/h2>\n<p>\u00cen Alba Iulia cineva a desenat cruci pe o sinagog\u0103. Mare vandalism, mare scandal, to\u021bi sclavii au reac\u021bionat, \u00een frunte cu Biserica Ortodox\u0103 Rom\u00e2n\u0103, prin Arhiepiscopia Alba Iuliei:<\/p>\n<p><a href=\"https:\/\/albapress.ro\/arhiepiscopia-ortodoxa-condamna-actul-regretabil-de-vandalizare-a-sinagogii-din-alba-iulia-o-grava-abatere-de-la-valorile-morale-si-spirituale\/\">AlbaPress<\/a>:<\/p>\n<blockquote>\n<p>\u00centr-un comunicat semnat de Biroul de Pres\u0103,\u00a0<a href=\"https:\/\/www.facebook.com\/reintregirea\/posts\/pfbid02ukfU9mJpXLA7j4GJYbz5qVPjh688QVQDPSnf7DZ9ohS4MurYzgEJGQCkFLzPMs3Rl\" target=\"_blank\" rel=\"noreferrer noopener\">postat<\/a>\u00a0vineri pe pagina de Facebook, se men\u021bioneaz\u0103 c\u0103 Arhiepiscopia Alba Iuliei a primit \u201ecu m\u00e2hnire\u201d vestea actului regretabil de vandalizare a Sinagogii \u201eMareh Yezekiel\u201d din municipiul Alba Iulia.<\/p>\n<p>\u201eUn asemenea gest, \u00eendreptat \u00eempotriva unui l\u0103ca\u0219 de cult \u0219i a unui monument de patrimoniu, aduce atingere comunit\u0103\u021bii evreie\u0219ti \u0219i valorilor fundamentale ale respectului reciproc, ale libert\u0103\u021bii religioase \u0219i ale bunei convie\u021buiri dintre oameni. <strong>Orice form\u0103 de profanare sau de manifestare a urii \u0219i intoleran\u021bei reprezint\u0103 o grav\u0103 abatere de la valorile morale \u0219i spirituale pe care suntem chema\u021bi s\u0103 le cultiv\u0103m \u00een societate<\/strong>\u201d, se men\u021bioneaz\u0103 \u00een comunicat.<\/p>\n<p>Potrivit sursei citate, comunitatea evreiasc\u0103 face parte din istoria \u0219i patrimoniul spiritual \u0219i cultural al municipiului Alba Iulia \u0219i al Transilvaniei, iar l\u0103ca\u0219urile sale de cult trebuie respectate \u0219i ocrotite ca expresii ale identit\u0103\u021bii \u0219i memoriei sale.<\/p>\n<p>\u201eArhiepiscopia Alba Iuliei \u00ee\u0219i exprim\u0103 solidaritatea \u0219i compasiunea fa\u021b\u0103 de membrii comunit\u0103\u021bii evreie\u0219ti \u0219i fa\u021b\u0103 de to\u021bi cei \u00eentrista\u021bi de acest incident, condamn\u00e2nd ferm asemenea manifest\u0103ri, precum \u0219i orice form\u0103 de antisemitism, intoleran\u021b\u0103 religioas\u0103 sau incitare la ur\u0103, care nu \u00ee\u0219i g\u0103sesc locul \u00eentr-o societate \u00eentemeiat\u0103 pe demnitatea persoanei, dialog \u0219i pace\u201d, mai transmite Biroul de pres\u0103 al Arhiepiscopiei Alba Iuliei.<\/p>\n<p>Sinagoga din Alba Iulia a fost vandalizat\u0103 zilele trecute, pe fa\u021bada cl\u0103dirii, aflat\u0103 \u00eentr-o zon\u0103 ultracentral\u0103, fiind desenate cu un spray negru cruci \u0219i o liter\u0103 ce pare a fi din alfabetul grec.<\/p>\n<p>Poli\u021bia a deschis o anchet\u0103 \u00een vederea identific\u0103rii autorului, \u00een zon\u0103 fiind amplasate mai multe camere de supraveghere.<\/p>\n<p>Comunitatea evreiasc\u0103 din Alba Iulia era, odinioar\u0103, cea mai numeroas\u0103 din Transilvania, ora\u0219ul fiind de altfel, \u00eentre 1653 \u0219i 1848, singurul din Ardeal \u00een care era permis\u0103 legal a\u0219ezarea acestora, \u00eens\u0103 la ora actual\u0103 este printre cele mai mici din \u021bar\u0103.<\/p>\n<\/blockquote>\n<p>\u00a0<\/p>\n<h3 class=\"ds-markdown-paragraph\"><strong><span class>O compara\u021bie \u0219ocant\u0103\u00a0<\/span><\/strong><\/h3>\n<p class=\"ds-markdown-paragraph\"><span class=\"skip-quote-patch\"><strong>\u201eOrice form\u0103 de profanare sau de manifestare a urii \u0219i intoleran\u021bei reprezint\u0103 o grav\u0103 abatere de la valorile morale \u0219i spirituale pe care suntem chema\u021bi s\u0103 le cultiv\u0103m \u00een societate\u201d<\/strong>, transmite Biroul de Pres\u0103 al Arhiepiscopiei \u00een cazul sinagogii.<\/span><\/p>\n<p class=\"ds-markdown-paragraph\"><span class>La nici un an distan\u021b\u0103, \u00een noiembrie 2025, troi\u021ba monumental\u0103 de la T\u00e2nc\u0103be\u0219ti \u2013 un l\u0103ca\u0219 de cult \u00een aer liber, o cruce cre\u0219tin\u0103 ridicat\u0103 \u00een memoria legionarilor uci\u0219i \u00een p\u0103durea din localitate \u2013 a fost t\u0103iat\u0103 cu drujba de la baz\u0103 \u0219i \u00eenlocuit\u0103 cu o perie de WC.<\/span><span class> Un act de vandalism mult mai grav ca cel de la Alba Iulia, dublat de un act de profanare a unui simbol religios cre\u0219tin ortodox.<\/span><\/p>\n<p class=\"ds-markdown-paragraph\"><strong><span class>Biserica a t\u0103cut.<\/span><\/strong><\/p>\n<p class=\"ds-markdown-paragraph\"><span class>Niciun comunicat al Patriarhiei, nicio reac\u021bie a Arhiepiscopiei Bucure\u0219tilor, niciun cuv\u00e2nt de condamnare din partea ierarhilor. De\u0219i troi\u021ba din T\u00e2nc\u0103be\u0219ti este, \u00een esen\u021b\u0103, o cruce \u2013 simbolul fundamental al cre\u0219tinismului \u2013 Biserica Ortodox\u0103 Rom\u00e2n\u0103 nu a g\u0103sit de cuviin\u021b\u0103 s\u0103 emit\u0103 m\u0103car un paragraf de dezaprobare.\u00a0<\/span><\/p>\n<p class=\"ds-markdown-paragraph\"><span class>De ce aceast\u0103 diferen\u021b\u0103?<\/span><\/p>\n<p class=\"ds-markdown-paragraph\"><span class=\"skip-quote-patch\">Pentru c\u0103 la Alba Iulia, Biserica a jucat un rol previzibil: s-a aliniat retoricii oficiale care eticheteaz\u0103 orice critic\u0103 la adresa unor anumite interese drept \u201eantisemitism\u201d. Un spectacol ieftin de corectitudine politic\u0103, menit s\u0103 arate c\u0103 BOR e la zi cu valorile occidentale. La T\u00e2nc\u0103be\u0219ti \u00eens\u0103, subiectul este incomod: troi\u021ba este asociat\u0103 cu Corneliu Zelea Codreanu, iar ap\u0103rarea ei ar putea atrage acuza\u021bii \u0219i articole de pres\u0103. A\u0219a c\u0103 <\/span><strong><span class>Biserica prefer\u0103 t\u0103cerea<\/span><\/strong><span class>. Din sl\u0103biciune, la\u0219itate, din ipocrizie, din frica de a nu-\u0219i strica imaginea?<\/span><\/p>\n<p class=\"ds-markdown-paragraph\"><span class>Aceasta este\u00a0<\/span><strong><span class>dubla m\u0103sur\u0103<\/span><\/strong><span class> \u00een forma sa cea mai josnic\u0103. La Alba Iulia, un vandalism minor \u2013 c\u00e2teva cruci desenate cu spray, pe un perete care se spal\u0103 \u2013 declan\u0219eaz\u0103 un comunicat plin de \u00eenalte principii. La T\u00e2nc\u0103be\u0219ti, o cruce t\u0103iat\u0103 cu drujba \u00een multiple locuri pentru a nu putea fi restaurat\u0103, care a fost \u00eenlocuit\u0103 cu o perie de WC, este \u00eent\u00e2mpinat\u0103 cu <\/span><strong><span class>t\u0103cere des\u0103v\u00e2r\u0219it\u0103<\/span><\/strong><span class>. A\u0219a arat\u0103 o Biseric\u0103 care nu ap\u0103r\u0103 credin\u021ba, ci doar \u00ee\u0219i administreaz\u0103 interesele.<\/span><\/p>\n<p class=\"ds-markdown-paragraph\"><span class>Mai grav:\u00a0<\/span><strong><span class>t\u0103cerea Bisericii nu este neutr\u0103<\/span><\/strong><span class>. Ea este o form\u0103 de complicitate. Atunci c\u00e2nd o institu\u021bie care pretinde c\u0103 ap\u0103r\u0103 crucea refuz\u0103 s\u0103 condamne profanarea unei cruci, ea trimite un mesaj clar:\u00a0<\/span><strong><span class>nu toate crucile merit\u0103 ap\u0103rate, nu toate profan\u0103rile sunt condamnabile.<\/span><\/strong><span class> Aceste mesaj, ipocrit \u0219i la\u0219, este \u0219i anticre\u0219tin, un exemplu \u00een care BOR \u00ee\u0219i rateaz\u0103 menirea \u0219i se descalific\u0103 moral.<\/span><\/p>\n<p class=\"ds-markdown-paragraph\"><span class=\"skip-quote-patch\">Nu po\u021bi vorbi despre \u201evalori morale \u0219i spirituale\u201d doar atunci c\u00e2nd subiectul este convenabil. Nu po\u021bi s\u0103 te declari ap\u0103r\u0103tor al credin\u021bei \u0219i s\u0103 taci c\u00e2nd simbolul credin\u021bei tale este batjocorit. Nu po\u021bi s\u0103 te ascunzi dup\u0103 retorica importat\u0103 a \u201eantisemitismului\u201d c\u00e2nd \u00ee\u021bi convine \u0219i s\u0103 dispari complet c\u00e2nd este vorba despre propriul t\u0103u altar.<\/span><\/p>\n<p class=\"ds-markdown-paragraph\"><strong><span class>T\u0103cerea Bisericii Ortodoxe Rom\u00e2ne de la T\u00e2nc\u0103be\u0219ti este mai elocvent\u0103 dec\u00e2t orice comunicat. Este o t\u0103cere care condamn\u0103.\u00a0<\/span><\/strong><\/p>\n<\/div>\n<article class=\"post-81436 post type-post status-publish entry includes-feat-image\">\n<div class=\"featured-image alignleft\"><a class=\"featured_post_link\" href=\"https:\/\/www.incorectpolitic.com\/curaj-adevar-si-libertate-senatorul-miron-manega-s-o-s-a-propus-abrogarea-legilor-delictului-de-opinie\/\" title=\"CURAJ, ADEV\u0102R \u0218I LIBERTATE! Senatorul Miron Manega (S.O.S.) a propus abrogarea legilor delictului de opinie!\"><img loading=\"lazy\" decoding=\"async\" width=\"150\" height=\"150\" src=\"https:\/\/www.incorectpolitic.com\/wp-content\/uploads\/2019\/04\/manega-150x150.png\" class=\"attachment-thumbnail size-thumbnail wp-post-image lazyload\" alt><img loading=\"lazy\" decoding=\"async\" width=\"150\" height=\"150\" src=\"https:\/\/www.incorectpolitic.com\/wp-content\/uploads\/2019\/04\/manega-150x150.png\" class=\"attachment-thumbnail size-thumbnail wp-post-image\" alt data-eio=\"l\"><\/a><\/div>\n<div class=\"entry-title\"><a class=\"featured_post_link\" href=\"https:\/\/www.incorectpolitic.com\/curaj-adevar-si-libertate-senatorul-miron-manega-s-o-s-a-propus-abrogarea-legilor-delictului-de-opinie\/\" title=\"CURAJ, ADEV\u0102R \u0218I LIBERTATE! Senatorul Miron Manega (S.O.S.) a propus abrogarea legilor delictului de opinie!\">CURAJ, ADEV\u0102R \u0218I LIBERTATE! Senatorul Miron Manega (S.O.S.) a propus abrogarea legilor delictului de opinie!<\/a><\/div>\n<\/article>\n<article class=\"post-80361 post type-post status-publish entry includes-feat-image\">\n<div class=\"featured-image alignleft\"><a class=\"featured_post_link\" href=\"https:\/\/www.incorectpolitic.com\/ultimul-fiu-al-daciei\/\" title=\"Ultimul Fiu al Daciei\"><img loading=\"lazy\" decoding=\"async\" width=\"100\" height=\"150\" src=\"https:\/\/www.incorectpolitic.com\/wp-content\/uploads\/2025\/10\/dac.jpeg\" class=\"attachment-thumbnail size-thumbnail wp-post-image lazyload\" alt><img loading=\"lazy\" decoding=\"async\" width=\"100\" height=\"150\" src=\"https:\/\/www.incorectpolitic.com\/wp-content\/uploads\/2025\/10\/dac.jpeg\" class=\"attachment-thumbnail size-thumbnail wp-post-image\" alt data-eio=\"l\"><\/a><\/div>\n<div class=\"entry-title\"><a class=\"featured_post_link\" href=\"https:\/\/www.incorectpolitic.com\/ultimul-fiu-al-daciei\/\" title=\"Ultimul Fiu al Daciei\">Ultimul Fiu al Daciei<\/a><\/div>\n<\/article>\n<article class=\"post-73927 post type-post status-publish entry includes-feat-image\">\n<div class=\"featured-image alignleft\"><a class=\"featured_post_link\" href=\"https:\/\/www.incorectpolitic.com\/cauzele-si-dinamica-antisemitismului\/\" title=\"Cauzele \u0219i Dinamica Antisemitismului\"><img loading=\"lazy\" decoding=\"async\" width=\"150\" height=\"150\" src=\"https:\/\/www.incorectpolitic.com\/wp-content\/uploads\/2018\/09\/bolshevik-jews-150x150.jpg\" class=\"attachment-thumbnail size-thumbnail wp-post-image lazyload\" alt><img loading=\"lazy\" decoding=\"async\" width=\"150\" height=\"150\" src=\"https:\/\/www.incorectpolitic.com\/wp-content\/uploads\/2018\/09\/bolshevik-jews-150x150.jpg\" class=\"attachment-thumbnail size-thumbnail wp-post-image\" alt data-eio=\"l\"><\/a><\/div>\n<div class=\"entry-title\"><a class=\"featured_post_link\" href=\"https:\/\/www.incorectpolitic.com\/cauzele-si-dinamica-antisemitismului\/\" title=\"Cauzele \u0219i Dinamica Antisemitismului\">Cauzele \u0219i Dinamica Antisemitismului<\/a><\/div>\n<\/article>\n<article class=\"post-72974 post type-post status-publish entry includes-feat-image\">\n<div class=\"featured-image alignleft\"><a class=\"featured_post_link\" href=\"https:\/\/www.incorectpolitic.com\/navalirea-jidanilor-de-vasile-alecsandri-piesa-interzisa\/\" title=\"N\u0103v\u0103lirea Jidanilor \u2013 de Vasile Alecsandri (Pies\u0103 interzis\u0103)\"><img loading=\"lazy\" decoding=\"async\" width=\"150\" height=\"150\" src=\"https:\/\/www.incorectpolitic.com\/wp-content\/uploads\/2024\/02\/jidani-navalire-2.png\" class=\"attachment-thumbnail size-thumbnail wp-post-image lazyload\" alt><img loading=\"lazy\" decoding=\"async\" width=\"150\" height=\"150\" src=\"https:\/\/www.incorectpolitic.com\/wp-content\/uploads\/2024\/02\/jidani-navalire-2.png\" class=\"attachment-thumbnail size-thumbnail wp-post-image\" alt data-eio=\"l\"><\/a><\/div>\n<div class=\"entry-title\"><a class=\"featured_post_link\" href=\"https:\/\/www.incorectpolitic.com\/navalirea-jidanilor-de-vasile-alecsandri-piesa-interzisa\/\" title=\"N\u0103v\u0103lirea Jidanilor \u2013 de Vasile Alecsandri (Pies\u0103 interzis\u0103)\">N\u0103v\u0103lirea Jidanilor \u2013 de Vasile Alecsandri (Pies\u0103 interzis\u0103)<\/a><\/div>\n<\/article>\n<article class=\"post-71879 post type-post status-publish entry includes-feat-image\">\n<div class=\"featured-image alignleft\"><a class=\"featured_post_link\" href=\"https:\/\/www.incorectpolitic.com\/europa-si-romania-in-anul-2050\/\" title=\"Europa \u0219i Rom\u00e2nia \u00een anul 2050\"><img loading=\"lazy\" decoding=\"async\" width=\"147\" height=\"150\" src=\"https:\/\/www.incorectpolitic.com\/wp-content\/uploads\/2024\/01\/Romania-2050-2.png\" class=\"attachment-thumbnail size-thumbnail wp-post-image lazyload\" alt><img loading=\"lazy\" decoding=\"async\" width=\"147\" height=\"150\" src=\"https:\/\/www.incorectpolitic.com\/wp-content\/uploads\/2024\/01\/Romania-2050-2.png\" class=\"attachment-thumbnail size-thumbnail wp-post-image\" alt data-eio=\"l\"><\/a><\/div>\n<div class=\"entry-title\"><a class=\"featured_post_link\" href=\"https:\/\/www.incorectpolitic.com\/europa-si-romania-in-anul-2050\/\" title=\"Europa \u0219i Rom\u00e2nia \u00een anul 2050\">Europa \u0219i Rom\u00e2nia \u00een anul 2050<\/a><\/div>\n<\/article>\n<article class=\"post-23854 post type-post status-publish entry includes-feat-image\">\n<div class=\"featured-image alignleft\"><a class=\"featured_post_link\" href=\"https:\/\/www.incorectpolitic.com\/vizita-papei-autonomie-alternativa\/\" title=\"Vizita Papei \u2013 Autonomie Alternativ\u0103\"><img loading=\"lazy\" decoding=\"async\" width=\"150\" height=\"150\" class=\"attachment-thumbnail size-thumbnail wp-post-image lazyload\" alt src=\"https:\/\/www.incorectpolitic.com\/wp-content\/uploads\/2019\/06\/uI2HFtR-150x150.jpg\"><img loading=\"lazy\" decoding=\"async\" width=\"150\" height=\"150\" src=\"https:\/\/www.incorectpolitic.com\/wp-content\/uploads\/2019\/06\/uI2HFtR-150x150.jpg\" class=\"attachment-thumbnail size-thumbnail wp-post-image\" alt data-eio=\"l\"><\/a><\/div>\n<div class=\"entry-title\"><a class=\"featured_post_link\" href=\"https:\/\/www.incorectpolitic.com\/vizita-papei-autonomie-alternativa\/\" title=\"Vizita Papei \u2013 Autonomie Alternativ\u0103\">Vizita Papei \u2013 Autonomie Alternativ\u0103<\/a><\/div>\n<\/article>\n<article class=\"post-72111 post type-post status-publish entry includes-feat-image\">\n<div class=\"featured-image alignleft\"><a class=\"featured_post_link\" href=\"https:\/\/www.incorectpolitic.com\/revelion-2023-2024-vine-anul-biruintei\/\" title=\"Revelion 2023 \u2013 2024 vine ANUL BIRUIN\u021aEI\"><img loading=\"lazy\" decoding=\"async\" width=\"150\" height=\"150\" src=\"https:\/\/www.incorectpolitic.com\/wp-content\/uploads\/2023\/12\/anul-biruintei.png\" class=\"attachment-thumbnail size-thumbnail wp-post-image lazyload\" alt><img loading=\"lazy\" decoding=\"async\" width=\"150\" height=\"150\" src=\"https:\/\/www.incorectpolitic.com\/wp-content\/uploads\/2023\/12\/anul-biruintei.png\" class=\"attachment-thumbnail size-thumbnail wp-post-image\" alt data-eio=\"l\"><\/a><\/div>\n<div class=\"entry-title\"><a class=\"featured_post_link\" href=\"https:\/\/www.incorectpolitic.com\/revelion-2023-2024-vine-anul-biruintei\/\" title=\"Revelion 2023 \u2013 2024 vine ANUL BIRUIN\u021aEI\">Revelion 2023 \u2013 2024 vine ANUL BIRUIN\u021aEI<\/a><\/div>\n<\/article>\n<article class=\"post-50139 post type-post status-publish entry includes-feat-image\">\n<div class=\"featured-image alignleft\"><a class=\"featured_post_link\" href=\"https:\/\/www.incorectpolitic.com\/analiza-strategiei-adoptata-de-guvern-pentru-combaterea-antisemitismului-xenofobiei-si-discursului-instigator-la-ura-2021-2023\/\" title=\"Analiza Strategiei Adoptat\u0103 de Guvern Pentru Combaterea \u201cantisemitismului, xenofobiei \u0219i discursului instigator la ur\u0103 2021-2023\u201d\"><img loading=\"lazy\" decoding=\"async\" width=\"150\" height=\"150\" src=\"https:\/\/www.incorectpolitic.com\/wp-content\/uploads\/2019\/08\/Jewish-censorship-e1421273251759-2-150x150.jpg\" class=\"attachment-thumbnail size-thumbnail wp-post-image lazyload\" alt><img loading=\"lazy\" decoding=\"async\" width=\"150\" height=\"150\" src=\"https:\/\/www.incorectpolitic.com\/wp-content\/uploads\/2019\/08\/Jewish-censorship-e1421273251759-2-150x150.jpg\" class=\"attachment-thumbnail size-thumbnail wp-post-image\" alt data-eio=\"l\"><\/a><\/div>\n<div class=\"entry-title\"><a class=\"featured_post_link\" href=\"https:\/\/www.incorectpolitic.com\/analiza-strategiei-adoptata-de-guvern-pentru-combaterea-antisemitismului-xenofobiei-si-discursului-instigator-la-ura-2021-2023\/\" title=\"Analiza Strategiei Adoptat\u0103 de Guvern Pentru Combaterea \u201cantisemitismului, xenofobiei \u0219i discursului instigator la ur\u0103 2021-2023\u201d\">Analiza Strategiei Adoptat\u0103 de Guvern Pentru Combaterea \u201cantisemitismului, xenofobiei \u0219i discursului instigator la ur\u0103 2021-2023\u201d<\/a><\/div>\n<\/article>\n<article class=\"post-70829 post type-post status-publish entry includes-feat-image\">\n<div class=\"featured-image alignleft\"><a class=\"featured_post_link\" href=\"https:\/\/www.incorectpolitic.com\/pozitia-unilaterala-a-pseudo-politicienilor-din-romania-si-a-bor-in-sustinerea-israelului-singurul-stat-terorist-din-lume-arata-ca-acestia-nu-au-o-fibra-cu-adevarat-nationala\/\" title=\"Pozi\u021bia unilateral\u0103 a pseudo politicienilor din Rom\u00e2nia \u0219i a BOR \u00een sus\u021binerea Israelului, singurul stat terorist din lume, arat\u0103 c\u0103 ace\u0219tia nu au o fibr\u0103 cu adev\u0103rat na\u021bional\u0103\"><img loading=\"lazy\" decoding=\"async\" width=\"150\" height=\"89\" src=\"https:\/\/www.incorectpolitic.com\/wp-content\/uploads\/2023\/08\/circumcision.png\" class=\"attachment-thumbnail size-thumbnail wp-post-image lazyload\" alt><img loading=\"lazy\" decoding=\"async\" width=\"150\" height=\"89\" src=\"https:\/\/www.incorectpolitic.com\/wp-content\/uploads\/2023\/08\/circumcision.png\" class=\"attachment-thumbnail size-thumbnail wp-post-image\" alt data-eio=\"l\"><\/a><\/div>\n<div class=\"entry-title\"><a class=\"featured_post_link\" href=\"https:\/\/www.incorectpolitic.com\/pozitia-unilaterala-a-pseudo-politicienilor-din-romania-si-a-bor-in-sustinerea-israelului-singurul-stat-terorist-din-lume-arata-ca-acestia-nu-au-o-fibra-cu-adevarat-nationala\/\" title=\"Pozi\u021bia unilateral\u0103 a pseudo politicienilor din Rom\u00e2nia \u0219i a BOR \u00een sus\u021binerea Israelului, singurul stat terorist din lume, arat\u0103 c\u0103 ace\u0219tia nu au o fibr\u0103 cu adev\u0103rat na\u021bional\u0103\">Pozi\u021bia unilateral\u0103 a pseudo politicienilor din Rom\u00e2nia \u0219i a BOR \u00een sus\u021binerea Israelului, singurul stat terorist din lume, arat\u0103 c\u0103 ace\u0219tia nu au o fibr\u0103 cu adev\u0103rat na\u021bional\u0103<\/a><\/div>\n<\/article>\n<article class=\"post-66937 post type-post status-publish entry includes-feat-image\">\n<div class=\"featured-image alignleft\"><a class=\"featured_post_link\" href=\"https:\/\/www.incorectpolitic.com\/agresiunea-impotriva-revizionistilor-istorici-si-efectele-linsajului-judiciar-de-la-nuremberg\/\" title=\"Agresiunea \u00eempotriva Revizioni\u0219tilor Istorici \u0219i efectele lin\u0219ajului judiciar de la Nurnberg\"><img loading=\"lazy\" decoding=\"async\" width=\"150\" height=\"100\" src=\"https:\/\/www.incorectpolitic.com\/wp-content\/uploads\/2023\/04\/image_2023-04-30_134634134.png\" class=\"attachment-thumbnail size-thumbnail wp-post-image lazyload\" alt><img loading=\"lazy\" decoding=\"async\" width=\"150\" height=\"100\" src=\"https:\/\/www.incorectpolitic.com\/wp-content\/uploads\/2023\/04\/image_2023-04-30_134634134.png\" class=\"attachment-thumbnail size-thumbnail wp-post-image\" alt data-eio=\"l\"><\/a><\/div>\n<div class=\"entry-title\"><a class=\"featured_post_link\" href=\"https:\/\/www.incorectpolitic.com\/agresiunea-impotriva-revizionistilor-istorici-si-efectele-linsajului-judiciar-de-la-nuremberg\/\" title=\"Agresiunea \u00eempotriva Revizioni\u0219tilor Istorici \u0219i efectele lin\u0219ajului judiciar de la Nurnberg\">Agresiunea \u00eempotriva Revizioni\u0219tilor Istorici \u0219i efectele lin\u0219ajului judiciar de la Nurnberg<\/a><\/div>\n<\/article>\n<article class=\"post-19111 post type-post status-publish entry includes-feat-image\">\n<div class=\"featured-image alignleft\"><a class=\"featured_post_link\" href=\"https:\/\/www.incorectpolitic.com\/despre-adevar\/\" title=\"Despre Adev\u0103r\"><img loading=\"lazy\" decoding=\"async\" width=\"150\" height=\"150\" src=\"https:\/\/www.incorectpolitic.com\/wp-content\/uploads\/2019\/02\/freedomfromchain-150x150.jpg\" class=\"attachment-thumbnail size-thumbnail wp-post-image lazyload\" alt><img loading=\"lazy\" decoding=\"async\" width=\"150\" height=\"150\" src=\"https:\/\/www.incorectpolitic.com\/wp-content\/uploads\/2019\/02\/freedomfromchain-150x150.jpg\" class=\"attachment-thumbnail size-thumbnail wp-post-image\" alt data-eio=\"l\"><\/a><\/div>\n<div class=\"entry-title\"><a class=\"featured_post_link\" href=\"https:\/\/www.incorectpolitic.com\/despre-adevar\/\" title=\"Despre Adev\u0103r\">Despre Adev\u0103r<\/a><\/div>\n<\/article>\n<article class=\"post-53767 post type-post status-publish entry includes-feat-image\">\n<div class=\"featured-image alignleft\"><a class=\"featured_post_link\" href=\"https:\/\/www.incorectpolitic.com\/dictionarul-coincidentelor-cine-sunt-iudeii-care-ne-au-influentat-tara-in-istoria-recenta\/\" title=\"DIC\u021aIONARUL COINCIDEN\u021aELOR  \u2013 Cine sunt iudeii care ne-au influen\u021bat \u021bara \u00een istoria recent\u0103\"><img loading=\"lazy\" decoding=\"async\" width=\"150\" height=\"150\" src=\"https:\/\/www.incorectpolitic.com\/wp-content\/uploads\/2021\/09\/coinc-150x150.png\" class=\"attachment-thumbnail size-thumbnail wp-post-image lazyload\" alt><img loading=\"lazy\" decoding=\"async\" width=\"150\" height=\"150\" src=\"https:\/\/www.incorectpolitic.com\/wp-content\/uploads\/2021\/09\/coinc-150x150.png\" class=\"attachment-thumbnail size-thumbnail wp-post-image\" alt data-eio=\"l\"><\/a><\/div>\n<div class=\"entry-title\"><a class=\"featured_post_link\" href=\"https:\/\/www.incorectpolitic.com\/dictionarul-coincidentelor-cine-sunt-iudeii-care-ne-au-influentat-tara-in-istoria-recenta\/\" title=\"DIC\u021aIONARUL COINCIDEN\u021aELOR  \u2013 Cine sunt iudeii care ne-au influen\u021bat \u021bara \u00een istoria recent\u0103\">DIC\u021aIONARUL COINCIDEN\u021aELOR  \u2013 Cine sunt iudeii care ne-au influen\u021bat \u021bara \u00een istoria recent\u0103<\/a><\/div>\n<\/article>\n<article class=\"post-51156 post type-post status-publish entry includes-feat-image\">\n<div class=\"featured-image alignleft\"><a class=\"featured_post_link\" href=\"https:\/\/www.incorectpolitic.com\/desertaciune-nu-aparare\/\" title=\"DE\u0218ERT\u0102CIUNE?! Nu, AP\u0102RARE!\"><img loading=\"lazy\" decoding=\"async\" width=\"150\" height=\"150\" class=\"attachment-thumbnail size-thumbnail wp-post-image lazyload\" alt src=\"https:\/\/www.incorectpolitic.com\/wp-content\/uploads\/2021\/06\/desertaciune-nu-aparare-150x150.jpg\"><img loading=\"lazy\" decoding=\"async\" width=\"150\" height=\"150\" src=\"https:\/\/www.incorectpolitic.com\/wp-content\/uploads\/2021\/06\/desertaciune-nu-aparare-150x150.jpg\" class=\"attachment-thumbnail size-thumbnail wp-post-image\" alt data-eio=\"l\"><\/a><\/div>\n<div class=\"entry-title\"><a class=\"featured_post_link\" href=\"https:\/\/www.incorectpolitic.com\/desertaciune-nu-aparare\/\" title=\"DE\u0218ERT\u0102CIUNE?! Nu, AP\u0102RARE!\">DE\u0218ERT\u0102CIUNE?! Nu, AP\u0102RARE!<\/a><\/div>\n<\/article>\n<article class=\"post-44728 post type-post status-publish entry includes-feat-image\">\n<div class=\"featured-image alignleft\"><a class=\"featured_post_link\" href=\"https:\/\/www.incorectpolitic.com\/resetarea-medicinei-sau-resetarea-omenirii-prin-nanotehnologie\/\" title=\"Resetarea Medicinei sau Resetarea Omenirii prin Nanotehnologie\"><img loading=\"lazy\" decoding=\"async\" width=\"150\" height=\"150\" src=\"https:\/\/www.incorectpolitic.com\/wp-content\/uploads\/2020\/12\/ed8a914d6d236c9d231903a8b2e79f63-150x150.gif\" class=\"attachment-thumbnail size-thumbnail wp-post-image lazyload\" alt><img loading=\"lazy\" decoding=\"async\" width=\"150\" height=\"150\" src=\"https:\/\/www.incorectpolitic.com\/wp-content\/uploads\/2020\/12\/ed8a914d6d236c9d231903a8b2e79f63-150x150.gif\" class=\"attachment-thumbnail size-thumbnail wp-post-image\" alt data-eio=\"l\"><\/a><\/div>\n<div class=\"entry-title\"><a class=\"featured_post_link\" href=\"https:\/\/www.incorectpolitic.com\/resetarea-medicinei-sau-resetarea-omenirii-prin-nanotehnologie\/\" title=\"Resetarea Medicinei sau Resetarea Omenirii prin Nanotehnologie\">Resetarea Medicinei sau Resetarea Omenirii prin Nanotehnologie<\/a><\/div>\n<\/article>\n<article class=\"post-43837 post type-post status-publish entry includes-feat-image\">\n<div class=\"featured-image alignleft\"><a class=\"featured_post_link\" href=\"https:\/\/www.incorectpolitic.com\/noul-legamant\/\" title=\"Noul Leg\u0103m\u00e2nt\"><img loading=\"lazy\" decoding=\"async\" width=\"150\" height=\"150\" src=\"https:\/\/www.incorectpolitic.com\/wp-content\/uploads\/2020\/12\/NL-150x150.jpg\" class=\"attachment-thumbnail size-thumbnail wp-post-image lazyload\" alt><img loading=\"lazy\" decoding=\"async\" width=\"150\" height=\"150\" src=\"https:\/\/www.incorectpolitic.com\/wp-content\/uploads\/2020\/12\/NL-150x150.jpg\" class=\"attachment-thumbnail size-thumbnail wp-post-image\" alt data-eio=\"l\"><\/a><\/div>\n<div class=\"entry-title\"><a class=\"featured_post_link\" href=\"https:\/\/www.incorectpolitic.com\/noul-legamant\/\" title=\"Noul Leg\u0103m\u00e2nt\">Noul Leg\u0103m\u00e2nt<\/a><\/div>\n<\/article>\n<article class=\"post-42525 post type-post status-publish entry includes-feat-image\">\n<div class=\"featured-image alignleft\"><a class=\"featured_post_link\" href=\"https:\/\/www.incorectpolitic.com\/vaccinarea-inseamna-crima-un-atentat-la-sanatatea-personala-la-integritatea-corporala-si-intimitatea-oricarui-om-liber-medicul-ce-vaccineaza-cu-forta-un-om-liber-merita-sa-fie-pedepsit-de-acesta\/\" title=\"Vaccinarea \u00eenseamn\u0103 crim\u0103, un atentat la s\u0103n\u0103tatea personal\u0103, la integritatea corporal\u0103 \u0219i intimitatea oric\u0103rui om liber. Medicul ce vaccineaz\u0103 cu for\u021ba un om liber merit\u0103 s\u0103 fie pedepsit de acesta\"><img loading=\"lazy\" decoding=\"async\" width=\"150\" height=\"150\" src=\"https:\/\/www.incorectpolitic.com\/wp-content\/uploads\/2020\/11\/syringe_0-150x150.jpg\" class=\"attachment-thumbnail size-thumbnail wp-post-image lazyload\" alt><img loading=\"lazy\" decoding=\"async\" width=\"150\" height=\"150\" src=\"https:\/\/www.incorectpolitic.com\/wp-content\/uploads\/2020\/11\/syringe_0-150x150.jpg\" class=\"attachment-thumbnail size-thumbnail wp-post-image\" alt data-eio=\"l\"><\/a><\/div>\n<div class=\"entry-title\"><a class=\"featured_post_link\" href=\"https:\/\/www.incorectpolitic.com\/vaccinarea-inseamna-crima-un-atentat-la-sanatatea-personala-la-integritatea-corporala-si-intimitatea-oricarui-om-liber-medicul-ce-vaccineaza-cu-forta-un-om-liber-merita-sa-fie-pedepsit-de-acesta\/\" title=\"Vaccinarea \u00eenseamn\u0103 crim\u0103, un atentat la s\u0103n\u0103tatea personal\u0103, la integritatea corporal\u0103 \u0219i intimitatea oric\u0103rui om liber. Medicul ce vaccineaz\u0103 cu for\u021ba un om liber merit\u0103 s\u0103 fie pedepsit de acesta\">Vaccinarea \u00eenseamn\u0103 crim\u0103, un atentat la s\u0103n\u0103tatea personal\u0103, la integritatea corporal\u0103 \u0219i intimitatea oric\u0103rui om liber. Medicul ce vaccineaz\u0103 cu for\u021ba un om liber merit\u0103 s\u0103 fie pedepsit de acesta<\/a><\/div>\n<\/article>\n<article class=\"post-38338 post type-post status-publish entry includes-feat-image\">\n<div class=\"featured-image alignleft\"><a class=\"featured_post_link\" href=\"https:\/\/www.incorectpolitic.com\/trebuie-sa-distrugem-suprematia-jidoveasca\/\" title=\"Trebuie s\u0103 distrugem superma\u021bia jidoveasc\u0103!\"><img loading=\"lazy\" decoding=\"async\" width=\"150\" height=\"150\" src=\"https:\/\/www.incorectpolitic.com\/wp-content\/uploads\/2018\/11\/GunoiOPS-150x150.png\" class=\"attachment-thumbnail size-thumbnail wp-post-image lazyload\" alt><img loading=\"lazy\" decoding=\"async\" width=\"150\" height=\"150\" src=\"https:\/\/www.incorectpolitic.com\/wp-content\/uploads\/2018\/11\/GunoiOPS-150x150.png\" class=\"attachment-thumbnail size-thumbnail wp-post-image\" alt data-eio=\"l\"><\/a><\/div>\n<div class=\"entry-title\"><a class=\"featured_post_link\" href=\"https:\/\/www.incorectpolitic.com\/trebuie-sa-distrugem-suprematia-jidoveasca\/\" title=\"Trebuie s\u0103 distrugem superma\u021bia jidoveasc\u0103!\">Trebuie s\u0103 distrugem superma\u021bia jidoveasc\u0103!<\/a><\/div>\n<\/article>\n<article class=\"post-30776 post type-post status-publish entry includes-feat-image\">\n<div class=\"featured-image alignleft\"><a class=\"featured_post_link\" href=\"https:\/\/www.incorectpolitic.com\/da-ti-doua-palme-si-ridica-te\/\" title=\"D\u0103-\u021bi Dou\u0103 Palme \u0219i Ridic\u0103-te\"><img loading=\"lazy\" decoding=\"async\" width=\"150\" height=\"150\" src=\"https:\/\/www.incorectpolitic.com\/wp-content\/uploads\/2019\/11\/1-mai-620x350-150x150.jpg\" class=\"attachment-thumbnail size-thumbnail wp-post-image lazyload\" alt><img loading=\"lazy\" decoding=\"async\" width=\"150\" height=\"150\" src=\"https:\/\/www.incorectpolitic.com\/wp-content\/uploads\/2019\/11\/1-mai-620x350-150x150.jpg\" class=\"attachment-thumbnail size-thumbnail wp-post-image\" alt data-eio=\"l\"><\/a><\/div>\n<div class=\"entry-title\"><a class=\"featured_post_link\" href=\"https:\/\/www.incorectpolitic.com\/da-ti-doua-palme-si-ridica-te\/\" title=\"D\u0103-\u021bi Dou\u0103 Palme \u0219i Ridic\u0103-te\">D\u0103-\u021bi Dou\u0103 Palme \u0219i Ridic\u0103-te<\/a><\/div>\n<\/article>\n<article class=\"post-27862 post type-post status-publish entry includes-feat-image\">\n<div class=\"featured-image alignleft\"><a class=\"featured_post_link\" href=\"https:\/\/www.incorectpolitic.com\/scrisoare-deschisa-catre-neamul-romanesc\/\" title=\"Scrisoare Deschis\u0103 C\u0103tre Neamul Rom\u00e2nesc\"><img loading=\"lazy\" decoding=\"async\" width=\"150\" height=\"150\" src=\"https:\/\/www.incorectpolitic.com\/wp-content\/uploads\/2019\/09\/videoblocks-male-hand-reload-a-revolver-magnum-gun-without-bullets-magnum-revolver-and-empty-bullet-magnum-lead-round-nose-45-auto-rim-revolver-rounds_ha1focujz_thumbnail-full01-150x150.jpg\" class=\"attachment-thumbnail size-thumbnail wp-post-image lazyload\" alt><img loading=\"lazy\" decoding=\"async\" width=\"150\" height=\"150\" src=\"https:\/\/www.incorectpolitic.com\/wp-content\/uploads\/2019\/09\/videoblocks-male-hand-reload-a-revolver-magnum-gun-without-bullets-magnum-revolver-and-empty-bullet-magnum-lead-round-nose-45-auto-rim-revolver-rounds_ha1focujz_thumbnail-full01-150x150.jpg\" class=\"attachment-thumbnail size-thumbnail wp-post-image\" alt data-eio=\"l\"><\/a><\/div>\n<div class=\"entry-title\"><a class=\"featured_post_link\" href=\"https:\/\/www.incorectpolitic.com\/scrisoare-deschisa-catre-neamul-romanesc\/\" title=\"Scrisoare Deschis\u0103 C\u0103tre Neamul Rom\u00e2nesc\">Scrisoare Deschis\u0103 C\u0103tre Neamul Rom\u00e2nesc<\/a><\/div>\n<\/article>\n<article class=\"post-26255 post type-post status-publish entry includes-feat-image\">\n<div class=\"featured-image alignleft\"><a class=\"featured_post_link\" href=\"https:\/\/www.incorectpolitic.com\/sociologia-eliberarii-si-curentele-laterale-de-sedimentare-revolutionara\/\" title=\"Sociologia Eliber\u0103rii \u0219i Curentele Laterale de Sedimentare Revolu\u021bionar\u0103\"><img loading=\"lazy\" decoding=\"async\" width=\"150\" height=\"150\" src=\"https:\/\/www.incorectpolitic.com\/wp-content\/uploads\/2020\/12\/nm3-150x150.png\" class=\"attachment-thumbnail size-thumbnail wp-post-image lazyload\" alt><img loading=\"lazy\" decoding=\"async\" width=\"150\" height=\"150\" src=\"https:\/\/www.incorectpolitic.com\/wp-content\/uploads\/2020\/12\/nm3-150x150.png\" class=\"attachment-thumbnail size-thumbnail wp-post-image\" alt data-eio=\"l\"><\/a><\/div>\n<div class=\"entry-title\"><a class=\"featured_post_link\" href=\"https:\/\/www.incorectpolitic.com\/sociologia-eliberarii-si-curentele-laterale-de-sedimentare-revolutionara\/\" title=\"Sociologia Eliber\u0103rii \u0219i Curentele Laterale de Sedimentare Revolu\u021bionar\u0103\">Sociologia Eliber\u0103rii \u0219i Curentele Laterale de Sedimentare Revolu\u021bionar\u0103<\/a><\/div>\n<\/article>\n<article class=\"post-21977 post type-post status-publish entry includes-feat-image\">\n<div class=\"featured-image alignleft\"><a class=\"featured_post_link\" href=\"https:\/\/www.incorectpolitic.com\/impotriva-fatalismului\/\" title=\"\u00cempotriva Fatalismului\"><img loading=\"lazy\" decoding=\"async\" width=\"150\" height=\"150\" src=\"https:\/\/www.incorectpolitic.com\/wp-content\/uploads\/2019\/04\/thumb-150x150.jpg\" class=\"attachment-thumbnail size-thumbnail wp-post-image lazyload\" alt><img loading=\"lazy\" decoding=\"async\" width=\"150\" height=\"150\" src=\"https:\/\/www.incorectpolitic.com\/wp-content\/uploads\/2019\/04\/thumb-150x150.jpg\" class=\"attachment-thumbnail size-thumbnail wp-post-image\" alt data-eio=\"l\"><\/a><\/div>\n<div class=\"entry-title\"><a class=\"featured_post_link\" href=\"https:\/\/www.incorectpolitic.com\/impotriva-fatalismului\/\" title=\"\u00cempotriva Fatalismului\">\u00cempotriva Fatalismului<\/a><\/div>\n<\/article>\n<article class=\"post-20844 post type-post status-publish entry includes-feat-image\">\n<div class=\"featured-image alignleft\"><a class=\"featured_post_link\" href=\"https:\/\/www.incorectpolitic.com\/inceputul-etapei-post-globaliste-mass-media-ultimul-obstacol\/\" title=\"\u00cenceputul Etapei Post-Globaliste \u2013  Mass Media Ultimul Obstacol\"><img loading=\"lazy\" decoding=\"async\" width=\"150\" height=\"150\" src=\"https:\/\/www.incorectpolitic.com\/wp-content\/uploads\/2019\/03\/https___cdn.cnn_.com_cnnnext_dam_assets_181202123002-yellow-vest-protest-150x150.jpg\" class=\"attachment-thumbnail size-thumbnail wp-post-image lazyload\" alt><img loading=\"lazy\" decoding=\"async\" width=\"150\" height=\"150\" src=\"https:\/\/www.incorectpolitic.com\/wp-content\/uploads\/2019\/03\/https___cdn.cnn_.com_cnnnext_dam_assets_181202123002-yellow-vest-protest-150x150.jpg\" class=\"attachment-thumbnail size-thumbnail wp-post-image\" alt data-eio=\"l\"><\/a><\/div>\n<div class=\"entry-title\"><a class=\"featured_post_link\" href=\"https:\/\/www.incorectpolitic.com\/inceputul-etapei-post-globaliste-mass-media-ultimul-obstacol\/\" title=\"\u00cenceputul Etapei Post-Globaliste \u2013  Mass Media Ultimul Obstacol\">\u00cenceputul Etapei Post-Globaliste \u2013  Mass Media Ultimul Obstacol<\/a><\/div>\n<\/article>\n<article class=\"post-19704 post type-post status-publish entry includes-feat-image\">\n<div class=\"featured-image alignleft\"><a class=\"featured_post_link\" href=\"https:\/\/www.incorectpolitic.com\/mlastina-mass-media-serial-complet\/\" title=\"Mla\u0219tina Mass Media  \u2013 Serial Complet\"><img loading=\"lazy\" decoding=\"async\" width=\"150\" height=\"150\" src=\"https:\/\/www.incorectpolitic.com\/wp-content\/uploads\/2018\/06\/colaj-modificat-1-768x278-150x150.jpg\" class=\"attachment-thumbnail size-thumbnail wp-post-image lazyload\" alt><img loading=\"lazy\" decoding=\"async\" width=\"150\" height=\"150\" src=\"https:\/\/www.incorectpolitic.com\/wp-content\/uploads\/2018\/06\/colaj-modificat-1-768x278-150x150.jpg\" class=\"attachment-thumbnail size-thumbnail wp-post-image\" alt data-eio=\"l\"><\/a><\/div>\n<div class=\"entry-title\"><a class=\"featured_post_link\" href=\"https:\/\/www.incorectpolitic.com\/mlastina-mass-media-serial-complet\/\" title=\"Mla\u0219tina Mass Media  \u2013 Serial Complet\">Mla\u0219tina Mass Media  \u2013 Serial Complet<\/a><\/div>\n<\/article>\n<article class=\"post-5104 post type-post status-publish entry includes-feat-image\">\n<div class=\"featured-image alignleft\"><a class=\"featured_post_link\" href=\"https:\/\/www.incorectpolitic.com\/momentul-1937\/\" title=\"Momentul 1937\"><img loading=\"lazy\" decoding=\"async\" width=\"150\" height=\"150\" src=\"https:\/\/www.incorectpolitic.com\/wp-content\/uploads\/2018\/03\/capitanul-codreanu2003a-150x150.jpg\" class=\"attachment-thumbnail size-thumbnail wp-post-image lazyload\" alt><img loading=\"lazy\" decoding=\"async\" width=\"150\" height=\"150\" src=\"https:\/\/www.incorectpolitic.com\/wp-content\/uploads\/2018\/03\/capitanul-codreanu2003a-150x150.jpg\" class=\"attachment-thumbnail size-thumbnail wp-post-image\" alt data-eio=\"l\"><\/a><\/div>\n<div class=\"entry-title\"><a class=\"featured_post_link\" href=\"https:\/\/www.incorectpolitic.com\/momentul-1937\/\" title=\"Momentul 1937\">Momentul 1937<\/a><\/div>\n<\/article>\n<article class=\"post-16914 post type-post status-publish entry includes-feat-image\">\n<div class=\"featured-image alignleft\"><a class=\"featured_post_link\" href=\"https:\/\/www.incorectpolitic.com\/portretul-romanului-iudeo-crestin\/\" title=\"Portretul Rom\u00e2nului Iudeo-Cre\u0219tin Iubitor de Infanticid\"><img loading=\"lazy\" decoding=\"async\" width=\"150\" height=\"150\" src=\"https:\/\/www.incorectpolitic.com\/wp-content\/uploads\/2019\/01\/venn-150x150.jpg\" class=\"attachment-thumbnail size-thumbnail wp-post-image lazyload\" alt><img loading=\"lazy\" decoding=\"async\" width=\"150\" height=\"150\" src=\"https:\/\/www.incorectpolitic.com\/wp-content\/uploads\/2019\/01\/venn-150x150.jpg\" class=\"attachment-thumbnail size-thumbnail wp-post-image\" alt data-eio=\"l\"><\/a><\/div>\n<div class=\"entry-title\"><a class=\"featured_post_link\" href=\"https:\/\/www.incorectpolitic.com\/portretul-romanului-iudeo-crestin\/\" title=\"Portretul Rom\u00e2nului Iudeo-Cre\u0219tin Iubitor de Infanticid\">Portretul Rom\u00e2nului Iudeo-Cre\u0219tin Iubitor de Infanticid<\/a><\/div>\n<\/article>\n<article class=\"post-13899 post type-post status-publish entry includes-feat-image\">\n<div class=\"featured-image alignleft\"><a class=\"featured_post_link\" href=\"https:\/\/www.incorectpolitic.com\/manifest-impotriva-national-sionismului\/\" title=\"Manifest \u00cempotriva Na\u021bional-Sionismului din Rom\u00e2nia\"><img loading=\"lazy\" decoding=\"async\" width=\"150\" height=\"150\" src=\"https:\/\/www.incorectpolitic.com\/wp-content\/uploads\/2018\/10\/z1-150x150.png\" class=\"attachment-thumbnail size-thumbnail wp-post-image lazyload\" alt><img loading=\"lazy\" decoding=\"async\" width=\"150\" height=\"150\" src=\"https:\/\/www.incorectpolitic.com\/wp-content\/uploads\/2018\/10\/z1-150x150.png\" class=\"attachment-thumbnail size-thumbnail wp-post-image\" alt data-eio=\"l\"><\/a><\/div>\n<div class=\"entry-title\"><a class=\"featured_post_link\" href=\"https:\/\/www.incorectpolitic.com\/manifest-impotriva-national-sionismului\/\" title=\"Manifest \u00cempotriva Na\u021bional-Sionismului din Rom\u00e2nia\">Manifest \u00cempotriva Na\u021bional-Sionismului din Rom\u00e2nia<\/a><\/div>\n<\/article>\n<article class=\"post-7498 post type-post status-publish entry includes-feat-image\">\n<div class=\"featured-image alignleft\"><a class=\"featured_post_link\" href=\"https:\/\/www.incorectpolitic.com\/istorie-zydokomuna-cea-mai-completa-lista-a-nomenclaturii-iudeo-bolsevice-din-romania\/\" title=\"Istorie: \u017bYDOKOMUNA, Cea Mai Complet\u0103 List\u0103 a Nomenclaturii Iudeo-Bol\u0219evice din Rom\u00e2nia\"><img loading=\"lazy\" decoding=\"async\" width=\"150\" height=\"150\" src=\"https:\/\/www.incorectpolitic.com\/wp-content\/uploads\/2018\/06\/holocaustul-rosu-150x150.jpg\" class=\"attachment-thumbnail size-thumbnail wp-post-image lazyload\" alt><img loading=\"lazy\" decoding=\"async\" width=\"150\" height=\"150\" src=\"https:\/\/www.incorectpolitic.com\/wp-content\/uploads\/2018\/06\/holocaustul-rosu-150x150.jpg\" class=\"attachment-thumbnail size-thumbnail wp-post-image\" alt data-eio=\"l\"><\/a><\/div>\n<div class=\"entry-title\"><a class=\"featured_post_link\" href=\"https:\/\/www.incorectpolitic.com\/istorie-zydokomuna-cea-mai-completa-lista-a-nomenclaturii-iudeo-bolsevice-din-romania\/\" title=\"Istorie: \u017bYDOKOMUNA, Cea Mai Complet\u0103 List\u0103 a Nomenclaturii Iudeo-Bol\u0219evice din Rom\u00e2nia\">Istorie: \u017bYDOKOMUNA, Cea Mai Complet\u0103 List\u0103 a Nomenclaturii Iudeo-Bol\u0219evice din Rom\u00e2nia<\/a><\/div>\n<\/article>\n<article class=\"post-6413 post type-post status-publish entry includes-feat-image\">\n<div class=\"featured-image alignleft\"><a class=\"featured_post_link\" href=\"https:\/\/www.incorectpolitic.com\/iudaismul-este-un-proiect-politic\/\" title=\"Iudaismul Este Un Proiect Politic\"><img loading=\"lazy\" decoding=\"async\" width=\"150\" height=\"150\" src=\"https:\/\/www.incorectpolitic.com\/wp-content\/uploads\/2018\/05\/israelzionismjudaism5-150x150.jpeg\" class=\"attachment-thumbnail size-thumbnail wp-post-image lazyload\" alt><img loading=\"lazy\" decoding=\"async\" width=\"150\" height=\"150\" src=\"https:\/\/www.incorectpolitic.com\/wp-content\/uploads\/2018\/05\/israelzionismjudaism5-150x150.jpeg\" class=\"attachment-thumbnail size-thumbnail wp-post-image\" alt data-eio=\"l\"><\/a><\/div>\n<div class=\"entry-title\"><a class=\"featured_post_link\" href=\"https:\/\/www.incorectpolitic.com\/iudaismul-este-un-proiect-politic\/\" title=\"Iudaismul Este Un Proiect Politic\">Iudaismul Este Un Proiect Politic<\/a><\/div>\n<\/article>\n<article class=\"post-5089 post type-post status-publish entry includes-feat-image\">\n<div class=\"featured-image alignleft\"><a class=\"featured_post_link\" href=\"https:\/\/www.incorectpolitic.com\/exploziv-si-excluziv-interviul-interzis-in-presa-romaneasca\/\" title=\"EXPLOZIV \u0218I EXCLUSIV: Interviul INTERZIS \u00een Presa Rom\u00e2neasc\u0103\"><img loading=\"lazy\" decoding=\"async\" width=\"150\" height=\"150\" src=\"https:\/\/www.incorectpolitic.com\/wp-content\/uploads\/2018\/03\/gscz6z-150x150.gif\" class=\"attachment-thumbnail size-thumbnail wp-post-image lazyload\" alt><img loading=\"lazy\" decoding=\"async\" width=\"150\" height=\"150\" src=\"https:\/\/www.incorectpolitic.com\/wp-content\/uploads\/2018\/03\/gscz6z-150x150.gif\" class=\"attachment-thumbnail size-thumbnail wp-post-image\" alt data-eio=\"l\"><\/a><\/div>\n<div class=\"entry-title\"><a class=\"featured_post_link\" href=\"https:\/\/www.incorectpolitic.com\/exploziv-si-excluziv-interviul-interzis-in-presa-romaneasca\/\" title=\"EXPLOZIV \u0218I EXCLUSIV: Interviul INTERZIS \u00een Presa Rom\u00e2neasc\u0103\">EXPLOZIV \u0218I EXCLUSIV: Interviul INTERZIS \u00een Presa Rom\u00e2neasc\u0103<\/a><\/div>\n<\/article>\n<article class=\"post-1109 post type-post status-publish entry includes-feat-image\">\n<div class=\"featured-image alignleft\"><a class=\"featured_post_link\" href=\"https:\/\/www.incorectpolitic.com\/ofensiva-spirituala-poloniei\/\" title=\"Ofensiva Spiritual\u0103 a Poloniei\"><img loading=\"lazy\" decoding=\"async\" width=\"150\" height=\"150\" src=\"https:\/\/www.incorectpolitic.com\/wp-content\/uploads\/2017\/10\/jesus-with-whip3-150x150.jpg\" class=\"attachment-thumbnail size-thumbnail wp-post-image lazyload\" alt><img loading=\"lazy\" decoding=\"async\" width=\"150\" height=\"150\" src=\"https:\/\/www.incorectpolitic.com\/wp-content\/uploads\/2017\/10\/jesus-with-whip3-150x150.jpg\" class=\"attachment-thumbnail size-thumbnail wp-post-image\" alt data-eio=\"l\"><\/a><\/div>\n<div class=\"entry-title\"><a class=\"featured_post_link\" href=\"https:\/\/www.incorectpolitic.com\/ofensiva-spirituala-poloniei\/\" title=\"Ofensiva Spiritual\u0103 a Poloniei\">Ofensiva Spiritual\u0103 a Poloniei<\/a><\/div>\n<\/article>\n<article class=\"post-5673 post type-post status-publish entry includes-feat-image\">\n<div class=\"featured-image alignleft\"><a class=\"featured_post_link\" href=\"https:\/\/www.incorectpolitic.com\/biciul-prigonirii-romanilor-este-in-mana-jidanilor\/\" title=\"Biciul Prigonirii Rom\u00e2nilor Este \u00een M\u00e2na Jidanilor!\"><img loading=\"lazy\" decoding=\"async\" width=\"150\" height=\"150\" src=\"https:\/\/www.incorectpolitic.com\/wp-content\/uploads\/2018\/04\/S.-Vexler-si-B.-Netanyahu-150x150.jpg\" class=\"attachment-thumbnail size-thumbnail wp-post-image lazyload\" alt><img loading=\"lazy\" decoding=\"async\" width=\"150\" height=\"150\" src=\"https:\/\/www.incorectpolitic.com\/wp-content\/uploads\/2018\/04\/S.-Vexler-si-B.-Netanyahu-150x150.jpg\" class=\"attachment-thumbnail size-thumbnail wp-post-image\" alt data-eio=\"l\"><\/a><\/div>\n<div class=\"entry-title\"><a class=\"featured_post_link\" href=\"https:\/\/www.incorectpolitic.com\/biciul-prigonirii-romanilor-este-in-mana-jidanilor\/\" title=\"Biciul Prigonirii Rom\u00e2nilor Este \u00een M\u00e2na Jidanilor!\">Biciul Prigonirii Rom\u00e2nilor Este \u00een M\u00e2na Jidanilor!<\/a><\/div>\n<\/article>\n<article class=\"post-80464 post type-post status-publish entry includes-feat-image\">\n<div class=\"featured-image alignleft\"><a class=\"featured_post_link\" href=\"https:\/\/www.incorectpolitic.com\/talmudismul-este-esenta-satanismului\/\" title=\"TALMUDISMUL ESTE ESEN\u021aA SATANISMULUI\"><img loading=\"lazy\" decoding=\"async\" width=\"150\" height=\"150\" src=\"https:\/\/www.incorectpolitic.com\/wp-content\/uploads\/2020\/02\/vasile-zarnescu-150x150.png\" class=\"attachment-thumbnail size-thumbnail wp-post-image lazyload\" alt><img loading=\"lazy\" decoding=\"async\" width=\"150\" height=\"150\" src=\"https:\/\/www.incorectpolitic.com\/wp-content\/uploads\/2020\/02\/vasile-zarnescu-150x150.png\" class=\"attachment-thumbnail size-thumbnail wp-post-image\" alt data-eio=\"l\"><\/a><\/div>\n<div class=\"entry-title\"><a class=\"featured_post_link\" href=\"https:\/\/www.incorectpolitic.com\/talmudismul-este-esenta-satanismului\/\" title=\"TALMUDISMUL ESTE ESEN\u021aA SATANISMULUI\">TALMUDISMUL ESTE ESEN\u021aA SATANISMULUI<\/a><\/div>\n<\/article>\n<article class=\"post-20005 post type-post status-publish entry includes-feat-image\">\n<div class=\"featured-image alignleft\"><a class=\"featured_post_link\" href=\"https:\/\/www.incorectpolitic.com\/viciul-matematic-elementar-v-m-e-2\/\" title=\"Viciul Matematic Elementar (V.M.E.)\"><img loading=\"lazy\" decoding=\"async\" width=\"150\" height=\"150\" src=\"https:\/\/www.incorectpolitic.com\/wp-content\/uploads\/2017\/12\/tell-lie-vision-150x150.jpg\" class=\"attachment-thumbnail size-thumbnail wp-post-image lazyload\" alt><img loading=\"lazy\" decoding=\"async\" width=\"150\" height=\"150\" src=\"https:\/\/www.incorectpolitic.com\/wp-content\/uploads\/2017\/12\/tell-lie-vision-150x150.jpg\" class=\"attachment-thumbnail size-thumbnail wp-post-image\" alt data-eio=\"l\"><\/a><\/div>\n<div class=\"entry-title\"><a class=\"featured_post_link\" href=\"https:\/\/www.incorectpolitic.com\/viciul-matematic-elementar-v-m-e-2\/\" title=\"Viciul Matematic Elementar (V.M.E.)\">Viciul Matematic Elementar (V.M.E.)<\/a><\/div>\n<\/article>\n<p>[analyse_source url=&#8221;https:\/\/www.incorectpolitic.com\/tacerea-rusinoasa-si-dubla-masura-care-condamna-biserica-ortodoxa-romana\/&#8221;]<\/p>\n","protected":false},"excerpt":{"rendered":"<p>[analyse_image type=&#8221;featured&#8221; src=&#8221;https:\/\/www.incorectpolitic.com\/wp-content\/uploads\/2026\/07\/ipocrizie.png&#8221;] Vlad VoicuIncorect Politic Iulie 16, 2026 T\u0102CEREA RU\u0218INOAS\u0102 \u0219i dubla m\u0103sur\u0103 care condamn\u0103 Biserica Ortodox\u0103 Rom\u00e2n\u0103 \u00cen Alba Iulia cineva a desenat cruci pe o sinagog\u0103. Mare vandalism, mare scandal, to\u021bi sclavii au reac\u021bionat, \u00een frunte cu Biserica Ortodox\u0103 Rom\u00e2n\u0103, prin Arhiepiscopia Alba Iuliei: AlbaPress: \u00centr-un comunicat semnat de Biroul de Pres\u0103,\u00a0postat\u00a0vineri [&hellip;]<\/p>\n","protected":false},"author":1,"featured_media":0,"comment_status":"open","ping_status":"","sticky":false,"template":"","format":"standard","meta":{"footnotes":""},"categories":[89],"tags":[226,95],"class_list":["post-2046201","post","type-post","status-publish","format-standard","hentry","category-romania","tag-crawlmanager","tag-incorectpolitic-com"],"_links":{"self":[{"href":"https:\/\/analyse.optim.biz\/index.php?rest_route=\/wp\/v2\/posts\/2046201","targetHints":{"allow":["GET"]}}],"collection":[{"href":"https:\/\/analyse.optim.biz\/index.php?rest_route=\/wp\/v2\/posts"}],"about":[{"href":"https:\/\/analyse.optim.biz\/index.php?rest_route=\/wp\/v2\/types\/post"}],"author":[{"embeddable":true,"href":"https:\/\/analyse.optim.biz\/index.php?rest_route=\/wp\/v2\/users\/1"}],"replies":[{"embeddable":true,"href":"https:\/\/analyse.optim.biz\/index.php?rest_route=%2Fwp%2Fv2%2Fcomments&post=2046201"}],"version-history":[{"count":0,"href":"https:\/\/analyse.optim.biz\/index.php?rest_route=\/wp\/v2\/posts\/2046201\/revisions"}],"wp:attachment":[{"href":"https:\/\/analyse.optim.biz\/index.php?rest_route=%2Fwp%2Fv2%2Fmedia&parent=2046201"}],"wp:term":[{"taxonomy":"category","embeddable":true,"href":"https:\/\/analyse.optim.biz\/index.php?rest_route=%2Fwp%2Fv2%2Fcategories&post=2046201"},{"taxonomy":"post_tag","embeddable":true,"href":"https:\/\/analyse.optim.biz\/index.php?rest_route=%2Fwp%2Fv2%2Ftags&post=2046201"}],"curies":[{"name":"wp","href":"https:\/\/api.w.org\/{rel}","templated":true}]}}