{"id":204612,"date":"2014-05-26T13:08:07","date_gmt":"2014-05-26T10:08:07","guid":{"rendered":"https:\/\/analyse.optim.biz\/?p=204612"},"modified":"2014-05-26T13:08:07","modified_gmt":"2014-05-26T10:08:07","slug":"v-ponta-ii-voi-scrie-lui-t-basescu-pentru-a-participa-la-summit-ul-ce-de-la-bruxelles","status":"publish","type":"post","link":"https:\/\/analyse.optim.biz\/?p=204612","title":{"rendered":"V. Ponta: \u00cei voi scrie lui T. B\u0103sescu pentru a participa la Summit-ul CE de la Bruxelles"},"content":{"rendered":"<div class=\"entry data-app-meta data-app-meta-article\" data-embed-base-url-canonical=\"https:\/\/www.digi24.ro\/embed\/stiri\/actualitate\/politica\/v-ponta-ii-voi-scrie-lui-t-basescu-pentru-a-participa-la-summit-ul-ce-de-la-bruxelles-247894\">\n<p data-index=\"1\">Solicitat s\u0103 comenteze afirma\u0163iile f\u0103cute anterior, la un post de televiziune, potrivit c\u0103rora Rom\u00e2nia ar trebui reprezentat\u0103 la Consiliul de mar\u0163i de premier, Ponta a precizat: \u201eVoi adresa chiar azi o scrisoare oficial\u0103 \u00een acest sens pre\u015fedintelui B\u0103sescu bazat\u0103 pe reglement\u0103rile europene \u015fi din legea na\u0163ional\u0103 \u015fi o s\u0103 vedem ce se va \u00eent\u00e2mpla\u201d.\u00a0<\/p>\n<\/div>\n<p> Source URL: https:\/\/www.digi24.ro\/stiri\/actualitate\/politica\/v-ponta-ii-voi-scrie-lui-t-basescu-pentru-a-participa-la-summit-ul-ce-de-la-bruxelles-247894<\/p>\n","protected":false},"excerpt":{"rendered":"<p>Solicitat s\u0103 comenteze afirma\u0163iile f\u0103cute anterior, la un post de televiziune, potrivit c\u0103rora Rom\u00e2nia ar trebui reprezentat\u0103 la Consiliul de mar\u0163i de premier, Ponta a precizat: \u201eVoi adresa chiar azi o scrisoare oficial\u0103 \u00een acest sens pre\u015fedintelui B\u0103sescu bazat\u0103 pe reglement\u0103rile europene \u015fi din legea na\u0163ional\u0103 \u015fi o s\u0103 vedem ce se va \u00eent\u00e2mpla\u201d.\u00a0 Source [&hellip;]<\/p>\n","protected":false},"author":1,"featured_media":204613,"comment_status":"open","ping_status":"","sticky":false,"template":"","format":"standard","meta":{"footnotes":""},"categories":[2],"tags":[11],"class_list":["post-204612","post","type-post","status-publish","format-standard","has-post-thumbnail","hentry","category-politics","tag-digi24"],"_links":{"self":[{"href":"https:\/\/analyse.optim.biz\/index.php?rest_route=\/wp\/v2\/posts\/204612","targetHints":{"allow":["GET"]}}],"collection":[{"href":"https:\/\/analyse.optim.biz\/index.php?rest_route=\/wp\/v2\/posts"}],"about":[{"href":"https:\/\/analyse.optim.biz\/index.php?rest_route=\/wp\/v2\/types\/post"}],"author":[{"embeddable":true,"href":"https:\/\/analyse.optim.biz\/index.php?rest_route=\/wp\/v2\/users\/1"}],"replies":[{"embeddable":true,"href":"https:\/\/analyse.optim.biz\/index.php?rest_route=%2Fwp%2Fv2%2Fcomments&post=204612"}],"version-history":[{"count":0,"href":"https:\/\/analyse.optim.biz\/index.php?rest_route=\/wp\/v2\/posts\/204612\/revisions"}],"wp:featuredmedia":[{"embeddable":true,"href":"https:\/\/analyse.optim.biz\/index.php?rest_route=\/wp\/v2\/media\/204613"}],"wp:attachment":[{"href":"https:\/\/analyse.optim.biz\/index.php?rest_route=%2Fwp%2Fv2%2Fmedia&parent=204612"}],"wp:term":[{"taxonomy":"category","embeddable":true,"href":"https:\/\/analyse.optim.biz\/index.php?rest_route=%2Fwp%2Fv2%2Fcategories&post=204612"},{"taxonomy":"post_tag","embeddable":true,"href":"https:\/\/analyse.optim.biz\/index.php?rest_route=%2Fwp%2Fv2%2Ftags&post=204612"}],"curies":[{"name":"wp","href":"https:\/\/api.w.org\/{rel}","templated":true}]}}