{"id":204598,"date":"2014-05-26T14:18:34","date_gmt":"2014-05-26T11:18:34","guid":{"rendered":"https:\/\/analyse.optim.biz\/?p=204598"},"modified":"2014-05-26T14:18:34","modified_gmt":"2014-05-26T11:18:34","slug":"liderii-liberalilor-europeni-prin-intrarea-in-ppe-delegatia-pnl-se-alatura-lui-traian-basescu","status":"publish","type":"post","link":"https:\/\/analyse.optim.biz\/?p=204598","title":{"rendered":"Liderii liberalilor europeni: Prin intrarea \u00een PPE, delega\u0163ia PNL se al\u0103tur\u0103 lui Traian B\u0103sescu"},"content":{"rendered":"<div class=\"entry data-app-meta data-app-meta-article\" data-embed-base-url-canonical=\"https:\/\/www.digi24.ro\/embed\/stiri\/actualitate\/politica\/liderii-liberalilor-europeni-prin-intrarea-in-ppe-delegatia-pnl-se-alatura-lui-traian-basescu-247964\">\n<p data-index=\"1\"><img decoding=\"async\" src=\"https:\/\/analyse.optim.biz\/wp-content\/uploads\/2024\/09\/mdamagfzad1mztk1ntg5mmuyyjy0zjrlnmmxowu2n2mwywi1nwy2ma-thumb_.jpg\" data-skip-htmlfix=\"1\" title=\"mdamagfzad1mztk1ntg5mmuyyjy0zjrlnmmxowu2n2mwywi1nwy2ma-thumb_\"><\/p>\n<p data-index=\"2\">\u201eRezultatul alegerilor arat\u0103 c\u0103 Grupul ALDE r\u0103m\u00e2ne al treilea grup ca m\u0103rime \u00een Parlamentul European. F\u0103r\u0103 sprijin de la ALDE, nicio decizie nu poate fi luat\u0103&#8221;, se arat\u0103 \u00eentr-o declara\u0163ie comun\u0103 a pre\u015fedintelui ALDE, Graham Watson \u015fi a liderului Grupului ALDE, Guy Verhofstadt, citat\u0103 de Mediafax.\u00a0<\/p>\n<p data-index=\"3\">Cei doi precizeaz\u0103 c\u0103 decizia &#8220;nefericit\u0103&#8221; a pre\u015fedintelui PNL,\u00a0Crin Antonescu, de a propune conducerii partidului deplasarea c\u0103tre PPE ignor\u0103 faptul c\u0103, \u00een Grupul ALDE, PNL ar fi unul dintre cele mai mari delega\u0163ii \u015fi, a\u015fa cum s-a stabilit, ar de\u0163ine pozi\u0163ii importante \u00een PE.<\/p>\n<p data-index=\"4\">\u201ePrin intrarea \u00een PPE, delega\u0163ia PNL se va al\u0103tura lui B\u0103sescu \u015fi alege s\u0103 \u00ee\u015fi arate sl\u0103biciunile \u00een loc s\u0103 \u00ee\u015fi \u00eent\u0103reasc\u0103 pozi\u0163ia \u00een Legistativul UE\u201d, se mai arat\u0103 \u00een declara\u0163ie.<\/p>\n<p data-index=\"5\">Pre\u015fedintele PNL, Crin Antonescu, a anun\u0163at c\u0103, \u00een \u015fedin\u0163a de luni a conducerii partidului, va propune ca europarlamentarii PNL s\u0103 adere la grupul PPE din Parlamentul European, preciz\u00e2nd c\u0103 propunerea sa are \u00een vedere faptul c\u0103 \u201eUniunea European\u0103 nu trebuie s\u0103 fie condus\u0103 de un pre\u015fedinte socialist\u201d. \u00a0<\/p>\n<\/div>\n<p> Source URL: https:\/\/www.digi24.ro\/stiri\/actualitate\/politica\/liderii-liberalilor-europeni-prin-intrarea-in-ppe-delegatia-pnl-se-alatura-lui-traian-basescu-247964<\/p>\n","protected":false},"excerpt":{"rendered":"<p>\u201eRezultatul alegerilor arat\u0103 c\u0103 Grupul ALDE r\u0103m\u00e2ne al treilea grup ca m\u0103rime \u00een Parlamentul European. F\u0103r\u0103 sprijin de la ALDE, nicio decizie nu poate fi luat\u0103&#8221;, se arat\u0103 \u00eentr-o declara\u0163ie comun\u0103 a pre\u015fedintelui ALDE, Graham Watson \u015fi a liderului Grupului ALDE, Guy Verhofstadt, citat\u0103 de Mediafax.\u00a0 Cei doi precizeaz\u0103 c\u0103 decizia &#8220;nefericit\u0103&#8221; a pre\u015fedintelui PNL,\u00a0Crin [&hellip;]<\/p>\n","protected":false},"author":1,"featured_media":204599,"comment_status":"open","ping_status":"","sticky":false,"template":"","format":"standard","meta":{"footnotes":""},"categories":[2],"tags":[11],"class_list":["post-204598","post","type-post","status-publish","format-standard","has-post-thumbnail","hentry","category-politics","tag-digi24"],"_links":{"self":[{"href":"https:\/\/analyse.optim.biz\/index.php?rest_route=\/wp\/v2\/posts\/204598","targetHints":{"allow":["GET"]}}],"collection":[{"href":"https:\/\/analyse.optim.biz\/index.php?rest_route=\/wp\/v2\/posts"}],"about":[{"href":"https:\/\/analyse.optim.biz\/index.php?rest_route=\/wp\/v2\/types\/post"}],"author":[{"embeddable":true,"href":"https:\/\/analyse.optim.biz\/index.php?rest_route=\/wp\/v2\/users\/1"}],"replies":[{"embeddable":true,"href":"https:\/\/analyse.optim.biz\/index.php?rest_route=%2Fwp%2Fv2%2Fcomments&post=204598"}],"version-history":[{"count":0,"href":"https:\/\/analyse.optim.biz\/index.php?rest_route=\/wp\/v2\/posts\/204598\/revisions"}],"wp:featuredmedia":[{"embeddable":true,"href":"https:\/\/analyse.optim.biz\/index.php?rest_route=\/wp\/v2\/media\/204599"}],"wp:attachment":[{"href":"https:\/\/analyse.optim.biz\/index.php?rest_route=%2Fwp%2Fv2%2Fmedia&parent=204598"}],"wp:term":[{"taxonomy":"category","embeddable":true,"href":"https:\/\/analyse.optim.biz\/index.php?rest_route=%2Fwp%2Fv2%2Fcategories&post=204598"},{"taxonomy":"post_tag","embeddable":true,"href":"https:\/\/analyse.optim.biz\/index.php?rest_route=%2Fwp%2Fv2%2Ftags&post=204598"}],"curies":[{"name":"wp","href":"https:\/\/api.w.org\/{rel}","templated":true}]}}