{"id":204587,"date":"2014-05-26T14:39:58","date_gmt":"2014-05-26T11:39:58","guid":{"rendered":"https:\/\/analyse.optim.biz\/?p=204587"},"modified":"2014-05-26T14:39:58","modified_gmt":"2014-05-26T11:39:58","slug":"decizie-oficiala-pnl-se-alatura-ppe","status":"publish","type":"post","link":"https:\/\/analyse.optim.biz\/?p=204587","title":{"rendered":"Decizie oficial\u0103. PNL se al\u0103tur\u0103 PPE"},"content":{"rendered":"<div class=\"entry data-app-meta data-app-meta-article\" data-embed-base-url-canonical=\"https:\/\/www.digi24.ro\/embed\/stiri\/actualitate\/politica\/decizie-oficiala-pnl-se-alatura-ppe-247975\">\n<p data-index=\"1\">\u201eBPN al PNL a decis cu majoritate de voturi, un vot \u00eempotriv\u0103 \u015fi trei ab\u0163ineri, ca PNL s\u0103 se al\u0103ture grupului PPE \u015fi europarlamentarii no\u015ftri s\u0103 fac\u0103 parte din grupului PPE. Decizia va fi supus\u0103 \u0219i aten\u0163iei Delega\u0163iei Permanente&#8221;, a anun\u0163at Cristina Pocora. \u00a0\u00a0<\/p>\n<p data-index=\"2\">Purt\u0103torul de cuv\u00e2nt al PPE, Kostas Sasmatzoglou, a precizat, pentru Mediafax, c\u0103 Partidul Popular European ar putea discuta \u015fi lua o decizie privind primirea PNL s\u0103pt\u0103m\u00e2na viitoare, dac\u0103 liberalii rom\u00e2ni trimit documenta\u0163ia necesar\u0103 la timp.<\/p>\n<p data-index=\"3\">Liderii Alian\u021bei Liberalilor \u0219i Democra\u021bilor pentru Europa (ALDE) sus\u0163in c\u0103 delega\u0163ia PNL \u00een Parlamentul European<a href=\"https:\/\/www.digi24.ro\/Stiri\/Digi24\/Actualitate\/Politica\/Liderii+liberalilor+europeni+Prin+intrarea+in+PPE+delegatia+PNL+\" target=\"_blank\" data-skip-linkfix=\"1\" rel=\"noopener\"><strong> se al\u0103tur\u0103 lui Traian B\u0103sescu<\/strong><\/a>prin intrarea \u00een Partidul Popular European.<\/p>\n<p data-index=\"4\">\u201eRezultatul alegerilor arat\u0103 c\u0103 Grupul ALDE r\u0103m\u00e2ne al treilea grup ca m\u0103rime \u00een Parlamentul European. F\u0103r\u0103 sprijin de la ALDE, nicio decizie nu poate fi luat\u0103&#8221;, se arat\u0103 \u00eentr-o declara\u0163ie comun\u0103 a pre\u015fedintelui ALDE, Graham Watson \u015fi a liderului Grupului ALDE, Guy Verhofstadt.\u00a0<\/p>\n<\/div>\n<p> Source URL: https:\/\/www.digi24.ro\/stiri\/actualitate\/politica\/decizie-oficiala-pnl-se-alatura-ppe-247975<\/p>\n","protected":false},"excerpt":{"rendered":"<p>\u201eBPN al PNL a decis cu majoritate de voturi, un vot \u00eempotriv\u0103 \u015fi trei ab\u0163ineri, ca PNL s\u0103 se al\u0103ture grupului PPE \u015fi europarlamentarii no\u015ftri s\u0103 fac\u0103 parte din grupului PPE. Decizia va fi supus\u0103 \u0219i aten\u0163iei Delega\u0163iei Permanente&#8221;, a anun\u0163at Cristina Pocora. \u00a0\u00a0 Purt\u0103torul de cuv\u00e2nt al PPE, Kostas Sasmatzoglou, a precizat, pentru Mediafax, [&hellip;]<\/p>\n","protected":false},"author":1,"featured_media":204588,"comment_status":"open","ping_status":"","sticky":false,"template":"","format":"standard","meta":{"footnotes":""},"categories":[2],"tags":[11],"class_list":["post-204587","post","type-post","status-publish","format-standard","has-post-thumbnail","hentry","category-politics","tag-digi24"],"_links":{"self":[{"href":"https:\/\/analyse.optim.biz\/index.php?rest_route=\/wp\/v2\/posts\/204587","targetHints":{"allow":["GET"]}}],"collection":[{"href":"https:\/\/analyse.optim.biz\/index.php?rest_route=\/wp\/v2\/posts"}],"about":[{"href":"https:\/\/analyse.optim.biz\/index.php?rest_route=\/wp\/v2\/types\/post"}],"author":[{"embeddable":true,"href":"https:\/\/analyse.optim.biz\/index.php?rest_route=\/wp\/v2\/users\/1"}],"replies":[{"embeddable":true,"href":"https:\/\/analyse.optim.biz\/index.php?rest_route=%2Fwp%2Fv2%2Fcomments&post=204587"}],"version-history":[{"count":0,"href":"https:\/\/analyse.optim.biz\/index.php?rest_route=\/wp\/v2\/posts\/204587\/revisions"}],"wp:featuredmedia":[{"embeddable":true,"href":"https:\/\/analyse.optim.biz\/index.php?rest_route=\/wp\/v2\/media\/204588"}],"wp:attachment":[{"href":"https:\/\/analyse.optim.biz\/index.php?rest_route=%2Fwp%2Fv2%2Fmedia&parent=204587"}],"wp:term":[{"taxonomy":"category","embeddable":true,"href":"https:\/\/analyse.optim.biz\/index.php?rest_route=%2Fwp%2Fv2%2Fcategories&post=204587"},{"taxonomy":"post_tag","embeddable":true,"href":"https:\/\/analyse.optim.biz\/index.php?rest_route=%2Fwp%2Fv2%2Ftags&post=204587"}],"curies":[{"name":"wp","href":"https:\/\/api.w.org\/{rel}","templated":true}]}}