{"id":2045832,"date":"2026-07-15T17:16:02","date_gmt":"2026-07-15T14:16:02","guid":{"rendered":"https:\/\/analyse.optim.biz\/?p=2045832"},"modified":"2026-07-15T17:16:02","modified_gmt":"2026-07-15T14:16:02","slug":"echipa-de-robotica-homosapiens-vizita-la-parlamentul-european","status":"publish","type":"post","link":"https:\/\/analyse.optim.biz\/?p=2045832","title":{"rendered":"Echipa de robotic\u0103 \u201eHomosapiens\u201d, vizit\u0103 la Parlamentul European"},"content":{"rendered":"<p>[analyse_image type=&#8221;featured&#8221; src=&#8221;https:\/\/revistaverde.ro\/wp-content\/uploads\/2026\/07\/RONOTI.jpg&#8221;]<\/p>\n<article id=\"post-15681\" class=\"post-15681 post type-post status-publish format-standard has-post-thumbnail hentry category-eco-tiri category-evnimente category-international\">\n<header class=\"entry-header mh-clearfix\">\n<h1 class=\"entry-title\">Echipa de robotic\u0103 \u201eHomosapiens\u201d, vizit\u0103 la Parlamentul European<\/h1>\n<p class=\"mh-meta entry-meta\"><span class=\"entry-meta-date updated\"><a href=\"https:\/\/revistaverde.ro\/2026\/07\/\">iulie 15, 2026<\/a><\/span><span class=\"entry-meta-author author vcard\"><a class=\"fn\" href=\"https:\/\/revistaverde.ro\/author\/revistaverdefrumoasa2017\/\">M\u0103rg\u0103rit GROSU<\/a><\/span><span class=\"entry-meta-categories\"><a href=\"https:\/\/revistaverde.ro\/category\/local\/eco-tiri\/\" rel=\"category tag\">Eco \u015etiri<\/a>, <a href=\"https:\/\/revistaverde.ro\/category\/local\/evnimente\/\" rel=\"category tag\">Evenimente<\/a>, <a href=\"https:\/\/revistaverde.ro\/category\/international\/\" rel=\"category tag\">international<\/a><\/span><span class=\"entry-meta-comments\"><a class=\"mh-comment-scroll\" href=\"https:\/\/revistaverde.ro\/2026\/07\/15\/echipa-de-robotica-homosapiens-vizita-la-parlamentul-european\/#mh-comments\">0<\/a><\/span><\/p>\n<\/header>\n<div class=\"entry-content mh-clearfix\">\n<figure class=\"entry-thumbnail\"><img decoding=\"async\" src=\"https:\/\/revistaverde.ro\/wp-content\/uploads\/2026\/07\/RONOTI-678x381.jpg\" alt title=\"RONOTI\"><\/figure>\n<p><strong>Andi Cristea:<\/strong><em>\u201dAm avut bucuria de a contribui, al\u0103turi de colegii mei din PSD Buz\u0103u, la organizarea unei vizite la Parlamentul European, la Bruxelles, pentru un grup de tineri \u0219i profesioni\u0219ti valoro\u0219i din jude\u021bul nostru.<\/em><\/p>\n<p>Din delega\u021bie a f\u0103cut parte \u0219i doamna senator Carmen Orban, al\u0103turi de elevi ai Colegiului Na\u021bional \u201eB. P. Hasdeu\u201d \u0219i ai Colegiului Na\u021bional \u201eMihai Eminescu\u201d, profesori, medici \u0219i reprezentan\u021bi ai mediului privat.<\/p>\n<p>Colegiul Na\u021bional \u201eB. P. Hasdeu\u201d a fost reprezentat de membrii echipei de robotic\u0103 \u201eHomosapiens\u201d, \u00eenso\u021bi\u021bi de profesoara coordonatoare Amalia Voicu. \u00cen acest an, echipa a ob\u021binut locul al II-lea la Inspire Award, cel mai important premiu al competi\u021biei FIRST Tech Challenge, \u00een cadrul Western Edge Premier Event din California. Performan\u021ba interna\u021bional\u0103 a venit dup\u0103 c\u00e2\u0219tigarea Reach Award la Regionala Est \u0219i ob\u021binerea locului al III-lea la aceea\u0219i categorie la Campionatul Na\u021bional.<\/p>\n<p>Al\u0103turi de ei s-au aflat Carla-Ioana Gheorghe \u0219i Rare\u0219-R\u0103zvan Gheorghe, autorii proiectului \u201eLichenary\u201d, care folose\u0219te lichenii ca bioindicatori pentru monitorizarea calit\u0103\u021bii aerului. Proiectul a primit premiul \u201eDistinguished Achievement\u201d la competi\u021bia interna\u021bional\u0103 \u201eSlingshot Challenge 2026\u201d, organizat\u0103 de National Geographic Society, cei doi fiind singurii reprezentan\u021bi ai Europei \u00eentre laurea\u021bii edi\u021biei.<\/p>\n<p>Au participat \u0219i elevi ai Colegiului Na\u021bional \u201eMihai Eminescu\u201d din Buz\u0103u, printre care Claudia Sc\u00eentee, laureat\u0103 cu premiul al III-lea la Olimpiada Na\u021bional\u0103 de \u0218tiin\u021be Socio-Umane, disciplina Sociologie.<\/p>\n<p>Vizita a reprezentat o experien\u021b\u0103 de \u00eenv\u0103\u021bare \u0219i de contact direct cu institu\u021biile \u0219i valorile europene, oferindu-le participan\u021bilor noi perspective \u0219i oportunitatea de a-\u0219i l\u0103rgi orizonturile.<\/p>\n<p>\u00centregul demers, de la preg\u0103tirea delega\u021biei p\u00e2n\u0103 la desf\u0103\u0219urarea programului de la Bruxelles, a fost rezultatul unui efort comun al echipei PSD Buz\u0103u.<\/p>\n<p>Vom continua s\u0103 investim \u00een oameni, \u00een educa\u021bie \u0219i \u00een performan\u021b\u0103, s\u0103 sprijinim tinerii talenta\u021bi, profesorii dedica\u021bi \u0219i profesioni\u0219tii comunit\u0103\u021bii noastre.<\/p>\n<p>Buz\u0103ul are oameni extraordinari. Responsabilitatea noastr\u0103 este s\u0103 \u00eei sus\u021binem, s\u0103 \u00eei promov\u0103m \u0219i s\u0103 le deschidem c\u00e2t mai multe drumuri\u201d.<\/p>\n<figure class=\"wp-block-image size-large\"><img loading=\"lazy\" decoding=\"async\" width=\"768\" height=\"1024\" src=\"http:\/\/revistaverde.ro\/wp-content\/uploads\/2026\/07\/ROBOTI-1-768x1024.jpg\" alt class=\"wp-image-15682\"><\/figure>\n<div class=\"col-md-2 col-sm-4 col-xs-4\"> .col-md-2 { float:left; width: 16.6667%; } <\/div>\n<div class=\"col-md-2 col-sm-4 col-xs-4\"> .col-md-2 { float:left; width: 16.6667%; } <\/p>\n<div class=\"fb-share-button\" data-href=\"https:\/\/revistaverde.ro\/2026\/07\/15\/echipa-de-robotica-homosapiens-vizita-la-parlamentul-european\/\" data-layout=\"button\" data-size=\"large\" data-mobile-iframe=\"true\"><a class=\"fb-xfbml-parse-ignore\" target=\"_blank\" href=\"https:\/\/www.facebook.com\/sharer\/sharer.php?u=https%3A%2F%2Frevistaverde.ro%2F2026%2F07%2F15%2Fechipa-de-robotica-homosapiens-vizita-la-parlamentul-european%2F&amp;src=sdkpreparse\">Share<\/a><\/div>\n<\/div>\n<div class=\"col-md-2 col-sm-4 col-xs-4\"> .col-md-2 { float:left; width: 16.6667%; } <\/div>\n<\/div>\n<\/article>\n<div class=\"entry-content mh-clearfix\">\n<figure class=\"entry-thumbnail\"><img decoding=\"async\" src=\"https:\/\/revistaverde.ro\/wp-content\/uploads\/2026\/07\/RONOTI-678x381.jpg\" alt title=\"RONOTI\"><\/figure>\n<p><strong>Andi Cristea:<\/strong><em>\u201dAm avut bucuria de a contribui, al\u0103turi de colegii mei din PSD Buz\u0103u, la organizarea unei vizite la Parlamentul European, la Bruxelles, pentru un grup de tineri \u0219i profesioni\u0219ti valoro\u0219i din jude\u021bul nostru.<\/em><\/p>\n<p>Din delega\u021bie a f\u0103cut parte \u0219i doamna senator Carmen Orban, al\u0103turi de elevi ai Colegiului Na\u021bional \u201eB. P. Hasdeu\u201d \u0219i ai Colegiului Na\u021bional \u201eMihai Eminescu\u201d, profesori, medici \u0219i reprezentan\u021bi ai mediului privat.<\/p>\n<p>Colegiul Na\u021bional \u201eB. P. Hasdeu\u201d a fost reprezentat de membrii echipei de robotic\u0103 \u201eHomosapiens\u201d, \u00eenso\u021bi\u021bi de profesoara coordonatoare Amalia Voicu. \u00cen acest an, echipa a ob\u021binut locul al II-lea la Inspire Award, cel mai important premiu al competi\u021biei FIRST Tech Challenge, \u00een cadrul Western Edge Premier Event din California. Performan\u021ba interna\u021bional\u0103 a venit dup\u0103 c\u00e2\u0219tigarea Reach Award la Regionala Est \u0219i ob\u021binerea locului al III-lea la aceea\u0219i categorie la Campionatul Na\u021bional.<\/p>\n<p>Al\u0103turi de ei s-au aflat Carla-Ioana Gheorghe \u0219i Rare\u0219-R\u0103zvan Gheorghe, autorii proiectului \u201eLichenary\u201d, care folose\u0219te lichenii ca bioindicatori pentru monitorizarea calit\u0103\u021bii aerului. Proiectul a primit premiul \u201eDistinguished Achievement\u201d la competi\u021bia interna\u021bional\u0103 \u201eSlingshot Challenge 2026\u201d, organizat\u0103 de National Geographic Society, cei doi fiind singurii reprezentan\u021bi ai Europei \u00eentre laurea\u021bii edi\u021biei.<\/p>\n<p>Au participat \u0219i elevi ai Colegiului Na\u021bional \u201eMihai Eminescu\u201d din Buz\u0103u, printre care Claudia Sc\u00eentee, laureat\u0103 cu premiul al III-lea la Olimpiada Na\u021bional\u0103 de \u0218tiin\u021be Socio-Umane, disciplina Sociologie.<\/p>\n<p>Vizita a reprezentat o experien\u021b\u0103 de \u00eenv\u0103\u021bare \u0219i de contact direct cu institu\u021biile \u0219i valorile europene, oferindu-le participan\u021bilor noi perspective \u0219i oportunitatea de a-\u0219i l\u0103rgi orizonturile.<\/p>\n<p>\u00centregul demers, de la preg\u0103tirea delega\u021biei p\u00e2n\u0103 la desf\u0103\u0219urarea programului de la Bruxelles, a fost rezultatul unui efort comun al echipei PSD Buz\u0103u.<\/p>\n<p>Vom continua s\u0103 investim \u00een oameni, \u00een educa\u021bie \u0219i \u00een performan\u021b\u0103, s\u0103 sprijinim tinerii talenta\u021bi, profesorii dedica\u021bi \u0219i profesioni\u0219tii comunit\u0103\u021bii noastre.<\/p>\n<p>Buz\u0103ul are oameni extraordinari. Responsabilitatea noastr\u0103 este s\u0103 \u00eei sus\u021binem, s\u0103 \u00eei promov\u0103m \u0219i s\u0103 le deschidem c\u00e2t mai multe drumuri\u201d.<\/p>\n<figure class=\"wp-block-image size-large\"><img loading=\"lazy\" decoding=\"async\" width=\"768\" height=\"1024\" src=\"http:\/\/revistaverde.ro\/wp-content\/uploads\/2026\/07\/ROBOTI-1-768x1024.jpg\" alt class=\"wp-image-15682\"><\/figure>\n<div class=\"col-md-2 col-sm-4 col-xs-4\"> .col-md-2 { float:left; width: 16.6667%; } <\/div>\n<div class=\"col-md-2 col-sm-4 col-xs-4\"> .col-md-2 { float:left; width: 16.6667%; } <\/p>\n<div class=\"fb-share-button\" data-href=\"https:\/\/revistaverde.ro\/2026\/07\/15\/echipa-de-robotica-homosapiens-vizita-la-parlamentul-european\/\" data-layout=\"button\" data-size=\"large\" data-mobile-iframe=\"true\"><a class=\"fb-xfbml-parse-ignore\" target=\"_blank\" href=\"https:\/\/www.facebook.com\/sharer\/sharer.php?u=https%3A%2F%2Frevistaverde.ro%2F2026%2F07%2F15%2Fechipa-de-robotica-homosapiens-vizita-la-parlamentul-european%2F&amp;src=sdkpreparse\">Share<\/a><\/div>\n<\/div>\n<div class=\"col-md-2 col-sm-4 col-xs-4\"> .col-md-2 { float:left; width: 16.6667%; } <\/div>\n<\/div>\n<p>[analyse_source url=&#8221;https:\/\/revistaverde.ro\/2026\/07\/15\/echipa-de-robotica-homosapiens-vizita-la-parlamentul-european\/&#8221;]<\/p>\n","protected":false},"excerpt":{"rendered":"<p>[analyse_image type=&#8221;featured&#8221; src=&#8221;https:\/\/revistaverde.ro\/wp-content\/uploads\/2026\/07\/RONOTI.jpg&#8221;] Echipa de robotic\u0103 \u201eHomosapiens\u201d, vizit\u0103 la Parlamentul European iulie 15, 2026M\u0103rg\u0103rit GROSUEco \u015etiri, Evenimente, international0 Andi Cristea:\u201dAm avut bucuria de a contribui, al\u0103turi de colegii mei din PSD Buz\u0103u, la organizarea unei vizite la Parlamentul European, la Bruxelles, pentru un grup de tineri \u0219i profesioni\u0219ti valoro\u0219i din jude\u021bul nostru. Din delega\u021bie a [&hellip;]<\/p>\n","protected":false},"author":1,"featured_media":0,"comment_status":"open","ping_status":"","sticky":false,"template":"","format":"standard","meta":{"footnotes":""},"categories":[2],"tags":[226,57],"class_list":["post-2045832","post","type-post","status-publish","format-standard","hentry","category-politics","tag-crawlmanager","tag-revistaverde-ro"],"_links":{"self":[{"href":"https:\/\/analyse.optim.biz\/index.php?rest_route=\/wp\/v2\/posts\/2045832","targetHints":{"allow":["GET"]}}],"collection":[{"href":"https:\/\/analyse.optim.biz\/index.php?rest_route=\/wp\/v2\/posts"}],"about":[{"href":"https:\/\/analyse.optim.biz\/index.php?rest_route=\/wp\/v2\/types\/post"}],"author":[{"embeddable":true,"href":"https:\/\/analyse.optim.biz\/index.php?rest_route=\/wp\/v2\/users\/1"}],"replies":[{"embeddable":true,"href":"https:\/\/analyse.optim.biz\/index.php?rest_route=%2Fwp%2Fv2%2Fcomments&post=2045832"}],"version-history":[{"count":0,"href":"https:\/\/analyse.optim.biz\/index.php?rest_route=\/wp\/v2\/posts\/2045832\/revisions"}],"wp:attachment":[{"href":"https:\/\/analyse.optim.biz\/index.php?rest_route=%2Fwp%2Fv2%2Fmedia&parent=2045832"}],"wp:term":[{"taxonomy":"category","embeddable":true,"href":"https:\/\/analyse.optim.biz\/index.php?rest_route=%2Fwp%2Fv2%2Fcategories&post=2045832"},{"taxonomy":"post_tag","embeddable":true,"href":"https:\/\/analyse.optim.biz\/index.php?rest_route=%2Fwp%2Fv2%2Ftags&post=2045832"}],"curies":[{"name":"wp","href":"https:\/\/api.w.org\/{rel}","templated":true}]}}