{"id":204576,"date":"2014-05-26T14:41:56","date_gmt":"2014-05-26T11:41:56","guid":{"rendered":"https:\/\/analyse.optim.biz\/?p=204576"},"modified":"2014-05-26T14:41:56","modified_gmt":"2014-05-26T11:41:56","slug":"ilie-sarbu-in-politica-nu-sunt-grave-pozitiile-azi-ai-una-maine-ai-alta","status":"publish","type":"post","link":"https:\/\/analyse.optim.biz\/?p=204576","title":{"rendered":"Ilie S\u00e2rbu: &#8220;\u00cen politic\u0103 nu sunt grave pozi\u0163iile. Azi ai una, m\u00e2ine ai alta&#8221;"},"content":{"rendered":"<div class=\"entry data-app-meta data-app-meta-article\" data-embed-base-url-canonical=\"https:\/\/www.digi24.ro\/embed\/stiri\/actualitate\/politica\/ilie-sarbu-in-politica-nu-sunt-grave-pozitiile-azi-ai-una-maine-ai-alta-247978\">\n<p data-index=\"1\">\u00centrebat \u00een leg\u0103tur\u0103 cu actuala pozi\u0163ie a lui C\u0103lin Popescu T\u0103riceanu \u00een PNL, Ilie S\u00e2rbu a r\u0103spuns: \u201e\u00cen politic\u0103 nu sunt grave pozi\u0163iile. Azi ai una, m\u00e2ine ai alta, le nuan\u0163ezi, nu cred c\u0103 e foarte grav, el face ce a spus de la \u00eenceput, vrea s\u0103 refac\u0103 USL \u015fi s\u0103 redea PNL o \u015fans\u0103\u201d.<\/p>\n<\/div>\n<p> Source URL: https:\/\/www.digi24.ro\/stiri\/actualitate\/politica\/ilie-sarbu-in-politica-nu-sunt-grave-pozitiile-azi-ai-una-maine-ai-alta-247978<\/p>\n","protected":false},"excerpt":{"rendered":"<p>\u00centrebat \u00een leg\u0103tur\u0103 cu actuala pozi\u0163ie a lui C\u0103lin Popescu T\u0103riceanu \u00een PNL, Ilie S\u00e2rbu a r\u0103spuns: \u201e\u00cen politic\u0103 nu sunt grave pozi\u0163iile. Azi ai una, m\u00e2ine ai alta, le nuan\u0163ezi, nu cred c\u0103 e foarte grav, el face ce a spus de la \u00eenceput, vrea s\u0103 refac\u0103 USL \u015fi s\u0103 redea PNL o \u015fans\u0103\u201d. [&hellip;]<\/p>\n","protected":false},"author":1,"featured_media":204577,"comment_status":"open","ping_status":"","sticky":false,"template":"","format":"standard","meta":{"footnotes":""},"categories":[2],"tags":[11],"class_list":["post-204576","post","type-post","status-publish","format-standard","has-post-thumbnail","hentry","category-politics","tag-digi24"],"_links":{"self":[{"href":"https:\/\/analyse.optim.biz\/index.php?rest_route=\/wp\/v2\/posts\/204576","targetHints":{"allow":["GET"]}}],"collection":[{"href":"https:\/\/analyse.optim.biz\/index.php?rest_route=\/wp\/v2\/posts"}],"about":[{"href":"https:\/\/analyse.optim.biz\/index.php?rest_route=\/wp\/v2\/types\/post"}],"author":[{"embeddable":true,"href":"https:\/\/analyse.optim.biz\/index.php?rest_route=\/wp\/v2\/users\/1"}],"replies":[{"embeddable":true,"href":"https:\/\/analyse.optim.biz\/index.php?rest_route=%2Fwp%2Fv2%2Fcomments&post=204576"}],"version-history":[{"count":0,"href":"https:\/\/analyse.optim.biz\/index.php?rest_route=\/wp\/v2\/posts\/204576\/revisions"}],"wp:featuredmedia":[{"embeddable":true,"href":"https:\/\/analyse.optim.biz\/index.php?rest_route=\/wp\/v2\/media\/204577"}],"wp:attachment":[{"href":"https:\/\/analyse.optim.biz\/index.php?rest_route=%2Fwp%2Fv2%2Fmedia&parent=204576"}],"wp:term":[{"taxonomy":"category","embeddable":true,"href":"https:\/\/analyse.optim.biz\/index.php?rest_route=%2Fwp%2Fv2%2Fcategories&post=204576"},{"taxonomy":"post_tag","embeddable":true,"href":"https:\/\/analyse.optim.biz\/index.php?rest_route=%2Fwp%2Fv2%2Ftags&post=204576"}],"curies":[{"name":"wp","href":"https:\/\/api.w.org\/{rel}","templated":true}]}}