{"id":204565,"date":"2014-05-26T14:57:08","date_gmt":"2014-05-26T11:57:08","guid":{"rendered":"https:\/\/analyse.optim.biz\/?p=204565"},"modified":"2014-05-26T14:57:08","modified_gmt":"2014-05-26T11:57:08","slug":"romania-trimite-la-bruxelles-aceiasi-oameni-care-au-reprezentat-o-si-pana-acum","status":"publish","type":"post","link":"https:\/\/analyse.optim.biz\/?p=204565","title":{"rendered":"Rom\u00e2nia trimite la Bruxelles aceia\u015fi oameni care au reprezentat-o \u015fi p\u00e2n\u0103 acum"},"content":{"rendered":"<div class=\"entry data-app-meta data-app-meta-article\" data-embed-base-url-canonical=\"https:\/\/www.digi24.ro\/embed\/stiri\/actualitate\/politica\/romania-trimite-la-bruxelles-aceiasi-oameni-care-au-reprezentat-o-si-pana-acum-247993\">\n<p data-index=\"1\"><strong>Social-democra\u021bii au ob\u021binut cele mai multe mandate de europarlamentar<\/strong>. Urm\u0103torii clasa\u0163i sunt liberalii, democrat-liberalii, UDMR \u015fi Mi\u015fcarea Popular\u0103. Printre social-democra\u0163ii care vor ajunge la Bruxelles se num\u0103r\u0103 actualii eurodeputa\u021bi <strong>Corina Cre\u021bu<\/strong>, so\u0163ia premierului Victor Ponta, <strong>Daciana S\u00e2rbu<\/strong> \u0219i <strong>Ioan Mircea Pa\u0219cu<\/strong>, fost ministru al ap\u0103r\u0103rii \u00een Guvernul Adrian Nastase.<\/p>\n<p data-index=\"2\">Pe list\u0103 se mai afl\u0103 fo\u015fti ministri. Este vorba despre <strong>Ecaterina Andronescu<\/strong>, fost ministru al Educa\u0163iei, <strong>Dan Nica<\/strong>, fost ministru al comunica\u0163iilor \u015fi fost \u015fef a \u00eentreprinderilor mici \u015fi mijlocii, <strong>Maria Grapini<\/strong>. Din partea PNL vor ajunge \u00een Parlamentul European aceea\u015fi oameni care au reprezentat partidului \u015fi \u00een mandatul trecut.<\/p>\n<p data-index=\"3\"><strong>Norica Nicolai<\/strong> este deja la al doilea mandat, so\u0163ia pre\u015fedintelui PNL, <strong>Adina V\u0103lean<\/strong>, \u00ee\u015fi p\u0103streaz\u0103 \u015fi ea un loc \u00een Parlamentul European, fiind pe locul trei pe lista partidului.<\/p>\n<p data-index=\"4\"><strong>Ramona M\u0103nescu<\/strong> se re\u00eentoarce la Bruxelles ca europarlamentar, dup\u0103 ce \u00een urm\u0103 cu un an demisiona pentru a deveni ministru al Transporturilor.<\/p>\n<p data-index=\"5\">PDL a pierdut c\u00e2teva locuri de eurodeputat. Parlamentarii consacra\u021bi r\u0103m\u00e2n, \u00eens\u0103, \u00een forul legislativ european. Este vorba despre <strong>Theodor Stolojan<\/strong> \u015fi de fostul ministru al justi\u0163iei <strong>Monica Macovei<\/strong>. Partidul Mi\u0219carea Popular\u0103 a reu\u0219it s\u0103 ob\u021bin\u0103 mai multe voturi dec\u00e2t a sperat.<\/p>\n<p data-index=\"6\">Forma\u021biunea sus\u021binut\u0103 de pre\u0219edintele Traian B\u0103sescu va fi reprezentat\u0103 \u00een Parlamentul European de <strong>Cristian Preda<\/strong> \u015fi Siegfried Mure\u0219an. Preda a demisionat din PDL \u00eenc\u0103 din mandatul trecut \u015fi s-a \u00eenscris \u00een Mi\u015fcarea Popular\u0103. <strong>Siegfried Mure\u015fan<\/strong> a ap\u0103rut pe lista candida\u0163ilor PMP, c\u00e2nd toat\u0103 lumea se a\u015fteapta ca Elena B\u0103sescu s\u0103 primeasc\u0103 acest post. A lucrat \u00een Bundestag \u015fi este consilier al PPE pe probleme economice \u00een Parlamentul European.<\/p>\n<p data-index=\"7\">Maghiarii vor avea \u015fi ei tot doi eurodeputa\u021bi. <strong>Iuliu Winkler<\/strong> &#8211; actual europarlamentar \u015fi fost ministru delegat pentru comer\u021b \u00een Guvernul T\u0103riceanu. Cel de-al doilea europarlamentar UDMR este <strong>Csaba Sogor<\/strong>, un pastor reformat , membru UDMR din 1990.<\/p>\n<p data-index=\"8\">Singurul independent care a trecut pragul electoral pentru a intra \u00een forul de la Bruxelles este <strong>Mircea Diaconu<\/strong>.<\/p>\n<\/div>\n<p> Source URL: https:\/\/www.digi24.ro\/stiri\/actualitate\/politica\/romania-trimite-la-bruxelles-aceiasi-oameni-care-au-reprezentat-o-si-pana-acum-247993<\/p>\n","protected":false},"excerpt":{"rendered":"<p>Social-democra\u021bii au ob\u021binut cele mai multe mandate de europarlamentar. Urm\u0103torii clasa\u0163i sunt liberalii, democrat-liberalii, UDMR \u015fi Mi\u015fcarea Popular\u0103. Printre social-democra\u0163ii care vor ajunge la Bruxelles se num\u0103r\u0103 actualii eurodeputa\u021bi Corina Cre\u021bu, so\u0163ia premierului Victor Ponta, Daciana S\u00e2rbu \u0219i Ioan Mircea Pa\u0219cu, fost ministru al ap\u0103r\u0103rii \u00een Guvernul Adrian Nastase. Pe list\u0103 se mai afl\u0103 fo\u015fti [&hellip;]<\/p>\n","protected":false},"author":1,"featured_media":204566,"comment_status":"open","ping_status":"","sticky":false,"template":"","format":"standard","meta":{"footnotes":""},"categories":[2],"tags":[11],"class_list":["post-204565","post","type-post","status-publish","format-standard","has-post-thumbnail","hentry","category-politics","tag-digi24"],"_links":{"self":[{"href":"https:\/\/analyse.optim.biz\/index.php?rest_route=\/wp\/v2\/posts\/204565","targetHints":{"allow":["GET"]}}],"collection":[{"href":"https:\/\/analyse.optim.biz\/index.php?rest_route=\/wp\/v2\/posts"}],"about":[{"href":"https:\/\/analyse.optim.biz\/index.php?rest_route=\/wp\/v2\/types\/post"}],"author":[{"embeddable":true,"href":"https:\/\/analyse.optim.biz\/index.php?rest_route=\/wp\/v2\/users\/1"}],"replies":[{"embeddable":true,"href":"https:\/\/analyse.optim.biz\/index.php?rest_route=%2Fwp%2Fv2%2Fcomments&post=204565"}],"version-history":[{"count":0,"href":"https:\/\/analyse.optim.biz\/index.php?rest_route=\/wp\/v2\/posts\/204565\/revisions"}],"wp:featuredmedia":[{"embeddable":true,"href":"https:\/\/analyse.optim.biz\/index.php?rest_route=\/wp\/v2\/media\/204566"}],"wp:attachment":[{"href":"https:\/\/analyse.optim.biz\/index.php?rest_route=%2Fwp%2Fv2%2Fmedia&parent=204565"}],"wp:term":[{"taxonomy":"category","embeddable":true,"href":"https:\/\/analyse.optim.biz\/index.php?rest_route=%2Fwp%2Fv2%2Fcategories&post=204565"},{"taxonomy":"post_tag","embeddable":true,"href":"https:\/\/analyse.optim.biz\/index.php?rest_route=%2Fwp%2Fv2%2Ftags&post=204565"}],"curies":[{"name":"wp","href":"https:\/\/api.w.org\/{rel}","templated":true}]}}