{"id":204554,"date":"2014-05-26T15:40:21","date_gmt":"2014-05-26T12:40:21","guid":{"rendered":"https:\/\/analyse.optim.biz\/?p=204554"},"modified":"2014-05-26T15:40:21","modified_gmt":"2014-05-26T12:40:21","slug":"c-p-tariceanu-dat-afara-din-sedinta-pnl-m-ionescu-quintus-nu-a-fost-dat-afara-ci-nu-s-a-inscris-unde-trebuie","status":"publish","type":"post","link":"https:\/\/analyse.optim.biz\/?p=204554","title":{"rendered":"C. P. T\u0103riceanu, dat afar\u0103 din \u0219edin\u021ba PNL. M. Ionescu-Quintus: Nu a fost dat afar\u0103, ci nu s-a \u00eenscris unde trebuie\u00a0"},"content":{"rendered":"<div class=\"entry data-app-meta data-app-meta-article\" data-embed-base-url-canonical=\"https:\/\/www.digi24.ro\/embed\/stiri\/actualitate\/politica\/c-p-tariceanu-dat-afara-din-sedinta-pnl-m-ionescu-quintus-nu-a-fost-dat-afara-ci-nu-s-a-inscris-unde-trebuie-248023\">\n<p data-index=\"1\"><strong>Actualizare 16:10:<\/strong> Crin Antonescu a declarat c\u0103 \u201edomnul T\u0103riceanu a fost dat afar\u0103 \u00een mod elegant\u201d \u0219i c\u0103 nu \u00een\u021belege de ce s-a expus \u201eunei asemenea situa\u021bii\u201d.<\/p>\n<p data-index=\"2\"><strong>\u201eDomnul T\u0103riceanu, ca noi to\u021bi, avea alte defecte, dar un asemenea tupeu \u2013 cum l-au calificat \u0219i colegii \u2013 ca-n pauzele pe care i le d\u0103 Ponta de la \u0219edin\u021bele PSD s\u0103 vin\u0103 \u0219i la noi, nu a fost \u00eenghi\u021bit<\/strong> \u0219i sunt mul\u021bumit c\u0103 domnul T\u0103riceanu a \u00een\u021beles s\u0103 p\u0103r\u0103seasc\u0103 sala \u0219i s\u0103 ne las\u0103 \u00een \u0219edin\u021ba de partid al c\u0103rui membru nu este\u201d, a declarat Crin Antonescu.<\/p>\n<p data-index=\"3\">Pre\u0219edintele interimar al PNL a ad\u0103ugat c\u0103 a spus \u00een timp ce T\u0103riceanu \u00eenc\u0103 era acolo c\u0103 el s-a \u00eenscris cu \u201efor\u021ba, nestatutar \u0219i pus de PSD-i\u0219ti \u00een PNL\u201d.<\/p>\n<p data-index=\"4\">Antonescu a anun\u021bat cu aceast\u0103 ocazie \u0219i c\u0103 a fost hot\u0103r\u00e2t\u0103 dizolvarea biroului de la <strong>Satu Mare<\/strong>.<\/p>\n<p data-index=\"5\">\u201eDomnul T\u0103riceanu nu este \u00eenscris legal \u00een PNL\u201d, a completat <strong>Crin Antonescu<\/strong>.<\/p>\n<p data-index=\"6\">El a men\u021bionat c\u0103, dac\u0103 \u00eei va admis\u0103 cererea, va \u00eencerca s\u0103 fac\u0103 lobby lui <strong>C\u0103lin Popescu T\u0103riceanu<\/strong> pentru a fi admis, \u201edar nu cu PSD-i\u0219tii\u201d.<\/p>\n<hr>\n<p data-index=\"7\"><strong>Actualizare 16:00:<\/strong> Mircea Ionescu-Quintus a declarat la ie\u0219irea din \u0219edin\u021ba PNL c\u0103, \u00een ciuda prieteniei sale cu T\u0103riceanu, acesta \u201enu a fost dat afar\u0103 din partid, ci nu s-a \u00eenscris unde trebuie\u201d.<\/p>\n<p data-index=\"8\">Este cunoscut faptul c\u0103 T\u0103riceanu a plecat din PNL, \u00een urma ruperii USL, \u0219i s-a re\u00eenscris \u00een PNL la filiala Satu Mare.<\/p>\n<p data-index=\"9\">\u201eSunt prieten cu el dar nu pot s\u0103 accept neprietenia lui fa\u021b\u0103 de partid. Nu trebuia s\u0103 vin\u0103. A f\u0103cut gre\u0219eal\u0103 dup\u0103 gre\u0219eal\u0103, parc\u0103-l \u00eempinge cineva. Oric\u00e2nd poate fi primit dac\u0103 e \u00eenscris unde trebuie\u201d, a declarat el.<\/p>\n<p data-index=\"10\">\u201eNoi nu l-am dat afar\u0103 din partid, el nu s-a \u00eenscris bine\u201d, a completat\u00a0<strong>Mircea Ionescu-Quintus<\/strong>.<\/p>\n<hr>\n<p data-index=\"11\">\u201eUnul dintre colegii mei a contestat calitatea mea de membru al PNL, domnul Orban, \u015fi a cerut domnului Antonescu s\u0103 supun\u0103 la vot acest lucru\u201d, a spus <strong>C\u0103lin Popescu T\u0103riceanu<\/strong>.<\/p>\n<p data-index=\"12\">\u201eNu delega\u0163ia permanent\u0103 stabile\u015fte calitatea de membru. Am p\u0103r\u0103sit \u015fedin\u0163a, dar lucrurile acestea mi se par cu totul \u015fi cu totul dintr-un film ireal. PNL, \u00een loc s\u0103 \u00eencerce s\u0103 fac\u0103 o analiz\u0103 a rezultatului votului, continu\u0103 s\u0103 ia decizii extrem de importante cu privire la viitorul lui\u201d, a ad\u0103ugat el.<\/p>\n<p data-index=\"13\">\u201eNu a \u00eenv\u0103\u021bat nicio lec\u021bie\u201d, a subliniat el, f\u0103c\u00e2nd referire la Crin Antonescu.<\/p>\n<p data-index=\"14\">\u201eSe merge pe un stil dictatorial\u201d, a men\u021bionat T\u0103riceanu, care a mai spus c\u0103 nu a\u0219a se c\u00e2\u0219tig\u0103 votul electoratului.<\/p>\n<\/div>\n<p> Source URL: https:\/\/www.digi24.ro\/stiri\/actualitate\/politica\/c-p-tariceanu-dat-afara-din-sedinta-pnl-m-ionescu-quintus-nu-a-fost-dat-afara-ci-nu-s-a-inscris-unde-trebuie-248023<\/p>\n","protected":false},"excerpt":{"rendered":"<p>Actualizare 16:10: Crin Antonescu a declarat c\u0103 \u201edomnul T\u0103riceanu a fost dat afar\u0103 \u00een mod elegant\u201d \u0219i c\u0103 nu \u00een\u021belege de ce s-a expus \u201eunei asemenea situa\u021bii\u201d. \u201eDomnul T\u0103riceanu, ca noi to\u021bi, avea alte defecte, dar un asemenea tupeu \u2013 cum l-au calificat \u0219i colegii \u2013 ca-n pauzele pe care i le d\u0103 Ponta de [&hellip;]<\/p>\n","protected":false},"author":1,"featured_media":204555,"comment_status":"open","ping_status":"","sticky":false,"template":"","format":"standard","meta":{"footnotes":""},"categories":[2],"tags":[11],"class_list":["post-204554","post","type-post","status-publish","format-standard","has-post-thumbnail","hentry","category-politics","tag-digi24"],"_links":{"self":[{"href":"https:\/\/analyse.optim.biz\/index.php?rest_route=\/wp\/v2\/posts\/204554","targetHints":{"allow":["GET"]}}],"collection":[{"href":"https:\/\/analyse.optim.biz\/index.php?rest_route=\/wp\/v2\/posts"}],"about":[{"href":"https:\/\/analyse.optim.biz\/index.php?rest_route=\/wp\/v2\/types\/post"}],"author":[{"embeddable":true,"href":"https:\/\/analyse.optim.biz\/index.php?rest_route=\/wp\/v2\/users\/1"}],"replies":[{"embeddable":true,"href":"https:\/\/analyse.optim.biz\/index.php?rest_route=%2Fwp%2Fv2%2Fcomments&post=204554"}],"version-history":[{"count":0,"href":"https:\/\/analyse.optim.biz\/index.php?rest_route=\/wp\/v2\/posts\/204554\/revisions"}],"wp:featuredmedia":[{"embeddable":true,"href":"https:\/\/analyse.optim.biz\/index.php?rest_route=\/wp\/v2\/media\/204555"}],"wp:attachment":[{"href":"https:\/\/analyse.optim.biz\/index.php?rest_route=%2Fwp%2Fv2%2Fmedia&parent=204554"}],"wp:term":[{"taxonomy":"category","embeddable":true,"href":"https:\/\/analyse.optim.biz\/index.php?rest_route=%2Fwp%2Fv2%2Fcategories&post=204554"},{"taxonomy":"post_tag","embeddable":true,"href":"https:\/\/analyse.optim.biz\/index.php?rest_route=%2Fwp%2Fv2%2Ftags&post=204554"}],"curies":[{"name":"wp","href":"https:\/\/api.w.org\/{rel}","templated":true}]}}