{"id":2045110,"date":"2026-07-14T18:20:03","date_gmt":"2026-07-14T15:20:03","guid":{"rendered":"https:\/\/analyse.optim.biz\/?p=2045110"},"modified":"2026-07-14T18:20:03","modified_gmt":"2026-07-14T15:20:03","slug":"apa-oprita-sau-presiune-scazuta-la-robinete-in-localitati-din-timis-interventiile-echipelor-aquatim","status":"publish","type":"post","link":"https:\/\/analyse.optim.biz\/?p=2045110","title":{"rendered":"Ap\u0103 oprit\u0103 sau presiune sc\u0103zut\u0103 la robinete \u00een localit\u0103\u021bi din Timi\u0219. Interven\u021biile echipelor Aquatim"},"content":{"rendered":"<p>[analyse_image type=&#8221;featured&#8221; src=&#8221;https:\/\/www.opiniatimisoarei.ro\/wp-content\/uploads\/2025\/08\/Aquatim-interventii-1-728&#215;336.jpghttps:\/\/www.opiniatimisoarei.ro\/wp-content\/uploads\/2025\/08\/Aquatim-interventii-1.jpg&#8221;]<\/p>\n<div class=\"the_content\">\n<p><strong>TIMISOARA.<\/strong> Aquatim continu\u0103 lucr\u0103rile de \u00eentre\u021binere a propriei re\u021bele de distribu\u021bie \u0219i opre\u0219te apa \u00een trei localit\u0103\u021bi, la mijlocul s\u0103pt\u0103m\u00e2nii.<\/p>\n<p><strong><span>CITE\u0218TE \u0218I:<\/span><a href=\"https:\/\/www.opiniatimisoarei.ro\/remorci-cu-panouri-led-informative-pe-drumurile-nationale-din-vestul-tarii-anuntul-drdp-timisoara\/13\/07\/2026\">Remorci cu panouri led informative pe drumurile na\u021bionale din vestul \u021b\u0103rii. Anun\u021bul DRDP Timi\u0219oara<\/a><\/strong><\/p>\n<p>Miercuri, \u00eentre orele 9-15 se \u00eentrerupe alimentarea cu ap\u0103 \u00een localit\u0103\u021bile Mo\u0219ni\u021ba Nou\u0103, Mo\u0219ni\u021ba Veche \u0219i Albina pentru lucr\u0103ri de mentenan\u021b\u0103 la gospod\u0103ria de ap\u0103 din Mo\u0219ni\u021ba Nou\u0103.<\/p>\n<p>Joi, 16 iulie 2026, \u00een intervalul orar 9-14 vor avea loc sp\u0103l\u0103ri pe re\u021beaua de ap\u0103 din localitatea Cadar, locuitorii resim\u021bind presiune sc\u0103zut\u0103 la robinete.<\/p>\n<p>Tot \u00een data de 16 iulie 2026, \u00een intervalul orar 9-14, vor avea loc lucr\u0103ri de mentenan\u021b\u0103 la forajul din localitatea Chevere\u0219u-Mare. \u00cen acest interval, presiunea apei va fi sc\u0103zut\u0103 \u00een aceast\u0103 localitate.<\/p>\n<p>De asemenea, \u00een 16 iulie 2026, \u00een localitatea Iohanisfeld se va \u00eentrerupe furnizarea apei \u00eentre orele 9-14, pentru cuplarea conductei care face leg\u0103tura \u00eentre sta\u021bia de tratare a apei \u0219i sta\u021bia de pompare care va deservi localitatea Otelec.<\/p>\n<p>La reluarea aliment\u0103rii cu ap\u0103 \u00een regim normal este posibil ca la robinete s\u0103 curg\u0103 ap\u0103 tulbure.<\/p>\n<p>Deoarece aceast\u0103 perturbare va fi de scurt\u0103 durat\u0103, Aquatim recomand\u0103 clien\u021bilor s\u0103 nu foloseasc\u0103 apa \u00een scopuri menajere, p\u00e2n\u0103 la limpezirea complet\u0103.<\/p>\n<p>***<\/p>\n<p><strong><span class=\"dia_suggestion w0\">Mai<\/span>\u00a0<span class=\"dia_suggestion w1\">multe<\/span>\u00a0<span class=\"dia_suggestion w2\">g\u0103si\u021bi<\/span>\u00a0pe\u00a0<span class=\"dia_suggestion w4\">pagina noastr<span class=\"dia_suggestion w0\">\u0103<\/span><\/span>\u00a0de\u00a0<a href=\"https:\/\/www.facebook.com\/OpiniaTM\/?ref=page_internal\" target=\"_blank\" rel=\"noopener\">Facebook opiniatimisoarei.ro<\/a>!<\/strong><\/p>\n<p><strong><span class=\"dia_suggestion w0\">Dac\u0103<\/span>\u00a0<span class=\"dia_suggestion w1\">a\u021bi<\/span>\u00a0fost martorii unui eveniment\u00a0<span class=\"dia_suggestion w6\">sau<\/span>\u00a0<span class=\"dia_suggestion w7\">ai<\/span>\u00a0unei\u00a0<span class=\"dia_suggestion w9\">situa\u021bii<\/span>\u00a0<span class=\"dia_suggestion w10\">neobi\u0219nuite<\/span>\u00a0<span class=\"dia_suggestion w11\">care<\/span>\u00a0ar\u00a0<span class=\"dia_suggestion w13\">putea<\/span>\u00a0deveni subiect de\u00a0<span class=\"dia_suggestion w17\">\u0219tire<\/span>,\u00a0<span class=\"dia_suggestion w18\">contacta\u021bi<\/span>-ne\u00a0<span class=\"dia_suggestion w20\">la<\/span>\u00a0<a href=\"https:\/\/www.opiniatimisoarei.ro\/cdn-cgi\/l\/email-protection\" class=\"__cf_email__\" data-cfemail=\"f58790919496819c90b59a859c9b9c94819c989c869a9487909cdb879a\">[email\u00a0protected]<\/a>,\u00a0 pe\u00a0<a href=\"https:\/\/www.facebook.com\/OpiniaTM\">FB<\/a>\u00a0sau pe contul nostru de\u00a0<a href=\"https:\/\/www.instagram.com\/opiniatimisoarei.ro\/\" target=\"_blank\" rel=\"noopener\">Instagram<\/a>!<\/strong><\/p>\n<p><strong><span>CITESTE SI:<\/span>\u00a0<a href=\"https:\/\/www.opiniatimisoarei.ro\/afli-primul-tot-ceea-ce-se-intampla-cu-adevarat-important-in-timisoara-si-in-regiune-cu-aplicatia-de-stiri-opinia-timisoarei-3-tipuri-de-alerte-te-tin-mereu-conectat-la-evenimente-descarca-gratuit-a\/31\/10\/2022\">Afli primul tot ceea ce se intampla cu adevarat important in Timisoara si in regiune cu Aplicatia de stiri Opinia Timisoarei. 3 tipuri de alerte te tin mereu conectat la evenimente. Descarca gratuit Aplicatia OT aici!<\/a><\/strong><\/p>\n<\/div>\n<p>[analyse_source url=&#8221;https:\/\/www.opiniatimisoarei.ro\/apa-oprita-sau-presiune-scazuta-la-robinete-in-localitati-din-timis-interventiile-echipelor-aquatim\/14\/07\/2026&#8243;]<\/p>\n","protected":false},"excerpt":{"rendered":"<p>[analyse_image type=&#8221;featured&#8221; src=&#8221;https:\/\/www.opiniatimisoarei.ro\/wp-content\/uploads\/2025\/08\/Aquatim-interventii-1-728&#215;336.jpghttps:\/\/www.opiniatimisoarei.ro\/wp-content\/uploads\/2025\/08\/Aquatim-interventii-1.jpg&#8221;] TIMISOARA. Aquatim continu\u0103 lucr\u0103rile de \u00eentre\u021binere a propriei re\u021bele de distribu\u021bie \u0219i opre\u0219te apa \u00een trei localit\u0103\u021bi, la mijlocul s\u0103pt\u0103m\u00e2nii. CITE\u0218TE \u0218I:Remorci cu panouri led informative pe drumurile na\u021bionale din vestul \u021b\u0103rii. Anun\u021bul DRDP Timi\u0219oara Miercuri, \u00eentre orele 9-15 se \u00eentrerupe alimentarea cu ap\u0103 \u00een localit\u0103\u021bile Mo\u0219ni\u021ba Nou\u0103, Mo\u0219ni\u021ba Veche \u0219i Albina [&hellip;]<\/p>\n","protected":false},"author":1,"featured_media":0,"comment_status":"open","ping_status":"","sticky":false,"template":"","format":"standard","meta":{"footnotes":""},"categories":[89],"tags":[226,190],"class_list":["post-2045110","post","type-post","status-publish","format-standard","hentry","category-romania","tag-crawlmanager","tag-opiniatimisoarei-ro"],"_links":{"self":[{"href":"https:\/\/analyse.optim.biz\/index.php?rest_route=\/wp\/v2\/posts\/2045110","targetHints":{"allow":["GET"]}}],"collection":[{"href":"https:\/\/analyse.optim.biz\/index.php?rest_route=\/wp\/v2\/posts"}],"about":[{"href":"https:\/\/analyse.optim.biz\/index.php?rest_route=\/wp\/v2\/types\/post"}],"author":[{"embeddable":true,"href":"https:\/\/analyse.optim.biz\/index.php?rest_route=\/wp\/v2\/users\/1"}],"replies":[{"embeddable":true,"href":"https:\/\/analyse.optim.biz\/index.php?rest_route=%2Fwp%2Fv2%2Fcomments&post=2045110"}],"version-history":[{"count":0,"href":"https:\/\/analyse.optim.biz\/index.php?rest_route=\/wp\/v2\/posts\/2045110\/revisions"}],"wp:attachment":[{"href":"https:\/\/analyse.optim.biz\/index.php?rest_route=%2Fwp%2Fv2%2Fmedia&parent=2045110"}],"wp:term":[{"taxonomy":"category","embeddable":true,"href":"https:\/\/analyse.optim.biz\/index.php?rest_route=%2Fwp%2Fv2%2Fcategories&post=2045110"},{"taxonomy":"post_tag","embeddable":true,"href":"https:\/\/analyse.optim.biz\/index.php?rest_route=%2Fwp%2Fv2%2Ftags&post=2045110"}],"curies":[{"name":"wp","href":"https:\/\/api.w.org\/{rel}","templated":true}]}}