{"id":2045101,"date":"2026-07-15T16:18:09","date_gmt":"2026-07-15T13:18:09","guid":{"rendered":"https:\/\/analyse.optim.biz\/?p=2045101"},"modified":"2026-07-15T16:18:09","modified_gmt":"2026-07-15T13:18:09","slug":"barbat-ranit-dupa-ce-a-fost-tarait-de-calul-sau-care-s-a-speriat-de-trasnete-stiri-suceava","status":"publish","type":"post","link":"https:\/\/analyse.optim.biz\/?p=2045101","title":{"rendered":"B\u0103rbat r\u0103nit dup\u0103 ce a fost t\u00e2r\u00e2it de calul s\u0103u, care s-a speriat de tr\u0103snete &#8211; Stiri Suceava"},"content":{"rendered":"<p>[analyse_image type=&#8221;featured&#8221; src=&#8221;https:\/\/www.informatiata.ro\/wp-content\/uploads\/2026\/07\/ambulanta-1024&#215;755.jpg&#8221;]<\/p>\n<div class=\"td-post-content tagdiv-type\">\n<div class=\"td-post-featured-image\"><a href=\"https:\/\/www.informatiata.ro\/wp-content\/uploads\/2026\/07\/ambulanta-scaled.jpg\" data-caption><img loading=\"lazy\" decoding=\"async\" width=\"696\" height=\"513\" class=\"entry-thumb td-modal-image\" src=\"https:\/\/www.informatiata.ro\/wp-content\/uploads\/2026\/07\/ambulanta-696x513.jpg\" alt title=\"ambulanta\"><img loading=\"lazy\" decoding=\"async\" width=\"696\" height=\"513\" class=\"entry-thumb td-modal-image\" src=\"https:\/\/www.informatiata.ro\/wp-content\/uploads\/2026\/07\/ambulanta-696x513.jpg\" alt title=\"ambulanta\"><\/a><\/div>\n<p>B\u0103rbat r\u0103nit dup\u0103 ce a fost t\u00e2r\u00e2it de calul s\u0103u, care s-a speriat de tr\u0103snete.<\/p>\n<p>Un b\u0103rbat \u00een v\u00e2rst\u0103 de 54 de ani, din satul Cium\u00e2rna, comuna Vatra Moldovi\u021bei, jude\u021bul Suceava, a ajuns mar\u021bi sear\u0103 la Spitalul Municipal C\u00e2mpulung Moldovenesc dup\u0103 ce a fost r\u0103nit \u00eentr-un accident petrecut \u00een propria gospod\u0103rie.<\/p>\n<div class=\"td-a-rec td-a-rec-id-content_inlineright  tdi_7 td_block_template_1\"><img loading=\"lazy\" decoding=\"async\" class=\"aligncenter size-full wp-image-65603\" src=\"https:\/\/www.informatiata.ro\/wp-content\/uploads\/2026\/07\/SAVCOM-19.gif\" alt width=\"299\" height=\"250\"><img loading=\"lazy\" decoding=\"async\" class=\"aligncenter size-full wp-image-65603\" src=\"https:\/\/www.informatiata.ro\/wp-content\/uploads\/2026\/07\/SAVCOM-19.gif\" alt width=\"299\" height=\"250\"><img loading=\"lazy\" decoding=\"async\" class=\"aligncenter size-full wp-image-65604\" src=\"https:\/\/www.informatiata.ro\/wp-content\/uploads\/2026\/07\/FACOS-16.gif\" alt width=\"300\" height=\"250\"><img loading=\"lazy\" decoding=\"async\" class=\"aligncenter size-full wp-image-65604\" src=\"https:\/\/www.informatiata.ro\/wp-content\/uploads\/2026\/07\/FACOS-16.gif\" alt width=\"300\" height=\"250\"><\/div>\n<p>Incidentul s-a produs \u00een jurul orei 17.00, \u00een timp ce b\u0103rbatul \u00eencerca s\u0103 pun\u0103 un ham pe arm\u0103sarul s\u0103u.<\/p>\n<p>Animalul s-ar fi speriat din cauza fulgerelor \u0219i a pornit \u00een galop prin curte. Piciorul st\u00e2ng al proprietarului a r\u0103mas prins \u00een ham, iar b\u0103rbatul a fost t\u00e2r\u00e2t pe o distan\u021b\u0103 scurt\u0103, p\u00e2n\u0103 c\u00e2nd a reu\u0219it s\u0103 se elibereze.<\/p>\n<p>\u00cen urma accidentului, b\u0103rbatul a suferit mai multe leziuni \u0219i a solicitat interven\u021bia unui echipaj de ambulan\u021b\u0103, fiind transportat la Spitalul Municipal C\u00e2mpulung Moldovenesc pentru \u00eengrijiri medicale.<\/p>\n<p>Ulterior, medicii au decis transferul acestuia la Spitalul Clinic Jude\u021bean de Urgen\u021b\u0103 Suceava pentru investiga\u021bii \u0219i tratament de specialitate.<\/p>\n<div class=\"td-a-rec td-a-rec-id-content_bottom  td-rec-hide-on-m tdi_8 td_block_template_1\"><img loading=\"lazy\" decoding=\"async\" class=\"aligncenter size-full wp-image-65603\" src=\"https:\/\/www.informatiata.ro\/wp-content\/uploads\/2026\/07\/SAVCOM-19.gif\" alt width=\"299\" height=\"250\"><img loading=\"lazy\" decoding=\"async\" class=\"aligncenter size-full wp-image-65603\" src=\"https:\/\/www.informatiata.ro\/wp-content\/uploads\/2026\/07\/SAVCOM-19.gif\" alt width=\"299\" height=\"250\"><img loading=\"lazy\" decoding=\"async\" class=\"aligncenter size-full wp-image-65604\" src=\"https:\/\/www.informatiata.ro\/wp-content\/uploads\/2026\/07\/FACOS-16.gif\" alt width=\"300\" height=\"250\"><img loading=\"lazy\" decoding=\"async\" class=\"aligncenter size-full wp-image-65604\" src=\"https:\/\/www.informatiata.ro\/wp-content\/uploads\/2026\/07\/FACOS-16.gif\" alt width=\"300\" height=\"250\"><\/div>\n<\/div>\n<p>[analyse_source url=&#8221;https:\/\/www.informatiata.ro\/barbat-ranit-de-cal-speriat-de-trasnete\/&#8221;]<\/p>\n","protected":false},"excerpt":{"rendered":"<p>[analyse_image type=&#8221;featured&#8221; src=&#8221;https:\/\/www.informatiata.ro\/wp-content\/uploads\/2026\/07\/ambulanta-1024&#215;755.jpg&#8221;] B\u0103rbat r\u0103nit dup\u0103 ce a fost t\u00e2r\u00e2it de calul s\u0103u, care s-a speriat de tr\u0103snete. Un b\u0103rbat \u00een v\u00e2rst\u0103 de 54 de ani, din satul Cium\u00e2rna, comuna Vatra Moldovi\u021bei, jude\u021bul Suceava, a ajuns mar\u021bi sear\u0103 la Spitalul Municipal C\u00e2mpulung Moldovenesc dup\u0103 ce a fost r\u0103nit \u00eentr-un accident petrecut \u00een propria gospod\u0103rie. Incidentul [&hellip;]<\/p>\n","protected":false},"author":1,"featured_media":0,"comment_status":"open","ping_status":"","sticky":false,"template":"","format":"standard","meta":{"footnotes":""},"categories":[89],"tags":[226,167],"class_list":["post-2045101","post","type-post","status-publish","format-standard","hentry","category-romania","tag-crawlmanager","tag-informatiata-ro"],"_links":{"self":[{"href":"https:\/\/analyse.optim.biz\/index.php?rest_route=\/wp\/v2\/posts\/2045101","targetHints":{"allow":["GET"]}}],"collection":[{"href":"https:\/\/analyse.optim.biz\/index.php?rest_route=\/wp\/v2\/posts"}],"about":[{"href":"https:\/\/analyse.optim.biz\/index.php?rest_route=\/wp\/v2\/types\/post"}],"author":[{"embeddable":true,"href":"https:\/\/analyse.optim.biz\/index.php?rest_route=\/wp\/v2\/users\/1"}],"replies":[{"embeddable":true,"href":"https:\/\/analyse.optim.biz\/index.php?rest_route=%2Fwp%2Fv2%2Fcomments&post=2045101"}],"version-history":[{"count":0,"href":"https:\/\/analyse.optim.biz\/index.php?rest_route=\/wp\/v2\/posts\/2045101\/revisions"}],"wp:attachment":[{"href":"https:\/\/analyse.optim.biz\/index.php?rest_route=%2Fwp%2Fv2%2Fmedia&parent=2045101"}],"wp:term":[{"taxonomy":"category","embeddable":true,"href":"https:\/\/analyse.optim.biz\/index.php?rest_route=%2Fwp%2Fv2%2Fcategories&post=2045101"},{"taxonomy":"post_tag","embeddable":true,"href":"https:\/\/analyse.optim.biz\/index.php?rest_route=%2Fwp%2Fv2%2Ftags&post=2045101"}],"curies":[{"name":"wp","href":"https:\/\/api.w.org\/{rel}","templated":true}]}}