{"id":2045099,"date":"2026-07-15T17:57:25","date_gmt":"2026-07-15T14:57:25","guid":{"rendered":"https:\/\/analyse.optim.biz\/?p=2045099"},"modified":"2026-07-15T17:57:25","modified_gmt":"2026-07-15T14:57:25","slug":"deznationala-frantei-a-invins-franta","status":"publish","type":"post","link":"https:\/\/analyse.optim.biz\/?p=2045099","title":{"rendered":"Dezna\u021bionala Fran\u021bei a \u00eenvins Fran\u021ba \u00a0\u00a0"},"content":{"rendered":"<p>[analyse_image type=&#8221;featured&#8221; src=&#8221;https:\/\/r3media.ro\/wp-content\/uploads\/2026\/07\/echipa-nationala-a-frantei-e1784138236128.jpghttps:\/\/r3media.ro\/wp-content\/uploads\/2026\/07\/echipa-nationala-a-frantei-e1784138236128.jpg&#8221;]<\/p>\n<article id=\"template-id-109\" class=\"post-109 tdb_templates type-tdb_templates status-publish post\">\n<div id=\"tdi_2\" class=\"tdc-zone\">\n<div class=\"tdc_zone tdi_3  wpb_row td-pb-row\">\n<div id=\"tdi_4\" class=\"tdc-row\">\n<div class=\"vc_row tdi_5  wpb_row td-pb-row\">\n<div class=\"vc_column tdi_7  wpb_column vc_column_container tdc-column td-pb-span8\">\n<div class=\"wpb_wrapper\">\n<div class=\"td_block_wrap tdb_breadcrumbs tdi_8 td-pb-border-top td_block_template_1 tdb-breadcrumbs \" data-td-block-uid=\"tdi_8\">\n<div class=\"tdb-block-inner td-fix-index\"><span><a title=\"Vede\u021bi toate articolele \u00een SPORT\" class=\"tdb-entry-crumb\" href=\"https:\/\/r3media.ro\/category\/sport\/\">SPORT<\/a><\/span><span><a title=\"Vede\u021bi toate articolele \u00een CUPA MONDIALA 2026 AMERICA\" class=\"tdb-entry-crumb\" href=\"https:\/\/r3media.ro\/category\/sport\/cupa-mondiala-2026\/\">CUPA MONDIALA 2026 AMERICA<\/a><\/span><span class=\"tdb-bred-no-url-last\">Dezna\u021bionala Fran\u021bei a \u00eenvins Fran\u021ba \u00a0\u00a0<\/span><\/div>\n<\/div>\n<div class=\"td_block_wrap tdb_single_categories tdi_9 td-pb-border-top td_block_template_1 \" data-td-block-uid=\"tdi_9\">\n<div class=\"tdb-category td-fix-index\"><a class=\"tdb-entry-category\" href=\"https:\/\/r3media.ro\/category\/featured\/\">FEATURED<\/a><a class=\"tdb-entry-category\" href=\"https:\/\/r3media.ro\/category\/opinii\/\">OPINII<\/a><a class=\"tdb-entry-category\" href=\"https:\/\/r3media.ro\/category\/sport\/\">SPORT<\/a><a class=\"tdb-entry-category\" href=\"https:\/\/r3media.ro\/category\/sport\/cupa-mondiala-2026\/\">CUPA MONDIALA 2026 AMERICA<\/a><a class=\"tdb-entry-category\" href=\"https:\/\/r3media.ro\/category\/stiri\/\">\u0218TIRI<\/a><\/div>\n<\/div>\n<div class=\"td_block_wrap tdb_title tdi_10 tdb-single-title td-pb-border-top td_block_template_1\" data-td-block-uid=\"tdi_10\">\n<div class=\"tdb-block-inner td-fix-index\">\n<h1 class=\"tdb-title-text\">Dezna\u021bionala Fran\u021bei a \u00eenvins Fran\u021ba \u00a0\u00a0<\/h1>\n<\/div>\n<\/div>\n<div class=\"vc_row_inner tdi_12  vc_row vc_inner wpb_row td-pb-row\">\n<div class=\"vc_column_inner tdi_14  wpb_column vc_column_container tdc-inner-column td-pb-span12\">\n<div class=\"vc_column-inner\">\n<div class=\"wpb_wrapper\">\n<div class=\"td_block_wrap tdb_single_author tdi_15 td-pb-border-top td_block_template_1 tdb-post-meta\" data-td-block-uid=\"tdi_15\">\n<div class=\"tdb-block-inner td-fix-index\">\n<div class=\"tdb-author-name-wrap\"><a class=\"tdb-author-name\" href=\"https:\/\/r3media.ro\/author\/tru\/\">TRU (Traian Ungureanu)<\/a><\/div>\n<\/div>\n<\/div>\n<div class=\"td_block_wrap tdb_single_date tdi_16 td-pb-border-top td_block_template_1 tdb-post-meta\" data-td-block-uid=\"tdi_16\">\n<div class=\"tdb-block-inner td-fix-index\"><time class=\"entry-date updated td-module-date\" datetime=\"2026-07-15T20:57:25+03:00\">15\/07\/2026<\/time><\/div>\n<\/div>\n<\/div>\n<\/div>\n<\/div>\n<\/div>\n<div class=\"td_block_wrap tdb_single_featured_image tdi_17 tdb-content-horiz-left td-pb-border-top td_block_template_1\" data-td-block-uid=\"tdi_17\">\n<div class=\"tdb-block-inner td-fix-index\">\n<figure><figcaption class=\"tdb-caption-text\">France&#8217;s players pose for a team photograph before the international friendly football match between France and Ivory Coast ahead of the 2026 FIFA World Cup football tournament at the Stade de la Beaujoire in Nantes, western France, on June 4, 2026. (Photo by Loic VENANCE \/ AFP via Getty Images)<\/figcaption><\/figure>\n<\/div>\n<\/div>\n<div class=\"td_block_wrap tdb_single_content tdi_18 td-pb-border-top td_block_template_1 td-post-content tagdiv-type\" data-td-block-uid=\"tdi_18\">\n<div class=\"tdb-block-inner td-fix-index\">\n<p><strong>E simplu, de\u0219i nu e voie s-o spui. Comentariile \u0219ocate ale celor ce v\u0103d \u00een Na\u021bionala Fran\u021bei ceva aberant s\u00eent fire\u0219ti. Ele nu s-au n\u0103scut din urm\u0103, din rasism sau din dorin\u021ba l\u0103udabil\u0103 de a da material de autopromovare min\u021bilor superioare.<\/strong><\/p>\n<p>Pur \u0219i simplu, comentariile referitoare la africanitatea na\u021bionalei Fran\u021bei pleac\u0103 de la o realitate vizibil\u0103. Mai mult: \u0219ocant\u0103. \u0218i anume: 9 din 11 juc\u0103tori s\u00eent africani. De ce deranjeaz\u0103 asta? Dintr-un motiv la fel de simplu: substituirea. Fizic\u0103, numeric\u0103 \u0219i cultural\u0103. Nu a Na\u021bionalei ci a Na\u021biunii.<\/p>\n<p>\u00cen 1998, c\u00eend c\u00ee\u0219tiga primul ei titlul mondial, Fran\u021ba juca finala cu 4 africani \u00een teren. E voie s\u0103 not\u0103m diferen\u021ba? \u00a0Din pur\u0103 mirare. Ceva s-a schimbat \u00een fotbalul \u0219i \u00een societatea francez\u0103, nu? Am\u00eendou\u0103 au fost capturate\u00a0 de migra\u021bie. Realitatea e incontestabil\u0103 dar r\u0103m\u00eene oficial necomentabil\u0103. Orice remarc\u0103 pe tema africaniz\u0103rii sau arabiz\u0103rii e reperat\u0103 rapid \u0219i dobor\u00eet\u0103 sub acuza\u021bia de \u00a0ur\u0103, rasism sau ignoran\u021b\u0103.<\/p>\n<p>Dup\u0103 p\u0103rerea lui Ionu\u021b Iordache, care <a href=\"https:\/\/www.gsp.ro\/opinii\/editorial-ionut-iordache-cine-este-cu-adevarat-francez-960474.html\" target=\"_blank\" rel=\"noopener\">scrie<\/a> \u00een Gazeta Sporturilor sprijinit de J.S.Mill \u0219i K. Popper(filozofi ce n-au apucat s\u0103 fie da\u021bi afar\u0103 pentru \u201edecolonizarea\u201d lumii academice) lucrurile stau clar: cine e \u0219ocat de ce vede cu ochii lui e prizonierul opticii rasiste. \u00cen cazul de fa\u021b\u0103, \u201ebolnavul\u201d e Radu Banciu care a \u00eendr\u0103znit <a href=\"https:\/\/www.youtube.com\/watch?v=EhvrU_-F7EY&amp;t=2355s\" target=\"_blank\" rel=\"noopener\">s\u0103 se mire<\/a> pe larg c\u0103 Fran\u021ba e prezentat\u0103 aproape 100% de fotbali\u0219ti de origine african\u0103. Concluzia: Banciu ur\u0103\u0219te.<\/p>\n<p>Linia de argumentare urmat\u0103 de Ionu\u021b Iordache \u0219i de corul\u00a0 anti-rasi\u0219tilor nu are argumente. Ea e, de fapt, o poz\u0103 care se pune singur\u0103 \u00een ram\u0103. Un fel de a te premia \u0219i de a atrage, din jur, premii pentru virtute. Doping moral pur.<\/p>\n<p>Oameni ca Banciu (sau ca subsemnatul) nu au nici o p\u0103rere despre africani. Dar au o p\u0103rere despre politica statelor europene care se leap\u0103d\u0103 febril de propria cultur\u0103 \u0219i \u00eencurajeaz\u0103 f\u0103r\u0103 jen\u0103 \u0219i re\u021bineri migra\u021bia unor popula\u021bii care nu au nici o leg\u0103tur\u0103 cu sau s\u00eent ostile culturilor-gazd\u0103. Chiar dac\u0103 Ionu\u021b Iordache \u0219i camarazii au la dispozi\u021bie megafoanele care le multiplic\u0103 volumul, majoritatea europenilor cred cu totul \u0219i cu totul altceva.<\/p>\n<p>Majoritatea europenilor v\u0103d c\u0103 li se \u00eent\u00eempl\u0103 ceva nefiresc \u0219i c\u0103 guvernele lor dizolv\u0103 grani\u021bele \u0219i import\u0103 migran\u021bi f\u0103r\u0103 s\u0103 fi \u00eentrebat pe cineva. Nimeni n-a cerut \u00eenlocuirea popula\u021biei locale \u0219i nimeni n-a votat abolirea frontierelor dar, \u00een democra\u021bia lor inflexibil\u0103, guvernele \u021b\u0103rilor vest-europene nu dau doi bani pe opinia celor ce i-au ales.<\/p>\n<p>Ionu\u021b Iordache \u0219i abona\u021bii la anti-rasism s\u00eent noroco\u0219i c\u0103 nu tr\u0103iesc \u00eentr-o \u021bar\u0103 \u0219i \u00eentr-un un ora\u0219 \u00eenc\u0103pute pe migran\u021bilor. S\u0103 sper\u0103m c\u0103 nici copiii lor nu vor avea acest privilegiu.<\/p>\n<p>Problema at\u00eet de vizibil\u0103 la Na\u021bionala Fran\u021bei e mult mai important\u0103 dec\u00eet crede sau \u00een\u021belege Ionu\u021b Iordache. \u0218i tocmai asta \u00eel face s\u0103 rateze argumente decente, \u00een timp ce \u00eel ajut\u0103 s\u0103 se aga\u021be de citate \u0219i trimiteri mecanice. A\u0219a de pild\u0103, ideea dup\u0103 care Upamecano \u0219i colegii africani s\u00eent francezi e evident fals\u0103. Domnii \u00een cauz\u0103 s\u00eent africani. Nu e o ru\u0219ine, E o realitate. Dar urma\u0219ii lor vor fi, cu siguran\u021b\u0103, francezi. Inevitabil. Istoria popoarelor \u0219i a \u00a0na\u021biunilor e plin\u0103 de asemenea transform\u0103ri.<\/p>\n<p>La un moment dat, prin num\u0103r, vechime sau putere, str\u0103inii devin b\u0103\u0219tina\u0219i. Problema nu e asta. Problema e c\u0103 urma\u0219ii lui Upamecano vor schimba Fran\u021ba \u0219i vor face altceva din ce \u00eenseamn\u0103 a fi francez.<\/p>\n<p>\u00centr-un viitor prea apropiat, a fi francez va fi altceva dec\u00eet \u00eensemna a fi francez pe vremea c\u00eend francezii erau n\u0103scu\u021bi din francezi n\u0103scu\u021bi \u00een Fran\u021ba.<\/p>\n<p>Problema Europei de Vest \u0219i, \u00een cur\u00eend, a Europei de Est (\u00eencep\u00eend cu Ucraina care d\u0103 <a href=\"https:\/\/www.kyivpost.com\/post\/79042\" target=\"_blank\" rel=\"noopener\">semne<\/a> c\u0103 va importa migran\u021bi pentru a acoperi golul provocat de r\u0103zboi) nu e apari\u021bia str\u0103inilor. Problema e c\u0103, \u00een condi\u021biile \u00een care str\u0103inii vin din culturi complet diferite \u0219i uneori adverse \u0219i \u00een m\u0103sura \u00een care orice discu\u021bie pe tema migra\u021biei e interzis\u0103, moara istoriei va lucra altfel.<\/p>\n<p>Str\u0103inii nu vor mai fi asimila\u021bi ci vor asimila. Nu vom deveni africani dar vom \u00eenceta s\u0103 fim ce s\u00eentem de sute \u0219i sute de ani.<\/p>\n<p>De aici, nelini\u0219tea at\u00eetor europeni. Chiar dac\u0103 s\u00eent dispre\u021bui\u021bi sau calomnia\u021bi de oameni ca Ionu\u021b Iordache, europenii \u00een\u0219ira\u021bi de la Dublin la Sofia s\u00eent o majoritate amu\u021bit\u0103 dar uria\u0219\u0103. Ei simt c\u0103 lumea lor \u0219i a p\u0103rin\u021bilor lor se clatin\u0103 \u0219i \u0219tiu c\u0103 o cast\u0103 de fanatici le face cel mai mare r\u0103u cu putin\u021b\u0103, \u00een timp ce se sustrage consecin\u021belor.<\/p>\n<p>C\u0103ci oamenii de r\u00eend, \u0219i nu altcineva, vor fi sili\u021bi s\u0103 tr\u0103iasc\u0103 printre migran\u021bi, s\u0103 \u00ee\u0219i piard\u0103 cartierele, siguran\u021ba, obiceiurile \u0219i limba. St\u0103p\u00eenii care au provocat catastrofa vor tr\u0103i separat, \u00een comunit\u0103\u021bi bine p\u0103zite, \u00een splendoarea summit-urilor, \u00een confortul seminariilor sau la ad\u0103postul superiorit\u0103\u021bii morale. Ca Ionu\u021b Iordache.<\/p>\n<p>\u00centr-o discu\u021bie purtat\u0103 spre sf\u00eer\u0219itul vie\u021bii, marele antropolog francez Claude Levi-Strauss, un om cu convingeri de st\u00e2nga, avertiza asupra iresponsabilit\u0103\u021bii etno-culturale. Nu pune\u021bi \u00een contact culturi incompatibile!<\/p>\n<p>Asta e tot \u0219i asta conteaz\u0103.<\/p>\n<p>\u00cen rest, dac\u0103 Dezna\u021bionala Fran\u021bei va mai c\u00ee\u0219tiga sau nu Cupa Mondial\u0103, n-are importan\u021b\u0103. Victoria ei asupra Fran\u021bei e, deja, asigurat\u0103.<\/p>\n<div class=\"crp_related     crp-masonry\">\n<h2>\u00ceN CONTEXT<\/h2>\n<ul>\n<li><a href=\"https:\/\/r3media.ro\/fara-tine-in-google-r3media-dispare-iata-ce-poti-face-in-10-secunde\/\" class=\"crp_link post-119031\"><span class=\"crp_title\">F\u0103r\u0103 tine \u00een Google, R3media dispare. Iat\u0103 ce po\u021bi face \u00een 10 secunde<\/span><\/a><\/li>\n<li><a href=\"https:\/\/r3media.ro\/cine-este-cu-adevarat-francez\/\" class=\"crp_link post-119942\"><span class=\"crp_title\">Cine este cu adev\u0103rat francez?<\/span><\/a><\/li>\n<li><a href=\"https:\/\/r3media.ro\/brigitte-macron-trecuta-barbat-site-fiscal-franta-nume-sotie-emmanuel-macron-jean-michel\/\" class=\"crp_link post-113792\"><span class=\"crp_title\">Brigitte Macron a fost trecut\u0103 ca b\u0103rbat pe site-ul Fiscal al Fran\u021bei: So\u021bia lui Emmanuel\u2026<\/span><\/a><\/li>\n<li><a href=\"https:\/\/r3media.ro\/14-iulie-ziua-nationala-a-frantei\/\" class=\"crp_link post-50509\"><span class=\"crp_title\">Calendarul zilei 14 iulie: Ziua Na\u021bional\u0103 a Fran\u021bei<\/span><\/a><\/li>\n<li><a href=\"https:\/\/r3media.ro\/fictiunea-woke-1\/\" class=\"crp_link post-115465\"><span class=\"crp_title\">Fic\u021biunea woke (1)<\/span><\/a><\/li>\n<li><a href=\"https:\/\/r3media.ro\/fictiunea-woke-2\/\" class=\"crp_link post-115545\"><span class=\"crp_title\">Fic\u021biunea woke (2)<\/span><\/a><\/li>\n<li><a href=\"https:\/\/r3media.ro\/schimbare-climatica\/\" class=\"crp_link post-113122\"><span class=\"crp_title\">Schimbare climatic\u0103<\/span><\/a><\/li>\n<li><a href=\"https:\/\/r3media.ro\/elena-lasconi-franta-implicare-anulare-alegerilor-prezidentiale-2024-nicusor-dan-strain-subversiv-oana-eftimie\/\" class=\"crp_link post-114390\"><span class=\"crp_title\">VIDEO | Elena Lasconi \u00eencepe s\u0103 ciripeasc\u0103: Pot s\u0103 cred c\u0103 Fran\u021ba a intervenit \u00een anularea\u2026<\/span><\/a><\/li>\n<\/ul>\n<\/div>\n<\/div>\n<\/div>\n<div class=\"td_block_wrap tdb_single_tags tdi_19 td-pb-border-top td_block_template_1\" data-td-block-uid=\"tdi_19\">\n<div class=\"tdb-block-inner td-fix-index\">\n<ul class=\"tdb-tags\">\n<li><span>SUBIECTE FIERBIN\u021aI<\/span><\/li>\n<li><a href=\"https:\/\/r3media.ro\/tag\/cultura-woke\/\">cultura woke<\/a><\/li>\n<li><a href=\"https:\/\/r3media.ro\/tag\/franta\/\">franta<\/a><\/li>\n<li><a href=\"https:\/\/r3media.ro\/tag\/migranti-europa\/\">migranti europa<\/a><\/li>\n<li><a href=\"https:\/\/r3media.ro\/tag\/traian-ungureanu-tru\/\">traian ungureanu (TRU)<\/a><\/li>\n<\/ul>\n<\/div>\n<\/div>\n<div class=\"td_block_wrap td_block_9 tdi_20 td_with_ajax_pagination td-pb-border-top td_block_template_1 td-column-2 td_block_padding td_block_bot_line\" data-td-block-uid=\"tdi_20\">\n<div class=\"td-block-title-wrap\">\n<h4 class=\"block-title td-block-title\"><span class=\"td-pulldown-size\">CITE\u0218TE MAI MULT<\/span><\/h4>\n<\/div>\n<div id=\"tdi_20\" class=\"td_block_inner\">\n<div class=\"td-block-row\">\n<div class=\"td-block-span6\">\n<div class=\"td_module_8 td_module_wrap\">\n<div class=\"item-details\">\n<h3 class=\"entry-title td-module-title\"><a href=\"https:\/\/r3media.ro\/ioan-aurel-pop-lege-vexler-razboi-istoria\/\" rel=\"bookmark\" title=\"Ioan-Aurel Pop critic\u0103 legea Vexler \u00eentr-un articol de neratat: Nu putem s\u0103 ducem un r\u0103zboi cu istoria\">Ioan-Aurel Pop critic\u0103 legea Vexler \u00eentr-un articol de neratat: Nu putem s\u0103 ducem un&#8230;<\/a><\/h3>\n<div class=\"td-module-meta-info\"><a href=\"https:\/\/r3media.ro\/category\/actualitate\/\" class=\"td-post-category\">ACTUALITATE<\/a><span class=\"td-post-author-name\"><a href=\"https:\/\/r3media.ro\/author\/radu_ursan\/\">Radu Ursan<\/a><span>&#8211;<\/span><\/span><span class=\"td-post-date\"><time class=\"entry-date updated td-module-date\" datetime=\"2026-07-12T21:42:54+03:00\">12\/07\/2026<\/time><\/span><\/div>\n<\/div>\n<\/div>\n<\/div>\n<div class=\"td-block-span6\">\n<div class=\"td_module_8 td_module_wrap\">\n<div class=\"item-details\">\n<h3 class=\"entry-title td-module-title\"><a href=\"https:\/\/r3media.ro\/scandalul-rachetelor-patriot-zguduie-polonia-varsovia-declasifica-tot-ajutorul-militar-acordat-ucrainei\/\" rel=\"bookmark\" title=\"Scandalul rachetelor Patriot zguduie Polonia: Var\u0219ovia declasific\u0103 tot ajutorul militar acordat Ucrainei\">Scandalul rachetelor Patriot zguduie Polonia: Var\u0219ovia declasific\u0103 tot ajutorul militar acordat Ucrainei<\/a><\/h3>\n<div class=\"td-module-meta-info\"><a href=\"https:\/\/r3media.ro\/category\/stiri\/\" class=\"td-post-category\">\u0218TIRI<\/a><span class=\"td-post-author-name\"><a href=\"https:\/\/r3media.ro\/author\/radu_ursan\/\">Radu Ursan<\/a><span>&#8211;<\/span><\/span><span class=\"td-post-date\"><time class=\"entry-date updated td-module-date\" datetime=\"2026-07-12T20:43:04+03:00\">12\/07\/2026<\/time><\/span><\/div>\n<\/div>\n<\/div>\n<\/div>\n<\/div>\n<div class=\"td-block-row\">\n<div class=\"td-block-span6\">\n<div class=\"td_module_8 td_module_wrap\">\n<div class=\"item-details\">\n<h3 class=\"entry-title td-module-title\"><a href=\"https:\/\/r3media.ro\/ce-ne-facem-cu-atatia-prosti\/\" rel=\"bookmark\" title=\"Ce ne facem cu at\u00e2\u021bia pro\u0219ti?\">Ce ne facem cu at\u00e2\u021bia pro\u0219ti?<\/a><\/h3>\n<div class=\"td-module-meta-info\"><a href=\"https:\/\/r3media.ro\/category\/opinii\/\" class=\"td-post-category\">OPINII<\/a><span class=\"td-post-author-name\"><a href=\"https:\/\/r3media.ro\/author\/alexandru_racu\/\">Alexandru Racu<\/a><span>&#8211;<\/span><\/span><span class=\"td-post-date\"><time class=\"entry-date updated td-module-date\" datetime=\"2026-07-12T14:11:45+03:00\">12\/07\/2026<\/time><\/span><\/div>\n<\/div>\n<\/div>\n<\/div>\n<div class=\"td-block-span6\">\n<div class=\"td_module_8 td_module_wrap\">\n<div class=\"item-details\">\n<h3 class=\"entry-title td-module-title\"><a href=\"https:\/\/r3media.ro\/guvernul-sanchez-demoleaza-monumentul-de-la-majadahonda-ion-mota-vasile-marin-lupta-rzaboiul-civil-spaniol-comunisti\/\" rel=\"bookmark\" title=\"Guvernul Sanchez demoleaz\u0103 Monumentul de la Majadahonda, dedicat lui Ion Mo\u021ba \u0219i Vasile Marin, rom\u00e2nii care au luptat \u00eempotriva comuni\u0219tilor \u00een R\u0103zboiul Civil Spaniol\">Guvernul Sanchez demoleaz\u0103 Monumentul de la Majadahonda, dedicat lui Ion Mo\u021ba \u0219i Vasile Marin,&#8230;<\/a><\/h3>\n<div class=\"td-module-meta-info\"><a href=\"https:\/\/r3media.ro\/category\/actualitate\/\" class=\"td-post-category\">ACTUALITATE<\/a><span class=\"td-post-author-name\"><a href=\"https:\/\/r3media.ro\/author\/oana\/\">Oana Ivan<\/a><span>&#8211;<\/span><\/span><span class=\"td-post-date\"><time class=\"entry-date updated td-module-date\" datetime=\"2026-07-12T01:11:49+03:00\">12\/07\/2026<\/time><\/span><\/div>\n<\/div>\n<\/div>\n<\/div>\n<\/div>\n<div class=\"td-block-row\">\n<div class=\"td-block-span6\">\n<div class=\"td_module_8 td_module_wrap\">\n<div class=\"item-details\">\n<h3 class=\"entry-title td-module-title\"><a href=\"https:\/\/r3media.ro\/sofer-surpriza-neplacuta-benzinarie-austria-oprit-apa-portbagaj\/\" rel=\"bookmark\" title=\"Un \u0219ofer a avut parte de o surpriz\u0103 nepl\u0103cut\u0103 la benzin\u0103rie dup\u0103 ce a oprit un minut \u0219i 28 de secunde pentru a scoate o sticl\u0103 de ap\u0103 din portbagaj\">Un \u0219ofer a avut parte de o surpriz\u0103 nepl\u0103cut\u0103 la benzin\u0103rie dup\u0103 ce a&#8230;<\/a><\/h3>\n<div class=\"td-module-meta-info\"><a href=\"https:\/\/r3media.ro\/category\/actualitate\/\" class=\"td-post-category\">ACTUALITATE<\/a><span class=\"td-post-author-name\"><a href=\"https:\/\/r3media.ro\/author\/oana\/\">Oana Ivan<\/a><span>&#8211;<\/span><\/span><span class=\"td-post-date\"><time class=\"entry-date updated td-module-date\" datetime=\"2026-07-11T13:00:01+03:00\">11\/07\/2026<\/time><\/span><\/div>\n<\/div>\n<\/div>\n<\/div>\n<div class=\"td-block-span6\">\n<div class=\"td_module_8 td_module_wrap\">\n<div class=\"item-details\">\n<h3 class=\"entry-title td-module-title\"><a href=\"https:\/\/r3media.ro\/o-femeie-mentalitate-femei-moderne-printese-disney\/\" rel=\"bookmark\" title=\"VIDEO | O femeie critic\u0103 mentalitatea femeii moderne care distruge rela\u021bia cu b\u0103rbatul s\u0103u: Suntem crescute \u00een ideea de prin\u021bese, dar nu suntem la Disney\">VIDEO | O femeie critic\u0103 mentalitatea femeii moderne care distruge rela\u021bia cu b\u0103rbatul s\u0103u:&#8230;<\/a><\/h3>\n<div class=\"td-module-meta-info\"><a href=\"https:\/\/r3media.ro\/category\/actualitate\/\" class=\"td-post-category\">ACTUALITATE<\/a><span class=\"td-post-author-name\"><a href=\"https:\/\/r3media.ro\/author\/teodor_stan\/\">Teodor Stan<\/a><span>&#8211;<\/span><\/span><span class=\"td-post-date\"><time class=\"entry-date updated td-module-date\" datetime=\"2026-07-10T12:47:58+03:00\">10\/07\/2026<\/time><\/span><\/div>\n<\/div>\n<\/div>\n<\/div>\n<\/div>\n<div class=\"td-block-row\">\n<div class=\"td-block-span6\">\n<div class=\"td_module_8 td_module_wrap\">\n<div class=\"item-details\">\n<h3 class=\"entry-title td-module-title\"><a href=\"https:\/\/r3media.ro\/cutremur-5-5-grade-scara-richter-resimtit-cehia-slovacia\/\" rel=\"bookmark\" title=\"Cutremur de 5.5 grade pe scara Richter. S-a resim\u021bit \u00een Cehia \u0219i Slovacia\">Cutremur de 5.5 grade pe scara Richter. S-a resim\u021bit \u00een Cehia \u0219i Slovacia<\/a><\/h3>\n<div class=\"td-module-meta-info\"><a href=\"https:\/\/r3media.ro\/category\/actualitate\/\" class=\"td-post-category\">ACTUALITATE<\/a><span class=\"td-post-author-name\"><a href=\"https:\/\/r3media.ro\/author\/oana\/\">Oana Ivan<\/a><span>&#8211;<\/span><\/span><span class=\"td-post-date\"><time class=\"entry-date updated td-module-date\" datetime=\"2026-07-09T20:48:24+03:00\">09\/07\/2026<\/time><\/span><\/div>\n<\/div>\n<\/div>\n<\/div>\n<div class=\"td-block-span6\">\n<div class=\"td_module_8 td_module_wrap\">\n<div class=\"item-details\">\n<h3 class=\"entry-title td-module-title\"><a href=\"https:\/\/r3media.ro\/presedintele-croatiei-interesele-poporului-ursula-von-der-leyen\/\" rel=\"bookmark\" title=\"Pre\u0219edintele Croa\u021biei spune c\u0103 este obligat s\u0103 apere interesele poporului s\u0103u, \u201enu s\u0103 urmez orbe\u0219te trenduri sau s\u0103 repet ca un papagal frazele care \u00eei plac Ursulei von der Leyen\u201d\">Pre\u0219edintele Croa\u021biei spune c\u0103 este obligat s\u0103 apere interesele poporului s\u0103u, \u201enu s\u0103 urmez&#8230;<\/a><\/h3>\n<div class=\"td-module-meta-info\"><a href=\"https:\/\/r3media.ro\/category\/actualitate\/\" class=\"td-post-category\">ACTUALITATE<\/a><span class=\"td-post-author-name\"><a href=\"https:\/\/r3media.ro\/author\/radu_ursan\/\">Radu Ursan<\/a><span>&#8211;<\/span><\/span><span class=\"td-post-date\"><time class=\"entry-date updated td-module-date\" datetime=\"2026-07-08T22:42:08+03:00\">08\/07\/2026<\/time><\/span><\/div>\n<\/div>\n<\/div>\n<\/div>\n<\/div>\n<div class=\"td-block-row\">\n<div class=\"td-block-span6\">\n<div class=\"td_module_8 td_module_wrap\">\n<div class=\"item-details\">\n<h3 class=\"entry-title td-module-title\"><a href=\"https:\/\/r3media.ro\/femeie-cumparat-automobil-electric-mana-a-doua-surpriza-plecat-masina\/\" rel=\"bookmark\" title=\"O femeie care \u0219i-a achizi\u021bionat un automobil electric la m\u00e2na a doua a avut parte de o surpriz\u0103 imediat dup\u0103 ce a plecat cu ma\u0219ina\">O femeie care \u0219i-a achizi\u021bionat un automobil electric la m\u00e2na a doua a avut&#8230;<\/a><\/h3>\n<div class=\"td-module-meta-info\"><a href=\"https:\/\/r3media.ro\/category\/actualitate\/\" class=\"td-post-category\">ACTUALITATE<\/a><span class=\"td-post-author-name\"><a href=\"https:\/\/r3media.ro\/author\/oana\/\">Oana Ivan<\/a><span>&#8211;<\/span><\/span><span class=\"td-post-date\"><time class=\"entry-date updated td-module-date\" datetime=\"2026-07-08T19:56:23+03:00\">08\/07\/2026<\/time><\/span><\/div>\n<\/div>\n<\/div>\n<\/div>\n<div class=\"td-block-span6\">\n<div class=\"td_module_8 td_module_wrap\">\n<div class=\"item-details\">\n<h3 class=\"entry-title td-module-title\"><a href=\"https:\/\/r3media.ro\/lectii-de-inapoiere\/\" rel=\"bookmark\" title=\"Lec\u021bii de \u00eenapoiere\">Lec\u021bii de \u00eenapoiere<\/a><\/h3>\n<div class=\"td-module-meta-info\"><a href=\"https:\/\/r3media.ro\/category\/opinii\/\" class=\"td-post-category\">OPINII<\/a><span class=\"td-post-author-name\"><a href=\"https:\/\/r3media.ro\/author\/tru\/\">TRU (Traian Ungureanu)<\/a><span>&#8211;<\/span><\/span><span class=\"td-post-date\"><time class=\"entry-date updated td-module-date\" datetime=\"2026-07-07T14:50:09+03:00\">07\/07\/2026<\/time><\/span><\/div>\n<\/div>\n<\/div>\n<\/div>\n<\/div>\n<div class=\"td-block-row\">\n<div class=\"td-block-span6\">\n<div class=\"td_module_8 td_module_wrap\">\n<div class=\"item-details\">\n<h3 class=\"entry-title td-module-title\"><a href=\"https:\/\/r3media.ro\/dreptate-pentru-memoria-lui-mircea-vulcanescu\/\" rel=\"bookmark\" title=\"Dreptate pentru memoria lui Mircea Vulc\u0103nescu\">Dreptate pentru memoria lui Mircea Vulc\u0103nescu<\/a><\/h3>\n<div class=\"td-module-meta-info\"><a href=\"https:\/\/r3media.ro\/category\/opinii\/\" class=\"td-post-category\">OPINII<\/a><span class=\"td-post-author-name\"><a href=\"https:\/\/r3media.ro\/author\/bogdan-munteanu\/\">Bogdan Munteanu<\/a><span>&#8211;<\/span><\/span><span class=\"td-post-date\"><time class=\"entry-date updated td-module-date\" datetime=\"2026-07-03T15:27:06+03:00\">03\/07\/2026<\/time><\/span><\/div>\n<\/div>\n<\/div>\n<\/div>\n<div class=\"td-block-span6\">\n<div class=\"td_module_8 td_module_wrap\">\n<div class=\"item-details\">\n<h3 class=\"entry-title td-module-title\"><a href=\"https:\/\/r3media.ro\/un-baietel-de-10-ani-are-nevoie-urgent-de-930-000-de-euro-pentru-a-trai-apelul-parintelui-alexandru-lungu\/\" rel=\"bookmark\" title=\"Un b\u0103ie\u021bel de 10 ani are nevoie URGENT de 930.000 de euro pentru a tr\u0103i. Apelul p\u0103rintelui Alexandru Lungu\">Un b\u0103ie\u021bel de 10 ani are nevoie URGENT de 930.000 de euro pentru a&#8230;<\/a><\/h3>\n<div class=\"td-module-meta-info\"><a href=\"https:\/\/r3media.ro\/category\/actualitate\/\" class=\"td-post-category\">ACTUALITATE<\/a><span class=\"td-post-author-name\"><a href=\"https:\/\/r3media.ro\/author\/redactia\/\">Redac\u021bia<\/a><span>&#8211;<\/span><\/span><span class=\"td-post-date\"><time class=\"entry-date updated td-module-date\" datetime=\"2026-07-01T14:14:11+03:00\">01\/07\/2026<\/time><\/span><\/div>\n<\/div>\n<\/div>\n<\/div>\n<\/div>\n<\/div>\n<div class=\"td-load-more-wrap td-load-more-infinite-wrap\" id=\"infinite-lm-tdi_20\"><a href=\"https:\/\/r3media.ro\/deznationala-frantei-a-invins-franta\/\" class=\"td_ajax_load_more td_ajax_load_more_js\" aria-label=\"\u00cenc\u0103rca\u021bi mai multe\" id=\"next-page-tdi_20\" data-td_block_id=\"tdi_20\">\u00cenc\u0103rca\u021bi mai multe<\/a><\/div>\n<\/div>\n<div class=\"td_block_wrap tdb_single_comments tdi_21 tdb-comm-layout2 td-pb-border-top td_block_template_1\" data-td-block-uid=\"tdi_21\">\n<div class=\"tdb-block-inner td-fix-index\">\n<div class=\"comments\" id=\"comments\">\n<div id=\"respond\" class=\"comment-respond\">\n<h3 id=\"reply-title\" class=\"comment-reply-title\">AI CEVA DE SPUS? <small><a rel=\"nofollow\" id=\"cancel-comment-reply-link\" href=\"https:\/\/r3media.ro\/deznationala-frantei-a-invins-franta\/#respond\">Renun\u021ba\u021bi la r\u0103spuns<\/a><\/small><\/h3>\n<div class=\"comment-form-input-wrap td-form-comment\">\n<div class=\"td-warning-comment\">V\u0103 rug\u0103m s\u0103 introduce\u021bi comentariul dvs.!<\/div>\n<\/div>\n<div class=\"comment-form-input-wrap td-form-author\">\n<div class=\"td-warning-author\">Introduce\u021bi aici numele dvs.<\/div>\n<\/div>\n<div class=\"comment-form-input-wrap td-form-email\">\n<div class=\"td-warning-email-error\">A\u021bi introdus o adres\u0103 de e-mail incorect\u0103!<\/div>\n<div class=\"td-warning-email\">V\u0103 rug\u0103m s\u0103 introduce\u021bi adresa dvs. de e-mail aici<\/div>\n<\/div>\n<\/div>\n<\/div>\n<\/div>\n<\/div>\n<\/div>\n<\/div>\n<div class=\"vc_column tdi_23  wpb_column vc_column_container tdc-column td-pb-span4 td-is-sticky\">\n<div class=\"wpb_wrapper\" data-sticky-enabled-on=\"W3RydWUsdHJ1ZSx0cnVlLHRydWVd\" data-sticky-offset=\"20\" data-sticky-is-width-auto=\"W2ZhbHNlLGZhbHNlLGZhbHNlLGZhbHNlXQ==\">\n<div class=\"wpb_wrapper td_block_wrap vc_widget_sidebar tdi_25 \">\n<div class=\"td_block_wrap td_block_7 td_block_widget tdi_26 td-pb-border-top td_block_template_1 td-column-1 td_block_padding\" data-td-block-uid=\"tdi_26\">\n<div class=\"td-block-title-wrap\">\n<h4 class=\"block-title td-block-title\"><span class=\"td-pulldown-size\">Articole RELA\u021aIONATE<\/span><\/h4>\n<\/div>\n<div id=\"tdi_26\" class=\"td_block_inner\">\n<div class=\"td-block-span12\">\n<div class=\"td_module_6 td_module_wrap td-animation-stack\">\n<div class=\"td-module-thumb\"><a href=\"https:\/\/r3media.ro\/de-la-invrajbire-la-contestare-si-nihilism\/\" rel=\"bookmark\" class=\"td-image-wrap \" title=\"De la \u00eenvr\u0103jbire la contestare \u0219i nihilism\"><img loading=\"lazy\" decoding=\"async\" class=\"entry-thumb\" src=\"https:\/\/r3media.ro\/wp-content\/uploads\/2026\/07\/nihilism-100x70.png\" alt title=\"De la \u00eenvr\u0103jbire la contestare \u0219i nihilism\" width=\"100\" height=\"70\"><\/a><\/div>\n<div class=\"item-details\">\n<h3 class=\"entry-title td-module-title\"><a href=\"https:\/\/r3media.ro\/de-la-invrajbire-la-contestare-si-nihilism\/\" rel=\"bookmark\" title=\"De la \u00eenvr\u0103jbire la contestare \u0219i nihilism\">De la \u00eenvr\u0103jbire la contestare \u0219i nihilism<\/a><\/h3>\n<div class=\"td-module-meta-info\"><span class=\"td-post-date\"><time class=\"entry-date updated td-module-date\" datetime=\"2026-07-15T20:10:19+03:00\">15\/07\/2026<\/time><\/span><\/div>\n<\/div>\n<\/div>\n<\/div>\n<div class=\"td-block-span12\">\n<div class=\"td_module_6 td_module_wrap td-animation-stack\">\n<div class=\"td-module-thumb\"><a href=\"https:\/\/r3media.ro\/lider-senatori-psd-daniel-zamfir-teama-alegeri-anticipate-nicusor-dan-nominalizare-premier\/\" rel=\"bookmark\" class=\"td-image-wrap \" title=\"Liderul senatorilor PSD, Daniel Zamfir, se teme de alegeri anticipate: Nu cred c\u0103 Nicu\u0219or Dan nu va nominaliza prim-ministrul de la AUR\"><img loading=\"lazy\" decoding=\"async\" class=\"entry-thumb\" src=\"https:\/\/r3media.ro\/wp-content\/uploads\/2025\/05\/simion-nicusor-100x70.webp\" alt title=\"Liderul senatorilor PSD, Daniel Zamfir, se teme de alegeri anticipate: Nu cred c\u0103 Nicu\u0219or Dan nu va nominaliza prim-ministrul de la AUR\" width=\"100\" height=\"70\"><\/a><\/div>\n<div class=\"item-details\">\n<h3 class=\"entry-title td-module-title\"><a href=\"https:\/\/r3media.ro\/lider-senatori-psd-daniel-zamfir-teama-alegeri-anticipate-nicusor-dan-nominalizare-premier\/\" rel=\"bookmark\" title=\"Liderul senatorilor PSD, Daniel Zamfir, se teme de alegeri anticipate: Nu cred c\u0103 Nicu\u0219or Dan nu va nominaliza prim-ministrul de la AUR\">Liderul senatorilor PSD, Daniel Zamfir, se teme de alegeri anticipate: Nu&#8230;<\/a><\/h3>\n<div class=\"td-module-meta-info\"><span class=\"td-post-date\"><time class=\"entry-date updated td-module-date\" datetime=\"2026-07-15T16:41:52+03:00\">15\/07\/2026<\/time><\/span><\/div>\n<\/div>\n<\/div>\n<\/div>\n<div class=\"td-block-span12\">\n<div class=\"td_module_6 td_module_wrap td-animation-stack\">\n<div class=\"td-module-thumb\"><a href=\"https:\/\/r3media.ro\/revolte-violente-franta-eliminare-cupa-mondiala-spania-video\/\" rel=\"bookmark\" class=\"td-image-wrap \" title=\"VIDEO | Revolte violente \u00een Fran\u021ba dup\u0103 eliminarea de la Cupa Mondial\u0103\"><img loading=\"lazy\" decoding=\"async\" class=\"entry-thumb\" src=\"https:\/\/r3media.ro\/wp-content\/uploads\/2023\/07\/franta-schimbare-e1689443658181-100x70.jpg\" alt title=\"VIDEO | Revolte violente \u00een Fran\u021ba dup\u0103 eliminarea de la Cupa Mondial\u0103\" width=\"100\" height=\"70\"><\/a><\/div>\n<div class=\"item-details\">\n<h3 class=\"entry-title td-module-title\"><a href=\"https:\/\/r3media.ro\/revolte-violente-franta-eliminare-cupa-mondiala-spania-video\/\" rel=\"bookmark\" title=\"VIDEO | Revolte violente \u00een Fran\u021ba dup\u0103 eliminarea de la Cupa Mondial\u0103\">VIDEO | Revolte violente \u00een Fran\u021ba dup\u0103 eliminarea de la Cupa&#8230;<\/a><\/h3>\n<div class=\"td-module-meta-info\"><span class=\"td-post-date\"><time class=\"entry-date updated td-module-date\" datetime=\"2026-07-15T15:35:05+03:00\">15\/07\/2026<\/time><\/span><\/div>\n<\/div>\n<\/div>\n<\/div>\n<div class=\"td-block-span12\">\n<div class=\"td_module_6 td_module_wrap td-animation-stack\">\n<div class=\"td-module-thumb\"><a href=\"https:\/\/r3media.ro\/sondaj-ires-aur-psd-pnl-usr\/\" rel=\"bookmark\" class=\"td-image-wrap \" title=\"Sondaj IRES: AUR ar ob\u0163ine 40%, urmat de PSD 21%, PNL 17% \u015fi USR 10%\"><img loading=\"lazy\" decoding=\"async\" class=\"entry-thumb\" src=\"https:\/\/r3media.ro\/wp-content\/uploads\/2020\/09\/sectie-votare-100x70.jpg\" alt title=\"Sondaj IRES: AUR ar ob\u0163ine 40%, urmat de PSD 21%, PNL 17% \u015fi USR 10%\" width=\"100\" height=\"70\"><\/a><\/div>\n<div class=\"item-details\">\n<h3 class=\"entry-title td-module-title\"><a href=\"https:\/\/r3media.ro\/sondaj-ires-aur-psd-pnl-usr\/\" rel=\"bookmark\" title=\"Sondaj IRES: AUR ar ob\u0163ine 40%, urmat de PSD 21%, PNL 17% \u015fi USR 10%\">Sondaj IRES: AUR ar ob\u0163ine 40%, urmat de PSD 21%, PNL&#8230;<\/a><\/h3>\n<div class=\"td-module-meta-info\"><span class=\"td-post-date\"><time class=\"entry-date updated td-module-date\" datetime=\"2026-07-15T13:11:09+03:00\">15\/07\/2026<\/time><\/span><\/div>\n<\/div>\n<\/div>\n<\/div>\n<div class=\"td-block-span12\">\n<div class=\"td_module_6 td_module_wrap td-animation-stack\">\n<div class=\"td-module-thumb\"><a href=\"https:\/\/r3media.ro\/apuseni-fest-2026-muntele-gaina-targul-de-fete\/\" rel=\"bookmark\" class=\"td-image-wrap \" title=\"Apuseni Fest \u2013 2026: prima edi\u021bie de muzic\u0103 electronica, la \u00een\u0103l\u021bime, pe Muntele G\u0103ina, \u00een weekendul T\u00e2rgului de Fete\"><img loading=\"lazy\" decoding=\"async\" class=\"entry-thumb\" src=\"https:\/\/r3media.ro\/wp-content\/uploads\/2026\/07\/vizual_Apuseni_fest_20261-100x70.jpeg\" alt title=\"Apuseni Fest \u2013 2026: prima edi\u021bie de muzic\u0103 electronica, la \u00een\u0103l\u021bime, pe Muntele G\u0103ina, \u00een weekendul T\u00e2rgului de Fete\" width=\"100\" height=\"70\"><\/a><\/div>\n<div class=\"item-details\">\n<h3 class=\"entry-title td-module-title\"><a href=\"https:\/\/r3media.ro\/apuseni-fest-2026-muntele-gaina-targul-de-fete\/\" rel=\"bookmark\" title=\"Apuseni Fest \u2013 2026: prima edi\u021bie de muzic\u0103 electronica, la \u00een\u0103l\u021bime, pe Muntele G\u0103ina, \u00een weekendul T\u00e2rgului de Fete\">Apuseni Fest \u2013 2026: prima edi\u021bie de muzic\u0103 electronica, la \u00een\u0103l\u021bime,&#8230;<\/a><\/h3>\n<div class=\"td-module-meta-info\"><span class=\"td-post-date\"><time class=\"entry-date updated td-module-date\" datetime=\"2026-07-15T13:00:54+03:00\">15\/07\/2026<\/time><\/span><\/div>\n<\/div>\n<\/div>\n<\/div>\n<div class=\"td-block-span12\">\n<div class=\"td_module_6 td_module_wrap td-animation-stack\">\n<div class=\"td-module-thumb\"><a href=\"https:\/\/r3media.ro\/cine-este-cu-adevarat-francez\/\" rel=\"bookmark\" class=\"td-image-wrap \" title=\"Cine este cu adev\u0103rat francez?\"><img loading=\"lazy\" decoding=\"async\" class=\"entry-thumb\" src=\"https:\/\/r3media.ro\/wp-content\/uploads\/2026\/07\/jucatori-nationala-frantei-e1784098584613-100x70.jpg\" alt title=\"Cine este cu adev\u0103rat francez?\" width=\"100\" height=\"70\"><\/a><\/div>\n<div class=\"item-details\">\n<h3 class=\"entry-title td-module-title\"><a href=\"https:\/\/r3media.ro\/cine-este-cu-adevarat-francez\/\" rel=\"bookmark\" title=\"Cine este cu adev\u0103rat francez?\">Cine este cu adev\u0103rat francez?<\/a><\/h3>\n<div class=\"td-module-meta-info\"><span class=\"td-post-date\"><time class=\"entry-date updated td-module-date\" datetime=\"2026-07-15T09:52:34+03:00\">15\/07\/2026<\/time><\/span><\/div>\n<\/div>\n<\/div>\n<\/div>\n<div class=\"td-block-span12\">\n<div class=\"td_module_6 td_module_wrap td-animation-stack\">\n<div class=\"td-module-thumb\"><a href=\"https:\/\/r3media.ro\/dormitorul-care-te-tine-ani-buni-cum-alegi-mobilier-sanatos-solid-si-potrivit-pentru-spatii-mici\/\" rel=\"bookmark\" class=\"td-image-wrap \" title=\"Dormitorul care te \u021bine ani buni: cum alegi mobilier s\u0103n\u0103tos, solid \u0219i potrivit pentru spa\u021bii mici\"><img loading=\"lazy\" decoding=\"async\" class=\"entry-thumb\" src=\"https:\/\/r3media.ro\/wp-content\/uploads\/2026\/07\/dormitorul_care_te_ine_ani_buni_cum_alegi_mobilier_sntos_solid_i_potrivit_pentru_spaii_mici-100x70.jpg\" alt title=\"Dormitorul care te \u021bine ani buni: cum alegi mobilier s\u0103n\u0103tos, solid \u0219i potrivit pentru spa\u021bii mici\" width=\"100\" height=\"70\"><\/a><\/div>\n<div class=\"item-details\">\n<h3 class=\"entry-title td-module-title\"><a href=\"https:\/\/r3media.ro\/dormitorul-care-te-tine-ani-buni-cum-alegi-mobilier-sanatos-solid-si-potrivit-pentru-spatii-mici\/\" rel=\"bookmark\" title=\"Dormitorul care te \u021bine ani buni: cum alegi mobilier s\u0103n\u0103tos, solid \u0219i potrivit pentru spa\u021bii mici\">Dormitorul care te \u021bine ani buni: cum alegi mobilier s\u0103n\u0103tos, solid&#8230;<\/a><\/h3>\n<div class=\"td-module-meta-info\"><span class=\"td-post-date\"><time class=\"entry-date updated td-module-date\" datetime=\"2026-07-15T00:22:31+03:00\">15\/07\/2026<\/time><\/span><\/div>\n<\/div>\n<\/div>\n<\/div>\n<\/div>\n<\/div>\n<aside class=\"td_block_template_1 widget widget_recent_comments\">\n<h4 class=\"block-title\"><span>INTR\u0102 \u00ceN DISCU\u021aIE!<\/span><\/h4>\n<ul id=\"recentcomments\">\n<li class=\"recentcomments\"><span class=\"comment-author-link\">Mihaela<\/span> la <a href=\"https:\/\/r3media.ro\/ilie-bolojan-alegeri-anticipate\/#comment-40272\">Ilie Bolojan ia \u00een calcul organizarea alegerilor anticipate: Mai devreme sau mai t\u00e2rziu, s\u0103 ne \u00eentoarcem la judecata cet\u0103\u0163enilor<\/a><\/li>\n<li class=\"recentcomments\"><span class=\"comment-author-link\">Kh-47M2 Kinzhal<\/span> la <a href=\"https:\/\/r3media.ro\/premiera-mondiala-robot-transportat-barca-lupta-razboi-ucraina-video\/#comment-40271\">VIDEO | Premier\u0103 mondial\u0103! Un robot cu inteligen\u021b\u0103 artificial\u0103 transportat de o barc\u0103 lupt\u0103 \u00een r\u0103zboiul din Ucraina<\/a><\/li>\n<li class=\"recentcomments\"><span class=\"comment-author-link\">Constantin<\/span> la <a href=\"https:\/\/r3media.ro\/ambasadorul-germaniei-la-chisinau-revine-nu-a-fost-intentia-mea-sa-pun-sub-semnul-intrebarii-unitatea-chestiunii-romanesti-sau-a-credintei-crestin-ortodoxe\/#comment-40270\">Ambasadorul Germaniei la Chi\u0219in\u0103u revine: Nu a fost inten\u0163ia mea s\u0103 pun sub semnul \u00eentreb\u0103rii unitatea chestiunii rom\u00e2ne\u015fti sau a credin\u0163ei cre\u015ftin ortodoxe<\/a><\/li>\n<li class=\"recentcomments\"><span class=\"comment-author-link\">Narcis<\/span> la <a href=\"https:\/\/r3media.ro\/actorul-ioan-isaiu-a-facut-infarct-si-a-murit-in-fata-colegilor-sai-bou-vaccinat-anti-covid-19\/#comment-40269\">Actorul Ioan Isaiu a f\u0103cut infarct \u0219i a murit \u00een fa\u021ba colegilor s\u0103i: Am fost bou c\u0103 m-am vaccinat \u0219i v-am blocat pe cei care \u00eemi era\u021bi prieteni<\/a><\/li>\n<li class=\"recentcomments\"><span class=\"comment-author-link\">Haleu<\/span> la <a href=\"https:\/\/r3media.ro\/romania-si-slovenia-singurele-state-din-est-care-s-au-alaturat-sua-in-condamnarea-chinei-intr-o-speta-de-acum-10-ani\/#comment-40268\">Rom\u00e2nia \u0219i Slovenia, singurele state din Est care s-au al\u0103turat SUA \u00een condamnarea Chinei \u00eentr-o spe\u021b\u0103 de acum 10 ani<\/a><\/li>\n<li class=\"recentcomments\"><span class=\"comment-author-link\">Eu<\/span> la <a href=\"https:\/\/r3media.ro\/guvernul-sanchez-demoleaza-monumentul-de-la-majadahonda-ion-mota-vasile-marin-lupta-rzaboiul-civil-spaniol-comunisti\/#comment-40267\">Guvernul Sanchez demoleaz\u0103 Monumentul de la Majadahonda, dedicat lui Ion Mo\u021ba \u0219i Vasile Marin, rom\u00e2nii care au luptat \u00eempotriva comuni\u0219tilor \u00een R\u0103zboiul Civil Spaniol<\/a><\/li>\n<li class=\"recentcomments\"><span class=\"comment-author-link\">Constantin<\/span> la <a href=\"https:\/\/r3media.ro\/guvernul-sanchez-demoleaza-monumentul-de-la-majadahonda-ion-mota-vasile-marin-lupta-rzaboiul-civil-spaniol-comunisti\/#comment-40266\">Guvernul Sanchez demoleaz\u0103 Monumentul de la Majadahonda, dedicat lui Ion Mo\u021ba \u0219i Vasile Marin, rom\u00e2nii care au luptat \u00eempotriva comuni\u0219tilor \u00een R\u0103zboiul Civil Spaniol<\/a><\/li>\n<\/ul>\n<\/aside>\n<aside class=\"td_block_template_1 widget widget_search\">\n<h4 class=\"block-title\"><span>CAUT\u0102 \u0218I VEI G\u0102SI<\/span><\/h4>\n<\/aside>\n<\/div>\n<\/div>\n<\/div>\n<\/div>\n<\/div>\n<\/div>\n<\/div>\n<p><span class=\"td-page-meta\"><\/span><span class=\"td-page-meta\"><span class=\"td-page-meta\"><\/span><\/span><span class=\"td-page-meta\"><\/span><\/article>\n<\/p>\n<div class=\"td_block_wrap tdb_single_content tdi_18 td-pb-border-top td_block_template_1 td-post-content tagdiv-type\" data-td-block-uid=\"tdi_18\">\n<div class=\"tdb-block-inner td-fix-index\">\n<p><strong>E simplu, de\u0219i nu e voie s-o spui. Comentariile \u0219ocate ale celor ce v\u0103d \u00een Na\u021bionala Fran\u021bei ceva aberant s\u00eent fire\u0219ti. Ele nu s-au n\u0103scut din urm\u0103, din rasism sau din dorin\u021ba l\u0103udabil\u0103 de a da material de autopromovare min\u021bilor superioare.<\/strong><\/p>\n<p>Pur \u0219i simplu, comentariile referitoare la africanitatea na\u021bionalei Fran\u021bei pleac\u0103 de la o realitate vizibil\u0103. Mai mult: \u0219ocant\u0103. \u0218i anume: 9 din 11 juc\u0103tori s\u00eent africani. De ce deranjeaz\u0103 asta? Dintr-un motiv la fel de simplu: substituirea. Fizic\u0103, numeric\u0103 \u0219i cultural\u0103. Nu a Na\u021bionalei ci a Na\u021biunii.<\/p>\n<p>\u00cen 1998, c\u00eend c\u00ee\u0219tiga primul ei titlul mondial, Fran\u021ba juca finala cu 4 africani \u00een teren. E voie s\u0103 not\u0103m diferen\u021ba? \u00a0Din pur\u0103 mirare. Ceva s-a schimbat \u00een fotbalul \u0219i \u00een societatea francez\u0103, nu? Am\u00eendou\u0103 au fost capturate\u00a0 de migra\u021bie. Realitatea e incontestabil\u0103 dar r\u0103m\u00eene oficial necomentabil\u0103. Orice remarc\u0103 pe tema africaniz\u0103rii sau arabiz\u0103rii e reperat\u0103 rapid \u0219i dobor\u00eet\u0103 sub acuza\u021bia de \u00a0ur\u0103, rasism sau ignoran\u021b\u0103.<\/p>\n<p>Dup\u0103 p\u0103rerea lui Ionu\u021b Iordache, care <a href=\"https:\/\/www.gsp.ro\/opinii\/editorial-ionut-iordache-cine-este-cu-adevarat-francez-960474.html\" target=\"_blank\" rel=\"noopener\">scrie<\/a> \u00een Gazeta Sporturilor sprijinit de J.S.Mill \u0219i K. Popper(filozofi ce n-au apucat s\u0103 fie da\u021bi afar\u0103 pentru \u201edecolonizarea\u201d lumii academice) lucrurile stau clar: cine e \u0219ocat de ce vede cu ochii lui e prizonierul opticii rasiste. \u00cen cazul de fa\u021b\u0103, \u201ebolnavul\u201d e Radu Banciu care a \u00eendr\u0103znit <a href=\"https:\/\/www.youtube.com\/watch?v=EhvrU_-F7EY&amp;t=2355s\" target=\"_blank\" rel=\"noopener\">s\u0103 se mire<\/a> pe larg c\u0103 Fran\u021ba e prezentat\u0103 aproape 100% de fotbali\u0219ti de origine african\u0103. Concluzia: Banciu ur\u0103\u0219te.<\/p>\n<p>Linia de argumentare urmat\u0103 de Ionu\u021b Iordache \u0219i de corul\u00a0 anti-rasi\u0219tilor nu are argumente. Ea e, de fapt, o poz\u0103 care se pune singur\u0103 \u00een ram\u0103. Un fel de a te premia \u0219i de a atrage, din jur, premii pentru virtute. Doping moral pur.<\/p>\n<p>Oameni ca Banciu (sau ca subsemnatul) nu au nici o p\u0103rere despre africani. Dar au o p\u0103rere despre politica statelor europene care se leap\u0103d\u0103 febril de propria cultur\u0103 \u0219i \u00eencurajeaz\u0103 f\u0103r\u0103 jen\u0103 \u0219i re\u021bineri migra\u021bia unor popula\u021bii care nu au nici o leg\u0103tur\u0103 cu sau s\u00eent ostile culturilor-gazd\u0103. Chiar dac\u0103 Ionu\u021b Iordache \u0219i camarazii au la dispozi\u021bie megafoanele care le multiplic\u0103 volumul, majoritatea europenilor cred cu totul \u0219i cu totul altceva.<\/p>\n<p>Majoritatea europenilor v\u0103d c\u0103 li se \u00eent\u00eempl\u0103 ceva nefiresc \u0219i c\u0103 guvernele lor dizolv\u0103 grani\u021bele \u0219i import\u0103 migran\u021bi f\u0103r\u0103 s\u0103 fi \u00eentrebat pe cineva. Nimeni n-a cerut \u00eenlocuirea popula\u021biei locale \u0219i nimeni n-a votat abolirea frontierelor dar, \u00een democra\u021bia lor inflexibil\u0103, guvernele \u021b\u0103rilor vest-europene nu dau doi bani pe opinia celor ce i-au ales.<\/p>\n<p>Ionu\u021b Iordache \u0219i abona\u021bii la anti-rasism s\u00eent noroco\u0219i c\u0103 nu tr\u0103iesc \u00eentr-o \u021bar\u0103 \u0219i \u00eentr-un un ora\u0219 \u00eenc\u0103pute pe migran\u021bilor. S\u0103 sper\u0103m c\u0103 nici copiii lor nu vor avea acest privilegiu.<\/p>\n<p>Problema at\u00eet de vizibil\u0103 la Na\u021bionala Fran\u021bei e mult mai important\u0103 dec\u00eet crede sau \u00een\u021belege Ionu\u021b Iordache. \u0218i tocmai asta \u00eel face s\u0103 rateze argumente decente, \u00een timp ce \u00eel ajut\u0103 s\u0103 se aga\u021be de citate \u0219i trimiteri mecanice. A\u0219a de pild\u0103, ideea dup\u0103 care Upamecano \u0219i colegii africani s\u00eent francezi e evident fals\u0103. Domnii \u00een cauz\u0103 s\u00eent africani. Nu e o ru\u0219ine, E o realitate. Dar urma\u0219ii lor vor fi, cu siguran\u021b\u0103, francezi. Inevitabil. Istoria popoarelor \u0219i a \u00a0na\u021biunilor e plin\u0103 de asemenea transform\u0103ri.<\/p>\n<p>La un moment dat, prin num\u0103r, vechime sau putere, str\u0103inii devin b\u0103\u0219tina\u0219i. Problema nu e asta. Problema e c\u0103 urma\u0219ii lui Upamecano vor schimba Fran\u021ba \u0219i vor face altceva din ce \u00eenseamn\u0103 a fi francez.<\/p>\n<p>\u00centr-un viitor prea apropiat, a fi francez va fi altceva dec\u00eet \u00eensemna a fi francez pe vremea c\u00eend francezii erau n\u0103scu\u021bi din francezi n\u0103scu\u021bi \u00een Fran\u021ba.<\/p>\n<p>Problema Europei de Vest \u0219i, \u00een cur\u00eend, a Europei de Est (\u00eencep\u00eend cu Ucraina care d\u0103 <a href=\"https:\/\/www.kyivpost.com\/post\/79042\" target=\"_blank\" rel=\"noopener\">semne<\/a> c\u0103 va importa migran\u021bi pentru a acoperi golul provocat de r\u0103zboi) nu e apari\u021bia str\u0103inilor. Problema e c\u0103, \u00een condi\u021biile \u00een care str\u0103inii vin din culturi complet diferite \u0219i uneori adverse \u0219i \u00een m\u0103sura \u00een care orice discu\u021bie pe tema migra\u021biei e interzis\u0103, moara istoriei va lucra altfel.<\/p>\n<p>Str\u0103inii nu vor mai fi asimila\u021bi ci vor asimila. Nu vom deveni africani dar vom \u00eenceta s\u0103 fim ce s\u00eentem de sute \u0219i sute de ani.<\/p>\n<p>De aici, nelini\u0219tea at\u00eetor europeni. Chiar dac\u0103 s\u00eent dispre\u021bui\u021bi sau calomnia\u021bi de oameni ca Ionu\u021b Iordache, europenii \u00een\u0219ira\u021bi de la Dublin la Sofia s\u00eent o majoritate amu\u021bit\u0103 dar uria\u0219\u0103. Ei simt c\u0103 lumea lor \u0219i a p\u0103rin\u021bilor lor se clatin\u0103 \u0219i \u0219tiu c\u0103 o cast\u0103 de fanatici le face cel mai mare r\u0103u cu putin\u021b\u0103, \u00een timp ce se sustrage consecin\u021belor.<\/p>\n<p>C\u0103ci oamenii de r\u00eend, \u0219i nu altcineva, vor fi sili\u021bi s\u0103 tr\u0103iasc\u0103 printre migran\u021bi, s\u0103 \u00ee\u0219i piard\u0103 cartierele, siguran\u021ba, obiceiurile \u0219i limba. St\u0103p\u00eenii care au provocat catastrofa vor tr\u0103i separat, \u00een comunit\u0103\u021bi bine p\u0103zite, \u00een splendoarea summit-urilor, \u00een confortul seminariilor sau la ad\u0103postul superiorit\u0103\u021bii morale. Ca Ionu\u021b Iordache.<\/p>\n<p>\u00centr-o discu\u021bie purtat\u0103 spre sf\u00eer\u0219itul vie\u021bii, marele antropolog francez Claude Levi-Strauss, un om cu convingeri de st\u00e2nga, avertiza asupra iresponsabilit\u0103\u021bii etno-culturale. Nu pune\u021bi \u00een contact culturi incompatibile!<\/p>\n<p>Asta e tot \u0219i asta conteaz\u0103.<\/p>\n<p>\u00cen rest, dac\u0103 Dezna\u021bionala Fran\u021bei va mai c\u00ee\u0219tiga sau nu Cupa Mondial\u0103, n-are importan\u021b\u0103. Victoria ei asupra Fran\u021bei e, deja, asigurat\u0103.<\/p>\n<div class=\"crp_related     crp-masonry\">\n<h2>\u00ceN CONTEXT<\/h2>\n<ul>\n<li><a href=\"https:\/\/r3media.ro\/fara-tine-in-google-r3media-dispare-iata-ce-poti-face-in-10-secunde\/\" class=\"crp_link post-119031\"><span class=\"crp_title\">F\u0103r\u0103 tine \u00een Google, R3media dispare. Iat\u0103 ce po\u021bi face \u00een 10 secunde<\/span><\/a><\/li>\n<li><a href=\"https:\/\/r3media.ro\/cine-este-cu-adevarat-francez\/\" class=\"crp_link post-119942\"><span class=\"crp_title\">Cine este cu adev\u0103rat francez?<\/span><\/a><\/li>\n<li><a href=\"https:\/\/r3media.ro\/brigitte-macron-trecuta-barbat-site-fiscal-franta-nume-sotie-emmanuel-macron-jean-michel\/\" class=\"crp_link post-113792\"><span class=\"crp_title\">Brigitte Macron a fost trecut\u0103 ca b\u0103rbat pe site-ul Fiscal al Fran\u021bei: So\u021bia lui Emmanuel\u2026<\/span><\/a><\/li>\n<li><a href=\"https:\/\/r3media.ro\/14-iulie-ziua-nationala-a-frantei\/\" class=\"crp_link post-50509\"><span class=\"crp_title\">Calendarul zilei 14 iulie: Ziua Na\u021bional\u0103 a Fran\u021bei<\/span><\/a><\/li>\n<li><a href=\"https:\/\/r3media.ro\/fictiunea-woke-1\/\" class=\"crp_link post-115465\"><span class=\"crp_title\">Fic\u021biunea woke (1)<\/span><\/a><\/li>\n<li><a href=\"https:\/\/r3media.ro\/fictiunea-woke-2\/\" class=\"crp_link post-115545\"><span class=\"crp_title\">Fic\u021biunea woke (2)<\/span><\/a><\/li>\n<li><a href=\"https:\/\/r3media.ro\/schimbare-climatica\/\" class=\"crp_link post-113122\"><span class=\"crp_title\">Schimbare climatic\u0103<\/span><\/a><\/li>\n<li><a href=\"https:\/\/r3media.ro\/elena-lasconi-franta-implicare-anulare-alegerilor-prezidentiale-2024-nicusor-dan-strain-subversiv-oana-eftimie\/\" class=\"crp_link post-114390\"><span class=\"crp_title\">VIDEO | Elena Lasconi \u00eencepe s\u0103 ciripeasc\u0103: Pot s\u0103 cred c\u0103 Fran\u021ba a intervenit \u00een anularea\u2026<\/span><\/a><\/li>\n<\/ul>\n<\/div>\n<\/div>\n<\/div>\n<p>[analyse_source url=&#8221;https:\/\/r3media.ro\/deznationala-frantei-a-invins-franta\/&#8221;]<\/p>\n","protected":false},"excerpt":{"rendered":"<p>[analyse_image type=&#8221;featured&#8221; src=&#8221;https:\/\/r3media.ro\/wp-content\/uploads\/2026\/07\/echipa-nationala-a-frantei-e1784138236128.jpghttps:\/\/r3media.ro\/wp-content\/uploads\/2026\/07\/echipa-nationala-a-frantei-e1784138236128.jpg&#8221;] SPORTCUPA MONDIALA 2026 AMERICADezna\u021bionala Fran\u021bei a \u00eenvins Fran\u021ba \u00a0\u00a0 FEATUREDOPINIISPORTCUPA MONDIALA 2026 AMERICA\u0218TIRI Dezna\u021bionala Fran\u021bei a \u00eenvins Fran\u021ba \u00a0\u00a0 TRU (Traian Ungureanu) 15\/07\/2026 France&#8217;s players pose for a team photograph before the international friendly football match between France and Ivory Coast ahead of the 2026 FIFA World Cup football tournament at the [&hellip;]<\/p>\n","protected":false},"author":1,"featured_media":0,"comment_status":"open","ping_status":"","sticky":false,"template":"","format":"standard","meta":{"footnotes":""},"categories":[89],"tags":[226,93],"class_list":["post-2045099","post","type-post","status-publish","format-standard","hentry","category-romania","tag-crawlmanager","tag-r3media-ro"],"_links":{"self":[{"href":"https:\/\/analyse.optim.biz\/index.php?rest_route=\/wp\/v2\/posts\/2045099","targetHints":{"allow":["GET"]}}],"collection":[{"href":"https:\/\/analyse.optim.biz\/index.php?rest_route=\/wp\/v2\/posts"}],"about":[{"href":"https:\/\/analyse.optim.biz\/index.php?rest_route=\/wp\/v2\/types\/post"}],"author":[{"embeddable":true,"href":"https:\/\/analyse.optim.biz\/index.php?rest_route=\/wp\/v2\/users\/1"}],"replies":[{"embeddable":true,"href":"https:\/\/analyse.optim.biz\/index.php?rest_route=%2Fwp%2Fv2%2Fcomments&post=2045099"}],"version-history":[{"count":0,"href":"https:\/\/analyse.optim.biz\/index.php?rest_route=\/wp\/v2\/posts\/2045099\/revisions"}],"wp:attachment":[{"href":"https:\/\/analyse.optim.biz\/index.php?rest_route=%2Fwp%2Fv2%2Fmedia&parent=2045099"}],"wp:term":[{"taxonomy":"category","embeddable":true,"href":"https:\/\/analyse.optim.biz\/index.php?rest_route=%2Fwp%2Fv2%2Fcategories&post=2045099"},{"taxonomy":"post_tag","embeddable":true,"href":"https:\/\/analyse.optim.biz\/index.php?rest_route=%2Fwp%2Fv2%2Ftags&post=2045099"}],"curies":[{"name":"wp","href":"https:\/\/api.w.org\/{rel}","templated":true}]}}