{"id":2045096,"date":"2026-07-14T21:22:31","date_gmt":"2026-07-14T18:22:31","guid":{"rendered":"https:\/\/analyse.optim.biz\/?p=2045096"},"modified":"2026-07-14T21:22:31","modified_gmt":"2026-07-14T18:22:31","slug":"dormitorul-care-te-tine-ani-buni-cum-alegi-mobilier-sanatos-solid-si-potrivit-pentru-spatii-mici","status":"publish","type":"post","link":"https:\/\/analyse.optim.biz\/?p=2045096","title":{"rendered":"Dormitorul care te \u021bine ani buni: cum alegi mobilier s\u0103n\u0103tos, solid \u0219i potrivit pentru spa\u021bii mici"},"content":{"rendered":"<p>[analyse_image type=&#8221;featured&#8221; src=&#8221;https:\/\/r3media.ro\/wp-content\/uploads\/2026\/07\/dormitorul_care_te_ine_ani_buni_cum_alegi_mobilier_sntos_solid_i_potrivit_pentru_spaii_mici-scaled-e1784139909124.jpghttps:\/\/r3media.ro\/wp-content\/uploads\/2026\/07\/dormitorul_care_te_ine_ani_buni_cum_alegi_mobilier_sntos_solid_i_potrivit_pentru_spaii_mici-scaled-e1784139909124.jpg&#8221;]<\/p>\n<article id=\"template-id-109\" class=\"post-109 tdb_templates type-tdb_templates status-publish post\">\n<div id=\"tdi_2\" class=\"tdc-zone\">\n<div class=\"tdc_zone tdi_3  wpb_row td-pb-row\">\n<div id=\"tdi_4\" class=\"tdc-row\">\n<div class=\"vc_row tdi_5  wpb_row td-pb-row\">\n<div class=\"vc_column tdi_7  wpb_column vc_column_container tdc-column td-pb-span8\">\n<div class=\"wpb_wrapper\">\n<div class=\"td_block_wrap tdb_breadcrumbs tdi_8 td-pb-border-top td_block_template_1 tdb-breadcrumbs \" data-td-block-uid=\"tdi_8\">\n<div class=\"tdb-block-inner td-fix-index\"><span><a title=\"Vede\u021bi toate articolele \u00een \u0218TIRI\" class=\"tdb-entry-crumb\" href=\"https:\/\/r3media.ro\/category\/stiri\/\">\u0218TIRI<\/a><\/span><span class=\"tdb-bred-no-url-last\">Dormitorul care te \u021bine ani buni: cum alegi mobilier s\u0103n\u0103tos, solid \u0219i&#8230;<\/span><\/div>\n<\/div>\n<div class=\"td_block_wrap tdb_single_categories tdi_9 td-pb-border-top td_block_template_1 \" data-td-block-uid=\"tdi_9\">\n<div class=\"tdb-category td-fix-index\"><a class=\"tdb-entry-category\" href=\"https:\/\/r3media.ro\/category\/stiri\/\">\u0218TIRI<\/a><\/div>\n<\/div>\n<div class=\"td_block_wrap tdb_title tdi_10 tdb-single-title td-pb-border-top td_block_template_1\" data-td-block-uid=\"tdi_10\">\n<div class=\"tdb-block-inner td-fix-index\">\n<h1 class=\"tdb-title-text\">Dormitorul care te \u021bine ani buni: cum alegi mobilier s\u0103n\u0103tos, solid \u0219i potrivit pentru spa\u021bii mici<\/h1>\n<\/div>\n<\/div>\n<div class=\"vc_row_inner tdi_12  vc_row vc_inner wpb_row td-pb-row\">\n<div class=\"vc_column_inner tdi_14  wpb_column vc_column_container tdc-inner-column td-pb-span12\">\n<div class=\"vc_column-inner\">\n<div class=\"wpb_wrapper\">\n<div class=\"td_block_wrap tdb_single_author tdi_15 td-pb-border-top td_block_template_1 tdb-post-meta\" data-td-block-uid=\"tdi_15\">\n<div class=\"tdb-block-inner td-fix-index\">\n<div class=\"tdb-author-name-wrap\"><a class=\"tdb-author-name\" href=\"https:\/\/r3media.ro\/author\/promo\/\">Promo<\/a><\/div>\n<\/div>\n<\/div>\n<div class=\"td_block_wrap tdb_single_date tdi_16 td-pb-border-top td_block_template_1 tdb-post-meta\" data-td-block-uid=\"tdi_16\">\n<div class=\"tdb-block-inner td-fix-index\"><time class=\"entry-date updated td-module-date\" datetime=\"2026-07-15T00:22:31+03:00\">15\/07\/2026<\/time><\/div>\n<\/div>\n<\/div>\n<\/div>\n<\/div>\n<\/div>\n<div class=\"td_block_wrap tdb_single_content tdi_18 td-pb-border-top td_block_template_1 td-post-content tagdiv-type\" data-td-block-uid=\"tdi_18\">\n<div class=\"tdb-block-inner td-fix-index\">\n<p><strong>Rom\u00e2nii \u0219tiu s\u0103-\u0219i apere casa. O vedem \u0219i \u00een dezbaterile care apar des \u00een presa de opinie, inclusiv pe r3media.ro, c\u00e2nd se vorbe\u0219te despre familie, ordine \u0219i r\u0103d\u0103cini. Dar ap\u0103rarea \u00eencepe \u0219i din lucruri simple, care nu \u021bin de politic\u0103. \u021aine de ce aduci \u00een dormitor.<\/strong><\/p>\n<p>Mul\u021bi cump\u0103r\u0103 repede, pe grab\u0103, \u0219i pl\u0103tesc de dou\u0103 ori. \u00cei prinde mirosul de \u201enou\u201d care nu mai pleac\u0103, u\u0219ile care se las\u0103 \u0219i sertarele care sc\u00e2r\u021b\u00e2ie. \u00centr-un apartament mic, gre\u0219eala se simte zilnic.<\/p>\n<p>Mai jos ai un ghid clar, f\u0103r\u0103 vorbe \u00een plus. Te ajut\u0103 s\u0103 alegi mobilier care nu te obose\u0219te \u0219i care r\u0103m\u00e2ne stabil.<\/p>\n<h2>De ce dormitorul cere mai mult\u0103 rigoare<\/h2>\n<p>\u00cen dormitor stai multe ore, \u00een fiecare noapte. Recomand\u0103rile uzuale pentru somn la adul\u021bi r\u0103m\u00e2n 7-9 ore pe noapte. Asta \u00eenseamn\u0103 contact lung cu aerul din camer\u0103 \u0219i cu finisajele.<\/p>\n<p>De aceea conteaz\u0103 materialele, nu doar cum arat\u0103 fronturile. Conteaz\u0103 \u0219i c\u00e2t de u\u0219or faci curat sub pat, mai ales dac\u0103 ai alergii. Conteaz\u0103 \u0219i cum se \u00eenchide u\u0219a dulapului, c\u00e2nd cineva se treze\u0219te mai devreme.<\/p>\n<h2>Calitate care se vede \u0219i calitate care nu se vede<\/h2>\n<h3>Miros, emisii \u0219i ce ceri \u00een magazin<\/h3>\n<p>Dac\u0103 te love\u0219te un miros \u00een\u021bep\u0103tor, nu-l ignora. Cere clar \u00een ce clas\u0103 de emisii intr\u0103 pl\u0103cile, iar standardul E1 limiteaz\u0103 formaldehida la 0,1 ppm. Un dormitor nu are nevoie de parfum industrial.<\/p>\n<p>Fii atent la canturi \u0219i la zonele t\u0103iate. Acolo intr\u0103 umezeala \u0219i de acolo pleac\u0103 mirosurile. C\u00e2nd cantul st\u0103 str\u00e2mb sau are goluri, vei avea \u0219i umflare, \u0219i praf lipit.<\/p>\n<h3>\u00cembin\u0103ri, feronerie \u0219i stabilitate<\/h3>\n<p>Uit\u0103-te la spatele corpurilor \u0219i la prinderi. Un dulap bun nu \u201ejoac\u0103\u201d c\u00e2nd tragi de u\u0219\u0103. \u00centreab\u0103 ce balamale are \u0219i dac\u0103 po\u021bi regla u\u0219ile dup\u0103 montaj.<\/p>\n<p>Alege sertare care ruleaz\u0103 lin \u0219i au opritor. \u00centr-un spa\u021biu mic, un sertar care cade din \u0219in\u0103 devine nervi zilnici. Calitatea feroneriei se simte dup\u0103 o lun\u0103, nu \u00een prima zi.<\/p>\n<p>C\u00e2nd cau\u021bi <a href=\"https:\/\/www.mobilier.ro\/mobilier-dormitor\/\" target=\"_blank\" rel=\"noopener\">mobil\u0103 dormitor<\/a>, nu te opri la poze \u0219i \u201epachet complet\u201d. Cere grosimi, cant, feronerie \u0219i garan\u021bie scris\u0103.<\/p>\n<h3>Patul, salteaua \u0219i aerul de sub ele<\/h3>\n<p>Patul \u021bine tot. Dac\u0103 rama flexeaz\u0103, salteaua se uzeaz\u0103 mai repede. Mul\u021bi produc\u0103tori \u0219i speciali\u0219ti recomand\u0103 schimbarea saltelei la 7-10 ani, \u00een func\u021bie de uzur\u0103 \u0219i igien\u0103.<\/p>\n<p>Las\u0103 aerul s\u0103 circule sub pat. \u00cen dormitor, o umiditate de 40-60% ajut\u0103 lemnul \u0219i reduce mucegaiul. Dac\u0103 ai cutie \u00eenchis\u0103 p\u00e2n\u0103 la podea, verific\u0103 mai des col\u021burile \u0219i plintele.<\/p>\n<h2>Dimensiuni care fac loc, chiar \u0219i \u00eentr-o camer\u0103 mic\u0103<\/h2>\n<p>Nu te l\u0103sa furat de un pat prea mare, dac\u0103 blocheaz\u0103 tot. P\u0103streaz\u0103 m\u0103car 60 cm pe una din laturi, ca s\u0103 po\u021bi trece normal. Dac\u0103 ai loc, 70-80 cm se simt mult mai bine.<\/p>\n<p>La dulap, ad\u00e2ncimea util\u0103 de 60 cm te ajut\u0103 la umera\u0219e. U\u0219ile glisante merg bine \u00een camere \u00eenguste, dar cere \u0219ine solide. Dac\u0103 \u0219ina e slab\u0103, o vei auzi \u00een fiecare diminea\u021b\u0103.<\/p>\n<p>Comoda sau noptierele trebuie s\u0103 \u021bin\u0103 lucrurile la \u00eendem\u00e2n\u0103, nu s\u0103 \u00eengusteze traseul. Alege corpuri cu linii simple, care nu \u201emu\u0219c\u0103\u201d din camer\u0103. Un dormitor mic cere disciplin\u0103, nu \u00eengr\u0103m\u0103dire.<\/p>\n<h2>Lumin\u0103, ordine \u0219i un col\u021b de lini\u0219te<\/h2>\n<p>Lumina schimb\u0103 tot. Pentru sear\u0103, alege becuri calde, \u00een jur de 2700-3000K. Pentru citit, pune o veioz\u0103 care d\u0103 lumin\u0103 direct\u0103 \u0219i nu \u00ee\u021bi bate \u00een ochi.<\/p>\n<p>Uit\u0103-te \u0219i la redarea culorilor. Un CRI de peste 80 te ajut\u0103 s\u0103 vezi textilele corect. \u00cen dormitor, o lumin\u0103 dur\u0103 stric\u0103 atmosfera \u0219i te \u021bine \u00een tensiune.<\/p>\n<p>Mul\u021bi rom\u00e2ni p\u0103streaz\u0103 un col\u021b cu icoan\u0103 \u0219i candela. Pune-l curat, simplu, f\u0103r\u0103 cabluri la vedere. Dormitorul nu trebuie s\u0103 fie vitrin\u0103, ci loc de pace.<\/p>\n<h2>Cump\u0103tare: cum cheltui o dat\u0103, nu de dou\u0103 ori<\/h2>\n<p>\u00centr-o cas\u0103 a\u0219ezat\u0103, cum o vrea orice familie, investi\u021bia merge spre ce atingi zilnic. Prioritizeaz\u0103 patul, salteaua \u0219i dulapul. La decor po\u021bi regla din textile, f\u0103r\u0103 s\u0103 schimbi mobilierul.<\/p>\n<p>Caut\u0103 piese reparabile. Un dulap cu balamale standard se poate regla \u0219i dup\u0103 ani. O pies\u0103 ieftin\u0103, cu feronerie rar\u0103, ajunge repede la gunoi.<\/p>\n<p>Dac\u0103 po\u021bi, alege produc\u021bie de aici \u0219i lemn lucrat corect. Nu e slogan, e practic\u0103. C\u00e2nd pl\u0103te\u0219ti pentru lucru bun, pl\u0103te\u0219ti pentru timp c\u00e2\u0219tigat \u0219i pentru mai pu\u021bin stres \u00een cas\u0103.<\/p>\n<\/div>\n<\/div>\n<div class=\"td_block_wrap td_block_9 tdi_20 td_with_ajax_pagination td-pb-border-top td_block_template_1 td-column-2 td_block_padding td_block_bot_line\" data-td-block-uid=\"tdi_20\">\n<div class=\"td-block-title-wrap\">\n<h4 class=\"block-title td-block-title\"><span class=\"td-pulldown-size\">CITE\u0218TE MAI MULT<\/span><\/h4>\n<\/div>\n<div id=\"tdi_20\" class=\"td_block_inner\">\n<div class=\"td-block-row\">\n<div class=\"td-block-span6\">\n<div class=\"td_module_8 td_module_wrap\">\n<div class=\"item-details\">\n<h3 class=\"entry-title td-module-title\"><a href=\"https:\/\/r3media.ro\/ioan-aurel-pop-lege-vexler-razboi-istoria\/\" rel=\"bookmark\" title=\"Ioan-Aurel Pop critic\u0103 legea Vexler \u00eentr-un articol de neratat: Nu putem s\u0103 ducem un r\u0103zboi cu istoria\">Ioan-Aurel Pop critic\u0103 legea Vexler \u00eentr-un articol de neratat: Nu putem s\u0103 ducem un&#8230;<\/a><\/h3>\n<div class=\"td-module-meta-info\"><a href=\"https:\/\/r3media.ro\/category\/actualitate\/\" class=\"td-post-category\">ACTUALITATE<\/a><span class=\"td-post-author-name\"><a href=\"https:\/\/r3media.ro\/author\/radu_ursan\/\">Radu Ursan<\/a><span>&#8211;<\/span><\/span><span class=\"td-post-date\"><time class=\"entry-date updated td-module-date\" datetime=\"2026-07-12T21:42:54+03:00\">12\/07\/2026<\/time><\/span><\/div>\n<\/div>\n<\/div>\n<\/div>\n<div class=\"td-block-span6\">\n<div class=\"td_module_8 td_module_wrap\">\n<div class=\"item-details\">\n<h3 class=\"entry-title td-module-title\"><a href=\"https:\/\/r3media.ro\/scandalul-rachetelor-patriot-zguduie-polonia-varsovia-declasifica-tot-ajutorul-militar-acordat-ucrainei\/\" rel=\"bookmark\" title=\"Scandalul rachetelor Patriot zguduie Polonia: Var\u0219ovia declasific\u0103 tot ajutorul militar acordat Ucrainei\">Scandalul rachetelor Patriot zguduie Polonia: Var\u0219ovia declasific\u0103 tot ajutorul militar acordat Ucrainei<\/a><\/h3>\n<div class=\"td-module-meta-info\"><a href=\"https:\/\/r3media.ro\/category\/stiri\/\" class=\"td-post-category\">\u0218TIRI<\/a><span class=\"td-post-author-name\"><a href=\"https:\/\/r3media.ro\/author\/radu_ursan\/\">Radu Ursan<\/a><span>&#8211;<\/span><\/span><span class=\"td-post-date\"><time class=\"entry-date updated td-module-date\" datetime=\"2026-07-12T20:43:04+03:00\">12\/07\/2026<\/time><\/span><\/div>\n<\/div>\n<\/div>\n<\/div>\n<\/div>\n<div class=\"td-block-row\">\n<div class=\"td-block-span6\">\n<div class=\"td_module_8 td_module_wrap\">\n<div class=\"item-details\">\n<h3 class=\"entry-title td-module-title\"><a href=\"https:\/\/r3media.ro\/ce-ne-facem-cu-atatia-prosti\/\" rel=\"bookmark\" title=\"Ce ne facem cu at\u00e2\u021bia pro\u0219ti?\">Ce ne facem cu at\u00e2\u021bia pro\u0219ti?<\/a><\/h3>\n<div class=\"td-module-meta-info\"><a href=\"https:\/\/r3media.ro\/category\/opinii\/\" class=\"td-post-category\">OPINII<\/a><span class=\"td-post-author-name\"><a href=\"https:\/\/r3media.ro\/author\/alexandru_racu\/\">Alexandru Racu<\/a><span>&#8211;<\/span><\/span><span class=\"td-post-date\"><time class=\"entry-date updated td-module-date\" datetime=\"2026-07-12T14:11:45+03:00\">12\/07\/2026<\/time><\/span><\/div>\n<\/div>\n<\/div>\n<\/div>\n<div class=\"td-block-span6\">\n<div class=\"td_module_8 td_module_wrap\">\n<div class=\"item-details\">\n<h3 class=\"entry-title td-module-title\"><a href=\"https:\/\/r3media.ro\/guvernul-sanchez-demoleaza-monumentul-de-la-majadahonda-ion-mota-vasile-marin-lupta-rzaboiul-civil-spaniol-comunisti\/\" rel=\"bookmark\" title=\"Guvernul Sanchez demoleaz\u0103 Monumentul de la Majadahonda, dedicat lui Ion Mo\u021ba \u0219i Vasile Marin, rom\u00e2nii care au luptat \u00eempotriva comuni\u0219tilor \u00een R\u0103zboiul Civil Spaniol\">Guvernul Sanchez demoleaz\u0103 Monumentul de la Majadahonda, dedicat lui Ion Mo\u021ba \u0219i Vasile Marin,&#8230;<\/a><\/h3>\n<div class=\"td-module-meta-info\"><a href=\"https:\/\/r3media.ro\/category\/actualitate\/\" class=\"td-post-category\">ACTUALITATE<\/a><span class=\"td-post-author-name\"><a href=\"https:\/\/r3media.ro\/author\/oana\/\">Oana Ivan<\/a><span>&#8211;<\/span><\/span><span class=\"td-post-date\"><time class=\"entry-date updated td-module-date\" datetime=\"2026-07-12T01:11:49+03:00\">12\/07\/2026<\/time><\/span><\/div>\n<\/div>\n<\/div>\n<\/div>\n<\/div>\n<div class=\"td-block-row\">\n<div class=\"td-block-span6\">\n<div class=\"td_module_8 td_module_wrap\">\n<div class=\"item-details\">\n<h3 class=\"entry-title td-module-title\"><a href=\"https:\/\/r3media.ro\/sofer-surpriza-neplacuta-benzinarie-austria-oprit-apa-portbagaj\/\" rel=\"bookmark\" title=\"Un \u0219ofer a avut parte de o surpriz\u0103 nepl\u0103cut\u0103 la benzin\u0103rie dup\u0103 ce a oprit un minut \u0219i 28 de secunde pentru a scoate o sticl\u0103 de ap\u0103 din portbagaj\">Un \u0219ofer a avut parte de o surpriz\u0103 nepl\u0103cut\u0103 la benzin\u0103rie dup\u0103 ce a&#8230;<\/a><\/h3>\n<div class=\"td-module-meta-info\"><a href=\"https:\/\/r3media.ro\/category\/actualitate\/\" class=\"td-post-category\">ACTUALITATE<\/a><span class=\"td-post-author-name\"><a href=\"https:\/\/r3media.ro\/author\/oana\/\">Oana Ivan<\/a><span>&#8211;<\/span><\/span><span class=\"td-post-date\"><time class=\"entry-date updated td-module-date\" datetime=\"2026-07-11T13:00:01+03:00\">11\/07\/2026<\/time><\/span><\/div>\n<\/div>\n<\/div>\n<\/div>\n<div class=\"td-block-span6\">\n<div class=\"td_module_8 td_module_wrap\">\n<div class=\"item-details\">\n<h3 class=\"entry-title td-module-title\"><a href=\"https:\/\/r3media.ro\/o-femeie-mentalitate-femei-moderne-printese-disney\/\" rel=\"bookmark\" title=\"VIDEO | O femeie critic\u0103 mentalitatea femeii moderne care distruge rela\u021bia cu b\u0103rbatul s\u0103u: Suntem crescute \u00een ideea de prin\u021bese, dar nu suntem la Disney\">VIDEO | O femeie critic\u0103 mentalitatea femeii moderne care distruge rela\u021bia cu b\u0103rbatul s\u0103u:&#8230;<\/a><\/h3>\n<div class=\"td-module-meta-info\"><a href=\"https:\/\/r3media.ro\/category\/actualitate\/\" class=\"td-post-category\">ACTUALITATE<\/a><span class=\"td-post-author-name\"><a href=\"https:\/\/r3media.ro\/author\/teodor_stan\/\">Teodor Stan<\/a><span>&#8211;<\/span><\/span><span class=\"td-post-date\"><time class=\"entry-date updated td-module-date\" datetime=\"2026-07-10T12:47:58+03:00\">10\/07\/2026<\/time><\/span><\/div>\n<\/div>\n<\/div>\n<\/div>\n<\/div>\n<div class=\"td-block-row\">\n<div class=\"td-block-span6\">\n<div class=\"td_module_8 td_module_wrap\">\n<div class=\"item-details\">\n<h3 class=\"entry-title td-module-title\"><a href=\"https:\/\/r3media.ro\/cutremur-5-5-grade-scara-richter-resimtit-cehia-slovacia\/\" rel=\"bookmark\" title=\"Cutremur de 5.5 grade pe scara Richter. S-a resim\u021bit \u00een Cehia \u0219i Slovacia\">Cutremur de 5.5 grade pe scara Richter. S-a resim\u021bit \u00een Cehia \u0219i Slovacia<\/a><\/h3>\n<div class=\"td-module-meta-info\"><a href=\"https:\/\/r3media.ro\/category\/actualitate\/\" class=\"td-post-category\">ACTUALITATE<\/a><span class=\"td-post-author-name\"><a href=\"https:\/\/r3media.ro\/author\/oana\/\">Oana Ivan<\/a><span>&#8211;<\/span><\/span><span class=\"td-post-date\"><time class=\"entry-date updated td-module-date\" datetime=\"2026-07-09T20:48:24+03:00\">09\/07\/2026<\/time><\/span><\/div>\n<\/div>\n<\/div>\n<\/div>\n<div class=\"td-block-span6\">\n<div class=\"td_module_8 td_module_wrap\">\n<div class=\"item-details\">\n<h3 class=\"entry-title td-module-title\"><a href=\"https:\/\/r3media.ro\/presedintele-croatiei-interesele-poporului-ursula-von-der-leyen\/\" rel=\"bookmark\" title=\"Pre\u0219edintele Croa\u021biei spune c\u0103 este obligat s\u0103 apere interesele poporului s\u0103u, \u201enu s\u0103 urmez orbe\u0219te trenduri sau s\u0103 repet ca un papagal frazele care \u00eei plac Ursulei von der Leyen\u201d\">Pre\u0219edintele Croa\u021biei spune c\u0103 este obligat s\u0103 apere interesele poporului s\u0103u, \u201enu s\u0103 urmez&#8230;<\/a><\/h3>\n<div class=\"td-module-meta-info\"><a href=\"https:\/\/r3media.ro\/category\/actualitate\/\" class=\"td-post-category\">ACTUALITATE<\/a><span class=\"td-post-author-name\"><a href=\"https:\/\/r3media.ro\/author\/radu_ursan\/\">Radu Ursan<\/a><span>&#8211;<\/span><\/span><span class=\"td-post-date\"><time class=\"entry-date updated td-module-date\" datetime=\"2026-07-08T22:42:08+03:00\">08\/07\/2026<\/time><\/span><\/div>\n<\/div>\n<\/div>\n<\/div>\n<\/div>\n<div class=\"td-block-row\">\n<div class=\"td-block-span6\">\n<div class=\"td_module_8 td_module_wrap\">\n<div class=\"item-details\">\n<h3 class=\"entry-title td-module-title\"><a href=\"https:\/\/r3media.ro\/femeie-cumparat-automobil-electric-mana-a-doua-surpriza-plecat-masina\/\" rel=\"bookmark\" title=\"O femeie care \u0219i-a achizi\u021bionat un automobil electric la m\u00e2na a doua a avut parte de o surpriz\u0103 imediat dup\u0103 ce a plecat cu ma\u0219ina\">O femeie care \u0219i-a achizi\u021bionat un automobil electric la m\u00e2na a doua a avut&#8230;<\/a><\/h3>\n<div class=\"td-module-meta-info\"><a href=\"https:\/\/r3media.ro\/category\/actualitate\/\" class=\"td-post-category\">ACTUALITATE<\/a><span class=\"td-post-author-name\"><a href=\"https:\/\/r3media.ro\/author\/oana\/\">Oana Ivan<\/a><span>&#8211;<\/span><\/span><span class=\"td-post-date\"><time class=\"entry-date updated td-module-date\" datetime=\"2026-07-08T19:56:23+03:00\">08\/07\/2026<\/time><\/span><\/div>\n<\/div>\n<\/div>\n<\/div>\n<div class=\"td-block-span6\">\n<div class=\"td_module_8 td_module_wrap\">\n<div class=\"item-details\">\n<h3 class=\"entry-title td-module-title\"><a href=\"https:\/\/r3media.ro\/lectii-de-inapoiere\/\" rel=\"bookmark\" title=\"Lec\u021bii de \u00eenapoiere\">Lec\u021bii de \u00eenapoiere<\/a><\/h3>\n<div class=\"td-module-meta-info\"><a href=\"https:\/\/r3media.ro\/category\/opinii\/\" class=\"td-post-category\">OPINII<\/a><span class=\"td-post-author-name\"><a href=\"https:\/\/r3media.ro\/author\/tru\/\">TRU (Traian Ungureanu)<\/a><span>&#8211;<\/span><\/span><span class=\"td-post-date\"><time class=\"entry-date updated td-module-date\" datetime=\"2026-07-07T14:50:09+03:00\">07\/07\/2026<\/time><\/span><\/div>\n<\/div>\n<\/div>\n<\/div>\n<\/div>\n<div class=\"td-block-row\">\n<div class=\"td-block-span6\">\n<div class=\"td_module_8 td_module_wrap\">\n<div class=\"item-details\">\n<h3 class=\"entry-title td-module-title\"><a href=\"https:\/\/r3media.ro\/dreptate-pentru-memoria-lui-mircea-vulcanescu\/\" rel=\"bookmark\" title=\"Dreptate pentru memoria lui Mircea Vulc\u0103nescu\">Dreptate pentru memoria lui Mircea Vulc\u0103nescu<\/a><\/h3>\n<div class=\"td-module-meta-info\"><a href=\"https:\/\/r3media.ro\/category\/opinii\/\" class=\"td-post-category\">OPINII<\/a><span class=\"td-post-author-name\"><a href=\"https:\/\/r3media.ro\/author\/bogdan-munteanu\/\">Bogdan Munteanu<\/a><span>&#8211;<\/span><\/span><span class=\"td-post-date\"><time class=\"entry-date updated td-module-date\" datetime=\"2026-07-03T15:27:06+03:00\">03\/07\/2026<\/time><\/span><\/div>\n<\/div>\n<\/div>\n<\/div>\n<div class=\"td-block-span6\">\n<div class=\"td_module_8 td_module_wrap\">\n<div class=\"item-details\">\n<h3 class=\"entry-title td-module-title\"><a href=\"https:\/\/r3media.ro\/un-baietel-de-10-ani-are-nevoie-urgent-de-930-000-de-euro-pentru-a-trai-apelul-parintelui-alexandru-lungu\/\" rel=\"bookmark\" title=\"Un b\u0103ie\u021bel de 10 ani are nevoie URGENT de 930.000 de euro pentru a tr\u0103i. Apelul p\u0103rintelui Alexandru Lungu\">Un b\u0103ie\u021bel de 10 ani are nevoie URGENT de 930.000 de euro pentru a&#8230;<\/a><\/h3>\n<div class=\"td-module-meta-info\"><a href=\"https:\/\/r3media.ro\/category\/actualitate\/\" class=\"td-post-category\">ACTUALITATE<\/a><span class=\"td-post-author-name\"><a href=\"https:\/\/r3media.ro\/author\/redactia\/\">Redac\u021bia<\/a><span>&#8211;<\/span><\/span><span class=\"td-post-date\"><time class=\"entry-date updated td-module-date\" datetime=\"2026-07-01T14:14:11+03:00\">01\/07\/2026<\/time><\/span><\/div>\n<\/div>\n<\/div>\n<\/div>\n<\/div>\n<\/div>\n<div class=\"td-load-more-wrap td-load-more-infinite-wrap\" id=\"infinite-lm-tdi_20\"><a href=\"https:\/\/r3media.ro\/dormitorul-care-te-tine-ani-buni-cum-alegi-mobilier-sanatos-solid-si-potrivit-pentru-spatii-mici\/\" class=\"td_ajax_load_more td_ajax_load_more_js\" aria-label=\"\u00cenc\u0103rca\u021bi mai multe\" id=\"next-page-tdi_20\" data-td_block_id=\"tdi_20\">\u00cenc\u0103rca\u021bi mai multe<\/a><\/div>\n<\/div>\n<div class=\"td_block_wrap tdb_single_comments tdi_21 tdb-comm-layout2 td-pb-border-top td_block_template_1\" data-td-block-uid=\"tdi_21\">\n<div class=\"tdb-block-inner td-fix-index\">\n<div class=\"comments\" id=\"comments\">\n<div id=\"respond\" class=\"comment-respond\">\n<h3 id=\"reply-title\" class=\"comment-reply-title\">AI CEVA DE SPUS? <small><a rel=\"nofollow\" id=\"cancel-comment-reply-link\" href=\"https:\/\/r3media.ro\/dormitorul-care-te-tine-ani-buni-cum-alegi-mobilier-sanatos-solid-si-potrivit-pentru-spatii-mici\/#respond\">Renun\u021ba\u021bi la r\u0103spuns<\/a><\/small><\/h3>\n<div class=\"comment-form-input-wrap td-form-comment\">\n<div class=\"td-warning-comment\">V\u0103 rug\u0103m s\u0103 introduce\u021bi comentariul dvs.!<\/div>\n<\/div>\n<div class=\"comment-form-input-wrap td-form-author\">\n<div class=\"td-warning-author\">Introduce\u021bi aici numele dvs.<\/div>\n<\/div>\n<div class=\"comment-form-input-wrap td-form-email\">\n<div class=\"td-warning-email-error\">A\u021bi introdus o adres\u0103 de e-mail incorect\u0103!<\/div>\n<div class=\"td-warning-email\">V\u0103 rug\u0103m s\u0103 introduce\u021bi adresa dvs. de e-mail aici<\/div>\n<\/div>\n<\/div>\n<\/div>\n<\/div>\n<\/div>\n<\/div>\n<\/div>\n<div class=\"vc_column tdi_23  wpb_column vc_column_container tdc-column td-pb-span4 td-is-sticky\">\n<div class=\"wpb_wrapper\" data-sticky-enabled-on=\"W3RydWUsdHJ1ZSx0cnVlLHRydWVd\" data-sticky-offset=\"20\" data-sticky-is-width-auto=\"W2ZhbHNlLGZhbHNlLGZhbHNlLGZhbHNlXQ==\">\n<div class=\"wpb_wrapper td_block_wrap vc_widget_sidebar tdi_25 \">\n<div class=\"td_block_wrap td_block_7 td_block_widget tdi_26 td-pb-border-top td_block_template_1 td-column-1 td_block_padding\" data-td-block-uid=\"tdi_26\">\n<div class=\"td-block-title-wrap\">\n<h4 class=\"block-title td-block-title\"><span class=\"td-pulldown-size\">Articole RELA\u021aIONATE<\/span><\/h4>\n<\/div>\n<div id=\"tdi_26\" class=\"td_block_inner\">\n<div class=\"td-block-span12\">\n<div class=\"td_module_6 td_module_wrap td-animation-stack\">\n<div class=\"td-module-thumb\"><a href=\"https:\/\/r3media.ro\/deznationala-frantei-a-invins-franta\/\" rel=\"bookmark\" class=\"td-image-wrap \" title=\"Dezna\u021bionala Fran\u021bei a \u00eenvins Fran\u021ba \u00a0\u00a0\"><img loading=\"lazy\" decoding=\"async\" class=\"entry-thumb\" src=\"https:\/\/r3media.ro\/wp-content\/uploads\/2026\/07\/echipa-nationala-a-frantei-100x70.jpg\" alt title=\"Dezna\u021bionala Fran\u021bei a \u00eenvins Fran\u021ba \u00a0\u00a0\" width=\"100\" height=\"70\"><\/a><\/div>\n<div class=\"item-details\">\n<h3 class=\"entry-title td-module-title\"><a href=\"https:\/\/r3media.ro\/deznationala-frantei-a-invins-franta\/\" rel=\"bookmark\" title=\"Dezna\u021bionala Fran\u021bei a \u00eenvins Fran\u021ba \u00a0\u00a0\">Dezna\u021bionala Fran\u021bei a \u00eenvins Fran\u021ba \u00a0\u00a0<\/a><\/h3>\n<div class=\"td-module-meta-info\"><span class=\"td-post-date\"><time class=\"entry-date updated td-module-date\" datetime=\"2026-07-15T20:57:25+03:00\">15\/07\/2026<\/time><\/span><\/div>\n<\/div>\n<\/div>\n<\/div>\n<div class=\"td-block-span12\">\n<div class=\"td_module_6 td_module_wrap td-animation-stack\">\n<div class=\"td-module-thumb\"><a href=\"https:\/\/r3media.ro\/de-la-invrajbire-la-contestare-si-nihilism\/\" rel=\"bookmark\" class=\"td-image-wrap \" title=\"De la \u00eenvr\u0103jbire la contestare \u0219i nihilism\"><img loading=\"lazy\" decoding=\"async\" class=\"entry-thumb\" src=\"https:\/\/r3media.ro\/wp-content\/uploads\/2026\/07\/nihilism-100x70.png\" alt title=\"De la \u00eenvr\u0103jbire la contestare \u0219i nihilism\" width=\"100\" height=\"70\"><\/a><\/div>\n<div class=\"item-details\">\n<h3 class=\"entry-title td-module-title\"><a href=\"https:\/\/r3media.ro\/de-la-invrajbire-la-contestare-si-nihilism\/\" rel=\"bookmark\" title=\"De la \u00eenvr\u0103jbire la contestare \u0219i nihilism\">De la \u00eenvr\u0103jbire la contestare \u0219i nihilism<\/a><\/h3>\n<div class=\"td-module-meta-info\"><span class=\"td-post-date\"><time class=\"entry-date updated td-module-date\" datetime=\"2026-07-15T20:10:19+03:00\">15\/07\/2026<\/time><\/span><\/div>\n<\/div>\n<\/div>\n<\/div>\n<div class=\"td-block-span12\">\n<div class=\"td_module_6 td_module_wrap td-animation-stack\">\n<div class=\"td-module-thumb\"><a href=\"https:\/\/r3media.ro\/lider-senatori-psd-daniel-zamfir-teama-alegeri-anticipate-nicusor-dan-nominalizare-premier\/\" rel=\"bookmark\" class=\"td-image-wrap \" title=\"Liderul senatorilor PSD, Daniel Zamfir, se teme de alegeri anticipate: Nu cred c\u0103 Nicu\u0219or Dan nu va nominaliza prim-ministrul de la AUR\"><img loading=\"lazy\" decoding=\"async\" class=\"entry-thumb\" src=\"https:\/\/r3media.ro\/wp-content\/uploads\/2025\/05\/simion-nicusor-100x70.webp\" alt title=\"Liderul senatorilor PSD, Daniel Zamfir, se teme de alegeri anticipate: Nu cred c\u0103 Nicu\u0219or Dan nu va nominaliza prim-ministrul de la AUR\" width=\"100\" height=\"70\"><\/a><\/div>\n<div class=\"item-details\">\n<h3 class=\"entry-title td-module-title\"><a href=\"https:\/\/r3media.ro\/lider-senatori-psd-daniel-zamfir-teama-alegeri-anticipate-nicusor-dan-nominalizare-premier\/\" rel=\"bookmark\" title=\"Liderul senatorilor PSD, Daniel Zamfir, se teme de alegeri anticipate: Nu cred c\u0103 Nicu\u0219or Dan nu va nominaliza prim-ministrul de la AUR\">Liderul senatorilor PSD, Daniel Zamfir, se teme de alegeri anticipate: Nu&#8230;<\/a><\/h3>\n<div class=\"td-module-meta-info\"><span class=\"td-post-date\"><time class=\"entry-date updated td-module-date\" datetime=\"2026-07-15T16:41:52+03:00\">15\/07\/2026<\/time><\/span><\/div>\n<\/div>\n<\/div>\n<\/div>\n<div class=\"td-block-span12\">\n<div class=\"td_module_6 td_module_wrap td-animation-stack\">\n<div class=\"td-module-thumb\"><a href=\"https:\/\/r3media.ro\/revolte-violente-franta-eliminare-cupa-mondiala-spania-video\/\" rel=\"bookmark\" class=\"td-image-wrap \" title=\"VIDEO | Revolte violente \u00een Fran\u021ba dup\u0103 eliminarea de la Cupa Mondial\u0103\"><img loading=\"lazy\" decoding=\"async\" class=\"entry-thumb\" src=\"https:\/\/r3media.ro\/wp-content\/uploads\/2023\/07\/franta-schimbare-e1689443658181-100x70.jpg\" alt title=\"VIDEO | Revolte violente \u00een Fran\u021ba dup\u0103 eliminarea de la Cupa Mondial\u0103\" width=\"100\" height=\"70\"><\/a><\/div>\n<div class=\"item-details\">\n<h3 class=\"entry-title td-module-title\"><a href=\"https:\/\/r3media.ro\/revolte-violente-franta-eliminare-cupa-mondiala-spania-video\/\" rel=\"bookmark\" title=\"VIDEO | Revolte violente \u00een Fran\u021ba dup\u0103 eliminarea de la Cupa Mondial\u0103\">VIDEO | Revolte violente \u00een Fran\u021ba dup\u0103 eliminarea de la Cupa&#8230;<\/a><\/h3>\n<div class=\"td-module-meta-info\"><span class=\"td-post-date\"><time class=\"entry-date updated td-module-date\" datetime=\"2026-07-15T15:35:05+03:00\">15\/07\/2026<\/time><\/span><\/div>\n<\/div>\n<\/div>\n<\/div>\n<div class=\"td-block-span12\">\n<div class=\"td_module_6 td_module_wrap td-animation-stack\">\n<div class=\"td-module-thumb\"><a href=\"https:\/\/r3media.ro\/sondaj-ires-aur-psd-pnl-usr\/\" rel=\"bookmark\" class=\"td-image-wrap \" title=\"Sondaj IRES: AUR ar ob\u0163ine 40%, urmat de PSD 21%, PNL 17% \u015fi USR 10%\"><img loading=\"lazy\" decoding=\"async\" class=\"entry-thumb\" src=\"https:\/\/r3media.ro\/wp-content\/uploads\/2020\/09\/sectie-votare-100x70.jpg\" alt title=\"Sondaj IRES: AUR ar ob\u0163ine 40%, urmat de PSD 21%, PNL 17% \u015fi USR 10%\" width=\"100\" height=\"70\"><\/a><\/div>\n<div class=\"item-details\">\n<h3 class=\"entry-title td-module-title\"><a href=\"https:\/\/r3media.ro\/sondaj-ires-aur-psd-pnl-usr\/\" rel=\"bookmark\" title=\"Sondaj IRES: AUR ar ob\u0163ine 40%, urmat de PSD 21%, PNL 17% \u015fi USR 10%\">Sondaj IRES: AUR ar ob\u0163ine 40%, urmat de PSD 21%, PNL&#8230;<\/a><\/h3>\n<div class=\"td-module-meta-info\"><span class=\"td-post-date\"><time class=\"entry-date updated td-module-date\" datetime=\"2026-07-15T13:11:09+03:00\">15\/07\/2026<\/time><\/span><\/div>\n<\/div>\n<\/div>\n<\/div>\n<div class=\"td-block-span12\">\n<div class=\"td_module_6 td_module_wrap td-animation-stack\">\n<div class=\"td-module-thumb\"><a href=\"https:\/\/r3media.ro\/apuseni-fest-2026-muntele-gaina-targul-de-fete\/\" rel=\"bookmark\" class=\"td-image-wrap \" title=\"Apuseni Fest \u2013 2026: prima edi\u021bie de muzic\u0103 electronica, la \u00een\u0103l\u021bime, pe Muntele G\u0103ina, \u00een weekendul T\u00e2rgului de Fete\"><img loading=\"lazy\" decoding=\"async\" class=\"entry-thumb\" src=\"https:\/\/r3media.ro\/wp-content\/uploads\/2026\/07\/vizual_Apuseni_fest_20261-100x70.jpeg\" alt title=\"Apuseni Fest \u2013 2026: prima edi\u021bie de muzic\u0103 electronica, la \u00een\u0103l\u021bime, pe Muntele G\u0103ina, \u00een weekendul T\u00e2rgului de Fete\" width=\"100\" height=\"70\"><\/a><\/div>\n<div class=\"item-details\">\n<h3 class=\"entry-title td-module-title\"><a href=\"https:\/\/r3media.ro\/apuseni-fest-2026-muntele-gaina-targul-de-fete\/\" rel=\"bookmark\" title=\"Apuseni Fest \u2013 2026: prima edi\u021bie de muzic\u0103 electronica, la \u00een\u0103l\u021bime, pe Muntele G\u0103ina, \u00een weekendul T\u00e2rgului de Fete\">Apuseni Fest \u2013 2026: prima edi\u021bie de muzic\u0103 electronica, la \u00een\u0103l\u021bime,&#8230;<\/a><\/h3>\n<div class=\"td-module-meta-info\"><span class=\"td-post-date\"><time class=\"entry-date updated td-module-date\" datetime=\"2026-07-15T13:00:54+03:00\">15\/07\/2026<\/time><\/span><\/div>\n<\/div>\n<\/div>\n<\/div>\n<div class=\"td-block-span12\">\n<div class=\"td_module_6 td_module_wrap td-animation-stack\">\n<div class=\"td-module-thumb\"><a href=\"https:\/\/r3media.ro\/cine-este-cu-adevarat-francez\/\" rel=\"bookmark\" class=\"td-image-wrap \" title=\"Cine este cu adev\u0103rat francez?\"><img loading=\"lazy\" decoding=\"async\" class=\"entry-thumb\" src=\"https:\/\/r3media.ro\/wp-content\/uploads\/2026\/07\/jucatori-nationala-frantei-e1784098584613-100x70.jpg\" alt title=\"Cine este cu adev\u0103rat francez?\" width=\"100\" height=\"70\"><\/a><\/div>\n<div class=\"item-details\">\n<h3 class=\"entry-title td-module-title\"><a href=\"https:\/\/r3media.ro\/cine-este-cu-adevarat-francez\/\" rel=\"bookmark\" title=\"Cine este cu adev\u0103rat francez?\">Cine este cu adev\u0103rat francez?<\/a><\/h3>\n<div class=\"td-module-meta-info\"><span class=\"td-post-date\"><time class=\"entry-date updated td-module-date\" datetime=\"2026-07-15T09:52:34+03:00\">15\/07\/2026<\/time><\/span><\/div>\n<\/div>\n<\/div>\n<\/div>\n<\/div>\n<\/div>\n<aside class=\"td_block_template_1 widget widget_recent_comments\">\n<h4 class=\"block-title\"><span>INTR\u0102 \u00ceN DISCU\u021aIE!<\/span><\/h4>\n<ul id=\"recentcomments\">\n<li class=\"recentcomments\"><span class=\"comment-author-link\">Mihaela<\/span> la <a href=\"https:\/\/r3media.ro\/ilie-bolojan-alegeri-anticipate\/#comment-40272\">Ilie Bolojan ia \u00een calcul organizarea alegerilor anticipate: Mai devreme sau mai t\u00e2rziu, s\u0103 ne \u00eentoarcem la judecata cet\u0103\u0163enilor<\/a><\/li>\n<li class=\"recentcomments\"><span class=\"comment-author-link\">Kh-47M2 Kinzhal<\/span> la <a href=\"https:\/\/r3media.ro\/premiera-mondiala-robot-transportat-barca-lupta-razboi-ucraina-video\/#comment-40271\">VIDEO | Premier\u0103 mondial\u0103! Un robot cu inteligen\u021b\u0103 artificial\u0103 transportat de o barc\u0103 lupt\u0103 \u00een r\u0103zboiul din Ucraina<\/a><\/li>\n<li class=\"recentcomments\"><span class=\"comment-author-link\">Constantin<\/span> la <a href=\"https:\/\/r3media.ro\/ambasadorul-germaniei-la-chisinau-revine-nu-a-fost-intentia-mea-sa-pun-sub-semnul-intrebarii-unitatea-chestiunii-romanesti-sau-a-credintei-crestin-ortodoxe\/#comment-40270\">Ambasadorul Germaniei la Chi\u0219in\u0103u revine: Nu a fost inten\u0163ia mea s\u0103 pun sub semnul \u00eentreb\u0103rii unitatea chestiunii rom\u00e2ne\u015fti sau a credin\u0163ei cre\u015ftin ortodoxe<\/a><\/li>\n<li class=\"recentcomments\"><span class=\"comment-author-link\">Narcis<\/span> la <a href=\"https:\/\/r3media.ro\/actorul-ioan-isaiu-a-facut-infarct-si-a-murit-in-fata-colegilor-sai-bou-vaccinat-anti-covid-19\/#comment-40269\">Actorul Ioan Isaiu a f\u0103cut infarct \u0219i a murit \u00een fa\u021ba colegilor s\u0103i: Am fost bou c\u0103 m-am vaccinat \u0219i v-am blocat pe cei care \u00eemi era\u021bi prieteni<\/a><\/li>\n<li class=\"recentcomments\"><span class=\"comment-author-link\">Haleu<\/span> la <a href=\"https:\/\/r3media.ro\/romania-si-slovenia-singurele-state-din-est-care-s-au-alaturat-sua-in-condamnarea-chinei-intr-o-speta-de-acum-10-ani\/#comment-40268\">Rom\u00e2nia \u0219i Slovenia, singurele state din Est care s-au al\u0103turat SUA \u00een condamnarea Chinei \u00eentr-o spe\u021b\u0103 de acum 10 ani<\/a><\/li>\n<li class=\"recentcomments\"><span class=\"comment-author-link\">Eu<\/span> la <a href=\"https:\/\/r3media.ro\/guvernul-sanchez-demoleaza-monumentul-de-la-majadahonda-ion-mota-vasile-marin-lupta-rzaboiul-civil-spaniol-comunisti\/#comment-40267\">Guvernul Sanchez demoleaz\u0103 Monumentul de la Majadahonda, dedicat lui Ion Mo\u021ba \u0219i Vasile Marin, rom\u00e2nii care au luptat \u00eempotriva comuni\u0219tilor \u00een R\u0103zboiul Civil Spaniol<\/a><\/li>\n<li class=\"recentcomments\"><span class=\"comment-author-link\">Constantin<\/span> la <a href=\"https:\/\/r3media.ro\/guvernul-sanchez-demoleaza-monumentul-de-la-majadahonda-ion-mota-vasile-marin-lupta-rzaboiul-civil-spaniol-comunisti\/#comment-40266\">Guvernul Sanchez demoleaz\u0103 Monumentul de la Majadahonda, dedicat lui Ion Mo\u021ba \u0219i Vasile Marin, rom\u00e2nii care au luptat \u00eempotriva comuni\u0219tilor \u00een R\u0103zboiul Civil Spaniol<\/a><\/li>\n<\/ul>\n<\/aside>\n<aside class=\"td_block_template_1 widget widget_search\">\n<h4 class=\"block-title\"><span>CAUT\u0102 \u0218I VEI G\u0102SI<\/span><\/h4>\n<\/aside>\n<\/div>\n<\/div>\n<\/div>\n<\/div>\n<\/div>\n<\/div>\n<\/div>\n<p><span class=\"td-page-meta\"><\/span><span class=\"td-page-meta\"><span class=\"td-page-meta\"><\/span><\/span><span class=\"td-page-meta\"><\/span><\/article>\n<\/p>\n<div class=\"td_block_wrap tdb_single_content tdi_18 td-pb-border-top td_block_template_1 td-post-content tagdiv-type\" data-td-block-uid=\"tdi_18\">\n<div class=\"tdb-block-inner td-fix-index\">\n<p><strong>Rom\u00e2nii \u0219tiu s\u0103-\u0219i apere casa. O vedem \u0219i \u00een dezbaterile care apar des \u00een presa de opinie, inclusiv pe r3media.ro, c\u00e2nd se vorbe\u0219te despre familie, ordine \u0219i r\u0103d\u0103cini. Dar ap\u0103rarea \u00eencepe \u0219i din lucruri simple, care nu \u021bin de politic\u0103. \u021aine de ce aduci \u00een dormitor.<\/strong><\/p>\n<p>Mul\u021bi cump\u0103r\u0103 repede, pe grab\u0103, \u0219i pl\u0103tesc de dou\u0103 ori. \u00cei prinde mirosul de \u201enou\u201d care nu mai pleac\u0103, u\u0219ile care se las\u0103 \u0219i sertarele care sc\u00e2r\u021b\u00e2ie. \u00centr-un apartament mic, gre\u0219eala se simte zilnic.<\/p>\n<p>Mai jos ai un ghid clar, f\u0103r\u0103 vorbe \u00een plus. Te ajut\u0103 s\u0103 alegi mobilier care nu te obose\u0219te \u0219i care r\u0103m\u00e2ne stabil.<\/p>\n<h2>De ce dormitorul cere mai mult\u0103 rigoare<\/h2>\n<p>\u00cen dormitor stai multe ore, \u00een fiecare noapte. Recomand\u0103rile uzuale pentru somn la adul\u021bi r\u0103m\u00e2n 7-9 ore pe noapte. Asta \u00eenseamn\u0103 contact lung cu aerul din camer\u0103 \u0219i cu finisajele.<\/p>\n<p>De aceea conteaz\u0103 materialele, nu doar cum arat\u0103 fronturile. Conteaz\u0103 \u0219i c\u00e2t de u\u0219or faci curat sub pat, mai ales dac\u0103 ai alergii. Conteaz\u0103 \u0219i cum se \u00eenchide u\u0219a dulapului, c\u00e2nd cineva se treze\u0219te mai devreme.<\/p>\n<h2>Calitate care se vede \u0219i calitate care nu se vede<\/h2>\n<h3>Miros, emisii \u0219i ce ceri \u00een magazin<\/h3>\n<p>Dac\u0103 te love\u0219te un miros \u00een\u021bep\u0103tor, nu-l ignora. Cere clar \u00een ce clas\u0103 de emisii intr\u0103 pl\u0103cile, iar standardul E1 limiteaz\u0103 formaldehida la 0,1 ppm. Un dormitor nu are nevoie de parfum industrial.<\/p>\n<p>Fii atent la canturi \u0219i la zonele t\u0103iate. Acolo intr\u0103 umezeala \u0219i de acolo pleac\u0103 mirosurile. C\u00e2nd cantul st\u0103 str\u00e2mb sau are goluri, vei avea \u0219i umflare, \u0219i praf lipit.<\/p>\n<h3>\u00cembin\u0103ri, feronerie \u0219i stabilitate<\/h3>\n<p>Uit\u0103-te la spatele corpurilor \u0219i la prinderi. Un dulap bun nu \u201ejoac\u0103\u201d c\u00e2nd tragi de u\u0219\u0103. \u00centreab\u0103 ce balamale are \u0219i dac\u0103 po\u021bi regla u\u0219ile dup\u0103 montaj.<\/p>\n<p>Alege sertare care ruleaz\u0103 lin \u0219i au opritor. \u00centr-un spa\u021biu mic, un sertar care cade din \u0219in\u0103 devine nervi zilnici. Calitatea feroneriei se simte dup\u0103 o lun\u0103, nu \u00een prima zi.<\/p>\n<p>C\u00e2nd cau\u021bi <a href=\"https:\/\/www.mobilier.ro\/mobilier-dormitor\/\" target=\"_blank\" rel=\"noopener\">mobil\u0103 dormitor<\/a>, nu te opri la poze \u0219i \u201epachet complet\u201d. Cere grosimi, cant, feronerie \u0219i garan\u021bie scris\u0103.<\/p>\n<h3>Patul, salteaua \u0219i aerul de sub ele<\/h3>\n<p>Patul \u021bine tot. Dac\u0103 rama flexeaz\u0103, salteaua se uzeaz\u0103 mai repede. Mul\u021bi produc\u0103tori \u0219i speciali\u0219ti recomand\u0103 schimbarea saltelei la 7-10 ani, \u00een func\u021bie de uzur\u0103 \u0219i igien\u0103.<\/p>\n<p>Las\u0103 aerul s\u0103 circule sub pat. \u00cen dormitor, o umiditate de 40-60% ajut\u0103 lemnul \u0219i reduce mucegaiul. Dac\u0103 ai cutie \u00eenchis\u0103 p\u00e2n\u0103 la podea, verific\u0103 mai des col\u021burile \u0219i plintele.<\/p>\n<h2>Dimensiuni care fac loc, chiar \u0219i \u00eentr-o camer\u0103 mic\u0103<\/h2>\n<p>Nu te l\u0103sa furat de un pat prea mare, dac\u0103 blocheaz\u0103 tot. P\u0103streaz\u0103 m\u0103car 60 cm pe una din laturi, ca s\u0103 po\u021bi trece normal. Dac\u0103 ai loc, 70-80 cm se simt mult mai bine.<\/p>\n<p>La dulap, ad\u00e2ncimea util\u0103 de 60 cm te ajut\u0103 la umera\u0219e. U\u0219ile glisante merg bine \u00een camere \u00eenguste, dar cere \u0219ine solide. Dac\u0103 \u0219ina e slab\u0103, o vei auzi \u00een fiecare diminea\u021b\u0103.<\/p>\n<p>Comoda sau noptierele trebuie s\u0103 \u021bin\u0103 lucrurile la \u00eendem\u00e2n\u0103, nu s\u0103 \u00eengusteze traseul. Alege corpuri cu linii simple, care nu \u201emu\u0219c\u0103\u201d din camer\u0103. Un dormitor mic cere disciplin\u0103, nu \u00eengr\u0103m\u0103dire.<\/p>\n<h2>Lumin\u0103, ordine \u0219i un col\u021b de lini\u0219te<\/h2>\n<p>Lumina schimb\u0103 tot. Pentru sear\u0103, alege becuri calde, \u00een jur de 2700-3000K. Pentru citit, pune o veioz\u0103 care d\u0103 lumin\u0103 direct\u0103 \u0219i nu \u00ee\u021bi bate \u00een ochi.<\/p>\n<p>Uit\u0103-te \u0219i la redarea culorilor. Un CRI de peste 80 te ajut\u0103 s\u0103 vezi textilele corect. \u00cen dormitor, o lumin\u0103 dur\u0103 stric\u0103 atmosfera \u0219i te \u021bine \u00een tensiune.<\/p>\n<p>Mul\u021bi rom\u00e2ni p\u0103streaz\u0103 un col\u021b cu icoan\u0103 \u0219i candela. Pune-l curat, simplu, f\u0103r\u0103 cabluri la vedere. Dormitorul nu trebuie s\u0103 fie vitrin\u0103, ci loc de pace.<\/p>\n<h2>Cump\u0103tare: cum cheltui o dat\u0103, nu de dou\u0103 ori<\/h2>\n<p>\u00centr-o cas\u0103 a\u0219ezat\u0103, cum o vrea orice familie, investi\u021bia merge spre ce atingi zilnic. Prioritizeaz\u0103 patul, salteaua \u0219i dulapul. La decor po\u021bi regla din textile, f\u0103r\u0103 s\u0103 schimbi mobilierul.<\/p>\n<p>Caut\u0103 piese reparabile. Un dulap cu balamale standard se poate regla \u0219i dup\u0103 ani. O pies\u0103 ieftin\u0103, cu feronerie rar\u0103, ajunge repede la gunoi.<\/p>\n<p>Dac\u0103 po\u021bi, alege produc\u021bie de aici \u0219i lemn lucrat corect. Nu e slogan, e practic\u0103. C\u00e2nd pl\u0103te\u0219ti pentru lucru bun, pl\u0103te\u0219ti pentru timp c\u00e2\u0219tigat \u0219i pentru mai pu\u021bin stres \u00een cas\u0103.<\/p>\n<\/div>\n<\/div>\n<p>[analyse_source url=&#8221;https:\/\/r3media.ro\/dormitorul-care-te-tine-ani-buni-cum-alegi-mobilier-sanatos-solid-si-potrivit-pentru-spatii-mici\/&#8221;]<\/p>\n","protected":false},"excerpt":{"rendered":"<p>[analyse_image type=&#8221;featured&#8221; src=&#8221;https:\/\/r3media.ro\/wp-content\/uploads\/2026\/07\/dormitorul_care_te_ine_ani_buni_cum_alegi_mobilier_sntos_solid_i_potrivit_pentru_spaii_mici-scaled-e1784139909124.jpghttps:\/\/r3media.ro\/wp-content\/uploads\/2026\/07\/dormitorul_care_te_ine_ani_buni_cum_alegi_mobilier_sntos_solid_i_potrivit_pentru_spaii_mici-scaled-e1784139909124.jpg&#8221;] \u0218TIRIDormitorul care te \u021bine ani buni: cum alegi mobilier s\u0103n\u0103tos, solid \u0219i&#8230; \u0218TIRI Dormitorul care te \u021bine ani buni: cum alegi mobilier s\u0103n\u0103tos, solid \u0219i potrivit pentru spa\u021bii mici Promo 15\/07\/2026 Rom\u00e2nii \u0219tiu s\u0103-\u0219i apere casa. O vedem \u0219i \u00een dezbaterile care apar des \u00een presa de opinie, inclusiv pe r3media.ro, c\u00e2nd [&hellip;]<\/p>\n","protected":false},"author":1,"featured_media":0,"comment_status":"open","ping_status":"","sticky":false,"template":"","format":"standard","meta":{"footnotes":""},"categories":[89],"tags":[226,93],"class_list":["post-2045096","post","type-post","status-publish","format-standard","hentry","category-romania","tag-crawlmanager","tag-r3media-ro"],"_links":{"self":[{"href":"https:\/\/analyse.optim.biz\/index.php?rest_route=\/wp\/v2\/posts\/2045096","targetHints":{"allow":["GET"]}}],"collection":[{"href":"https:\/\/analyse.optim.biz\/index.php?rest_route=\/wp\/v2\/posts"}],"about":[{"href":"https:\/\/analyse.optim.biz\/index.php?rest_route=\/wp\/v2\/types\/post"}],"author":[{"embeddable":true,"href":"https:\/\/analyse.optim.biz\/index.php?rest_route=\/wp\/v2\/users\/1"}],"replies":[{"embeddable":true,"href":"https:\/\/analyse.optim.biz\/index.php?rest_route=%2Fwp%2Fv2%2Fcomments&post=2045096"}],"version-history":[{"count":0,"href":"https:\/\/analyse.optim.biz\/index.php?rest_route=\/wp\/v2\/posts\/2045096\/revisions"}],"wp:attachment":[{"href":"https:\/\/analyse.optim.biz\/index.php?rest_route=%2Fwp%2Fv2%2Fmedia&parent=2045096"}],"wp:term":[{"taxonomy":"category","embeddable":true,"href":"https:\/\/analyse.optim.biz\/index.php?rest_route=%2Fwp%2Fv2%2Fcategories&post=2045096"},{"taxonomy":"post_tag","embeddable":true,"href":"https:\/\/analyse.optim.biz\/index.php?rest_route=%2Fwp%2Fv2%2Ftags&post=2045096"}],"curies":[{"name":"wp","href":"https:\/\/api.w.org\/{rel}","templated":true}]}}